{"id":72636,"date":"2016-11-19T09:25:09","date_gmt":"2016-11-19T08:25:09","guid":{"rendered":"http:\/\/kapitalis.com\/tunisie\/?p=72636"},"modified":"2016-11-19T11:11:34","modified_gmt":"2016-11-19T10:11:34","slug":"amal-clooney-trump-pourrait-causer-du-tort-musulmans","status":"publish","type":"post","link":"https:\/\/kapitalis.com\/tunisie\/2016\/11\/19\/amal-clooney-trump-pourrait-causer-du-tort-musulmans\/","title":{"rendered":"Amal Clooney: \u00abTrump pourrait causer du tort aux musulmans\u00bb"},"content":{"rendered":"<p style=\"text-align: center;\"><img loading=\"lazy\" decoding=\"async\" class=\"alignnone size-full wp-image-72637\" src=\"http:\/\/kapitalis.com\/tunisie\/wp-content\/uploads\/2016\/11\/Amal-Clooney.jpg\" alt=\"amal-clooney\" width=\"626\" height=\"380\" \/><\/p>\n<p style=\"text-align: left;\"><em><strong>La c\u00e9l\u00e8bre avocate Amal Clooney a averti que Donald Trump pourrait causer du tort aux musulmans des Etats-Unis et \u00e0 travers le monde.<\/strong><\/em><\/p>\n<p style=\"text-align: left;\"><!--more--><\/p>\n<p style=\"text-align: left;\">Intervenant lors d\u2019une conf\u00e9rence sur la femme, qui s\u2019est tenue cette semaine au Texas, l\u2019avocate sp\u00e9cialis\u00e9e dans la d\u00e9fense des droits de l\u2019Homme a d\u00e9clar\u00e9 que les id\u00e9es du pr\u00e9sident-\u00e9lu risquent de porter un coup dur aux droits internationaux de l\u2019Homme.<\/p>\n<p style=\"text-align: left;\">\u00ab(Ses suggestions)<em> que les personnes souhaitant entrer aux Etats-Unis devraient \u00eatre soumises \u00e0 un test de profession de foi, que la torture d\u2019Etat serait justifi\u00e9e, ou que les familles des personnes soup\u00e7onn\u00e9es de terrorisme devraient \u00eatre ex\u00e9cut\u00e9es \u2013 toutes ces id\u00e9es constitueraient, de toute \u00e9vidence, des violations flagrantes des droits humains reconnus par la communaut\u00e9 internationale\u00bb<\/em>, a-t-elle pr\u00e9cis\u00e9, selon le magazine culturel am\u00e9ricain <em>&lsquo;<\/em>\u2018<em>The Hollywood Reporter\u2019\u2019<\/em>.<\/p>\n<p style=\"text-align: left;\">Amal Clooney a ajout\u00e9: <em>\u00abJe crois \u00e9galement qu\u2019\u00e0 travers le monde les gens s\u2019interrogent sur ce qui se passe aux Etats-Unis et se demandent si l\u2019Am\u00e9rique n\u2019est pas en train de perdre son autorit\u00e9 morale internationale.\u00bb<\/em><\/p>\n<p style=\"text-align: left;\">L\u2019avocate britannique d\u2019origine libanaise, \u00e9pouse de l\u2019acteur am\u00e9ricain George Clooney qui a \u00e9t\u00e9 fervent soutien de la candidate d\u00e9mocrate \u00e0 la pr\u00e9sidentielle Hillary Clinton, a fait l\u2019effort de ne pas d\u00e9sesp\u00e9rer\u2026<\/p>\n<p style=\"text-align: left;\"><em>\u00abSouhaitons que tout ira pour le mieux. Le pr\u00e9sident-\u00e9lu a d\u00e9clar\u00e9 qu\u2019il fera de la guerre contre l\u2019EI<\/em> (l\u2019organisation terroriste de l\u2019Etat islamique, Da\u00each, ndlr) <em>une priorit\u00e9 de son mandat\u2026 Il y aurait donc possibilit\u00e9 de progr\u00e8s. Evidemment, tout le monde ici se doit de respecter le verdict des urnes, mais esp\u00e9rons que tout se passera au mieux\u00bb<\/em>, conclut Amal Clooney, devant un parterre de plus de 7000 participants.<\/p>\n<p style=\"text-align: right;\"><strong>Marwan Chahla<\/strong><\/p>\n","protected":false},"excerpt":{"rendered":"<p>La c\u00e9l\u00e8bre avocate Amal Clooney a averti que Donald Trump pourrait causer du tort aux musulmans des Etats-Unis et \u00e0 travers le monde.<\/p>\n","protected":false},"author":8,"featured_media":72637,"comment_status":"open","ping_status":"open","sticky":false,"template":"","format":"standard","meta":{"footnotes":""},"categories":[997,2433],"tags":[9054,648],"class_list":["post-72636","post","type-post","status-publish","format-standard","has-post-thumbnail","hentry","category-politique","category-tunisie","tag-donald-trump","tag-musulmans"],"yoast_head":"<!-- This site is optimized with the Yoast SEO plugin v26.6 - https:\/\/yoast.com\/wordpress\/plugins\/seo\/ -->\n<title>Amal Clooney: \u00abTrump pourrait causer du tort aux musulmans\u00bb - Kapitalis<\/title>\n<meta name=\"robots\" content=\"index, follow, max-snippet:-1, max-image-preview:large, max-video-preview:-1\" \/>\n<link rel=\"canonical\" href=\"https:\/\/kapitalis.com\/tunisie\/2016\/11\/19\/amal-clooney-trump-pourrait-causer-du-tort-musulmans\/\" \/>\n<meta property=\"og:locale\" content=\"fr_FR\" \/>\n<meta property=\"og:type\" content=\"article\" \/>\n<meta property=\"og:title\" content=\"Amal Clooney: \u00abTrump pourrait causer du tort aux musulmans\u00bb - Kapitalis\" \/>\n<meta property=\"og:description\" content=\"La c\u00e9l\u00e8bre avocate Amal Clooney a averti que Donald Trump pourrait causer du tort aux musulmans des Etats-Unis et \u00e0 travers le monde.\" \/>\n<meta property=\"og:url\" content=\"https:\/\/kapitalis.com\/tunisie\/2016\/11\/19\/amal-clooney-trump-pourrait-causer-du-tort-musulmans\/\" \/>\n<meta property=\"og:site_name\" content=\"Kapitalis\" \/>\n<meta property=\"article:publisher\" content=\"https:\/\/www.facebook.com\/KapitalisInfo\/\" \/>\n<meta property=\"article:published_time\" content=\"2016-11-19T08:25:09+00:00\" \/>\n<meta property=\"article:modified_time\" content=\"2016-11-19T10:11:34+00:00\" \/>\n<meta property=\"og:image\" content=\"https:\/\/kapitalis.com\/tunisie\/wp-content\/uploads\/2022\/05\/kapitalis-logo-fb.png\" \/>\n\t<meta property=\"og:image:width\" content=\"1200\" \/>\n\t<meta property=\"og:image:height\" content=\"630\" \/>\n\t<meta property=\"og:image:type\" content=\"image\/png\" \/>\n<meta name=\"author\" content=\"webmaster kapitalis\" \/>\n<meta name=\"twitter:card\" content=\"summary_large_image\" \/>\n<meta name=\"twitter:creator\" content=\"@KapitalisInfo\" \/>\n<meta name=\"twitter:site\" content=\"@KapitalisInfo\" \/>\n<meta name=\"twitter:label1\" content=\"\u00c9crit par\" \/>\n\t<meta name=\"twitter:data1\" content=\"webmaster kapitalis\" \/>\n\t<meta name=\"twitter:label2\" content=\"Dur\u00e9e de lecture estim\u00e9e\" \/>\n\t<meta name=\"twitter:data2\" content=\"2 minutes\" \/>\n<script type=\"application\/ld+json\" class=\"yoast-schema-graph\">{\"@context\":\"https:\/\/schema.org\",\"@graph\":[{\"@type\":\"Article\",\"@id\":\"https:\/\/kapitalis.com\/tunisie\/2016\/11\/19\/amal-clooney-trump-pourrait-causer-du-tort-musulmans\/#article\",\"isPartOf\":{\"@id\":\"https:\/\/kapitalis.com\/tunisie\/2016\/11\/19\/amal-clooney-trump-pourrait-causer-du-tort-musulmans\/\"},\"author\":{\"name\":\"webmaster kapitalis\",\"@id\":\"https:\/\/kapitalis.com\/tunisie\/#\/schema\/person\/d71f33a9ca44f7bad4698210b480c8e9\"},\"headline\":\"Amal Clooney: \u00abTrump pourrait causer du tort aux musulmans\u00bb\",\"datePublished\":\"2016-11-19T08:25:09+00:00\",\"dateModified\":\"2016-11-19T10:11:34+00:00\",\"mainEntityOfPage\":{\"@id\":\"https:\/\/kapitalis.com\/tunisie\/2016\/11\/19\/amal-clooney-trump-pourrait-causer-du-tort-musulmans\/\"},\"wordCount\":320,\"commentCount\":9,\"publisher\":{\"@id\":\"https:\/\/kapitalis.com\/tunisie\/#organization\"},\"image\":{\"@id\":\"https:\/\/kapitalis.com\/tunisie\/2016\/11\/19\/amal-clooney-trump-pourrait-causer-du-tort-musulmans\/#primaryimage\"},\"thumbnailUrl\":\"\",\"keywords\":[\"Donald Trump\",\"musulmans\"],\"articleSection\":[\"POLITIQUE\",\"Tunisie\"],\"inLanguage\":\"fr-FR\",\"potentialAction\":[{\"@type\":\"CommentAction\",\"name\":\"Comment\",\"target\":[\"https:\/\/kapitalis.com\/tunisie\/2016\/11\/19\/amal-clooney-trump-pourrait-causer-du-tort-musulmans\/#respond\"]}]},{\"@type\":\"WebPage\",\"@id\":\"https:\/\/kapitalis.com\/tunisie\/2016\/11\/19\/amal-clooney-trump-pourrait-causer-du-tort-musulmans\/\",\"url\":\"https:\/\/kapitalis.com\/tunisie\/2016\/11\/19\/amal-clooney-trump-pourrait-causer-du-tort-musulmans\/\",\"name\":\"Amal Clooney: \u00abTrump pourrait causer du tort aux musulmans\u00bb - Kapitalis\",\"isPartOf\":{\"@id\":\"https:\/\/kapitalis.com\/tunisie\/#website\"},\"primaryImageOfPage\":{\"@id\":\"https:\/\/kapitalis.com\/tunisie\/2016\/11\/19\/amal-clooney-trump-pourrait-causer-du-tort-musulmans\/#primaryimage\"},\"image\":{\"@id\":\"https:\/\/kapitalis.com\/tunisie\/2016\/11\/19\/amal-clooney-trump-pourrait-causer-du-tort-musulmans\/#primaryimage\"},\"thumbnailUrl\":\"\",\"datePublished\":\"2016-11-19T08:25:09+00:00\",\"dateModified\":\"2016-11-19T10:11:34+00:00\",\"breadcrumb\":{\"@id\":\"https:\/\/kapitalis.com\/tunisie\/2016\/11\/19\/amal-clooney-trump-pourrait-causer-du-tort-musulmans\/#breadcrumb\"},\"inLanguage\":\"fr-FR\",\"potentialAction\":[{\"@type\":\"ReadAction\",\"target\":[\"https:\/\/kapitalis.com\/tunisie\/2016\/11\/19\/amal-clooney-trump-pourrait-causer-du-tort-musulmans\/\"]}]},{\"@type\":\"ImageObject\",\"inLanguage\":\"fr-FR\",\"@id\":\"https:\/\/kapitalis.com\/tunisie\/2016\/11\/19\/amal-clooney-trump-pourrait-causer-du-tort-musulmans\/#primaryimage\",\"url\":\"\",\"contentUrl\":\"\"},{\"@type\":\"BreadcrumbList\",\"@id\":\"https:\/\/kapitalis.com\/tunisie\/2016\/11\/19\/amal-clooney-trump-pourrait-causer-du-tort-musulmans\/#breadcrumb\",\"itemListElement\":[{\"@type\":\"ListItem\",\"position\":1,\"name\":\"Accueil\",\"item\":\"https:\/\/kapitalis.com\/tunisie\/\"},{\"@type\":\"ListItem\",\"position\":2,\"name\":\"Amal Clooney: \u00abTrump pourrait causer du tort aux musulmans\u00bb\"}]},{\"@type\":\"WebSite\",\"@id\":\"https:\/\/kapitalis.com\/tunisie\/#website\",\"url\":\"https:\/\/kapitalis.com\/tunisie\/\",\"name\":\"Kapitalis\",\"description\":\"L&#039;actualit\u00e9 en Tunisie et dans le monde\",\"publisher\":{\"@id\":\"https:\/\/kapitalis.com\/tunisie\/#organization\"},\"potentialAction\":[{\"@type\":\"SearchAction\",\"target\":{\"@type\":\"EntryPoint\",\"urlTemplate\":\"https:\/\/kapitalis.com\/tunisie\/?s={search_term_string}\"},\"query-input\":{\"@type\":\"PropertyValueSpecification\",\"valueRequired\":true,\"valueName\":\"search_term_string\"}}],\"inLanguage\":\"fr-FR\"},{\"@type\":\"Organization\",\"@id\":\"https:\/\/kapitalis.com\/tunisie\/#organization\",\"name\":\"Kapitalis\",\"url\":\"https:\/\/kapitalis.com\/tunisie\/\",\"logo\":{\"@type\":\"ImageObject\",\"inLanguage\":\"fr-FR\",\"@id\":\"https:\/\/kapitalis.com\/tunisie\/#\/schema\/logo\/image\/\",\"url\":\"https:\/\/kapitalis.com\/tunisie\/wp-content\/uploads\/2022\/05\/Kapitalis-big-size.png\",\"contentUrl\":\"https:\/\/kapitalis.com\/tunisie\/wp-content\/uploads\/2022\/05\/Kapitalis-big-size.png\",\"width\":5000,\"height\":1500,\"caption\":\"Kapitalis\"},\"image\":{\"@id\":\"https:\/\/kapitalis.com\/tunisie\/#\/schema\/logo\/image\/\"},\"sameAs\":[\"https:\/\/www.facebook.com\/KapitalisInfo\/\",\"https:\/\/x.com\/KapitalisInfo\",\"https:\/\/www.youtube.com\/channel\/UC-yDYrHyfFBWWZaOw3FPg9Q\"]},{\"@type\":\"Person\",\"@id\":\"https:\/\/kapitalis.com\/tunisie\/#\/schema\/person\/d71f33a9ca44f7bad4698210b480c8e9\",\"name\":\"webmaster kapitalis\",\"url\":\"https:\/\/kapitalis.com\/tunisie\/author\/webmaster-kapitalis\/\"}]}<\/script>\n<!-- \/ Yoast SEO plugin. -->","yoast_head_json":{"title":"Amal Clooney: \u00abTrump pourrait causer du tort aux musulmans\u00bb - Kapitalis","robots":{"index":"index","follow":"follow","max-snippet":"max-snippet:-1","max-image-preview":"max-image-preview:large","max-video-preview":"max-video-preview:-1"},"canonical":"https:\/\/kapitalis.com\/tunisie\/2016\/11\/19\/amal-clooney-trump-pourrait-causer-du-tort-musulmans\/","og_locale":"fr_FR","og_type":"article","og_title":"Amal Clooney: \u00abTrump pourrait causer du tort aux musulmans\u00bb - Kapitalis","og_description":"La c\u00e9l\u00e8bre avocate Amal Clooney a averti que Donald Trump pourrait causer du tort aux musulmans des Etats-Unis et \u00e0 travers le monde.","og_url":"https:\/\/kapitalis.com\/tunisie\/2016\/11\/19\/amal-clooney-trump-pourrait-causer-du-tort-musulmans\/","og_site_name":"Kapitalis","article_publisher":"https:\/\/www.facebook.com\/KapitalisInfo\/","article_published_time":"2016-11-19T08:25:09+00:00","article_modified_time":"2016-11-19T10:11:34+00:00","og_image":[{"width":1200,"height":630,"url":"https:\/\/kapitalis.com\/tunisie\/wp-content\/uploads\/2022\/05\/kapitalis-logo-fb.png","type":"image\/png"}],"author":"webmaster kapitalis","twitter_card":"summary_large_image","twitter_creator":"@KapitalisInfo","twitter_site":"@KapitalisInfo","twitter_misc":{"\u00c9crit par":"webmaster kapitalis","Dur\u00e9e de lecture estim\u00e9e":"2 minutes"},"schema":{"@context":"https:\/\/schema.org","@graph":[{"@type":"Article","@id":"https:\/\/kapitalis.com\/tunisie\/2016\/11\/19\/amal-clooney-trump-pourrait-causer-du-tort-musulmans\/#article","isPartOf":{"@id":"https:\/\/kapitalis.com\/tunisie\/2016\/11\/19\/amal-clooney-trump-pourrait-causer-du-tort-musulmans\/"},"author":{"name":"webmaster kapitalis","@id":"https:\/\/kapitalis.com\/tunisie\/#\/schema\/person\/d71f33a9ca44f7bad4698210b480c8e9"},"headline":"Amal Clooney: \u00abTrump pourrait causer du tort aux musulmans\u00bb","datePublished":"2016-11-19T08:25:09+00:00","dateModified":"2016-11-19T10:11:34+00:00","mainEntityOfPage":{"@id":"https:\/\/kapitalis.com\/tunisie\/2016\/11\/19\/amal-clooney-trump-pourrait-causer-du-tort-musulmans\/"},"wordCount":320,"commentCount":9,"publisher":{"@id":"https:\/\/kapitalis.com\/tunisie\/#organization"},"image":{"@id":"https:\/\/kapitalis.com\/tunisie\/2016\/11\/19\/amal-clooney-trump-pourrait-causer-du-tort-musulmans\/#primaryimage"},"thumbnailUrl":"","keywords":["Donald Trump","musulmans"],"articleSection":["POLITIQUE","Tunisie"],"inLanguage":"fr-FR","potentialAction":[{"@type":"CommentAction","name":"Comment","target":["https:\/\/kapitalis.com\/tunisie\/2016\/11\/19\/amal-clooney-trump-pourrait-causer-du-tort-musulmans\/#respond"]}]},{"@type":"WebPage","@id":"https:\/\/kapitalis.com\/tunisie\/2016\/11\/19\/amal-clooney-trump-pourrait-causer-du-tort-musulmans\/","url":"https:\/\/kapitalis.com\/tunisie\/2016\/11\/19\/amal-clooney-trump-pourrait-causer-du-tort-musulmans\/","name":"Amal Clooney: \u00abTrump pourrait causer du tort aux musulmans\u00bb - Kapitalis","isPartOf":{"@id":"https:\/\/kapitalis.com\/tunisie\/#website"},"primaryImageOfPage":{"@id":"https:\/\/kapitalis.com\/tunisie\/2016\/11\/19\/amal-clooney-trump-pourrait-causer-du-tort-musulmans\/#primaryimage"},"image":{"@id":"https:\/\/kapitalis.com\/tunisie\/2016\/11\/19\/amal-clooney-trump-pourrait-causer-du-tort-musulmans\/#primaryimage"},"thumbnailUrl":"","datePublished":"2016-11-19T08:25:09+00:00","dateModified":"2016-11-19T10:11:34+00:00","breadcrumb":{"@id":"https:\/\/kapitalis.com\/tunisie\/2016\/11\/19\/amal-clooney-trump-pourrait-causer-du-tort-musulmans\/#breadcrumb"},"inLanguage":"fr-FR","potentialAction":[{"@type":"ReadAction","target":["https:\/\/kapitalis.com\/tunisie\/2016\/11\/19\/amal-clooney-trump-pourrait-causer-du-tort-musulmans\/"]}]},{"@type":"ImageObject","inLanguage":"fr-FR","@id":"https:\/\/kapitalis.com\/tunisie\/2016\/11\/19\/amal-clooney-trump-pourrait-causer-du-tort-musulmans\/#primaryimage","url":"","contentUrl":""},{"@type":"BreadcrumbList","@id":"https:\/\/kapitalis.com\/tunisie\/2016\/11\/19\/amal-clooney-trump-pourrait-causer-du-tort-musulmans\/#breadcrumb","itemListElement":[{"@type":"ListItem","position":1,"name":"Accueil","item":"https:\/\/kapitalis.com\/tunisie\/"},{"@type":"ListItem","position":2,"name":"Amal Clooney: \u00abTrump pourrait causer du tort aux musulmans\u00bb"}]},{"@type":"WebSite","@id":"https:\/\/kapitalis.com\/tunisie\/#website","url":"https:\/\/kapitalis.com\/tunisie\/","name":"Kapitalis","description":"L&#039;actualit\u00e9 en Tunisie et dans le monde","publisher":{"@id":"https:\/\/kapitalis.com\/tunisie\/#organization"},"potentialAction":[{"@type":"SearchAction","target":{"@type":"EntryPoint","urlTemplate":"https:\/\/kapitalis.com\/tunisie\/?s={search_term_string}"},"query-input":{"@type":"PropertyValueSpecification","valueRequired":true,"valueName":"search_term_string"}}],"inLanguage":"fr-FR"},{"@type":"Organization","@id":"https:\/\/kapitalis.com\/tunisie\/#organization","name":"Kapitalis","url":"https:\/\/kapitalis.com\/tunisie\/","logo":{"@type":"ImageObject","inLanguage":"fr-FR","@id":"https:\/\/kapitalis.com\/tunisie\/#\/schema\/logo\/image\/","url":"https:\/\/kapitalis.com\/tunisie\/wp-content\/uploads\/2022\/05\/Kapitalis-big-size.png","contentUrl":"https:\/\/kapitalis.com\/tunisie\/wp-content\/uploads\/2022\/05\/Kapitalis-big-size.png","width":5000,"height":1500,"caption":"Kapitalis"},"image":{"@id":"https:\/\/kapitalis.com\/tunisie\/#\/schema\/logo\/image\/"},"sameAs":["https:\/\/www.facebook.com\/KapitalisInfo\/","https:\/\/x.com\/KapitalisInfo","https:\/\/www.youtube.com\/channel\/UC-yDYrHyfFBWWZaOw3FPg9Q"]},{"@type":"Person","@id":"https:\/\/kapitalis.com\/tunisie\/#\/schema\/person\/d71f33a9ca44f7bad4698210b480c8e9","name":"webmaster kapitalis","url":"https:\/\/kapitalis.com\/tunisie\/author\/webmaster-kapitalis\/"}]}},"_links":{"self":[{"href":"https:\/\/kapitalis.com\/tunisie\/wp-json\/wp\/v2\/posts\/72636","targetHints":{"allow":["GET"]}}],"collection":[{"href":"https:\/\/kapitalis.com\/tunisie\/wp-json\/wp\/v2\/posts"}],"about":[{"href":"https:\/\/kapitalis.com\/tunisie\/wp-json\/wp\/v2\/types\/post"}],"author":[{"embeddable":true,"href":"https:\/\/kapitalis.com\/tunisie\/wp-json\/wp\/v2\/users\/8"}],"replies":[{"embeddable":true,"href":"https:\/\/kapitalis.com\/tunisie\/wp-json\/wp\/v2\/comments?post=72636"}],"version-history":[{"count":0,"href":"https:\/\/kapitalis.com\/tunisie\/wp-json\/wp\/v2\/posts\/72636\/revisions"}],"wp:featuredmedia":[{"embeddable":true,"href":"https:\/\/kapitalis.com\/tunisie\/wp-json\/wp\/v2\/media\/72637"}],"wp:attachment":[{"href":"https:\/\/kapitalis.com\/tunisie\/wp-json\/wp\/v2\/media?parent=72636"}],"wp:term":[{"taxonomy":"category","embeddable":true,"href":"https:\/\/kapitalis.com\/tunisie\/wp-json\/wp\/v2\/categories?post=72636"},{"taxonomy":"post_tag","embeddable":true,"href":"https:\/\/kapitalis.com\/tunisie\/wp-json\/wp\/v2\/tags?post=72636"}],"curies":[{"name":"wp","href":"https:\/\/api.w.org\/{rel}","templated":true}]}}