{"id":7277433,"date":"2023-04-05T11:25:32","date_gmt":"2023-04-05T10:25:32","guid":{"rendered":"https:\/\/kapitalis.com\/tunisie\/?p=7277433"},"modified":"2023-04-05T11:25:33","modified_gmt":"2023-04-05T10:25:33","slug":"washington-reaffirme-sa-preoccupation-face-a-larrestation-de-personnalites-politiques-en-tunisie","status":"publish","type":"post","link":"https:\/\/kapitalis.com\/tunisie\/2023\/04\/05\/washington-reaffirme-sa-preoccupation-face-a-larrestation-de-personnalites-politiques-en-tunisie\/","title":{"rendered":"Washington r\u00e9affirme sa \u00abpr\u00e9occupation face \u00e0 l\u2019arrestation de personnalit\u00e9s politiques\u00bb en Tunisie"},"content":{"rendered":"\n<p><strong><em>Le D\u00e9partement d\u2019Etat am\u00e9ricain se f\u00e9licite de la confirmation par les autorit\u00e9s judiciaires en Tunisie que les diplomates \u00e9trangers sont prot\u00e9g\u00e9s par la loi en vertu des conventions internationales, ainsi que l&rsquo;assurance d\u2019une meilleure atmosph\u00e8re pour les diplomates dans la conduite de leur travail.<\/em><\/strong><\/p>\n\n\n\n<!--more-->\n\n\n\n<p>Dans un communiqu\u00e9 publi\u00e9 aujourd\u2019hui, mercredi 4 avril 2023 sur la page Facebook de l\u2019ambassade des Etats-Unis en Tunisie, le D\u00e9partement d\u2019Etat r\u00e9affirme \u00e9galement sa <em>\u00abpr\u00e9occupation face \u00e0 l\u2019arrestation et au maintien en d\u00e9tention de personnalit\u00e9s politiques\u00bb<\/em>. Il fait allusion aux opposants au processus politique initi\u00e9 par le pr\u00e9sident Ka\u00efs Sa\u00efed lors de la proclamation de l\u2019\u00e9tat d\u2019exception, le 25 juillet 2021, qui ont \u00e9t\u00e9 arr\u00eat\u00e9s depuis le 11 f\u00e9vrier dernier et accus\u00e9s de complot contre la s\u00e9curit\u00e9 int\u00e9rieure et ext\u00e9rieure de l\u2019Etat. \u00a0\u00a0\u00a0<\/p>\n\n\n\n<p><em>\u00abNous joignons nos voix \u00e0 celles des Tunisiens appelant \u00e0 un processus judiciaire \u00e9quitable et transparent pour tous\u00bb<\/em>, ajoute le D\u00e9partement d\u2019Etat dans son communiqu\u00e9.<\/p>\n\n\n\n<p class=\"has-text-align-right\"><strong>I. B.<\/strong><\/p>\n","protected":false},"excerpt":{"rendered":"<p>Les Etats-Unis r\u00e9affirment leur \u00abpr\u00e9occupation face \u00e0 l\u2019arrestation et au maintien en d\u00e9tention de personnalit\u00e9s politiques\u00bb en Tunisie. <\/p>\n","protected":false},"author":8,"featured_media":4173250,"comment_status":"open","ping_status":"open","sticky":false,"template":"","format":"standard","meta":{"footnotes":""},"categories":[997,2433],"tags":[75918,76012,62643],"class_list":["post-7277433","post","type-post","status-publish","format-standard","has-post-thumbnail","hentry","category-politique","category-tunisie","tag-etats-unis-2","tag-kais-saied-2","tag-tunisie"],"yoast_head":"<!-- This site is optimized with the Yoast SEO plugin v26.6 - https:\/\/yoast.com\/wordpress\/plugins\/seo\/ -->\n<title>Washington r\u00e9affirme sa \u00abpr\u00e9occupation face \u00e0 l\u2019arrestation de personnalit\u00e9s politiques\u00bb en Tunisie - Kapitalis<\/title>\n<meta name=\"robots\" content=\"index, follow, max-snippet:-1, max-image-preview:large, max-video-preview:-1\" \/>\n<link rel=\"canonical\" href=\"https:\/\/kapitalis.com\/tunisie\/2023\/04\/05\/washington-reaffirme-sa-preoccupation-face-a-larrestation-de-personnalites-politiques-en-tunisie\/\" \/>\n<meta property=\"og:locale\" content=\"fr_FR\" \/>\n<meta property=\"og:type\" content=\"article\" \/>\n<meta property=\"og:title\" content=\"Washington r\u00e9affirme sa \u00abpr\u00e9occupation face \u00e0 l\u2019arrestation de personnalit\u00e9s politiques\u00bb en Tunisie - Kapitalis\" \/>\n<meta property=\"og:description\" content=\"Les Etats-Unis r\u00e9affirment leur \u00abpr\u00e9occupation face \u00e0 l\u2019arrestation et au maintien en d\u00e9tention de personnalit\u00e9s politiques\u00bb en Tunisie.\" \/>\n<meta property=\"og:url\" content=\"https:\/\/kapitalis.com\/tunisie\/2023\/04\/05\/washington-reaffirme-sa-preoccupation-face-a-larrestation-de-personnalites-politiques-en-tunisie\/\" \/>\n<meta property=\"og:site_name\" content=\"Kapitalis\" \/>\n<meta property=\"article:publisher\" content=\"https:\/\/www.facebook.com\/KapitalisInfo\/\" \/>\n<meta property=\"article:published_time\" content=\"2023-04-05T10:25:32+00:00\" \/>\n<meta property=\"article:modified_time\" content=\"2023-04-05T10:25:33+00:00\" \/>\n<meta property=\"og:image\" content=\"https:\/\/kapitalis.com\/tunisie\/wp-content\/uploads\/2022\/09\/Tunisie-Etats-Unis.jpg\" \/>\n\t<meta property=\"og:image:width\" content=\"1200\" \/>\n\t<meta property=\"og:image:height\" content=\"630\" \/>\n\t<meta property=\"og:image:type\" content=\"image\/jpeg\" \/>\n<meta name=\"author\" content=\"webmaster kapitalis\" \/>\n<meta name=\"twitter:card\" content=\"summary_large_image\" \/>\n<meta name=\"twitter:creator\" content=\"@KapitalisInfo\" \/>\n<meta name=\"twitter:site\" content=\"@KapitalisInfo\" \/>\n<meta name=\"twitter:label1\" content=\"\u00c9crit par\" \/>\n\t<meta name=\"twitter:data1\" content=\"webmaster kapitalis\" \/>\n\t<meta name=\"twitter:label2\" content=\"Dur\u00e9e de lecture estim\u00e9e\" \/>\n\t<meta name=\"twitter:data2\" content=\"1 minute\" \/>\n<script type=\"application\/ld+json\" class=\"yoast-schema-graph\">{\"@context\":\"https:\/\/schema.org\",\"@graph\":[{\"@type\":\"Article\",\"@id\":\"https:\/\/kapitalis.com\/tunisie\/2023\/04\/05\/washington-reaffirme-sa-preoccupation-face-a-larrestation-de-personnalites-politiques-en-tunisie\/#article\",\"isPartOf\":{\"@id\":\"https:\/\/kapitalis.com\/tunisie\/2023\/04\/05\/washington-reaffirme-sa-preoccupation-face-a-larrestation-de-personnalites-politiques-en-tunisie\/\"},\"author\":{\"name\":\"webmaster kapitalis\",\"@id\":\"https:\/\/kapitalis.com\/tunisie\/#\/schema\/person\/d71f33a9ca44f7bad4698210b480c8e9\"},\"headline\":\"Washington r\u00e9affirme sa \u00abpr\u00e9occupation face \u00e0 l\u2019arrestation de personnalit\u00e9s politiques\u00bb en Tunisie\",\"datePublished\":\"2023-04-05T10:25:32+00:00\",\"dateModified\":\"2023-04-05T10:25:33+00:00\",\"mainEntityOfPage\":{\"@id\":\"https:\/\/kapitalis.com\/tunisie\/2023\/04\/05\/washington-reaffirme-sa-preoccupation-face-a-larrestation-de-personnalites-politiques-en-tunisie\/\"},\"wordCount\":194,\"commentCount\":1,\"publisher\":{\"@id\":\"https:\/\/kapitalis.com\/tunisie\/#organization\"},\"image\":{\"@id\":\"https:\/\/kapitalis.com\/tunisie\/2023\/04\/05\/washington-reaffirme-sa-preoccupation-face-a-larrestation-de-personnalites-politiques-en-tunisie\/#primaryimage\"},\"thumbnailUrl\":\"https:\/\/kapitalis.com\/tunisie\/wp-content\/uploads\/2022\/09\/Tunisie-Etats-Unis.jpg\",\"keywords\":[\"Etats-Unis\",\"Ka\u00efs Sa\u00efed\",\"Tunisie\"],\"articleSection\":[\"POLITIQUE\",\"Tunisie\"],\"inLanguage\":\"fr-FR\",\"potentialAction\":[{\"@type\":\"CommentAction\",\"name\":\"Comment\",\"target\":[\"https:\/\/kapitalis.com\/tunisie\/2023\/04\/05\/washington-reaffirme-sa-preoccupation-face-a-larrestation-de-personnalites-politiques-en-tunisie\/#respond\"]}]},{\"@type\":\"WebPage\",\"@id\":\"https:\/\/kapitalis.com\/tunisie\/2023\/04\/05\/washington-reaffirme-sa-preoccupation-face-a-larrestation-de-personnalites-politiques-en-tunisie\/\",\"url\":\"https:\/\/kapitalis.com\/tunisie\/2023\/04\/05\/washington-reaffirme-sa-preoccupation-face-a-larrestation-de-personnalites-politiques-en-tunisie\/\",\"name\":\"Washington r\u00e9affirme sa \u00abpr\u00e9occupation face \u00e0 l\u2019arrestation de personnalit\u00e9s politiques\u00bb en Tunisie - Kapitalis\",\"isPartOf\":{\"@id\":\"https:\/\/kapitalis.com\/tunisie\/#website\"},\"primaryImageOfPage\":{\"@id\":\"https:\/\/kapitalis.com\/tunisie\/2023\/04\/05\/washington-reaffirme-sa-preoccupation-face-a-larrestation-de-personnalites-politiques-en-tunisie\/#primaryimage\"},\"image\":{\"@id\":\"https:\/\/kapitalis.com\/tunisie\/2023\/04\/05\/washington-reaffirme-sa-preoccupation-face-a-larrestation-de-personnalites-politiques-en-tunisie\/#primaryimage\"},\"thumbnailUrl\":\"https:\/\/kapitalis.com\/tunisie\/wp-content\/uploads\/2022\/09\/Tunisie-Etats-Unis.jpg\",\"datePublished\":\"2023-04-05T10:25:32+00:00\",\"dateModified\":\"2023-04-05T10:25:33+00:00\",\"breadcrumb\":{\"@id\":\"https:\/\/kapitalis.com\/tunisie\/2023\/04\/05\/washington-reaffirme-sa-preoccupation-face-a-larrestation-de-personnalites-politiques-en-tunisie\/#breadcrumb\"},\"inLanguage\":\"fr-FR\",\"potentialAction\":[{\"@type\":\"ReadAction\",\"target\":[\"https:\/\/kapitalis.com\/tunisie\/2023\/04\/05\/washington-reaffirme-sa-preoccupation-face-a-larrestation-de-personnalites-politiques-en-tunisie\/\"]}]},{\"@type\":\"ImageObject\",\"inLanguage\":\"fr-FR\",\"@id\":\"https:\/\/kapitalis.com\/tunisie\/2023\/04\/05\/washington-reaffirme-sa-preoccupation-face-a-larrestation-de-personnalites-politiques-en-tunisie\/#primaryimage\",\"url\":\"https:\/\/kapitalis.com\/tunisie\/wp-content\/uploads\/2022\/09\/Tunisie-Etats-Unis.jpg\",\"contentUrl\":\"https:\/\/kapitalis.com\/tunisie\/wp-content\/uploads\/2022\/09\/Tunisie-Etats-Unis.jpg\",\"width\":1200,\"height\":630},{\"@type\":\"BreadcrumbList\",\"@id\":\"https:\/\/kapitalis.com\/tunisie\/2023\/04\/05\/washington-reaffirme-sa-preoccupation-face-a-larrestation-de-personnalites-politiques-en-tunisie\/#breadcrumb\",\"itemListElement\":[{\"@type\":\"ListItem\",\"position\":1,\"name\":\"Accueil\",\"item\":\"https:\/\/kapitalis.com\/tunisie\/\"},{\"@type\":\"ListItem\",\"position\":2,\"name\":\"Washington r\u00e9affirme sa \u00abpr\u00e9occupation face \u00e0 l\u2019arrestation de personnalit\u00e9s politiques\u00bb en Tunisie\"}]},{\"@type\":\"WebSite\",\"@id\":\"https:\/\/kapitalis.com\/tunisie\/#website\",\"url\":\"https:\/\/kapitalis.com\/tunisie\/\",\"name\":\"Kapitalis\",\"description\":\"L&#039;actualit\u00e9 en Tunisie et dans le monde\",\"publisher\":{\"@id\":\"https:\/\/kapitalis.com\/tunisie\/#organization\"},\"potentialAction\":[{\"@type\":\"SearchAction\",\"target\":{\"@type\":\"EntryPoint\",\"urlTemplate\":\"https:\/\/kapitalis.com\/tunisie\/?s={search_term_string}\"},\"query-input\":{\"@type\":\"PropertyValueSpecification\",\"valueRequired\":true,\"valueName\":\"search_term_string\"}}],\"inLanguage\":\"fr-FR\"},{\"@type\":\"Organization\",\"@id\":\"https:\/\/kapitalis.com\/tunisie\/#organization\",\"name\":\"Kapitalis\",\"url\":\"https:\/\/kapitalis.com\/tunisie\/\",\"logo\":{\"@type\":\"ImageObject\",\"inLanguage\":\"fr-FR\",\"@id\":\"https:\/\/kapitalis.com\/tunisie\/#\/schema\/logo\/image\/\",\"url\":\"https:\/\/kapitalis.com\/tunisie\/wp-content\/uploads\/2022\/05\/Kapitalis-big-size.png\",\"contentUrl\":\"https:\/\/kapitalis.com\/tunisie\/wp-content\/uploads\/2022\/05\/Kapitalis-big-size.png\",\"width\":5000,\"height\":1500,\"caption\":\"Kapitalis\"},\"image\":{\"@id\":\"https:\/\/kapitalis.com\/tunisie\/#\/schema\/logo\/image\/\"},\"sameAs\":[\"https:\/\/www.facebook.com\/KapitalisInfo\/\",\"https:\/\/x.com\/KapitalisInfo\",\"https:\/\/www.youtube.com\/channel\/UC-yDYrHyfFBWWZaOw3FPg9Q\"]},{\"@type\":\"Person\",\"@id\":\"https:\/\/kapitalis.com\/tunisie\/#\/schema\/person\/d71f33a9ca44f7bad4698210b480c8e9\",\"name\":\"webmaster kapitalis\",\"url\":\"https:\/\/kapitalis.com\/tunisie\/author\/webmaster-kapitalis\/\"}]}<\/script>\n<!-- \/ Yoast SEO plugin. -->","yoast_head_json":{"title":"Washington r\u00e9affirme sa \u00abpr\u00e9occupation face \u00e0 l\u2019arrestation de personnalit\u00e9s politiques\u00bb en Tunisie - Kapitalis","robots":{"index":"index","follow":"follow","max-snippet":"max-snippet:-1","max-image-preview":"max-image-preview:large","max-video-preview":"max-video-preview:-1"},"canonical":"https:\/\/kapitalis.com\/tunisie\/2023\/04\/05\/washington-reaffirme-sa-preoccupation-face-a-larrestation-de-personnalites-politiques-en-tunisie\/","og_locale":"fr_FR","og_type":"article","og_title":"Washington r\u00e9affirme sa \u00abpr\u00e9occupation face \u00e0 l\u2019arrestation de personnalit\u00e9s politiques\u00bb en Tunisie - Kapitalis","og_description":"Les Etats-Unis r\u00e9affirment leur \u00abpr\u00e9occupation face \u00e0 l\u2019arrestation et au maintien en d\u00e9tention de personnalit\u00e9s politiques\u00bb en Tunisie.","og_url":"https:\/\/kapitalis.com\/tunisie\/2023\/04\/05\/washington-reaffirme-sa-preoccupation-face-a-larrestation-de-personnalites-politiques-en-tunisie\/","og_site_name":"Kapitalis","article_publisher":"https:\/\/www.facebook.com\/KapitalisInfo\/","article_published_time":"2023-04-05T10:25:32+00:00","article_modified_time":"2023-04-05T10:25:33+00:00","og_image":[{"width":1200,"height":630,"url":"https:\/\/kapitalis.com\/tunisie\/wp-content\/uploads\/2022\/09\/Tunisie-Etats-Unis.jpg","type":"image\/jpeg"}],"author":"webmaster kapitalis","twitter_card":"summary_large_image","twitter_creator":"@KapitalisInfo","twitter_site":"@KapitalisInfo","twitter_misc":{"\u00c9crit par":"webmaster kapitalis","Dur\u00e9e de lecture estim\u00e9e":"1 minute"},"schema":{"@context":"https:\/\/schema.org","@graph":[{"@type":"Article","@id":"https:\/\/kapitalis.com\/tunisie\/2023\/04\/05\/washington-reaffirme-sa-preoccupation-face-a-larrestation-de-personnalites-politiques-en-tunisie\/#article","isPartOf":{"@id":"https:\/\/kapitalis.com\/tunisie\/2023\/04\/05\/washington-reaffirme-sa-preoccupation-face-a-larrestation-de-personnalites-politiques-en-tunisie\/"},"author":{"name":"webmaster kapitalis","@id":"https:\/\/kapitalis.com\/tunisie\/#\/schema\/person\/d71f33a9ca44f7bad4698210b480c8e9"},"headline":"Washington r\u00e9affirme sa \u00abpr\u00e9occupation face \u00e0 l\u2019arrestation de personnalit\u00e9s politiques\u00bb en Tunisie","datePublished":"2023-04-05T10:25:32+00:00","dateModified":"2023-04-05T10:25:33+00:00","mainEntityOfPage":{"@id":"https:\/\/kapitalis.com\/tunisie\/2023\/04\/05\/washington-reaffirme-sa-preoccupation-face-a-larrestation-de-personnalites-politiques-en-tunisie\/"},"wordCount":194,"commentCount":1,"publisher":{"@id":"https:\/\/kapitalis.com\/tunisie\/#organization"},"image":{"@id":"https:\/\/kapitalis.com\/tunisie\/2023\/04\/05\/washington-reaffirme-sa-preoccupation-face-a-larrestation-de-personnalites-politiques-en-tunisie\/#primaryimage"},"thumbnailUrl":"https:\/\/kapitalis.com\/tunisie\/wp-content\/uploads\/2022\/09\/Tunisie-Etats-Unis.jpg","keywords":["Etats-Unis","Ka\u00efs Sa\u00efed","Tunisie"],"articleSection":["POLITIQUE","Tunisie"],"inLanguage":"fr-FR","potentialAction":[{"@type":"CommentAction","name":"Comment","target":["https:\/\/kapitalis.com\/tunisie\/2023\/04\/05\/washington-reaffirme-sa-preoccupation-face-a-larrestation-de-personnalites-politiques-en-tunisie\/#respond"]}]},{"@type":"WebPage","@id":"https:\/\/kapitalis.com\/tunisie\/2023\/04\/05\/washington-reaffirme-sa-preoccupation-face-a-larrestation-de-personnalites-politiques-en-tunisie\/","url":"https:\/\/kapitalis.com\/tunisie\/2023\/04\/05\/washington-reaffirme-sa-preoccupation-face-a-larrestation-de-personnalites-politiques-en-tunisie\/","name":"Washington r\u00e9affirme sa \u00abpr\u00e9occupation face \u00e0 l\u2019arrestation de personnalit\u00e9s politiques\u00bb en Tunisie - Kapitalis","isPartOf":{"@id":"https:\/\/kapitalis.com\/tunisie\/#website"},"primaryImageOfPage":{"@id":"https:\/\/kapitalis.com\/tunisie\/2023\/04\/05\/washington-reaffirme-sa-preoccupation-face-a-larrestation-de-personnalites-politiques-en-tunisie\/#primaryimage"},"image":{"@id":"https:\/\/kapitalis.com\/tunisie\/2023\/04\/05\/washington-reaffirme-sa-preoccupation-face-a-larrestation-de-personnalites-politiques-en-tunisie\/#primaryimage"},"thumbnailUrl":"https:\/\/kapitalis.com\/tunisie\/wp-content\/uploads\/2022\/09\/Tunisie-Etats-Unis.jpg","datePublished":"2023-04-05T10:25:32+00:00","dateModified":"2023-04-05T10:25:33+00:00","breadcrumb":{"@id":"https:\/\/kapitalis.com\/tunisie\/2023\/04\/05\/washington-reaffirme-sa-preoccupation-face-a-larrestation-de-personnalites-politiques-en-tunisie\/#breadcrumb"},"inLanguage":"fr-FR","potentialAction":[{"@type":"ReadAction","target":["https:\/\/kapitalis.com\/tunisie\/2023\/04\/05\/washington-reaffirme-sa-preoccupation-face-a-larrestation-de-personnalites-politiques-en-tunisie\/"]}]},{"@type":"ImageObject","inLanguage":"fr-FR","@id":"https:\/\/kapitalis.com\/tunisie\/2023\/04\/05\/washington-reaffirme-sa-preoccupation-face-a-larrestation-de-personnalites-politiques-en-tunisie\/#primaryimage","url":"https:\/\/kapitalis.com\/tunisie\/wp-content\/uploads\/2022\/09\/Tunisie-Etats-Unis.jpg","contentUrl":"https:\/\/kapitalis.com\/tunisie\/wp-content\/uploads\/2022\/09\/Tunisie-Etats-Unis.jpg","width":1200,"height":630},{"@type":"BreadcrumbList","@id":"https:\/\/kapitalis.com\/tunisie\/2023\/04\/05\/washington-reaffirme-sa-preoccupation-face-a-larrestation-de-personnalites-politiques-en-tunisie\/#breadcrumb","itemListElement":[{"@type":"ListItem","position":1,"name":"Accueil","item":"https:\/\/kapitalis.com\/tunisie\/"},{"@type":"ListItem","position":2,"name":"Washington r\u00e9affirme sa \u00abpr\u00e9occupation face \u00e0 l\u2019arrestation de personnalit\u00e9s politiques\u00bb en Tunisie"}]},{"@type":"WebSite","@id":"https:\/\/kapitalis.com\/tunisie\/#website","url":"https:\/\/kapitalis.com\/tunisie\/","name":"Kapitalis","description":"L&#039;actualit\u00e9 en Tunisie et dans le monde","publisher":{"@id":"https:\/\/kapitalis.com\/tunisie\/#organization"},"potentialAction":[{"@type":"SearchAction","target":{"@type":"EntryPoint","urlTemplate":"https:\/\/kapitalis.com\/tunisie\/?s={search_term_string}"},"query-input":{"@type":"PropertyValueSpecification","valueRequired":true,"valueName":"search_term_string"}}],"inLanguage":"fr-FR"},{"@type":"Organization","@id":"https:\/\/kapitalis.com\/tunisie\/#organization","name":"Kapitalis","url":"https:\/\/kapitalis.com\/tunisie\/","logo":{"@type":"ImageObject","inLanguage":"fr-FR","@id":"https:\/\/kapitalis.com\/tunisie\/#\/schema\/logo\/image\/","url":"https:\/\/kapitalis.com\/tunisie\/wp-content\/uploads\/2022\/05\/Kapitalis-big-size.png","contentUrl":"https:\/\/kapitalis.com\/tunisie\/wp-content\/uploads\/2022\/05\/Kapitalis-big-size.png","width":5000,"height":1500,"caption":"Kapitalis"},"image":{"@id":"https:\/\/kapitalis.com\/tunisie\/#\/schema\/logo\/image\/"},"sameAs":["https:\/\/www.facebook.com\/KapitalisInfo\/","https:\/\/x.com\/KapitalisInfo","https:\/\/www.youtube.com\/channel\/UC-yDYrHyfFBWWZaOw3FPg9Q"]},{"@type":"Person","@id":"https:\/\/kapitalis.com\/tunisie\/#\/schema\/person\/d71f33a9ca44f7bad4698210b480c8e9","name":"webmaster kapitalis","url":"https:\/\/kapitalis.com\/tunisie\/author\/webmaster-kapitalis\/"}]}},"_links":{"self":[{"href":"https:\/\/kapitalis.com\/tunisie\/wp-json\/wp\/v2\/posts\/7277433","targetHints":{"allow":["GET"]}}],"collection":[{"href":"https:\/\/kapitalis.com\/tunisie\/wp-json\/wp\/v2\/posts"}],"about":[{"href":"https:\/\/kapitalis.com\/tunisie\/wp-json\/wp\/v2\/types\/post"}],"author":[{"embeddable":true,"href":"https:\/\/kapitalis.com\/tunisie\/wp-json\/wp\/v2\/users\/8"}],"replies":[{"embeddable":true,"href":"https:\/\/kapitalis.com\/tunisie\/wp-json\/wp\/v2\/comments?post=7277433"}],"version-history":[{"count":1,"href":"https:\/\/kapitalis.com\/tunisie\/wp-json\/wp\/v2\/posts\/7277433\/revisions"}],"predecessor-version":[{"id":7277457,"href":"https:\/\/kapitalis.com\/tunisie\/wp-json\/wp\/v2\/posts\/7277433\/revisions\/7277457"}],"wp:featuredmedia":[{"embeddable":true,"href":"https:\/\/kapitalis.com\/tunisie\/wp-json\/wp\/v2\/media\/4173250"}],"wp:attachment":[{"href":"https:\/\/kapitalis.com\/tunisie\/wp-json\/wp\/v2\/media?parent=7277433"}],"wp:term":[{"taxonomy":"category","embeddable":true,"href":"https:\/\/kapitalis.com\/tunisie\/wp-json\/wp\/v2\/categories?post=7277433"},{"taxonomy":"post_tag","embeddable":true,"href":"https:\/\/kapitalis.com\/tunisie\/wp-json\/wp\/v2\/tags?post=7277433"}],"curies":[{"name":"wp","href":"https:\/\/api.w.org\/{rel}","templated":true}]}}