{"id":72828,"date":"2016-11-21T14:24:10","date_gmt":"2016-11-21T13:24:10","guid":{"rendered":"http:\/\/kapitalis.com\/tunisie\/?p=72828"},"modified":"2016-11-21T19:53:16","modified_gmt":"2016-11-21T18:53:16","slug":"bardo-des-proches-victimes-francaises-outres-par-lattitude-de-caid-essebsi","status":"publish","type":"post","link":"https:\/\/kapitalis.com\/tunisie\/2016\/11\/21\/bardo-des-proches-victimes-francaises-outres-par-lattitude-de-caid-essebsi\/","title":{"rendered":"Bardo : Des proches des victimes fran\u00e7aises outr\u00e9s par l&rsquo;attitude de Ca\u00efd Essebsi"},"content":{"rendered":"<p style=\"text-align: center;\"><img loading=\"lazy\" decoding=\"async\" class=\"alignnone size-full wp-image-72885\" src=\"http:\/\/kapitalis.com\/tunisie\/wp-content\/uploads\/2016\/11\/Beji-Ca\u00efd-Essebsi-victimes-Bardo.jpg\" alt=\"beji-caid-essebsi-victimes-bardo\" width=\"626\" height=\"380\" \/><\/p>\n<p><em><strong>Des proches des victimes fran\u00e7aises de l\u2019attentat du Bardo, se disent choqu\u00e9s par l&rsquo;attitude du pr\u00e9sident de la r\u00e9publique Beji Ca\u00efd Essebsi.<\/strong><\/em><\/p>\n<p><!--more--><\/p>\n<p>Deux Fran\u00e7ais, proches de touristes tu\u00e9s le 18 mars 2015, dans l\u2019attentat du Bardo, ont cependant accept\u00e9 de venir \u00e0 Tunis, pour assister, vendredi, au Bardo, \u00e0 la c\u00e9r\u00e9monie du souvenir, pr\u00e9sid\u00e9e par le pr\u00e9sident Ca\u00efd Essebsi,\u00a0dans l\u2019espoir de rencontrer le pr\u00e9sident et d\u2019\u00e9changer avec lui sur cette affaire, notamment la cl\u00f4ture du dossier par la justice tunisienne.<\/p>\n<p>\u00ab<em>C\u2019\u00e9tait compliqu\u00e9, rien n\u2019\u00e9tait organis\u00e9. On nous a promis de rencontrer le pr\u00e9sident et d&rsquo;avoir un temps de parole avec lui mais ce ne fut pas le cas<\/em>\u00bb, a d\u00e9plor\u00e9 Anne-Sophie Tinois, qui a perdu son p\u00e8re dans cette attaque terroriste, ajoutant\u00a0: <em>\u00abIl nous a serr\u00e9 la main, et a lanc\u00e9 &lsquo;\u2018c\u2019est la vie\u2019\u2019, et c\u2019est douloureux. Je ne demande pas la piti\u00e9 mais qu\u2019on ne nous dise pas c\u2019est la vie, d\u2019autant que depuis l\u2019attentat nous n\u2019avons jamais \u00e9t\u00e9 contact\u00e9s par les autorit\u00e9s tunisiennes<\/em>\u00bb.<\/p>\n<p style=\"text-align: center;\"><img loading=\"lazy\" decoding=\"async\" class=\"alignnone size-full wp-image-72835\" src=\"http:\/\/kapitalis.com\/tunisie\/wp-content\/uploads\/2016\/11\/Bardo-fille-victime-fran\u00e7aise-et-son-avocate.jpg\" alt=\"bardo-fille-victime-francaise-et-son-avocate\" width=\"500\" height=\"300\" \/><\/p>\n<p style=\"text-align: center;\"><em>Anne-Sophie Tinois et Me Manesse.<\/em><\/p>\n<p>Les victimes ont indiqu\u00e9, hier, aux m\u00e9dias fran\u00e7ais, avoir regrett\u00e9 de s\u2019\u00eatre d\u00e9plac\u00e9es et ont vu, dans cette c\u00e9r\u00e9monie, une <em>\u00abmascarade \u00a0m\u00e9diatique<\/em>\u00bb, et non un hommage aux victimes et \u00e0 leurs proches.<\/p>\n<div class=\"embed\">\n<div class=\"video\"><iframe loading=\"lazy\" src=\"\/\/www.dailymotion.com\/embed\/video\/x52ovt7\" width=\"480\" height=\"270\" frameborder=\"0\" allowfullscreen=\"allowfullscreen\"><\/iframe><br \/>\n<a href=\"http:\/\/www.dailymotion.com\/video\/x52ovt7_les-victimes-du-bardo-choquees-par-l-attitude-du-president-tunisien_news\" target=\"_blank\">Les victimes du Bardo choqu\u00e9es par l&rsquo;attitude&#8230;<\/a> <i>par <a href=\"http:\/\/www.dailymotion.com\/leparisien\" target=\"_blank\">leparisien<\/a><\/i><\/div>\n<\/div>\n<p>\u00ab<em>Le pr\u00e9sident tunisien devait avouer une responsabilit\u00e9 de l\u2019Etat, notamment dans le manque de s\u00e9curit\u00e9, le jour de l\u2019attentat. On voulait lui dire d\u2019homme \u00e0 homme que le 18 mars 2015, il y a eu d\u00e9faillance institutionnelle de la police tunisienne<\/em>\u00bb, a indiqu\u00e9, Me Pauline Manesse, l\u2019avocate des victimes.<\/p>\n<p>Le chef d&rsquo;\u00c9tat a laiss\u00e9 une image n\u00e9gative chez\u00a0des victimes qui doutaient de l\u2019impartialit\u00e9 de la justice tunisienne dans le traitement de cette affaire.<\/p>\n<p>Hassan Arfaoui, conseiller aupr\u00e8s du pr\u00e9sident de la R\u00e9publique, a cru devoir d\u00e9mentir, sur Mosaique FM, ces informations relay\u00e9es par les m\u00e9dias fran\u00e7ais, bien qu&rsquo;une vid\u00e9o en ce sens ait \u00e9t\u00e9 diffus\u00e9e par \u00ab\u00a0<em>L<a href=\"http:\/\/videos.leparisien.fr\/video\/les-victimes-du-bardo-choquees-par-l-attitude-du-president-tunisien-19-11-2016-x52ovt7#xtref=https%3A%2F%2Fwww.facebook.com%2F\">e Parisien<\/a>\u00ab\u00a0<\/em> et affirm\u00e9 \u00a0que \u00ab<em>les familles des victimes des attentats du Bardo et leurs repr\u00e9sentants pr\u00e9sents avec le pr\u00e9sident vont r\u00e9tablir eux-m\u00eames la v\u00e9rit\u00e9 \u00e0 travers un communiqu\u00e9 qu\u2019ils s\u2019appr\u00eatent \u00e0 rendre public<\/em>\u00bb.<\/p>\n<p>Hassan Arfaoui a ajout\u00e9 que le pr\u00e9sident Ca\u00efd Essebsi a tenu inaugurer l\u2019exposition \u00ab<em>Lieux saints partag\u00e9s<\/em>\u00bb, au Mus\u00e9e du Bardo, avec les victimes familles des attentats du Bardo, pour leur manifester sa \u00ab <em>solidarit\u00e9, son soutien, son affection et compassion<\/em>\u00bb\u2026<\/p>\n<p style=\"text-align: right;\"><strong>Y. N.<\/strong><\/p>\n<p>&nbsp;<\/p>\n","protected":false},"excerpt":{"rendered":"<p>Des proches des victimes fran\u00e7aises de l\u2019attentat du Bardo, se disent choqu\u00e9s par l&rsquo;attitude du pr\u00e9sident de la r\u00e9publique Beji Ca\u00efd Essebsi.<\/p>\n","protected":false},"author":6,"featured_media":72832,"comment_status":"open","ping_status":"open","sticky":false,"template":"","format":"standard","meta":{"footnotes":""},"categories":[997,2433,4806],"tags":[2021,3062,132,1233,7817,7813],"class_list":["post-72828","post","type-post","status-publish","format-standard","has-post-thumbnail","hentry","category-politique","category-tunisie","category-videos","tag-attaque-terroriste","tag-attentat-bardo","tag-bardo","tag-musee","tag-president-republique","tag-victimes-francaises"],"yoast_head":"<!-- This site is optimized with the Yoast SEO plugin v26.6 - https:\/\/yoast.com\/wordpress\/plugins\/seo\/ -->\n<title>Bardo : Des proches des victimes fran\u00e7aises outr\u00e9s par l&#039;attitude de Ca\u00efd Essebsi - Kapitalis<\/title>\n<meta name=\"robots\" content=\"index, follow, max-snippet:-1, max-image-preview:large, max-video-preview:-1\" \/>\n<link rel=\"canonical\" href=\"https:\/\/kapitalis.com\/tunisie\/2016\/11\/21\/bardo-des-proches-victimes-francaises-outres-par-lattitude-de-caid-essebsi\/\" \/>\n<meta property=\"og:locale\" content=\"fr_FR\" \/>\n<meta property=\"og:type\" content=\"article\" \/>\n<meta property=\"og:title\" content=\"Bardo : Des proches des victimes fran\u00e7aises outr\u00e9s par l&#039;attitude de Ca\u00efd Essebsi - Kapitalis\" \/>\n<meta property=\"og:description\" content=\"Des proches des victimes fran\u00e7aises de l\u2019attentat du Bardo, se disent choqu\u00e9s par l&rsquo;attitude du pr\u00e9sident de la r\u00e9publique Beji Ca\u00efd Essebsi.\" \/>\n<meta property=\"og:url\" content=\"https:\/\/kapitalis.com\/tunisie\/2016\/11\/21\/bardo-des-proches-victimes-francaises-outres-par-lattitude-de-caid-essebsi\/\" \/>\n<meta property=\"og:site_name\" content=\"Kapitalis\" \/>\n<meta property=\"article:publisher\" content=\"https:\/\/www.facebook.com\/KapitalisInfo\/\" \/>\n<meta property=\"article:published_time\" content=\"2016-11-21T13:24:10+00:00\" \/>\n<meta property=\"article:modified_time\" content=\"2016-11-21T18:53:16+00:00\" \/>\n<meta property=\"og:image\" content=\"https:\/\/kapitalis.com\/tunisie\/wp-content\/uploads\/2022\/05\/kapitalis-logo-fb.png\" \/>\n\t<meta property=\"og:image:width\" content=\"1200\" \/>\n\t<meta property=\"og:image:height\" content=\"630\" \/>\n\t<meta property=\"og:image:type\" content=\"image\/png\" \/>\n<meta name=\"author\" content=\"Yusra NY\" \/>\n<meta name=\"twitter:card\" content=\"summary_large_image\" \/>\n<meta name=\"twitter:creator\" content=\"@KapitalisInfo\" \/>\n<meta name=\"twitter:site\" content=\"@KapitalisInfo\" \/>\n<meta name=\"twitter:label1\" content=\"\u00c9crit par\" \/>\n\t<meta name=\"twitter:data1\" content=\"Yusra NY\" \/>\n\t<meta name=\"twitter:label2\" content=\"Dur\u00e9e de lecture estim\u00e9e\" \/>\n\t<meta name=\"twitter:data2\" content=\"2 minutes\" \/>\n<script type=\"application\/ld+json\" class=\"yoast-schema-graph\">{\"@context\":\"https:\/\/schema.org\",\"@graph\":[{\"@type\":\"Article\",\"@id\":\"https:\/\/kapitalis.com\/tunisie\/2016\/11\/21\/bardo-des-proches-victimes-francaises-outres-par-lattitude-de-caid-essebsi\/#article\",\"isPartOf\":{\"@id\":\"https:\/\/kapitalis.com\/tunisie\/2016\/11\/21\/bardo-des-proches-victimes-francaises-outres-par-lattitude-de-caid-essebsi\/\"},\"author\":{\"name\":\"Yusra NY\",\"@id\":\"https:\/\/kapitalis.com\/tunisie\/#\/schema\/person\/74bbde0154d49d790a92aaeac5bc01d5\"},\"headline\":\"Bardo : Des proches des victimes fran\u00e7aises outr\u00e9s par l&rsquo;attitude de Ca\u00efd Essebsi\",\"datePublished\":\"2016-11-21T13:24:10+00:00\",\"dateModified\":\"2016-11-21T18:53:16+00:00\",\"mainEntityOfPage\":{\"@id\":\"https:\/\/kapitalis.com\/tunisie\/2016\/11\/21\/bardo-des-proches-victimes-francaises-outres-par-lattitude-de-caid-essebsi\/\"},\"wordCount\":476,\"commentCount\":40,\"publisher\":{\"@id\":\"https:\/\/kapitalis.com\/tunisie\/#organization\"},\"image\":{\"@id\":\"https:\/\/kapitalis.com\/tunisie\/2016\/11\/21\/bardo-des-proches-victimes-francaises-outres-par-lattitude-de-caid-essebsi\/#primaryimage\"},\"thumbnailUrl\":\"\",\"keywords\":[\"attaque terroriste\",\"attentat Bardo\",\"Bardo\",\"mus\u00e9e\",\"pr\u00e9sident r\u00e9publique\",\"victimes fran\u00e7aises\"],\"articleSection\":[\"POLITIQUE\",\"Tunisie\",\"VIDEOS\"],\"inLanguage\":\"fr-FR\",\"potentialAction\":[{\"@type\":\"CommentAction\",\"name\":\"Comment\",\"target\":[\"https:\/\/kapitalis.com\/tunisie\/2016\/11\/21\/bardo-des-proches-victimes-francaises-outres-par-lattitude-de-caid-essebsi\/#respond\"]}]},{\"@type\":\"WebPage\",\"@id\":\"https:\/\/kapitalis.com\/tunisie\/2016\/11\/21\/bardo-des-proches-victimes-francaises-outres-par-lattitude-de-caid-essebsi\/\",\"url\":\"https:\/\/kapitalis.com\/tunisie\/2016\/11\/21\/bardo-des-proches-victimes-francaises-outres-par-lattitude-de-caid-essebsi\/\",\"name\":\"Bardo : Des proches des victimes fran\u00e7aises outr\u00e9s par l'attitude de Ca\u00efd Essebsi - Kapitalis\",\"isPartOf\":{\"@id\":\"https:\/\/kapitalis.com\/tunisie\/#website\"},\"primaryImageOfPage\":{\"@id\":\"https:\/\/kapitalis.com\/tunisie\/2016\/11\/21\/bardo-des-proches-victimes-francaises-outres-par-lattitude-de-caid-essebsi\/#primaryimage\"},\"image\":{\"@id\":\"https:\/\/kapitalis.com\/tunisie\/2016\/11\/21\/bardo-des-proches-victimes-francaises-outres-par-lattitude-de-caid-essebsi\/#primaryimage\"},\"thumbnailUrl\":\"\",\"datePublished\":\"2016-11-21T13:24:10+00:00\",\"dateModified\":\"2016-11-21T18:53:16+00:00\",\"breadcrumb\":{\"@id\":\"https:\/\/kapitalis.com\/tunisie\/2016\/11\/21\/bardo-des-proches-victimes-francaises-outres-par-lattitude-de-caid-essebsi\/#breadcrumb\"},\"inLanguage\":\"fr-FR\",\"potentialAction\":[{\"@type\":\"ReadAction\",\"target\":[\"https:\/\/kapitalis.com\/tunisie\/2016\/11\/21\/bardo-des-proches-victimes-francaises-outres-par-lattitude-de-caid-essebsi\/\"]}]},{\"@type\":\"ImageObject\",\"inLanguage\":\"fr-FR\",\"@id\":\"https:\/\/kapitalis.com\/tunisie\/2016\/11\/21\/bardo-des-proches-victimes-francaises-outres-par-lattitude-de-caid-essebsi\/#primaryimage\",\"url\":\"\",\"contentUrl\":\"\"},{\"@type\":\"BreadcrumbList\",\"@id\":\"https:\/\/kapitalis.com\/tunisie\/2016\/11\/21\/bardo-des-proches-victimes-francaises-outres-par-lattitude-de-caid-essebsi\/#breadcrumb\",\"itemListElement\":[{\"@type\":\"ListItem\",\"position\":1,\"name\":\"Accueil\",\"item\":\"https:\/\/kapitalis.com\/tunisie\/\"},{\"@type\":\"ListItem\",\"position\":2,\"name\":\"Bardo : Des proches des victimes fran\u00e7aises outr\u00e9s par l&rsquo;attitude de Ca\u00efd Essebsi\"}]},{\"@type\":\"WebSite\",\"@id\":\"https:\/\/kapitalis.com\/tunisie\/#website\",\"url\":\"https:\/\/kapitalis.com\/tunisie\/\",\"name\":\"Kapitalis\",\"description\":\"L&#039;actualit\u00e9 en Tunisie et dans le monde\",\"publisher\":{\"@id\":\"https:\/\/kapitalis.com\/tunisie\/#organization\"},\"potentialAction\":[{\"@type\":\"SearchAction\",\"target\":{\"@type\":\"EntryPoint\",\"urlTemplate\":\"https:\/\/kapitalis.com\/tunisie\/?s={search_term_string}\"},\"query-input\":{\"@type\":\"PropertyValueSpecification\",\"valueRequired\":true,\"valueName\":\"search_term_string\"}}],\"inLanguage\":\"fr-FR\"},{\"@type\":\"Organization\",\"@id\":\"https:\/\/kapitalis.com\/tunisie\/#organization\",\"name\":\"Kapitalis\",\"url\":\"https:\/\/kapitalis.com\/tunisie\/\",\"logo\":{\"@type\":\"ImageObject\",\"inLanguage\":\"fr-FR\",\"@id\":\"https:\/\/kapitalis.com\/tunisie\/#\/schema\/logo\/image\/\",\"url\":\"https:\/\/kapitalis.com\/tunisie\/wp-content\/uploads\/2022\/05\/Kapitalis-big-size.png\",\"contentUrl\":\"https:\/\/kapitalis.com\/tunisie\/wp-content\/uploads\/2022\/05\/Kapitalis-big-size.png\",\"width\":5000,\"height\":1500,\"caption\":\"Kapitalis\"},\"image\":{\"@id\":\"https:\/\/kapitalis.com\/tunisie\/#\/schema\/logo\/image\/\"},\"sameAs\":[\"https:\/\/www.facebook.com\/KapitalisInfo\/\",\"https:\/\/x.com\/KapitalisInfo\",\"https:\/\/www.youtube.com\/channel\/UC-yDYrHyfFBWWZaOw3FPg9Q\"]},{\"@type\":\"Person\",\"@id\":\"https:\/\/kapitalis.com\/tunisie\/#\/schema\/person\/74bbde0154d49d790a92aaeac5bc01d5\",\"name\":\"Yusra NY\",\"url\":\"https:\/\/kapitalis.com\/tunisie\/author\/yuza_adam\/\"}]}<\/script>\n<!-- \/ Yoast SEO plugin. -->","yoast_head_json":{"title":"Bardo : Des proches des victimes fran\u00e7aises outr\u00e9s par l'attitude de Ca\u00efd Essebsi - Kapitalis","robots":{"index":"index","follow":"follow","max-snippet":"max-snippet:-1","max-image-preview":"max-image-preview:large","max-video-preview":"max-video-preview:-1"},"canonical":"https:\/\/kapitalis.com\/tunisie\/2016\/11\/21\/bardo-des-proches-victimes-francaises-outres-par-lattitude-de-caid-essebsi\/","og_locale":"fr_FR","og_type":"article","og_title":"Bardo : Des proches des victimes fran\u00e7aises outr\u00e9s par l'attitude de Ca\u00efd Essebsi - Kapitalis","og_description":"Des proches des victimes fran\u00e7aises de l\u2019attentat du Bardo, se disent choqu\u00e9s par l&rsquo;attitude du pr\u00e9sident de la r\u00e9publique Beji Ca\u00efd Essebsi.","og_url":"https:\/\/kapitalis.com\/tunisie\/2016\/11\/21\/bardo-des-proches-victimes-francaises-outres-par-lattitude-de-caid-essebsi\/","og_site_name":"Kapitalis","article_publisher":"https:\/\/www.facebook.com\/KapitalisInfo\/","article_published_time":"2016-11-21T13:24:10+00:00","article_modified_time":"2016-11-21T18:53:16+00:00","og_image":[{"width":1200,"height":630,"url":"https:\/\/kapitalis.com\/tunisie\/wp-content\/uploads\/2022\/05\/kapitalis-logo-fb.png","type":"image\/png"}],"author":"Yusra NY","twitter_card":"summary_large_image","twitter_creator":"@KapitalisInfo","twitter_site":"@KapitalisInfo","twitter_misc":{"\u00c9crit par":"Yusra NY","Dur\u00e9e de lecture estim\u00e9e":"2 minutes"},"schema":{"@context":"https:\/\/schema.org","@graph":[{"@type":"Article","@id":"https:\/\/kapitalis.com\/tunisie\/2016\/11\/21\/bardo-des-proches-victimes-francaises-outres-par-lattitude-de-caid-essebsi\/#article","isPartOf":{"@id":"https:\/\/kapitalis.com\/tunisie\/2016\/11\/21\/bardo-des-proches-victimes-francaises-outres-par-lattitude-de-caid-essebsi\/"},"author":{"name":"Yusra NY","@id":"https:\/\/kapitalis.com\/tunisie\/#\/schema\/person\/74bbde0154d49d790a92aaeac5bc01d5"},"headline":"Bardo : Des proches des victimes fran\u00e7aises outr\u00e9s par l&rsquo;attitude de Ca\u00efd Essebsi","datePublished":"2016-11-21T13:24:10+00:00","dateModified":"2016-11-21T18:53:16+00:00","mainEntityOfPage":{"@id":"https:\/\/kapitalis.com\/tunisie\/2016\/11\/21\/bardo-des-proches-victimes-francaises-outres-par-lattitude-de-caid-essebsi\/"},"wordCount":476,"commentCount":40,"publisher":{"@id":"https:\/\/kapitalis.com\/tunisie\/#organization"},"image":{"@id":"https:\/\/kapitalis.com\/tunisie\/2016\/11\/21\/bardo-des-proches-victimes-francaises-outres-par-lattitude-de-caid-essebsi\/#primaryimage"},"thumbnailUrl":"","keywords":["attaque terroriste","attentat Bardo","Bardo","mus\u00e9e","pr\u00e9sident r\u00e9publique","victimes fran\u00e7aises"],"articleSection":["POLITIQUE","Tunisie","VIDEOS"],"inLanguage":"fr-FR","potentialAction":[{"@type":"CommentAction","name":"Comment","target":["https:\/\/kapitalis.com\/tunisie\/2016\/11\/21\/bardo-des-proches-victimes-francaises-outres-par-lattitude-de-caid-essebsi\/#respond"]}]},{"@type":"WebPage","@id":"https:\/\/kapitalis.com\/tunisie\/2016\/11\/21\/bardo-des-proches-victimes-francaises-outres-par-lattitude-de-caid-essebsi\/","url":"https:\/\/kapitalis.com\/tunisie\/2016\/11\/21\/bardo-des-proches-victimes-francaises-outres-par-lattitude-de-caid-essebsi\/","name":"Bardo : Des proches des victimes fran\u00e7aises outr\u00e9s par l'attitude de Ca\u00efd Essebsi - Kapitalis","isPartOf":{"@id":"https:\/\/kapitalis.com\/tunisie\/#website"},"primaryImageOfPage":{"@id":"https:\/\/kapitalis.com\/tunisie\/2016\/11\/21\/bardo-des-proches-victimes-francaises-outres-par-lattitude-de-caid-essebsi\/#primaryimage"},"image":{"@id":"https:\/\/kapitalis.com\/tunisie\/2016\/11\/21\/bardo-des-proches-victimes-francaises-outres-par-lattitude-de-caid-essebsi\/#primaryimage"},"thumbnailUrl":"","datePublished":"2016-11-21T13:24:10+00:00","dateModified":"2016-11-21T18:53:16+00:00","breadcrumb":{"@id":"https:\/\/kapitalis.com\/tunisie\/2016\/11\/21\/bardo-des-proches-victimes-francaises-outres-par-lattitude-de-caid-essebsi\/#breadcrumb"},"inLanguage":"fr-FR","potentialAction":[{"@type":"ReadAction","target":["https:\/\/kapitalis.com\/tunisie\/2016\/11\/21\/bardo-des-proches-victimes-francaises-outres-par-lattitude-de-caid-essebsi\/"]}]},{"@type":"ImageObject","inLanguage":"fr-FR","@id":"https:\/\/kapitalis.com\/tunisie\/2016\/11\/21\/bardo-des-proches-victimes-francaises-outres-par-lattitude-de-caid-essebsi\/#primaryimage","url":"","contentUrl":""},{"@type":"BreadcrumbList","@id":"https:\/\/kapitalis.com\/tunisie\/2016\/11\/21\/bardo-des-proches-victimes-francaises-outres-par-lattitude-de-caid-essebsi\/#breadcrumb","itemListElement":[{"@type":"ListItem","position":1,"name":"Accueil","item":"https:\/\/kapitalis.com\/tunisie\/"},{"@type":"ListItem","position":2,"name":"Bardo : Des proches des victimes fran\u00e7aises outr\u00e9s par l&rsquo;attitude de Ca\u00efd Essebsi"}]},{"@type":"WebSite","@id":"https:\/\/kapitalis.com\/tunisie\/#website","url":"https:\/\/kapitalis.com\/tunisie\/","name":"Kapitalis","description":"L&#039;actualit\u00e9 en Tunisie et dans le monde","publisher":{"@id":"https:\/\/kapitalis.com\/tunisie\/#organization"},"potentialAction":[{"@type":"SearchAction","target":{"@type":"EntryPoint","urlTemplate":"https:\/\/kapitalis.com\/tunisie\/?s={search_term_string}"},"query-input":{"@type":"PropertyValueSpecification","valueRequired":true,"valueName":"search_term_string"}}],"inLanguage":"fr-FR"},{"@type":"Organization","@id":"https:\/\/kapitalis.com\/tunisie\/#organization","name":"Kapitalis","url":"https:\/\/kapitalis.com\/tunisie\/","logo":{"@type":"ImageObject","inLanguage":"fr-FR","@id":"https:\/\/kapitalis.com\/tunisie\/#\/schema\/logo\/image\/","url":"https:\/\/kapitalis.com\/tunisie\/wp-content\/uploads\/2022\/05\/Kapitalis-big-size.png","contentUrl":"https:\/\/kapitalis.com\/tunisie\/wp-content\/uploads\/2022\/05\/Kapitalis-big-size.png","width":5000,"height":1500,"caption":"Kapitalis"},"image":{"@id":"https:\/\/kapitalis.com\/tunisie\/#\/schema\/logo\/image\/"},"sameAs":["https:\/\/www.facebook.com\/KapitalisInfo\/","https:\/\/x.com\/KapitalisInfo","https:\/\/www.youtube.com\/channel\/UC-yDYrHyfFBWWZaOw3FPg9Q"]},{"@type":"Person","@id":"https:\/\/kapitalis.com\/tunisie\/#\/schema\/person\/74bbde0154d49d790a92aaeac5bc01d5","name":"Yusra NY","url":"https:\/\/kapitalis.com\/tunisie\/author\/yuza_adam\/"}]}},"_links":{"self":[{"href":"https:\/\/kapitalis.com\/tunisie\/wp-json\/wp\/v2\/posts\/72828","targetHints":{"allow":["GET"]}}],"collection":[{"href":"https:\/\/kapitalis.com\/tunisie\/wp-json\/wp\/v2\/posts"}],"about":[{"href":"https:\/\/kapitalis.com\/tunisie\/wp-json\/wp\/v2\/types\/post"}],"author":[{"embeddable":true,"href":"https:\/\/kapitalis.com\/tunisie\/wp-json\/wp\/v2\/users\/6"}],"replies":[{"embeddable":true,"href":"https:\/\/kapitalis.com\/tunisie\/wp-json\/wp\/v2\/comments?post=72828"}],"version-history":[{"count":0,"href":"https:\/\/kapitalis.com\/tunisie\/wp-json\/wp\/v2\/posts\/72828\/revisions"}],"wp:featuredmedia":[{"embeddable":true,"href":"https:\/\/kapitalis.com\/tunisie\/wp-json\/wp\/v2\/media\/72832"}],"wp:attachment":[{"href":"https:\/\/kapitalis.com\/tunisie\/wp-json\/wp\/v2\/media?parent=72828"}],"wp:term":[{"taxonomy":"category","embeddable":true,"href":"https:\/\/kapitalis.com\/tunisie\/wp-json\/wp\/v2\/categories?post=72828"},{"taxonomy":"post_tag","embeddable":true,"href":"https:\/\/kapitalis.com\/tunisie\/wp-json\/wp\/v2\/tags?post=72828"}],"curies":[{"name":"wp","href":"https:\/\/api.w.org\/{rel}","templated":true}]}}