{"id":72830,"date":"2016-11-22T17:25:44","date_gmt":"2016-11-22T16:25:44","guid":{"rendered":"http:\/\/kapitalis.com\/tunisie\/?p=72830"},"modified":"2016-11-22T17:46:26","modified_gmt":"2016-11-22T16:46:26","slug":"la-biat-a-lecoute-de-ses-clients-entreprises-a-sousse-et-sfax","status":"publish","type":"post","link":"https:\/\/kapitalis.com\/tunisie\/2016\/11\/22\/la-biat-a-lecoute-de-ses-clients-entreprises-a-sousse-et-sfax\/","title":{"rendered":"La Biat \u00e0 l\u2019\u00e9coute de ses clients \u2018Entreprises\u2019 \u00e0 Sousse et Sfax"},"content":{"rendered":"<p style=\"text-align: center;\"><img loading=\"lazy\" decoding=\"async\" class=\"alignnone size-full wp-image-72987\" src=\"http:\/\/kapitalis.com\/tunisie\/wp-content\/uploads\/2016\/11\/Biat-1.jpg\" alt=\"biat-1\" width=\"626\" height=\"380\" \/><\/p>\n<p><em><strong>La Biat a organis\u00e9 en l\u2019honneur de sa client\u00e8le \u2018Entreprises\u2019 \u00e0 Sousse et \u00e0 Sfax deux \u00e9v\u00e9nements les 11 et le 18 novembre courant.<\/strong><\/em><\/p>\n<p><!--more--><\/p>\n<p>C\u2019\u00e9tait l\u2019occasion pour les responsables de la Banque internationale arabe de Tunisie (Biat) d\u2019aller \u00e0 la rencontre de la client\u00e8le &lsquo;Entreprises&rsquo;, dont pr\u00e8s de 500,\u00a0responsables de grands groupes d\u2019affaires et de petites et moyennes entreprises, repr\u00e9sentatifs des secteurs de l\u2019\u00e9conomie tunisienne et du tissu \u00e9conomique local,\u00a0ainsi que\u00a0des membres de leurs \u00e9quipes, qui ont r\u00e9pondu \u00e0 l&rsquo;invitation et pris part \u00e0 la r\u00e9ception, et d&rsquo;\u00e9changer avec eux sur leurs besoins et attentes, dans une ambiance conviviale autour d\u2019un cocktail.<\/p>\n<p>Mohamed Agrebi, directeur g\u00e9n\u00e9ral de la Biat,\u00a0entour\u00e9 de l\u2019\u00e9quipe dirigeante de l&rsquo;\u00e9tablissement et des responsables de la banque de d\u00e9tail et de la banque de financement et d\u2019investissement,\u00a0a profit\u00e9 de l\u2019occasion pour pr\u00e9senter les grands axes de la strat\u00e9gie de la banque, les projets mis en place en mati\u00e8re d\u2019am\u00e9lioration de l\u2019offre de produits et services pour les entreprises,\u00a0dont le P\u00f4le de conseil et restructuration et le P\u00f4le PME, mettant l\u2019accent sur l\u2019engagement de la banque aupr\u00e8s de la client\u00e8le \u00e0 continuer \u00e0 am\u00e9liorer la qualit\u00e9 des services offerts.<\/p>\n<p>Le directeur g\u00e9n\u00e9ral a \u00e9galement mis l\u2019accent sur l\u2019offre du Groupe Biat et la prise en charge offerte aux investisseurs. Il a, enfin, pr\u00e9sent\u00e9 le r\u00f4le que joue la Biat dans la sph\u00e8re soci\u00e9tale et notamment les projets men\u00e9s par la Fondation Biat pour la jeunesse au profit de l\u2019\u00e9ducation de la jeunesse tunisienne et du d\u00e9veloppement de la culture entrepreneuriale.<\/p>\n<p>Ont \u00e9galement pris part aux \u00e9v\u00e9nements de Sousse et de Sfax\u00a0l\u2019ensemble des responsables du r\u00e9seau commercial de la Biat : directeurs r\u00e9gionaux, directeurs d\u2019agences, les directeurs de groupes et de grandes entreprises et les charg\u00e9s d\u2019affaires.<\/p>\n<p>Ces \u00e9v\u00e9nements s\u2019inscrivent dans le cadre de la strat\u00e9gie de proximit\u00e9 de la banque et sa volont\u00e9 d\u2019accompagner le d\u00e9veloppement de ses clients sur tous les secteurs de l\u2019\u00e9conomie, \u00e0 tous les stades de leur d\u00e9veloppement et d\u2019\u00eatre plus proche d\u2019eux surtout dans un contexte de crise.<\/p>\n<p>Class\u00e9e premi\u00e8re banque tunisienne sur la plupart des indicateurs, avec une part de 17,4% dans les d\u00e9p\u00f4ts des 10 premi\u00e8res banques de la place et 200 agences sur tout le territoire, la Biat est une banque universelle pr\u00e9sente sur tous les corps de m\u00e9tiers de la banque, de l\u2019assurance et des services financiers. Ses 2.460 collaborateurs sont au service de tous ses clients : particuliers, professionnels, PME, grandes entreprises et institutionnels.<\/p>\n<p style=\"text-align: center;\"><img loading=\"lazy\" decoding=\"async\" class=\"alignnone size-full wp-image-72988\" src=\"http:\/\/kapitalis.com\/tunisie\/wp-content\/uploads\/2016\/11\/Biat-2.jpg\" alt=\"biat-2\" width=\"500\" height=\"300\" \/><\/p>\n<p>Tr\u00e8s attentive \u00e0 sa responsabilit\u00e9 soci\u00e9tale, la Biat a traduit son positionnement citoyen par de nombreux engagements.<\/p>\n<p>La cr\u00e9ation de la Fondation Biat pour la jeunesse tunisienne, au printemps 2014, est embl\u00e9matique et ancre cet engagement de fa\u00e7on p\u00e9renne.<\/p>\n<p>Se voulant banque de proximit\u00e9, la Biat est toujours \u00e0 l\u2019\u00e9coute de ses clients et multiplie les occasions pour aller \u00e0 leur rencontre partout dans le pays.<\/p>\n<p style=\"text-align: right;\"><strong>I. B. <\/strong><em>(avec communiqu\u00e9).<\/em><\/p>\n","protected":false},"excerpt":{"rendered":"<p>La Biat a organis\u00e9 en l\u2019honneur de sa client\u00e8le \u2018Entreprises\u2019 \u00e0 Sousse et \u00e0 Sfax deux \u00e9v\u00e9nements les 11 et le 18 novembre courant.<\/p>\n","protected":false},"author":8,"featured_media":72831,"comment_status":"open","ping_status":"open","sticky":false,"template":"","format":"standard","meta":{"footnotes":""},"categories":[995,2433],"tags":[146,21137],"class_list":["post-72830","post","type-post","status-publish","format-standard","has-post-thumbnail","hentry","category-economie","category-tunisie","tag-biat","tag-mohamed-agrebi"],"yoast_head":"<!-- This site is optimized with the Yoast SEO plugin v26.6 - https:\/\/yoast.com\/wordpress\/plugins\/seo\/ -->\n<title>La Biat \u00e0 l\u2019\u00e9coute de ses clients \u2018Entreprises\u2019 \u00e0 Sousse et Sfax - Kapitalis<\/title>\n<meta name=\"robots\" content=\"index, follow, max-snippet:-1, max-image-preview:large, max-video-preview:-1\" \/>\n<link rel=\"canonical\" href=\"https:\/\/kapitalis.com\/tunisie\/2016\/11\/22\/la-biat-a-lecoute-de-ses-clients-entreprises-a-sousse-et-sfax\/\" \/>\n<meta property=\"og:locale\" content=\"fr_FR\" \/>\n<meta property=\"og:type\" content=\"article\" \/>\n<meta property=\"og:title\" content=\"La Biat \u00e0 l\u2019\u00e9coute de ses clients \u2018Entreprises\u2019 \u00e0 Sousse et Sfax - Kapitalis\" \/>\n<meta property=\"og:description\" content=\"La Biat a organis\u00e9 en l\u2019honneur de sa client\u00e8le \u2018Entreprises\u2019 \u00e0 Sousse et \u00e0 Sfax deux \u00e9v\u00e9nements les 11 et le 18 novembre courant.\" \/>\n<meta property=\"og:url\" content=\"https:\/\/kapitalis.com\/tunisie\/2016\/11\/22\/la-biat-a-lecoute-de-ses-clients-entreprises-a-sousse-et-sfax\/\" \/>\n<meta property=\"og:site_name\" content=\"Kapitalis\" \/>\n<meta property=\"article:publisher\" content=\"https:\/\/www.facebook.com\/KapitalisInfo\/\" \/>\n<meta property=\"article:published_time\" content=\"2016-11-22T16:25:44+00:00\" \/>\n<meta property=\"article:modified_time\" content=\"2016-11-22T16:46:26+00:00\" \/>\n<meta property=\"og:image\" content=\"https:\/\/kapitalis.com\/tunisie\/wp-content\/uploads\/2022\/05\/kapitalis-logo-fb.png\" \/>\n\t<meta property=\"og:image:width\" content=\"1200\" \/>\n\t<meta property=\"og:image:height\" content=\"630\" \/>\n\t<meta property=\"og:image:type\" content=\"image\/png\" \/>\n<meta name=\"author\" content=\"webmaster kapitalis\" \/>\n<meta name=\"twitter:card\" content=\"summary_large_image\" \/>\n<meta name=\"twitter:creator\" content=\"@KapitalisInfo\" \/>\n<meta name=\"twitter:site\" content=\"@KapitalisInfo\" \/>\n<meta name=\"twitter:label1\" content=\"\u00c9crit par\" \/>\n\t<meta name=\"twitter:data1\" content=\"webmaster kapitalis\" \/>\n\t<meta name=\"twitter:label2\" content=\"Dur\u00e9e de lecture estim\u00e9e\" \/>\n\t<meta name=\"twitter:data2\" content=\"3 minutes\" \/>\n<script type=\"application\/ld+json\" class=\"yoast-schema-graph\">{\"@context\":\"https:\/\/schema.org\",\"@graph\":[{\"@type\":\"Article\",\"@id\":\"https:\/\/kapitalis.com\/tunisie\/2016\/11\/22\/la-biat-a-lecoute-de-ses-clients-entreprises-a-sousse-et-sfax\/#article\",\"isPartOf\":{\"@id\":\"https:\/\/kapitalis.com\/tunisie\/2016\/11\/22\/la-biat-a-lecoute-de-ses-clients-entreprises-a-sousse-et-sfax\/\"},\"author\":{\"name\":\"webmaster kapitalis\",\"@id\":\"https:\/\/kapitalis.com\/tunisie\/#\/schema\/person\/d71f33a9ca44f7bad4698210b480c8e9\"},\"headline\":\"La Biat \u00e0 l\u2019\u00e9coute de ses clients \u2018Entreprises\u2019 \u00e0 Sousse et Sfax\",\"datePublished\":\"2016-11-22T16:25:44+00:00\",\"dateModified\":\"2016-11-22T16:46:26+00:00\",\"mainEntityOfPage\":{\"@id\":\"https:\/\/kapitalis.com\/tunisie\/2016\/11\/22\/la-biat-a-lecoute-de-ses-clients-entreprises-a-sousse-et-sfax\/\"},\"wordCount\":550,\"commentCount\":1,\"publisher\":{\"@id\":\"https:\/\/kapitalis.com\/tunisie\/#organization\"},\"image\":{\"@id\":\"https:\/\/kapitalis.com\/tunisie\/2016\/11\/22\/la-biat-a-lecoute-de-ses-clients-entreprises-a-sousse-et-sfax\/#primaryimage\"},\"thumbnailUrl\":\"\",\"keywords\":[\"Biat\",\"Mohamed Agrebi\"],\"articleSection\":[\"ECONOMIE\",\"Tunisie\"],\"inLanguage\":\"fr-FR\",\"potentialAction\":[{\"@type\":\"CommentAction\",\"name\":\"Comment\",\"target\":[\"https:\/\/kapitalis.com\/tunisie\/2016\/11\/22\/la-biat-a-lecoute-de-ses-clients-entreprises-a-sousse-et-sfax\/#respond\"]}]},{\"@type\":\"WebPage\",\"@id\":\"https:\/\/kapitalis.com\/tunisie\/2016\/11\/22\/la-biat-a-lecoute-de-ses-clients-entreprises-a-sousse-et-sfax\/\",\"url\":\"https:\/\/kapitalis.com\/tunisie\/2016\/11\/22\/la-biat-a-lecoute-de-ses-clients-entreprises-a-sousse-et-sfax\/\",\"name\":\"La Biat \u00e0 l\u2019\u00e9coute de ses clients \u2018Entreprises\u2019 \u00e0 Sousse et Sfax - Kapitalis\",\"isPartOf\":{\"@id\":\"https:\/\/kapitalis.com\/tunisie\/#website\"},\"primaryImageOfPage\":{\"@id\":\"https:\/\/kapitalis.com\/tunisie\/2016\/11\/22\/la-biat-a-lecoute-de-ses-clients-entreprises-a-sousse-et-sfax\/#primaryimage\"},\"image\":{\"@id\":\"https:\/\/kapitalis.com\/tunisie\/2016\/11\/22\/la-biat-a-lecoute-de-ses-clients-entreprises-a-sousse-et-sfax\/#primaryimage\"},\"thumbnailUrl\":\"\",\"datePublished\":\"2016-11-22T16:25:44+00:00\",\"dateModified\":\"2016-11-22T16:46:26+00:00\",\"breadcrumb\":{\"@id\":\"https:\/\/kapitalis.com\/tunisie\/2016\/11\/22\/la-biat-a-lecoute-de-ses-clients-entreprises-a-sousse-et-sfax\/#breadcrumb\"},\"inLanguage\":\"fr-FR\",\"potentialAction\":[{\"@type\":\"ReadAction\",\"target\":[\"https:\/\/kapitalis.com\/tunisie\/2016\/11\/22\/la-biat-a-lecoute-de-ses-clients-entreprises-a-sousse-et-sfax\/\"]}]},{\"@type\":\"ImageObject\",\"inLanguage\":\"fr-FR\",\"@id\":\"https:\/\/kapitalis.com\/tunisie\/2016\/11\/22\/la-biat-a-lecoute-de-ses-clients-entreprises-a-sousse-et-sfax\/#primaryimage\",\"url\":\"\",\"contentUrl\":\"\"},{\"@type\":\"BreadcrumbList\",\"@id\":\"https:\/\/kapitalis.com\/tunisie\/2016\/11\/22\/la-biat-a-lecoute-de-ses-clients-entreprises-a-sousse-et-sfax\/#breadcrumb\",\"itemListElement\":[{\"@type\":\"ListItem\",\"position\":1,\"name\":\"Accueil\",\"item\":\"https:\/\/kapitalis.com\/tunisie\/\"},{\"@type\":\"ListItem\",\"position\":2,\"name\":\"La Biat \u00e0 l\u2019\u00e9coute de ses clients \u2018Entreprises\u2019 \u00e0 Sousse et Sfax\"}]},{\"@type\":\"WebSite\",\"@id\":\"https:\/\/kapitalis.com\/tunisie\/#website\",\"url\":\"https:\/\/kapitalis.com\/tunisie\/\",\"name\":\"Kapitalis\",\"description\":\"L&#039;actualit\u00e9 en Tunisie et dans le monde\",\"publisher\":{\"@id\":\"https:\/\/kapitalis.com\/tunisie\/#organization\"},\"potentialAction\":[{\"@type\":\"SearchAction\",\"target\":{\"@type\":\"EntryPoint\",\"urlTemplate\":\"https:\/\/kapitalis.com\/tunisie\/?s={search_term_string}\"},\"query-input\":{\"@type\":\"PropertyValueSpecification\",\"valueRequired\":true,\"valueName\":\"search_term_string\"}}],\"inLanguage\":\"fr-FR\"},{\"@type\":\"Organization\",\"@id\":\"https:\/\/kapitalis.com\/tunisie\/#organization\",\"name\":\"Kapitalis\",\"url\":\"https:\/\/kapitalis.com\/tunisie\/\",\"logo\":{\"@type\":\"ImageObject\",\"inLanguage\":\"fr-FR\",\"@id\":\"https:\/\/kapitalis.com\/tunisie\/#\/schema\/logo\/image\/\",\"url\":\"https:\/\/kapitalis.com\/tunisie\/wp-content\/uploads\/2022\/05\/Kapitalis-big-size.png\",\"contentUrl\":\"https:\/\/kapitalis.com\/tunisie\/wp-content\/uploads\/2022\/05\/Kapitalis-big-size.png\",\"width\":5000,\"height\":1500,\"caption\":\"Kapitalis\"},\"image\":{\"@id\":\"https:\/\/kapitalis.com\/tunisie\/#\/schema\/logo\/image\/\"},\"sameAs\":[\"https:\/\/www.facebook.com\/KapitalisInfo\/\",\"https:\/\/x.com\/KapitalisInfo\",\"https:\/\/www.youtube.com\/channel\/UC-yDYrHyfFBWWZaOw3FPg9Q\"]},{\"@type\":\"Person\",\"@id\":\"https:\/\/kapitalis.com\/tunisie\/#\/schema\/person\/d71f33a9ca44f7bad4698210b480c8e9\",\"name\":\"webmaster kapitalis\",\"url\":\"https:\/\/kapitalis.com\/tunisie\/author\/webmaster-kapitalis\/\"}]}<\/script>\n<!-- \/ Yoast SEO plugin. -->","yoast_head_json":{"title":"La Biat \u00e0 l\u2019\u00e9coute de ses clients \u2018Entreprises\u2019 \u00e0 Sousse et Sfax - Kapitalis","robots":{"index":"index","follow":"follow","max-snippet":"max-snippet:-1","max-image-preview":"max-image-preview:large","max-video-preview":"max-video-preview:-1"},"canonical":"https:\/\/kapitalis.com\/tunisie\/2016\/11\/22\/la-biat-a-lecoute-de-ses-clients-entreprises-a-sousse-et-sfax\/","og_locale":"fr_FR","og_type":"article","og_title":"La Biat \u00e0 l\u2019\u00e9coute de ses clients \u2018Entreprises\u2019 \u00e0 Sousse et Sfax - Kapitalis","og_description":"La Biat a organis\u00e9 en l\u2019honneur de sa client\u00e8le \u2018Entreprises\u2019 \u00e0 Sousse et \u00e0 Sfax deux \u00e9v\u00e9nements les 11 et le 18 novembre courant.","og_url":"https:\/\/kapitalis.com\/tunisie\/2016\/11\/22\/la-biat-a-lecoute-de-ses-clients-entreprises-a-sousse-et-sfax\/","og_site_name":"Kapitalis","article_publisher":"https:\/\/www.facebook.com\/KapitalisInfo\/","article_published_time":"2016-11-22T16:25:44+00:00","article_modified_time":"2016-11-22T16:46:26+00:00","og_image":[{"width":1200,"height":630,"url":"https:\/\/kapitalis.com\/tunisie\/wp-content\/uploads\/2022\/05\/kapitalis-logo-fb.png","type":"image\/png"}],"author":"webmaster kapitalis","twitter_card":"summary_large_image","twitter_creator":"@KapitalisInfo","twitter_site":"@KapitalisInfo","twitter_misc":{"\u00c9crit par":"webmaster kapitalis","Dur\u00e9e de lecture estim\u00e9e":"3 minutes"},"schema":{"@context":"https:\/\/schema.org","@graph":[{"@type":"Article","@id":"https:\/\/kapitalis.com\/tunisie\/2016\/11\/22\/la-biat-a-lecoute-de-ses-clients-entreprises-a-sousse-et-sfax\/#article","isPartOf":{"@id":"https:\/\/kapitalis.com\/tunisie\/2016\/11\/22\/la-biat-a-lecoute-de-ses-clients-entreprises-a-sousse-et-sfax\/"},"author":{"name":"webmaster kapitalis","@id":"https:\/\/kapitalis.com\/tunisie\/#\/schema\/person\/d71f33a9ca44f7bad4698210b480c8e9"},"headline":"La Biat \u00e0 l\u2019\u00e9coute de ses clients \u2018Entreprises\u2019 \u00e0 Sousse et Sfax","datePublished":"2016-11-22T16:25:44+00:00","dateModified":"2016-11-22T16:46:26+00:00","mainEntityOfPage":{"@id":"https:\/\/kapitalis.com\/tunisie\/2016\/11\/22\/la-biat-a-lecoute-de-ses-clients-entreprises-a-sousse-et-sfax\/"},"wordCount":550,"commentCount":1,"publisher":{"@id":"https:\/\/kapitalis.com\/tunisie\/#organization"},"image":{"@id":"https:\/\/kapitalis.com\/tunisie\/2016\/11\/22\/la-biat-a-lecoute-de-ses-clients-entreprises-a-sousse-et-sfax\/#primaryimage"},"thumbnailUrl":"","keywords":["Biat","Mohamed Agrebi"],"articleSection":["ECONOMIE","Tunisie"],"inLanguage":"fr-FR","potentialAction":[{"@type":"CommentAction","name":"Comment","target":["https:\/\/kapitalis.com\/tunisie\/2016\/11\/22\/la-biat-a-lecoute-de-ses-clients-entreprises-a-sousse-et-sfax\/#respond"]}]},{"@type":"WebPage","@id":"https:\/\/kapitalis.com\/tunisie\/2016\/11\/22\/la-biat-a-lecoute-de-ses-clients-entreprises-a-sousse-et-sfax\/","url":"https:\/\/kapitalis.com\/tunisie\/2016\/11\/22\/la-biat-a-lecoute-de-ses-clients-entreprises-a-sousse-et-sfax\/","name":"La Biat \u00e0 l\u2019\u00e9coute de ses clients \u2018Entreprises\u2019 \u00e0 Sousse et Sfax - Kapitalis","isPartOf":{"@id":"https:\/\/kapitalis.com\/tunisie\/#website"},"primaryImageOfPage":{"@id":"https:\/\/kapitalis.com\/tunisie\/2016\/11\/22\/la-biat-a-lecoute-de-ses-clients-entreprises-a-sousse-et-sfax\/#primaryimage"},"image":{"@id":"https:\/\/kapitalis.com\/tunisie\/2016\/11\/22\/la-biat-a-lecoute-de-ses-clients-entreprises-a-sousse-et-sfax\/#primaryimage"},"thumbnailUrl":"","datePublished":"2016-11-22T16:25:44+00:00","dateModified":"2016-11-22T16:46:26+00:00","breadcrumb":{"@id":"https:\/\/kapitalis.com\/tunisie\/2016\/11\/22\/la-biat-a-lecoute-de-ses-clients-entreprises-a-sousse-et-sfax\/#breadcrumb"},"inLanguage":"fr-FR","potentialAction":[{"@type":"ReadAction","target":["https:\/\/kapitalis.com\/tunisie\/2016\/11\/22\/la-biat-a-lecoute-de-ses-clients-entreprises-a-sousse-et-sfax\/"]}]},{"@type":"ImageObject","inLanguage":"fr-FR","@id":"https:\/\/kapitalis.com\/tunisie\/2016\/11\/22\/la-biat-a-lecoute-de-ses-clients-entreprises-a-sousse-et-sfax\/#primaryimage","url":"","contentUrl":""},{"@type":"BreadcrumbList","@id":"https:\/\/kapitalis.com\/tunisie\/2016\/11\/22\/la-biat-a-lecoute-de-ses-clients-entreprises-a-sousse-et-sfax\/#breadcrumb","itemListElement":[{"@type":"ListItem","position":1,"name":"Accueil","item":"https:\/\/kapitalis.com\/tunisie\/"},{"@type":"ListItem","position":2,"name":"La Biat \u00e0 l\u2019\u00e9coute de ses clients \u2018Entreprises\u2019 \u00e0 Sousse et Sfax"}]},{"@type":"WebSite","@id":"https:\/\/kapitalis.com\/tunisie\/#website","url":"https:\/\/kapitalis.com\/tunisie\/","name":"Kapitalis","description":"L&#039;actualit\u00e9 en Tunisie et dans le monde","publisher":{"@id":"https:\/\/kapitalis.com\/tunisie\/#organization"},"potentialAction":[{"@type":"SearchAction","target":{"@type":"EntryPoint","urlTemplate":"https:\/\/kapitalis.com\/tunisie\/?s={search_term_string}"},"query-input":{"@type":"PropertyValueSpecification","valueRequired":true,"valueName":"search_term_string"}}],"inLanguage":"fr-FR"},{"@type":"Organization","@id":"https:\/\/kapitalis.com\/tunisie\/#organization","name":"Kapitalis","url":"https:\/\/kapitalis.com\/tunisie\/","logo":{"@type":"ImageObject","inLanguage":"fr-FR","@id":"https:\/\/kapitalis.com\/tunisie\/#\/schema\/logo\/image\/","url":"https:\/\/kapitalis.com\/tunisie\/wp-content\/uploads\/2022\/05\/Kapitalis-big-size.png","contentUrl":"https:\/\/kapitalis.com\/tunisie\/wp-content\/uploads\/2022\/05\/Kapitalis-big-size.png","width":5000,"height":1500,"caption":"Kapitalis"},"image":{"@id":"https:\/\/kapitalis.com\/tunisie\/#\/schema\/logo\/image\/"},"sameAs":["https:\/\/www.facebook.com\/KapitalisInfo\/","https:\/\/x.com\/KapitalisInfo","https:\/\/www.youtube.com\/channel\/UC-yDYrHyfFBWWZaOw3FPg9Q"]},{"@type":"Person","@id":"https:\/\/kapitalis.com\/tunisie\/#\/schema\/person\/d71f33a9ca44f7bad4698210b480c8e9","name":"webmaster kapitalis","url":"https:\/\/kapitalis.com\/tunisie\/author\/webmaster-kapitalis\/"}]}},"_links":{"self":[{"href":"https:\/\/kapitalis.com\/tunisie\/wp-json\/wp\/v2\/posts\/72830","targetHints":{"allow":["GET"]}}],"collection":[{"href":"https:\/\/kapitalis.com\/tunisie\/wp-json\/wp\/v2\/posts"}],"about":[{"href":"https:\/\/kapitalis.com\/tunisie\/wp-json\/wp\/v2\/types\/post"}],"author":[{"embeddable":true,"href":"https:\/\/kapitalis.com\/tunisie\/wp-json\/wp\/v2\/users\/8"}],"replies":[{"embeddable":true,"href":"https:\/\/kapitalis.com\/tunisie\/wp-json\/wp\/v2\/comments?post=72830"}],"version-history":[{"count":0,"href":"https:\/\/kapitalis.com\/tunisie\/wp-json\/wp\/v2\/posts\/72830\/revisions"}],"wp:featuredmedia":[{"embeddable":true,"href":"https:\/\/kapitalis.com\/tunisie\/wp-json\/wp\/v2\/media\/72831"}],"wp:attachment":[{"href":"https:\/\/kapitalis.com\/tunisie\/wp-json\/wp\/v2\/media?parent=72830"}],"wp:term":[{"taxonomy":"category","embeddable":true,"href":"https:\/\/kapitalis.com\/tunisie\/wp-json\/wp\/v2\/categories?post=72830"},{"taxonomy":"post_tag","embeddable":true,"href":"https:\/\/kapitalis.com\/tunisie\/wp-json\/wp\/v2\/tags?post=72830"}],"curies":[{"name":"wp","href":"https:\/\/api.w.org\/{rel}","templated":true}]}}