{"id":7329244,"date":"2023-04-08T20:56:55","date_gmt":"2023-04-08T19:56:55","guid":{"rendered":"https:\/\/kapitalis.com\/tunisie\/?p=7329244"},"modified":"2023-04-08T21:00:18","modified_gmt":"2023-04-08T20:00:18","slug":"isie-a-propos-des-elections-des-conseils-locaux-et-regionaux","status":"publish","type":"post","link":"https:\/\/kapitalis.com\/tunisie\/2023\/04\/08\/isie-a-propos-des-elections-des-conseils-locaux-et-regionaux\/","title":{"rendered":"Isie : A propos des \u00e9lections des conseils locaux et r\u00e9gionaux"},"content":{"rendered":"\n<p><em><strong>Les \u00e9lections des conseils locaux et r\u00e9gionaux devraient se tenir au plus tard en octobre prochain, a annonc\u00e9 Tlili Mansri, porte-parole de l\u2019Instance sup\u00e9rieure ind\u00e9pendante pour les \u00e9lections (Isie).<\/strong><\/em><\/p>\n\n\n\n<!--more-->\n\n\n\n<p>Dans une d\u00e9claration, ce samedi 8 avril 2023, Tlili Mansri a pr\u00e9cise que la priorit\u00e9 est actuellement donn\u00e9e \u00e0 l\u2019organisation des \u00e9lections du Conseil des r\u00e9gions et des districts, dans la mesure o\u00f9 cette chambre est compl\u00e9mentaire \u00e0 l\u2019Assembl\u00e9e des repr\u00e9sentants du peuple (ARP), a-t-il expliqu\u00e9.<\/p>\n\n\n\n<p>Tout en pr\u00e9cisant que d&rsquo;importants projets de loi, citant notamment la Loi de Finances et des textes relatifs aux plans de d\u00e9veloppement local et r\u00e9gional, doivent \u00eatre approuv\u00e9s par les deux chambres, la m\u00eame source a soulign\u00e9 l&rsquo;importance de donner la priorit\u00e9 aux \u00e9lections des conseils locaux et de mettre en place la 2e chambre du parlement dans les meilleurs d\u00e9lais.<\/p>\n\n\n\n<p>Tlili Mansri a affirm\u00e9, de ce fait, que les \u00e9lections municipales auront lieu ult\u00e9rieurement.<\/p>\n\n\n\n<p class=\"has-text-align-right\"><strong>Y. N.<\/strong><\/p>\n","protected":false},"excerpt":{"rendered":"<p>Isie: A propos des \u00e9lections des conseils locaux et r\u00e9gionaux<\/p>\n","protected":false},"author":6,"featured_media":5203495,"comment_status":"open","ping_status":"open","sticky":false,"template":"","format":"standard","meta":{"footnotes":""},"categories":[997,2433],"tags":[84,107949,313,499,103346],"class_list":["post-7329244","post","type-post","status-publish","format-standard","has-post-thumbnail","hentry","category-politique","category-tunisie","tag-arp","tag-conseils-locaux-et-regionaux","tag-elections","tag-isie","tag-tlili-mansri"],"yoast_head":"<!-- This site is optimized with the Yoast SEO plugin v26.6 - https:\/\/yoast.com\/wordpress\/plugins\/seo\/ -->\n<title>Isie : A propos des \u00e9lections des conseils locaux et r\u00e9gionaux - Kapitalis<\/title>\n<meta name=\"description\" content=\"Les \u00e9lections des conseils locaux et r\u00e9gionaux devraient se tenir au plus tard en octobre prochain, a annonc\u00e9 Tlili Mansri, porte-parole de l\u2019Instance sup\u00e9rieure ind\u00e9pendante pour les \u00e9lections (Isie).\" \/>\n<meta name=\"robots\" content=\"index, follow, max-snippet:-1, max-image-preview:large, max-video-preview:-1\" \/>\n<link rel=\"canonical\" href=\"https:\/\/kapitalis.com\/tunisie\/2023\/04\/08\/isie-a-propos-des-elections-des-conseils-locaux-et-regionaux\/\" \/>\n<meta property=\"og:locale\" content=\"fr_FR\" \/>\n<meta property=\"og:type\" content=\"article\" \/>\n<meta property=\"og:title\" content=\"Isie : A propos des \u00e9lections des conseils locaux et r\u00e9gionaux - Kapitalis\" \/>\n<meta property=\"og:description\" content=\"Les \u00e9lections des conseils locaux et r\u00e9gionaux devraient se tenir au plus tard en octobre prochain, a annonc\u00e9 Tlili Mansri, porte-parole de l\u2019Instance sup\u00e9rieure ind\u00e9pendante pour les \u00e9lections (Isie).\" \/>\n<meta property=\"og:url\" content=\"https:\/\/kapitalis.com\/tunisie\/2023\/04\/08\/isie-a-propos-des-elections-des-conseils-locaux-et-regionaux\/\" \/>\n<meta property=\"og:site_name\" content=\"Kapitalis\" \/>\n<meta property=\"article:publisher\" content=\"https:\/\/www.facebook.com\/KapitalisInfo\/\" \/>\n<meta property=\"article:published_time\" content=\"2023-04-08T19:56:55+00:00\" \/>\n<meta property=\"article:modified_time\" content=\"2023-04-08T20:00:18+00:00\" \/>\n<meta property=\"og:image\" content=\"https:\/\/kapitalis.com\/tunisie\/wp-content\/uploads\/2022\/11\/Elections-Vote.jpg\" \/>\n\t<meta property=\"og:image:width\" content=\"1200\" \/>\n\t<meta property=\"og:image:height\" content=\"630\" \/>\n\t<meta property=\"og:image:type\" content=\"image\/jpeg\" \/>\n<meta name=\"author\" content=\"Yusra NY\" \/>\n<meta name=\"twitter:card\" content=\"summary_large_image\" \/>\n<meta name=\"twitter:creator\" content=\"@KapitalisInfo\" \/>\n<meta name=\"twitter:site\" content=\"@KapitalisInfo\" \/>\n<meta name=\"twitter:label1\" content=\"\u00c9crit par\" \/>\n\t<meta name=\"twitter:data1\" content=\"Yusra NY\" \/>\n\t<meta name=\"twitter:label2\" content=\"Dur\u00e9e de lecture estim\u00e9e\" \/>\n\t<meta name=\"twitter:data2\" content=\"1 minute\" \/>\n<script type=\"application\/ld+json\" class=\"yoast-schema-graph\">{\"@context\":\"https:\/\/schema.org\",\"@graph\":[{\"@type\":\"Article\",\"@id\":\"https:\/\/kapitalis.com\/tunisie\/2023\/04\/08\/isie-a-propos-des-elections-des-conseils-locaux-et-regionaux\/#article\",\"isPartOf\":{\"@id\":\"https:\/\/kapitalis.com\/tunisie\/2023\/04\/08\/isie-a-propos-des-elections-des-conseils-locaux-et-regionaux\/\"},\"author\":{\"name\":\"Yusra NY\",\"@id\":\"https:\/\/kapitalis.com\/tunisie\/#\/schema\/person\/74bbde0154d49d790a92aaeac5bc01d5\"},\"headline\":\"Isie : A propos des \u00e9lections des conseils locaux et r\u00e9gionaux\",\"datePublished\":\"2023-04-08T19:56:55+00:00\",\"dateModified\":\"2023-04-08T20:00:18+00:00\",\"mainEntityOfPage\":{\"@id\":\"https:\/\/kapitalis.com\/tunisie\/2023\/04\/08\/isie-a-propos-des-elections-des-conseils-locaux-et-regionaux\/\"},\"wordCount\":179,\"commentCount\":0,\"publisher\":{\"@id\":\"https:\/\/kapitalis.com\/tunisie\/#organization\"},\"image\":{\"@id\":\"https:\/\/kapitalis.com\/tunisie\/2023\/04\/08\/isie-a-propos-des-elections-des-conseils-locaux-et-regionaux\/#primaryimage\"},\"thumbnailUrl\":\"https:\/\/kapitalis.com\/tunisie\/wp-content\/uploads\/2022\/11\/Elections-Vote.jpg\",\"keywords\":[\"ARP\",\"conseils locaux et r\u00e9gionaux\",\"\u00e9lections\",\"Isie\",\"Tlili Mansri\"],\"articleSection\":[\"POLITIQUE\",\"Tunisie\"],\"inLanguage\":\"fr-FR\",\"potentialAction\":[{\"@type\":\"CommentAction\",\"name\":\"Comment\",\"target\":[\"https:\/\/kapitalis.com\/tunisie\/2023\/04\/08\/isie-a-propos-des-elections-des-conseils-locaux-et-regionaux\/#respond\"]}]},{\"@type\":\"WebPage\",\"@id\":\"https:\/\/kapitalis.com\/tunisie\/2023\/04\/08\/isie-a-propos-des-elections-des-conseils-locaux-et-regionaux\/\",\"url\":\"https:\/\/kapitalis.com\/tunisie\/2023\/04\/08\/isie-a-propos-des-elections-des-conseils-locaux-et-regionaux\/\",\"name\":\"Isie : A propos des \u00e9lections des conseils locaux et r\u00e9gionaux - Kapitalis\",\"isPartOf\":{\"@id\":\"https:\/\/kapitalis.com\/tunisie\/#website\"},\"primaryImageOfPage\":{\"@id\":\"https:\/\/kapitalis.com\/tunisie\/2023\/04\/08\/isie-a-propos-des-elections-des-conseils-locaux-et-regionaux\/#primaryimage\"},\"image\":{\"@id\":\"https:\/\/kapitalis.com\/tunisie\/2023\/04\/08\/isie-a-propos-des-elections-des-conseils-locaux-et-regionaux\/#primaryimage\"},\"thumbnailUrl\":\"https:\/\/kapitalis.com\/tunisie\/wp-content\/uploads\/2022\/11\/Elections-Vote.jpg\",\"datePublished\":\"2023-04-08T19:56:55+00:00\",\"dateModified\":\"2023-04-08T20:00:18+00:00\",\"description\":\"Les \u00e9lections des conseils locaux et r\u00e9gionaux devraient se tenir au plus tard en octobre prochain, a annonc\u00e9 Tlili Mansri, porte-parole de l\u2019Instance sup\u00e9rieure ind\u00e9pendante pour les \u00e9lections (Isie).\",\"breadcrumb\":{\"@id\":\"https:\/\/kapitalis.com\/tunisie\/2023\/04\/08\/isie-a-propos-des-elections-des-conseils-locaux-et-regionaux\/#breadcrumb\"},\"inLanguage\":\"fr-FR\",\"potentialAction\":[{\"@type\":\"ReadAction\",\"target\":[\"https:\/\/kapitalis.com\/tunisie\/2023\/04\/08\/isie-a-propos-des-elections-des-conseils-locaux-et-regionaux\/\"]}]},{\"@type\":\"ImageObject\",\"inLanguage\":\"fr-FR\",\"@id\":\"https:\/\/kapitalis.com\/tunisie\/2023\/04\/08\/isie-a-propos-des-elections-des-conseils-locaux-et-regionaux\/#primaryimage\",\"url\":\"https:\/\/kapitalis.com\/tunisie\/wp-content\/uploads\/2022\/11\/Elections-Vote.jpg\",\"contentUrl\":\"https:\/\/kapitalis.com\/tunisie\/wp-content\/uploads\/2022\/11\/Elections-Vote.jpg\",\"width\":1200,\"height\":630},{\"@type\":\"BreadcrumbList\",\"@id\":\"https:\/\/kapitalis.com\/tunisie\/2023\/04\/08\/isie-a-propos-des-elections-des-conseils-locaux-et-regionaux\/#breadcrumb\",\"itemListElement\":[{\"@type\":\"ListItem\",\"position\":1,\"name\":\"Accueil\",\"item\":\"https:\/\/kapitalis.com\/tunisie\/\"},{\"@type\":\"ListItem\",\"position\":2,\"name\":\"Isie : A propos des \u00e9lections des conseils locaux et r\u00e9gionaux\"}]},{\"@type\":\"WebSite\",\"@id\":\"https:\/\/kapitalis.com\/tunisie\/#website\",\"url\":\"https:\/\/kapitalis.com\/tunisie\/\",\"name\":\"Kapitalis\",\"description\":\"L&#039;actualit\u00e9 en Tunisie et dans le monde\",\"publisher\":{\"@id\":\"https:\/\/kapitalis.com\/tunisie\/#organization\"},\"potentialAction\":[{\"@type\":\"SearchAction\",\"target\":{\"@type\":\"EntryPoint\",\"urlTemplate\":\"https:\/\/kapitalis.com\/tunisie\/?s={search_term_string}\"},\"query-input\":{\"@type\":\"PropertyValueSpecification\",\"valueRequired\":true,\"valueName\":\"search_term_string\"}}],\"inLanguage\":\"fr-FR\"},{\"@type\":\"Organization\",\"@id\":\"https:\/\/kapitalis.com\/tunisie\/#organization\",\"name\":\"Kapitalis\",\"url\":\"https:\/\/kapitalis.com\/tunisie\/\",\"logo\":{\"@type\":\"ImageObject\",\"inLanguage\":\"fr-FR\",\"@id\":\"https:\/\/kapitalis.com\/tunisie\/#\/schema\/logo\/image\/\",\"url\":\"https:\/\/kapitalis.com\/tunisie\/wp-content\/uploads\/2022\/05\/Kapitalis-big-size.png\",\"contentUrl\":\"https:\/\/kapitalis.com\/tunisie\/wp-content\/uploads\/2022\/05\/Kapitalis-big-size.png\",\"width\":5000,\"height\":1500,\"caption\":\"Kapitalis\"},\"image\":{\"@id\":\"https:\/\/kapitalis.com\/tunisie\/#\/schema\/logo\/image\/\"},\"sameAs\":[\"https:\/\/www.facebook.com\/KapitalisInfo\/\",\"https:\/\/x.com\/KapitalisInfo\",\"https:\/\/www.youtube.com\/channel\/UC-yDYrHyfFBWWZaOw3FPg9Q\"]},{\"@type\":\"Person\",\"@id\":\"https:\/\/kapitalis.com\/tunisie\/#\/schema\/person\/74bbde0154d49d790a92aaeac5bc01d5\",\"name\":\"Yusra NY\",\"url\":\"https:\/\/kapitalis.com\/tunisie\/author\/yuza_adam\/\"}]}<\/script>\n<!-- \/ Yoast SEO plugin. -->","yoast_head_json":{"title":"Isie : A propos des \u00e9lections des conseils locaux et r\u00e9gionaux - Kapitalis","description":"Les \u00e9lections des conseils locaux et r\u00e9gionaux devraient se tenir au plus tard en octobre prochain, a annonc\u00e9 Tlili Mansri, porte-parole de l\u2019Instance sup\u00e9rieure ind\u00e9pendante pour les \u00e9lections (Isie).","robots":{"index":"index","follow":"follow","max-snippet":"max-snippet:-1","max-image-preview":"max-image-preview:large","max-video-preview":"max-video-preview:-1"},"canonical":"https:\/\/kapitalis.com\/tunisie\/2023\/04\/08\/isie-a-propos-des-elections-des-conseils-locaux-et-regionaux\/","og_locale":"fr_FR","og_type":"article","og_title":"Isie : A propos des \u00e9lections des conseils locaux et r\u00e9gionaux - Kapitalis","og_description":"Les \u00e9lections des conseils locaux et r\u00e9gionaux devraient se tenir au plus tard en octobre prochain, a annonc\u00e9 Tlili Mansri, porte-parole de l\u2019Instance sup\u00e9rieure ind\u00e9pendante pour les \u00e9lections (Isie).","og_url":"https:\/\/kapitalis.com\/tunisie\/2023\/04\/08\/isie-a-propos-des-elections-des-conseils-locaux-et-regionaux\/","og_site_name":"Kapitalis","article_publisher":"https:\/\/www.facebook.com\/KapitalisInfo\/","article_published_time":"2023-04-08T19:56:55+00:00","article_modified_time":"2023-04-08T20:00:18+00:00","og_image":[{"width":1200,"height":630,"url":"https:\/\/kapitalis.com\/tunisie\/wp-content\/uploads\/2022\/11\/Elections-Vote.jpg","type":"image\/jpeg"}],"author":"Yusra NY","twitter_card":"summary_large_image","twitter_creator":"@KapitalisInfo","twitter_site":"@KapitalisInfo","twitter_misc":{"\u00c9crit par":"Yusra NY","Dur\u00e9e de lecture estim\u00e9e":"1 minute"},"schema":{"@context":"https:\/\/schema.org","@graph":[{"@type":"Article","@id":"https:\/\/kapitalis.com\/tunisie\/2023\/04\/08\/isie-a-propos-des-elections-des-conseils-locaux-et-regionaux\/#article","isPartOf":{"@id":"https:\/\/kapitalis.com\/tunisie\/2023\/04\/08\/isie-a-propos-des-elections-des-conseils-locaux-et-regionaux\/"},"author":{"name":"Yusra NY","@id":"https:\/\/kapitalis.com\/tunisie\/#\/schema\/person\/74bbde0154d49d790a92aaeac5bc01d5"},"headline":"Isie : A propos des \u00e9lections des conseils locaux et r\u00e9gionaux","datePublished":"2023-04-08T19:56:55+00:00","dateModified":"2023-04-08T20:00:18+00:00","mainEntityOfPage":{"@id":"https:\/\/kapitalis.com\/tunisie\/2023\/04\/08\/isie-a-propos-des-elections-des-conseils-locaux-et-regionaux\/"},"wordCount":179,"commentCount":0,"publisher":{"@id":"https:\/\/kapitalis.com\/tunisie\/#organization"},"image":{"@id":"https:\/\/kapitalis.com\/tunisie\/2023\/04\/08\/isie-a-propos-des-elections-des-conseils-locaux-et-regionaux\/#primaryimage"},"thumbnailUrl":"https:\/\/kapitalis.com\/tunisie\/wp-content\/uploads\/2022\/11\/Elections-Vote.jpg","keywords":["ARP","conseils locaux et r\u00e9gionaux","\u00e9lections","Isie","Tlili Mansri"],"articleSection":["POLITIQUE","Tunisie"],"inLanguage":"fr-FR","potentialAction":[{"@type":"CommentAction","name":"Comment","target":["https:\/\/kapitalis.com\/tunisie\/2023\/04\/08\/isie-a-propos-des-elections-des-conseils-locaux-et-regionaux\/#respond"]}]},{"@type":"WebPage","@id":"https:\/\/kapitalis.com\/tunisie\/2023\/04\/08\/isie-a-propos-des-elections-des-conseils-locaux-et-regionaux\/","url":"https:\/\/kapitalis.com\/tunisie\/2023\/04\/08\/isie-a-propos-des-elections-des-conseils-locaux-et-regionaux\/","name":"Isie : A propos des \u00e9lections des conseils locaux et r\u00e9gionaux - Kapitalis","isPartOf":{"@id":"https:\/\/kapitalis.com\/tunisie\/#website"},"primaryImageOfPage":{"@id":"https:\/\/kapitalis.com\/tunisie\/2023\/04\/08\/isie-a-propos-des-elections-des-conseils-locaux-et-regionaux\/#primaryimage"},"image":{"@id":"https:\/\/kapitalis.com\/tunisie\/2023\/04\/08\/isie-a-propos-des-elections-des-conseils-locaux-et-regionaux\/#primaryimage"},"thumbnailUrl":"https:\/\/kapitalis.com\/tunisie\/wp-content\/uploads\/2022\/11\/Elections-Vote.jpg","datePublished":"2023-04-08T19:56:55+00:00","dateModified":"2023-04-08T20:00:18+00:00","description":"Les \u00e9lections des conseils locaux et r\u00e9gionaux devraient se tenir au plus tard en octobre prochain, a annonc\u00e9 Tlili Mansri, porte-parole de l\u2019Instance sup\u00e9rieure ind\u00e9pendante pour les \u00e9lections (Isie).","breadcrumb":{"@id":"https:\/\/kapitalis.com\/tunisie\/2023\/04\/08\/isie-a-propos-des-elections-des-conseils-locaux-et-regionaux\/#breadcrumb"},"inLanguage":"fr-FR","potentialAction":[{"@type":"ReadAction","target":["https:\/\/kapitalis.com\/tunisie\/2023\/04\/08\/isie-a-propos-des-elections-des-conseils-locaux-et-regionaux\/"]}]},{"@type":"ImageObject","inLanguage":"fr-FR","@id":"https:\/\/kapitalis.com\/tunisie\/2023\/04\/08\/isie-a-propos-des-elections-des-conseils-locaux-et-regionaux\/#primaryimage","url":"https:\/\/kapitalis.com\/tunisie\/wp-content\/uploads\/2022\/11\/Elections-Vote.jpg","contentUrl":"https:\/\/kapitalis.com\/tunisie\/wp-content\/uploads\/2022\/11\/Elections-Vote.jpg","width":1200,"height":630},{"@type":"BreadcrumbList","@id":"https:\/\/kapitalis.com\/tunisie\/2023\/04\/08\/isie-a-propos-des-elections-des-conseils-locaux-et-regionaux\/#breadcrumb","itemListElement":[{"@type":"ListItem","position":1,"name":"Accueil","item":"https:\/\/kapitalis.com\/tunisie\/"},{"@type":"ListItem","position":2,"name":"Isie : A propos des \u00e9lections des conseils locaux et r\u00e9gionaux"}]},{"@type":"WebSite","@id":"https:\/\/kapitalis.com\/tunisie\/#website","url":"https:\/\/kapitalis.com\/tunisie\/","name":"Kapitalis","description":"L&#039;actualit\u00e9 en Tunisie et dans le monde","publisher":{"@id":"https:\/\/kapitalis.com\/tunisie\/#organization"},"potentialAction":[{"@type":"SearchAction","target":{"@type":"EntryPoint","urlTemplate":"https:\/\/kapitalis.com\/tunisie\/?s={search_term_string}"},"query-input":{"@type":"PropertyValueSpecification","valueRequired":true,"valueName":"search_term_string"}}],"inLanguage":"fr-FR"},{"@type":"Organization","@id":"https:\/\/kapitalis.com\/tunisie\/#organization","name":"Kapitalis","url":"https:\/\/kapitalis.com\/tunisie\/","logo":{"@type":"ImageObject","inLanguage":"fr-FR","@id":"https:\/\/kapitalis.com\/tunisie\/#\/schema\/logo\/image\/","url":"https:\/\/kapitalis.com\/tunisie\/wp-content\/uploads\/2022\/05\/Kapitalis-big-size.png","contentUrl":"https:\/\/kapitalis.com\/tunisie\/wp-content\/uploads\/2022\/05\/Kapitalis-big-size.png","width":5000,"height":1500,"caption":"Kapitalis"},"image":{"@id":"https:\/\/kapitalis.com\/tunisie\/#\/schema\/logo\/image\/"},"sameAs":["https:\/\/www.facebook.com\/KapitalisInfo\/","https:\/\/x.com\/KapitalisInfo","https:\/\/www.youtube.com\/channel\/UC-yDYrHyfFBWWZaOw3FPg9Q"]},{"@type":"Person","@id":"https:\/\/kapitalis.com\/tunisie\/#\/schema\/person\/74bbde0154d49d790a92aaeac5bc01d5","name":"Yusra NY","url":"https:\/\/kapitalis.com\/tunisie\/author\/yuza_adam\/"}]}},"_links":{"self":[{"href":"https:\/\/kapitalis.com\/tunisie\/wp-json\/wp\/v2\/posts\/7329244","targetHints":{"allow":["GET"]}}],"collection":[{"href":"https:\/\/kapitalis.com\/tunisie\/wp-json\/wp\/v2\/posts"}],"about":[{"href":"https:\/\/kapitalis.com\/tunisie\/wp-json\/wp\/v2\/types\/post"}],"author":[{"embeddable":true,"href":"https:\/\/kapitalis.com\/tunisie\/wp-json\/wp\/v2\/users\/6"}],"replies":[{"embeddable":true,"href":"https:\/\/kapitalis.com\/tunisie\/wp-json\/wp\/v2\/comments?post=7329244"}],"version-history":[{"count":2,"href":"https:\/\/kapitalis.com\/tunisie\/wp-json\/wp\/v2\/posts\/7329244\/revisions"}],"predecessor-version":[{"id":7329841,"href":"https:\/\/kapitalis.com\/tunisie\/wp-json\/wp\/v2\/posts\/7329244\/revisions\/7329841"}],"wp:featuredmedia":[{"embeddable":true,"href":"https:\/\/kapitalis.com\/tunisie\/wp-json\/wp\/v2\/media\/5203495"}],"wp:attachment":[{"href":"https:\/\/kapitalis.com\/tunisie\/wp-json\/wp\/v2\/media?parent=7329244"}],"wp:term":[{"taxonomy":"category","embeddable":true,"href":"https:\/\/kapitalis.com\/tunisie\/wp-json\/wp\/v2\/categories?post=7329244"},{"taxonomy":"post_tag","embeddable":true,"href":"https:\/\/kapitalis.com\/tunisie\/wp-json\/wp\/v2\/tags?post=7329244"}],"curies":[{"name":"wp","href":"https:\/\/api.w.org\/{rel}","templated":true}]}}