{"id":7342133,"date":"2023-04-09T09:43:36","date_gmt":"2023-04-09T08:43:36","guid":{"rendered":"https:\/\/kapitalis.com\/tunisie\/?p=7342133"},"modified":"2023-04-09T09:52:18","modified_gmt":"2023-04-09T08:52:18","slug":"tunisie-lutica-est-elle-prise-en-otage-par-samir-majoul","status":"publish","type":"post","link":"https:\/\/kapitalis.com\/tunisie\/2023\/04\/09\/tunisie-lutica-est-elle-prise-en-otage-par-samir-majoul\/","title":{"rendered":"Tunisie\u00a0: l\u2019Utica est-elle prise en otage par Samir Majoul\u00a0?"},"content":{"rendered":"\n<p><strong><em>Samir Majoul, dont le mandat \u00e0 la t\u00eate de l\u2019Union tunisienne de l\u2019industrie, du commerce et de l\u2019artisanat (Utica)\u00a0s\u2019est achev\u00e9 il y a plus de trois mois, compte-t-il s\u2019\u00e9terniser \u00e0 la t\u00eate de l\u2019organisation patronale\u00a0? Et pour faire quoi\u00a0?<\/em><\/strong><\/p>\n\n\n\n<!--more-->\n\n\n\n<p>Taoufik Aribi, membre du bureau ex\u00e9cutif de l\u2019Utica),&nbsp;estime que l\u2019organisation patronale traverse actuellement une phase de vide, d\u2019exclusion et de non-respect de ses r\u00e8glements int\u00e9rieurs.<\/p>\n\n\n\n<p>Intervenant dans l\u2019\u00e9mission <em>\u2018\u2018Andna Agenda\u2019\u2019<\/em> anim\u00e9e par Mourad Zeghidi sur IFM, samedi 8 avril 2023, Taoufik Aribi a d\u00e9plor\u00e9 aussi que l\u2019organisation patronale, depuis sa prise en main par Samir Majoul, en 2018, a n\u00e9glig\u00e9 ses instances locales, r\u00e9gionales et nationales, qui n\u2019ont pas tenu leurs assises ni ne se sont renouvel\u00e9es depuis cinq ans. Ce qui a amen\u00e9 \u00e0 leur effritement et au d\u00e9part de plusieurs secteurs comme l\u2019enseignement sup\u00e9rieur ou le textile.<\/p>\n\n\n\n<p>Les unions r\u00e9gionales ont longtemps demand\u00e9 au pr\u00e9sident de l\u2019Utica et au bureau ex\u00e9cutif qu\u2019il chapeaute de respecter les rendez-vous, les agendas et les d\u00e9lais. En r\u00e9ponse, ce dernier les a marginalis\u00e9es et il y a aujourd\u2019hui une rupture entre les deux parties. Et c&rsquo;est la premi\u00e8re fois que cela arrive dans l&rsquo;histoire de l&rsquo;organisation. <em>\u00abSamir Majoul aurait d\u00fb partir comme tout responsable digne lorsque s&rsquo;ach\u00e8ve son mandat\u00bb<\/em>, a insist\u00e9 Taoufik Aribi.   <\/p>\n\n\n\n<p>Adnane Belhajamor, ancien dirigeant d\u2019entreprise et activiste politique, qui intervenait dans la m\u00eame \u00e9mission, a estim\u00e9, pour sa part, que Samir Majoul a abandonn\u00e9 le r\u00f4le fondamental de l\u2019organisation, qui est de d\u00e9fendre le secteur priv\u00e9, lequel fait face actuellement \u00e0 de gros probl\u00e8mes li\u00e9s \u00e0 la crise \u00e9conomique et financi\u00e8re, mais aussi \u00e0 la d\u00e9gradation de l\u2019environnement des affaires et \u00e0 la diabolisation des op\u00e9rateurs priv\u00e9s par les autorit\u00e9s politiques. <em>\u00abSamir Majoul a soumis l\u2019organisation \u00e0 ses propres int\u00e9r\u00eats\u00bb<\/em>, a-t-il d\u00e9clar\u00e9, par allusion aux casseroles que ce dernier tra\u00eene dans la gestion de ses propres affaires.<\/p>\n\n\n\n<p><em>\u00abL\u2019organisation patronale doit bouger et \u00e9lever la voix pour d\u00e9fendre les entreprises, dans le contexte de la crise qu\u2019elles subissent aujourd\u2019hui\u00bb<\/em>, a encore soulign\u00e9 Belhajamor, en appelant \u00e0 les membres de l\u2019Utica \u00e0 agir pour rectifier le tir, sans l\u2019intervention d\u2019aucune partie ext\u00e9rieure, ni politique ni gouvernementale. &nbsp;<\/p>\n\n\n\n<p>Tous les intervenants dans l\u2019\u00e9mission ont d\u00e9plor\u00e9 que Samir Majoul, dont le mandat s\u2019est achev\u00e9 en d\u00e9cembre 2022, n\u2019ait pas organis\u00e9 l\u2019assembl\u00e9e g\u00e9n\u00e9rale \u00e9lective, qui aurait d\u00fb se tenir en janvier 2023 et \u00eatre pr\u00e9c\u00e9d\u00e9e par les assembl\u00e9es \u00e9lectives de toutes les instances interm\u00e9diaires, lesquelles n\u2019ont pas eu lieu, elles non plus, aux dates d\u00e9finies par les r\u00e8glements int\u00e9rieurs de l\u2019organisation. Ce qui laisse penser que Samir Majoul compte s\u2019\u00e9terniser \u00e0 sa t\u00eate et refuse de c\u00e9der le t\u00e9moin.<\/p>\n\n\n\n<p class=\"has-text-align-right\"><strong>I. B. \u00a0\u00a0<\/strong>\u00a0\u00a0\u00a0<\/p>\n","protected":false},"excerpt":{"rendered":"<p>Samir Majoul, dont le mandat \u00e0 la t\u00eate de l\u2019Utica\u00a0s\u2019est achev\u00e9 il y a plus de trois mois, compte-t-il s\u2019\u00e9terniser \u00e0 la t\u00eate de l\u2019organisation patronale\u00a0? <\/p>\n","protected":false},"author":8,"featured_media":7342271,"comment_status":"open","ping_status":"open","sticky":false,"template":"","format":"standard","meta":{"footnotes":""},"categories":[995,2433],"tags":[76556,99952,24287,107955,62643,940],"class_list":["post-7342133","post","type-post","status-publish","format-standard","has-post-thumbnail","hentry","category-economie","category-tunisie","tag-adnane-belhajamor","tag-mourad-zeghidi","tag-samir-majoul","tag-taoufik-aribi","tag-tunisie","tag-utica"],"yoast_head":"<!-- This site is optimized with the Yoast SEO plugin v26.6 - https:\/\/yoast.com\/wordpress\/plugins\/seo\/ -->\n<title>Tunisie\u00a0: l\u2019Utica est-elle prise en otage par Samir Majoul\u00a0? - Kapitalis<\/title>\n<meta name=\"robots\" content=\"index, follow, max-snippet:-1, max-image-preview:large, max-video-preview:-1\" \/>\n<link rel=\"canonical\" href=\"https:\/\/kapitalis.com\/tunisie\/2023\/04\/09\/tunisie-lutica-est-elle-prise-en-otage-par-samir-majoul\/\" \/>\n<meta property=\"og:locale\" content=\"fr_FR\" \/>\n<meta property=\"og:type\" content=\"article\" \/>\n<meta property=\"og:title\" content=\"Tunisie\u00a0: l\u2019Utica est-elle prise en otage par Samir Majoul\u00a0? - Kapitalis\" \/>\n<meta property=\"og:description\" content=\"Samir Majoul, dont le mandat \u00e0 la t\u00eate de l\u2019Utica\u00a0s\u2019est achev\u00e9 il y a plus de trois mois, compte-t-il s\u2019\u00e9terniser \u00e0 la t\u00eate de l\u2019organisation patronale\u00a0?\" \/>\n<meta property=\"og:url\" content=\"https:\/\/kapitalis.com\/tunisie\/2023\/04\/09\/tunisie-lutica-est-elle-prise-en-otage-par-samir-majoul\/\" \/>\n<meta property=\"og:site_name\" content=\"Kapitalis\" \/>\n<meta property=\"article:publisher\" content=\"https:\/\/www.facebook.com\/KapitalisInfo\/\" \/>\n<meta property=\"article:published_time\" content=\"2023-04-09T08:43:36+00:00\" \/>\n<meta property=\"article:modified_time\" content=\"2023-04-09T08:52:18+00:00\" \/>\n<meta property=\"og:image\" content=\"https:\/\/kapitalis.com\/tunisie\/wp-content\/uploads\/2023\/04\/Utica-Samir-Majoul.jpg\" \/>\n\t<meta property=\"og:image:width\" content=\"1200\" \/>\n\t<meta property=\"og:image:height\" content=\"630\" \/>\n\t<meta property=\"og:image:type\" content=\"image\/jpeg\" \/>\n<meta name=\"author\" content=\"webmaster kapitalis\" \/>\n<meta name=\"twitter:card\" content=\"summary_large_image\" \/>\n<meta name=\"twitter:creator\" content=\"@KapitalisInfo\" \/>\n<meta name=\"twitter:site\" content=\"@KapitalisInfo\" \/>\n<meta name=\"twitter:label1\" content=\"\u00c9crit par\" \/>\n\t<meta name=\"twitter:data1\" content=\"webmaster kapitalis\" \/>\n\t<meta name=\"twitter:label2\" content=\"Dur\u00e9e de lecture estim\u00e9e\" \/>\n\t<meta name=\"twitter:data2\" content=\"3 minutes\" \/>\n<script type=\"application\/ld+json\" class=\"yoast-schema-graph\">{\"@context\":\"https:\/\/schema.org\",\"@graph\":[{\"@type\":\"Article\",\"@id\":\"https:\/\/kapitalis.com\/tunisie\/2023\/04\/09\/tunisie-lutica-est-elle-prise-en-otage-par-samir-majoul\/#article\",\"isPartOf\":{\"@id\":\"https:\/\/kapitalis.com\/tunisie\/2023\/04\/09\/tunisie-lutica-est-elle-prise-en-otage-par-samir-majoul\/\"},\"author\":{\"name\":\"webmaster kapitalis\",\"@id\":\"https:\/\/kapitalis.com\/tunisie\/#\/schema\/person\/d71f33a9ca44f7bad4698210b480c8e9\"},\"headline\":\"Tunisie\u00a0: l\u2019Utica est-elle prise en otage par Samir Majoul\u00a0?\",\"datePublished\":\"2023-04-09T08:43:36+00:00\",\"dateModified\":\"2023-04-09T08:52:18+00:00\",\"mainEntityOfPage\":{\"@id\":\"https:\/\/kapitalis.com\/tunisie\/2023\/04\/09\/tunisie-lutica-est-elle-prise-en-otage-par-samir-majoul\/\"},\"wordCount\":518,\"commentCount\":1,\"publisher\":{\"@id\":\"https:\/\/kapitalis.com\/tunisie\/#organization\"},\"image\":{\"@id\":\"https:\/\/kapitalis.com\/tunisie\/2023\/04\/09\/tunisie-lutica-est-elle-prise-en-otage-par-samir-majoul\/#primaryimage\"},\"thumbnailUrl\":\"https:\/\/kapitalis.com\/tunisie\/wp-content\/uploads\/2023\/04\/Utica-Samir-Majoul.jpg\",\"keywords\":[\"Adnane Belhajamor\",\"Mourad Zeghidi\",\"Samir Majoul\",\"Taoufik Aribi\",\"Tunisie\",\"Utica\"],\"articleSection\":[\"ECONOMIE\",\"Tunisie\"],\"inLanguage\":\"fr-FR\",\"potentialAction\":[{\"@type\":\"CommentAction\",\"name\":\"Comment\",\"target\":[\"https:\/\/kapitalis.com\/tunisie\/2023\/04\/09\/tunisie-lutica-est-elle-prise-en-otage-par-samir-majoul\/#respond\"]}]},{\"@type\":\"WebPage\",\"@id\":\"https:\/\/kapitalis.com\/tunisie\/2023\/04\/09\/tunisie-lutica-est-elle-prise-en-otage-par-samir-majoul\/\",\"url\":\"https:\/\/kapitalis.com\/tunisie\/2023\/04\/09\/tunisie-lutica-est-elle-prise-en-otage-par-samir-majoul\/\",\"name\":\"Tunisie\u00a0: l\u2019Utica est-elle prise en otage par Samir Majoul\u00a0? - Kapitalis\",\"isPartOf\":{\"@id\":\"https:\/\/kapitalis.com\/tunisie\/#website\"},\"primaryImageOfPage\":{\"@id\":\"https:\/\/kapitalis.com\/tunisie\/2023\/04\/09\/tunisie-lutica-est-elle-prise-en-otage-par-samir-majoul\/#primaryimage\"},\"image\":{\"@id\":\"https:\/\/kapitalis.com\/tunisie\/2023\/04\/09\/tunisie-lutica-est-elle-prise-en-otage-par-samir-majoul\/#primaryimage\"},\"thumbnailUrl\":\"https:\/\/kapitalis.com\/tunisie\/wp-content\/uploads\/2023\/04\/Utica-Samir-Majoul.jpg\",\"datePublished\":\"2023-04-09T08:43:36+00:00\",\"dateModified\":\"2023-04-09T08:52:18+00:00\",\"breadcrumb\":{\"@id\":\"https:\/\/kapitalis.com\/tunisie\/2023\/04\/09\/tunisie-lutica-est-elle-prise-en-otage-par-samir-majoul\/#breadcrumb\"},\"inLanguage\":\"fr-FR\",\"potentialAction\":[{\"@type\":\"ReadAction\",\"target\":[\"https:\/\/kapitalis.com\/tunisie\/2023\/04\/09\/tunisie-lutica-est-elle-prise-en-otage-par-samir-majoul\/\"]}]},{\"@type\":\"ImageObject\",\"inLanguage\":\"fr-FR\",\"@id\":\"https:\/\/kapitalis.com\/tunisie\/2023\/04\/09\/tunisie-lutica-est-elle-prise-en-otage-par-samir-majoul\/#primaryimage\",\"url\":\"https:\/\/kapitalis.com\/tunisie\/wp-content\/uploads\/2023\/04\/Utica-Samir-Majoul.jpg\",\"contentUrl\":\"https:\/\/kapitalis.com\/tunisie\/wp-content\/uploads\/2023\/04\/Utica-Samir-Majoul.jpg\",\"width\":1200,\"height\":630},{\"@type\":\"BreadcrumbList\",\"@id\":\"https:\/\/kapitalis.com\/tunisie\/2023\/04\/09\/tunisie-lutica-est-elle-prise-en-otage-par-samir-majoul\/#breadcrumb\",\"itemListElement\":[{\"@type\":\"ListItem\",\"position\":1,\"name\":\"Accueil\",\"item\":\"https:\/\/kapitalis.com\/tunisie\/\"},{\"@type\":\"ListItem\",\"position\":2,\"name\":\"Tunisie\u00a0: l\u2019Utica est-elle prise en otage par Samir Majoul\u00a0?\"}]},{\"@type\":\"WebSite\",\"@id\":\"https:\/\/kapitalis.com\/tunisie\/#website\",\"url\":\"https:\/\/kapitalis.com\/tunisie\/\",\"name\":\"Kapitalis\",\"description\":\"L&#039;actualit\u00e9 en Tunisie et dans le monde\",\"publisher\":{\"@id\":\"https:\/\/kapitalis.com\/tunisie\/#organization\"},\"potentialAction\":[{\"@type\":\"SearchAction\",\"target\":{\"@type\":\"EntryPoint\",\"urlTemplate\":\"https:\/\/kapitalis.com\/tunisie\/?s={search_term_string}\"},\"query-input\":{\"@type\":\"PropertyValueSpecification\",\"valueRequired\":true,\"valueName\":\"search_term_string\"}}],\"inLanguage\":\"fr-FR\"},{\"@type\":\"Organization\",\"@id\":\"https:\/\/kapitalis.com\/tunisie\/#organization\",\"name\":\"Kapitalis\",\"url\":\"https:\/\/kapitalis.com\/tunisie\/\",\"logo\":{\"@type\":\"ImageObject\",\"inLanguage\":\"fr-FR\",\"@id\":\"https:\/\/kapitalis.com\/tunisie\/#\/schema\/logo\/image\/\",\"url\":\"https:\/\/kapitalis.com\/tunisie\/wp-content\/uploads\/2022\/05\/Kapitalis-big-size.png\",\"contentUrl\":\"https:\/\/kapitalis.com\/tunisie\/wp-content\/uploads\/2022\/05\/Kapitalis-big-size.png\",\"width\":5000,\"height\":1500,\"caption\":\"Kapitalis\"},\"image\":{\"@id\":\"https:\/\/kapitalis.com\/tunisie\/#\/schema\/logo\/image\/\"},\"sameAs\":[\"https:\/\/www.facebook.com\/KapitalisInfo\/\",\"https:\/\/x.com\/KapitalisInfo\",\"https:\/\/www.youtube.com\/channel\/UC-yDYrHyfFBWWZaOw3FPg9Q\"]},{\"@type\":\"Person\",\"@id\":\"https:\/\/kapitalis.com\/tunisie\/#\/schema\/person\/d71f33a9ca44f7bad4698210b480c8e9\",\"name\":\"webmaster kapitalis\",\"url\":\"https:\/\/kapitalis.com\/tunisie\/author\/webmaster-kapitalis\/\"}]}<\/script>\n<!-- \/ Yoast SEO plugin. -->","yoast_head_json":{"title":"Tunisie\u00a0: l\u2019Utica est-elle prise en otage par Samir Majoul\u00a0? - Kapitalis","robots":{"index":"index","follow":"follow","max-snippet":"max-snippet:-1","max-image-preview":"max-image-preview:large","max-video-preview":"max-video-preview:-1"},"canonical":"https:\/\/kapitalis.com\/tunisie\/2023\/04\/09\/tunisie-lutica-est-elle-prise-en-otage-par-samir-majoul\/","og_locale":"fr_FR","og_type":"article","og_title":"Tunisie\u00a0: l\u2019Utica est-elle prise en otage par Samir Majoul\u00a0? - Kapitalis","og_description":"Samir Majoul, dont le mandat \u00e0 la t\u00eate de l\u2019Utica\u00a0s\u2019est achev\u00e9 il y a plus de trois mois, compte-t-il s\u2019\u00e9terniser \u00e0 la t\u00eate de l\u2019organisation patronale\u00a0?","og_url":"https:\/\/kapitalis.com\/tunisie\/2023\/04\/09\/tunisie-lutica-est-elle-prise-en-otage-par-samir-majoul\/","og_site_name":"Kapitalis","article_publisher":"https:\/\/www.facebook.com\/KapitalisInfo\/","article_published_time":"2023-04-09T08:43:36+00:00","article_modified_time":"2023-04-09T08:52:18+00:00","og_image":[{"width":1200,"height":630,"url":"https:\/\/kapitalis.com\/tunisie\/wp-content\/uploads\/2023\/04\/Utica-Samir-Majoul.jpg","type":"image\/jpeg"}],"author":"webmaster kapitalis","twitter_card":"summary_large_image","twitter_creator":"@KapitalisInfo","twitter_site":"@KapitalisInfo","twitter_misc":{"\u00c9crit par":"webmaster kapitalis","Dur\u00e9e de lecture estim\u00e9e":"3 minutes"},"schema":{"@context":"https:\/\/schema.org","@graph":[{"@type":"Article","@id":"https:\/\/kapitalis.com\/tunisie\/2023\/04\/09\/tunisie-lutica-est-elle-prise-en-otage-par-samir-majoul\/#article","isPartOf":{"@id":"https:\/\/kapitalis.com\/tunisie\/2023\/04\/09\/tunisie-lutica-est-elle-prise-en-otage-par-samir-majoul\/"},"author":{"name":"webmaster kapitalis","@id":"https:\/\/kapitalis.com\/tunisie\/#\/schema\/person\/d71f33a9ca44f7bad4698210b480c8e9"},"headline":"Tunisie\u00a0: l\u2019Utica est-elle prise en otage par Samir Majoul\u00a0?","datePublished":"2023-04-09T08:43:36+00:00","dateModified":"2023-04-09T08:52:18+00:00","mainEntityOfPage":{"@id":"https:\/\/kapitalis.com\/tunisie\/2023\/04\/09\/tunisie-lutica-est-elle-prise-en-otage-par-samir-majoul\/"},"wordCount":518,"commentCount":1,"publisher":{"@id":"https:\/\/kapitalis.com\/tunisie\/#organization"},"image":{"@id":"https:\/\/kapitalis.com\/tunisie\/2023\/04\/09\/tunisie-lutica-est-elle-prise-en-otage-par-samir-majoul\/#primaryimage"},"thumbnailUrl":"https:\/\/kapitalis.com\/tunisie\/wp-content\/uploads\/2023\/04\/Utica-Samir-Majoul.jpg","keywords":["Adnane Belhajamor","Mourad Zeghidi","Samir Majoul","Taoufik Aribi","Tunisie","Utica"],"articleSection":["ECONOMIE","Tunisie"],"inLanguage":"fr-FR","potentialAction":[{"@type":"CommentAction","name":"Comment","target":["https:\/\/kapitalis.com\/tunisie\/2023\/04\/09\/tunisie-lutica-est-elle-prise-en-otage-par-samir-majoul\/#respond"]}]},{"@type":"WebPage","@id":"https:\/\/kapitalis.com\/tunisie\/2023\/04\/09\/tunisie-lutica-est-elle-prise-en-otage-par-samir-majoul\/","url":"https:\/\/kapitalis.com\/tunisie\/2023\/04\/09\/tunisie-lutica-est-elle-prise-en-otage-par-samir-majoul\/","name":"Tunisie\u00a0: l\u2019Utica est-elle prise en otage par Samir Majoul\u00a0? - Kapitalis","isPartOf":{"@id":"https:\/\/kapitalis.com\/tunisie\/#website"},"primaryImageOfPage":{"@id":"https:\/\/kapitalis.com\/tunisie\/2023\/04\/09\/tunisie-lutica-est-elle-prise-en-otage-par-samir-majoul\/#primaryimage"},"image":{"@id":"https:\/\/kapitalis.com\/tunisie\/2023\/04\/09\/tunisie-lutica-est-elle-prise-en-otage-par-samir-majoul\/#primaryimage"},"thumbnailUrl":"https:\/\/kapitalis.com\/tunisie\/wp-content\/uploads\/2023\/04\/Utica-Samir-Majoul.jpg","datePublished":"2023-04-09T08:43:36+00:00","dateModified":"2023-04-09T08:52:18+00:00","breadcrumb":{"@id":"https:\/\/kapitalis.com\/tunisie\/2023\/04\/09\/tunisie-lutica-est-elle-prise-en-otage-par-samir-majoul\/#breadcrumb"},"inLanguage":"fr-FR","potentialAction":[{"@type":"ReadAction","target":["https:\/\/kapitalis.com\/tunisie\/2023\/04\/09\/tunisie-lutica-est-elle-prise-en-otage-par-samir-majoul\/"]}]},{"@type":"ImageObject","inLanguage":"fr-FR","@id":"https:\/\/kapitalis.com\/tunisie\/2023\/04\/09\/tunisie-lutica-est-elle-prise-en-otage-par-samir-majoul\/#primaryimage","url":"https:\/\/kapitalis.com\/tunisie\/wp-content\/uploads\/2023\/04\/Utica-Samir-Majoul.jpg","contentUrl":"https:\/\/kapitalis.com\/tunisie\/wp-content\/uploads\/2023\/04\/Utica-Samir-Majoul.jpg","width":1200,"height":630},{"@type":"BreadcrumbList","@id":"https:\/\/kapitalis.com\/tunisie\/2023\/04\/09\/tunisie-lutica-est-elle-prise-en-otage-par-samir-majoul\/#breadcrumb","itemListElement":[{"@type":"ListItem","position":1,"name":"Accueil","item":"https:\/\/kapitalis.com\/tunisie\/"},{"@type":"ListItem","position":2,"name":"Tunisie\u00a0: l\u2019Utica est-elle prise en otage par Samir Majoul\u00a0?"}]},{"@type":"WebSite","@id":"https:\/\/kapitalis.com\/tunisie\/#website","url":"https:\/\/kapitalis.com\/tunisie\/","name":"Kapitalis","description":"L&#039;actualit\u00e9 en Tunisie et dans le monde","publisher":{"@id":"https:\/\/kapitalis.com\/tunisie\/#organization"},"potentialAction":[{"@type":"SearchAction","target":{"@type":"EntryPoint","urlTemplate":"https:\/\/kapitalis.com\/tunisie\/?s={search_term_string}"},"query-input":{"@type":"PropertyValueSpecification","valueRequired":true,"valueName":"search_term_string"}}],"inLanguage":"fr-FR"},{"@type":"Organization","@id":"https:\/\/kapitalis.com\/tunisie\/#organization","name":"Kapitalis","url":"https:\/\/kapitalis.com\/tunisie\/","logo":{"@type":"ImageObject","inLanguage":"fr-FR","@id":"https:\/\/kapitalis.com\/tunisie\/#\/schema\/logo\/image\/","url":"https:\/\/kapitalis.com\/tunisie\/wp-content\/uploads\/2022\/05\/Kapitalis-big-size.png","contentUrl":"https:\/\/kapitalis.com\/tunisie\/wp-content\/uploads\/2022\/05\/Kapitalis-big-size.png","width":5000,"height":1500,"caption":"Kapitalis"},"image":{"@id":"https:\/\/kapitalis.com\/tunisie\/#\/schema\/logo\/image\/"},"sameAs":["https:\/\/www.facebook.com\/KapitalisInfo\/","https:\/\/x.com\/KapitalisInfo","https:\/\/www.youtube.com\/channel\/UC-yDYrHyfFBWWZaOw3FPg9Q"]},{"@type":"Person","@id":"https:\/\/kapitalis.com\/tunisie\/#\/schema\/person\/d71f33a9ca44f7bad4698210b480c8e9","name":"webmaster kapitalis","url":"https:\/\/kapitalis.com\/tunisie\/author\/webmaster-kapitalis\/"}]}},"_links":{"self":[{"href":"https:\/\/kapitalis.com\/tunisie\/wp-json\/wp\/v2\/posts\/7342133","targetHints":{"allow":["GET"]}}],"collection":[{"href":"https:\/\/kapitalis.com\/tunisie\/wp-json\/wp\/v2\/posts"}],"about":[{"href":"https:\/\/kapitalis.com\/tunisie\/wp-json\/wp\/v2\/types\/post"}],"author":[{"embeddable":true,"href":"https:\/\/kapitalis.com\/tunisie\/wp-json\/wp\/v2\/users\/8"}],"replies":[{"embeddable":true,"href":"https:\/\/kapitalis.com\/tunisie\/wp-json\/wp\/v2\/comments?post=7342133"}],"version-history":[{"count":2,"href":"https:\/\/kapitalis.com\/tunisie\/wp-json\/wp\/v2\/posts\/7342133\/revisions"}],"predecessor-version":[{"id":7342404,"href":"https:\/\/kapitalis.com\/tunisie\/wp-json\/wp\/v2\/posts\/7342133\/revisions\/7342404"}],"wp:featuredmedia":[{"embeddable":true,"href":"https:\/\/kapitalis.com\/tunisie\/wp-json\/wp\/v2\/media\/7342271"}],"wp:attachment":[{"href":"https:\/\/kapitalis.com\/tunisie\/wp-json\/wp\/v2\/media?parent=7342133"}],"wp:term":[{"taxonomy":"category","embeddable":true,"href":"https:\/\/kapitalis.com\/tunisie\/wp-json\/wp\/v2\/categories?post=7342133"},{"taxonomy":"post_tag","embeddable":true,"href":"https:\/\/kapitalis.com\/tunisie\/wp-json\/wp\/v2\/tags?post=7342133"}],"curies":[{"name":"wp","href":"https:\/\/api.w.org\/{rel}","templated":true}]}}