{"id":73794,"date":"2016-11-29T14:40:10","date_gmt":"2016-11-29T13:40:10","guid":{"rendered":"http:\/\/kapitalis.com\/tunisie\/?p=73794"},"modified":"2016-11-29T14:57:56","modified_gmt":"2016-11-29T13:57:56","slug":"la-nouvelle-mercedes-benz-un-design-au-gout-du-jour","status":"publish","type":"post","link":"https:\/\/kapitalis.com\/tunisie\/2016\/11\/29\/la-nouvelle-mercedes-benz-un-design-au-gout-du-jour\/","title":{"rendered":"La nouvelle Mercedes-Benz CLA : Un design au go\u00fbt du jour"},"content":{"rendered":"<p><img loading=\"lazy\" decoding=\"async\" class=\"alignnone size-full wp-image-73795 aligncenter\" src=\"http:\/\/kapitalis.com\/tunisie\/wp-content\/uploads\/2016\/11\/Mercedes-CLA.jpg\" alt=\"mercedes-cla\" width=\"626\" height=\"380\" \/><br \/>\n<em><strong>Le restylage dynamise le design sportif et expressif de la nouvelle Mercedes-Benz CLA : nouveaux pare-chocs, grille de calandre diamant de couleur noire propos\u00e9e de s\u00e9rie, nouvelles jantes alliage&#8230;<\/strong> <\/em><\/p>\n<p><!--more--><\/p>\n<p>L\u2019int\u00e9rieur b\u00e9n\u00e9ficie \u00e9galement de nombreuses mises en valeur, notamment de nouvelles garnitures de si\u00e8ge, d\u2019inserts d\u00e9coratifs in\u00e9dits et d\u2019\u00e9l\u00e9ments de commande chrom\u00e9s. Les projecteurs LED hautes performances, le syst\u00e8me Hands-Free Access et les nouvelles possibilit\u00e9s qui s\u2019offrent \u00e0 l\u2019utilisateur pour int\u00e9grer les smartphones au concept de commande am\u00e9liorent la s\u00e9curit\u00e9 et le confort selon l\u2019option choisie.<\/p>\n<p>A l\u2019occasion du restylage, les designers de Mercedes-Benz ont savamment dynamis\u00e9 l&rsquo;esth\u00e9tique exclusive du CLA. Tous les mod\u00e8les proposent d\u00e9sormais de s\u00e9rie une grille de calandre diamant de couleur noire. A l\u2019avant, on trouve un nouveau pare-chocs orn\u00e9 d\u2019une baguette d\u00e9corative argent\u00e9e, noire ou chrom\u00e9e.<\/p>\n<p style=\"text-align: center;\"><img loading=\"lazy\" decoding=\"async\" class=\"alignnone size-full wp-image-73798\" src=\"http:\/\/kapitalis.com\/tunisie\/wp-content\/uploads\/2016\/11\/Mercredes-CLA-2.jpg\" alt=\"mercredes-cla-2\" width=\"500\" height=\"300\" \/><\/p>\n<p>A l\u2019arri\u00e8re, la nouveaut\u00e9 vient aussi du pare-chocs, avec un \u00e9l\u00e9ment int\u00e9grant une baguette d\u00e9corative chrom\u00e9e ou noire (Pack Nuit en option) entre les sorties d\u2019\u00e9chappement. Les sorties sont maintenant int\u00e9gr\u00e9es au pare-chocs, ce qui fait para\u00eetre la voiture plus large tout en renfor\u00e7ant l\u2019impression haut de gamme gr\u00e2ce \u00e0 des jointures fines et r\u00e9guli\u00e8res.<\/p>\n<p>Une nouvelle peinture figure au catalogue, en l\u2019occurrence la teinte bleu cavansite m\u00e9tallis\u00e9. Par ailleurs, l\u2019offre de jantes a \u00e9t\u00e9 nettement \u00e9toff\u00e9e : au total, cinq nouvelles jantes alliage de 45,7 cm (18&Prime;) sont disponibles, dont une nouvelle jante \u00e0 5 doubles branches r\u00e9serv\u00e9e \u00e0 l\u2019AMG Line qui est propos\u00e9e en deux variantes de couleur (noir et gris titane\/naturel brillant).<\/p>\n<p>Le CLA dispose d\u00e9j\u00e0 de syst\u00e8mes de s\u00e9curit\u00e9 et d&rsquo;aide \u00e0 la conduite de derni\u00e8re g\u00e9n\u00e9ration, lanc\u00e9s successivement sur les autres s\u00e9ries (du moins pour certains). A cela, il faut ajouter le contacteur des programmes de conduite Dynamic Select, qui permet de moduler les caract\u00e9ristiques du v\u00e9hicule par simple pression sur une touche: le syst\u00e8me adapte alors le param\u00e9trage du moteur, de la bo\u00eete de vitesses et de la direction selon les souhaits du conducteur. Enfin, il ne faut pas oublier non plus l&rsquo;\u00e9clairage d&rsquo;ambiance et ses douze couleurs au choix, un \u00e9quipement qui figurait \u00e9galement au catalogue d\u00e8s le d\u00e9part.<\/p>\n<p><strong>Habitacle : visuel plus fin, nouveaux inserts d\u00e9coratifs et \u00e9l\u00e9ments de commande chrom\u00e9s<\/strong><\/p>\n<p>L\u2019int\u00e9rieur du CLA est notamment mis en valeur par de nouvelles garnitures de si\u00e8ge, des inserts d\u00e9coratifs in\u00e9dits et des \u00e9l\u00e9ments de commande chrom\u00e9s. L\u2019attraction phare reste le visuel multim\u00e9dia autonome de 20,3 cm (8&Prime;), nettement plus fin et dot\u00e9 d\u2019un nouveau verre (en option pour l\u2019Audio 20 USB et l&rsquo;Audio 20 CD).<\/p>\n<p>L\u2019amour du d\u00e9tail transpara\u00eet \u00e9galement dans les \u00e9l\u00e9ments de commande chrom\u00e9s argent\u00e9s, \u00e0 commencer par le module et les commutateurs des si\u00e8ges \u00e9lectriques pr\u00e9sents sur les portes, sans oublier l&rsquo;encadrement chrom\u00e9 dont est pourvu le compartiment de rangement de la console centrale.<\/p>\n<p style=\"text-align: center;\"><img loading=\"lazy\" decoding=\"async\" class=\"alignnone size-full wp-image-73799\" src=\"http:\/\/kapitalis.com\/tunisie\/wp-content\/uploads\/2016\/11\/Mercedes-CLA-3.jpg\" alt=\"mercedes-cla-3\" width=\"500\" height=\"300\" \/><\/p>\n<p>Les nouveaux inserts d\u00e9coratifs en finition voiles, en fr\u00eane noir mat (en liaison avec le Pack Exclusif), en microfibre Dinamica noire (en option sur l\u2019AMG Line) et en aluminium \u00e0 surface alv\u00e9ol\u00e9e procurent un tout nouveau look. Les garnitures de si\u00e8ge ont \u00e9galement \u00e9t\u00e9 repens\u00e9es : l&rsquo;offre comprend d\u00e9sormais une garniture en cuir beige Sahara\/noir en liaison avec le Pack Exclusif optionnel et une association similicuir ARTICO\/tissu Maring\u00e1 dans le ton gris cristal ou noir avec la ligne d\u2019\u00e9quipement Urban. En ce qui concerne le noir, il y a le choix entre un design aux notes blanches ou bleues.<\/p>\n<p><strong>L\u2019\u00e9quipement : des projecteurs LED hautes performances au catalogue<\/strong><\/p>\n<p>Le CLA peut \u00eatre \u00e9quip\u00e9 de projecteurs LED hautes performances (option). Ces derniers affichent un spectre lumineux plus proche de la lumi\u00e8re du jour que les projecteurs au x\u00e9non, par exemple. Plus agr\u00e9ables pour les yeux, ils soulagent le conducteur lors de la conduite de nuit. La technologie \u00e0 LED, avec ses 34 W en feux de croisement, se distingue \u00e9galement par une tr\u00e8s faible consommation d\u2019\u00e9nergie : environ 60 % de moins que le x\u00e9non et 70% de moins que l\u2019halog\u00e8ne.<\/p>\n<p>Les feux de croisement utilisent la technologie de projection LED, tandis que les feux de route ont recours \u00e0 la technologie de r\u00e9flexion LED. Les clignotants, les feux de jour et les feux de position font appel \u00e0 des fibres optiques multifonctions, \u00e9galement utilis\u00e9es pour la fonction d&rsquo;accompagnement. La technologie \u00e0 LED \u00e9tant utilis\u00e9e de mani\u00e8re g\u00e9n\u00e9ralis\u00e9e, plus aucun remplacement d\u2019ampoule n\u2019est n\u00e9cessaire au cours de la dur\u00e9e de vie du v\u00e9hicule.<\/p>\n<p>L\u2019option Hands-Free Access am\u00e9liore le confort de chargement. Le couvercle de coffre ou le hayon s\u2019ouvre sans les mains et sans aucun contact et se ferme de m\u00eame. Un mouvement du pied dans la zone pare-chocs arri\u00e8re suffit. Hands-Free Access fait partie du Pack Confort Keyless-Go.<\/p>\n<p>Les possibilit\u00e9s d&rsquo;int\u00e9gration de smartphones \u00e9tendues (option) permettent d&rsquo;int\u00e9grer au v\u00e9hicule aussi bien les iPhones\u00ae (avec Apple CarPlay\u00ae) que les smartphones Android (avec Android Auto\u2122) et de les utiliser par le biais de la commande vocale. Certaines fonctions peuvent m\u00eame \u00eatre pilot\u00e9es avec les commandes du v\u00e9hicule. Ce dispositif permet une manipulation en toute s\u00e9curit\u00e9 pendant la conduite.<\/p>\n<p>Par rapport \u00e0 l&rsquo;ancienne option de t\u00e9l\u00e9phonie confort, le Pack T\u00e9l\u00e9phonie universelle offre d\u00e9sormais un support de smartphone universel ainsi que deux c\u00e2bles de charge \u00e0 connectique Lightning et micro-USB. La connexion \u00e0 l\u2019antenne ext\u00e9rieure compatible LTE s\u2019effectue par induction.<\/p>\n<p><em><strong>Source<\/strong><\/em> : communiqu\u00e9.<\/p>\n","protected":false},"excerpt":{"rendered":"<p>Le restylage dynamise le design sportif et expressif de la nouvelle Mercedes-Benz CLA : nouveaux pare-chocs, grille de calandre diamant de couleur noire propos\u00e9e de s\u00e9rie, nouvelles jantes alliage&#8230;<\/p>\n","protected":false},"author":8,"featured_media":73795,"comment_status":"open","ping_status":"open","sticky":false,"template":"","format":"standard","meta":{"footnotes":""},"categories":[993,2433],"tags":[],"class_list":["post-73794","post","type-post","status-publish","format-standard","has-post-thumbnail","hentry","category-conso","category-tunisie"],"yoast_head":"<!-- This site is optimized with the Yoast SEO plugin v26.6 - https:\/\/yoast.com\/wordpress\/plugins\/seo\/ -->\n<title>La nouvelle Mercedes-Benz CLA : Un design au go\u00fbt du jour - Kapitalis<\/title>\n<meta name=\"robots\" content=\"index, follow, max-snippet:-1, max-image-preview:large, max-video-preview:-1\" \/>\n<link rel=\"canonical\" href=\"https:\/\/kapitalis.com\/tunisie\/2016\/11\/29\/la-nouvelle-mercedes-benz-un-design-au-gout-du-jour\/\" \/>\n<meta property=\"og:locale\" content=\"fr_FR\" \/>\n<meta property=\"og:type\" content=\"article\" \/>\n<meta property=\"og:title\" content=\"La nouvelle Mercedes-Benz CLA : Un design au go\u00fbt du jour - Kapitalis\" \/>\n<meta property=\"og:description\" content=\"Le restylage dynamise le design sportif et expressif de la nouvelle Mercedes-Benz CLA : nouveaux pare-chocs, grille de calandre diamant de couleur noire propos\u00e9e de s\u00e9rie, nouvelles jantes alliage&#8230;\" \/>\n<meta property=\"og:url\" content=\"https:\/\/kapitalis.com\/tunisie\/2016\/11\/29\/la-nouvelle-mercedes-benz-un-design-au-gout-du-jour\/\" \/>\n<meta property=\"og:site_name\" content=\"Kapitalis\" \/>\n<meta property=\"article:publisher\" content=\"https:\/\/www.facebook.com\/KapitalisInfo\/\" \/>\n<meta property=\"article:published_time\" content=\"2016-11-29T13:40:10+00:00\" \/>\n<meta property=\"article:modified_time\" content=\"2016-11-29T13:57:56+00:00\" \/>\n<meta property=\"og:image\" content=\"https:\/\/kapitalis.com\/tunisie\/wp-content\/uploads\/2022\/05\/kapitalis-logo-fb.png\" \/>\n\t<meta property=\"og:image:width\" content=\"1200\" \/>\n\t<meta property=\"og:image:height\" content=\"630\" \/>\n\t<meta property=\"og:image:type\" content=\"image\/png\" \/>\n<meta name=\"author\" content=\"webmaster kapitalis\" \/>\n<meta name=\"twitter:card\" content=\"summary_large_image\" \/>\n<meta name=\"twitter:creator\" content=\"@KapitalisInfo\" \/>\n<meta name=\"twitter:site\" content=\"@KapitalisInfo\" \/>\n<meta name=\"twitter:label1\" content=\"\u00c9crit par\" \/>\n\t<meta name=\"twitter:data1\" content=\"webmaster kapitalis\" \/>\n\t<meta name=\"twitter:label2\" content=\"Dur\u00e9e de lecture estim\u00e9e\" \/>\n\t<meta name=\"twitter:data2\" content=\"5 minutes\" \/>\n<script type=\"application\/ld+json\" class=\"yoast-schema-graph\">{\"@context\":\"https:\/\/schema.org\",\"@graph\":[{\"@type\":\"Article\",\"@id\":\"https:\/\/kapitalis.com\/tunisie\/2016\/11\/29\/la-nouvelle-mercedes-benz-un-design-au-gout-du-jour\/#article\",\"isPartOf\":{\"@id\":\"https:\/\/kapitalis.com\/tunisie\/2016\/11\/29\/la-nouvelle-mercedes-benz-un-design-au-gout-du-jour\/\"},\"author\":{\"name\":\"webmaster kapitalis\",\"@id\":\"https:\/\/kapitalis.com\/tunisie\/#\/schema\/person\/d71f33a9ca44f7bad4698210b480c8e9\"},\"headline\":\"La nouvelle Mercedes-Benz CLA : Un design au go\u00fbt du jour\",\"datePublished\":\"2016-11-29T13:40:10+00:00\",\"dateModified\":\"2016-11-29T13:57:56+00:00\",\"mainEntityOfPage\":{\"@id\":\"https:\/\/kapitalis.com\/tunisie\/2016\/11\/29\/la-nouvelle-mercedes-benz-un-design-au-gout-du-jour\/\"},\"wordCount\":989,\"commentCount\":2,\"publisher\":{\"@id\":\"https:\/\/kapitalis.com\/tunisie\/#organization\"},\"image\":{\"@id\":\"https:\/\/kapitalis.com\/tunisie\/2016\/11\/29\/la-nouvelle-mercedes-benz-un-design-au-gout-du-jour\/#primaryimage\"},\"thumbnailUrl\":\"\",\"articleSection\":[\"CONSO\",\"Tunisie\"],\"inLanguage\":\"fr-FR\",\"potentialAction\":[{\"@type\":\"CommentAction\",\"name\":\"Comment\",\"target\":[\"https:\/\/kapitalis.com\/tunisie\/2016\/11\/29\/la-nouvelle-mercedes-benz-un-design-au-gout-du-jour\/#respond\"]}]},{\"@type\":\"WebPage\",\"@id\":\"https:\/\/kapitalis.com\/tunisie\/2016\/11\/29\/la-nouvelle-mercedes-benz-un-design-au-gout-du-jour\/\",\"url\":\"https:\/\/kapitalis.com\/tunisie\/2016\/11\/29\/la-nouvelle-mercedes-benz-un-design-au-gout-du-jour\/\",\"name\":\"La nouvelle Mercedes-Benz CLA : Un design au go\u00fbt du jour - Kapitalis\",\"isPartOf\":{\"@id\":\"https:\/\/kapitalis.com\/tunisie\/#website\"},\"primaryImageOfPage\":{\"@id\":\"https:\/\/kapitalis.com\/tunisie\/2016\/11\/29\/la-nouvelle-mercedes-benz-un-design-au-gout-du-jour\/#primaryimage\"},\"image\":{\"@id\":\"https:\/\/kapitalis.com\/tunisie\/2016\/11\/29\/la-nouvelle-mercedes-benz-un-design-au-gout-du-jour\/#primaryimage\"},\"thumbnailUrl\":\"\",\"datePublished\":\"2016-11-29T13:40:10+00:00\",\"dateModified\":\"2016-11-29T13:57:56+00:00\",\"breadcrumb\":{\"@id\":\"https:\/\/kapitalis.com\/tunisie\/2016\/11\/29\/la-nouvelle-mercedes-benz-un-design-au-gout-du-jour\/#breadcrumb\"},\"inLanguage\":\"fr-FR\",\"potentialAction\":[{\"@type\":\"ReadAction\",\"target\":[\"https:\/\/kapitalis.com\/tunisie\/2016\/11\/29\/la-nouvelle-mercedes-benz-un-design-au-gout-du-jour\/\"]}]},{\"@type\":\"ImageObject\",\"inLanguage\":\"fr-FR\",\"@id\":\"https:\/\/kapitalis.com\/tunisie\/2016\/11\/29\/la-nouvelle-mercedes-benz-un-design-au-gout-du-jour\/#primaryimage\",\"url\":\"\",\"contentUrl\":\"\"},{\"@type\":\"BreadcrumbList\",\"@id\":\"https:\/\/kapitalis.com\/tunisie\/2016\/11\/29\/la-nouvelle-mercedes-benz-un-design-au-gout-du-jour\/#breadcrumb\",\"itemListElement\":[{\"@type\":\"ListItem\",\"position\":1,\"name\":\"Accueil\",\"item\":\"https:\/\/kapitalis.com\/tunisie\/\"},{\"@type\":\"ListItem\",\"position\":2,\"name\":\"La nouvelle Mercedes-Benz CLA : Un design au go\u00fbt du jour\"}]},{\"@type\":\"WebSite\",\"@id\":\"https:\/\/kapitalis.com\/tunisie\/#website\",\"url\":\"https:\/\/kapitalis.com\/tunisie\/\",\"name\":\"Kapitalis\",\"description\":\"L&#039;actualit\u00e9 en Tunisie et dans le monde\",\"publisher\":{\"@id\":\"https:\/\/kapitalis.com\/tunisie\/#organization\"},\"potentialAction\":[{\"@type\":\"SearchAction\",\"target\":{\"@type\":\"EntryPoint\",\"urlTemplate\":\"https:\/\/kapitalis.com\/tunisie\/?s={search_term_string}\"},\"query-input\":{\"@type\":\"PropertyValueSpecification\",\"valueRequired\":true,\"valueName\":\"search_term_string\"}}],\"inLanguage\":\"fr-FR\"},{\"@type\":\"Organization\",\"@id\":\"https:\/\/kapitalis.com\/tunisie\/#organization\",\"name\":\"Kapitalis\",\"url\":\"https:\/\/kapitalis.com\/tunisie\/\",\"logo\":{\"@type\":\"ImageObject\",\"inLanguage\":\"fr-FR\",\"@id\":\"https:\/\/kapitalis.com\/tunisie\/#\/schema\/logo\/image\/\",\"url\":\"https:\/\/kapitalis.com\/tunisie\/wp-content\/uploads\/2022\/05\/Kapitalis-big-size.png\",\"contentUrl\":\"https:\/\/kapitalis.com\/tunisie\/wp-content\/uploads\/2022\/05\/Kapitalis-big-size.png\",\"width\":5000,\"height\":1500,\"caption\":\"Kapitalis\"},\"image\":{\"@id\":\"https:\/\/kapitalis.com\/tunisie\/#\/schema\/logo\/image\/\"},\"sameAs\":[\"https:\/\/www.facebook.com\/KapitalisInfo\/\",\"https:\/\/x.com\/KapitalisInfo\",\"https:\/\/www.youtube.com\/channel\/UC-yDYrHyfFBWWZaOw3FPg9Q\"]},{\"@type\":\"Person\",\"@id\":\"https:\/\/kapitalis.com\/tunisie\/#\/schema\/person\/d71f33a9ca44f7bad4698210b480c8e9\",\"name\":\"webmaster kapitalis\",\"url\":\"https:\/\/kapitalis.com\/tunisie\/author\/webmaster-kapitalis\/\"}]}<\/script>\n<!-- \/ Yoast SEO plugin. -->","yoast_head_json":{"title":"La nouvelle Mercedes-Benz CLA : Un design au go\u00fbt du jour - Kapitalis","robots":{"index":"index","follow":"follow","max-snippet":"max-snippet:-1","max-image-preview":"max-image-preview:large","max-video-preview":"max-video-preview:-1"},"canonical":"https:\/\/kapitalis.com\/tunisie\/2016\/11\/29\/la-nouvelle-mercedes-benz-un-design-au-gout-du-jour\/","og_locale":"fr_FR","og_type":"article","og_title":"La nouvelle Mercedes-Benz CLA : Un design au go\u00fbt du jour - Kapitalis","og_description":"Le restylage dynamise le design sportif et expressif de la nouvelle Mercedes-Benz CLA : nouveaux pare-chocs, grille de calandre diamant de couleur noire propos\u00e9e de s\u00e9rie, nouvelles jantes alliage&#8230;","og_url":"https:\/\/kapitalis.com\/tunisie\/2016\/11\/29\/la-nouvelle-mercedes-benz-un-design-au-gout-du-jour\/","og_site_name":"Kapitalis","article_publisher":"https:\/\/www.facebook.com\/KapitalisInfo\/","article_published_time":"2016-11-29T13:40:10+00:00","article_modified_time":"2016-11-29T13:57:56+00:00","og_image":[{"width":1200,"height":630,"url":"https:\/\/kapitalis.com\/tunisie\/wp-content\/uploads\/2022\/05\/kapitalis-logo-fb.png","type":"image\/png"}],"author":"webmaster kapitalis","twitter_card":"summary_large_image","twitter_creator":"@KapitalisInfo","twitter_site":"@KapitalisInfo","twitter_misc":{"\u00c9crit par":"webmaster kapitalis","Dur\u00e9e de lecture estim\u00e9e":"5 minutes"},"schema":{"@context":"https:\/\/schema.org","@graph":[{"@type":"Article","@id":"https:\/\/kapitalis.com\/tunisie\/2016\/11\/29\/la-nouvelle-mercedes-benz-un-design-au-gout-du-jour\/#article","isPartOf":{"@id":"https:\/\/kapitalis.com\/tunisie\/2016\/11\/29\/la-nouvelle-mercedes-benz-un-design-au-gout-du-jour\/"},"author":{"name":"webmaster kapitalis","@id":"https:\/\/kapitalis.com\/tunisie\/#\/schema\/person\/d71f33a9ca44f7bad4698210b480c8e9"},"headline":"La nouvelle Mercedes-Benz CLA : Un design au go\u00fbt du jour","datePublished":"2016-11-29T13:40:10+00:00","dateModified":"2016-11-29T13:57:56+00:00","mainEntityOfPage":{"@id":"https:\/\/kapitalis.com\/tunisie\/2016\/11\/29\/la-nouvelle-mercedes-benz-un-design-au-gout-du-jour\/"},"wordCount":989,"commentCount":2,"publisher":{"@id":"https:\/\/kapitalis.com\/tunisie\/#organization"},"image":{"@id":"https:\/\/kapitalis.com\/tunisie\/2016\/11\/29\/la-nouvelle-mercedes-benz-un-design-au-gout-du-jour\/#primaryimage"},"thumbnailUrl":"","articleSection":["CONSO","Tunisie"],"inLanguage":"fr-FR","potentialAction":[{"@type":"CommentAction","name":"Comment","target":["https:\/\/kapitalis.com\/tunisie\/2016\/11\/29\/la-nouvelle-mercedes-benz-un-design-au-gout-du-jour\/#respond"]}]},{"@type":"WebPage","@id":"https:\/\/kapitalis.com\/tunisie\/2016\/11\/29\/la-nouvelle-mercedes-benz-un-design-au-gout-du-jour\/","url":"https:\/\/kapitalis.com\/tunisie\/2016\/11\/29\/la-nouvelle-mercedes-benz-un-design-au-gout-du-jour\/","name":"La nouvelle Mercedes-Benz CLA : Un design au go\u00fbt du jour - Kapitalis","isPartOf":{"@id":"https:\/\/kapitalis.com\/tunisie\/#website"},"primaryImageOfPage":{"@id":"https:\/\/kapitalis.com\/tunisie\/2016\/11\/29\/la-nouvelle-mercedes-benz-un-design-au-gout-du-jour\/#primaryimage"},"image":{"@id":"https:\/\/kapitalis.com\/tunisie\/2016\/11\/29\/la-nouvelle-mercedes-benz-un-design-au-gout-du-jour\/#primaryimage"},"thumbnailUrl":"","datePublished":"2016-11-29T13:40:10+00:00","dateModified":"2016-11-29T13:57:56+00:00","breadcrumb":{"@id":"https:\/\/kapitalis.com\/tunisie\/2016\/11\/29\/la-nouvelle-mercedes-benz-un-design-au-gout-du-jour\/#breadcrumb"},"inLanguage":"fr-FR","potentialAction":[{"@type":"ReadAction","target":["https:\/\/kapitalis.com\/tunisie\/2016\/11\/29\/la-nouvelle-mercedes-benz-un-design-au-gout-du-jour\/"]}]},{"@type":"ImageObject","inLanguage":"fr-FR","@id":"https:\/\/kapitalis.com\/tunisie\/2016\/11\/29\/la-nouvelle-mercedes-benz-un-design-au-gout-du-jour\/#primaryimage","url":"","contentUrl":""},{"@type":"BreadcrumbList","@id":"https:\/\/kapitalis.com\/tunisie\/2016\/11\/29\/la-nouvelle-mercedes-benz-un-design-au-gout-du-jour\/#breadcrumb","itemListElement":[{"@type":"ListItem","position":1,"name":"Accueil","item":"https:\/\/kapitalis.com\/tunisie\/"},{"@type":"ListItem","position":2,"name":"La nouvelle Mercedes-Benz CLA : Un design au go\u00fbt du jour"}]},{"@type":"WebSite","@id":"https:\/\/kapitalis.com\/tunisie\/#website","url":"https:\/\/kapitalis.com\/tunisie\/","name":"Kapitalis","description":"L&#039;actualit\u00e9 en Tunisie et dans le monde","publisher":{"@id":"https:\/\/kapitalis.com\/tunisie\/#organization"},"potentialAction":[{"@type":"SearchAction","target":{"@type":"EntryPoint","urlTemplate":"https:\/\/kapitalis.com\/tunisie\/?s={search_term_string}"},"query-input":{"@type":"PropertyValueSpecification","valueRequired":true,"valueName":"search_term_string"}}],"inLanguage":"fr-FR"},{"@type":"Organization","@id":"https:\/\/kapitalis.com\/tunisie\/#organization","name":"Kapitalis","url":"https:\/\/kapitalis.com\/tunisie\/","logo":{"@type":"ImageObject","inLanguage":"fr-FR","@id":"https:\/\/kapitalis.com\/tunisie\/#\/schema\/logo\/image\/","url":"https:\/\/kapitalis.com\/tunisie\/wp-content\/uploads\/2022\/05\/Kapitalis-big-size.png","contentUrl":"https:\/\/kapitalis.com\/tunisie\/wp-content\/uploads\/2022\/05\/Kapitalis-big-size.png","width":5000,"height":1500,"caption":"Kapitalis"},"image":{"@id":"https:\/\/kapitalis.com\/tunisie\/#\/schema\/logo\/image\/"},"sameAs":["https:\/\/www.facebook.com\/KapitalisInfo\/","https:\/\/x.com\/KapitalisInfo","https:\/\/www.youtube.com\/channel\/UC-yDYrHyfFBWWZaOw3FPg9Q"]},{"@type":"Person","@id":"https:\/\/kapitalis.com\/tunisie\/#\/schema\/person\/d71f33a9ca44f7bad4698210b480c8e9","name":"webmaster kapitalis","url":"https:\/\/kapitalis.com\/tunisie\/author\/webmaster-kapitalis\/"}]}},"_links":{"self":[{"href":"https:\/\/kapitalis.com\/tunisie\/wp-json\/wp\/v2\/posts\/73794","targetHints":{"allow":["GET"]}}],"collection":[{"href":"https:\/\/kapitalis.com\/tunisie\/wp-json\/wp\/v2\/posts"}],"about":[{"href":"https:\/\/kapitalis.com\/tunisie\/wp-json\/wp\/v2\/types\/post"}],"author":[{"embeddable":true,"href":"https:\/\/kapitalis.com\/tunisie\/wp-json\/wp\/v2\/users\/8"}],"replies":[{"embeddable":true,"href":"https:\/\/kapitalis.com\/tunisie\/wp-json\/wp\/v2\/comments?post=73794"}],"version-history":[{"count":0,"href":"https:\/\/kapitalis.com\/tunisie\/wp-json\/wp\/v2\/posts\/73794\/revisions"}],"wp:featuredmedia":[{"embeddable":true,"href":"https:\/\/kapitalis.com\/tunisie\/wp-json\/wp\/v2\/media\/73795"}],"wp:attachment":[{"href":"https:\/\/kapitalis.com\/tunisie\/wp-json\/wp\/v2\/media?parent=73794"}],"wp:term":[{"taxonomy":"category","embeddable":true,"href":"https:\/\/kapitalis.com\/tunisie\/wp-json\/wp\/v2\/categories?post=73794"},{"taxonomy":"post_tag","embeddable":true,"href":"https:\/\/kapitalis.com\/tunisie\/wp-json\/wp\/v2\/tags?post=73794"}],"curies":[{"name":"wp","href":"https:\/\/api.w.org\/{rel}","templated":true}]}}