{"id":7379502,"date":"2023-04-11T18:51:43","date_gmt":"2023-04-11T17:51:43","guid":{"rendered":"https:\/\/kapitalis.com\/tunisie\/?p=7379502"},"modified":"2023-04-11T19:47:25","modified_gmt":"2023-04-11T18:47:25","slug":"agression-dune-femme-a-sfax-plainte-deposee-et-prise-en-charge-de-la-victime-et-de-sa-fille-mineure","status":"publish","type":"post","link":"https:\/\/kapitalis.com\/tunisie\/2023\/04\/11\/agression-dune-femme-a-sfax-plainte-deposee-et-prise-en-charge-de-la-victime-et-de-sa-fille-mineure\/","title":{"rendered":"Agression d&rsquo;une femme \u00e0 Sfax : Plainte d\u00e9pos\u00e9e et prise en charge de la victime et de sa fille mineure"},"content":{"rendered":"\n<p><strong><em>Le minist\u00e8re de la Famille, de la Femme, de l&rsquo;Enfance et des seniors a publi\u00e9 un communiqu\u00e9, ce mardi 11 avril 2023, suite \u00e0 la vid\u00e9o diffus\u00e9e sur les r\u00e9seaux sociaux montrant une femme se faire violenter par des individus, sous les yeux de sa fille mineure qui a film\u00e9 l&rsquo;agression\u2026<\/em><\/strong><\/p>\n\n\n\n<!--more-->\n\n\n\n<p>Cela s&rsquo;est pass\u00e9 il y a quelques jours \u00e0 Sfax et la femme a \u00e9t\u00e9 agress\u00e9e verbalement et physiquement a eu le droit \u00e0 ce traitement inf\u00e2me parce qu&rsquo;elle avait gar\u00e9 sa voiture devant un commerce, bloquant le v\u00e9hicule de l&rsquo;un des propri\u00e9taires !<\/p>\n\n\n\n<p>La vid\u00e9o a fait le tour de la toile et le minist\u00e8re de la Femme est entr\u00e9 en ligne, et a publi\u00e9 un communiqu\u00e9, tout en d\u00e9non\u00e7ant fermement toute forme de violence \u00e0 l\u2019\u00e9gard des femmes, notamment celles exerc\u00e9es dans l\u2019espace public, et ce, suite \u00e0 une vid\u00e9o relay\u00e9e sur les r\u00e9seaux sociaux d\u00e9montrant l\u2019agression physique et verbale \u00e0 l\u2019encontre d\u2019une citoyenne tunisienne. :<\/p>\n\n\n\n<p><em>Suite aux r\u00e9centes s\u00e9quences vid\u00e9o circulant sur les r\u00e9seaux sociaux concernant le soup\u00e7on d&rsquo;un citoyen et de ses accompagnants d&rsquo;avoir agress\u00e9 physiquement une citoyenne sur la voie publique, le Minist\u00e8re de la Famille, de la Femme, de l&rsquo;Enfance et des Personnes \u00e2g\u00e9es annonce que ses services r\u00e9gionaux \u00e0 Sfax se sont engag\u00e9es \u00e0 suivre ce dossier en coordination avec toutes les autorit\u00e9s concern\u00e9es.<\/em><\/p>\n\n\n\n<p><em>Dans ce contexte, le Minist\u00e8re tient \u00e0 exprimer son rejet absolu de toutes les formes de violence \u00e0 l&rsquo;\u00e9gard des femmes, y compris la violence dans l&rsquo;espace public, en effet il s&rsquo;agit d&rsquo;un crime puni par la loi conform\u00e9ment aux dispositions de la<\/em><br><em>Loi organique n\u00b0 2017-58 du 11 ao\u00fbt 2017, relative \u00e0 l\u2019\u00e9limination de la violence \u00e0 l\u2019\u00e9gard des femmes.<\/em><\/p>\n\n\n\n<p><em>Le minist\u00e8re indique \u00e9galement que la victime a d\u00e9pos\u00e9 une plainte aupr\u00e8s de la brigade sp\u00e9ciale dans les enqu\u00eates sur les crimes de violence \u00e0 l&rsquo;\u00e9gard des femmes et les enfants, qui est territorialement sp\u00e9cialis\u00e9e , et qui a pris en charge la situation et a permis \u00e0 la victime de recevoir divers harnais m\u00e9dicaux n\u00e9cessaires pour elle et sa fille mineure qui l&rsquo;accompagnait au moment de l\u2019incident.<\/em><\/p>\n\n\n\n<p><em>Le minist\u00e8re a confirm\u00e9 \u00e9galement que le d\u00e9l\u00e9gu\u00e9 \u00e0 la protection de l&rsquo;enfance s&rsquo;est charg\u00e9 de communiquer avec la victime et de convenir de commencer la prise en charge psychologique de la fille mineure, \u00e0 partir d&rsquo;aujourd&rsquo;hui, mardi.<\/em><\/p>\n\n\n\n<p><em>Dans ce m\u00eame cadre, le minist\u00e8re public a autoris\u00e9 la convocation de toutes les parties de cette affaire en cas de pr\u00e9sentation demain mercredi, pour prendre les mesures n\u00e9cessaires.<\/em><\/p>\n","protected":false},"excerpt":{"rendered":"<p>Agression d&rsquo;une femme \u00e0 Sfax : Plainte d\u00e9pos\u00e9e et prise en charge de la victime et de sa fille mineure<\/p>\n","protected":false},"author":6,"featured_media":7379961,"comment_status":"open","ping_status":"open","sticky":false,"template":"","format":"standard","meta":{"footnotes":""},"categories":[998,2433],"tags":[107990,5399,612,721,823,62643],"class_list":["post-7379502","post","type-post","status-publish","format-standard","has-post-thumbnail","hentry","category-societe","category-tunisie","tag-agression-femme","tag-mineure","tag-ministere","tag-plainte","tag-sfax","tag-tunisie"],"yoast_head":"<!-- This site is optimized with the Yoast SEO plugin v26.6 - https:\/\/yoast.com\/wordpress\/plugins\/seo\/ -->\n<title>Agression d&#039;une femme \u00e0 Sfax : Plainte d\u00e9pos\u00e9e et prise en charge de la victime et de sa fille mineure - Kapitalis<\/title>\n<meta name=\"description\" content=\"Le minist\u00e8re de la Famille, de la Femme, de l&#039;Enfance et des seniors a publi\u00e9 un communiqu\u00e9 suite \u00e0 la vid\u00e9o diffus\u00e9e sur les r\u00e9seaux sociaux montrant une femme se faire violenter par des individus, sous les yeux de sa fille mineure qui a film\u00e9 l&#039;agression\u2026\" \/>\n<meta name=\"robots\" content=\"index, follow, max-snippet:-1, max-image-preview:large, max-video-preview:-1\" \/>\n<link rel=\"canonical\" href=\"https:\/\/kapitalis.com\/tunisie\/2023\/04\/11\/agression-dune-femme-a-sfax-plainte-deposee-et-prise-en-charge-de-la-victime-et-de-sa-fille-mineure\/\" \/>\n<meta property=\"og:locale\" content=\"fr_FR\" \/>\n<meta property=\"og:type\" content=\"article\" \/>\n<meta property=\"og:title\" content=\"Agression d&#039;une femme \u00e0 Sfax : Plainte d\u00e9pos\u00e9e et prise en charge de la victime et de sa fille mineure - Kapitalis\" \/>\n<meta property=\"og:description\" content=\"Le minist\u00e8re de la Famille, de la Femme, de l&#039;Enfance et des seniors a publi\u00e9 un communiqu\u00e9 suite \u00e0 la vid\u00e9o diffus\u00e9e sur les r\u00e9seaux sociaux montrant une femme se faire violenter par des individus, sous les yeux de sa fille mineure qui a film\u00e9 l&#039;agression\u2026\" \/>\n<meta property=\"og:url\" content=\"https:\/\/kapitalis.com\/tunisie\/2023\/04\/11\/agression-dune-femme-a-sfax-plainte-deposee-et-prise-en-charge-de-la-victime-et-de-sa-fille-mineure\/\" \/>\n<meta property=\"og:site_name\" content=\"Kapitalis\" \/>\n<meta property=\"article:publisher\" content=\"https:\/\/www.facebook.com\/KapitalisInfo\/\" \/>\n<meta property=\"article:published_time\" content=\"2023-04-11T17:51:43+00:00\" \/>\n<meta property=\"article:modified_time\" content=\"2023-04-11T18:47:25+00:00\" \/>\n<meta property=\"og:image\" content=\"https:\/\/kapitalis.com\/tunisie\/wp-content\/uploads\/2023\/04\/Sfax-agression-femme.jpg\" \/>\n\t<meta property=\"og:image:width\" content=\"1200\" \/>\n\t<meta property=\"og:image:height\" content=\"630\" \/>\n\t<meta property=\"og:image:type\" content=\"image\/jpeg\" \/>\n<meta name=\"author\" content=\"Yusra NY\" \/>\n<meta name=\"twitter:card\" content=\"summary_large_image\" \/>\n<meta name=\"twitter:creator\" content=\"@KapitalisInfo\" \/>\n<meta name=\"twitter:site\" content=\"@KapitalisInfo\" \/>\n<meta name=\"twitter:label1\" content=\"\u00c9crit par\" \/>\n\t<meta name=\"twitter:data1\" content=\"Yusra NY\" \/>\n\t<meta name=\"twitter:label2\" content=\"Dur\u00e9e de lecture estim\u00e9e\" \/>\n\t<meta name=\"twitter:data2\" content=\"3 minutes\" \/>\n<script type=\"application\/ld+json\" class=\"yoast-schema-graph\">{\"@context\":\"https:\/\/schema.org\",\"@graph\":[{\"@type\":\"Article\",\"@id\":\"https:\/\/kapitalis.com\/tunisie\/2023\/04\/11\/agression-dune-femme-a-sfax-plainte-deposee-et-prise-en-charge-de-la-victime-et-de-sa-fille-mineure\/#article\",\"isPartOf\":{\"@id\":\"https:\/\/kapitalis.com\/tunisie\/2023\/04\/11\/agression-dune-femme-a-sfax-plainte-deposee-et-prise-en-charge-de-la-victime-et-de-sa-fille-mineure\/\"},\"author\":{\"name\":\"Yusra NY\",\"@id\":\"https:\/\/kapitalis.com\/tunisie\/#\/schema\/person\/74bbde0154d49d790a92aaeac5bc01d5\"},\"headline\":\"Agression d&rsquo;une femme \u00e0 Sfax : Plainte d\u00e9pos\u00e9e et prise en charge de la victime et de sa fille mineure\",\"datePublished\":\"2023-04-11T17:51:43+00:00\",\"dateModified\":\"2023-04-11T18:47:25+00:00\",\"mainEntityOfPage\":{\"@id\":\"https:\/\/kapitalis.com\/tunisie\/2023\/04\/11\/agression-dune-femme-a-sfax-plainte-deposee-et-prise-en-charge-de-la-victime-et-de-sa-fille-mineure\/\"},\"wordCount\":472,\"commentCount\":9,\"publisher\":{\"@id\":\"https:\/\/kapitalis.com\/tunisie\/#organization\"},\"image\":{\"@id\":\"https:\/\/kapitalis.com\/tunisie\/2023\/04\/11\/agression-dune-femme-a-sfax-plainte-deposee-et-prise-en-charge-de-la-victime-et-de-sa-fille-mineure\/#primaryimage\"},\"thumbnailUrl\":\"https:\/\/kapitalis.com\/tunisie\/wp-content\/uploads\/2023\/04\/Sfax-agression-femme.jpg\",\"keywords\":[\"agression femme\",\"mineure\",\"minist\u00e8re\",\"plainte\",\"Sfax\",\"Tunisie\"],\"articleSection\":[\"SOCIETE\",\"Tunisie\"],\"inLanguage\":\"fr-FR\",\"potentialAction\":[{\"@type\":\"CommentAction\",\"name\":\"Comment\",\"target\":[\"https:\/\/kapitalis.com\/tunisie\/2023\/04\/11\/agression-dune-femme-a-sfax-plainte-deposee-et-prise-en-charge-de-la-victime-et-de-sa-fille-mineure\/#respond\"]}]},{\"@type\":\"WebPage\",\"@id\":\"https:\/\/kapitalis.com\/tunisie\/2023\/04\/11\/agression-dune-femme-a-sfax-plainte-deposee-et-prise-en-charge-de-la-victime-et-de-sa-fille-mineure\/\",\"url\":\"https:\/\/kapitalis.com\/tunisie\/2023\/04\/11\/agression-dune-femme-a-sfax-plainte-deposee-et-prise-en-charge-de-la-victime-et-de-sa-fille-mineure\/\",\"name\":\"Agression d'une femme \u00e0 Sfax : Plainte d\u00e9pos\u00e9e et prise en charge de la victime et de sa fille mineure - Kapitalis\",\"isPartOf\":{\"@id\":\"https:\/\/kapitalis.com\/tunisie\/#website\"},\"primaryImageOfPage\":{\"@id\":\"https:\/\/kapitalis.com\/tunisie\/2023\/04\/11\/agression-dune-femme-a-sfax-plainte-deposee-et-prise-en-charge-de-la-victime-et-de-sa-fille-mineure\/#primaryimage\"},\"image\":{\"@id\":\"https:\/\/kapitalis.com\/tunisie\/2023\/04\/11\/agression-dune-femme-a-sfax-plainte-deposee-et-prise-en-charge-de-la-victime-et-de-sa-fille-mineure\/#primaryimage\"},\"thumbnailUrl\":\"https:\/\/kapitalis.com\/tunisie\/wp-content\/uploads\/2023\/04\/Sfax-agression-femme.jpg\",\"datePublished\":\"2023-04-11T17:51:43+00:00\",\"dateModified\":\"2023-04-11T18:47:25+00:00\",\"description\":\"Le minist\u00e8re de la Famille, de la Femme, de l'Enfance et des seniors a publi\u00e9 un communiqu\u00e9 suite \u00e0 la vid\u00e9o diffus\u00e9e sur les r\u00e9seaux sociaux montrant une femme se faire violenter par des individus, sous les yeux de sa fille mineure qui a film\u00e9 l'agression\u2026\",\"breadcrumb\":{\"@id\":\"https:\/\/kapitalis.com\/tunisie\/2023\/04\/11\/agression-dune-femme-a-sfax-plainte-deposee-et-prise-en-charge-de-la-victime-et-de-sa-fille-mineure\/#breadcrumb\"},\"inLanguage\":\"fr-FR\",\"potentialAction\":[{\"@type\":\"ReadAction\",\"target\":[\"https:\/\/kapitalis.com\/tunisie\/2023\/04\/11\/agression-dune-femme-a-sfax-plainte-deposee-et-prise-en-charge-de-la-victime-et-de-sa-fille-mineure\/\"]}]},{\"@type\":\"ImageObject\",\"inLanguage\":\"fr-FR\",\"@id\":\"https:\/\/kapitalis.com\/tunisie\/2023\/04\/11\/agression-dune-femme-a-sfax-plainte-deposee-et-prise-en-charge-de-la-victime-et-de-sa-fille-mineure\/#primaryimage\",\"url\":\"https:\/\/kapitalis.com\/tunisie\/wp-content\/uploads\/2023\/04\/Sfax-agression-femme.jpg\",\"contentUrl\":\"https:\/\/kapitalis.com\/tunisie\/wp-content\/uploads\/2023\/04\/Sfax-agression-femme.jpg\",\"width\":1200,\"height\":630},{\"@type\":\"BreadcrumbList\",\"@id\":\"https:\/\/kapitalis.com\/tunisie\/2023\/04\/11\/agression-dune-femme-a-sfax-plainte-deposee-et-prise-en-charge-de-la-victime-et-de-sa-fille-mineure\/#breadcrumb\",\"itemListElement\":[{\"@type\":\"ListItem\",\"position\":1,\"name\":\"Accueil\",\"item\":\"https:\/\/kapitalis.com\/tunisie\/\"},{\"@type\":\"ListItem\",\"position\":2,\"name\":\"Agression d&rsquo;une femme \u00e0 Sfax : Plainte d\u00e9pos\u00e9e et prise en charge de la victime et de sa fille mineure\"}]},{\"@type\":\"WebSite\",\"@id\":\"https:\/\/kapitalis.com\/tunisie\/#website\",\"url\":\"https:\/\/kapitalis.com\/tunisie\/\",\"name\":\"Kapitalis\",\"description\":\"L&#039;actualit\u00e9 en Tunisie et dans le monde\",\"publisher\":{\"@id\":\"https:\/\/kapitalis.com\/tunisie\/#organization\"},\"potentialAction\":[{\"@type\":\"SearchAction\",\"target\":{\"@type\":\"EntryPoint\",\"urlTemplate\":\"https:\/\/kapitalis.com\/tunisie\/?s={search_term_string}\"},\"query-input\":{\"@type\":\"PropertyValueSpecification\",\"valueRequired\":true,\"valueName\":\"search_term_string\"}}],\"inLanguage\":\"fr-FR\"},{\"@type\":\"Organization\",\"@id\":\"https:\/\/kapitalis.com\/tunisie\/#organization\",\"name\":\"Kapitalis\",\"url\":\"https:\/\/kapitalis.com\/tunisie\/\",\"logo\":{\"@type\":\"ImageObject\",\"inLanguage\":\"fr-FR\",\"@id\":\"https:\/\/kapitalis.com\/tunisie\/#\/schema\/logo\/image\/\",\"url\":\"https:\/\/kapitalis.com\/tunisie\/wp-content\/uploads\/2022\/05\/Kapitalis-big-size.png\",\"contentUrl\":\"https:\/\/kapitalis.com\/tunisie\/wp-content\/uploads\/2022\/05\/Kapitalis-big-size.png\",\"width\":5000,\"height\":1500,\"caption\":\"Kapitalis\"},\"image\":{\"@id\":\"https:\/\/kapitalis.com\/tunisie\/#\/schema\/logo\/image\/\"},\"sameAs\":[\"https:\/\/www.facebook.com\/KapitalisInfo\/\",\"https:\/\/x.com\/KapitalisInfo\",\"https:\/\/www.youtube.com\/channel\/UC-yDYrHyfFBWWZaOw3FPg9Q\"]},{\"@type\":\"Person\",\"@id\":\"https:\/\/kapitalis.com\/tunisie\/#\/schema\/person\/74bbde0154d49d790a92aaeac5bc01d5\",\"name\":\"Yusra NY\",\"url\":\"https:\/\/kapitalis.com\/tunisie\/author\/yuza_adam\/\"}]}<\/script>\n<!-- \/ Yoast SEO plugin. -->","yoast_head_json":{"title":"Agression d'une femme \u00e0 Sfax : Plainte d\u00e9pos\u00e9e et prise en charge de la victime et de sa fille mineure - Kapitalis","description":"Le minist\u00e8re de la Famille, de la Femme, de l'Enfance et des seniors a publi\u00e9 un communiqu\u00e9 suite \u00e0 la vid\u00e9o diffus\u00e9e sur les r\u00e9seaux sociaux montrant une femme se faire violenter par des individus, sous les yeux de sa fille mineure qui a film\u00e9 l'agression\u2026","robots":{"index":"index","follow":"follow","max-snippet":"max-snippet:-1","max-image-preview":"max-image-preview:large","max-video-preview":"max-video-preview:-1"},"canonical":"https:\/\/kapitalis.com\/tunisie\/2023\/04\/11\/agression-dune-femme-a-sfax-plainte-deposee-et-prise-en-charge-de-la-victime-et-de-sa-fille-mineure\/","og_locale":"fr_FR","og_type":"article","og_title":"Agression d'une femme \u00e0 Sfax : Plainte d\u00e9pos\u00e9e et prise en charge de la victime et de sa fille mineure - Kapitalis","og_description":"Le minist\u00e8re de la Famille, de la Femme, de l'Enfance et des seniors a publi\u00e9 un communiqu\u00e9 suite \u00e0 la vid\u00e9o diffus\u00e9e sur les r\u00e9seaux sociaux montrant une femme se faire violenter par des individus, sous les yeux de sa fille mineure qui a film\u00e9 l'agression\u2026","og_url":"https:\/\/kapitalis.com\/tunisie\/2023\/04\/11\/agression-dune-femme-a-sfax-plainte-deposee-et-prise-en-charge-de-la-victime-et-de-sa-fille-mineure\/","og_site_name":"Kapitalis","article_publisher":"https:\/\/www.facebook.com\/KapitalisInfo\/","article_published_time":"2023-04-11T17:51:43+00:00","article_modified_time":"2023-04-11T18:47:25+00:00","og_image":[{"width":1200,"height":630,"url":"https:\/\/kapitalis.com\/tunisie\/wp-content\/uploads\/2023\/04\/Sfax-agression-femme.jpg","type":"image\/jpeg"}],"author":"Yusra NY","twitter_card":"summary_large_image","twitter_creator":"@KapitalisInfo","twitter_site":"@KapitalisInfo","twitter_misc":{"\u00c9crit par":"Yusra NY","Dur\u00e9e de lecture estim\u00e9e":"3 minutes"},"schema":{"@context":"https:\/\/schema.org","@graph":[{"@type":"Article","@id":"https:\/\/kapitalis.com\/tunisie\/2023\/04\/11\/agression-dune-femme-a-sfax-plainte-deposee-et-prise-en-charge-de-la-victime-et-de-sa-fille-mineure\/#article","isPartOf":{"@id":"https:\/\/kapitalis.com\/tunisie\/2023\/04\/11\/agression-dune-femme-a-sfax-plainte-deposee-et-prise-en-charge-de-la-victime-et-de-sa-fille-mineure\/"},"author":{"name":"Yusra NY","@id":"https:\/\/kapitalis.com\/tunisie\/#\/schema\/person\/74bbde0154d49d790a92aaeac5bc01d5"},"headline":"Agression d&rsquo;une femme \u00e0 Sfax : Plainte d\u00e9pos\u00e9e et prise en charge de la victime et de sa fille mineure","datePublished":"2023-04-11T17:51:43+00:00","dateModified":"2023-04-11T18:47:25+00:00","mainEntityOfPage":{"@id":"https:\/\/kapitalis.com\/tunisie\/2023\/04\/11\/agression-dune-femme-a-sfax-plainte-deposee-et-prise-en-charge-de-la-victime-et-de-sa-fille-mineure\/"},"wordCount":472,"commentCount":9,"publisher":{"@id":"https:\/\/kapitalis.com\/tunisie\/#organization"},"image":{"@id":"https:\/\/kapitalis.com\/tunisie\/2023\/04\/11\/agression-dune-femme-a-sfax-plainte-deposee-et-prise-en-charge-de-la-victime-et-de-sa-fille-mineure\/#primaryimage"},"thumbnailUrl":"https:\/\/kapitalis.com\/tunisie\/wp-content\/uploads\/2023\/04\/Sfax-agression-femme.jpg","keywords":["agression femme","mineure","minist\u00e8re","plainte","Sfax","Tunisie"],"articleSection":["SOCIETE","Tunisie"],"inLanguage":"fr-FR","potentialAction":[{"@type":"CommentAction","name":"Comment","target":["https:\/\/kapitalis.com\/tunisie\/2023\/04\/11\/agression-dune-femme-a-sfax-plainte-deposee-et-prise-en-charge-de-la-victime-et-de-sa-fille-mineure\/#respond"]}]},{"@type":"WebPage","@id":"https:\/\/kapitalis.com\/tunisie\/2023\/04\/11\/agression-dune-femme-a-sfax-plainte-deposee-et-prise-en-charge-de-la-victime-et-de-sa-fille-mineure\/","url":"https:\/\/kapitalis.com\/tunisie\/2023\/04\/11\/agression-dune-femme-a-sfax-plainte-deposee-et-prise-en-charge-de-la-victime-et-de-sa-fille-mineure\/","name":"Agression d'une femme \u00e0 Sfax : Plainte d\u00e9pos\u00e9e et prise en charge de la victime et de sa fille mineure - Kapitalis","isPartOf":{"@id":"https:\/\/kapitalis.com\/tunisie\/#website"},"primaryImageOfPage":{"@id":"https:\/\/kapitalis.com\/tunisie\/2023\/04\/11\/agression-dune-femme-a-sfax-plainte-deposee-et-prise-en-charge-de-la-victime-et-de-sa-fille-mineure\/#primaryimage"},"image":{"@id":"https:\/\/kapitalis.com\/tunisie\/2023\/04\/11\/agression-dune-femme-a-sfax-plainte-deposee-et-prise-en-charge-de-la-victime-et-de-sa-fille-mineure\/#primaryimage"},"thumbnailUrl":"https:\/\/kapitalis.com\/tunisie\/wp-content\/uploads\/2023\/04\/Sfax-agression-femme.jpg","datePublished":"2023-04-11T17:51:43+00:00","dateModified":"2023-04-11T18:47:25+00:00","description":"Le minist\u00e8re de la Famille, de la Femme, de l'Enfance et des seniors a publi\u00e9 un communiqu\u00e9 suite \u00e0 la vid\u00e9o diffus\u00e9e sur les r\u00e9seaux sociaux montrant une femme se faire violenter par des individus, sous les yeux de sa fille mineure qui a film\u00e9 l'agression\u2026","breadcrumb":{"@id":"https:\/\/kapitalis.com\/tunisie\/2023\/04\/11\/agression-dune-femme-a-sfax-plainte-deposee-et-prise-en-charge-de-la-victime-et-de-sa-fille-mineure\/#breadcrumb"},"inLanguage":"fr-FR","potentialAction":[{"@type":"ReadAction","target":["https:\/\/kapitalis.com\/tunisie\/2023\/04\/11\/agression-dune-femme-a-sfax-plainte-deposee-et-prise-en-charge-de-la-victime-et-de-sa-fille-mineure\/"]}]},{"@type":"ImageObject","inLanguage":"fr-FR","@id":"https:\/\/kapitalis.com\/tunisie\/2023\/04\/11\/agression-dune-femme-a-sfax-plainte-deposee-et-prise-en-charge-de-la-victime-et-de-sa-fille-mineure\/#primaryimage","url":"https:\/\/kapitalis.com\/tunisie\/wp-content\/uploads\/2023\/04\/Sfax-agression-femme.jpg","contentUrl":"https:\/\/kapitalis.com\/tunisie\/wp-content\/uploads\/2023\/04\/Sfax-agression-femme.jpg","width":1200,"height":630},{"@type":"BreadcrumbList","@id":"https:\/\/kapitalis.com\/tunisie\/2023\/04\/11\/agression-dune-femme-a-sfax-plainte-deposee-et-prise-en-charge-de-la-victime-et-de-sa-fille-mineure\/#breadcrumb","itemListElement":[{"@type":"ListItem","position":1,"name":"Accueil","item":"https:\/\/kapitalis.com\/tunisie\/"},{"@type":"ListItem","position":2,"name":"Agression d&rsquo;une femme \u00e0 Sfax : Plainte d\u00e9pos\u00e9e et prise en charge de la victime et de sa fille mineure"}]},{"@type":"WebSite","@id":"https:\/\/kapitalis.com\/tunisie\/#website","url":"https:\/\/kapitalis.com\/tunisie\/","name":"Kapitalis","description":"L&#039;actualit\u00e9 en Tunisie et dans le monde","publisher":{"@id":"https:\/\/kapitalis.com\/tunisie\/#organization"},"potentialAction":[{"@type":"SearchAction","target":{"@type":"EntryPoint","urlTemplate":"https:\/\/kapitalis.com\/tunisie\/?s={search_term_string}"},"query-input":{"@type":"PropertyValueSpecification","valueRequired":true,"valueName":"search_term_string"}}],"inLanguage":"fr-FR"},{"@type":"Organization","@id":"https:\/\/kapitalis.com\/tunisie\/#organization","name":"Kapitalis","url":"https:\/\/kapitalis.com\/tunisie\/","logo":{"@type":"ImageObject","inLanguage":"fr-FR","@id":"https:\/\/kapitalis.com\/tunisie\/#\/schema\/logo\/image\/","url":"https:\/\/kapitalis.com\/tunisie\/wp-content\/uploads\/2022\/05\/Kapitalis-big-size.png","contentUrl":"https:\/\/kapitalis.com\/tunisie\/wp-content\/uploads\/2022\/05\/Kapitalis-big-size.png","width":5000,"height":1500,"caption":"Kapitalis"},"image":{"@id":"https:\/\/kapitalis.com\/tunisie\/#\/schema\/logo\/image\/"},"sameAs":["https:\/\/www.facebook.com\/KapitalisInfo\/","https:\/\/x.com\/KapitalisInfo","https:\/\/www.youtube.com\/channel\/UC-yDYrHyfFBWWZaOw3FPg9Q"]},{"@type":"Person","@id":"https:\/\/kapitalis.com\/tunisie\/#\/schema\/person\/74bbde0154d49d790a92aaeac5bc01d5","name":"Yusra NY","url":"https:\/\/kapitalis.com\/tunisie\/author\/yuza_adam\/"}]}},"_links":{"self":[{"href":"https:\/\/kapitalis.com\/tunisie\/wp-json\/wp\/v2\/posts\/7379502","targetHints":{"allow":["GET"]}}],"collection":[{"href":"https:\/\/kapitalis.com\/tunisie\/wp-json\/wp\/v2\/posts"}],"about":[{"href":"https:\/\/kapitalis.com\/tunisie\/wp-json\/wp\/v2\/types\/post"}],"author":[{"embeddable":true,"href":"https:\/\/kapitalis.com\/tunisie\/wp-json\/wp\/v2\/users\/6"}],"replies":[{"embeddable":true,"href":"https:\/\/kapitalis.com\/tunisie\/wp-json\/wp\/v2\/comments?post=7379502"}],"version-history":[{"count":3,"href":"https:\/\/kapitalis.com\/tunisie\/wp-json\/wp\/v2\/posts\/7379502\/revisions"}],"predecessor-version":[{"id":7380023,"href":"https:\/\/kapitalis.com\/tunisie\/wp-json\/wp\/v2\/posts\/7379502\/revisions\/7380023"}],"wp:featuredmedia":[{"embeddable":true,"href":"https:\/\/kapitalis.com\/tunisie\/wp-json\/wp\/v2\/media\/7379961"}],"wp:attachment":[{"href":"https:\/\/kapitalis.com\/tunisie\/wp-json\/wp\/v2\/media?parent=7379502"}],"wp:term":[{"taxonomy":"category","embeddable":true,"href":"https:\/\/kapitalis.com\/tunisie\/wp-json\/wp\/v2\/categories?post=7379502"},{"taxonomy":"post_tag","embeddable":true,"href":"https:\/\/kapitalis.com\/tunisie\/wp-json\/wp\/v2\/tags?post=7379502"}],"curies":[{"name":"wp","href":"https:\/\/api.w.org\/{rel}","templated":true}]}}