{"id":7389562,"date":"2023-04-12T08:41:38","date_gmt":"2023-04-12T07:41:38","guid":{"rendered":"https:\/\/kapitalis.com\/tunisie\/?p=7389562"},"modified":"2023-04-12T08:41:39","modified_gmt":"2023-04-12T07:41:39","slug":"tunisie-brahim-bouderbala-cede-a-la-pression-des-journalistes","status":"publish","type":"post","link":"https:\/\/kapitalis.com\/tunisie\/2023\/04\/12\/tunisie-brahim-bouderbala-cede-a-la-pression-des-journalistes\/","title":{"rendered":"Tunisie : Brahim Bouderbala c\u00e8de \u00e0 la pression des journalistes \u00a0"},"content":{"rendered":"\n<p><strong><em>Apr\u00e8s moult tergiversations, le pr\u00e9sident de l\u2019Assembl\u00e9e des repr\u00e9sentants du peuple (ARP) Brahim Bouderbala a d\u00e9cid\u00e9 d\u2019autoriser les journalistes des m\u00e9dias publics et priv\u00e9s et les correspondants des m\u00e9dias \u00e9trangers accr\u00e9dit\u00e9s en Tunisie \u00e0 couvrir les travaux des sessions pl\u00e9ni\u00e8res du parlement, \u00e0 partir de ce mercredi 12 avril 2023.<\/em><\/strong><\/p>\n\n\n\n<!--more-->\n\n\n\n<p>Les journalistes sont appel\u00e9s \u00e0 pr\u00e9senter leurs cartes professionnelles pour 2023 ainsi que la carte d\u2019accr\u00e9ditation pour 2023 pour les journalistes de la presse \u00e9trang\u00e8re, en coordination avec le bureau de presse de l\u2019ARP, a expliqu\u00e9 Bouderbala.<\/p>\n\n\n\n<p><em>\u00abLes m\u00e9dias publics, priv\u00e9s et \u00e9trangers seront invit\u00e9s \u00e0 d\u00e9signer leurs repr\u00e9sentants pour couvrir les travaux de l\u2019ARP, apr\u00e8s l\u2019adoption du r\u00e8glement int\u00e9rieur\u00bb<\/em>, a pr\u00e9cis\u00e9 la m\u00eame source.<\/p>\n\n\n\n<p>Le Syndicat national des journalistes tunisiens (SNJT) avait exhort\u00e9 lundi les journalistes \u00e0 boycotter la session pl\u00e9ni\u00e8re de mardi consacr\u00e9e \u00e0 l\u2019examen du r\u00e8glement int\u00e9rieur du parlement. Et appel\u00e9 \u00e0 un rassemblement devant le parlement <em>\u00abpour d\u00e9fendre le droit d\u2019acc\u00e8s au parlement\u00bb<\/em>.<\/p>\n\n\n\n<p>Plus t\u00f4t lundi, le parlement avait annonc\u00e9 dans un communiqu\u00e9 que <em>\u00abseuls les m\u00e9dias publics sont autoris\u00e9s \u00e0 couvrir les sessions pl\u00e9ni\u00e8res sur l\u2019examen du projet de r\u00e8glement int\u00e9rieur\u00bb<\/em>. Les travaux de ces sessions pl\u00e9ni\u00e8res seront <em>\u00abdiffus\u00e9s en direct sur la t\u00e9l\u00e9vision publique et sur la cha\u00eene YouTube du parlement\u00bb<\/em>, a ajout\u00e9 la pr\u00e9sidence du parlement.<\/p>\n\n\n\n<p>En r\u00e9action \u00e0 cette d\u00e9cision, des journalistes se sont rassembl\u00e9s mardi devant le parlement, au Bardo, pour protester contre la d\u00e9cision de leur interdire l\u2019acc\u00e8s au parlement.<\/p>\n\n\n\n<p>Brandissant leurs cartes professionnelles, les journalistes manifestants ont scand\u00e9 des slogans contre cette d\u00e9cision qu\u2019ils jugent <em>\u00abr\u00e9pressive\u00bb<\/em> et affirm\u00e9 leur engagement \u00e0 <em>\u00abd\u00e9fendre la libert\u00e9 de la presse\u00bb<\/em>.<\/p>\n\n\n\n<p>Pour le pr\u00e9sident du SNJT, Yassine Jelassi, la premi\u00e8re d\u00e9cision de l\u2019ARP \u00e9tait <em>\u00abun mauvais signe\u00bb <\/em>qui augure d\u2019un retour \u00e0 <em>\u00abdes pratiques restrictives et d\u2019exclusion\u00bb<\/em>.<\/p>\n\n\n\n<p class=\"has-text-align-right\"><strong>I. B.<\/strong> (avec Tap).<\/p>\n\n\n\n<figure class=\"wp-block-embed is-type-wp-embed is-provider-kapitalis wp-block-embed-kapitalis\"><div class=\"wp-block-embed__wrapper\">\n<blockquote class=\"wp-embedded-content\" data-secret=\"qauzIhgVAN\"><a href=\"https:\/\/kapitalis.com\/tunisie\/2023\/04\/11\/yassine-jelassi-brahim-bouderbala-veut-transformer-le-parlement-en-une-chambre-noire\/\">Yassine Jelassi\u00a0: \u00abBrahim Bouderbala veut transformer le parlement en une chambre noire\u00bb<\/a><\/blockquote><iframe loading=\"lazy\" class=\"wp-embedded-content\" sandbox=\"allow-scripts\" security=\"restricted\" style=\"position: absolute; clip: rect(1px, 1px, 1px, 1px);\" title=\"\u00ab\u00a0Yassine Jelassi\u00a0: \u00abBrahim Bouderbala veut transformer le parlement en une chambre noire\u00bb\u00a0\u00bb &#8212; Kapitalis\" src=\"https:\/\/kapitalis.com\/tunisie\/2023\/04\/11\/yassine-jelassi-brahim-bouderbala-veut-transformer-le-parlement-en-une-chambre-noire\/embed\/#?secret=RIfiqlGCn9#?secret=qauzIhgVAN\" data-secret=\"qauzIhgVAN\" width=\"600\" height=\"338\" frameborder=\"0\" marginwidth=\"0\" marginheight=\"0\" scrolling=\"no\"><\/iframe>\n<\/div><\/figure>\n","protected":false},"excerpt":{"rendered":"<p>Le pr\u00e9sident du parlement Ibrahim Bouderbala a fini par c\u00e9der \u00e0 la pression des journalistes qui ont d\u00e9nonc\u00e9 sa politique de black-out m\u00e9diatique. <\/p>\n","protected":false},"author":8,"featured_media":7389641,"comment_status":"open","ping_status":"open","sticky":false,"template":"","format":"standard","meta":{"footnotes":""},"categories":[996,997,2433],"tags":[93,72962,838,62643,100917],"class_list":["post-7389562","post","type-post","status-publish","format-standard","has-post-thumbnail","hentry","category-media","category-politique","category-tunisie","tag-assemblee","tag-ibrahim-bouderbala","tag-snjt","tag-tunisie","tag-yassine-jelassi"],"yoast_head":"<!-- This site is optimized with the Yoast SEO plugin v26.6 - https:\/\/yoast.com\/wordpress\/plugins\/seo\/ -->\n<title>Tunisie : Brahim Bouderbala c\u00e8de \u00e0 la pression des journalistes \u00a0 - Kapitalis<\/title>\n<meta name=\"robots\" content=\"index, follow, max-snippet:-1, max-image-preview:large, max-video-preview:-1\" \/>\n<link rel=\"canonical\" href=\"https:\/\/kapitalis.com\/tunisie\/2023\/04\/12\/tunisie-brahim-bouderbala-cede-a-la-pression-des-journalistes\/\" \/>\n<meta property=\"og:locale\" content=\"fr_FR\" \/>\n<meta property=\"og:type\" content=\"article\" \/>\n<meta property=\"og:title\" content=\"Tunisie : Brahim Bouderbala c\u00e8de \u00e0 la pression des journalistes \u00a0 - Kapitalis\" \/>\n<meta property=\"og:description\" content=\"Le pr\u00e9sident du parlement Ibrahim Bouderbala a fini par c\u00e9der \u00e0 la pression des journalistes qui ont d\u00e9nonc\u00e9 sa politique de black-out m\u00e9diatique.\" \/>\n<meta property=\"og:url\" content=\"https:\/\/kapitalis.com\/tunisie\/2023\/04\/12\/tunisie-brahim-bouderbala-cede-a-la-pression-des-journalistes\/\" \/>\n<meta property=\"og:site_name\" content=\"Kapitalis\" \/>\n<meta property=\"article:publisher\" content=\"https:\/\/www.facebook.com\/KapitalisInfo\/\" \/>\n<meta property=\"article:published_time\" content=\"2023-04-12T07:41:38+00:00\" \/>\n<meta property=\"article:modified_time\" content=\"2023-04-12T07:41:39+00:00\" \/>\n<meta property=\"og:image\" content=\"https:\/\/kapitalis.com\/tunisie\/wp-content\/uploads\/2023\/04\/SNJT-Assemblee.jpg\" \/>\n\t<meta property=\"og:image:width\" content=\"1200\" \/>\n\t<meta property=\"og:image:height\" content=\"630\" \/>\n\t<meta property=\"og:image:type\" content=\"image\/jpeg\" \/>\n<meta name=\"author\" content=\"webmaster kapitalis\" \/>\n<meta name=\"twitter:card\" content=\"summary_large_image\" \/>\n<meta name=\"twitter:creator\" content=\"@KapitalisInfo\" \/>\n<meta name=\"twitter:site\" content=\"@KapitalisInfo\" \/>\n<meta name=\"twitter:label1\" content=\"\u00c9crit par\" \/>\n\t<meta name=\"twitter:data1\" content=\"webmaster kapitalis\" \/>\n\t<meta name=\"twitter:label2\" content=\"Dur\u00e9e de lecture estim\u00e9e\" \/>\n\t<meta name=\"twitter:data2\" content=\"2 minutes\" \/>\n<script type=\"application\/ld+json\" class=\"yoast-schema-graph\">{\"@context\":\"https:\/\/schema.org\",\"@graph\":[{\"@type\":\"Article\",\"@id\":\"https:\/\/kapitalis.com\/tunisie\/2023\/04\/12\/tunisie-brahim-bouderbala-cede-a-la-pression-des-journalistes\/#article\",\"isPartOf\":{\"@id\":\"https:\/\/kapitalis.com\/tunisie\/2023\/04\/12\/tunisie-brahim-bouderbala-cede-a-la-pression-des-journalistes\/\"},\"author\":{\"name\":\"webmaster kapitalis\",\"@id\":\"https:\/\/kapitalis.com\/tunisie\/#\/schema\/person\/d71f33a9ca44f7bad4698210b480c8e9\"},\"headline\":\"Tunisie : Brahim Bouderbala c\u00e8de \u00e0 la pression des journalistes \u00a0\",\"datePublished\":\"2023-04-12T07:41:38+00:00\",\"dateModified\":\"2023-04-12T07:41:39+00:00\",\"mainEntityOfPage\":{\"@id\":\"https:\/\/kapitalis.com\/tunisie\/2023\/04\/12\/tunisie-brahim-bouderbala-cede-a-la-pression-des-journalistes\/\"},\"wordCount\":369,\"commentCount\":0,\"publisher\":{\"@id\":\"https:\/\/kapitalis.com\/tunisie\/#organization\"},\"image\":{\"@id\":\"https:\/\/kapitalis.com\/tunisie\/2023\/04\/12\/tunisie-brahim-bouderbala-cede-a-la-pression-des-journalistes\/#primaryimage\"},\"thumbnailUrl\":\"https:\/\/kapitalis.com\/tunisie\/wp-content\/uploads\/2023\/04\/SNJT-Assemblee.jpg\",\"keywords\":[\"Assembl\u00e9e\",\"Ibrahim Bouderbala\",\"SNJT\",\"Tunisie\",\"Yassine Jelassi\"],\"articleSection\":[\"MEDIA\",\"POLITIQUE\",\"Tunisie\"],\"inLanguage\":\"fr-FR\",\"potentialAction\":[{\"@type\":\"CommentAction\",\"name\":\"Comment\",\"target\":[\"https:\/\/kapitalis.com\/tunisie\/2023\/04\/12\/tunisie-brahim-bouderbala-cede-a-la-pression-des-journalistes\/#respond\"]}]},{\"@type\":\"WebPage\",\"@id\":\"https:\/\/kapitalis.com\/tunisie\/2023\/04\/12\/tunisie-brahim-bouderbala-cede-a-la-pression-des-journalistes\/\",\"url\":\"https:\/\/kapitalis.com\/tunisie\/2023\/04\/12\/tunisie-brahim-bouderbala-cede-a-la-pression-des-journalistes\/\",\"name\":\"Tunisie : Brahim Bouderbala c\u00e8de \u00e0 la pression des journalistes \u00a0 - Kapitalis\",\"isPartOf\":{\"@id\":\"https:\/\/kapitalis.com\/tunisie\/#website\"},\"primaryImageOfPage\":{\"@id\":\"https:\/\/kapitalis.com\/tunisie\/2023\/04\/12\/tunisie-brahim-bouderbala-cede-a-la-pression-des-journalistes\/#primaryimage\"},\"image\":{\"@id\":\"https:\/\/kapitalis.com\/tunisie\/2023\/04\/12\/tunisie-brahim-bouderbala-cede-a-la-pression-des-journalistes\/#primaryimage\"},\"thumbnailUrl\":\"https:\/\/kapitalis.com\/tunisie\/wp-content\/uploads\/2023\/04\/SNJT-Assemblee.jpg\",\"datePublished\":\"2023-04-12T07:41:38+00:00\",\"dateModified\":\"2023-04-12T07:41:39+00:00\",\"breadcrumb\":{\"@id\":\"https:\/\/kapitalis.com\/tunisie\/2023\/04\/12\/tunisie-brahim-bouderbala-cede-a-la-pression-des-journalistes\/#breadcrumb\"},\"inLanguage\":\"fr-FR\",\"potentialAction\":[{\"@type\":\"ReadAction\",\"target\":[\"https:\/\/kapitalis.com\/tunisie\/2023\/04\/12\/tunisie-brahim-bouderbala-cede-a-la-pression-des-journalistes\/\"]}]},{\"@type\":\"ImageObject\",\"inLanguage\":\"fr-FR\",\"@id\":\"https:\/\/kapitalis.com\/tunisie\/2023\/04\/12\/tunisie-brahim-bouderbala-cede-a-la-pression-des-journalistes\/#primaryimage\",\"url\":\"https:\/\/kapitalis.com\/tunisie\/wp-content\/uploads\/2023\/04\/SNJT-Assemblee.jpg\",\"contentUrl\":\"https:\/\/kapitalis.com\/tunisie\/wp-content\/uploads\/2023\/04\/SNJT-Assemblee.jpg\",\"width\":1200,\"height\":630},{\"@type\":\"BreadcrumbList\",\"@id\":\"https:\/\/kapitalis.com\/tunisie\/2023\/04\/12\/tunisie-brahim-bouderbala-cede-a-la-pression-des-journalistes\/#breadcrumb\",\"itemListElement\":[{\"@type\":\"ListItem\",\"position\":1,\"name\":\"Accueil\",\"item\":\"https:\/\/kapitalis.com\/tunisie\/\"},{\"@type\":\"ListItem\",\"position\":2,\"name\":\"Tunisie : Brahim Bouderbala c\u00e8de \u00e0 la pression des journalistes \u00a0\"}]},{\"@type\":\"WebSite\",\"@id\":\"https:\/\/kapitalis.com\/tunisie\/#website\",\"url\":\"https:\/\/kapitalis.com\/tunisie\/\",\"name\":\"Kapitalis\",\"description\":\"L&#039;actualit\u00e9 en Tunisie et dans le monde\",\"publisher\":{\"@id\":\"https:\/\/kapitalis.com\/tunisie\/#organization\"},\"potentialAction\":[{\"@type\":\"SearchAction\",\"target\":{\"@type\":\"EntryPoint\",\"urlTemplate\":\"https:\/\/kapitalis.com\/tunisie\/?s={search_term_string}\"},\"query-input\":{\"@type\":\"PropertyValueSpecification\",\"valueRequired\":true,\"valueName\":\"search_term_string\"}}],\"inLanguage\":\"fr-FR\"},{\"@type\":\"Organization\",\"@id\":\"https:\/\/kapitalis.com\/tunisie\/#organization\",\"name\":\"Kapitalis\",\"url\":\"https:\/\/kapitalis.com\/tunisie\/\",\"logo\":{\"@type\":\"ImageObject\",\"inLanguage\":\"fr-FR\",\"@id\":\"https:\/\/kapitalis.com\/tunisie\/#\/schema\/logo\/image\/\",\"url\":\"https:\/\/kapitalis.com\/tunisie\/wp-content\/uploads\/2022\/05\/Kapitalis-big-size.png\",\"contentUrl\":\"https:\/\/kapitalis.com\/tunisie\/wp-content\/uploads\/2022\/05\/Kapitalis-big-size.png\",\"width\":5000,\"height\":1500,\"caption\":\"Kapitalis\"},\"image\":{\"@id\":\"https:\/\/kapitalis.com\/tunisie\/#\/schema\/logo\/image\/\"},\"sameAs\":[\"https:\/\/www.facebook.com\/KapitalisInfo\/\",\"https:\/\/x.com\/KapitalisInfo\",\"https:\/\/www.youtube.com\/channel\/UC-yDYrHyfFBWWZaOw3FPg9Q\"]},{\"@type\":\"Person\",\"@id\":\"https:\/\/kapitalis.com\/tunisie\/#\/schema\/person\/d71f33a9ca44f7bad4698210b480c8e9\",\"name\":\"webmaster kapitalis\",\"url\":\"https:\/\/kapitalis.com\/tunisie\/author\/webmaster-kapitalis\/\"}]}<\/script>\n<!-- \/ Yoast SEO plugin. -->","yoast_head_json":{"title":"Tunisie : Brahim Bouderbala c\u00e8de \u00e0 la pression des journalistes \u00a0 - Kapitalis","robots":{"index":"index","follow":"follow","max-snippet":"max-snippet:-1","max-image-preview":"max-image-preview:large","max-video-preview":"max-video-preview:-1"},"canonical":"https:\/\/kapitalis.com\/tunisie\/2023\/04\/12\/tunisie-brahim-bouderbala-cede-a-la-pression-des-journalistes\/","og_locale":"fr_FR","og_type":"article","og_title":"Tunisie : Brahim Bouderbala c\u00e8de \u00e0 la pression des journalistes \u00a0 - Kapitalis","og_description":"Le pr\u00e9sident du parlement Ibrahim Bouderbala a fini par c\u00e9der \u00e0 la pression des journalistes qui ont d\u00e9nonc\u00e9 sa politique de black-out m\u00e9diatique.","og_url":"https:\/\/kapitalis.com\/tunisie\/2023\/04\/12\/tunisie-brahim-bouderbala-cede-a-la-pression-des-journalistes\/","og_site_name":"Kapitalis","article_publisher":"https:\/\/www.facebook.com\/KapitalisInfo\/","article_published_time":"2023-04-12T07:41:38+00:00","article_modified_time":"2023-04-12T07:41:39+00:00","og_image":[{"width":1200,"height":630,"url":"https:\/\/kapitalis.com\/tunisie\/wp-content\/uploads\/2023\/04\/SNJT-Assemblee.jpg","type":"image\/jpeg"}],"author":"webmaster kapitalis","twitter_card":"summary_large_image","twitter_creator":"@KapitalisInfo","twitter_site":"@KapitalisInfo","twitter_misc":{"\u00c9crit par":"webmaster kapitalis","Dur\u00e9e de lecture estim\u00e9e":"2 minutes"},"schema":{"@context":"https:\/\/schema.org","@graph":[{"@type":"Article","@id":"https:\/\/kapitalis.com\/tunisie\/2023\/04\/12\/tunisie-brahim-bouderbala-cede-a-la-pression-des-journalistes\/#article","isPartOf":{"@id":"https:\/\/kapitalis.com\/tunisie\/2023\/04\/12\/tunisie-brahim-bouderbala-cede-a-la-pression-des-journalistes\/"},"author":{"name":"webmaster kapitalis","@id":"https:\/\/kapitalis.com\/tunisie\/#\/schema\/person\/d71f33a9ca44f7bad4698210b480c8e9"},"headline":"Tunisie : Brahim Bouderbala c\u00e8de \u00e0 la pression des journalistes \u00a0","datePublished":"2023-04-12T07:41:38+00:00","dateModified":"2023-04-12T07:41:39+00:00","mainEntityOfPage":{"@id":"https:\/\/kapitalis.com\/tunisie\/2023\/04\/12\/tunisie-brahim-bouderbala-cede-a-la-pression-des-journalistes\/"},"wordCount":369,"commentCount":0,"publisher":{"@id":"https:\/\/kapitalis.com\/tunisie\/#organization"},"image":{"@id":"https:\/\/kapitalis.com\/tunisie\/2023\/04\/12\/tunisie-brahim-bouderbala-cede-a-la-pression-des-journalistes\/#primaryimage"},"thumbnailUrl":"https:\/\/kapitalis.com\/tunisie\/wp-content\/uploads\/2023\/04\/SNJT-Assemblee.jpg","keywords":["Assembl\u00e9e","Ibrahim Bouderbala","SNJT","Tunisie","Yassine Jelassi"],"articleSection":["MEDIA","POLITIQUE","Tunisie"],"inLanguage":"fr-FR","potentialAction":[{"@type":"CommentAction","name":"Comment","target":["https:\/\/kapitalis.com\/tunisie\/2023\/04\/12\/tunisie-brahim-bouderbala-cede-a-la-pression-des-journalistes\/#respond"]}]},{"@type":"WebPage","@id":"https:\/\/kapitalis.com\/tunisie\/2023\/04\/12\/tunisie-brahim-bouderbala-cede-a-la-pression-des-journalistes\/","url":"https:\/\/kapitalis.com\/tunisie\/2023\/04\/12\/tunisie-brahim-bouderbala-cede-a-la-pression-des-journalistes\/","name":"Tunisie : Brahim Bouderbala c\u00e8de \u00e0 la pression des journalistes \u00a0 - Kapitalis","isPartOf":{"@id":"https:\/\/kapitalis.com\/tunisie\/#website"},"primaryImageOfPage":{"@id":"https:\/\/kapitalis.com\/tunisie\/2023\/04\/12\/tunisie-brahim-bouderbala-cede-a-la-pression-des-journalistes\/#primaryimage"},"image":{"@id":"https:\/\/kapitalis.com\/tunisie\/2023\/04\/12\/tunisie-brahim-bouderbala-cede-a-la-pression-des-journalistes\/#primaryimage"},"thumbnailUrl":"https:\/\/kapitalis.com\/tunisie\/wp-content\/uploads\/2023\/04\/SNJT-Assemblee.jpg","datePublished":"2023-04-12T07:41:38+00:00","dateModified":"2023-04-12T07:41:39+00:00","breadcrumb":{"@id":"https:\/\/kapitalis.com\/tunisie\/2023\/04\/12\/tunisie-brahim-bouderbala-cede-a-la-pression-des-journalistes\/#breadcrumb"},"inLanguage":"fr-FR","potentialAction":[{"@type":"ReadAction","target":["https:\/\/kapitalis.com\/tunisie\/2023\/04\/12\/tunisie-brahim-bouderbala-cede-a-la-pression-des-journalistes\/"]}]},{"@type":"ImageObject","inLanguage":"fr-FR","@id":"https:\/\/kapitalis.com\/tunisie\/2023\/04\/12\/tunisie-brahim-bouderbala-cede-a-la-pression-des-journalistes\/#primaryimage","url":"https:\/\/kapitalis.com\/tunisie\/wp-content\/uploads\/2023\/04\/SNJT-Assemblee.jpg","contentUrl":"https:\/\/kapitalis.com\/tunisie\/wp-content\/uploads\/2023\/04\/SNJT-Assemblee.jpg","width":1200,"height":630},{"@type":"BreadcrumbList","@id":"https:\/\/kapitalis.com\/tunisie\/2023\/04\/12\/tunisie-brahim-bouderbala-cede-a-la-pression-des-journalistes\/#breadcrumb","itemListElement":[{"@type":"ListItem","position":1,"name":"Accueil","item":"https:\/\/kapitalis.com\/tunisie\/"},{"@type":"ListItem","position":2,"name":"Tunisie : Brahim Bouderbala c\u00e8de \u00e0 la pression des journalistes \u00a0"}]},{"@type":"WebSite","@id":"https:\/\/kapitalis.com\/tunisie\/#website","url":"https:\/\/kapitalis.com\/tunisie\/","name":"Kapitalis","description":"L&#039;actualit\u00e9 en Tunisie et dans le monde","publisher":{"@id":"https:\/\/kapitalis.com\/tunisie\/#organization"},"potentialAction":[{"@type":"SearchAction","target":{"@type":"EntryPoint","urlTemplate":"https:\/\/kapitalis.com\/tunisie\/?s={search_term_string}"},"query-input":{"@type":"PropertyValueSpecification","valueRequired":true,"valueName":"search_term_string"}}],"inLanguage":"fr-FR"},{"@type":"Organization","@id":"https:\/\/kapitalis.com\/tunisie\/#organization","name":"Kapitalis","url":"https:\/\/kapitalis.com\/tunisie\/","logo":{"@type":"ImageObject","inLanguage":"fr-FR","@id":"https:\/\/kapitalis.com\/tunisie\/#\/schema\/logo\/image\/","url":"https:\/\/kapitalis.com\/tunisie\/wp-content\/uploads\/2022\/05\/Kapitalis-big-size.png","contentUrl":"https:\/\/kapitalis.com\/tunisie\/wp-content\/uploads\/2022\/05\/Kapitalis-big-size.png","width":5000,"height":1500,"caption":"Kapitalis"},"image":{"@id":"https:\/\/kapitalis.com\/tunisie\/#\/schema\/logo\/image\/"},"sameAs":["https:\/\/www.facebook.com\/KapitalisInfo\/","https:\/\/x.com\/KapitalisInfo","https:\/\/www.youtube.com\/channel\/UC-yDYrHyfFBWWZaOw3FPg9Q"]},{"@type":"Person","@id":"https:\/\/kapitalis.com\/tunisie\/#\/schema\/person\/d71f33a9ca44f7bad4698210b480c8e9","name":"webmaster kapitalis","url":"https:\/\/kapitalis.com\/tunisie\/author\/webmaster-kapitalis\/"}]}},"_links":{"self":[{"href":"https:\/\/kapitalis.com\/tunisie\/wp-json\/wp\/v2\/posts\/7389562","targetHints":{"allow":["GET"]}}],"collection":[{"href":"https:\/\/kapitalis.com\/tunisie\/wp-json\/wp\/v2\/posts"}],"about":[{"href":"https:\/\/kapitalis.com\/tunisie\/wp-json\/wp\/v2\/types\/post"}],"author":[{"embeddable":true,"href":"https:\/\/kapitalis.com\/tunisie\/wp-json\/wp\/v2\/users\/8"}],"replies":[{"embeddable":true,"href":"https:\/\/kapitalis.com\/tunisie\/wp-json\/wp\/v2\/comments?post=7389562"}],"version-history":[{"count":1,"href":"https:\/\/kapitalis.com\/tunisie\/wp-json\/wp\/v2\/posts\/7389562\/revisions"}],"predecessor-version":[{"id":7389665,"href":"https:\/\/kapitalis.com\/tunisie\/wp-json\/wp\/v2\/posts\/7389562\/revisions\/7389665"}],"wp:featuredmedia":[{"embeddable":true,"href":"https:\/\/kapitalis.com\/tunisie\/wp-json\/wp\/v2\/media\/7389641"}],"wp:attachment":[{"href":"https:\/\/kapitalis.com\/tunisie\/wp-json\/wp\/v2\/media?parent=7389562"}],"wp:term":[{"taxonomy":"category","embeddable":true,"href":"https:\/\/kapitalis.com\/tunisie\/wp-json\/wp\/v2\/categories?post=7389562"},{"taxonomy":"post_tag","embeddable":true,"href":"https:\/\/kapitalis.com\/tunisie\/wp-json\/wp\/v2\/tags?post=7389562"}],"curies":[{"name":"wp","href":"https:\/\/api.w.org\/{rel}","templated":true}]}}