{"id":7391445,"date":"2023-04-12T12:00:08","date_gmt":"2023-04-12T11:00:08","guid":{"rendered":"https:\/\/kapitalis.com\/tunisie\/?p=7391445"},"modified":"2023-04-12T12:00:10","modified_gmt":"2023-04-12T11:00:10","slug":"fallujah-naima-el-jeni-decroche-enfin-un-role-a-la-hauteur-de-sa-carriere","status":"publish","type":"post","link":"https:\/\/kapitalis.com\/tunisie\/2023\/04\/12\/fallujah-naima-el-jeni-decroche-enfin-un-role-a-la-hauteur-de-sa-carriere\/","title":{"rendered":"\u00ab\u00a0Fallujah\u00a0\u00bb : Na\u00efma El Jeni d\u00e9croche enfin un r\u00f4le \u00e0 la hauteur de sa carri\u00e8re"},"content":{"rendered":"\n<p><em><strong>Le feuilleton \u00ab\u00a0Fallujah\u00a0\u00bb qui s\u2019est cl\u00f4tur\u00e9 hier a r\u00e9v\u00e9l\u00e9 plusieurs jeunes talents mais a \u00e9galement permis \u00e0 de grands acteurs de sortir de leur zones de confort, comme Na\u00efma El J\u00e9ni qui a excell\u00e9 dans le r\u00f4le de la directrice du lyc\u00e9e.<\/strong><\/em><\/p>\n\n\n\n<!--more-->\n\n\n\n<p>Na\u00efma El J\u00e9ni, l\u2019une des grandes actrices tunisiennes et figure incontournable des s\u00e9ries t\u00e9l\u00e9vis\u00e9es, a longtemps eu \u00e0 jouer les m\u00eames r\u00f4les et est souvent pass\u00e9e au second plan, mais cette ann\u00e9e, Sawsen Jemni lui confie un r\u00f4le compl\u00e8tement diff\u00e9rent de tout ce qu\u2019elle a pu faire jusque-l\u00e0 dans le feuilleton ramadanesque <em>Fallujah<\/em> qui a connu un \u00e9norme succ\u00e8s cette ann\u00e9e et qui vient de se cl\u00f4turer.<\/p>\n\n\n\n<p>Na\u00efma El Jeni y joue le r\u00f4le d\u2019une directrice de lyc\u00e9e et on la suit aussi bien dans son lieu de travail que dans sa vie priv\u00e9e. Un parcours plein de rebondissement pour un personnage complexe qu\u2019elle a incarn\u00e9 avec beaucoup de talent et de justesse. Mention sp\u00e9ciale pour l\u2019une des derni\u00e8res sc\u00e8nes de la s\u00e9rie o\u00f9 elle s\u2019appr\u00eate \u00e0 quitter d\u00e9finitivement l\u2019\u00e9tablissement scolaire sous le regard attendrie des \u00e9l\u00e8ves qui la rattrapent pour l\u2019emp\u00eacher de partir.<\/p>\n\n\n\n<p class=\"has-text-align-right\"><strong>F.B<\/strong><\/p>\n","protected":false},"excerpt":{"rendered":"<p>Le feuilleton \u00ab\u00a0Fallujah\u00a0\u00bb qui s\u2019est cl\u00f4tur\u00e9 hier a r\u00e9v\u00e9l\u00e9 plusieurs jeunes talents mais a \u00e9galement permis \u00e0 de grands acteurs de sortir de leur zones de confort, comme Na\u00efma El J\u00e9ni qui a excell\u00e9 dans le r\u00f4le de la directrice du lyc\u00e9e.<\/p>\n","protected":false},"author":26,"featured_media":7391987,"comment_status":"open","ping_status":"open","sticky":false,"template":"","format":"standard","meta":{"footnotes":""},"categories":[994,996,2433],"tags":[107664,107880,107501,2280,62643],"class_list":["post-7391445","post","type-post","status-publish","format-standard","has-post-thumbnail","hentry","category-culture","category-media","category-tunisie","tag-fallujah","tag-naima-el-jeni","tag-ramadan-2023","tag-television","tag-tunisie"],"yoast_head":"<!-- This site is optimized with the Yoast SEO plugin v26.6 - https:\/\/yoast.com\/wordpress\/plugins\/seo\/ -->\n<title>&quot;Fallujah&quot; : Na\u00efma El Jeni d\u00e9croche enfin un r\u00f4le \u00e0 la hauteur de sa carri\u00e8re - Kapitalis<\/title>\n<meta name=\"robots\" content=\"index, follow, max-snippet:-1, max-image-preview:large, max-video-preview:-1\" \/>\n<link rel=\"canonical\" href=\"https:\/\/kapitalis.com\/tunisie\/2023\/04\/12\/fallujah-naima-el-jeni-decroche-enfin-un-role-a-la-hauteur-de-sa-carriere\/\" \/>\n<meta property=\"og:locale\" content=\"fr_FR\" \/>\n<meta property=\"og:type\" content=\"article\" \/>\n<meta property=\"og:title\" content=\"&quot;Fallujah&quot; : Na\u00efma El Jeni d\u00e9croche enfin un r\u00f4le \u00e0 la hauteur de sa carri\u00e8re - Kapitalis\" \/>\n<meta property=\"og:description\" content=\"Le feuilleton \u00ab\u00a0Fallujah\u00a0\u00bb qui s\u2019est cl\u00f4tur\u00e9 hier a r\u00e9v\u00e9l\u00e9 plusieurs jeunes talents mais a \u00e9galement permis \u00e0 de grands acteurs de sortir de leur zones de confort, comme Na\u00efma El J\u00e9ni qui a excell\u00e9 dans le r\u00f4le de la directrice du lyc\u00e9e.\" \/>\n<meta property=\"og:url\" content=\"https:\/\/kapitalis.com\/tunisie\/2023\/04\/12\/fallujah-naima-el-jeni-decroche-enfin-un-role-a-la-hauteur-de-sa-carriere\/\" \/>\n<meta property=\"og:site_name\" content=\"Kapitalis\" \/>\n<meta property=\"article:publisher\" content=\"https:\/\/www.facebook.com\/KapitalisInfo\/\" \/>\n<meta property=\"article:published_time\" content=\"2023-04-12T11:00:08+00:00\" \/>\n<meta property=\"article:modified_time\" content=\"2023-04-12T11:00:10+00:00\" \/>\n<meta property=\"og:image\" content=\"https:\/\/kapitalis.com\/tunisie\/wp-content\/uploads\/2023\/04\/Naima-El-Jeni-_-Falloujah-1.jpg\" \/>\n\t<meta property=\"og:image:width\" content=\"1200\" \/>\n\t<meta property=\"og:image:height\" content=\"630\" \/>\n\t<meta property=\"og:image:type\" content=\"image\/jpeg\" \/>\n<meta name=\"author\" content=\"Fawz BenAli\" \/>\n<meta name=\"twitter:card\" content=\"summary_large_image\" \/>\n<meta name=\"twitter:creator\" content=\"@KapitalisInfo\" \/>\n<meta name=\"twitter:site\" content=\"@KapitalisInfo\" \/>\n<meta name=\"twitter:label1\" content=\"\u00c9crit par\" \/>\n\t<meta name=\"twitter:data1\" content=\"Fawz BenAli\" \/>\n\t<meta name=\"twitter:label2\" content=\"Dur\u00e9e de lecture estim\u00e9e\" \/>\n\t<meta name=\"twitter:data2\" content=\"1 minute\" \/>\n<script type=\"application\/ld+json\" class=\"yoast-schema-graph\">{\"@context\":\"https:\/\/schema.org\",\"@graph\":[{\"@type\":\"Article\",\"@id\":\"https:\/\/kapitalis.com\/tunisie\/2023\/04\/12\/fallujah-naima-el-jeni-decroche-enfin-un-role-a-la-hauteur-de-sa-carriere\/#article\",\"isPartOf\":{\"@id\":\"https:\/\/kapitalis.com\/tunisie\/2023\/04\/12\/fallujah-naima-el-jeni-decroche-enfin-un-role-a-la-hauteur-de-sa-carriere\/\"},\"author\":{\"name\":\"Fawz BenAli\",\"@id\":\"https:\/\/kapitalis.com\/tunisie\/#\/schema\/person\/73a5ecc1f6ae540c6ed91342eadca948\"},\"headline\":\"\u00ab\u00a0Fallujah\u00a0\u00bb : Na\u00efma El Jeni d\u00e9croche enfin un r\u00f4le \u00e0 la hauteur de sa carri\u00e8re\",\"datePublished\":\"2023-04-12T11:00:08+00:00\",\"dateModified\":\"2023-04-12T11:00:10+00:00\",\"mainEntityOfPage\":{\"@id\":\"https:\/\/kapitalis.com\/tunisie\/2023\/04\/12\/fallujah-naima-el-jeni-decroche-enfin-un-role-a-la-hauteur-de-sa-carriere\/\"},\"wordCount\":246,\"commentCount\":0,\"publisher\":{\"@id\":\"https:\/\/kapitalis.com\/tunisie\/#organization\"},\"image\":{\"@id\":\"https:\/\/kapitalis.com\/tunisie\/2023\/04\/12\/fallujah-naima-el-jeni-decroche-enfin-un-role-a-la-hauteur-de-sa-carriere\/#primaryimage\"},\"thumbnailUrl\":\"https:\/\/kapitalis.com\/tunisie\/wp-content\/uploads\/2023\/04\/Naima-El-Jeni-_-Falloujah-1.jpg\",\"keywords\":[\"Fallujah\",\"Na\u00efma El Jeni\",\"ramadan 2023\",\"t\u00e9l\u00e9vision\",\"Tunisie\"],\"articleSection\":[\"CULTURE\",\"MEDIA\",\"Tunisie\"],\"inLanguage\":\"fr-FR\",\"potentialAction\":[{\"@type\":\"CommentAction\",\"name\":\"Comment\",\"target\":[\"https:\/\/kapitalis.com\/tunisie\/2023\/04\/12\/fallujah-naima-el-jeni-decroche-enfin-un-role-a-la-hauteur-de-sa-carriere\/#respond\"]}]},{\"@type\":\"WebPage\",\"@id\":\"https:\/\/kapitalis.com\/tunisie\/2023\/04\/12\/fallujah-naima-el-jeni-decroche-enfin-un-role-a-la-hauteur-de-sa-carriere\/\",\"url\":\"https:\/\/kapitalis.com\/tunisie\/2023\/04\/12\/fallujah-naima-el-jeni-decroche-enfin-un-role-a-la-hauteur-de-sa-carriere\/\",\"name\":\"\\\"Fallujah\\\" : Na\u00efma El Jeni d\u00e9croche enfin un r\u00f4le \u00e0 la hauteur de sa carri\u00e8re - Kapitalis\",\"isPartOf\":{\"@id\":\"https:\/\/kapitalis.com\/tunisie\/#website\"},\"primaryImageOfPage\":{\"@id\":\"https:\/\/kapitalis.com\/tunisie\/2023\/04\/12\/fallujah-naima-el-jeni-decroche-enfin-un-role-a-la-hauteur-de-sa-carriere\/#primaryimage\"},\"image\":{\"@id\":\"https:\/\/kapitalis.com\/tunisie\/2023\/04\/12\/fallujah-naima-el-jeni-decroche-enfin-un-role-a-la-hauteur-de-sa-carriere\/#primaryimage\"},\"thumbnailUrl\":\"https:\/\/kapitalis.com\/tunisie\/wp-content\/uploads\/2023\/04\/Naima-El-Jeni-_-Falloujah-1.jpg\",\"datePublished\":\"2023-04-12T11:00:08+00:00\",\"dateModified\":\"2023-04-12T11:00:10+00:00\",\"breadcrumb\":{\"@id\":\"https:\/\/kapitalis.com\/tunisie\/2023\/04\/12\/fallujah-naima-el-jeni-decroche-enfin-un-role-a-la-hauteur-de-sa-carriere\/#breadcrumb\"},\"inLanguage\":\"fr-FR\",\"potentialAction\":[{\"@type\":\"ReadAction\",\"target\":[\"https:\/\/kapitalis.com\/tunisie\/2023\/04\/12\/fallujah-naima-el-jeni-decroche-enfin-un-role-a-la-hauteur-de-sa-carriere\/\"]}]},{\"@type\":\"ImageObject\",\"inLanguage\":\"fr-FR\",\"@id\":\"https:\/\/kapitalis.com\/tunisie\/2023\/04\/12\/fallujah-naima-el-jeni-decroche-enfin-un-role-a-la-hauteur-de-sa-carriere\/#primaryimage\",\"url\":\"https:\/\/kapitalis.com\/tunisie\/wp-content\/uploads\/2023\/04\/Naima-El-Jeni-_-Falloujah-1.jpg\",\"contentUrl\":\"https:\/\/kapitalis.com\/tunisie\/wp-content\/uploads\/2023\/04\/Naima-El-Jeni-_-Falloujah-1.jpg\",\"width\":1200,\"height\":630},{\"@type\":\"BreadcrumbList\",\"@id\":\"https:\/\/kapitalis.com\/tunisie\/2023\/04\/12\/fallujah-naima-el-jeni-decroche-enfin-un-role-a-la-hauteur-de-sa-carriere\/#breadcrumb\",\"itemListElement\":[{\"@type\":\"ListItem\",\"position\":1,\"name\":\"Accueil\",\"item\":\"https:\/\/kapitalis.com\/tunisie\/\"},{\"@type\":\"ListItem\",\"position\":2,\"name\":\"\u00ab\u00a0Fallujah\u00a0\u00bb : Na\u00efma El Jeni d\u00e9croche enfin un r\u00f4le \u00e0 la hauteur de sa carri\u00e8re\"}]},{\"@type\":\"WebSite\",\"@id\":\"https:\/\/kapitalis.com\/tunisie\/#website\",\"url\":\"https:\/\/kapitalis.com\/tunisie\/\",\"name\":\"Kapitalis\",\"description\":\"L&#039;actualit\u00e9 en Tunisie et dans le monde\",\"publisher\":{\"@id\":\"https:\/\/kapitalis.com\/tunisie\/#organization\"},\"potentialAction\":[{\"@type\":\"SearchAction\",\"target\":{\"@type\":\"EntryPoint\",\"urlTemplate\":\"https:\/\/kapitalis.com\/tunisie\/?s={search_term_string}\"},\"query-input\":{\"@type\":\"PropertyValueSpecification\",\"valueRequired\":true,\"valueName\":\"search_term_string\"}}],\"inLanguage\":\"fr-FR\"},{\"@type\":\"Organization\",\"@id\":\"https:\/\/kapitalis.com\/tunisie\/#organization\",\"name\":\"Kapitalis\",\"url\":\"https:\/\/kapitalis.com\/tunisie\/\",\"logo\":{\"@type\":\"ImageObject\",\"inLanguage\":\"fr-FR\",\"@id\":\"https:\/\/kapitalis.com\/tunisie\/#\/schema\/logo\/image\/\",\"url\":\"https:\/\/kapitalis.com\/tunisie\/wp-content\/uploads\/2022\/05\/Kapitalis-big-size.png\",\"contentUrl\":\"https:\/\/kapitalis.com\/tunisie\/wp-content\/uploads\/2022\/05\/Kapitalis-big-size.png\",\"width\":5000,\"height\":1500,\"caption\":\"Kapitalis\"},\"image\":{\"@id\":\"https:\/\/kapitalis.com\/tunisie\/#\/schema\/logo\/image\/\"},\"sameAs\":[\"https:\/\/www.facebook.com\/KapitalisInfo\/\",\"https:\/\/x.com\/KapitalisInfo\",\"https:\/\/www.youtube.com\/channel\/UC-yDYrHyfFBWWZaOw3FPg9Q\"]},{\"@type\":\"Person\",\"@id\":\"https:\/\/kapitalis.com\/tunisie\/#\/schema\/person\/73a5ecc1f6ae540c6ed91342eadca948\",\"name\":\"Fawz BenAli\",\"url\":\"https:\/\/kapitalis.com\/tunisie\/author\/fawz\/\"}]}<\/script>\n<!-- \/ Yoast SEO plugin. -->","yoast_head_json":{"title":"\"Fallujah\" : Na\u00efma El Jeni d\u00e9croche enfin un r\u00f4le \u00e0 la hauteur de sa carri\u00e8re - Kapitalis","robots":{"index":"index","follow":"follow","max-snippet":"max-snippet:-1","max-image-preview":"max-image-preview:large","max-video-preview":"max-video-preview:-1"},"canonical":"https:\/\/kapitalis.com\/tunisie\/2023\/04\/12\/fallujah-naima-el-jeni-decroche-enfin-un-role-a-la-hauteur-de-sa-carriere\/","og_locale":"fr_FR","og_type":"article","og_title":"\"Fallujah\" : Na\u00efma El Jeni d\u00e9croche enfin un r\u00f4le \u00e0 la hauteur de sa carri\u00e8re - Kapitalis","og_description":"Le feuilleton \u00ab\u00a0Fallujah\u00a0\u00bb qui s\u2019est cl\u00f4tur\u00e9 hier a r\u00e9v\u00e9l\u00e9 plusieurs jeunes talents mais a \u00e9galement permis \u00e0 de grands acteurs de sortir de leur zones de confort, comme Na\u00efma El J\u00e9ni qui a excell\u00e9 dans le r\u00f4le de la directrice du lyc\u00e9e.","og_url":"https:\/\/kapitalis.com\/tunisie\/2023\/04\/12\/fallujah-naima-el-jeni-decroche-enfin-un-role-a-la-hauteur-de-sa-carriere\/","og_site_name":"Kapitalis","article_publisher":"https:\/\/www.facebook.com\/KapitalisInfo\/","article_published_time":"2023-04-12T11:00:08+00:00","article_modified_time":"2023-04-12T11:00:10+00:00","og_image":[{"width":1200,"height":630,"url":"https:\/\/kapitalis.com\/tunisie\/wp-content\/uploads\/2023\/04\/Naima-El-Jeni-_-Falloujah-1.jpg","type":"image\/jpeg"}],"author":"Fawz BenAli","twitter_card":"summary_large_image","twitter_creator":"@KapitalisInfo","twitter_site":"@KapitalisInfo","twitter_misc":{"\u00c9crit par":"Fawz BenAli","Dur\u00e9e de lecture estim\u00e9e":"1 minute"},"schema":{"@context":"https:\/\/schema.org","@graph":[{"@type":"Article","@id":"https:\/\/kapitalis.com\/tunisie\/2023\/04\/12\/fallujah-naima-el-jeni-decroche-enfin-un-role-a-la-hauteur-de-sa-carriere\/#article","isPartOf":{"@id":"https:\/\/kapitalis.com\/tunisie\/2023\/04\/12\/fallujah-naima-el-jeni-decroche-enfin-un-role-a-la-hauteur-de-sa-carriere\/"},"author":{"name":"Fawz BenAli","@id":"https:\/\/kapitalis.com\/tunisie\/#\/schema\/person\/73a5ecc1f6ae540c6ed91342eadca948"},"headline":"\u00ab\u00a0Fallujah\u00a0\u00bb : Na\u00efma El Jeni d\u00e9croche enfin un r\u00f4le \u00e0 la hauteur de sa carri\u00e8re","datePublished":"2023-04-12T11:00:08+00:00","dateModified":"2023-04-12T11:00:10+00:00","mainEntityOfPage":{"@id":"https:\/\/kapitalis.com\/tunisie\/2023\/04\/12\/fallujah-naima-el-jeni-decroche-enfin-un-role-a-la-hauteur-de-sa-carriere\/"},"wordCount":246,"commentCount":0,"publisher":{"@id":"https:\/\/kapitalis.com\/tunisie\/#organization"},"image":{"@id":"https:\/\/kapitalis.com\/tunisie\/2023\/04\/12\/fallujah-naima-el-jeni-decroche-enfin-un-role-a-la-hauteur-de-sa-carriere\/#primaryimage"},"thumbnailUrl":"https:\/\/kapitalis.com\/tunisie\/wp-content\/uploads\/2023\/04\/Naima-El-Jeni-_-Falloujah-1.jpg","keywords":["Fallujah","Na\u00efma El Jeni","ramadan 2023","t\u00e9l\u00e9vision","Tunisie"],"articleSection":["CULTURE","MEDIA","Tunisie"],"inLanguage":"fr-FR","potentialAction":[{"@type":"CommentAction","name":"Comment","target":["https:\/\/kapitalis.com\/tunisie\/2023\/04\/12\/fallujah-naima-el-jeni-decroche-enfin-un-role-a-la-hauteur-de-sa-carriere\/#respond"]}]},{"@type":"WebPage","@id":"https:\/\/kapitalis.com\/tunisie\/2023\/04\/12\/fallujah-naima-el-jeni-decroche-enfin-un-role-a-la-hauteur-de-sa-carriere\/","url":"https:\/\/kapitalis.com\/tunisie\/2023\/04\/12\/fallujah-naima-el-jeni-decroche-enfin-un-role-a-la-hauteur-de-sa-carriere\/","name":"\"Fallujah\" : Na\u00efma El Jeni d\u00e9croche enfin un r\u00f4le \u00e0 la hauteur de sa carri\u00e8re - Kapitalis","isPartOf":{"@id":"https:\/\/kapitalis.com\/tunisie\/#website"},"primaryImageOfPage":{"@id":"https:\/\/kapitalis.com\/tunisie\/2023\/04\/12\/fallujah-naima-el-jeni-decroche-enfin-un-role-a-la-hauteur-de-sa-carriere\/#primaryimage"},"image":{"@id":"https:\/\/kapitalis.com\/tunisie\/2023\/04\/12\/fallujah-naima-el-jeni-decroche-enfin-un-role-a-la-hauteur-de-sa-carriere\/#primaryimage"},"thumbnailUrl":"https:\/\/kapitalis.com\/tunisie\/wp-content\/uploads\/2023\/04\/Naima-El-Jeni-_-Falloujah-1.jpg","datePublished":"2023-04-12T11:00:08+00:00","dateModified":"2023-04-12T11:00:10+00:00","breadcrumb":{"@id":"https:\/\/kapitalis.com\/tunisie\/2023\/04\/12\/fallujah-naima-el-jeni-decroche-enfin-un-role-a-la-hauteur-de-sa-carriere\/#breadcrumb"},"inLanguage":"fr-FR","potentialAction":[{"@type":"ReadAction","target":["https:\/\/kapitalis.com\/tunisie\/2023\/04\/12\/fallujah-naima-el-jeni-decroche-enfin-un-role-a-la-hauteur-de-sa-carriere\/"]}]},{"@type":"ImageObject","inLanguage":"fr-FR","@id":"https:\/\/kapitalis.com\/tunisie\/2023\/04\/12\/fallujah-naima-el-jeni-decroche-enfin-un-role-a-la-hauteur-de-sa-carriere\/#primaryimage","url":"https:\/\/kapitalis.com\/tunisie\/wp-content\/uploads\/2023\/04\/Naima-El-Jeni-_-Falloujah-1.jpg","contentUrl":"https:\/\/kapitalis.com\/tunisie\/wp-content\/uploads\/2023\/04\/Naima-El-Jeni-_-Falloujah-1.jpg","width":1200,"height":630},{"@type":"BreadcrumbList","@id":"https:\/\/kapitalis.com\/tunisie\/2023\/04\/12\/fallujah-naima-el-jeni-decroche-enfin-un-role-a-la-hauteur-de-sa-carriere\/#breadcrumb","itemListElement":[{"@type":"ListItem","position":1,"name":"Accueil","item":"https:\/\/kapitalis.com\/tunisie\/"},{"@type":"ListItem","position":2,"name":"\u00ab\u00a0Fallujah\u00a0\u00bb : Na\u00efma El Jeni d\u00e9croche enfin un r\u00f4le \u00e0 la hauteur de sa carri\u00e8re"}]},{"@type":"WebSite","@id":"https:\/\/kapitalis.com\/tunisie\/#website","url":"https:\/\/kapitalis.com\/tunisie\/","name":"Kapitalis","description":"L&#039;actualit\u00e9 en Tunisie et dans le monde","publisher":{"@id":"https:\/\/kapitalis.com\/tunisie\/#organization"},"potentialAction":[{"@type":"SearchAction","target":{"@type":"EntryPoint","urlTemplate":"https:\/\/kapitalis.com\/tunisie\/?s={search_term_string}"},"query-input":{"@type":"PropertyValueSpecification","valueRequired":true,"valueName":"search_term_string"}}],"inLanguage":"fr-FR"},{"@type":"Organization","@id":"https:\/\/kapitalis.com\/tunisie\/#organization","name":"Kapitalis","url":"https:\/\/kapitalis.com\/tunisie\/","logo":{"@type":"ImageObject","inLanguage":"fr-FR","@id":"https:\/\/kapitalis.com\/tunisie\/#\/schema\/logo\/image\/","url":"https:\/\/kapitalis.com\/tunisie\/wp-content\/uploads\/2022\/05\/Kapitalis-big-size.png","contentUrl":"https:\/\/kapitalis.com\/tunisie\/wp-content\/uploads\/2022\/05\/Kapitalis-big-size.png","width":5000,"height":1500,"caption":"Kapitalis"},"image":{"@id":"https:\/\/kapitalis.com\/tunisie\/#\/schema\/logo\/image\/"},"sameAs":["https:\/\/www.facebook.com\/KapitalisInfo\/","https:\/\/x.com\/KapitalisInfo","https:\/\/www.youtube.com\/channel\/UC-yDYrHyfFBWWZaOw3FPg9Q"]},{"@type":"Person","@id":"https:\/\/kapitalis.com\/tunisie\/#\/schema\/person\/73a5ecc1f6ae540c6ed91342eadca948","name":"Fawz BenAli","url":"https:\/\/kapitalis.com\/tunisie\/author\/fawz\/"}]}},"_links":{"self":[{"href":"https:\/\/kapitalis.com\/tunisie\/wp-json\/wp\/v2\/posts\/7391445","targetHints":{"allow":["GET"]}}],"collection":[{"href":"https:\/\/kapitalis.com\/tunisie\/wp-json\/wp\/v2\/posts"}],"about":[{"href":"https:\/\/kapitalis.com\/tunisie\/wp-json\/wp\/v2\/types\/post"}],"author":[{"embeddable":true,"href":"https:\/\/kapitalis.com\/tunisie\/wp-json\/wp\/v2\/users\/26"}],"replies":[{"embeddable":true,"href":"https:\/\/kapitalis.com\/tunisie\/wp-json\/wp\/v2\/comments?post=7391445"}],"version-history":[{"count":1,"href":"https:\/\/kapitalis.com\/tunisie\/wp-json\/wp\/v2\/posts\/7391445\/revisions"}],"predecessor-version":[{"id":7392024,"href":"https:\/\/kapitalis.com\/tunisie\/wp-json\/wp\/v2\/posts\/7391445\/revisions\/7392024"}],"wp:featuredmedia":[{"embeddable":true,"href":"https:\/\/kapitalis.com\/tunisie\/wp-json\/wp\/v2\/media\/7391987"}],"wp:attachment":[{"href":"https:\/\/kapitalis.com\/tunisie\/wp-json\/wp\/v2\/media?parent=7391445"}],"wp:term":[{"taxonomy":"category","embeddable":true,"href":"https:\/\/kapitalis.com\/tunisie\/wp-json\/wp\/v2\/categories?post=7391445"},{"taxonomy":"post_tag","embeddable":true,"href":"https:\/\/kapitalis.com\/tunisie\/wp-json\/wp\/v2\/tags?post=7391445"}],"curies":[{"name":"wp","href":"https:\/\/api.w.org\/{rel}","templated":true}]}}