{"id":7399490,"date":"2023-04-12T22:25:22","date_gmt":"2023-04-12T21:25:22","guid":{"rendered":"https:\/\/kapitalis.com\/tunisie\/?p=7399490"},"modified":"2023-04-12T22:30:40","modified_gmt":"2023-04-12T21:30:40","slug":"a-propos-de-la-reprise-des-relations-diplomatiques-entre-la-tunisie-et-la-syrie","status":"publish","type":"post","link":"https:\/\/kapitalis.com\/tunisie\/2023\/04\/12\/a-propos-de-la-reprise-des-relations-diplomatiques-entre-la-tunisie-et-la-syrie\/","title":{"rendered":"A propos de la reprise des relations diplomatiques entre la Tunisie et la Syrie"},"content":{"rendered":"\n<p><em><strong>Rompues depuis 2012, les relations diplomatiques entre la Tunisie et la Syrie vont \u00eatre r\u00e9tablies, annoncent les deux pays, ce mercredi 12 avril 2023.<\/strong><\/em><\/p>\n\n\n\n<!--more-->\n\n\n\n<p>Le minist\u00e8re tunisien des Affaires \u00e9trang\u00e8res a annonc\u00e9, ce jour, qu&rsquo;un <em>\u00abambassadeur de la R\u00e9publique Tunisienne aupr\u00e8s de la R\u00e9publique Arabe Syrienne a \u00e9t\u00e9 d\u00e9sign\u00e9\u00bb<\/em>, ajoutant que <em>\u00ables autorit\u00e9s syriennes ont donn\u00e9 imm\u00e9diatement leur agr\u00e9ment \u00e0 cette nomination et d\u00e9cid\u00e9 de rouvrir l&rsquo;Ambassade de Syrie \u00e0 Tunis, et de d\u00e9signer un Ambassadeur \u00e0 sa t\u00eate incessamment\u00bb.<\/em><\/p>\n\n\n\n<p>\u00ab<em>La concertation et la coordination entre les Ministres des Affaires Etrang\u00e8res des deux pays se poursuivront afin de ramener les relations tuniso-syriennes dans leur \u00e9tat normal et de consacrer les liens fraternels qui unissent la Tunisie et la Syrie, et de d\u00e9fendre les valeurs de solidarit\u00e9 entre eux, pour l&rsquo;int\u00e9r\u00eat commun de leurs deux peuples fr\u00e8res\u00bb,<\/em> lit-on encore dans le communiqu\u00e9 du MAE.<\/p>\n\n\n\n<p>En 2012, alors que Moncef Marzouki \u00e9tait pr\u00e9sident de la r\u00e9publique, la Tunisie a d\u00e9cid\u00e9 d&rsquo;expulser l&rsquo;ambassadeur de Syrie au lendemain des bombardements meurtriers de la ville de Homs, affirmant que cette d\u00e9cision vise \u00e0<em> \u00abprotester contre la r\u00e9pression du pouvoir syrien, cependant la rupture des relations avait alors \u00e9t\u00e9 critiqu\u00e9e par plusieurs partis de l&rsquo;opposition\u00bb.<\/em><\/p>\n\n\n\n<p>Le 3 avril 2023, le pr\u00e9sident de la r\u00e9publique Ka\u00efs Sa\u00efed avait re\u00e7u le ministre des Affaires \u00e9trang\u00e8res Nabil Ammar et lui a demand\u00e9 de lancer les proc\u00e9dures pour nommer un ambassadeur \u00e0 Damas, sachant que les MAE des deux pays ont pu s&rsquo;entretenir au t\u00e9l\u00e9phone \u00e0 ce propos.<\/p>\n\n\n\n<p class=\"has-text-align-right\"><strong>Y. N.<\/strong><\/p>\n\n\n\n<p><\/p>\n","protected":false},"excerpt":{"rendered":"<p>A propos de la reprise des relations diplomatiques entre la Tunisie et la Syrie<\/p>\n","protected":false},"author":6,"featured_media":7399967,"comment_status":"open","ping_status":"open","sticky":false,"template":"","format":"standard","meta":{"footnotes":""},"categories":[997,2433],"tags":[1704,5428,74454,5426,873,62643],"class_list":["post-7399490","post","type-post","status-publish","format-standard","has-post-thumbnail","hentry","category-politique","category-tunisie","tag-ambassadeur","tag-damas","tag-mae","tag-relations-diplomatiques","tag-syrie","tag-tunisie"],"yoast_head":"<!-- This site is optimized with the Yoast SEO plugin v26.6 - https:\/\/yoast.com\/wordpress\/plugins\/seo\/ -->\n<title>A propos de la reprise des relations diplomatiques entre la Tunisie et la Syrie - Kapitalis<\/title>\n<meta name=\"description\" content=\"Rompues depuis 2012, les relations diplomatiques entre la Tunisie et la Syrie vont \u00eatre r\u00e9tablies, annoncent les deux pays, ce mercredi 12 avril 2023.\" \/>\n<meta name=\"robots\" content=\"index, follow, max-snippet:-1, max-image-preview:large, max-video-preview:-1\" \/>\n<link rel=\"canonical\" href=\"https:\/\/kapitalis.com\/tunisie\/2023\/04\/12\/a-propos-de-la-reprise-des-relations-diplomatiques-entre-la-tunisie-et-la-syrie\/\" \/>\n<meta property=\"og:locale\" content=\"fr_FR\" \/>\n<meta property=\"og:type\" content=\"article\" \/>\n<meta property=\"og:title\" content=\"A propos de la reprise des relations diplomatiques entre la Tunisie et la Syrie - Kapitalis\" \/>\n<meta property=\"og:description\" content=\"Rompues depuis 2012, les relations diplomatiques entre la Tunisie et la Syrie vont \u00eatre r\u00e9tablies, annoncent les deux pays, ce mercredi 12 avril 2023.\" \/>\n<meta property=\"og:url\" content=\"https:\/\/kapitalis.com\/tunisie\/2023\/04\/12\/a-propos-de-la-reprise-des-relations-diplomatiques-entre-la-tunisie-et-la-syrie\/\" \/>\n<meta property=\"og:site_name\" content=\"Kapitalis\" \/>\n<meta property=\"article:publisher\" content=\"https:\/\/www.facebook.com\/KapitalisInfo\/\" \/>\n<meta property=\"article:published_time\" content=\"2023-04-12T21:25:22+00:00\" \/>\n<meta property=\"article:modified_time\" content=\"2023-04-12T21:30:40+00:00\" \/>\n<meta property=\"og:image\" content=\"https:\/\/kapitalis.com\/tunisie\/wp-content\/uploads\/2023\/04\/Syrie-Tunisie.jpg\" \/>\n\t<meta property=\"og:image:width\" content=\"1200\" \/>\n\t<meta property=\"og:image:height\" content=\"630\" \/>\n\t<meta property=\"og:image:type\" content=\"image\/jpeg\" \/>\n<meta name=\"author\" content=\"Yusra NY\" \/>\n<meta name=\"twitter:card\" content=\"summary_large_image\" \/>\n<meta name=\"twitter:creator\" content=\"@KapitalisInfo\" \/>\n<meta name=\"twitter:site\" content=\"@KapitalisInfo\" \/>\n<meta name=\"twitter:label1\" content=\"\u00c9crit par\" \/>\n\t<meta name=\"twitter:data1\" content=\"Yusra NY\" \/>\n\t<meta name=\"twitter:label2\" content=\"Dur\u00e9e de lecture estim\u00e9e\" \/>\n\t<meta name=\"twitter:data2\" content=\"2 minutes\" \/>\n<script type=\"application\/ld+json\" class=\"yoast-schema-graph\">{\"@context\":\"https:\/\/schema.org\",\"@graph\":[{\"@type\":\"Article\",\"@id\":\"https:\/\/kapitalis.com\/tunisie\/2023\/04\/12\/a-propos-de-la-reprise-des-relations-diplomatiques-entre-la-tunisie-et-la-syrie\/#article\",\"isPartOf\":{\"@id\":\"https:\/\/kapitalis.com\/tunisie\/2023\/04\/12\/a-propos-de-la-reprise-des-relations-diplomatiques-entre-la-tunisie-et-la-syrie\/\"},\"author\":{\"name\":\"Yusra NY\",\"@id\":\"https:\/\/kapitalis.com\/tunisie\/#\/schema\/person\/74bbde0154d49d790a92aaeac5bc01d5\"},\"headline\":\"A propos de la reprise des relations diplomatiques entre la Tunisie et la Syrie\",\"datePublished\":\"2023-04-12T21:25:22+00:00\",\"dateModified\":\"2023-04-12T21:30:40+00:00\",\"mainEntityOfPage\":{\"@id\":\"https:\/\/kapitalis.com\/tunisie\/2023\/04\/12\/a-propos-de-la-reprise-des-relations-diplomatiques-entre-la-tunisie-et-la-syrie\/\"},\"wordCount\":285,\"commentCount\":3,\"publisher\":{\"@id\":\"https:\/\/kapitalis.com\/tunisie\/#organization\"},\"image\":{\"@id\":\"https:\/\/kapitalis.com\/tunisie\/2023\/04\/12\/a-propos-de-la-reprise-des-relations-diplomatiques-entre-la-tunisie-et-la-syrie\/#primaryimage\"},\"thumbnailUrl\":\"https:\/\/kapitalis.com\/tunisie\/wp-content\/uploads\/2023\/04\/Syrie-Tunisie.jpg\",\"keywords\":[\"ambassadeur\",\"Damas\",\"MAE\",\"relations diplomatiques\",\"Syrie\",\"Tunisie\"],\"articleSection\":[\"POLITIQUE\",\"Tunisie\"],\"inLanguage\":\"fr-FR\",\"potentialAction\":[{\"@type\":\"CommentAction\",\"name\":\"Comment\",\"target\":[\"https:\/\/kapitalis.com\/tunisie\/2023\/04\/12\/a-propos-de-la-reprise-des-relations-diplomatiques-entre-la-tunisie-et-la-syrie\/#respond\"]}]},{\"@type\":\"WebPage\",\"@id\":\"https:\/\/kapitalis.com\/tunisie\/2023\/04\/12\/a-propos-de-la-reprise-des-relations-diplomatiques-entre-la-tunisie-et-la-syrie\/\",\"url\":\"https:\/\/kapitalis.com\/tunisie\/2023\/04\/12\/a-propos-de-la-reprise-des-relations-diplomatiques-entre-la-tunisie-et-la-syrie\/\",\"name\":\"A propos de la reprise des relations diplomatiques entre la Tunisie et la Syrie - Kapitalis\",\"isPartOf\":{\"@id\":\"https:\/\/kapitalis.com\/tunisie\/#website\"},\"primaryImageOfPage\":{\"@id\":\"https:\/\/kapitalis.com\/tunisie\/2023\/04\/12\/a-propos-de-la-reprise-des-relations-diplomatiques-entre-la-tunisie-et-la-syrie\/#primaryimage\"},\"image\":{\"@id\":\"https:\/\/kapitalis.com\/tunisie\/2023\/04\/12\/a-propos-de-la-reprise-des-relations-diplomatiques-entre-la-tunisie-et-la-syrie\/#primaryimage\"},\"thumbnailUrl\":\"https:\/\/kapitalis.com\/tunisie\/wp-content\/uploads\/2023\/04\/Syrie-Tunisie.jpg\",\"datePublished\":\"2023-04-12T21:25:22+00:00\",\"dateModified\":\"2023-04-12T21:30:40+00:00\",\"description\":\"Rompues depuis 2012, les relations diplomatiques entre la Tunisie et la Syrie vont \u00eatre r\u00e9tablies, annoncent les deux pays, ce mercredi 12 avril 2023.\",\"breadcrumb\":{\"@id\":\"https:\/\/kapitalis.com\/tunisie\/2023\/04\/12\/a-propos-de-la-reprise-des-relations-diplomatiques-entre-la-tunisie-et-la-syrie\/#breadcrumb\"},\"inLanguage\":\"fr-FR\",\"potentialAction\":[{\"@type\":\"ReadAction\",\"target\":[\"https:\/\/kapitalis.com\/tunisie\/2023\/04\/12\/a-propos-de-la-reprise-des-relations-diplomatiques-entre-la-tunisie-et-la-syrie\/\"]}]},{\"@type\":\"ImageObject\",\"inLanguage\":\"fr-FR\",\"@id\":\"https:\/\/kapitalis.com\/tunisie\/2023\/04\/12\/a-propos-de-la-reprise-des-relations-diplomatiques-entre-la-tunisie-et-la-syrie\/#primaryimage\",\"url\":\"https:\/\/kapitalis.com\/tunisie\/wp-content\/uploads\/2023\/04\/Syrie-Tunisie.jpg\",\"contentUrl\":\"https:\/\/kapitalis.com\/tunisie\/wp-content\/uploads\/2023\/04\/Syrie-Tunisie.jpg\",\"width\":1200,\"height\":630},{\"@type\":\"BreadcrumbList\",\"@id\":\"https:\/\/kapitalis.com\/tunisie\/2023\/04\/12\/a-propos-de-la-reprise-des-relations-diplomatiques-entre-la-tunisie-et-la-syrie\/#breadcrumb\",\"itemListElement\":[{\"@type\":\"ListItem\",\"position\":1,\"name\":\"Accueil\",\"item\":\"https:\/\/kapitalis.com\/tunisie\/\"},{\"@type\":\"ListItem\",\"position\":2,\"name\":\"A propos de la reprise des relations diplomatiques entre la Tunisie et la Syrie\"}]},{\"@type\":\"WebSite\",\"@id\":\"https:\/\/kapitalis.com\/tunisie\/#website\",\"url\":\"https:\/\/kapitalis.com\/tunisie\/\",\"name\":\"Kapitalis\",\"description\":\"L&#039;actualit\u00e9 en Tunisie et dans le monde\",\"publisher\":{\"@id\":\"https:\/\/kapitalis.com\/tunisie\/#organization\"},\"potentialAction\":[{\"@type\":\"SearchAction\",\"target\":{\"@type\":\"EntryPoint\",\"urlTemplate\":\"https:\/\/kapitalis.com\/tunisie\/?s={search_term_string}\"},\"query-input\":{\"@type\":\"PropertyValueSpecification\",\"valueRequired\":true,\"valueName\":\"search_term_string\"}}],\"inLanguage\":\"fr-FR\"},{\"@type\":\"Organization\",\"@id\":\"https:\/\/kapitalis.com\/tunisie\/#organization\",\"name\":\"Kapitalis\",\"url\":\"https:\/\/kapitalis.com\/tunisie\/\",\"logo\":{\"@type\":\"ImageObject\",\"inLanguage\":\"fr-FR\",\"@id\":\"https:\/\/kapitalis.com\/tunisie\/#\/schema\/logo\/image\/\",\"url\":\"https:\/\/kapitalis.com\/tunisie\/wp-content\/uploads\/2022\/05\/Kapitalis-big-size.png\",\"contentUrl\":\"https:\/\/kapitalis.com\/tunisie\/wp-content\/uploads\/2022\/05\/Kapitalis-big-size.png\",\"width\":5000,\"height\":1500,\"caption\":\"Kapitalis\"},\"image\":{\"@id\":\"https:\/\/kapitalis.com\/tunisie\/#\/schema\/logo\/image\/\"},\"sameAs\":[\"https:\/\/www.facebook.com\/KapitalisInfo\/\",\"https:\/\/x.com\/KapitalisInfo\",\"https:\/\/www.youtube.com\/channel\/UC-yDYrHyfFBWWZaOw3FPg9Q\"]},{\"@type\":\"Person\",\"@id\":\"https:\/\/kapitalis.com\/tunisie\/#\/schema\/person\/74bbde0154d49d790a92aaeac5bc01d5\",\"name\":\"Yusra NY\",\"url\":\"https:\/\/kapitalis.com\/tunisie\/author\/yuza_adam\/\"}]}<\/script>\n<!-- \/ Yoast SEO plugin. -->","yoast_head_json":{"title":"A propos de la reprise des relations diplomatiques entre la Tunisie et la Syrie - Kapitalis","description":"Rompues depuis 2012, les relations diplomatiques entre la Tunisie et la Syrie vont \u00eatre r\u00e9tablies, annoncent les deux pays, ce mercredi 12 avril 2023.","robots":{"index":"index","follow":"follow","max-snippet":"max-snippet:-1","max-image-preview":"max-image-preview:large","max-video-preview":"max-video-preview:-1"},"canonical":"https:\/\/kapitalis.com\/tunisie\/2023\/04\/12\/a-propos-de-la-reprise-des-relations-diplomatiques-entre-la-tunisie-et-la-syrie\/","og_locale":"fr_FR","og_type":"article","og_title":"A propos de la reprise des relations diplomatiques entre la Tunisie et la Syrie - Kapitalis","og_description":"Rompues depuis 2012, les relations diplomatiques entre la Tunisie et la Syrie vont \u00eatre r\u00e9tablies, annoncent les deux pays, ce mercredi 12 avril 2023.","og_url":"https:\/\/kapitalis.com\/tunisie\/2023\/04\/12\/a-propos-de-la-reprise-des-relations-diplomatiques-entre-la-tunisie-et-la-syrie\/","og_site_name":"Kapitalis","article_publisher":"https:\/\/www.facebook.com\/KapitalisInfo\/","article_published_time":"2023-04-12T21:25:22+00:00","article_modified_time":"2023-04-12T21:30:40+00:00","og_image":[{"width":1200,"height":630,"url":"https:\/\/kapitalis.com\/tunisie\/wp-content\/uploads\/2023\/04\/Syrie-Tunisie.jpg","type":"image\/jpeg"}],"author":"Yusra NY","twitter_card":"summary_large_image","twitter_creator":"@KapitalisInfo","twitter_site":"@KapitalisInfo","twitter_misc":{"\u00c9crit par":"Yusra NY","Dur\u00e9e de lecture estim\u00e9e":"2 minutes"},"schema":{"@context":"https:\/\/schema.org","@graph":[{"@type":"Article","@id":"https:\/\/kapitalis.com\/tunisie\/2023\/04\/12\/a-propos-de-la-reprise-des-relations-diplomatiques-entre-la-tunisie-et-la-syrie\/#article","isPartOf":{"@id":"https:\/\/kapitalis.com\/tunisie\/2023\/04\/12\/a-propos-de-la-reprise-des-relations-diplomatiques-entre-la-tunisie-et-la-syrie\/"},"author":{"name":"Yusra NY","@id":"https:\/\/kapitalis.com\/tunisie\/#\/schema\/person\/74bbde0154d49d790a92aaeac5bc01d5"},"headline":"A propos de la reprise des relations diplomatiques entre la Tunisie et la Syrie","datePublished":"2023-04-12T21:25:22+00:00","dateModified":"2023-04-12T21:30:40+00:00","mainEntityOfPage":{"@id":"https:\/\/kapitalis.com\/tunisie\/2023\/04\/12\/a-propos-de-la-reprise-des-relations-diplomatiques-entre-la-tunisie-et-la-syrie\/"},"wordCount":285,"commentCount":3,"publisher":{"@id":"https:\/\/kapitalis.com\/tunisie\/#organization"},"image":{"@id":"https:\/\/kapitalis.com\/tunisie\/2023\/04\/12\/a-propos-de-la-reprise-des-relations-diplomatiques-entre-la-tunisie-et-la-syrie\/#primaryimage"},"thumbnailUrl":"https:\/\/kapitalis.com\/tunisie\/wp-content\/uploads\/2023\/04\/Syrie-Tunisie.jpg","keywords":["ambassadeur","Damas","MAE","relations diplomatiques","Syrie","Tunisie"],"articleSection":["POLITIQUE","Tunisie"],"inLanguage":"fr-FR","potentialAction":[{"@type":"CommentAction","name":"Comment","target":["https:\/\/kapitalis.com\/tunisie\/2023\/04\/12\/a-propos-de-la-reprise-des-relations-diplomatiques-entre-la-tunisie-et-la-syrie\/#respond"]}]},{"@type":"WebPage","@id":"https:\/\/kapitalis.com\/tunisie\/2023\/04\/12\/a-propos-de-la-reprise-des-relations-diplomatiques-entre-la-tunisie-et-la-syrie\/","url":"https:\/\/kapitalis.com\/tunisie\/2023\/04\/12\/a-propos-de-la-reprise-des-relations-diplomatiques-entre-la-tunisie-et-la-syrie\/","name":"A propos de la reprise des relations diplomatiques entre la Tunisie et la Syrie - Kapitalis","isPartOf":{"@id":"https:\/\/kapitalis.com\/tunisie\/#website"},"primaryImageOfPage":{"@id":"https:\/\/kapitalis.com\/tunisie\/2023\/04\/12\/a-propos-de-la-reprise-des-relations-diplomatiques-entre-la-tunisie-et-la-syrie\/#primaryimage"},"image":{"@id":"https:\/\/kapitalis.com\/tunisie\/2023\/04\/12\/a-propos-de-la-reprise-des-relations-diplomatiques-entre-la-tunisie-et-la-syrie\/#primaryimage"},"thumbnailUrl":"https:\/\/kapitalis.com\/tunisie\/wp-content\/uploads\/2023\/04\/Syrie-Tunisie.jpg","datePublished":"2023-04-12T21:25:22+00:00","dateModified":"2023-04-12T21:30:40+00:00","description":"Rompues depuis 2012, les relations diplomatiques entre la Tunisie et la Syrie vont \u00eatre r\u00e9tablies, annoncent les deux pays, ce mercredi 12 avril 2023.","breadcrumb":{"@id":"https:\/\/kapitalis.com\/tunisie\/2023\/04\/12\/a-propos-de-la-reprise-des-relations-diplomatiques-entre-la-tunisie-et-la-syrie\/#breadcrumb"},"inLanguage":"fr-FR","potentialAction":[{"@type":"ReadAction","target":["https:\/\/kapitalis.com\/tunisie\/2023\/04\/12\/a-propos-de-la-reprise-des-relations-diplomatiques-entre-la-tunisie-et-la-syrie\/"]}]},{"@type":"ImageObject","inLanguage":"fr-FR","@id":"https:\/\/kapitalis.com\/tunisie\/2023\/04\/12\/a-propos-de-la-reprise-des-relations-diplomatiques-entre-la-tunisie-et-la-syrie\/#primaryimage","url":"https:\/\/kapitalis.com\/tunisie\/wp-content\/uploads\/2023\/04\/Syrie-Tunisie.jpg","contentUrl":"https:\/\/kapitalis.com\/tunisie\/wp-content\/uploads\/2023\/04\/Syrie-Tunisie.jpg","width":1200,"height":630},{"@type":"BreadcrumbList","@id":"https:\/\/kapitalis.com\/tunisie\/2023\/04\/12\/a-propos-de-la-reprise-des-relations-diplomatiques-entre-la-tunisie-et-la-syrie\/#breadcrumb","itemListElement":[{"@type":"ListItem","position":1,"name":"Accueil","item":"https:\/\/kapitalis.com\/tunisie\/"},{"@type":"ListItem","position":2,"name":"A propos de la reprise des relations diplomatiques entre la Tunisie et la Syrie"}]},{"@type":"WebSite","@id":"https:\/\/kapitalis.com\/tunisie\/#website","url":"https:\/\/kapitalis.com\/tunisie\/","name":"Kapitalis","description":"L&#039;actualit\u00e9 en Tunisie et dans le monde","publisher":{"@id":"https:\/\/kapitalis.com\/tunisie\/#organization"},"potentialAction":[{"@type":"SearchAction","target":{"@type":"EntryPoint","urlTemplate":"https:\/\/kapitalis.com\/tunisie\/?s={search_term_string}"},"query-input":{"@type":"PropertyValueSpecification","valueRequired":true,"valueName":"search_term_string"}}],"inLanguage":"fr-FR"},{"@type":"Organization","@id":"https:\/\/kapitalis.com\/tunisie\/#organization","name":"Kapitalis","url":"https:\/\/kapitalis.com\/tunisie\/","logo":{"@type":"ImageObject","inLanguage":"fr-FR","@id":"https:\/\/kapitalis.com\/tunisie\/#\/schema\/logo\/image\/","url":"https:\/\/kapitalis.com\/tunisie\/wp-content\/uploads\/2022\/05\/Kapitalis-big-size.png","contentUrl":"https:\/\/kapitalis.com\/tunisie\/wp-content\/uploads\/2022\/05\/Kapitalis-big-size.png","width":5000,"height":1500,"caption":"Kapitalis"},"image":{"@id":"https:\/\/kapitalis.com\/tunisie\/#\/schema\/logo\/image\/"},"sameAs":["https:\/\/www.facebook.com\/KapitalisInfo\/","https:\/\/x.com\/KapitalisInfo","https:\/\/www.youtube.com\/channel\/UC-yDYrHyfFBWWZaOw3FPg9Q"]},{"@type":"Person","@id":"https:\/\/kapitalis.com\/tunisie\/#\/schema\/person\/74bbde0154d49d790a92aaeac5bc01d5","name":"Yusra NY","url":"https:\/\/kapitalis.com\/tunisie\/author\/yuza_adam\/"}]}},"_links":{"self":[{"href":"https:\/\/kapitalis.com\/tunisie\/wp-json\/wp\/v2\/posts\/7399490","targetHints":{"allow":["GET"]}}],"collection":[{"href":"https:\/\/kapitalis.com\/tunisie\/wp-json\/wp\/v2\/posts"}],"about":[{"href":"https:\/\/kapitalis.com\/tunisie\/wp-json\/wp\/v2\/types\/post"}],"author":[{"embeddable":true,"href":"https:\/\/kapitalis.com\/tunisie\/wp-json\/wp\/v2\/users\/6"}],"replies":[{"embeddable":true,"href":"https:\/\/kapitalis.com\/tunisie\/wp-json\/wp\/v2\/comments?post=7399490"}],"version-history":[{"count":3,"href":"https:\/\/kapitalis.com\/tunisie\/wp-json\/wp\/v2\/posts\/7399490\/revisions"}],"predecessor-version":[{"id":7399988,"href":"https:\/\/kapitalis.com\/tunisie\/wp-json\/wp\/v2\/posts\/7399490\/revisions\/7399988"}],"wp:featuredmedia":[{"embeddable":true,"href":"https:\/\/kapitalis.com\/tunisie\/wp-json\/wp\/v2\/media\/7399967"}],"wp:attachment":[{"href":"https:\/\/kapitalis.com\/tunisie\/wp-json\/wp\/v2\/media?parent=7399490"}],"wp:term":[{"taxonomy":"category","embeddable":true,"href":"https:\/\/kapitalis.com\/tunisie\/wp-json\/wp\/v2\/categories?post=7399490"},{"taxonomy":"post_tag","embeddable":true,"href":"https:\/\/kapitalis.com\/tunisie\/wp-json\/wp\/v2\/tags?post=7399490"}],"curies":[{"name":"wp","href":"https:\/\/api.w.org\/{rel}","templated":true}]}}