{"id":7411153,"date":"2023-04-13T15:47:51","date_gmt":"2023-04-13T14:47:51","guid":{"rendered":"https:\/\/kapitalis.com\/tunisie\/?p=7411153"},"modified":"2023-04-13T20:18:23","modified_gmt":"2023-04-13T19:18:23","slug":"lukas-de-julien-leclercq-a-regarder-ce-soir-sur-c8","status":"publish","type":"post","link":"https:\/\/kapitalis.com\/tunisie\/2023\/04\/13\/lukas-de-julien-leclercq-a-regarder-ce-soir-sur-c8\/","title":{"rendered":"\u00abLukas\u00bb de Julien Leclercq \u00e0 regarder ce soir sur C8"},"content":{"rendered":"\n<p><strong><em>La cha\u00eene C8 diffusera ce soir, en deuxi\u00e8me partie de soir\u00e9e, \ud835\udc3f\ud835\udc62\ud835\udc58\ud835\udc4e\ud835\udc60. C\u2019est un film de Julien Leclercq, le r\u00e9alisateur des Braqueurs, avec Jean-Claude Van Damme en t\u00eate d\u2019affiche.<\/em><\/strong><\/p>\n\n\n\n<p>Par <strong>Mohamed Sadok Lejri <\/strong>*<\/p>\n\n\n\n<!--more-->\n\n\n<div class=\"wp-block-image\">\n<figure class=\"alignleft size-full\"><img loading=\"lazy\" decoding=\"async\" width=\"200\" height=\"200\" src=\"https:\/\/kapitalis.com\/tunisie\/wp-content\/uploads\/2022\/12\/image.png\" alt=\"\" class=\"wp-image-5487324\" srcset=\"https:\/\/kapitalis.com\/tunisie\/wp-content\/uploads\/2022\/12\/image.png 200w, https:\/\/kapitalis.com\/tunisie\/wp-content\/uploads\/2022\/12\/image-150x150.png 150w, https:\/\/kapitalis.com\/tunisie\/wp-content\/uploads\/2022\/12\/image-120x120.png 120w\" sizes=\"auto, (max-width: 200px) 100vw, 200px\" \/><\/figure>\n<\/div>\n\n\n<p>Je me souviens qu\u2019\u00e0 sa sortie, en 2018, \ud835\udc3f\ud835\udc62\ud835\udc58\ud835\udc4e\ud835\udc60 a fait l\u2019objet d\u2019un d\u00e9luge de critiques n\u00e9gatives et de commentaires m\u00e9prisants et moqueurs. Et pourtant ce thriller, qui est loin d\u2019\u00eatre un chef-d\u2019\u0153uvre en son genre, m\u2019avait bien plu. Ce fut, pour moi, une agr\u00e9able surprise. <\/p>\n\n\n\n<p>Les amateurs du cin\u00e9ma social et engag\u00e9 trouveront le sc\u00e9nario de ce long-m\u00e9trage un peu superficiel, il n\u2019en reste pas moins qu\u2019il s\u2019agit d\u2019un film r\u00e9aliste et sans aucune pr\u00e9tention.<\/p>\n\n\n\n<p>L\u2019histoire de \ud835\udc3f\ud835\udc62\ud835\udc58\ud835\udc4e\ud835\udc60 est simple et touchante : c\u2019est celle d\u2019un garde du corps quinquag\u00e9naire devenu videur d\u2019une bo\u00eete de nuit et qui, \u00e0 la suite d\u2019un tragique accident qui s\u2019est sold\u00e9 par la mort d\u2019un odieux client, se retrouve dans un strip-club sordide qui abrite des faussaires aux pratiques crapuleuses. <\/p>\n\n\n\n<p>Charg\u00e9 de veiller sur la s\u00e9curit\u00e9 des lieux, il travaille pour eux sans s\u2019interroger sur leurs v\u00e9ritables activit\u00e9s, puis se met \u00e0 collaborer avec un flic (interpr\u00e9t\u00e9 par l&rsquo;acteur f\u00e9tiche de Julien Leclercq, notre excellent Sami Bouajila) afin de les coincer et pour ne pas \u00eatre \u00e9crou\u00e9. Lukas est rong\u00e9 par un pass\u00e9 trouble, il est veuf et \u00e9l\u00e8ve seul sa fille unique Sarah.<\/p>\n\n\n\n<p>Jean-Claude Van Damme, qui est en butte au persiflage depuis le d\u00e9but de sa carri\u00e8re cin\u00e9matographique, porte tout le poids du film sur ses \u00e9paules et prouve qu\u2019il est capable de passer avec succ\u00e8s dans le registre du drame. <\/p>\n\n\n\n<p>Dans ce thriller sombre et m\u00e9lancolique, il casse totalement son image hollywoodienne et ridiculis\u00e9e par les apparitions m\u00e9diatiques \u00ab\u00a0awariennes\u00a0\u00bb.<\/p>\n\n\n\n<p>JCVD campe son r\u00f4le avec beaucoup de retenue et, en guise de suppl\u00e9ment d\u2019\u00e2me, il y apporte tout le poids de sa vie caboss\u00e9e, de sa souffrance int\u00e9rieure et de son histoire personnelle ravag\u00e9e par sa d\u00e9pendance \u00e0 la drogue. Dans ce film franco-belge, le visage de JCVD est bris\u00e9, fatigu\u00e9 et sculpt\u00e9 par ses frasques. <\/p>\n\n\n\n<p>Cette physionomie \u00e0 laquelle les fans de Van Damme ne sont pas habitu\u00e9s, ce visage burin\u00e9 par les exc\u00e8s en tout genre et les atteintes impitoyables de l\u2019\u00e2ge, lui conf\u00e8rent un pouvoir magn\u00e9tique.<\/p>\n\n\n\n<p>\ud835\udc3f\ud835\udc62\ud835\udc58\ud835\udc4e\ud835\udc60 nous plonge dans l\u2019univers d\u2019un p\u00e8re qui se saigne aux quatre veines pour offrir une bonne \u00e9ducation \u00e0 sa fille, mais qui semble tortur\u00e9 et \u00eatre pris dans un engrenage ; un pi\u00e8ge sans issue. L\u2019intrigue se d\u00e9roule dans une atmosph\u00e8re pesante et au rythme de sons assourdissants. <\/p>\n\n\n\n<p>Le rythme du film est assez lent, mais cela permet au public de partager le quotidien languissant, triste et morne du protagoniste qui prend parfois des allures de fant\u00f4me urbain.<\/p>\n\n\n\n<p>Bref, \ud835\udc3f\ud835\udc62\ud835\udc58\ud835\udc4e\ud835\udc60 nous fait d\u00e9couvrir Jean-Claude Van Damme sous un jour nouveau. Et, n\u2019en d\u00e9plaise aux pseudo-intellos et snobinards d\u00e9daigneux, le r\u00e9sultat n\u2019est pas mauvais du tout !<\/p>\n\n\n\n<p>* <em>Universitaire.<\/em><\/p>\n\n\n\n<figure class=\"wp-block-embed is-type-wp-embed is-provider-kapitalis wp-block-embed-kapitalis\"><div class=\"wp-block-embed__wrapper\">\n<blockquote class=\"wp-embedded-content\" data-secret=\"13WCQnip3I\"><a href=\"https:\/\/kapitalis.com\/tunisie\/2022\/12\/04\/les-trois-jours-du-condor-de-sydney-pollack-a-regarder-ce-soir-sur-arte\/\">\u00abLes Trois jours du Condor\u00bb de Sydney Pollack \u00e0 regarder ce soir sur Arte<\/a><\/blockquote><iframe loading=\"lazy\" class=\"wp-embedded-content\" sandbox=\"allow-scripts\" security=\"restricted\" style=\"position: absolute; clip: rect(1px, 1px, 1px, 1px);\" title=\"\u00ab\u00a0\u00abLes Trois jours du Condor\u00bb de Sydney Pollack \u00e0 regarder ce soir sur Arte\u00a0\u00bb &#8212; Kapitalis\" src=\"https:\/\/kapitalis.com\/tunisie\/2022\/12\/04\/les-trois-jours-du-condor-de-sydney-pollack-a-regarder-ce-soir-sur-arte\/embed\/#?secret=MOoACmSEoe#?secret=13WCQnip3I\" data-secret=\"13WCQnip3I\" width=\"600\" height=\"338\" frameborder=\"0\" marginwidth=\"0\" marginheight=\"0\" scrolling=\"no\"><\/iframe>\n<\/div><\/figure>\n\n\n\n<figure class=\"wp-block-embed is-type-wp-embed is-provider-kapitalis wp-block-embed-kapitalis\"><div class=\"wp-block-embed__wrapper\">\n<blockquote class=\"wp-embedded-content\" data-secret=\"Cg4hRrzEFW\"><a href=\"https:\/\/kapitalis.com\/tunisie\/2022\/11\/28\/aux-origines-de-la-crise-morale-dans-la-nouvelle-tunisie\/\">Aux origines de la crise morale dans la \u00abnouvelle Tunisie\u00bb<\/a><\/blockquote><iframe loading=\"lazy\" class=\"wp-embedded-content\" sandbox=\"allow-scripts\" security=\"restricted\" style=\"position: absolute; clip: rect(1px, 1px, 1px, 1px);\" title=\"\u00ab\u00a0Aux origines de la crise morale dans la \u00abnouvelle Tunisie\u00bb\u00a0\u00bb &#8212; Kapitalis\" src=\"https:\/\/kapitalis.com\/tunisie\/2022\/11\/28\/aux-origines-de-la-crise-morale-dans-la-nouvelle-tunisie\/embed\/#?secret=6vsr8I7abE#?secret=Cg4hRrzEFW\" data-secret=\"Cg4hRrzEFW\" width=\"600\" height=\"338\" frameborder=\"0\" marginwidth=\"0\" marginheight=\"0\" scrolling=\"no\"><\/iframe>\n<\/div><\/figure>\n","protected":false},"excerpt":{"rendered":"<p>\u00abLukas\u00bb de Julien Leclercq \u00e0 regarder ce soir sur C8<\/p>\n","protected":false},"author":6,"featured_media":7411452,"comment_status":"open","ping_status":"open","sticky":false,"template":"","format":"standard","meta":{"footnotes":""},"categories":[994,1000,2433],"tags":[83589,5865,108016,108015,62643],"class_list":["post-7411153","post","type-post","status-publish","format-standard","has-post-thumbnail","hentry","category-culture","category-tribune","category-tunisie","tag-c8","tag-film","tag-julien-leclercq","tag-lukas","tag-tunisie"],"yoast_head":"<!-- This site is optimized with the Yoast SEO plugin v26.6 - https:\/\/yoast.com\/wordpress\/plugins\/seo\/ -->\n<title>\u00abLukas\u00bb de Julien Leclercq \u00e0 regarder ce soir sur C8 - Kapitalis<\/title>\n<meta name=\"description\" content=\"La cha\u00eene C8 diffusera demain, en deuxi\u00e8me partie de soir\u00e9e, \ud835\udc3f\ud835\udc62\ud835\udc58\ud835\udc4e\ud835\udc60. C\u2019est un film de Julien Leclercq, le r\u00e9alisateur des Braqueurs, avec Jean-Claude Van Damme en t\u00eate d\u2019affiche.\" \/>\n<meta name=\"robots\" content=\"index, follow, max-snippet:-1, max-image-preview:large, max-video-preview:-1\" \/>\n<link rel=\"canonical\" href=\"https:\/\/kapitalis.com\/tunisie\/2023\/04\/13\/lukas-de-julien-leclercq-a-regarder-ce-soir-sur-c8\/\" \/>\n<meta property=\"og:locale\" content=\"fr_FR\" \/>\n<meta property=\"og:type\" content=\"article\" \/>\n<meta property=\"og:title\" content=\"\u00abLukas\u00bb de Julien Leclercq \u00e0 regarder ce soir sur C8 - Kapitalis\" \/>\n<meta property=\"og:description\" content=\"La cha\u00eene C8 diffusera demain, en deuxi\u00e8me partie de soir\u00e9e, \ud835\udc3f\ud835\udc62\ud835\udc58\ud835\udc4e\ud835\udc60. C\u2019est un film de Julien Leclercq, le r\u00e9alisateur des Braqueurs, avec Jean-Claude Van Damme en t\u00eate d\u2019affiche.\" \/>\n<meta property=\"og:url\" content=\"https:\/\/kapitalis.com\/tunisie\/2023\/04\/13\/lukas-de-julien-leclercq-a-regarder-ce-soir-sur-c8\/\" \/>\n<meta property=\"og:site_name\" content=\"Kapitalis\" \/>\n<meta property=\"article:publisher\" content=\"https:\/\/www.facebook.com\/KapitalisInfo\/\" \/>\n<meta property=\"article:published_time\" content=\"2023-04-13T14:47:51+00:00\" \/>\n<meta property=\"article:modified_time\" content=\"2023-04-13T19:18:23+00:00\" \/>\n<meta property=\"og:image\" content=\"https:\/\/kapitalis.com\/tunisie\/wp-content\/uploads\/2023\/04\/Lukas.jpg\" \/>\n\t<meta property=\"og:image:width\" content=\"1200\" \/>\n\t<meta property=\"og:image:height\" content=\"630\" \/>\n\t<meta property=\"og:image:type\" content=\"image\/jpeg\" \/>\n<meta name=\"author\" content=\"Yusra NY\" \/>\n<meta name=\"twitter:card\" content=\"summary_large_image\" \/>\n<meta name=\"twitter:creator\" content=\"@KapitalisInfo\" \/>\n<meta name=\"twitter:site\" content=\"@KapitalisInfo\" \/>\n<meta name=\"twitter:label1\" content=\"\u00c9crit par\" \/>\n\t<meta name=\"twitter:data1\" content=\"Yusra NY\" \/>\n\t<meta name=\"twitter:label2\" content=\"Dur\u00e9e de lecture estim\u00e9e\" \/>\n\t<meta name=\"twitter:data2\" content=\"3 minutes\" \/>\n<script type=\"application\/ld+json\" class=\"yoast-schema-graph\">{\"@context\":\"https:\/\/schema.org\",\"@graph\":[{\"@type\":\"Article\",\"@id\":\"https:\/\/kapitalis.com\/tunisie\/2023\/04\/13\/lukas-de-julien-leclercq-a-regarder-ce-soir-sur-c8\/#article\",\"isPartOf\":{\"@id\":\"https:\/\/kapitalis.com\/tunisie\/2023\/04\/13\/lukas-de-julien-leclercq-a-regarder-ce-soir-sur-c8\/\"},\"author\":{\"name\":\"Yusra NY\",\"@id\":\"https:\/\/kapitalis.com\/tunisie\/#\/schema\/person\/74bbde0154d49d790a92aaeac5bc01d5\"},\"headline\":\"\u00abLukas\u00bb de Julien Leclercq \u00e0 regarder ce soir sur C8\",\"datePublished\":\"2023-04-13T14:47:51+00:00\",\"dateModified\":\"2023-04-13T19:18:23+00:00\",\"mainEntityOfPage\":{\"@id\":\"https:\/\/kapitalis.com\/tunisie\/2023\/04\/13\/lukas-de-julien-leclercq-a-regarder-ce-soir-sur-c8\/\"},\"wordCount\":559,\"commentCount\":2,\"publisher\":{\"@id\":\"https:\/\/kapitalis.com\/tunisie\/#organization\"},\"image\":{\"@id\":\"https:\/\/kapitalis.com\/tunisie\/2023\/04\/13\/lukas-de-julien-leclercq-a-regarder-ce-soir-sur-c8\/#primaryimage\"},\"thumbnailUrl\":\"https:\/\/kapitalis.com\/tunisie\/wp-content\/uploads\/2023\/04\/Lukas.jpg\",\"keywords\":[\"C8\",\"film\",\"Julien Leclercq\",\"Lukas\",\"Tunisie\"],\"articleSection\":[\"CULTURE\",\"TRIBUNE\",\"Tunisie\"],\"inLanguage\":\"fr-FR\",\"potentialAction\":[{\"@type\":\"CommentAction\",\"name\":\"Comment\",\"target\":[\"https:\/\/kapitalis.com\/tunisie\/2023\/04\/13\/lukas-de-julien-leclercq-a-regarder-ce-soir-sur-c8\/#respond\"]}]},{\"@type\":\"WebPage\",\"@id\":\"https:\/\/kapitalis.com\/tunisie\/2023\/04\/13\/lukas-de-julien-leclercq-a-regarder-ce-soir-sur-c8\/\",\"url\":\"https:\/\/kapitalis.com\/tunisie\/2023\/04\/13\/lukas-de-julien-leclercq-a-regarder-ce-soir-sur-c8\/\",\"name\":\"\u00abLukas\u00bb de Julien Leclercq \u00e0 regarder ce soir sur C8 - Kapitalis\",\"isPartOf\":{\"@id\":\"https:\/\/kapitalis.com\/tunisie\/#website\"},\"primaryImageOfPage\":{\"@id\":\"https:\/\/kapitalis.com\/tunisie\/2023\/04\/13\/lukas-de-julien-leclercq-a-regarder-ce-soir-sur-c8\/#primaryimage\"},\"image\":{\"@id\":\"https:\/\/kapitalis.com\/tunisie\/2023\/04\/13\/lukas-de-julien-leclercq-a-regarder-ce-soir-sur-c8\/#primaryimage\"},\"thumbnailUrl\":\"https:\/\/kapitalis.com\/tunisie\/wp-content\/uploads\/2023\/04\/Lukas.jpg\",\"datePublished\":\"2023-04-13T14:47:51+00:00\",\"dateModified\":\"2023-04-13T19:18:23+00:00\",\"description\":\"La cha\u00eene C8 diffusera demain, en deuxi\u00e8me partie de soir\u00e9e, \ud835\udc3f\ud835\udc62\ud835\udc58\ud835\udc4e\ud835\udc60. C\u2019est un film de Julien Leclercq, le r\u00e9alisateur des Braqueurs, avec Jean-Claude Van Damme en t\u00eate d\u2019affiche.\",\"breadcrumb\":{\"@id\":\"https:\/\/kapitalis.com\/tunisie\/2023\/04\/13\/lukas-de-julien-leclercq-a-regarder-ce-soir-sur-c8\/#breadcrumb\"},\"inLanguage\":\"fr-FR\",\"potentialAction\":[{\"@type\":\"ReadAction\",\"target\":[\"https:\/\/kapitalis.com\/tunisie\/2023\/04\/13\/lukas-de-julien-leclercq-a-regarder-ce-soir-sur-c8\/\"]}]},{\"@type\":\"ImageObject\",\"inLanguage\":\"fr-FR\",\"@id\":\"https:\/\/kapitalis.com\/tunisie\/2023\/04\/13\/lukas-de-julien-leclercq-a-regarder-ce-soir-sur-c8\/#primaryimage\",\"url\":\"https:\/\/kapitalis.com\/tunisie\/wp-content\/uploads\/2023\/04\/Lukas.jpg\",\"contentUrl\":\"https:\/\/kapitalis.com\/tunisie\/wp-content\/uploads\/2023\/04\/Lukas.jpg\",\"width\":1200,\"height\":630},{\"@type\":\"BreadcrumbList\",\"@id\":\"https:\/\/kapitalis.com\/tunisie\/2023\/04\/13\/lukas-de-julien-leclercq-a-regarder-ce-soir-sur-c8\/#breadcrumb\",\"itemListElement\":[{\"@type\":\"ListItem\",\"position\":1,\"name\":\"Accueil\",\"item\":\"https:\/\/kapitalis.com\/tunisie\/\"},{\"@type\":\"ListItem\",\"position\":2,\"name\":\"\u00abLukas\u00bb de Julien Leclercq \u00e0 regarder ce soir sur C8\"}]},{\"@type\":\"WebSite\",\"@id\":\"https:\/\/kapitalis.com\/tunisie\/#website\",\"url\":\"https:\/\/kapitalis.com\/tunisie\/\",\"name\":\"Kapitalis\",\"description\":\"L&#039;actualit\u00e9 en Tunisie et dans le monde\",\"publisher\":{\"@id\":\"https:\/\/kapitalis.com\/tunisie\/#organization\"},\"potentialAction\":[{\"@type\":\"SearchAction\",\"target\":{\"@type\":\"EntryPoint\",\"urlTemplate\":\"https:\/\/kapitalis.com\/tunisie\/?s={search_term_string}\"},\"query-input\":{\"@type\":\"PropertyValueSpecification\",\"valueRequired\":true,\"valueName\":\"search_term_string\"}}],\"inLanguage\":\"fr-FR\"},{\"@type\":\"Organization\",\"@id\":\"https:\/\/kapitalis.com\/tunisie\/#organization\",\"name\":\"Kapitalis\",\"url\":\"https:\/\/kapitalis.com\/tunisie\/\",\"logo\":{\"@type\":\"ImageObject\",\"inLanguage\":\"fr-FR\",\"@id\":\"https:\/\/kapitalis.com\/tunisie\/#\/schema\/logo\/image\/\",\"url\":\"https:\/\/kapitalis.com\/tunisie\/wp-content\/uploads\/2022\/05\/Kapitalis-big-size.png\",\"contentUrl\":\"https:\/\/kapitalis.com\/tunisie\/wp-content\/uploads\/2022\/05\/Kapitalis-big-size.png\",\"width\":5000,\"height\":1500,\"caption\":\"Kapitalis\"},\"image\":{\"@id\":\"https:\/\/kapitalis.com\/tunisie\/#\/schema\/logo\/image\/\"},\"sameAs\":[\"https:\/\/www.facebook.com\/KapitalisInfo\/\",\"https:\/\/x.com\/KapitalisInfo\",\"https:\/\/www.youtube.com\/channel\/UC-yDYrHyfFBWWZaOw3FPg9Q\"]},{\"@type\":\"Person\",\"@id\":\"https:\/\/kapitalis.com\/tunisie\/#\/schema\/person\/74bbde0154d49d790a92aaeac5bc01d5\",\"name\":\"Yusra NY\",\"url\":\"https:\/\/kapitalis.com\/tunisie\/author\/yuza_adam\/\"}]}<\/script>\n<!-- \/ Yoast SEO plugin. -->","yoast_head_json":{"title":"\u00abLukas\u00bb de Julien Leclercq \u00e0 regarder ce soir sur C8 - Kapitalis","description":"La cha\u00eene C8 diffusera demain, en deuxi\u00e8me partie de soir\u00e9e, \ud835\udc3f\ud835\udc62\ud835\udc58\ud835\udc4e\ud835\udc60. C\u2019est un film de Julien Leclercq, le r\u00e9alisateur des Braqueurs, avec Jean-Claude Van Damme en t\u00eate d\u2019affiche.","robots":{"index":"index","follow":"follow","max-snippet":"max-snippet:-1","max-image-preview":"max-image-preview:large","max-video-preview":"max-video-preview:-1"},"canonical":"https:\/\/kapitalis.com\/tunisie\/2023\/04\/13\/lukas-de-julien-leclercq-a-regarder-ce-soir-sur-c8\/","og_locale":"fr_FR","og_type":"article","og_title":"\u00abLukas\u00bb de Julien Leclercq \u00e0 regarder ce soir sur C8 - Kapitalis","og_description":"La cha\u00eene C8 diffusera demain, en deuxi\u00e8me partie de soir\u00e9e, \ud835\udc3f\ud835\udc62\ud835\udc58\ud835\udc4e\ud835\udc60. C\u2019est un film de Julien Leclercq, le r\u00e9alisateur des Braqueurs, avec Jean-Claude Van Damme en t\u00eate d\u2019affiche.","og_url":"https:\/\/kapitalis.com\/tunisie\/2023\/04\/13\/lukas-de-julien-leclercq-a-regarder-ce-soir-sur-c8\/","og_site_name":"Kapitalis","article_publisher":"https:\/\/www.facebook.com\/KapitalisInfo\/","article_published_time":"2023-04-13T14:47:51+00:00","article_modified_time":"2023-04-13T19:18:23+00:00","og_image":[{"width":1200,"height":630,"url":"https:\/\/kapitalis.com\/tunisie\/wp-content\/uploads\/2023\/04\/Lukas.jpg","type":"image\/jpeg"}],"author":"Yusra NY","twitter_card":"summary_large_image","twitter_creator":"@KapitalisInfo","twitter_site":"@KapitalisInfo","twitter_misc":{"\u00c9crit par":"Yusra NY","Dur\u00e9e de lecture estim\u00e9e":"3 minutes"},"schema":{"@context":"https:\/\/schema.org","@graph":[{"@type":"Article","@id":"https:\/\/kapitalis.com\/tunisie\/2023\/04\/13\/lukas-de-julien-leclercq-a-regarder-ce-soir-sur-c8\/#article","isPartOf":{"@id":"https:\/\/kapitalis.com\/tunisie\/2023\/04\/13\/lukas-de-julien-leclercq-a-regarder-ce-soir-sur-c8\/"},"author":{"name":"Yusra NY","@id":"https:\/\/kapitalis.com\/tunisie\/#\/schema\/person\/74bbde0154d49d790a92aaeac5bc01d5"},"headline":"\u00abLukas\u00bb de Julien Leclercq \u00e0 regarder ce soir sur C8","datePublished":"2023-04-13T14:47:51+00:00","dateModified":"2023-04-13T19:18:23+00:00","mainEntityOfPage":{"@id":"https:\/\/kapitalis.com\/tunisie\/2023\/04\/13\/lukas-de-julien-leclercq-a-regarder-ce-soir-sur-c8\/"},"wordCount":559,"commentCount":2,"publisher":{"@id":"https:\/\/kapitalis.com\/tunisie\/#organization"},"image":{"@id":"https:\/\/kapitalis.com\/tunisie\/2023\/04\/13\/lukas-de-julien-leclercq-a-regarder-ce-soir-sur-c8\/#primaryimage"},"thumbnailUrl":"https:\/\/kapitalis.com\/tunisie\/wp-content\/uploads\/2023\/04\/Lukas.jpg","keywords":["C8","film","Julien Leclercq","Lukas","Tunisie"],"articleSection":["CULTURE","TRIBUNE","Tunisie"],"inLanguage":"fr-FR","potentialAction":[{"@type":"CommentAction","name":"Comment","target":["https:\/\/kapitalis.com\/tunisie\/2023\/04\/13\/lukas-de-julien-leclercq-a-regarder-ce-soir-sur-c8\/#respond"]}]},{"@type":"WebPage","@id":"https:\/\/kapitalis.com\/tunisie\/2023\/04\/13\/lukas-de-julien-leclercq-a-regarder-ce-soir-sur-c8\/","url":"https:\/\/kapitalis.com\/tunisie\/2023\/04\/13\/lukas-de-julien-leclercq-a-regarder-ce-soir-sur-c8\/","name":"\u00abLukas\u00bb de Julien Leclercq \u00e0 regarder ce soir sur C8 - Kapitalis","isPartOf":{"@id":"https:\/\/kapitalis.com\/tunisie\/#website"},"primaryImageOfPage":{"@id":"https:\/\/kapitalis.com\/tunisie\/2023\/04\/13\/lukas-de-julien-leclercq-a-regarder-ce-soir-sur-c8\/#primaryimage"},"image":{"@id":"https:\/\/kapitalis.com\/tunisie\/2023\/04\/13\/lukas-de-julien-leclercq-a-regarder-ce-soir-sur-c8\/#primaryimage"},"thumbnailUrl":"https:\/\/kapitalis.com\/tunisie\/wp-content\/uploads\/2023\/04\/Lukas.jpg","datePublished":"2023-04-13T14:47:51+00:00","dateModified":"2023-04-13T19:18:23+00:00","description":"La cha\u00eene C8 diffusera demain, en deuxi\u00e8me partie de soir\u00e9e, \ud835\udc3f\ud835\udc62\ud835\udc58\ud835\udc4e\ud835\udc60. C\u2019est un film de Julien Leclercq, le r\u00e9alisateur des Braqueurs, avec Jean-Claude Van Damme en t\u00eate d\u2019affiche.","breadcrumb":{"@id":"https:\/\/kapitalis.com\/tunisie\/2023\/04\/13\/lukas-de-julien-leclercq-a-regarder-ce-soir-sur-c8\/#breadcrumb"},"inLanguage":"fr-FR","potentialAction":[{"@type":"ReadAction","target":["https:\/\/kapitalis.com\/tunisie\/2023\/04\/13\/lukas-de-julien-leclercq-a-regarder-ce-soir-sur-c8\/"]}]},{"@type":"ImageObject","inLanguage":"fr-FR","@id":"https:\/\/kapitalis.com\/tunisie\/2023\/04\/13\/lukas-de-julien-leclercq-a-regarder-ce-soir-sur-c8\/#primaryimage","url":"https:\/\/kapitalis.com\/tunisie\/wp-content\/uploads\/2023\/04\/Lukas.jpg","contentUrl":"https:\/\/kapitalis.com\/tunisie\/wp-content\/uploads\/2023\/04\/Lukas.jpg","width":1200,"height":630},{"@type":"BreadcrumbList","@id":"https:\/\/kapitalis.com\/tunisie\/2023\/04\/13\/lukas-de-julien-leclercq-a-regarder-ce-soir-sur-c8\/#breadcrumb","itemListElement":[{"@type":"ListItem","position":1,"name":"Accueil","item":"https:\/\/kapitalis.com\/tunisie\/"},{"@type":"ListItem","position":2,"name":"\u00abLukas\u00bb de Julien Leclercq \u00e0 regarder ce soir sur C8"}]},{"@type":"WebSite","@id":"https:\/\/kapitalis.com\/tunisie\/#website","url":"https:\/\/kapitalis.com\/tunisie\/","name":"Kapitalis","description":"L&#039;actualit\u00e9 en Tunisie et dans le monde","publisher":{"@id":"https:\/\/kapitalis.com\/tunisie\/#organization"},"potentialAction":[{"@type":"SearchAction","target":{"@type":"EntryPoint","urlTemplate":"https:\/\/kapitalis.com\/tunisie\/?s={search_term_string}"},"query-input":{"@type":"PropertyValueSpecification","valueRequired":true,"valueName":"search_term_string"}}],"inLanguage":"fr-FR"},{"@type":"Organization","@id":"https:\/\/kapitalis.com\/tunisie\/#organization","name":"Kapitalis","url":"https:\/\/kapitalis.com\/tunisie\/","logo":{"@type":"ImageObject","inLanguage":"fr-FR","@id":"https:\/\/kapitalis.com\/tunisie\/#\/schema\/logo\/image\/","url":"https:\/\/kapitalis.com\/tunisie\/wp-content\/uploads\/2022\/05\/Kapitalis-big-size.png","contentUrl":"https:\/\/kapitalis.com\/tunisie\/wp-content\/uploads\/2022\/05\/Kapitalis-big-size.png","width":5000,"height":1500,"caption":"Kapitalis"},"image":{"@id":"https:\/\/kapitalis.com\/tunisie\/#\/schema\/logo\/image\/"},"sameAs":["https:\/\/www.facebook.com\/KapitalisInfo\/","https:\/\/x.com\/KapitalisInfo","https:\/\/www.youtube.com\/channel\/UC-yDYrHyfFBWWZaOw3FPg9Q"]},{"@type":"Person","@id":"https:\/\/kapitalis.com\/tunisie\/#\/schema\/person\/74bbde0154d49d790a92aaeac5bc01d5","name":"Yusra NY","url":"https:\/\/kapitalis.com\/tunisie\/author\/yuza_adam\/"}]}},"_links":{"self":[{"href":"https:\/\/kapitalis.com\/tunisie\/wp-json\/wp\/v2\/posts\/7411153","targetHints":{"allow":["GET"]}}],"collection":[{"href":"https:\/\/kapitalis.com\/tunisie\/wp-json\/wp\/v2\/posts"}],"about":[{"href":"https:\/\/kapitalis.com\/tunisie\/wp-json\/wp\/v2\/types\/post"}],"author":[{"embeddable":true,"href":"https:\/\/kapitalis.com\/tunisie\/wp-json\/wp\/v2\/users\/6"}],"replies":[{"embeddable":true,"href":"https:\/\/kapitalis.com\/tunisie\/wp-json\/wp\/v2\/comments?post=7411153"}],"version-history":[{"count":5,"href":"https:\/\/kapitalis.com\/tunisie\/wp-json\/wp\/v2\/posts\/7411153\/revisions"}],"predecessor-version":[{"id":7416524,"href":"https:\/\/kapitalis.com\/tunisie\/wp-json\/wp\/v2\/posts\/7411153\/revisions\/7416524"}],"wp:featuredmedia":[{"embeddable":true,"href":"https:\/\/kapitalis.com\/tunisie\/wp-json\/wp\/v2\/media\/7411452"}],"wp:attachment":[{"href":"https:\/\/kapitalis.com\/tunisie\/wp-json\/wp\/v2\/media?parent=7411153"}],"wp:term":[{"taxonomy":"category","embeddable":true,"href":"https:\/\/kapitalis.com\/tunisie\/wp-json\/wp\/v2\/categories?post=7411153"},{"taxonomy":"post_tag","embeddable":true,"href":"https:\/\/kapitalis.com\/tunisie\/wp-json\/wp\/v2\/tags?post=7411153"}],"curies":[{"name":"wp","href":"https:\/\/api.w.org\/{rel}","templated":true}]}}