{"id":74321,"date":"2016-12-03T14:36:58","date_gmt":"2016-12-03T13:36:58","guid":{"rendered":"http:\/\/kapitalis.com\/tunisie\/?p=74321"},"modified":"2016-12-03T14:39:47","modified_gmt":"2016-12-03T13:39:47","slug":"tunisair-la-turquie-rachete-lairbus-a340-de-ben-ali","status":"publish","type":"post","link":"https:\/\/kapitalis.com\/tunisie\/2016\/12\/03\/tunisair-la-turquie-rachete-lairbus-a340-de-ben-ali\/","title":{"rendered":"Tunisair : La Turquie rach\u00e8te l\u2019Airbus A340 de Ben Ali"},"content":{"rendered":"<p style=\"text-align: center;\"><img loading=\"lazy\" decoding=\"async\" class=\"alignnone size-full wp-image-23178\" src=\"http:\/\/kapitalis.com\/tunisie\/wp-content\/uploads\/2015\/11\/avion-ben-ali.jpg\" alt=\"avion ben ali\" width=\"626\" height=\"380\" \/><\/p>\n<p><em><strong>L\u2019ancien avion pr\u00e9sidentiel de Ben Ali, l\u2019Airbus A340, a \u00e9t\u00e9 rachet\u00e9 par la Turkish Airlines pour 181 millions de dinars (MDT).<\/strong><\/em><\/p>\n<p><!--more--><\/p>\n<p>C\u2019est ce qu\u2019a indiqu\u00e9, aujourd\u2019hui, le journal \u00e9lectronique <em>\u00ab\u00a0<\/em><a href=\"http:\/\/www.realites.com.tn\/2016\/12\/la340-de-ben-ali-vendu-a-turkish-airlines\/\"><em>R\u00e9alit\u00e9s\u00a0\u00bb<\/em><\/a>, en ajoutant que cet avion serait destin\u00e9 au pr\u00e9sident turc Recep Tayeep Erdogan,\u00a0information\u00a0qui n&rsquo;a pas pu \u00eatre\u00a0confirm\u00e9es.<\/p>\n<p>En avril dernier, Tunisair avait re\u00e7u une dizaine d\u2019offres et, selon Sarra Rejeb, son Pdg,\u00a0la compagnie a\u00e9rienne tunisienne a d\u00e9j\u00e0 conclu avec l\u2019un des candidats au rachat un accord qui restait \u00e0 confirmer.<\/p>\n<p>L\u2019avion \u00e9tait stationn\u00e9 \u00e0 Toulouse depuis la r\u00e9volution tunisienne de janvier 2011. L\u2019A340, command\u00e9 en 2009 par Ben Ali, a \u00e9t\u00e9 d\u00e9cor\u00e9 par Louis Vuitton et comporte plusieurs pi\u00e8ces am\u00e9nag\u00e9es. Il aurait co\u00fbt\u00e9 plus de\u00a0250 millions d\u2019euros (plus de 600 millions de dinars tunisiens). Si le montant de la vente se pr\u00e9cise, l&rsquo;appareil aurait donc \u00e9t\u00e9 vendu au tiers de son prix\u00a0d&rsquo;achat.<\/p>\n<p style=\"text-align: right;\"><strong>Y. N.<\/strong><\/p>\n","protected":false},"excerpt":{"rendered":"<p>L\u2019ancien avion pr\u00e9sidentiel de Ben Ali, l\u2019Airbus A340, a \u00e9t\u00e9 rachet\u00e9 par la Turkish Airlines pour 181 millions de dinars (MDT).<\/p>\n","protected":false},"author":6,"featured_media":0,"comment_status":"open","ping_status":"open","sticky":false,"template":"","format":"standard","meta":{"footnotes":""},"categories":[995,2433],"tags":[2180,1740,140,2265,1501,11594,1855],"class_list":["post-74321","post","type-post","status-publish","format-standard","hentry","category-economie","category-tunisie","tag-airbus","tag-avion","tag-ben-ali","tag-sarra-rejeb","tag-tunisair","tag-turkish-airlines","tag-turquie"],"yoast_head":"<!-- This site is optimized with the Yoast SEO plugin v26.6 - https:\/\/yoast.com\/wordpress\/plugins\/seo\/ -->\n<title>Tunisair : La Turquie rach\u00e8te l\u2019Airbus A340 de Ben Ali - Kapitalis<\/title>\n<meta name=\"robots\" content=\"index, follow, max-snippet:-1, max-image-preview:large, max-video-preview:-1\" \/>\n<link rel=\"canonical\" href=\"https:\/\/kapitalis.com\/tunisie\/2016\/12\/03\/tunisair-la-turquie-rachete-lairbus-a340-de-ben-ali\/\" \/>\n<meta property=\"og:locale\" content=\"fr_FR\" \/>\n<meta property=\"og:type\" content=\"article\" \/>\n<meta property=\"og:title\" content=\"Tunisair : La Turquie rach\u00e8te l\u2019Airbus A340 de Ben Ali - Kapitalis\" \/>\n<meta property=\"og:description\" content=\"L\u2019ancien avion pr\u00e9sidentiel de Ben Ali, l\u2019Airbus A340, a \u00e9t\u00e9 rachet\u00e9 par la Turkish Airlines pour 181 millions de dinars (MDT).\" \/>\n<meta property=\"og:url\" content=\"https:\/\/kapitalis.com\/tunisie\/2016\/12\/03\/tunisair-la-turquie-rachete-lairbus-a340-de-ben-ali\/\" \/>\n<meta property=\"og:site_name\" content=\"Kapitalis\" \/>\n<meta property=\"article:publisher\" content=\"https:\/\/www.facebook.com\/KapitalisInfo\/\" \/>\n<meta property=\"article:published_time\" content=\"2016-12-03T13:36:58+00:00\" \/>\n<meta property=\"article:modified_time\" content=\"2016-12-03T13:39:47+00:00\" \/>\n<meta property=\"og:image\" content=\"http:\/\/kapitalis.com\/tunisie\/wp-content\/uploads\/2015\/11\/avion-ben-ali.jpg\" \/>\n<meta name=\"author\" content=\"Yusra NY\" \/>\n<meta name=\"twitter:card\" content=\"summary_large_image\" \/>\n<meta name=\"twitter:creator\" content=\"@KapitalisInfo\" \/>\n<meta name=\"twitter:site\" content=\"@KapitalisInfo\" \/>\n<meta name=\"twitter:label1\" content=\"\u00c9crit par\" \/>\n\t<meta name=\"twitter:data1\" content=\"Yusra NY\" \/>\n\t<meta name=\"twitter:label2\" content=\"Dur\u00e9e de lecture estim\u00e9e\" \/>\n\t<meta name=\"twitter:data2\" content=\"1 minute\" \/>\n<script type=\"application\/ld+json\" class=\"yoast-schema-graph\">{\"@context\":\"https:\/\/schema.org\",\"@graph\":[{\"@type\":\"Article\",\"@id\":\"https:\/\/kapitalis.com\/tunisie\/2016\/12\/03\/tunisair-la-turquie-rachete-lairbus-a340-de-ben-ali\/#article\",\"isPartOf\":{\"@id\":\"https:\/\/kapitalis.com\/tunisie\/2016\/12\/03\/tunisair-la-turquie-rachete-lairbus-a340-de-ben-ali\/\"},\"author\":{\"name\":\"Yusra NY\",\"@id\":\"https:\/\/kapitalis.com\/tunisie\/#\/schema\/person\/74bbde0154d49d790a92aaeac5bc01d5\"},\"headline\":\"Tunisair : La Turquie rach\u00e8te l\u2019Airbus A340 de Ben Ali\",\"datePublished\":\"2016-12-03T13:36:58+00:00\",\"dateModified\":\"2016-12-03T13:39:47+00:00\",\"mainEntityOfPage\":{\"@id\":\"https:\/\/kapitalis.com\/tunisie\/2016\/12\/03\/tunisair-la-turquie-rachete-lairbus-a340-de-ben-ali\/\"},\"wordCount\":179,\"commentCount\":5,\"publisher\":{\"@id\":\"https:\/\/kapitalis.com\/tunisie\/#organization\"},\"image\":{\"@id\":\"https:\/\/kapitalis.com\/tunisie\/2016\/12\/03\/tunisair-la-turquie-rachete-lairbus-a340-de-ben-ali\/#primaryimage\"},\"thumbnailUrl\":\"http:\/\/kapitalis.com\/tunisie\/wp-content\/uploads\/2015\/11\/avion-ben-ali.jpg\",\"keywords\":[\"Airbus\",\"avion\",\"Ben Ali\",\"Sarra Rejeb\",\"Tunisair\",\"Turkish Airlines\",\"Turquie\"],\"articleSection\":[\"ECONOMIE\",\"Tunisie\"],\"inLanguage\":\"fr-FR\",\"potentialAction\":[{\"@type\":\"CommentAction\",\"name\":\"Comment\",\"target\":[\"https:\/\/kapitalis.com\/tunisie\/2016\/12\/03\/tunisair-la-turquie-rachete-lairbus-a340-de-ben-ali\/#respond\"]}]},{\"@type\":\"WebPage\",\"@id\":\"https:\/\/kapitalis.com\/tunisie\/2016\/12\/03\/tunisair-la-turquie-rachete-lairbus-a340-de-ben-ali\/\",\"url\":\"https:\/\/kapitalis.com\/tunisie\/2016\/12\/03\/tunisair-la-turquie-rachete-lairbus-a340-de-ben-ali\/\",\"name\":\"Tunisair : La Turquie rach\u00e8te l\u2019Airbus A340 de Ben Ali - Kapitalis\",\"isPartOf\":{\"@id\":\"https:\/\/kapitalis.com\/tunisie\/#website\"},\"primaryImageOfPage\":{\"@id\":\"https:\/\/kapitalis.com\/tunisie\/2016\/12\/03\/tunisair-la-turquie-rachete-lairbus-a340-de-ben-ali\/#primaryimage\"},\"image\":{\"@id\":\"https:\/\/kapitalis.com\/tunisie\/2016\/12\/03\/tunisair-la-turquie-rachete-lairbus-a340-de-ben-ali\/#primaryimage\"},\"thumbnailUrl\":\"http:\/\/kapitalis.com\/tunisie\/wp-content\/uploads\/2015\/11\/avion-ben-ali.jpg\",\"datePublished\":\"2016-12-03T13:36:58+00:00\",\"dateModified\":\"2016-12-03T13:39:47+00:00\",\"breadcrumb\":{\"@id\":\"https:\/\/kapitalis.com\/tunisie\/2016\/12\/03\/tunisair-la-turquie-rachete-lairbus-a340-de-ben-ali\/#breadcrumb\"},\"inLanguage\":\"fr-FR\",\"potentialAction\":[{\"@type\":\"ReadAction\",\"target\":[\"https:\/\/kapitalis.com\/tunisie\/2016\/12\/03\/tunisair-la-turquie-rachete-lairbus-a340-de-ben-ali\/\"]}]},{\"@type\":\"ImageObject\",\"inLanguage\":\"fr-FR\",\"@id\":\"https:\/\/kapitalis.com\/tunisie\/2016\/12\/03\/tunisair-la-turquie-rachete-lairbus-a340-de-ben-ali\/#primaryimage\",\"url\":\"http:\/\/kapitalis.com\/tunisie\/wp-content\/uploads\/2015\/11\/avion-ben-ali.jpg\",\"contentUrl\":\"http:\/\/kapitalis.com\/tunisie\/wp-content\/uploads\/2015\/11\/avion-ben-ali.jpg\"},{\"@type\":\"BreadcrumbList\",\"@id\":\"https:\/\/kapitalis.com\/tunisie\/2016\/12\/03\/tunisair-la-turquie-rachete-lairbus-a340-de-ben-ali\/#breadcrumb\",\"itemListElement\":[{\"@type\":\"ListItem\",\"position\":1,\"name\":\"Accueil\",\"item\":\"https:\/\/kapitalis.com\/tunisie\/\"},{\"@type\":\"ListItem\",\"position\":2,\"name\":\"Tunisair : La Turquie rach\u00e8te l\u2019Airbus A340 de Ben Ali\"}]},{\"@type\":\"WebSite\",\"@id\":\"https:\/\/kapitalis.com\/tunisie\/#website\",\"url\":\"https:\/\/kapitalis.com\/tunisie\/\",\"name\":\"Kapitalis\",\"description\":\"L&#039;actualit\u00e9 en Tunisie et dans le monde\",\"publisher\":{\"@id\":\"https:\/\/kapitalis.com\/tunisie\/#organization\"},\"potentialAction\":[{\"@type\":\"SearchAction\",\"target\":{\"@type\":\"EntryPoint\",\"urlTemplate\":\"https:\/\/kapitalis.com\/tunisie\/?s={search_term_string}\"},\"query-input\":{\"@type\":\"PropertyValueSpecification\",\"valueRequired\":true,\"valueName\":\"search_term_string\"}}],\"inLanguage\":\"fr-FR\"},{\"@type\":\"Organization\",\"@id\":\"https:\/\/kapitalis.com\/tunisie\/#organization\",\"name\":\"Kapitalis\",\"url\":\"https:\/\/kapitalis.com\/tunisie\/\",\"logo\":{\"@type\":\"ImageObject\",\"inLanguage\":\"fr-FR\",\"@id\":\"https:\/\/kapitalis.com\/tunisie\/#\/schema\/logo\/image\/\",\"url\":\"https:\/\/kapitalis.com\/tunisie\/wp-content\/uploads\/2022\/05\/Kapitalis-big-size.png\",\"contentUrl\":\"https:\/\/kapitalis.com\/tunisie\/wp-content\/uploads\/2022\/05\/Kapitalis-big-size.png\",\"width\":5000,\"height\":1500,\"caption\":\"Kapitalis\"},\"image\":{\"@id\":\"https:\/\/kapitalis.com\/tunisie\/#\/schema\/logo\/image\/\"},\"sameAs\":[\"https:\/\/www.facebook.com\/KapitalisInfo\/\",\"https:\/\/x.com\/KapitalisInfo\",\"https:\/\/www.youtube.com\/channel\/UC-yDYrHyfFBWWZaOw3FPg9Q\"]},{\"@type\":\"Person\",\"@id\":\"https:\/\/kapitalis.com\/tunisie\/#\/schema\/person\/74bbde0154d49d790a92aaeac5bc01d5\",\"name\":\"Yusra NY\",\"url\":\"https:\/\/kapitalis.com\/tunisie\/author\/yuza_adam\/\"}]}<\/script>\n<!-- \/ Yoast SEO plugin. -->","yoast_head_json":{"title":"Tunisair : La Turquie rach\u00e8te l\u2019Airbus A340 de Ben Ali - Kapitalis","robots":{"index":"index","follow":"follow","max-snippet":"max-snippet:-1","max-image-preview":"max-image-preview:large","max-video-preview":"max-video-preview:-1"},"canonical":"https:\/\/kapitalis.com\/tunisie\/2016\/12\/03\/tunisair-la-turquie-rachete-lairbus-a340-de-ben-ali\/","og_locale":"fr_FR","og_type":"article","og_title":"Tunisair : La Turquie rach\u00e8te l\u2019Airbus A340 de Ben Ali - Kapitalis","og_description":"L\u2019ancien avion pr\u00e9sidentiel de Ben Ali, l\u2019Airbus A340, a \u00e9t\u00e9 rachet\u00e9 par la Turkish Airlines pour 181 millions de dinars (MDT).","og_url":"https:\/\/kapitalis.com\/tunisie\/2016\/12\/03\/tunisair-la-turquie-rachete-lairbus-a340-de-ben-ali\/","og_site_name":"Kapitalis","article_publisher":"https:\/\/www.facebook.com\/KapitalisInfo\/","article_published_time":"2016-12-03T13:36:58+00:00","article_modified_time":"2016-12-03T13:39:47+00:00","og_image":[{"url":"http:\/\/kapitalis.com\/tunisie\/wp-content\/uploads\/2015\/11\/avion-ben-ali.jpg","type":"","width":"","height":""}],"author":"Yusra NY","twitter_card":"summary_large_image","twitter_creator":"@KapitalisInfo","twitter_site":"@KapitalisInfo","twitter_misc":{"\u00c9crit par":"Yusra NY","Dur\u00e9e de lecture estim\u00e9e":"1 minute"},"schema":{"@context":"https:\/\/schema.org","@graph":[{"@type":"Article","@id":"https:\/\/kapitalis.com\/tunisie\/2016\/12\/03\/tunisair-la-turquie-rachete-lairbus-a340-de-ben-ali\/#article","isPartOf":{"@id":"https:\/\/kapitalis.com\/tunisie\/2016\/12\/03\/tunisair-la-turquie-rachete-lairbus-a340-de-ben-ali\/"},"author":{"name":"Yusra NY","@id":"https:\/\/kapitalis.com\/tunisie\/#\/schema\/person\/74bbde0154d49d790a92aaeac5bc01d5"},"headline":"Tunisair : La Turquie rach\u00e8te l\u2019Airbus A340 de Ben Ali","datePublished":"2016-12-03T13:36:58+00:00","dateModified":"2016-12-03T13:39:47+00:00","mainEntityOfPage":{"@id":"https:\/\/kapitalis.com\/tunisie\/2016\/12\/03\/tunisair-la-turquie-rachete-lairbus-a340-de-ben-ali\/"},"wordCount":179,"commentCount":5,"publisher":{"@id":"https:\/\/kapitalis.com\/tunisie\/#organization"},"image":{"@id":"https:\/\/kapitalis.com\/tunisie\/2016\/12\/03\/tunisair-la-turquie-rachete-lairbus-a340-de-ben-ali\/#primaryimage"},"thumbnailUrl":"http:\/\/kapitalis.com\/tunisie\/wp-content\/uploads\/2015\/11\/avion-ben-ali.jpg","keywords":["Airbus","avion","Ben Ali","Sarra Rejeb","Tunisair","Turkish Airlines","Turquie"],"articleSection":["ECONOMIE","Tunisie"],"inLanguage":"fr-FR","potentialAction":[{"@type":"CommentAction","name":"Comment","target":["https:\/\/kapitalis.com\/tunisie\/2016\/12\/03\/tunisair-la-turquie-rachete-lairbus-a340-de-ben-ali\/#respond"]}]},{"@type":"WebPage","@id":"https:\/\/kapitalis.com\/tunisie\/2016\/12\/03\/tunisair-la-turquie-rachete-lairbus-a340-de-ben-ali\/","url":"https:\/\/kapitalis.com\/tunisie\/2016\/12\/03\/tunisair-la-turquie-rachete-lairbus-a340-de-ben-ali\/","name":"Tunisair : La Turquie rach\u00e8te l\u2019Airbus A340 de Ben Ali - Kapitalis","isPartOf":{"@id":"https:\/\/kapitalis.com\/tunisie\/#website"},"primaryImageOfPage":{"@id":"https:\/\/kapitalis.com\/tunisie\/2016\/12\/03\/tunisair-la-turquie-rachete-lairbus-a340-de-ben-ali\/#primaryimage"},"image":{"@id":"https:\/\/kapitalis.com\/tunisie\/2016\/12\/03\/tunisair-la-turquie-rachete-lairbus-a340-de-ben-ali\/#primaryimage"},"thumbnailUrl":"http:\/\/kapitalis.com\/tunisie\/wp-content\/uploads\/2015\/11\/avion-ben-ali.jpg","datePublished":"2016-12-03T13:36:58+00:00","dateModified":"2016-12-03T13:39:47+00:00","breadcrumb":{"@id":"https:\/\/kapitalis.com\/tunisie\/2016\/12\/03\/tunisair-la-turquie-rachete-lairbus-a340-de-ben-ali\/#breadcrumb"},"inLanguage":"fr-FR","potentialAction":[{"@type":"ReadAction","target":["https:\/\/kapitalis.com\/tunisie\/2016\/12\/03\/tunisair-la-turquie-rachete-lairbus-a340-de-ben-ali\/"]}]},{"@type":"ImageObject","inLanguage":"fr-FR","@id":"https:\/\/kapitalis.com\/tunisie\/2016\/12\/03\/tunisair-la-turquie-rachete-lairbus-a340-de-ben-ali\/#primaryimage","url":"http:\/\/kapitalis.com\/tunisie\/wp-content\/uploads\/2015\/11\/avion-ben-ali.jpg","contentUrl":"http:\/\/kapitalis.com\/tunisie\/wp-content\/uploads\/2015\/11\/avion-ben-ali.jpg"},{"@type":"BreadcrumbList","@id":"https:\/\/kapitalis.com\/tunisie\/2016\/12\/03\/tunisair-la-turquie-rachete-lairbus-a340-de-ben-ali\/#breadcrumb","itemListElement":[{"@type":"ListItem","position":1,"name":"Accueil","item":"https:\/\/kapitalis.com\/tunisie\/"},{"@type":"ListItem","position":2,"name":"Tunisair : La Turquie rach\u00e8te l\u2019Airbus A340 de Ben Ali"}]},{"@type":"WebSite","@id":"https:\/\/kapitalis.com\/tunisie\/#website","url":"https:\/\/kapitalis.com\/tunisie\/","name":"Kapitalis","description":"L&#039;actualit\u00e9 en Tunisie et dans le monde","publisher":{"@id":"https:\/\/kapitalis.com\/tunisie\/#organization"},"potentialAction":[{"@type":"SearchAction","target":{"@type":"EntryPoint","urlTemplate":"https:\/\/kapitalis.com\/tunisie\/?s={search_term_string}"},"query-input":{"@type":"PropertyValueSpecification","valueRequired":true,"valueName":"search_term_string"}}],"inLanguage":"fr-FR"},{"@type":"Organization","@id":"https:\/\/kapitalis.com\/tunisie\/#organization","name":"Kapitalis","url":"https:\/\/kapitalis.com\/tunisie\/","logo":{"@type":"ImageObject","inLanguage":"fr-FR","@id":"https:\/\/kapitalis.com\/tunisie\/#\/schema\/logo\/image\/","url":"https:\/\/kapitalis.com\/tunisie\/wp-content\/uploads\/2022\/05\/Kapitalis-big-size.png","contentUrl":"https:\/\/kapitalis.com\/tunisie\/wp-content\/uploads\/2022\/05\/Kapitalis-big-size.png","width":5000,"height":1500,"caption":"Kapitalis"},"image":{"@id":"https:\/\/kapitalis.com\/tunisie\/#\/schema\/logo\/image\/"},"sameAs":["https:\/\/www.facebook.com\/KapitalisInfo\/","https:\/\/x.com\/KapitalisInfo","https:\/\/www.youtube.com\/channel\/UC-yDYrHyfFBWWZaOw3FPg9Q"]},{"@type":"Person","@id":"https:\/\/kapitalis.com\/tunisie\/#\/schema\/person\/74bbde0154d49d790a92aaeac5bc01d5","name":"Yusra NY","url":"https:\/\/kapitalis.com\/tunisie\/author\/yuza_adam\/"}]}},"_links":{"self":[{"href":"https:\/\/kapitalis.com\/tunisie\/wp-json\/wp\/v2\/posts\/74321","targetHints":{"allow":["GET"]}}],"collection":[{"href":"https:\/\/kapitalis.com\/tunisie\/wp-json\/wp\/v2\/posts"}],"about":[{"href":"https:\/\/kapitalis.com\/tunisie\/wp-json\/wp\/v2\/types\/post"}],"author":[{"embeddable":true,"href":"https:\/\/kapitalis.com\/tunisie\/wp-json\/wp\/v2\/users\/6"}],"replies":[{"embeddable":true,"href":"https:\/\/kapitalis.com\/tunisie\/wp-json\/wp\/v2\/comments?post=74321"}],"version-history":[{"count":0,"href":"https:\/\/kapitalis.com\/tunisie\/wp-json\/wp\/v2\/posts\/74321\/revisions"}],"wp:attachment":[{"href":"https:\/\/kapitalis.com\/tunisie\/wp-json\/wp\/v2\/media?parent=74321"}],"wp:term":[{"taxonomy":"category","embeddable":true,"href":"https:\/\/kapitalis.com\/tunisie\/wp-json\/wp\/v2\/categories?post=74321"},{"taxonomy":"post_tag","embeddable":true,"href":"https:\/\/kapitalis.com\/tunisie\/wp-json\/wp\/v2\/tags?post=74321"}],"curies":[{"name":"wp","href":"https:\/\/api.w.org\/{rel}","templated":true}]}}