{"id":74413,"date":"2016-12-05T13:30:02","date_gmt":"2016-12-05T12:30:02","guid":{"rendered":"http:\/\/kapitalis.com\/tunisie\/?p=74413"},"modified":"2016-12-05T13:30:02","modified_gmt":"2016-12-05T12:30:02","slug":"demain-a-sidi-thabet-celebration-de-la-journee-internationale-des-handicapes","status":"publish","type":"post","link":"https:\/\/kapitalis.com\/tunisie\/2016\/12\/05\/demain-a-sidi-thabet-celebration-de-la-journee-internationale-des-handicapes\/","title":{"rendered":"Demain \u00e0 Sidi Thabet : C\u00e9l\u00e9bration de la Journ\u00e9e internationale des handicap\u00e9s"},"content":{"rendered":"<p><img loading=\"lazy\" decoding=\"async\" class=\"alignnone size-full wp-image-74414 aligncenter\" src=\"http:\/\/kapitalis.com\/tunisie\/wp-content\/uploads\/2016\/12\/Gaia.jpg\" alt=\"gaia\" width=\"626\" height=\"380\" \/><\/p>\n<p><em><strong>L\u2019association Ga\u00efa organise un \u00e9v\u00e9nement, le mardi 6 d\u00e9cembre 2016, \u00e0 l\u2019occasion de la Journ\u00e9e internationale des handicap\u00e9s.<\/strong> <\/em><\/p>\n<p><!--more--><\/p>\n<p>L\u2019association, \u00e9galement connue sous le nom de Ferme th\u00e9rapeutique de Sidi Thabet, au nord de Tunis, o\u00f9 se trouve son si\u00e8ge, fond\u00e9e par Leyla Gasmi, pr\u00e9sid\u00e9e par Myriam Ben Brahim et dirig\u00e9e par Raja Moumni, se donne pour mission de redonner espoir \u00e0 de jeunes personnes en situation d\u2019handicap et issues de familles n\u00e9cessiteuses et d\u2019attirer l\u2019attention du public sur les pr\u00e9occupations des personnes \u00e0 besoin sp\u00e9cifiques en Tunisie.<\/p>\n<p>A l\u2019occasion de la Journ\u00e9e internationale des personnes en situation d\u2019handicap, cr\u00e9\u00e9e en 1992 par l\u2019Onu, Ga\u00efa re\u00e7oit ses partenaires et ses vis-\u00e0-vis institutionnels afin de souligner l\u2019importance de la question de l\u2019handicap et la n\u00e9cessit\u00e9 de r\u00e9habiliter le statut \u2013 souvent oubli\u00e9 et parfois bafou\u00e9 \u2013 des personnes en situation d\u2019handicap mental sp\u00e9cifiquement.<\/p>\n<p>La manifestation sera marqu\u00e9e par la pr\u00e9sence de repr\u00e9sentants officiels de l\u2019Etat tunisien, et parmi ceux qui ont confirm\u00e9 leur participation, Mehdi Ben Gharbia, ministre charg\u00e9 des Relations avec les Instances constitutionnelles, la Soci\u00e9t\u00e9 civile et les Droits de l\u2019Homme, Saida Garrach, conseill\u00e8re aupr\u00e8s de la Pr\u00e9sidence de la R\u00e9publique charg\u00e9e des Relations avec la soci\u00e9t\u00e9 civile, Faten Kallel, secr\u00e9taire d\u2019Etat \u00e0 la Jeunesse et aux Sports, et Naouel Jabbes, charg\u00e9e de l\u2019Economie sociale et solidaire aupr\u00e8s du ministre de l\u2019Agriculture, des Ressources hydrauliques et de la P\u00eache.<\/p>\n<p>Depuis 10 ans, Gaia assure une prise en charge globale personnalis\u00e9e et professionnalis\u00e9e des personnes handicap\u00e9es auxquelles elle dispense 4 formations professionnelles agricoles. <em>\u00abCeci s\u2019est impos\u00e9 comme une solution l\u00e9gitime pour pr\u00e9parer ces jeunes \u00e0 un avenir o\u00f9 ils seraient autonomes et trouveraient leur place dans la soci\u00e9t\u00e9\u00bb<\/em>, indique l\u2019association dans un communiqu\u00e9.<\/p>\n<p>Ga\u00efa est \u00e9galement une entreprise sociale et solidaire \u00e0 part enti\u00e8re qui emploie plus de 44 personnes \u00e0 temps plein: une \u00e9quipe pluridisciplinaire, \u00e9ducative et th\u00e9rapeutique enti\u00e8rement d\u00e9di\u00e9e au bien\u2010e\u0302tre des b\u00e9n\u00e9ficiaires \u00e2g\u00e9s de 10 \u00e0 30 ans.<\/p>\n<p>L\u2019association estime qu\u2019elle a \u00ab<em>r\u00e9ussi un pari, celui d\u2019oser r\u00eaver \u00e0 un monde meilleur pour des jeunes doublement condamn\u00e9s par leur handicap et leur situation sociale.\u00bb<\/em><\/p>\n<p>A la suite de la campagne de <a href=\"http:\/\/www.journeedereve.tn\">parrainage lanc\u00e9e en octobre<\/a>, Ga\u00efa initie son programme de prise en charge inclusive en collaboration avec les \u00e9coles et coll\u00e8ges de la r\u00e9gion.<\/p>\n<p>L\u2019association compte sur l\u2019impact que chacun peut avoir, car, ajoute ses responsables, <em>\u00abnous avons tous le pouvoir d\u2019influencer les parcours des jeunes b\u00e9n\u00e9ficiaires\u00bb<\/em>, et ce conform\u00e9ment \u00e0 la devise de Ga\u00efa : <em>\u00abLe handicap est la responsabilit\u00e9 de tous. Votre soutien permettra une prise de conscience et un respect des droits et de l\u2019\u00e9galit\u00e9 des chances\u00bb<\/em>. Ou encore :<em> \u00abLe handicap touche certains, la solidarit\u00e9 est accessible \u00e0 tous\u00bb.<\/em><\/p>\n<p style=\"text-align: right;\"><strong>I. B.<\/strong> (avec communiqu\u00e9).<\/p>\n","protected":false},"excerpt":{"rendered":"<p>L\u2019association Ga\u00efa organise un \u00e9v\u00e9nement, le mardi 6 d\u00e9cembre 2016, \u00e0 l\u2019occasion de la Journ\u00e9e internationale des handicap\u00e9s.<\/p>\n","protected":false},"author":8,"featured_media":74414,"comment_status":"open","ping_status":"open","sticky":false,"template":"","format":"standard","meta":{"footnotes":""},"categories":[998,2433],"tags":[25748,1168,16484],"class_list":["post-74413","post","type-post","status-publish","format-standard","has-post-thumbnail","hentry","category-societe","category-tunisie","tag-faten-kallel","tag-mehdi-ben-gharbia","tag-saida-garrach"],"yoast_head":"<!-- This site is optimized with the Yoast SEO plugin v26.6 - https:\/\/yoast.com\/wordpress\/plugins\/seo\/ -->\n<title>Demain \u00e0 Sidi Thabet : C\u00e9l\u00e9bration de la Journ\u00e9e internationale des handicap\u00e9s - Kapitalis<\/title>\n<meta name=\"robots\" content=\"index, follow, max-snippet:-1, max-image-preview:large, max-video-preview:-1\" \/>\n<link rel=\"canonical\" href=\"https:\/\/kapitalis.com\/tunisie\/2016\/12\/05\/demain-a-sidi-thabet-celebration-de-la-journee-internationale-des-handicapes\/\" \/>\n<meta property=\"og:locale\" content=\"fr_FR\" \/>\n<meta property=\"og:type\" content=\"article\" \/>\n<meta property=\"og:title\" content=\"Demain \u00e0 Sidi Thabet : C\u00e9l\u00e9bration de la Journ\u00e9e internationale des handicap\u00e9s - Kapitalis\" \/>\n<meta property=\"og:description\" content=\"L\u2019association Ga\u00efa organise un \u00e9v\u00e9nement, le mardi 6 d\u00e9cembre 2016, \u00e0 l\u2019occasion de la Journ\u00e9e internationale des handicap\u00e9s.\" \/>\n<meta property=\"og:url\" content=\"https:\/\/kapitalis.com\/tunisie\/2016\/12\/05\/demain-a-sidi-thabet-celebration-de-la-journee-internationale-des-handicapes\/\" \/>\n<meta property=\"og:site_name\" content=\"Kapitalis\" \/>\n<meta property=\"article:publisher\" content=\"https:\/\/www.facebook.com\/KapitalisInfo\/\" \/>\n<meta property=\"article:published_time\" content=\"2016-12-05T12:30:02+00:00\" \/>\n<meta property=\"og:image\" content=\"https:\/\/kapitalis.com\/tunisie\/wp-content\/uploads\/2022\/05\/kapitalis-logo-fb.png\" \/>\n\t<meta property=\"og:image:width\" content=\"1200\" \/>\n\t<meta property=\"og:image:height\" content=\"630\" \/>\n\t<meta property=\"og:image:type\" content=\"image\/png\" \/>\n<meta name=\"author\" content=\"webmaster kapitalis\" \/>\n<meta name=\"twitter:card\" content=\"summary_large_image\" \/>\n<meta name=\"twitter:creator\" content=\"@KapitalisInfo\" \/>\n<meta name=\"twitter:site\" content=\"@KapitalisInfo\" \/>\n<meta name=\"twitter:label1\" content=\"\u00c9crit par\" \/>\n\t<meta name=\"twitter:data1\" content=\"webmaster kapitalis\" \/>\n\t<meta name=\"twitter:label2\" content=\"Dur\u00e9e de lecture estim\u00e9e\" \/>\n\t<meta name=\"twitter:data2\" content=\"3 minutes\" \/>\n<script type=\"application\/ld+json\" class=\"yoast-schema-graph\">{\"@context\":\"https:\/\/schema.org\",\"@graph\":[{\"@type\":\"Article\",\"@id\":\"https:\/\/kapitalis.com\/tunisie\/2016\/12\/05\/demain-a-sidi-thabet-celebration-de-la-journee-internationale-des-handicapes\/#article\",\"isPartOf\":{\"@id\":\"https:\/\/kapitalis.com\/tunisie\/2016\/12\/05\/demain-a-sidi-thabet-celebration-de-la-journee-internationale-des-handicapes\/\"},\"author\":{\"name\":\"webmaster kapitalis\",\"@id\":\"https:\/\/kapitalis.com\/tunisie\/#\/schema\/person\/d71f33a9ca44f7bad4698210b480c8e9\"},\"headline\":\"Demain \u00e0 Sidi Thabet : C\u00e9l\u00e9bration de la Journ\u00e9e internationale des handicap\u00e9s\",\"datePublished\":\"2016-12-05T12:30:02+00:00\",\"mainEntityOfPage\":{\"@id\":\"https:\/\/kapitalis.com\/tunisie\/2016\/12\/05\/demain-a-sidi-thabet-celebration-de-la-journee-internationale-des-handicapes\/\"},\"wordCount\":530,\"commentCount\":0,\"publisher\":{\"@id\":\"https:\/\/kapitalis.com\/tunisie\/#organization\"},\"image\":{\"@id\":\"https:\/\/kapitalis.com\/tunisie\/2016\/12\/05\/demain-a-sidi-thabet-celebration-de-la-journee-internationale-des-handicapes\/#primaryimage\"},\"thumbnailUrl\":\"\",\"keywords\":[\"Faten Kallel\",\"Mehdi Ben Gharbia\",\"Sa\u00efda Garrach\"],\"articleSection\":[\"SOCIETE\",\"Tunisie\"],\"inLanguage\":\"fr-FR\",\"potentialAction\":[{\"@type\":\"CommentAction\",\"name\":\"Comment\",\"target\":[\"https:\/\/kapitalis.com\/tunisie\/2016\/12\/05\/demain-a-sidi-thabet-celebration-de-la-journee-internationale-des-handicapes\/#respond\"]}]},{\"@type\":\"WebPage\",\"@id\":\"https:\/\/kapitalis.com\/tunisie\/2016\/12\/05\/demain-a-sidi-thabet-celebration-de-la-journee-internationale-des-handicapes\/\",\"url\":\"https:\/\/kapitalis.com\/tunisie\/2016\/12\/05\/demain-a-sidi-thabet-celebration-de-la-journee-internationale-des-handicapes\/\",\"name\":\"Demain \u00e0 Sidi Thabet : C\u00e9l\u00e9bration de la Journ\u00e9e internationale des handicap\u00e9s - Kapitalis\",\"isPartOf\":{\"@id\":\"https:\/\/kapitalis.com\/tunisie\/#website\"},\"primaryImageOfPage\":{\"@id\":\"https:\/\/kapitalis.com\/tunisie\/2016\/12\/05\/demain-a-sidi-thabet-celebration-de-la-journee-internationale-des-handicapes\/#primaryimage\"},\"image\":{\"@id\":\"https:\/\/kapitalis.com\/tunisie\/2016\/12\/05\/demain-a-sidi-thabet-celebration-de-la-journee-internationale-des-handicapes\/#primaryimage\"},\"thumbnailUrl\":\"\",\"datePublished\":\"2016-12-05T12:30:02+00:00\",\"breadcrumb\":{\"@id\":\"https:\/\/kapitalis.com\/tunisie\/2016\/12\/05\/demain-a-sidi-thabet-celebration-de-la-journee-internationale-des-handicapes\/#breadcrumb\"},\"inLanguage\":\"fr-FR\",\"potentialAction\":[{\"@type\":\"ReadAction\",\"target\":[\"https:\/\/kapitalis.com\/tunisie\/2016\/12\/05\/demain-a-sidi-thabet-celebration-de-la-journee-internationale-des-handicapes\/\"]}]},{\"@type\":\"ImageObject\",\"inLanguage\":\"fr-FR\",\"@id\":\"https:\/\/kapitalis.com\/tunisie\/2016\/12\/05\/demain-a-sidi-thabet-celebration-de-la-journee-internationale-des-handicapes\/#primaryimage\",\"url\":\"\",\"contentUrl\":\"\"},{\"@type\":\"BreadcrumbList\",\"@id\":\"https:\/\/kapitalis.com\/tunisie\/2016\/12\/05\/demain-a-sidi-thabet-celebration-de-la-journee-internationale-des-handicapes\/#breadcrumb\",\"itemListElement\":[{\"@type\":\"ListItem\",\"position\":1,\"name\":\"Accueil\",\"item\":\"https:\/\/kapitalis.com\/tunisie\/\"},{\"@type\":\"ListItem\",\"position\":2,\"name\":\"Demain \u00e0 Sidi Thabet : C\u00e9l\u00e9bration de la Journ\u00e9e internationale des handicap\u00e9s\"}]},{\"@type\":\"WebSite\",\"@id\":\"https:\/\/kapitalis.com\/tunisie\/#website\",\"url\":\"https:\/\/kapitalis.com\/tunisie\/\",\"name\":\"Kapitalis\",\"description\":\"L&#039;actualit\u00e9 en Tunisie et dans le monde\",\"publisher\":{\"@id\":\"https:\/\/kapitalis.com\/tunisie\/#organization\"},\"potentialAction\":[{\"@type\":\"SearchAction\",\"target\":{\"@type\":\"EntryPoint\",\"urlTemplate\":\"https:\/\/kapitalis.com\/tunisie\/?s={search_term_string}\"},\"query-input\":{\"@type\":\"PropertyValueSpecification\",\"valueRequired\":true,\"valueName\":\"search_term_string\"}}],\"inLanguage\":\"fr-FR\"},{\"@type\":\"Organization\",\"@id\":\"https:\/\/kapitalis.com\/tunisie\/#organization\",\"name\":\"Kapitalis\",\"url\":\"https:\/\/kapitalis.com\/tunisie\/\",\"logo\":{\"@type\":\"ImageObject\",\"inLanguage\":\"fr-FR\",\"@id\":\"https:\/\/kapitalis.com\/tunisie\/#\/schema\/logo\/image\/\",\"url\":\"https:\/\/kapitalis.com\/tunisie\/wp-content\/uploads\/2022\/05\/Kapitalis-big-size.png\",\"contentUrl\":\"https:\/\/kapitalis.com\/tunisie\/wp-content\/uploads\/2022\/05\/Kapitalis-big-size.png\",\"width\":5000,\"height\":1500,\"caption\":\"Kapitalis\"},\"image\":{\"@id\":\"https:\/\/kapitalis.com\/tunisie\/#\/schema\/logo\/image\/\"},\"sameAs\":[\"https:\/\/www.facebook.com\/KapitalisInfo\/\",\"https:\/\/x.com\/KapitalisInfo\",\"https:\/\/www.youtube.com\/channel\/UC-yDYrHyfFBWWZaOw3FPg9Q\"]},{\"@type\":\"Person\",\"@id\":\"https:\/\/kapitalis.com\/tunisie\/#\/schema\/person\/d71f33a9ca44f7bad4698210b480c8e9\",\"name\":\"webmaster kapitalis\",\"url\":\"https:\/\/kapitalis.com\/tunisie\/author\/webmaster-kapitalis\/\"}]}<\/script>\n<!-- \/ Yoast SEO plugin. -->","yoast_head_json":{"title":"Demain \u00e0 Sidi Thabet : C\u00e9l\u00e9bration de la Journ\u00e9e internationale des handicap\u00e9s - Kapitalis","robots":{"index":"index","follow":"follow","max-snippet":"max-snippet:-1","max-image-preview":"max-image-preview:large","max-video-preview":"max-video-preview:-1"},"canonical":"https:\/\/kapitalis.com\/tunisie\/2016\/12\/05\/demain-a-sidi-thabet-celebration-de-la-journee-internationale-des-handicapes\/","og_locale":"fr_FR","og_type":"article","og_title":"Demain \u00e0 Sidi Thabet : C\u00e9l\u00e9bration de la Journ\u00e9e internationale des handicap\u00e9s - Kapitalis","og_description":"L\u2019association Ga\u00efa organise un \u00e9v\u00e9nement, le mardi 6 d\u00e9cembre 2016, \u00e0 l\u2019occasion de la Journ\u00e9e internationale des handicap\u00e9s.","og_url":"https:\/\/kapitalis.com\/tunisie\/2016\/12\/05\/demain-a-sidi-thabet-celebration-de-la-journee-internationale-des-handicapes\/","og_site_name":"Kapitalis","article_publisher":"https:\/\/www.facebook.com\/KapitalisInfo\/","article_published_time":"2016-12-05T12:30:02+00:00","og_image":[{"width":1200,"height":630,"url":"https:\/\/kapitalis.com\/tunisie\/wp-content\/uploads\/2022\/05\/kapitalis-logo-fb.png","type":"image\/png"}],"author":"webmaster kapitalis","twitter_card":"summary_large_image","twitter_creator":"@KapitalisInfo","twitter_site":"@KapitalisInfo","twitter_misc":{"\u00c9crit par":"webmaster kapitalis","Dur\u00e9e de lecture estim\u00e9e":"3 minutes"},"schema":{"@context":"https:\/\/schema.org","@graph":[{"@type":"Article","@id":"https:\/\/kapitalis.com\/tunisie\/2016\/12\/05\/demain-a-sidi-thabet-celebration-de-la-journee-internationale-des-handicapes\/#article","isPartOf":{"@id":"https:\/\/kapitalis.com\/tunisie\/2016\/12\/05\/demain-a-sidi-thabet-celebration-de-la-journee-internationale-des-handicapes\/"},"author":{"name":"webmaster kapitalis","@id":"https:\/\/kapitalis.com\/tunisie\/#\/schema\/person\/d71f33a9ca44f7bad4698210b480c8e9"},"headline":"Demain \u00e0 Sidi Thabet : C\u00e9l\u00e9bration de la Journ\u00e9e internationale des handicap\u00e9s","datePublished":"2016-12-05T12:30:02+00:00","mainEntityOfPage":{"@id":"https:\/\/kapitalis.com\/tunisie\/2016\/12\/05\/demain-a-sidi-thabet-celebration-de-la-journee-internationale-des-handicapes\/"},"wordCount":530,"commentCount":0,"publisher":{"@id":"https:\/\/kapitalis.com\/tunisie\/#organization"},"image":{"@id":"https:\/\/kapitalis.com\/tunisie\/2016\/12\/05\/demain-a-sidi-thabet-celebration-de-la-journee-internationale-des-handicapes\/#primaryimage"},"thumbnailUrl":"","keywords":["Faten Kallel","Mehdi Ben Gharbia","Sa\u00efda Garrach"],"articleSection":["SOCIETE","Tunisie"],"inLanguage":"fr-FR","potentialAction":[{"@type":"CommentAction","name":"Comment","target":["https:\/\/kapitalis.com\/tunisie\/2016\/12\/05\/demain-a-sidi-thabet-celebration-de-la-journee-internationale-des-handicapes\/#respond"]}]},{"@type":"WebPage","@id":"https:\/\/kapitalis.com\/tunisie\/2016\/12\/05\/demain-a-sidi-thabet-celebration-de-la-journee-internationale-des-handicapes\/","url":"https:\/\/kapitalis.com\/tunisie\/2016\/12\/05\/demain-a-sidi-thabet-celebration-de-la-journee-internationale-des-handicapes\/","name":"Demain \u00e0 Sidi Thabet : C\u00e9l\u00e9bration de la Journ\u00e9e internationale des handicap\u00e9s - Kapitalis","isPartOf":{"@id":"https:\/\/kapitalis.com\/tunisie\/#website"},"primaryImageOfPage":{"@id":"https:\/\/kapitalis.com\/tunisie\/2016\/12\/05\/demain-a-sidi-thabet-celebration-de-la-journee-internationale-des-handicapes\/#primaryimage"},"image":{"@id":"https:\/\/kapitalis.com\/tunisie\/2016\/12\/05\/demain-a-sidi-thabet-celebration-de-la-journee-internationale-des-handicapes\/#primaryimage"},"thumbnailUrl":"","datePublished":"2016-12-05T12:30:02+00:00","breadcrumb":{"@id":"https:\/\/kapitalis.com\/tunisie\/2016\/12\/05\/demain-a-sidi-thabet-celebration-de-la-journee-internationale-des-handicapes\/#breadcrumb"},"inLanguage":"fr-FR","potentialAction":[{"@type":"ReadAction","target":["https:\/\/kapitalis.com\/tunisie\/2016\/12\/05\/demain-a-sidi-thabet-celebration-de-la-journee-internationale-des-handicapes\/"]}]},{"@type":"ImageObject","inLanguage":"fr-FR","@id":"https:\/\/kapitalis.com\/tunisie\/2016\/12\/05\/demain-a-sidi-thabet-celebration-de-la-journee-internationale-des-handicapes\/#primaryimage","url":"","contentUrl":""},{"@type":"BreadcrumbList","@id":"https:\/\/kapitalis.com\/tunisie\/2016\/12\/05\/demain-a-sidi-thabet-celebration-de-la-journee-internationale-des-handicapes\/#breadcrumb","itemListElement":[{"@type":"ListItem","position":1,"name":"Accueil","item":"https:\/\/kapitalis.com\/tunisie\/"},{"@type":"ListItem","position":2,"name":"Demain \u00e0 Sidi Thabet : C\u00e9l\u00e9bration de la Journ\u00e9e internationale des handicap\u00e9s"}]},{"@type":"WebSite","@id":"https:\/\/kapitalis.com\/tunisie\/#website","url":"https:\/\/kapitalis.com\/tunisie\/","name":"Kapitalis","description":"L&#039;actualit\u00e9 en Tunisie et dans le monde","publisher":{"@id":"https:\/\/kapitalis.com\/tunisie\/#organization"},"potentialAction":[{"@type":"SearchAction","target":{"@type":"EntryPoint","urlTemplate":"https:\/\/kapitalis.com\/tunisie\/?s={search_term_string}"},"query-input":{"@type":"PropertyValueSpecification","valueRequired":true,"valueName":"search_term_string"}}],"inLanguage":"fr-FR"},{"@type":"Organization","@id":"https:\/\/kapitalis.com\/tunisie\/#organization","name":"Kapitalis","url":"https:\/\/kapitalis.com\/tunisie\/","logo":{"@type":"ImageObject","inLanguage":"fr-FR","@id":"https:\/\/kapitalis.com\/tunisie\/#\/schema\/logo\/image\/","url":"https:\/\/kapitalis.com\/tunisie\/wp-content\/uploads\/2022\/05\/Kapitalis-big-size.png","contentUrl":"https:\/\/kapitalis.com\/tunisie\/wp-content\/uploads\/2022\/05\/Kapitalis-big-size.png","width":5000,"height":1500,"caption":"Kapitalis"},"image":{"@id":"https:\/\/kapitalis.com\/tunisie\/#\/schema\/logo\/image\/"},"sameAs":["https:\/\/www.facebook.com\/KapitalisInfo\/","https:\/\/x.com\/KapitalisInfo","https:\/\/www.youtube.com\/channel\/UC-yDYrHyfFBWWZaOw3FPg9Q"]},{"@type":"Person","@id":"https:\/\/kapitalis.com\/tunisie\/#\/schema\/person\/d71f33a9ca44f7bad4698210b480c8e9","name":"webmaster kapitalis","url":"https:\/\/kapitalis.com\/tunisie\/author\/webmaster-kapitalis\/"}]}},"_links":{"self":[{"href":"https:\/\/kapitalis.com\/tunisie\/wp-json\/wp\/v2\/posts\/74413","targetHints":{"allow":["GET"]}}],"collection":[{"href":"https:\/\/kapitalis.com\/tunisie\/wp-json\/wp\/v2\/posts"}],"about":[{"href":"https:\/\/kapitalis.com\/tunisie\/wp-json\/wp\/v2\/types\/post"}],"author":[{"embeddable":true,"href":"https:\/\/kapitalis.com\/tunisie\/wp-json\/wp\/v2\/users\/8"}],"replies":[{"embeddable":true,"href":"https:\/\/kapitalis.com\/tunisie\/wp-json\/wp\/v2\/comments?post=74413"}],"version-history":[{"count":0,"href":"https:\/\/kapitalis.com\/tunisie\/wp-json\/wp\/v2\/posts\/74413\/revisions"}],"wp:featuredmedia":[{"embeddable":true,"href":"https:\/\/kapitalis.com\/tunisie\/wp-json\/wp\/v2\/media\/74414"}],"wp:attachment":[{"href":"https:\/\/kapitalis.com\/tunisie\/wp-json\/wp\/v2\/media?parent=74413"}],"wp:term":[{"taxonomy":"category","embeddable":true,"href":"https:\/\/kapitalis.com\/tunisie\/wp-json\/wp\/v2\/categories?post=74413"},{"taxonomy":"post_tag","embeddable":true,"href":"https:\/\/kapitalis.com\/tunisie\/wp-json\/wp\/v2\/tags?post=74413"}],"curies":[{"name":"wp","href":"https:\/\/api.w.org\/{rel}","templated":true}]}}