{"id":7443220,"date":"2023-04-15T10:51:16","date_gmt":"2023-04-15T09:51:16","guid":{"rendered":"https:\/\/kapitalis.com\/tunisie\/?p=7443220"},"modified":"2023-04-15T10:53:27","modified_gmt":"2023-04-15T09:53:27","slug":"jaafar-guesmi-fallouja-ma-pousse-a-revoir-mes-relations-avec-mes-enfants","status":"publish","type":"post","link":"https:\/\/kapitalis.com\/tunisie\/2023\/04\/15\/jaafar-guesmi-fallouja-ma-pousse-a-revoir-mes-relations-avec-mes-enfants\/","title":{"rendered":"Jaafar Guesmi : \u00abFallujah m&rsquo;a pouss\u00e9 \u00e0 revoir mes relations avec mes enfants\u00bb"},"content":{"rendered":"\n<p><strong><em>Interrog\u00e9 dans l\u2019\u00e9mission \u2018\u2018Essahria\u2019\u2019 sur Mosa\u00efque FM, vendredi 14 avril 2023, sur la production dramatique des t\u00e9l\u00e9visions tunisiennes durant ce mois de Ramadan, le com\u00e9dien et animateur Jaafar Guesmi n\u2019a pas cach\u00e9 son admiration pour le feuilleton \u2018\u2018Fallujah\u2019\u2019 de Saoussen Jemni sur El Hiwar Ettounsi. <a href=\"https:\/\/www.mosaiquefm.net\/ar\/%D8%AA%D9%84%D9%81%D8%B2%D8%A9-%D8%B1%D9%85%D8%B6%D8%A7%D9%86\/1153571\/%D8%AC%D8%B9%D9%81%D8%B1-%D8%A7%D9%84%D9%82%D8%A7%D8%B3%D9%85%D9%8A-%D9%81%D9%84-%D9%88%D8%AC%D8%A9-%D8%A3%D8%AB%D8%A7%D8%B1-%D8%AE%D9%88%D9%81%D9%8A-%D9%88%D8%A3%D8%B4%D8%B9%D8%B1%D9%86%D9%8A-%D8%A8%D8%AA%D9%82%D8%B5%D9%8A%D8%B1%D9%8A-%D9%85%D8%B9-%D8%A3%D8%A8%D9%86%D8%A7%D8%A6%D9%8A\" target=\"_blank\" rel=\"noreferrer noopener\">Vid\u00e9o<\/a>. <\/em><\/strong><\/p>\n\n\n\n<!--more-->\n\n\n\n<p><em>\u00abJ\u2019ai suivi les productions de Ramadan comme t\u00e9l\u00e9spectateur, car je n\u2019y ai pas contribu\u00e9 personnellement. Depuis l\u2019ann\u00e9e derni\u00e8re, on n\u2019a pas fait appel \u00e0 moi. Il faut dire que j\u2019ai d\u00e9j\u00e0 eu largement ma part durant les ann\u00e9es pr\u00e9c\u00e9dentes, et il est normal que l\u2019on fasse appel aujourd\u2019hui \u00e0 d\u2019autres\u00bb<\/em>, a d\u00e9clar\u00e9 l\u2019humoriste, com\u00e9dien et animateur t\u00e9l\u00e9, avec une humilit\u00e9 que certains trouveraient quelque peu exag\u00e9r\u00e9e.<\/p>\n\n\n\n<p><em>\u00abL\u2019\u0153uvre artistique est la propri\u00e9t\u00e9 du public qui est en droit de l\u2019interpr\u00e9ter \u00e0 sa mani\u00e8re. D\u00e8s sa diffusion, le travail du sc\u00e9nariste, du r\u00e9alisateur et des com\u00e9diens prend fin\u00bb<\/em>, a estim\u00e9 Jaafar Guesmi qui n\u2019a pas peu appr\u00e9ci\u00e9 le feuilleton <em>\u2018\u2018Fallujah\u2019\u2019<\/em>, et ce n\u2019est pas parce qu\u2019il a \u00e9t\u00e9 diffus\u00e9 par la cha\u00eene pour laquelle il travaille lui-m\u00eame, El-Hiwar Ettounsi en l\u2019occurrence, qui a r\u00e9alis\u00e9, au cours de la premi\u00e8re moiti\u00e9 de Ramadan et en prime time, les plus haut taux d\u2019audience t\u00e9l\u00e9 en Tunisie. <\/p>\n\n\n\n<p><em>\u00abCe feuilleton est un miroir qui refl\u00e8te l\u2019\u00e9tat de la soci\u00e9t\u00e9. Il y a ceux qui n\u2019aiment pas voir leur image et il y a ceux qui ont la capacit\u00e9 de la regarder. Le probl\u00e8me r\u00e9side dans les d\u00e9cisions que l\u2019on prend apr\u00e8s\u00bb<\/em>, a d\u00e9clar\u00e9 le com\u00e9dien, en ajoutant\u00a0: <em>\u00abEn tant que parent, j\u2019ai d\u00e9couvert <\/em>(en regardant <em>\u2018\u2018Fallujah\u2019\u2019<\/em>, Ndlr) <em>que je me suis tromp\u00e9 \u00e0 plusieurs reprises dans certaines situations vis-\u00e0-vis de mes enfants et je vais essayer de corriger mes erreurs \u00e0 l\u2019avenir et revoir mes relations avec eux. Certaines s\u00e9quences du feuilleton semblent parler de moi. C\u2019est comme si elles ont \u00e9t\u00e9 tourn\u00e9es chez moi\u00bb<\/em>, a-t-il dit.<\/p>\n\n\n\n<figure class=\"wp-block-embed is-type-wp-embed is-provider-kapitalis wp-block-embed-kapitalis\"><div class=\"wp-block-embed__wrapper\">\n<blockquote class=\"wp-embedded-content\" data-secret=\"bSRrnz0I1E\"><a href=\"https:\/\/kapitalis.com\/tunisie\/2023\/04\/05\/naima-el-jeni-falloujah-est-un-feuilleton-de-sensibilisation-qui-sadresse-a-tous-les-jeunes\/\">Na\u00efma El Jeni : \u00ab\u00a0Falloujah est un feuilleton de sensibilisation qui s&rsquo;adresse \u00e0 tous les jeunes\u00a0\u00bb<\/a><\/blockquote><iframe loading=\"lazy\" class=\"wp-embedded-content\" sandbox=\"allow-scripts\" security=\"restricted\" style=\"position: absolute; clip: rect(1px, 1px, 1px, 1px);\" title=\"\u00ab\u00a0Na\u00efma El Jeni : \u00ab\u00a0Falloujah est un feuilleton de sensibilisation qui s&rsquo;adresse \u00e0 tous les jeunes\u00a0\u00bb\u00a0\u00bb &#8212; Kapitalis\" src=\"https:\/\/kapitalis.com\/tunisie\/2023\/04\/05\/naima-el-jeni-falloujah-est-un-feuilleton-de-sensibilisation-qui-sadresse-a-tous-les-jeunes\/embed\/#?secret=aauySX7b9h#?secret=bSRrnz0I1E\" data-secret=\"bSRrnz0I1E\" width=\"600\" height=\"338\" frameborder=\"0\" marginwidth=\"0\" marginheight=\"0\" scrolling=\"no\"><\/iframe>\n<\/div><\/figure>\n\n\n\n<p><em>\u2018\u2018Fallujah\u2019\u2019<\/em>, rappelons-le, parle des carences de l\u2019enseignement en Tunisie, des d\u00e9rives de l\u2019adolescence et des difficult\u00e9s de communication entre les \u00e9l\u00e8ves d\u2019un c\u00f4t\u00e9, et de l\u2019autre, les parents et le cadre enseignant, sans maquillage ni fioriture, ne craignant pas de choquer les t\u00e9l\u00e9spectateurs.<\/p>\n\n\n\n<p>Jaafar Guesmi a affirm\u00e9 que ce feuilleton a suscit\u00e9 en lui une certaine crainte quant \u00e0 l\u2019avenir de ses enfants et a attir\u00e9 son attention sur des probl\u00e8mes qu\u2019il ignorait ou \u00e9vitait de regarder, tout en soulignant la n\u00e9cessit\u00e9 de r\u00e9former le syst\u00e8me \u00e9ducatif en g\u00e9n\u00e9ral et celui de l\u2019enseignement en particulier. <em>\u00abCe serait dommage que l\u2019on ne le fasse pas\u00bb<\/em>, a-t-il lanc\u00e9, en ajoutant qu\u2019il a lui-m\u00eame pr\u00e9sent\u00e9, dans son \u00e9mission <em>\u2018\u2018Saffi Qalbek\u2019\u2019<\/em> certaines histoires qui rappellent des situations pr\u00e9sent\u00e9es dans <em>\u2018\u2018Fallujah\u2019<\/em>, preuve que le feuilleton est ancr\u00e9 dans la r\u00e9alit\u00e9 tunisienne d\u2019aujourd\u2019hui et n\u2019est pas une pure production de l\u2019imagination des sc\u00e9naristes.<\/p>\n\n\n\n<p>L\u2019exp\u00e9rience de l\u2019\u00e9mission de t\u00e9l\u00e9r\u00e9alit\u00e9 <em>\u2018\u2018Saffi Qalbek\u2019\u2019 <\/em>sera poursuivie. <em>\u00abC\u2019est une responsabilit\u00e9 humaine lourde \u00e0 porter. D\u00e8s que je sentirai de la lassitude ou que je ne serai plus en mesure d\u2019apporter un plus, j\u2019y mettrais fin imm\u00e9diatement. C\u2019est pourquoi je pense arr\u00eater l\u2019\u00e9mission \u00e0 la fin de cette saison\u00bb<\/em>, a avou\u00e9 l\u2019animateur. Tout en rejetant l\u2019accusation selon laquelle il fait commerce avec les probl\u00e8mes des gens et leurs souffrances. <em>\u00abJ\u2019ai un projet humain et je ne m\u2019en d\u00e9tournerai pas\u00bb<\/em>, a-t-il tranch\u00e9.<\/p>\n\n\n\n<p class=\"has-text-align-right\"><strong>I. B.<\/strong><\/p>\n\n\n\n<figure class=\"wp-block-embed is-type-wp-embed is-provider-kapitalis wp-block-embed-kapitalis\"><div class=\"wp-block-embed__wrapper\">\n<blockquote class=\"wp-embedded-content\" data-secret=\"OohDHCBZVu\"><a href=\"https:\/\/kapitalis.com\/tunisie\/2023\/04\/04\/falloujah-portrait-sombre-dune-jeunesse-tunisienne-a-la-derive\/\">Falloujah : Portrait sombre d&rsquo;une jeunesse tunisienne \u00e0 la d\u00e9rive<\/a><\/blockquote><iframe loading=\"lazy\" class=\"wp-embedded-content\" sandbox=\"allow-scripts\" security=\"restricted\" style=\"position: absolute; clip: rect(1px, 1px, 1px, 1px);\" title=\"\u00ab\u00a0Falloujah : Portrait sombre d&rsquo;une jeunesse tunisienne \u00e0 la d\u00e9rive\u00a0\u00bb &#8212; Kapitalis\" src=\"https:\/\/kapitalis.com\/tunisie\/2023\/04\/04\/falloujah-portrait-sombre-dune-jeunesse-tunisienne-a-la-derive\/embed\/#?secret=6KZBnQdsB9#?secret=OohDHCBZVu\" data-secret=\"OohDHCBZVu\" width=\"600\" height=\"338\" frameborder=\"0\" marginwidth=\"0\" marginheight=\"0\" scrolling=\"no\"><\/iframe>\n<\/div><\/figure>\n\n\n\n<p class=\"has-text-align-right\"><strong> <\/strong><\/p>\n","protected":false},"excerpt":{"rendered":"<p>Jaafar Guesmi affirm\u00e9 que le feuilleton Fallouja a suscit\u00e9 en lui une certaine crainte quant \u00e0 l\u2019avenir de ses enfants.  <\/p>\n","protected":false},"author":8,"featured_media":7443425,"comment_status":"open","ping_status":"open","sticky":false,"template":"","format":"standard","meta":{"footnotes":""},"categories":[994,996,2433],"tags":[310,107658,107664,15988,107659,62643],"class_list":["post-7443220","post","type-post","status-publish","format-standard","has-post-thumbnail","hentry","category-culture","category-media","category-tunisie","tag-el-hiwar-ettounsi","tag-fallouja","tag-fallujah","tag-jaafar-guesmi","tag-saoussen-jemni","tag-tunisie"],"yoast_head":"<!-- This site is optimized with the Yoast SEO plugin v26.6 - https:\/\/yoast.com\/wordpress\/plugins\/seo\/ -->\n<title>Jaafar Guesmi : \u00abFallujah m&#039;a pouss\u00e9 \u00e0 revoir mes relations avec mes enfants\u00bb - Kapitalis<\/title>\n<meta name=\"robots\" content=\"index, follow, max-snippet:-1, max-image-preview:large, max-video-preview:-1\" \/>\n<link rel=\"canonical\" href=\"https:\/\/kapitalis.com\/tunisie\/2023\/04\/15\/jaafar-guesmi-fallouja-ma-pousse-a-revoir-mes-relations-avec-mes-enfants\/\" \/>\n<meta property=\"og:locale\" content=\"fr_FR\" \/>\n<meta property=\"og:type\" content=\"article\" \/>\n<meta property=\"og:title\" content=\"Jaafar Guesmi : \u00abFallujah m&#039;a pouss\u00e9 \u00e0 revoir mes relations avec mes enfants\u00bb - Kapitalis\" \/>\n<meta property=\"og:description\" content=\"Jaafar Guesmi affirm\u00e9 que le feuilleton Fallouja a suscit\u00e9 en lui une certaine crainte quant \u00e0 l\u2019avenir de ses enfants.\" \/>\n<meta property=\"og:url\" content=\"https:\/\/kapitalis.com\/tunisie\/2023\/04\/15\/jaafar-guesmi-fallouja-ma-pousse-a-revoir-mes-relations-avec-mes-enfants\/\" \/>\n<meta property=\"og:site_name\" content=\"Kapitalis\" \/>\n<meta property=\"article:publisher\" content=\"https:\/\/www.facebook.com\/KapitalisInfo\/\" \/>\n<meta property=\"article:published_time\" content=\"2023-04-15T09:51:16+00:00\" \/>\n<meta property=\"article:modified_time\" content=\"2023-04-15T09:53:27+00:00\" \/>\n<meta property=\"og:image\" content=\"https:\/\/kapitalis.com\/tunisie\/wp-content\/uploads\/2023\/04\/Jaafar-Guesmi-2.jpg\" \/>\n\t<meta property=\"og:image:width\" content=\"1200\" \/>\n\t<meta property=\"og:image:height\" content=\"630\" \/>\n\t<meta property=\"og:image:type\" content=\"image\/jpeg\" \/>\n<meta name=\"author\" content=\"webmaster kapitalis\" \/>\n<meta name=\"twitter:card\" content=\"summary_large_image\" \/>\n<meta name=\"twitter:creator\" content=\"@KapitalisInfo\" \/>\n<meta name=\"twitter:site\" content=\"@KapitalisInfo\" \/>\n<meta name=\"twitter:label1\" content=\"\u00c9crit par\" \/>\n\t<meta name=\"twitter:data1\" content=\"webmaster kapitalis\" \/>\n\t<meta name=\"twitter:label2\" content=\"Dur\u00e9e de lecture estim\u00e9e\" \/>\n\t<meta name=\"twitter:data2\" content=\"3 minutes\" \/>\n<script type=\"application\/ld+json\" class=\"yoast-schema-graph\">{\"@context\":\"https:\/\/schema.org\",\"@graph\":[{\"@type\":\"Article\",\"@id\":\"https:\/\/kapitalis.com\/tunisie\/2023\/04\/15\/jaafar-guesmi-fallouja-ma-pousse-a-revoir-mes-relations-avec-mes-enfants\/#article\",\"isPartOf\":{\"@id\":\"https:\/\/kapitalis.com\/tunisie\/2023\/04\/15\/jaafar-guesmi-fallouja-ma-pousse-a-revoir-mes-relations-avec-mes-enfants\/\"},\"author\":{\"name\":\"webmaster kapitalis\",\"@id\":\"https:\/\/kapitalis.com\/tunisie\/#\/schema\/person\/d71f33a9ca44f7bad4698210b480c8e9\"},\"headline\":\"Jaafar Guesmi : \u00abFallujah m&rsquo;a pouss\u00e9 \u00e0 revoir mes relations avec mes enfants\u00bb\",\"datePublished\":\"2023-04-15T09:51:16+00:00\",\"dateModified\":\"2023-04-15T09:53:27+00:00\",\"mainEntityOfPage\":{\"@id\":\"https:\/\/kapitalis.com\/tunisie\/2023\/04\/15\/jaafar-guesmi-fallouja-ma-pousse-a-revoir-mes-relations-avec-mes-enfants\/\"},\"wordCount\":667,\"commentCount\":0,\"publisher\":{\"@id\":\"https:\/\/kapitalis.com\/tunisie\/#organization\"},\"image\":{\"@id\":\"https:\/\/kapitalis.com\/tunisie\/2023\/04\/15\/jaafar-guesmi-fallouja-ma-pousse-a-revoir-mes-relations-avec-mes-enfants\/#primaryimage\"},\"thumbnailUrl\":\"https:\/\/kapitalis.com\/tunisie\/wp-content\/uploads\/2023\/04\/Jaafar-Guesmi-2.jpg\",\"keywords\":[\"El-Hiwar Ettounsi\",\"Fallouja\",\"Fallujah\",\"Jaafar Guesmi\",\"Saoussen Jemni\",\"Tunisie\"],\"articleSection\":[\"CULTURE\",\"MEDIA\",\"Tunisie\"],\"inLanguage\":\"fr-FR\",\"potentialAction\":[{\"@type\":\"CommentAction\",\"name\":\"Comment\",\"target\":[\"https:\/\/kapitalis.com\/tunisie\/2023\/04\/15\/jaafar-guesmi-fallouja-ma-pousse-a-revoir-mes-relations-avec-mes-enfants\/#respond\"]}]},{\"@type\":\"WebPage\",\"@id\":\"https:\/\/kapitalis.com\/tunisie\/2023\/04\/15\/jaafar-guesmi-fallouja-ma-pousse-a-revoir-mes-relations-avec-mes-enfants\/\",\"url\":\"https:\/\/kapitalis.com\/tunisie\/2023\/04\/15\/jaafar-guesmi-fallouja-ma-pousse-a-revoir-mes-relations-avec-mes-enfants\/\",\"name\":\"Jaafar Guesmi : \u00abFallujah m'a pouss\u00e9 \u00e0 revoir mes relations avec mes enfants\u00bb - Kapitalis\",\"isPartOf\":{\"@id\":\"https:\/\/kapitalis.com\/tunisie\/#website\"},\"primaryImageOfPage\":{\"@id\":\"https:\/\/kapitalis.com\/tunisie\/2023\/04\/15\/jaafar-guesmi-fallouja-ma-pousse-a-revoir-mes-relations-avec-mes-enfants\/#primaryimage\"},\"image\":{\"@id\":\"https:\/\/kapitalis.com\/tunisie\/2023\/04\/15\/jaafar-guesmi-fallouja-ma-pousse-a-revoir-mes-relations-avec-mes-enfants\/#primaryimage\"},\"thumbnailUrl\":\"https:\/\/kapitalis.com\/tunisie\/wp-content\/uploads\/2023\/04\/Jaafar-Guesmi-2.jpg\",\"datePublished\":\"2023-04-15T09:51:16+00:00\",\"dateModified\":\"2023-04-15T09:53:27+00:00\",\"breadcrumb\":{\"@id\":\"https:\/\/kapitalis.com\/tunisie\/2023\/04\/15\/jaafar-guesmi-fallouja-ma-pousse-a-revoir-mes-relations-avec-mes-enfants\/#breadcrumb\"},\"inLanguage\":\"fr-FR\",\"potentialAction\":[{\"@type\":\"ReadAction\",\"target\":[\"https:\/\/kapitalis.com\/tunisie\/2023\/04\/15\/jaafar-guesmi-fallouja-ma-pousse-a-revoir-mes-relations-avec-mes-enfants\/\"]}]},{\"@type\":\"ImageObject\",\"inLanguage\":\"fr-FR\",\"@id\":\"https:\/\/kapitalis.com\/tunisie\/2023\/04\/15\/jaafar-guesmi-fallouja-ma-pousse-a-revoir-mes-relations-avec-mes-enfants\/#primaryimage\",\"url\":\"https:\/\/kapitalis.com\/tunisie\/wp-content\/uploads\/2023\/04\/Jaafar-Guesmi-2.jpg\",\"contentUrl\":\"https:\/\/kapitalis.com\/tunisie\/wp-content\/uploads\/2023\/04\/Jaafar-Guesmi-2.jpg\",\"width\":1200,\"height\":630},{\"@type\":\"BreadcrumbList\",\"@id\":\"https:\/\/kapitalis.com\/tunisie\/2023\/04\/15\/jaafar-guesmi-fallouja-ma-pousse-a-revoir-mes-relations-avec-mes-enfants\/#breadcrumb\",\"itemListElement\":[{\"@type\":\"ListItem\",\"position\":1,\"name\":\"Accueil\",\"item\":\"https:\/\/kapitalis.com\/tunisie\/\"},{\"@type\":\"ListItem\",\"position\":2,\"name\":\"Jaafar Guesmi : \u00abFallujah m&rsquo;a pouss\u00e9 \u00e0 revoir mes relations avec mes enfants\u00bb\"}]},{\"@type\":\"WebSite\",\"@id\":\"https:\/\/kapitalis.com\/tunisie\/#website\",\"url\":\"https:\/\/kapitalis.com\/tunisie\/\",\"name\":\"Kapitalis\",\"description\":\"L&#039;actualit\u00e9 en Tunisie et dans le monde\",\"publisher\":{\"@id\":\"https:\/\/kapitalis.com\/tunisie\/#organization\"},\"potentialAction\":[{\"@type\":\"SearchAction\",\"target\":{\"@type\":\"EntryPoint\",\"urlTemplate\":\"https:\/\/kapitalis.com\/tunisie\/?s={search_term_string}\"},\"query-input\":{\"@type\":\"PropertyValueSpecification\",\"valueRequired\":true,\"valueName\":\"search_term_string\"}}],\"inLanguage\":\"fr-FR\"},{\"@type\":\"Organization\",\"@id\":\"https:\/\/kapitalis.com\/tunisie\/#organization\",\"name\":\"Kapitalis\",\"url\":\"https:\/\/kapitalis.com\/tunisie\/\",\"logo\":{\"@type\":\"ImageObject\",\"inLanguage\":\"fr-FR\",\"@id\":\"https:\/\/kapitalis.com\/tunisie\/#\/schema\/logo\/image\/\",\"url\":\"https:\/\/kapitalis.com\/tunisie\/wp-content\/uploads\/2022\/05\/Kapitalis-big-size.png\",\"contentUrl\":\"https:\/\/kapitalis.com\/tunisie\/wp-content\/uploads\/2022\/05\/Kapitalis-big-size.png\",\"width\":5000,\"height\":1500,\"caption\":\"Kapitalis\"},\"image\":{\"@id\":\"https:\/\/kapitalis.com\/tunisie\/#\/schema\/logo\/image\/\"},\"sameAs\":[\"https:\/\/www.facebook.com\/KapitalisInfo\/\",\"https:\/\/x.com\/KapitalisInfo\",\"https:\/\/www.youtube.com\/channel\/UC-yDYrHyfFBWWZaOw3FPg9Q\"]},{\"@type\":\"Person\",\"@id\":\"https:\/\/kapitalis.com\/tunisie\/#\/schema\/person\/d71f33a9ca44f7bad4698210b480c8e9\",\"name\":\"webmaster kapitalis\",\"url\":\"https:\/\/kapitalis.com\/tunisie\/author\/webmaster-kapitalis\/\"}]}<\/script>\n<!-- \/ Yoast SEO plugin. -->","yoast_head_json":{"title":"Jaafar Guesmi : \u00abFallujah m'a pouss\u00e9 \u00e0 revoir mes relations avec mes enfants\u00bb - Kapitalis","robots":{"index":"index","follow":"follow","max-snippet":"max-snippet:-1","max-image-preview":"max-image-preview:large","max-video-preview":"max-video-preview:-1"},"canonical":"https:\/\/kapitalis.com\/tunisie\/2023\/04\/15\/jaafar-guesmi-fallouja-ma-pousse-a-revoir-mes-relations-avec-mes-enfants\/","og_locale":"fr_FR","og_type":"article","og_title":"Jaafar Guesmi : \u00abFallujah m'a pouss\u00e9 \u00e0 revoir mes relations avec mes enfants\u00bb - Kapitalis","og_description":"Jaafar Guesmi affirm\u00e9 que le feuilleton Fallouja a suscit\u00e9 en lui une certaine crainte quant \u00e0 l\u2019avenir de ses enfants.","og_url":"https:\/\/kapitalis.com\/tunisie\/2023\/04\/15\/jaafar-guesmi-fallouja-ma-pousse-a-revoir-mes-relations-avec-mes-enfants\/","og_site_name":"Kapitalis","article_publisher":"https:\/\/www.facebook.com\/KapitalisInfo\/","article_published_time":"2023-04-15T09:51:16+00:00","article_modified_time":"2023-04-15T09:53:27+00:00","og_image":[{"width":1200,"height":630,"url":"https:\/\/kapitalis.com\/tunisie\/wp-content\/uploads\/2023\/04\/Jaafar-Guesmi-2.jpg","type":"image\/jpeg"}],"author":"webmaster kapitalis","twitter_card":"summary_large_image","twitter_creator":"@KapitalisInfo","twitter_site":"@KapitalisInfo","twitter_misc":{"\u00c9crit par":"webmaster kapitalis","Dur\u00e9e de lecture estim\u00e9e":"3 minutes"},"schema":{"@context":"https:\/\/schema.org","@graph":[{"@type":"Article","@id":"https:\/\/kapitalis.com\/tunisie\/2023\/04\/15\/jaafar-guesmi-fallouja-ma-pousse-a-revoir-mes-relations-avec-mes-enfants\/#article","isPartOf":{"@id":"https:\/\/kapitalis.com\/tunisie\/2023\/04\/15\/jaafar-guesmi-fallouja-ma-pousse-a-revoir-mes-relations-avec-mes-enfants\/"},"author":{"name":"webmaster kapitalis","@id":"https:\/\/kapitalis.com\/tunisie\/#\/schema\/person\/d71f33a9ca44f7bad4698210b480c8e9"},"headline":"Jaafar Guesmi : \u00abFallujah m&rsquo;a pouss\u00e9 \u00e0 revoir mes relations avec mes enfants\u00bb","datePublished":"2023-04-15T09:51:16+00:00","dateModified":"2023-04-15T09:53:27+00:00","mainEntityOfPage":{"@id":"https:\/\/kapitalis.com\/tunisie\/2023\/04\/15\/jaafar-guesmi-fallouja-ma-pousse-a-revoir-mes-relations-avec-mes-enfants\/"},"wordCount":667,"commentCount":0,"publisher":{"@id":"https:\/\/kapitalis.com\/tunisie\/#organization"},"image":{"@id":"https:\/\/kapitalis.com\/tunisie\/2023\/04\/15\/jaafar-guesmi-fallouja-ma-pousse-a-revoir-mes-relations-avec-mes-enfants\/#primaryimage"},"thumbnailUrl":"https:\/\/kapitalis.com\/tunisie\/wp-content\/uploads\/2023\/04\/Jaafar-Guesmi-2.jpg","keywords":["El-Hiwar Ettounsi","Fallouja","Fallujah","Jaafar Guesmi","Saoussen Jemni","Tunisie"],"articleSection":["CULTURE","MEDIA","Tunisie"],"inLanguage":"fr-FR","potentialAction":[{"@type":"CommentAction","name":"Comment","target":["https:\/\/kapitalis.com\/tunisie\/2023\/04\/15\/jaafar-guesmi-fallouja-ma-pousse-a-revoir-mes-relations-avec-mes-enfants\/#respond"]}]},{"@type":"WebPage","@id":"https:\/\/kapitalis.com\/tunisie\/2023\/04\/15\/jaafar-guesmi-fallouja-ma-pousse-a-revoir-mes-relations-avec-mes-enfants\/","url":"https:\/\/kapitalis.com\/tunisie\/2023\/04\/15\/jaafar-guesmi-fallouja-ma-pousse-a-revoir-mes-relations-avec-mes-enfants\/","name":"Jaafar Guesmi : \u00abFallujah m'a pouss\u00e9 \u00e0 revoir mes relations avec mes enfants\u00bb - Kapitalis","isPartOf":{"@id":"https:\/\/kapitalis.com\/tunisie\/#website"},"primaryImageOfPage":{"@id":"https:\/\/kapitalis.com\/tunisie\/2023\/04\/15\/jaafar-guesmi-fallouja-ma-pousse-a-revoir-mes-relations-avec-mes-enfants\/#primaryimage"},"image":{"@id":"https:\/\/kapitalis.com\/tunisie\/2023\/04\/15\/jaafar-guesmi-fallouja-ma-pousse-a-revoir-mes-relations-avec-mes-enfants\/#primaryimage"},"thumbnailUrl":"https:\/\/kapitalis.com\/tunisie\/wp-content\/uploads\/2023\/04\/Jaafar-Guesmi-2.jpg","datePublished":"2023-04-15T09:51:16+00:00","dateModified":"2023-04-15T09:53:27+00:00","breadcrumb":{"@id":"https:\/\/kapitalis.com\/tunisie\/2023\/04\/15\/jaafar-guesmi-fallouja-ma-pousse-a-revoir-mes-relations-avec-mes-enfants\/#breadcrumb"},"inLanguage":"fr-FR","potentialAction":[{"@type":"ReadAction","target":["https:\/\/kapitalis.com\/tunisie\/2023\/04\/15\/jaafar-guesmi-fallouja-ma-pousse-a-revoir-mes-relations-avec-mes-enfants\/"]}]},{"@type":"ImageObject","inLanguage":"fr-FR","@id":"https:\/\/kapitalis.com\/tunisie\/2023\/04\/15\/jaafar-guesmi-fallouja-ma-pousse-a-revoir-mes-relations-avec-mes-enfants\/#primaryimage","url":"https:\/\/kapitalis.com\/tunisie\/wp-content\/uploads\/2023\/04\/Jaafar-Guesmi-2.jpg","contentUrl":"https:\/\/kapitalis.com\/tunisie\/wp-content\/uploads\/2023\/04\/Jaafar-Guesmi-2.jpg","width":1200,"height":630},{"@type":"BreadcrumbList","@id":"https:\/\/kapitalis.com\/tunisie\/2023\/04\/15\/jaafar-guesmi-fallouja-ma-pousse-a-revoir-mes-relations-avec-mes-enfants\/#breadcrumb","itemListElement":[{"@type":"ListItem","position":1,"name":"Accueil","item":"https:\/\/kapitalis.com\/tunisie\/"},{"@type":"ListItem","position":2,"name":"Jaafar Guesmi : \u00abFallujah m&rsquo;a pouss\u00e9 \u00e0 revoir mes relations avec mes enfants\u00bb"}]},{"@type":"WebSite","@id":"https:\/\/kapitalis.com\/tunisie\/#website","url":"https:\/\/kapitalis.com\/tunisie\/","name":"Kapitalis","description":"L&#039;actualit\u00e9 en Tunisie et dans le monde","publisher":{"@id":"https:\/\/kapitalis.com\/tunisie\/#organization"},"potentialAction":[{"@type":"SearchAction","target":{"@type":"EntryPoint","urlTemplate":"https:\/\/kapitalis.com\/tunisie\/?s={search_term_string}"},"query-input":{"@type":"PropertyValueSpecification","valueRequired":true,"valueName":"search_term_string"}}],"inLanguage":"fr-FR"},{"@type":"Organization","@id":"https:\/\/kapitalis.com\/tunisie\/#organization","name":"Kapitalis","url":"https:\/\/kapitalis.com\/tunisie\/","logo":{"@type":"ImageObject","inLanguage":"fr-FR","@id":"https:\/\/kapitalis.com\/tunisie\/#\/schema\/logo\/image\/","url":"https:\/\/kapitalis.com\/tunisie\/wp-content\/uploads\/2022\/05\/Kapitalis-big-size.png","contentUrl":"https:\/\/kapitalis.com\/tunisie\/wp-content\/uploads\/2022\/05\/Kapitalis-big-size.png","width":5000,"height":1500,"caption":"Kapitalis"},"image":{"@id":"https:\/\/kapitalis.com\/tunisie\/#\/schema\/logo\/image\/"},"sameAs":["https:\/\/www.facebook.com\/KapitalisInfo\/","https:\/\/x.com\/KapitalisInfo","https:\/\/www.youtube.com\/channel\/UC-yDYrHyfFBWWZaOw3FPg9Q"]},{"@type":"Person","@id":"https:\/\/kapitalis.com\/tunisie\/#\/schema\/person\/d71f33a9ca44f7bad4698210b480c8e9","name":"webmaster kapitalis","url":"https:\/\/kapitalis.com\/tunisie\/author\/webmaster-kapitalis\/"}]}},"_links":{"self":[{"href":"https:\/\/kapitalis.com\/tunisie\/wp-json\/wp\/v2\/posts\/7443220","targetHints":{"allow":["GET"]}}],"collection":[{"href":"https:\/\/kapitalis.com\/tunisie\/wp-json\/wp\/v2\/posts"}],"about":[{"href":"https:\/\/kapitalis.com\/tunisie\/wp-json\/wp\/v2\/types\/post"}],"author":[{"embeddable":true,"href":"https:\/\/kapitalis.com\/tunisie\/wp-json\/wp\/v2\/users\/8"}],"replies":[{"embeddable":true,"href":"https:\/\/kapitalis.com\/tunisie\/wp-json\/wp\/v2\/comments?post=7443220"}],"version-history":[{"count":3,"href":"https:\/\/kapitalis.com\/tunisie\/wp-json\/wp\/v2\/posts\/7443220\/revisions"}],"predecessor-version":[{"id":7443515,"href":"https:\/\/kapitalis.com\/tunisie\/wp-json\/wp\/v2\/posts\/7443220\/revisions\/7443515"}],"wp:featuredmedia":[{"embeddable":true,"href":"https:\/\/kapitalis.com\/tunisie\/wp-json\/wp\/v2\/media\/7443425"}],"wp:attachment":[{"href":"https:\/\/kapitalis.com\/tunisie\/wp-json\/wp\/v2\/media?parent=7443220"}],"wp:term":[{"taxonomy":"category","embeddable":true,"href":"https:\/\/kapitalis.com\/tunisie\/wp-json\/wp\/v2\/categories?post=7443220"},{"taxonomy":"post_tag","embeddable":true,"href":"https:\/\/kapitalis.com\/tunisie\/wp-json\/wp\/v2\/tags?post=7443220"}],"curies":[{"name":"wp","href":"https:\/\/api.w.org\/{rel}","templated":true}]}}