{"id":7465,"date":"2015-07-20T10:29:49","date_gmt":"2015-07-20T09:29:49","guid":{"rendered":"http:\/\/kapitalis.com\/tunisie\/?p=7465"},"modified":"2015-07-20T10:29:49","modified_gmt":"2015-07-20T09:29:49","slug":"tunisie-arrestation-dun-agent-de-securite-lie-au-terrorisme","status":"publish","type":"post","link":"https:\/\/kapitalis.com\/tunisie\/2015\/07\/20\/tunisie-arrestation-dun-agent-de-securite-lie-au-terrorisme\/","title":{"rendered":"Tunisie: Arrestation d\u2019un agent de s\u00e9curit\u00e9 li\u00e9 au terrorisme"},"content":{"rendered":"<p><img loading=\"lazy\" decoding=\"async\" class=\"aligncenter size-full wp-image-7466\" src=\"http:\/\/kapitalis.com\/tunisie\/wp-content\/uploads\/2015\/07\/Police.jpg\" alt=\"Police\" width=\"626\" height=\"380\" \/><\/p>\n<p><em><strong>Un agent de s\u00e9curit\u00e9 a \u00e9t\u00e9 arr\u00eat\u00e9, vendredi, alors qu\u2019il tentait de quitter clandestinement la Tunisie pour s\u2019entra\u00eener dans les camps terroristes en Libye.<\/strong><\/em><\/p>\n<p><!--more--><\/p>\n<p>Selon<a href=\"http:\/\/akherkhabaronline.com\/?p=86761\" target=\"_blank\"> \u2018\u2018<em>Akherkhabaronline\u2019\u2019<\/em><\/a>, citant des sources s\u00e9curitaires, l\u2019agent est originaire de Mahdia et r\u00e9side \u00e0 Sousse. Il aurait avou\u00e9, lors de son interrogatoire, qu\u2019il avait des liens avec un membre du groupe terroriste de Soliman et qu\u2019il allait s\u2019entra\u00eener dans des camps terroristes en Libye, apr\u00e8s son retour, conduire des op\u00e9rations en Tunisie.<\/p>\n<p>Quatre autres agents de s\u00e9curit\u00e9, recrut\u00e9s entre 2012 et 2013, ont \u00e9t\u00e9 arr\u00eat\u00e9s dans cette m\u00eame affaire. Ils sont actuellement soumis \u00e0 des interrogatoires, ajoute \u2018\u2018<em>Akherkhabaronline\u2019<\/em>\u2019.<\/p>\n<p style=\"text-align: right;\"><strong>Z. A.<\/strong><\/p>\n","protected":false},"excerpt":{"rendered":"<p>Un agent de s\u00e9curit\u00e9 a \u00e9t\u00e9 arr\u00eat\u00e9, vendredi, alors qu\u2019il tentait de quitter clandestinement la Tunisie pour s\u2019entra\u00eener dans les camps terroristes en Libye.<\/p>\n","protected":false},"author":5,"featured_media":0,"comment_status":"open","ping_status":"open","sticky":false,"template":"","format":"standard","meta":{"footnotes":""},"categories":[998,2433],"tags":[3486,565],"class_list":["post-7465","post","type-post","status-publish","format-standard","hentry","category-societe","category-tunisie","tag-agent-de-securite","tag-mahdia"],"yoast_head":"<!-- This site is optimized with the Yoast SEO plugin v26.6 - https:\/\/yoast.com\/wordpress\/plugins\/seo\/ -->\n<title>Tunisie: Arrestation d\u2019un agent de s\u00e9curit\u00e9 li\u00e9 au terrorisme - Kapitalis<\/title>\n<meta name=\"robots\" content=\"index, follow, max-snippet:-1, max-image-preview:large, max-video-preview:-1\" \/>\n<link rel=\"canonical\" href=\"https:\/\/kapitalis.com\/tunisie\/2015\/07\/20\/tunisie-arrestation-dun-agent-de-securite-lie-au-terrorisme\/\" \/>\n<meta property=\"og:locale\" content=\"fr_FR\" \/>\n<meta property=\"og:type\" content=\"article\" \/>\n<meta property=\"og:title\" content=\"Tunisie: Arrestation d\u2019un agent de s\u00e9curit\u00e9 li\u00e9 au terrorisme - Kapitalis\" \/>\n<meta property=\"og:description\" content=\"Un agent de s\u00e9curit\u00e9 a \u00e9t\u00e9 arr\u00eat\u00e9, vendredi, alors qu\u2019il tentait de quitter clandestinement la Tunisie pour s\u2019entra\u00eener dans les camps terroristes en Libye.\" \/>\n<meta property=\"og:url\" content=\"https:\/\/kapitalis.com\/tunisie\/2015\/07\/20\/tunisie-arrestation-dun-agent-de-securite-lie-au-terrorisme\/\" \/>\n<meta property=\"og:site_name\" content=\"Kapitalis\" \/>\n<meta property=\"article:publisher\" content=\"https:\/\/www.facebook.com\/KapitalisInfo\/\" \/>\n<meta property=\"article:published_time\" content=\"2015-07-20T09:29:49+00:00\" \/>\n<meta property=\"og:image\" content=\"http:\/\/kapitalis.com\/tunisie\/wp-content\/uploads\/2015\/07\/Police.jpg\" \/>\n<meta name=\"author\" content=\"Ridha Elkefi\" \/>\n<meta name=\"twitter:card\" content=\"summary_large_image\" \/>\n<meta name=\"twitter:creator\" content=\"@KapitalisInfo\" \/>\n<meta name=\"twitter:site\" content=\"@KapitalisInfo\" \/>\n<meta name=\"twitter:label1\" content=\"\u00c9crit par\" \/>\n\t<meta name=\"twitter:data1\" content=\"Ridha Elkefi\" \/>\n\t<meta name=\"twitter:label2\" content=\"Dur\u00e9e de lecture estim\u00e9e\" \/>\n\t<meta name=\"twitter:data2\" content=\"1 minute\" \/>\n<script type=\"application\/ld+json\" class=\"yoast-schema-graph\">{\"@context\":\"https:\/\/schema.org\",\"@graph\":[{\"@type\":\"Article\",\"@id\":\"https:\/\/kapitalis.com\/tunisie\/2015\/07\/20\/tunisie-arrestation-dun-agent-de-securite-lie-au-terrorisme\/#article\",\"isPartOf\":{\"@id\":\"https:\/\/kapitalis.com\/tunisie\/2015\/07\/20\/tunisie-arrestation-dun-agent-de-securite-lie-au-terrorisme\/\"},\"author\":{\"name\":\"Ridha Elkefi\",\"@id\":\"https:\/\/kapitalis.com\/tunisie\/#\/schema\/person\/16627fc9b2fc0116230e88af071eebab\"},\"headline\":\"Tunisie: Arrestation d\u2019un agent de s\u00e9curit\u00e9 li\u00e9 au terrorisme\",\"datePublished\":\"2015-07-20T09:29:49+00:00\",\"mainEntityOfPage\":{\"@id\":\"https:\/\/kapitalis.com\/tunisie\/2015\/07\/20\/tunisie-arrestation-dun-agent-de-securite-lie-au-terrorisme\/\"},\"wordCount\":130,\"commentCount\":1,\"publisher\":{\"@id\":\"https:\/\/kapitalis.com\/tunisie\/#organization\"},\"image\":{\"@id\":\"https:\/\/kapitalis.com\/tunisie\/2015\/07\/20\/tunisie-arrestation-dun-agent-de-securite-lie-au-terrorisme\/#primaryimage\"},\"thumbnailUrl\":\"http:\/\/kapitalis.com\/tunisie\/wp-content\/uploads\/2015\/07\/Police.jpg\",\"keywords\":[\"agent de s\u00e9curit\u00e9\",\"Mahdia\"],\"articleSection\":[\"SOCIETE\",\"Tunisie\"],\"inLanguage\":\"fr-FR\",\"potentialAction\":[{\"@type\":\"CommentAction\",\"name\":\"Comment\",\"target\":[\"https:\/\/kapitalis.com\/tunisie\/2015\/07\/20\/tunisie-arrestation-dun-agent-de-securite-lie-au-terrorisme\/#respond\"]}]},{\"@type\":\"WebPage\",\"@id\":\"https:\/\/kapitalis.com\/tunisie\/2015\/07\/20\/tunisie-arrestation-dun-agent-de-securite-lie-au-terrorisme\/\",\"url\":\"https:\/\/kapitalis.com\/tunisie\/2015\/07\/20\/tunisie-arrestation-dun-agent-de-securite-lie-au-terrorisme\/\",\"name\":\"Tunisie: Arrestation d\u2019un agent de s\u00e9curit\u00e9 li\u00e9 au terrorisme - Kapitalis\",\"isPartOf\":{\"@id\":\"https:\/\/kapitalis.com\/tunisie\/#website\"},\"primaryImageOfPage\":{\"@id\":\"https:\/\/kapitalis.com\/tunisie\/2015\/07\/20\/tunisie-arrestation-dun-agent-de-securite-lie-au-terrorisme\/#primaryimage\"},\"image\":{\"@id\":\"https:\/\/kapitalis.com\/tunisie\/2015\/07\/20\/tunisie-arrestation-dun-agent-de-securite-lie-au-terrorisme\/#primaryimage\"},\"thumbnailUrl\":\"http:\/\/kapitalis.com\/tunisie\/wp-content\/uploads\/2015\/07\/Police.jpg\",\"datePublished\":\"2015-07-20T09:29:49+00:00\",\"breadcrumb\":{\"@id\":\"https:\/\/kapitalis.com\/tunisie\/2015\/07\/20\/tunisie-arrestation-dun-agent-de-securite-lie-au-terrorisme\/#breadcrumb\"},\"inLanguage\":\"fr-FR\",\"potentialAction\":[{\"@type\":\"ReadAction\",\"target\":[\"https:\/\/kapitalis.com\/tunisie\/2015\/07\/20\/tunisie-arrestation-dun-agent-de-securite-lie-au-terrorisme\/\"]}]},{\"@type\":\"ImageObject\",\"inLanguage\":\"fr-FR\",\"@id\":\"https:\/\/kapitalis.com\/tunisie\/2015\/07\/20\/tunisie-arrestation-dun-agent-de-securite-lie-au-terrorisme\/#primaryimage\",\"url\":\"http:\/\/kapitalis.com\/tunisie\/wp-content\/uploads\/2015\/07\/Police.jpg\",\"contentUrl\":\"http:\/\/kapitalis.com\/tunisie\/wp-content\/uploads\/2015\/07\/Police.jpg\"},{\"@type\":\"BreadcrumbList\",\"@id\":\"https:\/\/kapitalis.com\/tunisie\/2015\/07\/20\/tunisie-arrestation-dun-agent-de-securite-lie-au-terrorisme\/#breadcrumb\",\"itemListElement\":[{\"@type\":\"ListItem\",\"position\":1,\"name\":\"Accueil\",\"item\":\"https:\/\/kapitalis.com\/tunisie\/\"},{\"@type\":\"ListItem\",\"position\":2,\"name\":\"Tunisie: Arrestation d\u2019un agent de s\u00e9curit\u00e9 li\u00e9 au terrorisme\"}]},{\"@type\":\"WebSite\",\"@id\":\"https:\/\/kapitalis.com\/tunisie\/#website\",\"url\":\"https:\/\/kapitalis.com\/tunisie\/\",\"name\":\"Kapitalis\",\"description\":\"L&#039;actualit\u00e9 en Tunisie et dans le monde\",\"publisher\":{\"@id\":\"https:\/\/kapitalis.com\/tunisie\/#organization\"},\"potentialAction\":[{\"@type\":\"SearchAction\",\"target\":{\"@type\":\"EntryPoint\",\"urlTemplate\":\"https:\/\/kapitalis.com\/tunisie\/?s={search_term_string}\"},\"query-input\":{\"@type\":\"PropertyValueSpecification\",\"valueRequired\":true,\"valueName\":\"search_term_string\"}}],\"inLanguage\":\"fr-FR\"},{\"@type\":\"Organization\",\"@id\":\"https:\/\/kapitalis.com\/tunisie\/#organization\",\"name\":\"Kapitalis\",\"url\":\"https:\/\/kapitalis.com\/tunisie\/\",\"logo\":{\"@type\":\"ImageObject\",\"inLanguage\":\"fr-FR\",\"@id\":\"https:\/\/kapitalis.com\/tunisie\/#\/schema\/logo\/image\/\",\"url\":\"https:\/\/kapitalis.com\/tunisie\/wp-content\/uploads\/2022\/05\/Kapitalis-big-size.png\",\"contentUrl\":\"https:\/\/kapitalis.com\/tunisie\/wp-content\/uploads\/2022\/05\/Kapitalis-big-size.png\",\"width\":5000,\"height\":1500,\"caption\":\"Kapitalis\"},\"image\":{\"@id\":\"https:\/\/kapitalis.com\/tunisie\/#\/schema\/logo\/image\/\"},\"sameAs\":[\"https:\/\/www.facebook.com\/KapitalisInfo\/\",\"https:\/\/x.com\/KapitalisInfo\",\"https:\/\/www.youtube.com\/channel\/UC-yDYrHyfFBWWZaOw3FPg9Q\"]},{\"@type\":\"Person\",\"@id\":\"https:\/\/kapitalis.com\/tunisie\/#\/schema\/person\/16627fc9b2fc0116230e88af071eebab\",\"name\":\"Ridha Elkefi\",\"url\":\"https:\/\/kapitalis.com\/tunisie\/author\/ridha-kefi\/\"}]}<\/script>\n<!-- \/ Yoast SEO plugin. -->","yoast_head_json":{"title":"Tunisie: Arrestation d\u2019un agent de s\u00e9curit\u00e9 li\u00e9 au terrorisme - Kapitalis","robots":{"index":"index","follow":"follow","max-snippet":"max-snippet:-1","max-image-preview":"max-image-preview:large","max-video-preview":"max-video-preview:-1"},"canonical":"https:\/\/kapitalis.com\/tunisie\/2015\/07\/20\/tunisie-arrestation-dun-agent-de-securite-lie-au-terrorisme\/","og_locale":"fr_FR","og_type":"article","og_title":"Tunisie: Arrestation d\u2019un agent de s\u00e9curit\u00e9 li\u00e9 au terrorisme - Kapitalis","og_description":"Un agent de s\u00e9curit\u00e9 a \u00e9t\u00e9 arr\u00eat\u00e9, vendredi, alors qu\u2019il tentait de quitter clandestinement la Tunisie pour s\u2019entra\u00eener dans les camps terroristes en Libye.","og_url":"https:\/\/kapitalis.com\/tunisie\/2015\/07\/20\/tunisie-arrestation-dun-agent-de-securite-lie-au-terrorisme\/","og_site_name":"Kapitalis","article_publisher":"https:\/\/www.facebook.com\/KapitalisInfo\/","article_published_time":"2015-07-20T09:29:49+00:00","og_image":[{"url":"http:\/\/kapitalis.com\/tunisie\/wp-content\/uploads\/2015\/07\/Police.jpg","type":"","width":"","height":""}],"author":"Ridha Elkefi","twitter_card":"summary_large_image","twitter_creator":"@KapitalisInfo","twitter_site":"@KapitalisInfo","twitter_misc":{"\u00c9crit par":"Ridha Elkefi","Dur\u00e9e de lecture estim\u00e9e":"1 minute"},"schema":{"@context":"https:\/\/schema.org","@graph":[{"@type":"Article","@id":"https:\/\/kapitalis.com\/tunisie\/2015\/07\/20\/tunisie-arrestation-dun-agent-de-securite-lie-au-terrorisme\/#article","isPartOf":{"@id":"https:\/\/kapitalis.com\/tunisie\/2015\/07\/20\/tunisie-arrestation-dun-agent-de-securite-lie-au-terrorisme\/"},"author":{"name":"Ridha Elkefi","@id":"https:\/\/kapitalis.com\/tunisie\/#\/schema\/person\/16627fc9b2fc0116230e88af071eebab"},"headline":"Tunisie: Arrestation d\u2019un agent de s\u00e9curit\u00e9 li\u00e9 au terrorisme","datePublished":"2015-07-20T09:29:49+00:00","mainEntityOfPage":{"@id":"https:\/\/kapitalis.com\/tunisie\/2015\/07\/20\/tunisie-arrestation-dun-agent-de-securite-lie-au-terrorisme\/"},"wordCount":130,"commentCount":1,"publisher":{"@id":"https:\/\/kapitalis.com\/tunisie\/#organization"},"image":{"@id":"https:\/\/kapitalis.com\/tunisie\/2015\/07\/20\/tunisie-arrestation-dun-agent-de-securite-lie-au-terrorisme\/#primaryimage"},"thumbnailUrl":"http:\/\/kapitalis.com\/tunisie\/wp-content\/uploads\/2015\/07\/Police.jpg","keywords":["agent de s\u00e9curit\u00e9","Mahdia"],"articleSection":["SOCIETE","Tunisie"],"inLanguage":"fr-FR","potentialAction":[{"@type":"CommentAction","name":"Comment","target":["https:\/\/kapitalis.com\/tunisie\/2015\/07\/20\/tunisie-arrestation-dun-agent-de-securite-lie-au-terrorisme\/#respond"]}]},{"@type":"WebPage","@id":"https:\/\/kapitalis.com\/tunisie\/2015\/07\/20\/tunisie-arrestation-dun-agent-de-securite-lie-au-terrorisme\/","url":"https:\/\/kapitalis.com\/tunisie\/2015\/07\/20\/tunisie-arrestation-dun-agent-de-securite-lie-au-terrorisme\/","name":"Tunisie: Arrestation d\u2019un agent de s\u00e9curit\u00e9 li\u00e9 au terrorisme - Kapitalis","isPartOf":{"@id":"https:\/\/kapitalis.com\/tunisie\/#website"},"primaryImageOfPage":{"@id":"https:\/\/kapitalis.com\/tunisie\/2015\/07\/20\/tunisie-arrestation-dun-agent-de-securite-lie-au-terrorisme\/#primaryimage"},"image":{"@id":"https:\/\/kapitalis.com\/tunisie\/2015\/07\/20\/tunisie-arrestation-dun-agent-de-securite-lie-au-terrorisme\/#primaryimage"},"thumbnailUrl":"http:\/\/kapitalis.com\/tunisie\/wp-content\/uploads\/2015\/07\/Police.jpg","datePublished":"2015-07-20T09:29:49+00:00","breadcrumb":{"@id":"https:\/\/kapitalis.com\/tunisie\/2015\/07\/20\/tunisie-arrestation-dun-agent-de-securite-lie-au-terrorisme\/#breadcrumb"},"inLanguage":"fr-FR","potentialAction":[{"@type":"ReadAction","target":["https:\/\/kapitalis.com\/tunisie\/2015\/07\/20\/tunisie-arrestation-dun-agent-de-securite-lie-au-terrorisme\/"]}]},{"@type":"ImageObject","inLanguage":"fr-FR","@id":"https:\/\/kapitalis.com\/tunisie\/2015\/07\/20\/tunisie-arrestation-dun-agent-de-securite-lie-au-terrorisme\/#primaryimage","url":"http:\/\/kapitalis.com\/tunisie\/wp-content\/uploads\/2015\/07\/Police.jpg","contentUrl":"http:\/\/kapitalis.com\/tunisie\/wp-content\/uploads\/2015\/07\/Police.jpg"},{"@type":"BreadcrumbList","@id":"https:\/\/kapitalis.com\/tunisie\/2015\/07\/20\/tunisie-arrestation-dun-agent-de-securite-lie-au-terrorisme\/#breadcrumb","itemListElement":[{"@type":"ListItem","position":1,"name":"Accueil","item":"https:\/\/kapitalis.com\/tunisie\/"},{"@type":"ListItem","position":2,"name":"Tunisie: Arrestation d\u2019un agent de s\u00e9curit\u00e9 li\u00e9 au terrorisme"}]},{"@type":"WebSite","@id":"https:\/\/kapitalis.com\/tunisie\/#website","url":"https:\/\/kapitalis.com\/tunisie\/","name":"Kapitalis","description":"L&#039;actualit\u00e9 en Tunisie et dans le monde","publisher":{"@id":"https:\/\/kapitalis.com\/tunisie\/#organization"},"potentialAction":[{"@type":"SearchAction","target":{"@type":"EntryPoint","urlTemplate":"https:\/\/kapitalis.com\/tunisie\/?s={search_term_string}"},"query-input":{"@type":"PropertyValueSpecification","valueRequired":true,"valueName":"search_term_string"}}],"inLanguage":"fr-FR"},{"@type":"Organization","@id":"https:\/\/kapitalis.com\/tunisie\/#organization","name":"Kapitalis","url":"https:\/\/kapitalis.com\/tunisie\/","logo":{"@type":"ImageObject","inLanguage":"fr-FR","@id":"https:\/\/kapitalis.com\/tunisie\/#\/schema\/logo\/image\/","url":"https:\/\/kapitalis.com\/tunisie\/wp-content\/uploads\/2022\/05\/Kapitalis-big-size.png","contentUrl":"https:\/\/kapitalis.com\/tunisie\/wp-content\/uploads\/2022\/05\/Kapitalis-big-size.png","width":5000,"height":1500,"caption":"Kapitalis"},"image":{"@id":"https:\/\/kapitalis.com\/tunisie\/#\/schema\/logo\/image\/"},"sameAs":["https:\/\/www.facebook.com\/KapitalisInfo\/","https:\/\/x.com\/KapitalisInfo","https:\/\/www.youtube.com\/channel\/UC-yDYrHyfFBWWZaOw3FPg9Q"]},{"@type":"Person","@id":"https:\/\/kapitalis.com\/tunisie\/#\/schema\/person\/16627fc9b2fc0116230e88af071eebab","name":"Ridha Elkefi","url":"https:\/\/kapitalis.com\/tunisie\/author\/ridha-kefi\/"}]}},"_links":{"self":[{"href":"https:\/\/kapitalis.com\/tunisie\/wp-json\/wp\/v2\/posts\/7465","targetHints":{"allow":["GET"]}}],"collection":[{"href":"https:\/\/kapitalis.com\/tunisie\/wp-json\/wp\/v2\/posts"}],"about":[{"href":"https:\/\/kapitalis.com\/tunisie\/wp-json\/wp\/v2\/types\/post"}],"author":[{"embeddable":true,"href":"https:\/\/kapitalis.com\/tunisie\/wp-json\/wp\/v2\/users\/5"}],"replies":[{"embeddable":true,"href":"https:\/\/kapitalis.com\/tunisie\/wp-json\/wp\/v2\/comments?post=7465"}],"version-history":[{"count":0,"href":"https:\/\/kapitalis.com\/tunisie\/wp-json\/wp\/v2\/posts\/7465\/revisions"}],"wp:attachment":[{"href":"https:\/\/kapitalis.com\/tunisie\/wp-json\/wp\/v2\/media?parent=7465"}],"wp:term":[{"taxonomy":"category","embeddable":true,"href":"https:\/\/kapitalis.com\/tunisie\/wp-json\/wp\/v2\/categories?post=7465"},{"taxonomy":"post_tag","embeddable":true,"href":"https:\/\/kapitalis.com\/tunisie\/wp-json\/wp\/v2\/tags?post=7465"}],"curies":[{"name":"wp","href":"https:\/\/api.w.org\/{rel}","templated":true}]}}