{"id":7504514,"date":"2023-04-18T20:07:01","date_gmt":"2023-04-18T19:07:01","guid":{"rendered":"https:\/\/kapitalis.com\/tunisie\/?p=7504514"},"modified":"2023-04-18T20:08:42","modified_gmt":"2023-04-18T19:08:42","slug":"tunisie-ouverture-des-guichets-a-loccasion-du-conge-daid-bct","status":"publish","type":"post","link":"https:\/\/kapitalis.com\/tunisie\/2023\/04\/18\/tunisie-ouverture-des-guichets-a-loccasion-du-conge-daid-bct\/","title":{"rendered":"Tunisie : Ouverture des guichets \u00e0 l\u2019occasion du cong\u00e9 d&rsquo;A\u00efd (BCT)"},"content":{"rendered":"\n<p><em><strong>La Banque centrale de Tunisie (BCT) a annonc\u00e9 qu&rsquo;un service de caisse et de change manuel sera assur\u00e9 par les banques le vendredi 21 Avril 2023, de 9h \u00e0 12h, si le premier jour de la f\u00eate de l&rsquo;A\u00efd correspond au samedi 22  avril 2023.<\/strong><\/em><\/p>\n\n\n\n<!--more-->\n\n\n\n<p>Cette d\u00e9cision a \u00e9t\u00e9 prise en vue de permettre le bon d\u00e9roulement des transactions \u00e0 l\u2019occasion du cong\u00e9 de la f\u00eate de l\u2019A\u00efd El Fitr, ajoute la BCT, en ajoutant qu&rsquo;elle assurera, le m\u00eame jour, de 9h \u00e0 12h, un service de paiement \u00e0 son si\u00e8ge \u00e0 Tunis et dans ses succursales.<\/p>\n","protected":false},"excerpt":{"rendered":"<p>Tunisie : Ouverture des guichets \u00e0 l\u2019occasion du cong\u00e9 d&rsquo;A\u00efd (BCT)<\/p>\n","protected":false},"author":6,"featured_media":4432652,"comment_status":"open","ping_status":"open","sticky":false,"template":"","format":"standard","meta":{"footnotes":""},"categories":[998,2433],"tags":[3291,8938,135,3246,108098,62643],"class_list":["post-7504514","post","type-post","status-publish","format-standard","has-post-thumbnail","hentry","category-societe","category-tunisie","tag-aid","tag-banque-centrale-de-tunisie","tag-bct","tag-conge","tag-ouverture","tag-tunisie"],"yoast_head":"<!-- This site is optimized with the Yoast SEO plugin v26.6 - https:\/\/yoast.com\/wordpress\/plugins\/seo\/ -->\n<title>Tunisie : Ouverture des guichets \u00e0 l\u2019occasion du cong\u00e9 d&#039;A\u00efd (BCT) - Kapitalis<\/title>\n<meta name=\"description\" content=\"La Banque centrale de Tunisie (BCT) a annonc\u00e9 qu&#039;un service de caisse et de change manuel sera assur\u00e9 par les banques le vendredi 21 Avril 2023, de 9h \u00e0 12h, si le premier jour de la f\u00eate de l&#039;A\u00efd correspond au samedi 22 Avril 2023.\" \/>\n<meta name=\"robots\" content=\"index, follow, max-snippet:-1, max-image-preview:large, max-video-preview:-1\" \/>\n<link rel=\"canonical\" href=\"https:\/\/kapitalis.com\/tunisie\/2023\/04\/18\/tunisie-ouverture-des-guichets-a-loccasion-du-conge-daid-bct\/\" \/>\n<meta property=\"og:locale\" content=\"fr_FR\" \/>\n<meta property=\"og:type\" content=\"article\" \/>\n<meta property=\"og:title\" content=\"Tunisie : Ouverture des guichets \u00e0 l\u2019occasion du cong\u00e9 d&#039;A\u00efd (BCT) - Kapitalis\" \/>\n<meta property=\"og:description\" content=\"La Banque centrale de Tunisie (BCT) a annonc\u00e9 qu&#039;un service de caisse et de change manuel sera assur\u00e9 par les banques le vendredi 21 Avril 2023, de 9h \u00e0 12h, si le premier jour de la f\u00eate de l&#039;A\u00efd correspond au samedi 22 Avril 2023.\" \/>\n<meta property=\"og:url\" content=\"https:\/\/kapitalis.com\/tunisie\/2023\/04\/18\/tunisie-ouverture-des-guichets-a-loccasion-du-conge-daid-bct\/\" \/>\n<meta property=\"og:site_name\" content=\"Kapitalis\" \/>\n<meta property=\"article:publisher\" content=\"https:\/\/www.facebook.com\/KapitalisInfo\/\" \/>\n<meta property=\"article:published_time\" content=\"2023-04-18T19:07:01+00:00\" \/>\n<meta property=\"article:modified_time\" content=\"2023-04-18T19:08:42+00:00\" \/>\n<meta property=\"og:image\" content=\"https:\/\/kapitalis.com\/tunisie\/wp-content\/uploads\/2022\/10\/Banque-centrale-de-Tunisie.jpg\" \/>\n\t<meta property=\"og:image:width\" content=\"1200\" \/>\n\t<meta property=\"og:image:height\" content=\"630\" \/>\n\t<meta property=\"og:image:type\" content=\"image\/jpeg\" \/>\n<meta name=\"author\" content=\"Yusra NY\" \/>\n<meta name=\"twitter:card\" content=\"summary_large_image\" \/>\n<meta name=\"twitter:creator\" content=\"@KapitalisInfo\" \/>\n<meta name=\"twitter:site\" content=\"@KapitalisInfo\" \/>\n<meta name=\"twitter:label1\" content=\"\u00c9crit par\" \/>\n\t<meta name=\"twitter:data1\" content=\"Yusra NY\" \/>\n\t<meta name=\"twitter:label2\" content=\"Dur\u00e9e de lecture estim\u00e9e\" \/>\n\t<meta name=\"twitter:data2\" content=\"1 minute\" \/>\n<script type=\"application\/ld+json\" class=\"yoast-schema-graph\">{\"@context\":\"https:\/\/schema.org\",\"@graph\":[{\"@type\":\"Article\",\"@id\":\"https:\/\/kapitalis.com\/tunisie\/2023\/04\/18\/tunisie-ouverture-des-guichets-a-loccasion-du-conge-daid-bct\/#article\",\"isPartOf\":{\"@id\":\"https:\/\/kapitalis.com\/tunisie\/2023\/04\/18\/tunisie-ouverture-des-guichets-a-loccasion-du-conge-daid-bct\/\"},\"author\":{\"name\":\"Yusra NY\",\"@id\":\"https:\/\/kapitalis.com\/tunisie\/#\/schema\/person\/74bbde0154d49d790a92aaeac5bc01d5\"},\"headline\":\"Tunisie : Ouverture des guichets \u00e0 l\u2019occasion du cong\u00e9 d&rsquo;A\u00efd (BCT)\",\"datePublished\":\"2023-04-18T19:07:01+00:00\",\"dateModified\":\"2023-04-18T19:08:42+00:00\",\"mainEntityOfPage\":{\"@id\":\"https:\/\/kapitalis.com\/tunisie\/2023\/04\/18\/tunisie-ouverture-des-guichets-a-loccasion-du-conge-daid-bct\/\"},\"wordCount\":109,\"commentCount\":0,\"publisher\":{\"@id\":\"https:\/\/kapitalis.com\/tunisie\/#organization\"},\"image\":{\"@id\":\"https:\/\/kapitalis.com\/tunisie\/2023\/04\/18\/tunisie-ouverture-des-guichets-a-loccasion-du-conge-daid-bct\/#primaryimage\"},\"thumbnailUrl\":\"https:\/\/kapitalis.com\/tunisie\/wp-content\/uploads\/2022\/10\/Banque-centrale-de-Tunisie.jpg\",\"keywords\":[\"A\u00efd\",\"Banque centrale de Tunisie\",\"BCT\",\"cong\u00e9\",\"ouverture\",\"Tunisie\"],\"articleSection\":[\"SOCIETE\",\"Tunisie\"],\"inLanguage\":\"fr-FR\",\"potentialAction\":[{\"@type\":\"CommentAction\",\"name\":\"Comment\",\"target\":[\"https:\/\/kapitalis.com\/tunisie\/2023\/04\/18\/tunisie-ouverture-des-guichets-a-loccasion-du-conge-daid-bct\/#respond\"]}]},{\"@type\":\"WebPage\",\"@id\":\"https:\/\/kapitalis.com\/tunisie\/2023\/04\/18\/tunisie-ouverture-des-guichets-a-loccasion-du-conge-daid-bct\/\",\"url\":\"https:\/\/kapitalis.com\/tunisie\/2023\/04\/18\/tunisie-ouverture-des-guichets-a-loccasion-du-conge-daid-bct\/\",\"name\":\"Tunisie : Ouverture des guichets \u00e0 l\u2019occasion du cong\u00e9 d'A\u00efd (BCT) - Kapitalis\",\"isPartOf\":{\"@id\":\"https:\/\/kapitalis.com\/tunisie\/#website\"},\"primaryImageOfPage\":{\"@id\":\"https:\/\/kapitalis.com\/tunisie\/2023\/04\/18\/tunisie-ouverture-des-guichets-a-loccasion-du-conge-daid-bct\/#primaryimage\"},\"image\":{\"@id\":\"https:\/\/kapitalis.com\/tunisie\/2023\/04\/18\/tunisie-ouverture-des-guichets-a-loccasion-du-conge-daid-bct\/#primaryimage\"},\"thumbnailUrl\":\"https:\/\/kapitalis.com\/tunisie\/wp-content\/uploads\/2022\/10\/Banque-centrale-de-Tunisie.jpg\",\"datePublished\":\"2023-04-18T19:07:01+00:00\",\"dateModified\":\"2023-04-18T19:08:42+00:00\",\"description\":\"La Banque centrale de Tunisie (BCT) a annonc\u00e9 qu'un service de caisse et de change manuel sera assur\u00e9 par les banques le vendredi 21 Avril 2023, de 9h \u00e0 12h, si le premier jour de la f\u00eate de l'A\u00efd correspond au samedi 22 Avril 2023.\",\"breadcrumb\":{\"@id\":\"https:\/\/kapitalis.com\/tunisie\/2023\/04\/18\/tunisie-ouverture-des-guichets-a-loccasion-du-conge-daid-bct\/#breadcrumb\"},\"inLanguage\":\"fr-FR\",\"potentialAction\":[{\"@type\":\"ReadAction\",\"target\":[\"https:\/\/kapitalis.com\/tunisie\/2023\/04\/18\/tunisie-ouverture-des-guichets-a-loccasion-du-conge-daid-bct\/\"]}]},{\"@type\":\"ImageObject\",\"inLanguage\":\"fr-FR\",\"@id\":\"https:\/\/kapitalis.com\/tunisie\/2023\/04\/18\/tunisie-ouverture-des-guichets-a-loccasion-du-conge-daid-bct\/#primaryimage\",\"url\":\"https:\/\/kapitalis.com\/tunisie\/wp-content\/uploads\/2022\/10\/Banque-centrale-de-Tunisie.jpg\",\"contentUrl\":\"https:\/\/kapitalis.com\/tunisie\/wp-content\/uploads\/2022\/10\/Banque-centrale-de-Tunisie.jpg\",\"width\":1200,\"height\":630},{\"@type\":\"BreadcrumbList\",\"@id\":\"https:\/\/kapitalis.com\/tunisie\/2023\/04\/18\/tunisie-ouverture-des-guichets-a-loccasion-du-conge-daid-bct\/#breadcrumb\",\"itemListElement\":[{\"@type\":\"ListItem\",\"position\":1,\"name\":\"Accueil\",\"item\":\"https:\/\/kapitalis.com\/tunisie\/\"},{\"@type\":\"ListItem\",\"position\":2,\"name\":\"Tunisie : Ouverture des guichets \u00e0 l\u2019occasion du cong\u00e9 d&rsquo;A\u00efd (BCT)\"}]},{\"@type\":\"WebSite\",\"@id\":\"https:\/\/kapitalis.com\/tunisie\/#website\",\"url\":\"https:\/\/kapitalis.com\/tunisie\/\",\"name\":\"Kapitalis\",\"description\":\"L&#039;actualit\u00e9 en Tunisie et dans le monde\",\"publisher\":{\"@id\":\"https:\/\/kapitalis.com\/tunisie\/#organization\"},\"potentialAction\":[{\"@type\":\"SearchAction\",\"target\":{\"@type\":\"EntryPoint\",\"urlTemplate\":\"https:\/\/kapitalis.com\/tunisie\/?s={search_term_string}\"},\"query-input\":{\"@type\":\"PropertyValueSpecification\",\"valueRequired\":true,\"valueName\":\"search_term_string\"}}],\"inLanguage\":\"fr-FR\"},{\"@type\":\"Organization\",\"@id\":\"https:\/\/kapitalis.com\/tunisie\/#organization\",\"name\":\"Kapitalis\",\"url\":\"https:\/\/kapitalis.com\/tunisie\/\",\"logo\":{\"@type\":\"ImageObject\",\"inLanguage\":\"fr-FR\",\"@id\":\"https:\/\/kapitalis.com\/tunisie\/#\/schema\/logo\/image\/\",\"url\":\"https:\/\/kapitalis.com\/tunisie\/wp-content\/uploads\/2022\/05\/Kapitalis-big-size.png\",\"contentUrl\":\"https:\/\/kapitalis.com\/tunisie\/wp-content\/uploads\/2022\/05\/Kapitalis-big-size.png\",\"width\":5000,\"height\":1500,\"caption\":\"Kapitalis\"},\"image\":{\"@id\":\"https:\/\/kapitalis.com\/tunisie\/#\/schema\/logo\/image\/\"},\"sameAs\":[\"https:\/\/www.facebook.com\/KapitalisInfo\/\",\"https:\/\/x.com\/KapitalisInfo\",\"https:\/\/www.youtube.com\/channel\/UC-yDYrHyfFBWWZaOw3FPg9Q\"]},{\"@type\":\"Person\",\"@id\":\"https:\/\/kapitalis.com\/tunisie\/#\/schema\/person\/74bbde0154d49d790a92aaeac5bc01d5\",\"name\":\"Yusra NY\",\"url\":\"https:\/\/kapitalis.com\/tunisie\/author\/yuza_adam\/\"}]}<\/script>\n<!-- \/ Yoast SEO plugin. -->","yoast_head_json":{"title":"Tunisie : Ouverture des guichets \u00e0 l\u2019occasion du cong\u00e9 d'A\u00efd (BCT) - Kapitalis","description":"La Banque centrale de Tunisie (BCT) a annonc\u00e9 qu'un service de caisse et de change manuel sera assur\u00e9 par les banques le vendredi 21 Avril 2023, de 9h \u00e0 12h, si le premier jour de la f\u00eate de l'A\u00efd correspond au samedi 22 Avril 2023.","robots":{"index":"index","follow":"follow","max-snippet":"max-snippet:-1","max-image-preview":"max-image-preview:large","max-video-preview":"max-video-preview:-1"},"canonical":"https:\/\/kapitalis.com\/tunisie\/2023\/04\/18\/tunisie-ouverture-des-guichets-a-loccasion-du-conge-daid-bct\/","og_locale":"fr_FR","og_type":"article","og_title":"Tunisie : Ouverture des guichets \u00e0 l\u2019occasion du cong\u00e9 d'A\u00efd (BCT) - Kapitalis","og_description":"La Banque centrale de Tunisie (BCT) a annonc\u00e9 qu'un service de caisse et de change manuel sera assur\u00e9 par les banques le vendredi 21 Avril 2023, de 9h \u00e0 12h, si le premier jour de la f\u00eate de l'A\u00efd correspond au samedi 22 Avril 2023.","og_url":"https:\/\/kapitalis.com\/tunisie\/2023\/04\/18\/tunisie-ouverture-des-guichets-a-loccasion-du-conge-daid-bct\/","og_site_name":"Kapitalis","article_publisher":"https:\/\/www.facebook.com\/KapitalisInfo\/","article_published_time":"2023-04-18T19:07:01+00:00","article_modified_time":"2023-04-18T19:08:42+00:00","og_image":[{"width":1200,"height":630,"url":"https:\/\/kapitalis.com\/tunisie\/wp-content\/uploads\/2022\/10\/Banque-centrale-de-Tunisie.jpg","type":"image\/jpeg"}],"author":"Yusra NY","twitter_card":"summary_large_image","twitter_creator":"@KapitalisInfo","twitter_site":"@KapitalisInfo","twitter_misc":{"\u00c9crit par":"Yusra NY","Dur\u00e9e de lecture estim\u00e9e":"1 minute"},"schema":{"@context":"https:\/\/schema.org","@graph":[{"@type":"Article","@id":"https:\/\/kapitalis.com\/tunisie\/2023\/04\/18\/tunisie-ouverture-des-guichets-a-loccasion-du-conge-daid-bct\/#article","isPartOf":{"@id":"https:\/\/kapitalis.com\/tunisie\/2023\/04\/18\/tunisie-ouverture-des-guichets-a-loccasion-du-conge-daid-bct\/"},"author":{"name":"Yusra NY","@id":"https:\/\/kapitalis.com\/tunisie\/#\/schema\/person\/74bbde0154d49d790a92aaeac5bc01d5"},"headline":"Tunisie : Ouverture des guichets \u00e0 l\u2019occasion du cong\u00e9 d&rsquo;A\u00efd (BCT)","datePublished":"2023-04-18T19:07:01+00:00","dateModified":"2023-04-18T19:08:42+00:00","mainEntityOfPage":{"@id":"https:\/\/kapitalis.com\/tunisie\/2023\/04\/18\/tunisie-ouverture-des-guichets-a-loccasion-du-conge-daid-bct\/"},"wordCount":109,"commentCount":0,"publisher":{"@id":"https:\/\/kapitalis.com\/tunisie\/#organization"},"image":{"@id":"https:\/\/kapitalis.com\/tunisie\/2023\/04\/18\/tunisie-ouverture-des-guichets-a-loccasion-du-conge-daid-bct\/#primaryimage"},"thumbnailUrl":"https:\/\/kapitalis.com\/tunisie\/wp-content\/uploads\/2022\/10\/Banque-centrale-de-Tunisie.jpg","keywords":["A\u00efd","Banque centrale de Tunisie","BCT","cong\u00e9","ouverture","Tunisie"],"articleSection":["SOCIETE","Tunisie"],"inLanguage":"fr-FR","potentialAction":[{"@type":"CommentAction","name":"Comment","target":["https:\/\/kapitalis.com\/tunisie\/2023\/04\/18\/tunisie-ouverture-des-guichets-a-loccasion-du-conge-daid-bct\/#respond"]}]},{"@type":"WebPage","@id":"https:\/\/kapitalis.com\/tunisie\/2023\/04\/18\/tunisie-ouverture-des-guichets-a-loccasion-du-conge-daid-bct\/","url":"https:\/\/kapitalis.com\/tunisie\/2023\/04\/18\/tunisie-ouverture-des-guichets-a-loccasion-du-conge-daid-bct\/","name":"Tunisie : Ouverture des guichets \u00e0 l\u2019occasion du cong\u00e9 d'A\u00efd (BCT) - Kapitalis","isPartOf":{"@id":"https:\/\/kapitalis.com\/tunisie\/#website"},"primaryImageOfPage":{"@id":"https:\/\/kapitalis.com\/tunisie\/2023\/04\/18\/tunisie-ouverture-des-guichets-a-loccasion-du-conge-daid-bct\/#primaryimage"},"image":{"@id":"https:\/\/kapitalis.com\/tunisie\/2023\/04\/18\/tunisie-ouverture-des-guichets-a-loccasion-du-conge-daid-bct\/#primaryimage"},"thumbnailUrl":"https:\/\/kapitalis.com\/tunisie\/wp-content\/uploads\/2022\/10\/Banque-centrale-de-Tunisie.jpg","datePublished":"2023-04-18T19:07:01+00:00","dateModified":"2023-04-18T19:08:42+00:00","description":"La Banque centrale de Tunisie (BCT) a annonc\u00e9 qu'un service de caisse et de change manuel sera assur\u00e9 par les banques le vendredi 21 Avril 2023, de 9h \u00e0 12h, si le premier jour de la f\u00eate de l'A\u00efd correspond au samedi 22 Avril 2023.","breadcrumb":{"@id":"https:\/\/kapitalis.com\/tunisie\/2023\/04\/18\/tunisie-ouverture-des-guichets-a-loccasion-du-conge-daid-bct\/#breadcrumb"},"inLanguage":"fr-FR","potentialAction":[{"@type":"ReadAction","target":["https:\/\/kapitalis.com\/tunisie\/2023\/04\/18\/tunisie-ouverture-des-guichets-a-loccasion-du-conge-daid-bct\/"]}]},{"@type":"ImageObject","inLanguage":"fr-FR","@id":"https:\/\/kapitalis.com\/tunisie\/2023\/04\/18\/tunisie-ouverture-des-guichets-a-loccasion-du-conge-daid-bct\/#primaryimage","url":"https:\/\/kapitalis.com\/tunisie\/wp-content\/uploads\/2022\/10\/Banque-centrale-de-Tunisie.jpg","contentUrl":"https:\/\/kapitalis.com\/tunisie\/wp-content\/uploads\/2022\/10\/Banque-centrale-de-Tunisie.jpg","width":1200,"height":630},{"@type":"BreadcrumbList","@id":"https:\/\/kapitalis.com\/tunisie\/2023\/04\/18\/tunisie-ouverture-des-guichets-a-loccasion-du-conge-daid-bct\/#breadcrumb","itemListElement":[{"@type":"ListItem","position":1,"name":"Accueil","item":"https:\/\/kapitalis.com\/tunisie\/"},{"@type":"ListItem","position":2,"name":"Tunisie : Ouverture des guichets \u00e0 l\u2019occasion du cong\u00e9 d&rsquo;A\u00efd (BCT)"}]},{"@type":"WebSite","@id":"https:\/\/kapitalis.com\/tunisie\/#website","url":"https:\/\/kapitalis.com\/tunisie\/","name":"Kapitalis","description":"L&#039;actualit\u00e9 en Tunisie et dans le monde","publisher":{"@id":"https:\/\/kapitalis.com\/tunisie\/#organization"},"potentialAction":[{"@type":"SearchAction","target":{"@type":"EntryPoint","urlTemplate":"https:\/\/kapitalis.com\/tunisie\/?s={search_term_string}"},"query-input":{"@type":"PropertyValueSpecification","valueRequired":true,"valueName":"search_term_string"}}],"inLanguage":"fr-FR"},{"@type":"Organization","@id":"https:\/\/kapitalis.com\/tunisie\/#organization","name":"Kapitalis","url":"https:\/\/kapitalis.com\/tunisie\/","logo":{"@type":"ImageObject","inLanguage":"fr-FR","@id":"https:\/\/kapitalis.com\/tunisie\/#\/schema\/logo\/image\/","url":"https:\/\/kapitalis.com\/tunisie\/wp-content\/uploads\/2022\/05\/Kapitalis-big-size.png","contentUrl":"https:\/\/kapitalis.com\/tunisie\/wp-content\/uploads\/2022\/05\/Kapitalis-big-size.png","width":5000,"height":1500,"caption":"Kapitalis"},"image":{"@id":"https:\/\/kapitalis.com\/tunisie\/#\/schema\/logo\/image\/"},"sameAs":["https:\/\/www.facebook.com\/KapitalisInfo\/","https:\/\/x.com\/KapitalisInfo","https:\/\/www.youtube.com\/channel\/UC-yDYrHyfFBWWZaOw3FPg9Q"]},{"@type":"Person","@id":"https:\/\/kapitalis.com\/tunisie\/#\/schema\/person\/74bbde0154d49d790a92aaeac5bc01d5","name":"Yusra NY","url":"https:\/\/kapitalis.com\/tunisie\/author\/yuza_adam\/"}]}},"_links":{"self":[{"href":"https:\/\/kapitalis.com\/tunisie\/wp-json\/wp\/v2\/posts\/7504514","targetHints":{"allow":["GET"]}}],"collection":[{"href":"https:\/\/kapitalis.com\/tunisie\/wp-json\/wp\/v2\/posts"}],"about":[{"href":"https:\/\/kapitalis.com\/tunisie\/wp-json\/wp\/v2\/types\/post"}],"author":[{"embeddable":true,"href":"https:\/\/kapitalis.com\/tunisie\/wp-json\/wp\/v2\/users\/6"}],"replies":[{"embeddable":true,"href":"https:\/\/kapitalis.com\/tunisie\/wp-json\/wp\/v2\/comments?post=7504514"}],"version-history":[{"count":3,"href":"https:\/\/kapitalis.com\/tunisie\/wp-json\/wp\/v2\/posts\/7504514\/revisions"}],"predecessor-version":[{"id":7504579,"href":"https:\/\/kapitalis.com\/tunisie\/wp-json\/wp\/v2\/posts\/7504514\/revisions\/7504579"}],"wp:featuredmedia":[{"embeddable":true,"href":"https:\/\/kapitalis.com\/tunisie\/wp-json\/wp\/v2\/media\/4432652"}],"wp:attachment":[{"href":"https:\/\/kapitalis.com\/tunisie\/wp-json\/wp\/v2\/media?parent=7504514"}],"wp:term":[{"taxonomy":"category","embeddable":true,"href":"https:\/\/kapitalis.com\/tunisie\/wp-json\/wp\/v2\/categories?post=7504514"},{"taxonomy":"post_tag","embeddable":true,"href":"https:\/\/kapitalis.com\/tunisie\/wp-json\/wp\/v2\/tags?post=7504514"}],"curies":[{"name":"wp","href":"https:\/\/api.w.org\/{rel}","templated":true}]}}