{"id":7513102,"date":"2023-04-19T06:41:46","date_gmt":"2023-04-19T05:41:46","guid":{"rendered":"https:\/\/kapitalis.com\/tunisie\/?p=7513102"},"modified":"2023-04-19T06:41:48","modified_gmt":"2023-04-19T05:41:48","slug":"la-facilite-ife-lancera-un-nouvel-appel-a-propositions-de-projets-en-tunisie","status":"publish","type":"post","link":"https:\/\/kapitalis.com\/tunisie\/2023\/04\/19\/la-facilite-ife-lancera-un-nouvel-appel-a-propositions-de-projets-en-tunisie\/","title":{"rendered":"La Facilit\u00e9 IFE lancera un nouvel appel \u00e0 propositions de projets en Tunisie"},"content":{"rendered":"\n<p><strong><em>La Facilit\u00e9 Investissements pour l\u2019emploi (IFE) lancera un appel \u00e0 propositions de projets en Tunisie le 1er juin 2023. Les entreprises priv\u00e9es ainsi que les entit\u00e9s publiques et les organisations \u00e0 but non lucratif peuvent solliciter des subventions d\u2019un montant maximal de 10 millions d\u2019euros par projet.<\/em><\/strong><\/p>\n\n\n\n<!--more-->\n\n\n\n<p>La IFE est un m\u00e9canisme d\u2019investissement qui intervient dans huit pays partenaires en Afrique en vue d\u2019appuyer la cr\u00e9ation d\u2019emplois durables et de qualit\u00e9 dans le secteur priv\u00e9.<\/p>\n\n\n\n<p>Le 1er juin 2023 sera lanc\u00e9 un appel \u00e0 propositions de projets en Tunisie, ouvert \u00e0 tous les secteurs \u00e9conomiques.<\/p>\n\n\n\n<p>En plus de la comp\u00e9tition ouverte, une cat\u00e9gorie de projets sera consacr\u00e9e au th\u00e8me du <em>\u00abClimat\u00bb<\/em>.<\/p>\n\n\n\n<p>Les entreprises priv\u00e9es ainsi que les entit\u00e9s publiques et les organisations \u00e0 but non lucratif sont invit\u00e9es \u00e0 soumettre des propositions d\u2019investissement.<\/p>\n\n\n\n<p>Les candidatures doivent relever de l\u2019une des quatre cat\u00e9gories de projets de la Facilit\u00e9 IFE qui vont de projets purement priv\u00e9s \u00e0 des projets d\u2019infrastructure publique.<\/p>\n\n\n\n<p>La Facilit\u00e9 soutient les projets s\u00e9lectionn\u00e9s avec des subventions de cofinancement allant de 1 million \u00e0 10 millions d\u2019euros par projet. Le montant de la subvention d\u00e9pend de la cat\u00e9gorie du projet et se situe entre 25% et 90% du volume global d\u2019investissement.<\/p>\n\n\n\n<p>Il est essentiel que chaque projet contribue \u00e0 la cr\u00e9ation d\u2019emplois durables dans le secteur priv\u00e9 en Tunisie.<\/p>\n\n\n\n<p>La Facilit\u00e9 ne finance que des projets matures qui n\u2019ont pas encore \u00e9t\u00e9 lanc\u00e9s et qui offrent des chances raisonnables de durabilit\u00e9 op\u00e9rationnelle et financi\u00e8re. Les candidats peuvent postuler individuellement ou en consortium avec d\u2019autres candidats, \u00e0 condition que ces derniers soient \u00e9tablis en Afrique ou dans l\u2019UE\/AELE.<\/p>\n\n\n\n<h2 class=\"wp-block-heading\">Comment fonctionne le processus de candidature ?<\/h2>\n\n\n\n<p>Les candidatures pour l\u2019appel \u00e0 propositions de projets peuvent \u00eatre soumises du 1er jusqu\u2019au 30 juin 2023.<\/p>\n\n\n\n<p>Dans un premier temps, la Facilit\u00e9 effectuera une pr\u00e9s\u00e9lection parmi les notes conceptuelles soumises. Ensuite, les candidats pr\u00e9s\u00e9lectionn\u00e9s seront invit\u00e9s \u00e0 soumettre des propositions de projets plus d\u00e9taill\u00e9es qui feront par la suite l\u2019objet d\u2019une v\u00e9rification diligente (due diligence) d\u00e9taill\u00e9e. Les candidats retenus se verront proposer un contrat de subvention.<\/p>\n\n\n\n<p><a href=\"https:\/\/invest-for-jobs.com\/ife\" target=\"_blank\" rel=\"noreferrer noopener\">Pour plus d\u2019informations sur le processus de candidature<\/a>.<\/p>\n\n\n\n<p>Le Guide d\u2019instructions pour les candidats et les informations cl\u00e9s sp\u00e9cifiques \u00e0 cet appel \u00e0 propositions de projets ainsi que les dates des s\u00e9ances d\u2019information en ligne seront publi\u00e9s sur <a href=\"https:\/\/invest-for-jobs.com\/fr\/centre-de-telechargement\" target=\"_blank\" rel=\"noreferrer noopener\">ce lien<\/a>.<\/p>\n\n\n\n<p>Toute question concernant cet appel doit \u00eatre adress\u00e9e \u00e0 : <a href=\"mailto:cfp-ife.june2023@invest-for-jobs.com\">cfp-ife.june2023@invest-for-jobs.com<\/a>.<\/p>\n\n\n\n<p>La Facilit\u00e9 Investissements pour l\u2019emploi est un m\u00e9canisme d\u2019investissement cr\u00e9\u00e9 par la KfW Banque de D\u00e9veloppement dans le cadre de l&rsquo;Initiative sp\u00e9ciale <em>\u00abEmploi d\u00e9cent pour une transition juste\u00bb<\/em> du minist\u00e8re f\u00e9d\u00e9ral allemand de la Coop\u00e9ration \u00e9conomique et du D\u00e9veloppement (BMZ).<\/p>\n\n\n\n<p>L\u2019Initiative sp\u00e9ciale, qui op\u00e8re sous la marque Invest for Jobs, entend cr\u00e9er, en coop\u00e9ration avec les entreprises, des emplois de qualit\u00e9\u0301 et am\u00e9liorer les conditions de travail dans ses huit pays partenaires africains.<\/p>\n\n\n\n<p>Pour des informations g\u00e9n\u00e9rales et d\u2019autres offres de soutien de l\u2019Initiative sp\u00e9ciale, veuillez consulter <a href=\"https:\/\/invest-for-jobs.com\/fr\/\" target=\"_blank\" rel=\"noreferrer noopener\">ce lien<\/a>. <\/p>\n\n\n\n<p><strong><em>Communiqu\u00e9.<\/em><\/strong><\/p>\n","protected":false},"excerpt":{"rendered":"<p>IFE lancera un appel \u00e0 propositions de projets en Tunisie le 1er juin 2023. <\/p>\n","protected":false},"author":8,"featured_media":4107079,"comment_status":"open","ping_status":"open","sticky":false,"template":"","format":"standard","meta":{"footnotes":""},"categories":[995,2433],"tags":[64444,108100,85366,85364,17872,62643],"class_list":["post-7513102","post","type-post","status-publish","format-standard","has-post-thumbnail","hentry","category-economie","category-tunisie","tag-bmz","tag-emploi-decent","tag-ife","tag-invest-for-jobs","tag-kfw","tag-tunisie"],"yoast_head":"<!-- This site is optimized with the Yoast SEO plugin v26.6 - https:\/\/yoast.com\/wordpress\/plugins\/seo\/ -->\n<title>La Facilit\u00e9 IFE lancera un nouvel appel \u00e0 propositions de projets en Tunisie - Kapitalis<\/title>\n<meta name=\"robots\" content=\"index, follow, max-snippet:-1, max-image-preview:large, max-video-preview:-1\" \/>\n<link rel=\"canonical\" href=\"https:\/\/kapitalis.com\/tunisie\/2023\/04\/19\/la-facilite-ife-lancera-un-nouvel-appel-a-propositions-de-projets-en-tunisie\/\" \/>\n<meta property=\"og:locale\" content=\"fr_FR\" \/>\n<meta property=\"og:type\" content=\"article\" \/>\n<meta property=\"og:title\" content=\"La Facilit\u00e9 IFE lancera un nouvel appel \u00e0 propositions de projets en Tunisie - Kapitalis\" \/>\n<meta property=\"og:description\" content=\"IFE lancera un appel \u00e0 propositions de projets en Tunisie le 1er juin 2023.\" \/>\n<meta property=\"og:url\" content=\"https:\/\/kapitalis.com\/tunisie\/2023\/04\/19\/la-facilite-ife-lancera-un-nouvel-appel-a-propositions-de-projets-en-tunisie\/\" \/>\n<meta property=\"og:site_name\" content=\"Kapitalis\" \/>\n<meta property=\"article:publisher\" content=\"https:\/\/www.facebook.com\/KapitalisInfo\/\" \/>\n<meta property=\"article:published_time\" content=\"2023-04-19T05:41:46+00:00\" \/>\n<meta property=\"article:modified_time\" content=\"2023-04-19T05:41:48+00:00\" \/>\n<meta property=\"og:image\" content=\"https:\/\/kapitalis.com\/tunisie\/wp-content\/uploads\/2022\/09\/Invest-For-Jobs.jpg\" \/>\n\t<meta property=\"og:image:width\" content=\"1200\" \/>\n\t<meta property=\"og:image:height\" content=\"630\" \/>\n\t<meta property=\"og:image:type\" content=\"image\/jpeg\" \/>\n<meta name=\"author\" content=\"webmaster kapitalis\" \/>\n<meta name=\"twitter:card\" content=\"summary_large_image\" \/>\n<meta name=\"twitter:creator\" content=\"@KapitalisInfo\" \/>\n<meta name=\"twitter:site\" content=\"@KapitalisInfo\" \/>\n<meta name=\"twitter:label1\" content=\"\u00c9crit par\" \/>\n\t<meta name=\"twitter:data1\" content=\"webmaster kapitalis\" \/>\n\t<meta name=\"twitter:label2\" content=\"Dur\u00e9e de lecture estim\u00e9e\" \/>\n\t<meta name=\"twitter:data2\" content=\"3 minutes\" \/>\n<script type=\"application\/ld+json\" class=\"yoast-schema-graph\">{\"@context\":\"https:\/\/schema.org\",\"@graph\":[{\"@type\":\"Article\",\"@id\":\"https:\/\/kapitalis.com\/tunisie\/2023\/04\/19\/la-facilite-ife-lancera-un-nouvel-appel-a-propositions-de-projets-en-tunisie\/#article\",\"isPartOf\":{\"@id\":\"https:\/\/kapitalis.com\/tunisie\/2023\/04\/19\/la-facilite-ife-lancera-un-nouvel-appel-a-propositions-de-projets-en-tunisie\/\"},\"author\":{\"name\":\"webmaster kapitalis\",\"@id\":\"https:\/\/kapitalis.com\/tunisie\/#\/schema\/person\/d71f33a9ca44f7bad4698210b480c8e9\"},\"headline\":\"La Facilit\u00e9 IFE lancera un nouvel appel \u00e0 propositions de projets en Tunisie\",\"datePublished\":\"2023-04-19T05:41:46+00:00\",\"dateModified\":\"2023-04-19T05:41:48+00:00\",\"mainEntityOfPage\":{\"@id\":\"https:\/\/kapitalis.com\/tunisie\/2023\/04\/19\/la-facilite-ife-lancera-un-nouvel-appel-a-propositions-de-projets-en-tunisie\/\"},\"wordCount\":554,\"commentCount\":0,\"publisher\":{\"@id\":\"https:\/\/kapitalis.com\/tunisie\/#organization\"},\"image\":{\"@id\":\"https:\/\/kapitalis.com\/tunisie\/2023\/04\/19\/la-facilite-ife-lancera-un-nouvel-appel-a-propositions-de-projets-en-tunisie\/#primaryimage\"},\"thumbnailUrl\":\"https:\/\/kapitalis.com\/tunisie\/wp-content\/uploads\/2022\/09\/Invest-For-Jobs.jpg\",\"keywords\":[\"BMZ\",\"emploi d\u00e9cent\",\"IFE\",\"Invest For Jobs\",\"KfW\",\"Tunisie\"],\"articleSection\":[\"ECONOMIE\",\"Tunisie\"],\"inLanguage\":\"fr-FR\",\"potentialAction\":[{\"@type\":\"CommentAction\",\"name\":\"Comment\",\"target\":[\"https:\/\/kapitalis.com\/tunisie\/2023\/04\/19\/la-facilite-ife-lancera-un-nouvel-appel-a-propositions-de-projets-en-tunisie\/#respond\"]}]},{\"@type\":\"WebPage\",\"@id\":\"https:\/\/kapitalis.com\/tunisie\/2023\/04\/19\/la-facilite-ife-lancera-un-nouvel-appel-a-propositions-de-projets-en-tunisie\/\",\"url\":\"https:\/\/kapitalis.com\/tunisie\/2023\/04\/19\/la-facilite-ife-lancera-un-nouvel-appel-a-propositions-de-projets-en-tunisie\/\",\"name\":\"La Facilit\u00e9 IFE lancera un nouvel appel \u00e0 propositions de projets en Tunisie - Kapitalis\",\"isPartOf\":{\"@id\":\"https:\/\/kapitalis.com\/tunisie\/#website\"},\"primaryImageOfPage\":{\"@id\":\"https:\/\/kapitalis.com\/tunisie\/2023\/04\/19\/la-facilite-ife-lancera-un-nouvel-appel-a-propositions-de-projets-en-tunisie\/#primaryimage\"},\"image\":{\"@id\":\"https:\/\/kapitalis.com\/tunisie\/2023\/04\/19\/la-facilite-ife-lancera-un-nouvel-appel-a-propositions-de-projets-en-tunisie\/#primaryimage\"},\"thumbnailUrl\":\"https:\/\/kapitalis.com\/tunisie\/wp-content\/uploads\/2022\/09\/Invest-For-Jobs.jpg\",\"datePublished\":\"2023-04-19T05:41:46+00:00\",\"dateModified\":\"2023-04-19T05:41:48+00:00\",\"breadcrumb\":{\"@id\":\"https:\/\/kapitalis.com\/tunisie\/2023\/04\/19\/la-facilite-ife-lancera-un-nouvel-appel-a-propositions-de-projets-en-tunisie\/#breadcrumb\"},\"inLanguage\":\"fr-FR\",\"potentialAction\":[{\"@type\":\"ReadAction\",\"target\":[\"https:\/\/kapitalis.com\/tunisie\/2023\/04\/19\/la-facilite-ife-lancera-un-nouvel-appel-a-propositions-de-projets-en-tunisie\/\"]}]},{\"@type\":\"ImageObject\",\"inLanguage\":\"fr-FR\",\"@id\":\"https:\/\/kapitalis.com\/tunisie\/2023\/04\/19\/la-facilite-ife-lancera-un-nouvel-appel-a-propositions-de-projets-en-tunisie\/#primaryimage\",\"url\":\"https:\/\/kapitalis.com\/tunisie\/wp-content\/uploads\/2022\/09\/Invest-For-Jobs.jpg\",\"contentUrl\":\"https:\/\/kapitalis.com\/tunisie\/wp-content\/uploads\/2022\/09\/Invest-For-Jobs.jpg\",\"width\":1200,\"height\":630},{\"@type\":\"BreadcrumbList\",\"@id\":\"https:\/\/kapitalis.com\/tunisie\/2023\/04\/19\/la-facilite-ife-lancera-un-nouvel-appel-a-propositions-de-projets-en-tunisie\/#breadcrumb\",\"itemListElement\":[{\"@type\":\"ListItem\",\"position\":1,\"name\":\"Accueil\",\"item\":\"https:\/\/kapitalis.com\/tunisie\/\"},{\"@type\":\"ListItem\",\"position\":2,\"name\":\"La Facilit\u00e9 IFE lancera un nouvel appel \u00e0 propositions de projets en Tunisie\"}]},{\"@type\":\"WebSite\",\"@id\":\"https:\/\/kapitalis.com\/tunisie\/#website\",\"url\":\"https:\/\/kapitalis.com\/tunisie\/\",\"name\":\"Kapitalis\",\"description\":\"L&#039;actualit\u00e9 en Tunisie et dans le monde\",\"publisher\":{\"@id\":\"https:\/\/kapitalis.com\/tunisie\/#organization\"},\"potentialAction\":[{\"@type\":\"SearchAction\",\"target\":{\"@type\":\"EntryPoint\",\"urlTemplate\":\"https:\/\/kapitalis.com\/tunisie\/?s={search_term_string}\"},\"query-input\":{\"@type\":\"PropertyValueSpecification\",\"valueRequired\":true,\"valueName\":\"search_term_string\"}}],\"inLanguage\":\"fr-FR\"},{\"@type\":\"Organization\",\"@id\":\"https:\/\/kapitalis.com\/tunisie\/#organization\",\"name\":\"Kapitalis\",\"url\":\"https:\/\/kapitalis.com\/tunisie\/\",\"logo\":{\"@type\":\"ImageObject\",\"inLanguage\":\"fr-FR\",\"@id\":\"https:\/\/kapitalis.com\/tunisie\/#\/schema\/logo\/image\/\",\"url\":\"https:\/\/kapitalis.com\/tunisie\/wp-content\/uploads\/2022\/05\/Kapitalis-big-size.png\",\"contentUrl\":\"https:\/\/kapitalis.com\/tunisie\/wp-content\/uploads\/2022\/05\/Kapitalis-big-size.png\",\"width\":5000,\"height\":1500,\"caption\":\"Kapitalis\"},\"image\":{\"@id\":\"https:\/\/kapitalis.com\/tunisie\/#\/schema\/logo\/image\/\"},\"sameAs\":[\"https:\/\/www.facebook.com\/KapitalisInfo\/\",\"https:\/\/x.com\/KapitalisInfo\",\"https:\/\/www.youtube.com\/channel\/UC-yDYrHyfFBWWZaOw3FPg9Q\"]},{\"@type\":\"Person\",\"@id\":\"https:\/\/kapitalis.com\/tunisie\/#\/schema\/person\/d71f33a9ca44f7bad4698210b480c8e9\",\"name\":\"webmaster kapitalis\",\"url\":\"https:\/\/kapitalis.com\/tunisie\/author\/webmaster-kapitalis\/\"}]}<\/script>\n<!-- \/ Yoast SEO plugin. -->","yoast_head_json":{"title":"La Facilit\u00e9 IFE lancera un nouvel appel \u00e0 propositions de projets en Tunisie - Kapitalis","robots":{"index":"index","follow":"follow","max-snippet":"max-snippet:-1","max-image-preview":"max-image-preview:large","max-video-preview":"max-video-preview:-1"},"canonical":"https:\/\/kapitalis.com\/tunisie\/2023\/04\/19\/la-facilite-ife-lancera-un-nouvel-appel-a-propositions-de-projets-en-tunisie\/","og_locale":"fr_FR","og_type":"article","og_title":"La Facilit\u00e9 IFE lancera un nouvel appel \u00e0 propositions de projets en Tunisie - Kapitalis","og_description":"IFE lancera un appel \u00e0 propositions de projets en Tunisie le 1er juin 2023.","og_url":"https:\/\/kapitalis.com\/tunisie\/2023\/04\/19\/la-facilite-ife-lancera-un-nouvel-appel-a-propositions-de-projets-en-tunisie\/","og_site_name":"Kapitalis","article_publisher":"https:\/\/www.facebook.com\/KapitalisInfo\/","article_published_time":"2023-04-19T05:41:46+00:00","article_modified_time":"2023-04-19T05:41:48+00:00","og_image":[{"width":1200,"height":630,"url":"https:\/\/kapitalis.com\/tunisie\/wp-content\/uploads\/2022\/09\/Invest-For-Jobs.jpg","type":"image\/jpeg"}],"author":"webmaster kapitalis","twitter_card":"summary_large_image","twitter_creator":"@KapitalisInfo","twitter_site":"@KapitalisInfo","twitter_misc":{"\u00c9crit par":"webmaster kapitalis","Dur\u00e9e de lecture estim\u00e9e":"3 minutes"},"schema":{"@context":"https:\/\/schema.org","@graph":[{"@type":"Article","@id":"https:\/\/kapitalis.com\/tunisie\/2023\/04\/19\/la-facilite-ife-lancera-un-nouvel-appel-a-propositions-de-projets-en-tunisie\/#article","isPartOf":{"@id":"https:\/\/kapitalis.com\/tunisie\/2023\/04\/19\/la-facilite-ife-lancera-un-nouvel-appel-a-propositions-de-projets-en-tunisie\/"},"author":{"name":"webmaster kapitalis","@id":"https:\/\/kapitalis.com\/tunisie\/#\/schema\/person\/d71f33a9ca44f7bad4698210b480c8e9"},"headline":"La Facilit\u00e9 IFE lancera un nouvel appel \u00e0 propositions de projets en Tunisie","datePublished":"2023-04-19T05:41:46+00:00","dateModified":"2023-04-19T05:41:48+00:00","mainEntityOfPage":{"@id":"https:\/\/kapitalis.com\/tunisie\/2023\/04\/19\/la-facilite-ife-lancera-un-nouvel-appel-a-propositions-de-projets-en-tunisie\/"},"wordCount":554,"commentCount":0,"publisher":{"@id":"https:\/\/kapitalis.com\/tunisie\/#organization"},"image":{"@id":"https:\/\/kapitalis.com\/tunisie\/2023\/04\/19\/la-facilite-ife-lancera-un-nouvel-appel-a-propositions-de-projets-en-tunisie\/#primaryimage"},"thumbnailUrl":"https:\/\/kapitalis.com\/tunisie\/wp-content\/uploads\/2022\/09\/Invest-For-Jobs.jpg","keywords":["BMZ","emploi d\u00e9cent","IFE","Invest For Jobs","KfW","Tunisie"],"articleSection":["ECONOMIE","Tunisie"],"inLanguage":"fr-FR","potentialAction":[{"@type":"CommentAction","name":"Comment","target":["https:\/\/kapitalis.com\/tunisie\/2023\/04\/19\/la-facilite-ife-lancera-un-nouvel-appel-a-propositions-de-projets-en-tunisie\/#respond"]}]},{"@type":"WebPage","@id":"https:\/\/kapitalis.com\/tunisie\/2023\/04\/19\/la-facilite-ife-lancera-un-nouvel-appel-a-propositions-de-projets-en-tunisie\/","url":"https:\/\/kapitalis.com\/tunisie\/2023\/04\/19\/la-facilite-ife-lancera-un-nouvel-appel-a-propositions-de-projets-en-tunisie\/","name":"La Facilit\u00e9 IFE lancera un nouvel appel \u00e0 propositions de projets en Tunisie - Kapitalis","isPartOf":{"@id":"https:\/\/kapitalis.com\/tunisie\/#website"},"primaryImageOfPage":{"@id":"https:\/\/kapitalis.com\/tunisie\/2023\/04\/19\/la-facilite-ife-lancera-un-nouvel-appel-a-propositions-de-projets-en-tunisie\/#primaryimage"},"image":{"@id":"https:\/\/kapitalis.com\/tunisie\/2023\/04\/19\/la-facilite-ife-lancera-un-nouvel-appel-a-propositions-de-projets-en-tunisie\/#primaryimage"},"thumbnailUrl":"https:\/\/kapitalis.com\/tunisie\/wp-content\/uploads\/2022\/09\/Invest-For-Jobs.jpg","datePublished":"2023-04-19T05:41:46+00:00","dateModified":"2023-04-19T05:41:48+00:00","breadcrumb":{"@id":"https:\/\/kapitalis.com\/tunisie\/2023\/04\/19\/la-facilite-ife-lancera-un-nouvel-appel-a-propositions-de-projets-en-tunisie\/#breadcrumb"},"inLanguage":"fr-FR","potentialAction":[{"@type":"ReadAction","target":["https:\/\/kapitalis.com\/tunisie\/2023\/04\/19\/la-facilite-ife-lancera-un-nouvel-appel-a-propositions-de-projets-en-tunisie\/"]}]},{"@type":"ImageObject","inLanguage":"fr-FR","@id":"https:\/\/kapitalis.com\/tunisie\/2023\/04\/19\/la-facilite-ife-lancera-un-nouvel-appel-a-propositions-de-projets-en-tunisie\/#primaryimage","url":"https:\/\/kapitalis.com\/tunisie\/wp-content\/uploads\/2022\/09\/Invest-For-Jobs.jpg","contentUrl":"https:\/\/kapitalis.com\/tunisie\/wp-content\/uploads\/2022\/09\/Invest-For-Jobs.jpg","width":1200,"height":630},{"@type":"BreadcrumbList","@id":"https:\/\/kapitalis.com\/tunisie\/2023\/04\/19\/la-facilite-ife-lancera-un-nouvel-appel-a-propositions-de-projets-en-tunisie\/#breadcrumb","itemListElement":[{"@type":"ListItem","position":1,"name":"Accueil","item":"https:\/\/kapitalis.com\/tunisie\/"},{"@type":"ListItem","position":2,"name":"La Facilit\u00e9 IFE lancera un nouvel appel \u00e0 propositions de projets en Tunisie"}]},{"@type":"WebSite","@id":"https:\/\/kapitalis.com\/tunisie\/#website","url":"https:\/\/kapitalis.com\/tunisie\/","name":"Kapitalis","description":"L&#039;actualit\u00e9 en Tunisie et dans le monde","publisher":{"@id":"https:\/\/kapitalis.com\/tunisie\/#organization"},"potentialAction":[{"@type":"SearchAction","target":{"@type":"EntryPoint","urlTemplate":"https:\/\/kapitalis.com\/tunisie\/?s={search_term_string}"},"query-input":{"@type":"PropertyValueSpecification","valueRequired":true,"valueName":"search_term_string"}}],"inLanguage":"fr-FR"},{"@type":"Organization","@id":"https:\/\/kapitalis.com\/tunisie\/#organization","name":"Kapitalis","url":"https:\/\/kapitalis.com\/tunisie\/","logo":{"@type":"ImageObject","inLanguage":"fr-FR","@id":"https:\/\/kapitalis.com\/tunisie\/#\/schema\/logo\/image\/","url":"https:\/\/kapitalis.com\/tunisie\/wp-content\/uploads\/2022\/05\/Kapitalis-big-size.png","contentUrl":"https:\/\/kapitalis.com\/tunisie\/wp-content\/uploads\/2022\/05\/Kapitalis-big-size.png","width":5000,"height":1500,"caption":"Kapitalis"},"image":{"@id":"https:\/\/kapitalis.com\/tunisie\/#\/schema\/logo\/image\/"},"sameAs":["https:\/\/www.facebook.com\/KapitalisInfo\/","https:\/\/x.com\/KapitalisInfo","https:\/\/www.youtube.com\/channel\/UC-yDYrHyfFBWWZaOw3FPg9Q"]},{"@type":"Person","@id":"https:\/\/kapitalis.com\/tunisie\/#\/schema\/person\/d71f33a9ca44f7bad4698210b480c8e9","name":"webmaster kapitalis","url":"https:\/\/kapitalis.com\/tunisie\/author\/webmaster-kapitalis\/"}]}},"_links":{"self":[{"href":"https:\/\/kapitalis.com\/tunisie\/wp-json\/wp\/v2\/posts\/7513102","targetHints":{"allow":["GET"]}}],"collection":[{"href":"https:\/\/kapitalis.com\/tunisie\/wp-json\/wp\/v2\/posts"}],"about":[{"href":"https:\/\/kapitalis.com\/tunisie\/wp-json\/wp\/v2\/types\/post"}],"author":[{"embeddable":true,"href":"https:\/\/kapitalis.com\/tunisie\/wp-json\/wp\/v2\/users\/8"}],"replies":[{"embeddable":true,"href":"https:\/\/kapitalis.com\/tunisie\/wp-json\/wp\/v2\/comments?post=7513102"}],"version-history":[{"count":1,"href":"https:\/\/kapitalis.com\/tunisie\/wp-json\/wp\/v2\/posts\/7513102\/revisions"}],"predecessor-version":[{"id":7513172,"href":"https:\/\/kapitalis.com\/tunisie\/wp-json\/wp\/v2\/posts\/7513102\/revisions\/7513172"}],"wp:featuredmedia":[{"embeddable":true,"href":"https:\/\/kapitalis.com\/tunisie\/wp-json\/wp\/v2\/media\/4107079"}],"wp:attachment":[{"href":"https:\/\/kapitalis.com\/tunisie\/wp-json\/wp\/v2\/media?parent=7513102"}],"wp:term":[{"taxonomy":"category","embeddable":true,"href":"https:\/\/kapitalis.com\/tunisie\/wp-json\/wp\/v2\/categories?post=7513102"},{"taxonomy":"post_tag","embeddable":true,"href":"https:\/\/kapitalis.com\/tunisie\/wp-json\/wp\/v2\/tags?post=7513102"}],"curies":[{"name":"wp","href":"https:\/\/api.w.org\/{rel}","templated":true}]}}