{"id":7518342,"date":"2023-04-19T11:53:12","date_gmt":"2023-04-19T10:53:12","guid":{"rendered":"https:\/\/kapitalis.com\/tunisie\/?p=7518342"},"modified":"2023-04-19T11:53:14","modified_gmt":"2023-04-19T10:53:14","slug":"tunisie-kais-saied-relance-la-guerre-de-liberation-nationale","status":"publish","type":"post","link":"https:\/\/kapitalis.com\/tunisie\/2023\/04\/19\/tunisie-kais-saied-relance-la-guerre-de-liberation-nationale\/","title":{"rendered":"Tunisie\u00a0: Ka\u00efs Sa\u00efed relance la \u00abguerre de lib\u00e9ration nationale\u00bb"},"content":{"rendered":"\n<p><strong><em>\u00a0\u00abIl est n\u00e9cessaire que la justice tunisienne joue son r\u00f4le dans cette \u00e9tape que traverse le pays, et assume ses responsabilit\u00e9s afin de r\u00e9pondre aux aspirations des Tunisiens\u00bb, a indiqu\u00e9 le pr\u00e9sident de la r\u00e9publique Ka\u00efs Sa\u00efed, mardi 18 avril 2023, dans un discours prononc\u00e9 au Palais de Carthage, en marge des c\u00e9l\u00e9brations du 67e anniversaire de la cr\u00e9ation des forces de s\u00e9curit\u00e9 int\u00e9rieure.<\/em><\/strong><\/p>\n\n\n\n<!--more-->\n\n\n\n<p>Les forces de s\u00e9curit\u00e9 int\u00e9rieure tunisiennes ont \u00e9t\u00e9 cr\u00e9\u00e9es en 1956 et se composent de la S\u00fbret\u00e9 nationale, de la Garde nationale, des douanes, de la Protection civile, et de la Direction g\u00e9n\u00e9rale des prisons et de la r\u00e9\u00e9ducation.<\/p>\n\n\n\n<p><em>\u00abAujourd\u2019hui, nous menons ensemble sur le m\u00eame front, une guerre de lib\u00e9ration nationale afin d\u2019imposer la pleine souverainet\u00e9 de la Tunisie, sur laquelle nous ne c\u00e9derons jamais. Nous menons une guerre sans merci contre toute partie tentant de porter atteinte \u00e0 l\u2019\u00c9tat et \u00e0 ses institutions, parce qu\u2019ils n\u2019ont aucun patriotisme\u00bb<\/em>, a-t-il ajout\u00e9, laissant entendre que cette <em>\u00abguerre de lib\u00e9ration nationale\u00bb<\/em> est men\u00e9e contre les opposants qui ont \u00e9t\u00e9 arr\u00eat\u00e9s depuis le 11 f\u00e9vrier dernier et qui sont poursuivis en justice pour atteinte \u00e0 la s\u00e9curit\u00e9 de l\u2019Etat.<\/p>\n\n\n\n<p>\u00ab<em>Nous appliquons la loi et nous ne tol\u00e9rons pas que quiconque soit victime d\u2019oppression, mais nous ne laisserons pas l\u2019\u00c9tat tunisien en proie \u00e0 ceux qui le manipulent \u00e0 leur guise\u00bb<\/em>, a soulign\u00e9, en r\u00e9ponse \u00e0 ceux qui l\u2019accusent d\u2019utiliser l\u2019\u00e9tat d\u2019urgence et l\u2019\u00e9tat d\u2019exception pour r\u00e9gler des comptes politiques.<\/p>\n\n\n\n<p><em>\u00abCeux qui affichent toutes sortes de visages et \u0153uvrent par tous les moyens pour faire obstacle \u00e0 la r\u00e9alisation des revendications du peuple tunisien devraient commencer par savoir sur quel pied danser\u00bb<\/em>, a ajout\u00e9 le pr\u00e9sident Sa\u00efed, qui cible souvent dans ses discours ses opposants qu\u2019il accuse de conspiration contre le peuple et l\u2019Etat.<\/p>\n\n\n\n<p>Le pr\u00e9sident tunisien a estim\u00e9 que <em>\u00abcelui qui choisit le mensonge n\u2019a pas sa place au sein de l\u2019Etat\u00bb,<\/em> appelant \u00e0 leur faire face pour qu\u2019ils n\u2019entravent pas le processus entam\u00e9 par les Tunisiens, par allusion au processus politique qu\u2019il a entam\u00e9 lui-m\u00eame par la proclamation de l\u2019\u00e9tat d\u2019exception, le 25 juillet 2021 et que l\u2019opposition assimile \u00e0 un auto-coup d\u2019Etat. <\/p>\n\n\n\n<p>Le discours de Sa\u00efed est intervenu au lendemain de l\u2019arrestation du pr\u00e9sident du mouvement Ennahdha, Rached Ghannouchi, qui a \u00e9t\u00e9 conduit, lundi, \u00e0 la caserne d\u2019El Aouina (Tunis), sur instruction du minist\u00e8re public, relevant du P\u00f4le judiciaire de lutte contre le terrorisme.<\/p>\n\n\n\n<figure class=\"wp-block-embed is-type-wp-embed is-provider-kapitalis wp-block-embed-kapitalis\"><div class=\"wp-block-embed__wrapper\">\n<blockquote class=\"wp-embedded-content\" data-secret=\"eqh0i3km1U\"><a href=\"https:\/\/kapitalis.com\/tunisie\/2023\/04\/19\/ennahdha-a-propos-de-larrestation-de-ghannouchi-le-pouvoir-en-tunisie-vise-a-liquider-lopposition\/\">Ennahdha\u00a0\u00e0 propos de l\u2019arrestation de Ghannouchi : \u00abLe pouvoir en Tunisie vise \u00e0 liquider l\u2019opposition\u00bb<\/a><\/blockquote><iframe loading=\"lazy\" class=\"wp-embedded-content\" sandbox=\"allow-scripts\" security=\"restricted\" style=\"position: absolute; clip: rect(1px, 1px, 1px, 1px);\" title=\"\u00ab\u00a0Ennahdha\u00a0\u00e0 propos de l\u2019arrestation de Ghannouchi : \u00abLe pouvoir en Tunisie vise \u00e0 liquider l\u2019opposition\u00bb\u00a0\u00bb &#8212; Kapitalis\" src=\"https:\/\/kapitalis.com\/tunisie\/2023\/04\/19\/ennahdha-a-propos-de-larrestation-de-ghannouchi-le-pouvoir-en-tunisie-vise-a-liquider-lopposition\/embed\/#?secret=xtgQQXrrBr#?secret=eqh0i3km1U\" data-secret=\"eqh0i3km1U\" width=\"600\" height=\"338\" frameborder=\"0\" marginwidth=\"0\" marginheight=\"0\" scrolling=\"no\"><\/iframe>\n<\/div><\/figure>\n","protected":false},"excerpt":{"rendered":"<p>Ka\u00efs Sa\u00efed appelle les forces de s\u00e9curit\u00e9 int\u00e9rieure \u00e0 mener une guerre de lib\u00e9ration nationale contre les ennemis de l&rsquo;Etat.   <\/p>\n","protected":false},"author":8,"featured_media":7518431,"comment_status":"open","ping_status":"open","sticky":false,"template":"","format":"standard","meta":{"footnotes":""},"categories":[997,2433],"tags":[49543,77978,108109,76012,758,62643],"class_list":["post-7518342","post","type-post","status-publish","format-standard","has-post-thumbnail","hentry","category-politique","category-tunisie","tag-ennahdha","tag-forces-de-securite-interieure","tag-guerre-de-liberation-nationale","tag-kais-saied-2","tag-rached-ghannouchi","tag-tunisie"],"yoast_head":"<!-- This site is optimized with the Yoast SEO plugin v26.6 - https:\/\/yoast.com\/wordpress\/plugins\/seo\/ -->\n<title>Tunisie\u00a0: Ka\u00efs Sa\u00efed relance la \u00abguerre de lib\u00e9ration nationale\u00bb - Kapitalis<\/title>\n<meta name=\"robots\" content=\"index, follow, max-snippet:-1, max-image-preview:large, max-video-preview:-1\" \/>\n<link rel=\"canonical\" href=\"https:\/\/kapitalis.com\/tunisie\/2023\/04\/19\/tunisie-kais-saied-relance-la-guerre-de-liberation-nationale\/\" \/>\n<meta property=\"og:locale\" content=\"fr_FR\" \/>\n<meta property=\"og:type\" content=\"article\" \/>\n<meta property=\"og:title\" content=\"Tunisie\u00a0: Ka\u00efs Sa\u00efed relance la \u00abguerre de lib\u00e9ration nationale\u00bb - Kapitalis\" \/>\n<meta property=\"og:description\" content=\"Ka\u00efs Sa\u00efed appelle les forces de s\u00e9curit\u00e9 int\u00e9rieure \u00e0 mener une guerre de lib\u00e9ration nationale contre les ennemis de l&#039;Etat.\" \/>\n<meta property=\"og:url\" content=\"https:\/\/kapitalis.com\/tunisie\/2023\/04\/19\/tunisie-kais-saied-relance-la-guerre-de-liberation-nationale\/\" \/>\n<meta property=\"og:site_name\" content=\"Kapitalis\" \/>\n<meta property=\"article:publisher\" content=\"https:\/\/www.facebook.com\/KapitalisInfo\/\" \/>\n<meta property=\"article:published_time\" content=\"2023-04-19T10:53:12+00:00\" \/>\n<meta property=\"article:modified_time\" content=\"2023-04-19T10:53:14+00:00\" \/>\n<meta property=\"og:image\" content=\"https:\/\/kapitalis.com\/tunisie\/wp-content\/uploads\/2023\/04\/Kais-Saied-Force-de-securite-interieure.jpg\" \/>\n\t<meta property=\"og:image:width\" content=\"1200\" \/>\n\t<meta property=\"og:image:height\" content=\"630\" \/>\n\t<meta property=\"og:image:type\" content=\"image\/jpeg\" \/>\n<meta name=\"author\" content=\"webmaster kapitalis\" \/>\n<meta name=\"twitter:card\" content=\"summary_large_image\" \/>\n<meta name=\"twitter:creator\" content=\"@KapitalisInfo\" \/>\n<meta name=\"twitter:site\" content=\"@KapitalisInfo\" \/>\n<meta name=\"twitter:label1\" content=\"\u00c9crit par\" \/>\n\t<meta name=\"twitter:data1\" content=\"webmaster kapitalis\" \/>\n\t<meta name=\"twitter:label2\" content=\"Dur\u00e9e de lecture estim\u00e9e\" \/>\n\t<meta name=\"twitter:data2\" content=\"3 minutes\" \/>\n<script type=\"application\/ld+json\" class=\"yoast-schema-graph\">{\"@context\":\"https:\/\/schema.org\",\"@graph\":[{\"@type\":\"Article\",\"@id\":\"https:\/\/kapitalis.com\/tunisie\/2023\/04\/19\/tunisie-kais-saied-relance-la-guerre-de-liberation-nationale\/#article\",\"isPartOf\":{\"@id\":\"https:\/\/kapitalis.com\/tunisie\/2023\/04\/19\/tunisie-kais-saied-relance-la-guerre-de-liberation-nationale\/\"},\"author\":{\"name\":\"webmaster kapitalis\",\"@id\":\"https:\/\/kapitalis.com\/tunisie\/#\/schema\/person\/d71f33a9ca44f7bad4698210b480c8e9\"},\"headline\":\"Tunisie\u00a0: Ka\u00efs Sa\u00efed relance la \u00abguerre de lib\u00e9ration nationale\u00bb\",\"datePublished\":\"2023-04-19T10:53:12+00:00\",\"dateModified\":\"2023-04-19T10:53:14+00:00\",\"mainEntityOfPage\":{\"@id\":\"https:\/\/kapitalis.com\/tunisie\/2023\/04\/19\/tunisie-kais-saied-relance-la-guerre-de-liberation-nationale\/\"},\"wordCount\":467,\"commentCount\":2,\"publisher\":{\"@id\":\"https:\/\/kapitalis.com\/tunisie\/#organization\"},\"image\":{\"@id\":\"https:\/\/kapitalis.com\/tunisie\/2023\/04\/19\/tunisie-kais-saied-relance-la-guerre-de-liberation-nationale\/#primaryimage\"},\"thumbnailUrl\":\"https:\/\/kapitalis.com\/tunisie\/wp-content\/uploads\/2023\/04\/Kais-Saied-Force-de-securite-interieure.jpg\",\"keywords\":[\"Ennahdha\",\"forces de s\u00e9curit\u00e9 int\u00e9rieure\",\"guerre de lib\u00e9ration nationale\",\"Ka\u00efs Sa\u00efed\",\"Rached Ghannouchi\",\"Tunisie\"],\"articleSection\":[\"POLITIQUE\",\"Tunisie\"],\"inLanguage\":\"fr-FR\",\"potentialAction\":[{\"@type\":\"CommentAction\",\"name\":\"Comment\",\"target\":[\"https:\/\/kapitalis.com\/tunisie\/2023\/04\/19\/tunisie-kais-saied-relance-la-guerre-de-liberation-nationale\/#respond\"]}]},{\"@type\":\"WebPage\",\"@id\":\"https:\/\/kapitalis.com\/tunisie\/2023\/04\/19\/tunisie-kais-saied-relance-la-guerre-de-liberation-nationale\/\",\"url\":\"https:\/\/kapitalis.com\/tunisie\/2023\/04\/19\/tunisie-kais-saied-relance-la-guerre-de-liberation-nationale\/\",\"name\":\"Tunisie\u00a0: Ka\u00efs Sa\u00efed relance la \u00abguerre de lib\u00e9ration nationale\u00bb - Kapitalis\",\"isPartOf\":{\"@id\":\"https:\/\/kapitalis.com\/tunisie\/#website\"},\"primaryImageOfPage\":{\"@id\":\"https:\/\/kapitalis.com\/tunisie\/2023\/04\/19\/tunisie-kais-saied-relance-la-guerre-de-liberation-nationale\/#primaryimage\"},\"image\":{\"@id\":\"https:\/\/kapitalis.com\/tunisie\/2023\/04\/19\/tunisie-kais-saied-relance-la-guerre-de-liberation-nationale\/#primaryimage\"},\"thumbnailUrl\":\"https:\/\/kapitalis.com\/tunisie\/wp-content\/uploads\/2023\/04\/Kais-Saied-Force-de-securite-interieure.jpg\",\"datePublished\":\"2023-04-19T10:53:12+00:00\",\"dateModified\":\"2023-04-19T10:53:14+00:00\",\"breadcrumb\":{\"@id\":\"https:\/\/kapitalis.com\/tunisie\/2023\/04\/19\/tunisie-kais-saied-relance-la-guerre-de-liberation-nationale\/#breadcrumb\"},\"inLanguage\":\"fr-FR\",\"potentialAction\":[{\"@type\":\"ReadAction\",\"target\":[\"https:\/\/kapitalis.com\/tunisie\/2023\/04\/19\/tunisie-kais-saied-relance-la-guerre-de-liberation-nationale\/\"]}]},{\"@type\":\"ImageObject\",\"inLanguage\":\"fr-FR\",\"@id\":\"https:\/\/kapitalis.com\/tunisie\/2023\/04\/19\/tunisie-kais-saied-relance-la-guerre-de-liberation-nationale\/#primaryimage\",\"url\":\"https:\/\/kapitalis.com\/tunisie\/wp-content\/uploads\/2023\/04\/Kais-Saied-Force-de-securite-interieure.jpg\",\"contentUrl\":\"https:\/\/kapitalis.com\/tunisie\/wp-content\/uploads\/2023\/04\/Kais-Saied-Force-de-securite-interieure.jpg\",\"width\":1200,\"height\":630},{\"@type\":\"BreadcrumbList\",\"@id\":\"https:\/\/kapitalis.com\/tunisie\/2023\/04\/19\/tunisie-kais-saied-relance-la-guerre-de-liberation-nationale\/#breadcrumb\",\"itemListElement\":[{\"@type\":\"ListItem\",\"position\":1,\"name\":\"Accueil\",\"item\":\"https:\/\/kapitalis.com\/tunisie\/\"},{\"@type\":\"ListItem\",\"position\":2,\"name\":\"Tunisie\u00a0: Ka\u00efs Sa\u00efed relance la \u00abguerre de lib\u00e9ration nationale\u00bb\"}]},{\"@type\":\"WebSite\",\"@id\":\"https:\/\/kapitalis.com\/tunisie\/#website\",\"url\":\"https:\/\/kapitalis.com\/tunisie\/\",\"name\":\"Kapitalis\",\"description\":\"L&#039;actualit\u00e9 en Tunisie et dans le monde\",\"publisher\":{\"@id\":\"https:\/\/kapitalis.com\/tunisie\/#organization\"},\"potentialAction\":[{\"@type\":\"SearchAction\",\"target\":{\"@type\":\"EntryPoint\",\"urlTemplate\":\"https:\/\/kapitalis.com\/tunisie\/?s={search_term_string}\"},\"query-input\":{\"@type\":\"PropertyValueSpecification\",\"valueRequired\":true,\"valueName\":\"search_term_string\"}}],\"inLanguage\":\"fr-FR\"},{\"@type\":\"Organization\",\"@id\":\"https:\/\/kapitalis.com\/tunisie\/#organization\",\"name\":\"Kapitalis\",\"url\":\"https:\/\/kapitalis.com\/tunisie\/\",\"logo\":{\"@type\":\"ImageObject\",\"inLanguage\":\"fr-FR\",\"@id\":\"https:\/\/kapitalis.com\/tunisie\/#\/schema\/logo\/image\/\",\"url\":\"https:\/\/kapitalis.com\/tunisie\/wp-content\/uploads\/2022\/05\/Kapitalis-big-size.png\",\"contentUrl\":\"https:\/\/kapitalis.com\/tunisie\/wp-content\/uploads\/2022\/05\/Kapitalis-big-size.png\",\"width\":5000,\"height\":1500,\"caption\":\"Kapitalis\"},\"image\":{\"@id\":\"https:\/\/kapitalis.com\/tunisie\/#\/schema\/logo\/image\/\"},\"sameAs\":[\"https:\/\/www.facebook.com\/KapitalisInfo\/\",\"https:\/\/x.com\/KapitalisInfo\",\"https:\/\/www.youtube.com\/channel\/UC-yDYrHyfFBWWZaOw3FPg9Q\"]},{\"@type\":\"Person\",\"@id\":\"https:\/\/kapitalis.com\/tunisie\/#\/schema\/person\/d71f33a9ca44f7bad4698210b480c8e9\",\"name\":\"webmaster kapitalis\",\"url\":\"https:\/\/kapitalis.com\/tunisie\/author\/webmaster-kapitalis\/\"}]}<\/script>\n<!-- \/ Yoast SEO plugin. -->","yoast_head_json":{"title":"Tunisie\u00a0: Ka\u00efs Sa\u00efed relance la \u00abguerre de lib\u00e9ration nationale\u00bb - Kapitalis","robots":{"index":"index","follow":"follow","max-snippet":"max-snippet:-1","max-image-preview":"max-image-preview:large","max-video-preview":"max-video-preview:-1"},"canonical":"https:\/\/kapitalis.com\/tunisie\/2023\/04\/19\/tunisie-kais-saied-relance-la-guerre-de-liberation-nationale\/","og_locale":"fr_FR","og_type":"article","og_title":"Tunisie\u00a0: Ka\u00efs Sa\u00efed relance la \u00abguerre de lib\u00e9ration nationale\u00bb - Kapitalis","og_description":"Ka\u00efs Sa\u00efed appelle les forces de s\u00e9curit\u00e9 int\u00e9rieure \u00e0 mener une guerre de lib\u00e9ration nationale contre les ennemis de l'Etat.","og_url":"https:\/\/kapitalis.com\/tunisie\/2023\/04\/19\/tunisie-kais-saied-relance-la-guerre-de-liberation-nationale\/","og_site_name":"Kapitalis","article_publisher":"https:\/\/www.facebook.com\/KapitalisInfo\/","article_published_time":"2023-04-19T10:53:12+00:00","article_modified_time":"2023-04-19T10:53:14+00:00","og_image":[{"width":1200,"height":630,"url":"https:\/\/kapitalis.com\/tunisie\/wp-content\/uploads\/2023\/04\/Kais-Saied-Force-de-securite-interieure.jpg","type":"image\/jpeg"}],"author":"webmaster kapitalis","twitter_card":"summary_large_image","twitter_creator":"@KapitalisInfo","twitter_site":"@KapitalisInfo","twitter_misc":{"\u00c9crit par":"webmaster kapitalis","Dur\u00e9e de lecture estim\u00e9e":"3 minutes"},"schema":{"@context":"https:\/\/schema.org","@graph":[{"@type":"Article","@id":"https:\/\/kapitalis.com\/tunisie\/2023\/04\/19\/tunisie-kais-saied-relance-la-guerre-de-liberation-nationale\/#article","isPartOf":{"@id":"https:\/\/kapitalis.com\/tunisie\/2023\/04\/19\/tunisie-kais-saied-relance-la-guerre-de-liberation-nationale\/"},"author":{"name":"webmaster kapitalis","@id":"https:\/\/kapitalis.com\/tunisie\/#\/schema\/person\/d71f33a9ca44f7bad4698210b480c8e9"},"headline":"Tunisie\u00a0: Ka\u00efs Sa\u00efed relance la \u00abguerre de lib\u00e9ration nationale\u00bb","datePublished":"2023-04-19T10:53:12+00:00","dateModified":"2023-04-19T10:53:14+00:00","mainEntityOfPage":{"@id":"https:\/\/kapitalis.com\/tunisie\/2023\/04\/19\/tunisie-kais-saied-relance-la-guerre-de-liberation-nationale\/"},"wordCount":467,"commentCount":2,"publisher":{"@id":"https:\/\/kapitalis.com\/tunisie\/#organization"},"image":{"@id":"https:\/\/kapitalis.com\/tunisie\/2023\/04\/19\/tunisie-kais-saied-relance-la-guerre-de-liberation-nationale\/#primaryimage"},"thumbnailUrl":"https:\/\/kapitalis.com\/tunisie\/wp-content\/uploads\/2023\/04\/Kais-Saied-Force-de-securite-interieure.jpg","keywords":["Ennahdha","forces de s\u00e9curit\u00e9 int\u00e9rieure","guerre de lib\u00e9ration nationale","Ka\u00efs Sa\u00efed","Rached Ghannouchi","Tunisie"],"articleSection":["POLITIQUE","Tunisie"],"inLanguage":"fr-FR","potentialAction":[{"@type":"CommentAction","name":"Comment","target":["https:\/\/kapitalis.com\/tunisie\/2023\/04\/19\/tunisie-kais-saied-relance-la-guerre-de-liberation-nationale\/#respond"]}]},{"@type":"WebPage","@id":"https:\/\/kapitalis.com\/tunisie\/2023\/04\/19\/tunisie-kais-saied-relance-la-guerre-de-liberation-nationale\/","url":"https:\/\/kapitalis.com\/tunisie\/2023\/04\/19\/tunisie-kais-saied-relance-la-guerre-de-liberation-nationale\/","name":"Tunisie\u00a0: Ka\u00efs Sa\u00efed relance la \u00abguerre de lib\u00e9ration nationale\u00bb - Kapitalis","isPartOf":{"@id":"https:\/\/kapitalis.com\/tunisie\/#website"},"primaryImageOfPage":{"@id":"https:\/\/kapitalis.com\/tunisie\/2023\/04\/19\/tunisie-kais-saied-relance-la-guerre-de-liberation-nationale\/#primaryimage"},"image":{"@id":"https:\/\/kapitalis.com\/tunisie\/2023\/04\/19\/tunisie-kais-saied-relance-la-guerre-de-liberation-nationale\/#primaryimage"},"thumbnailUrl":"https:\/\/kapitalis.com\/tunisie\/wp-content\/uploads\/2023\/04\/Kais-Saied-Force-de-securite-interieure.jpg","datePublished":"2023-04-19T10:53:12+00:00","dateModified":"2023-04-19T10:53:14+00:00","breadcrumb":{"@id":"https:\/\/kapitalis.com\/tunisie\/2023\/04\/19\/tunisie-kais-saied-relance-la-guerre-de-liberation-nationale\/#breadcrumb"},"inLanguage":"fr-FR","potentialAction":[{"@type":"ReadAction","target":["https:\/\/kapitalis.com\/tunisie\/2023\/04\/19\/tunisie-kais-saied-relance-la-guerre-de-liberation-nationale\/"]}]},{"@type":"ImageObject","inLanguage":"fr-FR","@id":"https:\/\/kapitalis.com\/tunisie\/2023\/04\/19\/tunisie-kais-saied-relance-la-guerre-de-liberation-nationale\/#primaryimage","url":"https:\/\/kapitalis.com\/tunisie\/wp-content\/uploads\/2023\/04\/Kais-Saied-Force-de-securite-interieure.jpg","contentUrl":"https:\/\/kapitalis.com\/tunisie\/wp-content\/uploads\/2023\/04\/Kais-Saied-Force-de-securite-interieure.jpg","width":1200,"height":630},{"@type":"BreadcrumbList","@id":"https:\/\/kapitalis.com\/tunisie\/2023\/04\/19\/tunisie-kais-saied-relance-la-guerre-de-liberation-nationale\/#breadcrumb","itemListElement":[{"@type":"ListItem","position":1,"name":"Accueil","item":"https:\/\/kapitalis.com\/tunisie\/"},{"@type":"ListItem","position":2,"name":"Tunisie\u00a0: Ka\u00efs Sa\u00efed relance la \u00abguerre de lib\u00e9ration nationale\u00bb"}]},{"@type":"WebSite","@id":"https:\/\/kapitalis.com\/tunisie\/#website","url":"https:\/\/kapitalis.com\/tunisie\/","name":"Kapitalis","description":"L&#039;actualit\u00e9 en Tunisie et dans le monde","publisher":{"@id":"https:\/\/kapitalis.com\/tunisie\/#organization"},"potentialAction":[{"@type":"SearchAction","target":{"@type":"EntryPoint","urlTemplate":"https:\/\/kapitalis.com\/tunisie\/?s={search_term_string}"},"query-input":{"@type":"PropertyValueSpecification","valueRequired":true,"valueName":"search_term_string"}}],"inLanguage":"fr-FR"},{"@type":"Organization","@id":"https:\/\/kapitalis.com\/tunisie\/#organization","name":"Kapitalis","url":"https:\/\/kapitalis.com\/tunisie\/","logo":{"@type":"ImageObject","inLanguage":"fr-FR","@id":"https:\/\/kapitalis.com\/tunisie\/#\/schema\/logo\/image\/","url":"https:\/\/kapitalis.com\/tunisie\/wp-content\/uploads\/2022\/05\/Kapitalis-big-size.png","contentUrl":"https:\/\/kapitalis.com\/tunisie\/wp-content\/uploads\/2022\/05\/Kapitalis-big-size.png","width":5000,"height":1500,"caption":"Kapitalis"},"image":{"@id":"https:\/\/kapitalis.com\/tunisie\/#\/schema\/logo\/image\/"},"sameAs":["https:\/\/www.facebook.com\/KapitalisInfo\/","https:\/\/x.com\/KapitalisInfo","https:\/\/www.youtube.com\/channel\/UC-yDYrHyfFBWWZaOw3FPg9Q"]},{"@type":"Person","@id":"https:\/\/kapitalis.com\/tunisie\/#\/schema\/person\/d71f33a9ca44f7bad4698210b480c8e9","name":"webmaster kapitalis","url":"https:\/\/kapitalis.com\/tunisie\/author\/webmaster-kapitalis\/"}]}},"_links":{"self":[{"href":"https:\/\/kapitalis.com\/tunisie\/wp-json\/wp\/v2\/posts\/7518342","targetHints":{"allow":["GET"]}}],"collection":[{"href":"https:\/\/kapitalis.com\/tunisie\/wp-json\/wp\/v2\/posts"}],"about":[{"href":"https:\/\/kapitalis.com\/tunisie\/wp-json\/wp\/v2\/types\/post"}],"author":[{"embeddable":true,"href":"https:\/\/kapitalis.com\/tunisie\/wp-json\/wp\/v2\/users\/8"}],"replies":[{"embeddable":true,"href":"https:\/\/kapitalis.com\/tunisie\/wp-json\/wp\/v2\/comments?post=7518342"}],"version-history":[{"count":1,"href":"https:\/\/kapitalis.com\/tunisie\/wp-json\/wp\/v2\/posts\/7518342\/revisions"}],"predecessor-version":[{"id":7518443,"href":"https:\/\/kapitalis.com\/tunisie\/wp-json\/wp\/v2\/posts\/7518342\/revisions\/7518443"}],"wp:featuredmedia":[{"embeddable":true,"href":"https:\/\/kapitalis.com\/tunisie\/wp-json\/wp\/v2\/media\/7518431"}],"wp:attachment":[{"href":"https:\/\/kapitalis.com\/tunisie\/wp-json\/wp\/v2\/media?parent=7518342"}],"wp:term":[{"taxonomy":"category","embeddable":true,"href":"https:\/\/kapitalis.com\/tunisie\/wp-json\/wp\/v2\/categories?post=7518342"},{"taxonomy":"post_tag","embeddable":true,"href":"https:\/\/kapitalis.com\/tunisie\/wp-json\/wp\/v2\/tags?post=7518342"}],"curies":[{"name":"wp","href":"https:\/\/api.w.org\/{rel}","templated":true}]}}