{"id":7528155,"date":"2023-04-19T21:07:58","date_gmt":"2023-04-19T20:07:58","guid":{"rendered":"https:\/\/kapitalis.com\/tunisie\/?p=7528155"},"modified":"2023-04-19T21:10:35","modified_gmt":"2023-04-19T20:10:35","slug":"tunisie-le-mae-repond-aux-pays-qui-ont-exprime-leur-inquietude-apres-larrestation-de-ghannouchi","status":"publish","type":"post","link":"https:\/\/kapitalis.com\/tunisie\/2023\/04\/19\/tunisie-le-mae-repond-aux-pays-qui-ont-exprime-leur-inquietude-apres-larrestation-de-ghannouchi\/","title":{"rendered":"Tunisie : Le MAE r\u00e9pond aux pays qui ont exprim\u00e9 leur inqui\u00e9tude apr\u00e8s l&rsquo;arrestation de Ghannouchi"},"content":{"rendered":"\n<p><em><strong>Dans un communiqu\u00e9 publi\u00e9 dans la soir\u00e9e de ce mercredi 19 avril 2023, le minist\u00e8re des Affaires \u00e9trang\u00e8res a r\u00e9pondu aux pays ayant exprim\u00e9 leur inqui\u00e9tude apr\u00e8s l\u2019arrestation du chef du parti islamiste Ennahdha Rached Ghannouchi.<\/strong><\/em><\/p>\n\n\n\n<!--more-->\n\n\n\n<p>Faisant suite \u00e0 la s\u00e9rie de d\u00e9clarations et communiqu\u00e9s publi\u00e9s r\u00e9cemment par des partenaires de la Tunisie, le Minist\u00e8re des Affaires Etrang\u00e8res, de la Migration et des Tunisiens \u00e0 l&rsquo;Etranger pr\u00e9cise que la Tunisie, qui respecte scrupuleusement le principe de non ing\u00e9rence dans les affaires int\u00e9rieures d\u2019autres pays, rappelle \u00e0 ceux qui ne se sont pas \u00ab inqui\u00e9t\u00e9s\u00bb de la gravit\u00e9 des risques encourus par des propos irresponsables et dangereux, que les lois de la R\u00e9publique s\u2019appliquent \u00e0 tous les justiciables sans exception, avec toutes les garanties l\u00e9gales, lit-on dans le communiqu\u00e9.<\/p>\n\n\n\n<p>Et d&rsquo;ajouter : la justice s\u2019exerce sereinement, sans \u00eatre influenc\u00e9e par la vague de commentaires inappropri\u00e9s et inadmissibles, qui ne peuvent qu\u2019affecter les efforts intenses du pays pour redresser une situation \u00e9conomique et financi\u00e8re sous grande tension du fait, en grande partie, de la mauvaise gouvernance et de l\u2019amateurisme ayant caract\u00e9ris\u00e9 la d\u00e9cennie \u00e9coul\u00e9e, et dont les Tunisiens continuent de subir toutes les cons\u00e9quences.<\/p>\n\n\n\n<p>Ces communications constituent une ing\u00e9rence inacceptable dans les affaires internes de la Tunisie \u00e9manant de parties pourtant inform\u00e9es sur les r\u00e9alit\u00e9s du pays.<\/p>\n\n\n\n<p>Le Minist\u00e8re des Affaires Etrang\u00e8res, de la Migration et des Tunisiens \u00e0 l&rsquo;Etranger souligne l\u2019importance du red\u00e9marrage de l\u2019\u00e9conomie tunisienne dans les meilleures conditions possibles, pour tirer tout le profit du grand potentiel \u00e9conomique de la Tunisie.<\/p>\n\n\n\n<p class=\"has-text-align-right\"><strong>Communiqu\u00e9<\/strong><\/p>\n\n\n\n<figure class=\"wp-block-embed is-type-wp-embed is-provider-kapitalis wp-block-embed-kapitalis\"><div class=\"wp-block-embed__wrapper\">\n<blockquote class=\"wp-embedded-content\" data-secret=\"mijkNTB9M7\"><a href=\"https:\/\/kapitalis.com\/tunisie\/2023\/04\/18\/tunisie-reaction-de-la-france-a-larrestation-de-ghannouchi\/\">Tunisie : R\u00e9action de la France \u00e0 l&rsquo;arrestation de Ghannouchi<\/a><\/blockquote><iframe loading=\"lazy\" class=\"wp-embedded-content\" sandbox=\"allow-scripts\" security=\"restricted\" style=\"position: absolute; clip: rect(1px, 1px, 1px, 1px);\" title=\"\u00ab\u00a0Tunisie : R\u00e9action de la France \u00e0 l&rsquo;arrestation de Ghannouchi\u00a0\u00bb &#8212; Kapitalis\" src=\"https:\/\/kapitalis.com\/tunisie\/2023\/04\/18\/tunisie-reaction-de-la-france-a-larrestation-de-ghannouchi\/embed\/#?secret=SdqsYY7IKZ#?secret=mijkNTB9M7\" data-secret=\"mijkNTB9M7\" width=\"600\" height=\"338\" frameborder=\"0\" marginwidth=\"0\" marginheight=\"0\" scrolling=\"no\"><\/iframe>\n<\/div><\/figure>\n\n\n\n<figure class=\"wp-block-embed is-type-wp-embed is-provider-kapitalis wp-block-embed-kapitalis\"><div class=\"wp-block-embed__wrapper\">\n<blockquote class=\"wp-embedded-content\" data-secret=\"m1o7fCh2u1\"><a href=\"https:\/\/kapitalis.com\/tunisie\/2023\/04\/19\/lunion-europeenne-appelle-au-respect-des-droits-de-la-defense-en-tunisie\/\">L\u2019Union europ\u00e9enne\u00a0appelle au respect des droits de la d\u00e9fense en Tunisie<\/a><\/blockquote><iframe loading=\"lazy\" class=\"wp-embedded-content\" sandbox=\"allow-scripts\" security=\"restricted\" style=\"position: absolute; clip: rect(1px, 1px, 1px, 1px);\" title=\"\u00ab\u00a0L\u2019Union europ\u00e9enne\u00a0appelle au respect des droits de la d\u00e9fense en Tunisie\u00a0\u00bb &#8212; Kapitalis\" src=\"https:\/\/kapitalis.com\/tunisie\/2023\/04\/19\/lunion-europeenne-appelle-au-respect-des-droits-de-la-defense-en-tunisie\/embed\/#?secret=GviWqQAGVP#?secret=m1o7fCh2u1\" data-secret=\"m1o7fCh2u1\" width=\"600\" height=\"338\" frameborder=\"0\" marginwidth=\"0\" marginheight=\"0\" scrolling=\"no\"><\/iframe>\n<\/div><\/figure>\n\n\n\n<figure class=\"wp-block-embed is-type-wp-embed is-provider-kapitalis wp-block-embed-kapitalis\"><div class=\"wp-block-embed__wrapper\">\n<blockquote class=\"wp-embedded-content\" data-secret=\"7vcx7VtIeZ\"><a href=\"https:\/\/kapitalis.com\/tunisie\/2023\/04\/19\/royaume-uni-les-restrictions-imposees-a-lopposition-sapent-le-pluralisme-politique-en-tunisie\/\">Royaume-Uni : \u00abLes restrictions impos\u00e9es \u00e0 l\u2019opposition sapent le pluralisme politique en Tunisie\u00bb<\/a><\/blockquote><iframe loading=\"lazy\" class=\"wp-embedded-content\" sandbox=\"allow-scripts\" security=\"restricted\" style=\"position: absolute; clip: rect(1px, 1px, 1px, 1px);\" title=\"\u00ab\u00a0Royaume-Uni : \u00abLes restrictions impos\u00e9es \u00e0 l\u2019opposition sapent le pluralisme politique en Tunisie\u00bb\u00a0\u00bb &#8212; Kapitalis\" src=\"https:\/\/kapitalis.com\/tunisie\/2023\/04\/19\/royaume-uni-les-restrictions-imposees-a-lopposition-sapent-le-pluralisme-politique-en-tunisie\/embed\/#?secret=aySLBfQx0I#?secret=7vcx7VtIeZ\" data-secret=\"7vcx7VtIeZ\" width=\"600\" height=\"338\" frameborder=\"0\" marginwidth=\"0\" marginheight=\"0\" scrolling=\"no\"><\/iframe>\n<\/div><\/figure>\n","protected":false},"excerpt":{"rendered":"<p>Tunisie : Le MAE r\u00e9pond aux pays qui ont exprim\u00e9 leur inqui\u00e9tude apr\u00e8s l&rsquo;arrestation de Ghannouchi<\/p>\n","protected":false},"author":6,"featured_media":1338382,"comment_status":"open","ping_status":"open","sticky":false,"template":"","format":"standard","meta":{"footnotes":""},"categories":[997,2433],"tags":[49543,413,102204,64355,553,9762,62643],"class_list":["post-7528155","post","type-post","status-publish","format-standard","has-post-thumbnail","hentry","category-politique","category-tunisie","tag-ennahdha","tag-ghannouchi","tag-ingerence","tag-justice","tag-loi","tag-ministere-des-affaires-etrangeres","tag-tunisie"],"yoast_head":"<!-- This site is optimized with the Yoast SEO plugin v26.6 - https:\/\/yoast.com\/wordpress\/plugins\/seo\/ -->\n<title>Tunisie : Le MAE r\u00e9pond aux pays qui ont exprim\u00e9 leur inqui\u00e9tude apr\u00e8s l&#039;arrestation de Ghannouchi - Kapitalis<\/title>\n<meta name=\"description\" content=\"Dans un communiqu\u00e9 publi\u00e9 dans la soir\u00e9e de ce mercredi 19 avril 2023, le minist\u00e8re des Affaires \u00e9trang\u00e8res a r\u00e9pondu aux pays ayant exprim\u00e9 leur inqui\u00e9tude apr\u00e8s l\u2019arrestation du chef du parti islamiste Ennahdha Rached Ghannouchi.\" \/>\n<meta name=\"robots\" content=\"index, follow, max-snippet:-1, max-image-preview:large, max-video-preview:-1\" \/>\n<link rel=\"canonical\" href=\"https:\/\/kapitalis.com\/tunisie\/2023\/04\/19\/tunisie-le-mae-repond-aux-pays-qui-ont-exprime-leur-inquietude-apres-larrestation-de-ghannouchi\/\" \/>\n<meta property=\"og:locale\" content=\"fr_FR\" \/>\n<meta property=\"og:type\" content=\"article\" \/>\n<meta property=\"og:title\" content=\"Tunisie : Le MAE r\u00e9pond aux pays qui ont exprim\u00e9 leur inqui\u00e9tude apr\u00e8s l&#039;arrestation de Ghannouchi - Kapitalis\" \/>\n<meta property=\"og:description\" content=\"Dans un communiqu\u00e9 publi\u00e9 dans la soir\u00e9e de ce mercredi 19 avril 2023, le minist\u00e8re des Affaires \u00e9trang\u00e8res a r\u00e9pondu aux pays ayant exprim\u00e9 leur inqui\u00e9tude apr\u00e8s l\u2019arrestation du chef du parti islamiste Ennahdha Rached Ghannouchi.\" \/>\n<meta property=\"og:url\" content=\"https:\/\/kapitalis.com\/tunisie\/2023\/04\/19\/tunisie-le-mae-repond-aux-pays-qui-ont-exprime-leur-inquietude-apres-larrestation-de-ghannouchi\/\" \/>\n<meta property=\"og:site_name\" content=\"Kapitalis\" \/>\n<meta property=\"article:publisher\" content=\"https:\/\/www.facebook.com\/KapitalisInfo\/\" \/>\n<meta property=\"article:published_time\" content=\"2023-04-19T20:07:58+00:00\" \/>\n<meta property=\"article:modified_time\" content=\"2023-04-19T20:10:35+00:00\" \/>\n<meta property=\"og:image\" content=\"https:\/\/kapitalis.com\/tunisie\/wp-content\/uploads\/2022\/06\/ministere-tunisien-des-Affaires-etrangeres.jpg\" \/>\n\t<meta property=\"og:image:width\" content=\"1200\" \/>\n\t<meta property=\"og:image:height\" content=\"630\" \/>\n\t<meta property=\"og:image:type\" content=\"image\/jpeg\" \/>\n<meta name=\"author\" content=\"Yusra NY\" \/>\n<meta name=\"twitter:card\" content=\"summary_large_image\" \/>\n<meta name=\"twitter:creator\" content=\"@KapitalisInfo\" \/>\n<meta name=\"twitter:site\" content=\"@KapitalisInfo\" \/>\n<meta name=\"twitter:label1\" content=\"\u00c9crit par\" \/>\n\t<meta name=\"twitter:data1\" content=\"Yusra NY\" \/>\n\t<meta name=\"twitter:label2\" content=\"Dur\u00e9e de lecture estim\u00e9e\" \/>\n\t<meta name=\"twitter:data2\" content=\"2 minutes\" \/>\n<script type=\"application\/ld+json\" class=\"yoast-schema-graph\">{\"@context\":\"https:\/\/schema.org\",\"@graph\":[{\"@type\":\"Article\",\"@id\":\"https:\/\/kapitalis.com\/tunisie\/2023\/04\/19\/tunisie-le-mae-repond-aux-pays-qui-ont-exprime-leur-inquietude-apres-larrestation-de-ghannouchi\/#article\",\"isPartOf\":{\"@id\":\"https:\/\/kapitalis.com\/tunisie\/2023\/04\/19\/tunisie-le-mae-repond-aux-pays-qui-ont-exprime-leur-inquietude-apres-larrestation-de-ghannouchi\/\"},\"author\":{\"name\":\"Yusra NY\",\"@id\":\"https:\/\/kapitalis.com\/tunisie\/#\/schema\/person\/74bbde0154d49d790a92aaeac5bc01d5\"},\"headline\":\"Tunisie : Le MAE r\u00e9pond aux pays qui ont exprim\u00e9 leur inqui\u00e9tude apr\u00e8s l&rsquo;arrestation de Ghannouchi\",\"datePublished\":\"2023-04-19T20:07:58+00:00\",\"dateModified\":\"2023-04-19T20:10:35+00:00\",\"mainEntityOfPage\":{\"@id\":\"https:\/\/kapitalis.com\/tunisie\/2023\/04\/19\/tunisie-le-mae-repond-aux-pays-qui-ont-exprime-leur-inquietude-apres-larrestation-de-ghannouchi\/\"},\"wordCount\":319,\"commentCount\":5,\"publisher\":{\"@id\":\"https:\/\/kapitalis.com\/tunisie\/#organization\"},\"image\":{\"@id\":\"https:\/\/kapitalis.com\/tunisie\/2023\/04\/19\/tunisie-le-mae-repond-aux-pays-qui-ont-exprime-leur-inquietude-apres-larrestation-de-ghannouchi\/#primaryimage\"},\"thumbnailUrl\":\"https:\/\/kapitalis.com\/tunisie\/wp-content\/uploads\/2022\/06\/ministere-tunisien-des-Affaires-etrangeres.jpg\",\"keywords\":[\"Ennahdha\",\"ghannouchi\",\"ing\u00e9rence\",\"justice\",\"loi\",\"minist\u00e8re des affaires \u00e9trang\u00e8res\",\"Tunisie\"],\"articleSection\":[\"POLITIQUE\",\"Tunisie\"],\"inLanguage\":\"fr-FR\",\"potentialAction\":[{\"@type\":\"CommentAction\",\"name\":\"Comment\",\"target\":[\"https:\/\/kapitalis.com\/tunisie\/2023\/04\/19\/tunisie-le-mae-repond-aux-pays-qui-ont-exprime-leur-inquietude-apres-larrestation-de-ghannouchi\/#respond\"]}]},{\"@type\":\"WebPage\",\"@id\":\"https:\/\/kapitalis.com\/tunisie\/2023\/04\/19\/tunisie-le-mae-repond-aux-pays-qui-ont-exprime-leur-inquietude-apres-larrestation-de-ghannouchi\/\",\"url\":\"https:\/\/kapitalis.com\/tunisie\/2023\/04\/19\/tunisie-le-mae-repond-aux-pays-qui-ont-exprime-leur-inquietude-apres-larrestation-de-ghannouchi\/\",\"name\":\"Tunisie : Le MAE r\u00e9pond aux pays qui ont exprim\u00e9 leur inqui\u00e9tude apr\u00e8s l'arrestation de Ghannouchi - Kapitalis\",\"isPartOf\":{\"@id\":\"https:\/\/kapitalis.com\/tunisie\/#website\"},\"primaryImageOfPage\":{\"@id\":\"https:\/\/kapitalis.com\/tunisie\/2023\/04\/19\/tunisie-le-mae-repond-aux-pays-qui-ont-exprime-leur-inquietude-apres-larrestation-de-ghannouchi\/#primaryimage\"},\"image\":{\"@id\":\"https:\/\/kapitalis.com\/tunisie\/2023\/04\/19\/tunisie-le-mae-repond-aux-pays-qui-ont-exprime-leur-inquietude-apres-larrestation-de-ghannouchi\/#primaryimage\"},\"thumbnailUrl\":\"https:\/\/kapitalis.com\/tunisie\/wp-content\/uploads\/2022\/06\/ministere-tunisien-des-Affaires-etrangeres.jpg\",\"datePublished\":\"2023-04-19T20:07:58+00:00\",\"dateModified\":\"2023-04-19T20:10:35+00:00\",\"description\":\"Dans un communiqu\u00e9 publi\u00e9 dans la soir\u00e9e de ce mercredi 19 avril 2023, le minist\u00e8re des Affaires \u00e9trang\u00e8res a r\u00e9pondu aux pays ayant exprim\u00e9 leur inqui\u00e9tude apr\u00e8s l\u2019arrestation du chef du parti islamiste Ennahdha Rached Ghannouchi.\",\"breadcrumb\":{\"@id\":\"https:\/\/kapitalis.com\/tunisie\/2023\/04\/19\/tunisie-le-mae-repond-aux-pays-qui-ont-exprime-leur-inquietude-apres-larrestation-de-ghannouchi\/#breadcrumb\"},\"inLanguage\":\"fr-FR\",\"potentialAction\":[{\"@type\":\"ReadAction\",\"target\":[\"https:\/\/kapitalis.com\/tunisie\/2023\/04\/19\/tunisie-le-mae-repond-aux-pays-qui-ont-exprime-leur-inquietude-apres-larrestation-de-ghannouchi\/\"]}]},{\"@type\":\"ImageObject\",\"inLanguage\":\"fr-FR\",\"@id\":\"https:\/\/kapitalis.com\/tunisie\/2023\/04\/19\/tunisie-le-mae-repond-aux-pays-qui-ont-exprime-leur-inquietude-apres-larrestation-de-ghannouchi\/#primaryimage\",\"url\":\"https:\/\/kapitalis.com\/tunisie\/wp-content\/uploads\/2022\/06\/ministere-tunisien-des-Affaires-etrangeres.jpg\",\"contentUrl\":\"https:\/\/kapitalis.com\/tunisie\/wp-content\/uploads\/2022\/06\/ministere-tunisien-des-Affaires-etrangeres.jpg\",\"width\":1200,\"height\":630},{\"@type\":\"BreadcrumbList\",\"@id\":\"https:\/\/kapitalis.com\/tunisie\/2023\/04\/19\/tunisie-le-mae-repond-aux-pays-qui-ont-exprime-leur-inquietude-apres-larrestation-de-ghannouchi\/#breadcrumb\",\"itemListElement\":[{\"@type\":\"ListItem\",\"position\":1,\"name\":\"Accueil\",\"item\":\"https:\/\/kapitalis.com\/tunisie\/\"},{\"@type\":\"ListItem\",\"position\":2,\"name\":\"Tunisie : Le MAE r\u00e9pond aux pays qui ont exprim\u00e9 leur inqui\u00e9tude apr\u00e8s l&rsquo;arrestation de Ghannouchi\"}]},{\"@type\":\"WebSite\",\"@id\":\"https:\/\/kapitalis.com\/tunisie\/#website\",\"url\":\"https:\/\/kapitalis.com\/tunisie\/\",\"name\":\"Kapitalis\",\"description\":\"L&#039;actualit\u00e9 en Tunisie et dans le monde\",\"publisher\":{\"@id\":\"https:\/\/kapitalis.com\/tunisie\/#organization\"},\"potentialAction\":[{\"@type\":\"SearchAction\",\"target\":{\"@type\":\"EntryPoint\",\"urlTemplate\":\"https:\/\/kapitalis.com\/tunisie\/?s={search_term_string}\"},\"query-input\":{\"@type\":\"PropertyValueSpecification\",\"valueRequired\":true,\"valueName\":\"search_term_string\"}}],\"inLanguage\":\"fr-FR\"},{\"@type\":\"Organization\",\"@id\":\"https:\/\/kapitalis.com\/tunisie\/#organization\",\"name\":\"Kapitalis\",\"url\":\"https:\/\/kapitalis.com\/tunisie\/\",\"logo\":{\"@type\":\"ImageObject\",\"inLanguage\":\"fr-FR\",\"@id\":\"https:\/\/kapitalis.com\/tunisie\/#\/schema\/logo\/image\/\",\"url\":\"https:\/\/kapitalis.com\/tunisie\/wp-content\/uploads\/2022\/05\/Kapitalis-big-size.png\",\"contentUrl\":\"https:\/\/kapitalis.com\/tunisie\/wp-content\/uploads\/2022\/05\/Kapitalis-big-size.png\",\"width\":5000,\"height\":1500,\"caption\":\"Kapitalis\"},\"image\":{\"@id\":\"https:\/\/kapitalis.com\/tunisie\/#\/schema\/logo\/image\/\"},\"sameAs\":[\"https:\/\/www.facebook.com\/KapitalisInfo\/\",\"https:\/\/x.com\/KapitalisInfo\",\"https:\/\/www.youtube.com\/channel\/UC-yDYrHyfFBWWZaOw3FPg9Q\"]},{\"@type\":\"Person\",\"@id\":\"https:\/\/kapitalis.com\/tunisie\/#\/schema\/person\/74bbde0154d49d790a92aaeac5bc01d5\",\"name\":\"Yusra NY\",\"url\":\"https:\/\/kapitalis.com\/tunisie\/author\/yuza_adam\/\"}]}<\/script>\n<!-- \/ Yoast SEO plugin. -->","yoast_head_json":{"title":"Tunisie : Le MAE r\u00e9pond aux pays qui ont exprim\u00e9 leur inqui\u00e9tude apr\u00e8s l'arrestation de Ghannouchi - Kapitalis","description":"Dans un communiqu\u00e9 publi\u00e9 dans la soir\u00e9e de ce mercredi 19 avril 2023, le minist\u00e8re des Affaires \u00e9trang\u00e8res a r\u00e9pondu aux pays ayant exprim\u00e9 leur inqui\u00e9tude apr\u00e8s l\u2019arrestation du chef du parti islamiste Ennahdha Rached Ghannouchi.","robots":{"index":"index","follow":"follow","max-snippet":"max-snippet:-1","max-image-preview":"max-image-preview:large","max-video-preview":"max-video-preview:-1"},"canonical":"https:\/\/kapitalis.com\/tunisie\/2023\/04\/19\/tunisie-le-mae-repond-aux-pays-qui-ont-exprime-leur-inquietude-apres-larrestation-de-ghannouchi\/","og_locale":"fr_FR","og_type":"article","og_title":"Tunisie : Le MAE r\u00e9pond aux pays qui ont exprim\u00e9 leur inqui\u00e9tude apr\u00e8s l'arrestation de Ghannouchi - Kapitalis","og_description":"Dans un communiqu\u00e9 publi\u00e9 dans la soir\u00e9e de ce mercredi 19 avril 2023, le minist\u00e8re des Affaires \u00e9trang\u00e8res a r\u00e9pondu aux pays ayant exprim\u00e9 leur inqui\u00e9tude apr\u00e8s l\u2019arrestation du chef du parti islamiste Ennahdha Rached Ghannouchi.","og_url":"https:\/\/kapitalis.com\/tunisie\/2023\/04\/19\/tunisie-le-mae-repond-aux-pays-qui-ont-exprime-leur-inquietude-apres-larrestation-de-ghannouchi\/","og_site_name":"Kapitalis","article_publisher":"https:\/\/www.facebook.com\/KapitalisInfo\/","article_published_time":"2023-04-19T20:07:58+00:00","article_modified_time":"2023-04-19T20:10:35+00:00","og_image":[{"width":1200,"height":630,"url":"https:\/\/kapitalis.com\/tunisie\/wp-content\/uploads\/2022\/06\/ministere-tunisien-des-Affaires-etrangeres.jpg","type":"image\/jpeg"}],"author":"Yusra NY","twitter_card":"summary_large_image","twitter_creator":"@KapitalisInfo","twitter_site":"@KapitalisInfo","twitter_misc":{"\u00c9crit par":"Yusra NY","Dur\u00e9e de lecture estim\u00e9e":"2 minutes"},"schema":{"@context":"https:\/\/schema.org","@graph":[{"@type":"Article","@id":"https:\/\/kapitalis.com\/tunisie\/2023\/04\/19\/tunisie-le-mae-repond-aux-pays-qui-ont-exprime-leur-inquietude-apres-larrestation-de-ghannouchi\/#article","isPartOf":{"@id":"https:\/\/kapitalis.com\/tunisie\/2023\/04\/19\/tunisie-le-mae-repond-aux-pays-qui-ont-exprime-leur-inquietude-apres-larrestation-de-ghannouchi\/"},"author":{"name":"Yusra NY","@id":"https:\/\/kapitalis.com\/tunisie\/#\/schema\/person\/74bbde0154d49d790a92aaeac5bc01d5"},"headline":"Tunisie : Le MAE r\u00e9pond aux pays qui ont exprim\u00e9 leur inqui\u00e9tude apr\u00e8s l&rsquo;arrestation de Ghannouchi","datePublished":"2023-04-19T20:07:58+00:00","dateModified":"2023-04-19T20:10:35+00:00","mainEntityOfPage":{"@id":"https:\/\/kapitalis.com\/tunisie\/2023\/04\/19\/tunisie-le-mae-repond-aux-pays-qui-ont-exprime-leur-inquietude-apres-larrestation-de-ghannouchi\/"},"wordCount":319,"commentCount":5,"publisher":{"@id":"https:\/\/kapitalis.com\/tunisie\/#organization"},"image":{"@id":"https:\/\/kapitalis.com\/tunisie\/2023\/04\/19\/tunisie-le-mae-repond-aux-pays-qui-ont-exprime-leur-inquietude-apres-larrestation-de-ghannouchi\/#primaryimage"},"thumbnailUrl":"https:\/\/kapitalis.com\/tunisie\/wp-content\/uploads\/2022\/06\/ministere-tunisien-des-Affaires-etrangeres.jpg","keywords":["Ennahdha","ghannouchi","ing\u00e9rence","justice","loi","minist\u00e8re des affaires \u00e9trang\u00e8res","Tunisie"],"articleSection":["POLITIQUE","Tunisie"],"inLanguage":"fr-FR","potentialAction":[{"@type":"CommentAction","name":"Comment","target":["https:\/\/kapitalis.com\/tunisie\/2023\/04\/19\/tunisie-le-mae-repond-aux-pays-qui-ont-exprime-leur-inquietude-apres-larrestation-de-ghannouchi\/#respond"]}]},{"@type":"WebPage","@id":"https:\/\/kapitalis.com\/tunisie\/2023\/04\/19\/tunisie-le-mae-repond-aux-pays-qui-ont-exprime-leur-inquietude-apres-larrestation-de-ghannouchi\/","url":"https:\/\/kapitalis.com\/tunisie\/2023\/04\/19\/tunisie-le-mae-repond-aux-pays-qui-ont-exprime-leur-inquietude-apres-larrestation-de-ghannouchi\/","name":"Tunisie : Le MAE r\u00e9pond aux pays qui ont exprim\u00e9 leur inqui\u00e9tude apr\u00e8s l'arrestation de Ghannouchi - Kapitalis","isPartOf":{"@id":"https:\/\/kapitalis.com\/tunisie\/#website"},"primaryImageOfPage":{"@id":"https:\/\/kapitalis.com\/tunisie\/2023\/04\/19\/tunisie-le-mae-repond-aux-pays-qui-ont-exprime-leur-inquietude-apres-larrestation-de-ghannouchi\/#primaryimage"},"image":{"@id":"https:\/\/kapitalis.com\/tunisie\/2023\/04\/19\/tunisie-le-mae-repond-aux-pays-qui-ont-exprime-leur-inquietude-apres-larrestation-de-ghannouchi\/#primaryimage"},"thumbnailUrl":"https:\/\/kapitalis.com\/tunisie\/wp-content\/uploads\/2022\/06\/ministere-tunisien-des-Affaires-etrangeres.jpg","datePublished":"2023-04-19T20:07:58+00:00","dateModified":"2023-04-19T20:10:35+00:00","description":"Dans un communiqu\u00e9 publi\u00e9 dans la soir\u00e9e de ce mercredi 19 avril 2023, le minist\u00e8re des Affaires \u00e9trang\u00e8res a r\u00e9pondu aux pays ayant exprim\u00e9 leur inqui\u00e9tude apr\u00e8s l\u2019arrestation du chef du parti islamiste Ennahdha Rached Ghannouchi.","breadcrumb":{"@id":"https:\/\/kapitalis.com\/tunisie\/2023\/04\/19\/tunisie-le-mae-repond-aux-pays-qui-ont-exprime-leur-inquietude-apres-larrestation-de-ghannouchi\/#breadcrumb"},"inLanguage":"fr-FR","potentialAction":[{"@type":"ReadAction","target":["https:\/\/kapitalis.com\/tunisie\/2023\/04\/19\/tunisie-le-mae-repond-aux-pays-qui-ont-exprime-leur-inquietude-apres-larrestation-de-ghannouchi\/"]}]},{"@type":"ImageObject","inLanguage":"fr-FR","@id":"https:\/\/kapitalis.com\/tunisie\/2023\/04\/19\/tunisie-le-mae-repond-aux-pays-qui-ont-exprime-leur-inquietude-apres-larrestation-de-ghannouchi\/#primaryimage","url":"https:\/\/kapitalis.com\/tunisie\/wp-content\/uploads\/2022\/06\/ministere-tunisien-des-Affaires-etrangeres.jpg","contentUrl":"https:\/\/kapitalis.com\/tunisie\/wp-content\/uploads\/2022\/06\/ministere-tunisien-des-Affaires-etrangeres.jpg","width":1200,"height":630},{"@type":"BreadcrumbList","@id":"https:\/\/kapitalis.com\/tunisie\/2023\/04\/19\/tunisie-le-mae-repond-aux-pays-qui-ont-exprime-leur-inquietude-apres-larrestation-de-ghannouchi\/#breadcrumb","itemListElement":[{"@type":"ListItem","position":1,"name":"Accueil","item":"https:\/\/kapitalis.com\/tunisie\/"},{"@type":"ListItem","position":2,"name":"Tunisie : Le MAE r\u00e9pond aux pays qui ont exprim\u00e9 leur inqui\u00e9tude apr\u00e8s l&rsquo;arrestation de Ghannouchi"}]},{"@type":"WebSite","@id":"https:\/\/kapitalis.com\/tunisie\/#website","url":"https:\/\/kapitalis.com\/tunisie\/","name":"Kapitalis","description":"L&#039;actualit\u00e9 en Tunisie et dans le monde","publisher":{"@id":"https:\/\/kapitalis.com\/tunisie\/#organization"},"potentialAction":[{"@type":"SearchAction","target":{"@type":"EntryPoint","urlTemplate":"https:\/\/kapitalis.com\/tunisie\/?s={search_term_string}"},"query-input":{"@type":"PropertyValueSpecification","valueRequired":true,"valueName":"search_term_string"}}],"inLanguage":"fr-FR"},{"@type":"Organization","@id":"https:\/\/kapitalis.com\/tunisie\/#organization","name":"Kapitalis","url":"https:\/\/kapitalis.com\/tunisie\/","logo":{"@type":"ImageObject","inLanguage":"fr-FR","@id":"https:\/\/kapitalis.com\/tunisie\/#\/schema\/logo\/image\/","url":"https:\/\/kapitalis.com\/tunisie\/wp-content\/uploads\/2022\/05\/Kapitalis-big-size.png","contentUrl":"https:\/\/kapitalis.com\/tunisie\/wp-content\/uploads\/2022\/05\/Kapitalis-big-size.png","width":5000,"height":1500,"caption":"Kapitalis"},"image":{"@id":"https:\/\/kapitalis.com\/tunisie\/#\/schema\/logo\/image\/"},"sameAs":["https:\/\/www.facebook.com\/KapitalisInfo\/","https:\/\/x.com\/KapitalisInfo","https:\/\/www.youtube.com\/channel\/UC-yDYrHyfFBWWZaOw3FPg9Q"]},{"@type":"Person","@id":"https:\/\/kapitalis.com\/tunisie\/#\/schema\/person\/74bbde0154d49d790a92aaeac5bc01d5","name":"Yusra NY","url":"https:\/\/kapitalis.com\/tunisie\/author\/yuza_adam\/"}]}},"_links":{"self":[{"href":"https:\/\/kapitalis.com\/tunisie\/wp-json\/wp\/v2\/posts\/7528155","targetHints":{"allow":["GET"]}}],"collection":[{"href":"https:\/\/kapitalis.com\/tunisie\/wp-json\/wp\/v2\/posts"}],"about":[{"href":"https:\/\/kapitalis.com\/tunisie\/wp-json\/wp\/v2\/types\/post"}],"author":[{"embeddable":true,"href":"https:\/\/kapitalis.com\/tunisie\/wp-json\/wp\/v2\/users\/6"}],"replies":[{"embeddable":true,"href":"https:\/\/kapitalis.com\/tunisie\/wp-json\/wp\/v2\/comments?post=7528155"}],"version-history":[{"count":2,"href":"https:\/\/kapitalis.com\/tunisie\/wp-json\/wp\/v2\/posts\/7528155\/revisions"}],"predecessor-version":[{"id":7528454,"href":"https:\/\/kapitalis.com\/tunisie\/wp-json\/wp\/v2\/posts\/7528155\/revisions\/7528454"}],"wp:featuredmedia":[{"embeddable":true,"href":"https:\/\/kapitalis.com\/tunisie\/wp-json\/wp\/v2\/media\/1338382"}],"wp:attachment":[{"href":"https:\/\/kapitalis.com\/tunisie\/wp-json\/wp\/v2\/media?parent=7528155"}],"wp:term":[{"taxonomy":"category","embeddable":true,"href":"https:\/\/kapitalis.com\/tunisie\/wp-json\/wp\/v2\/categories?post=7528155"},{"taxonomy":"post_tag","embeddable":true,"href":"https:\/\/kapitalis.com\/tunisie\/wp-json\/wp\/v2\/tags?post=7528155"}],"curies":[{"name":"wp","href":"https:\/\/api.w.org\/{rel}","templated":true}]}}