{"id":7536067,"date":"2023-04-20T11:22:30","date_gmt":"2023-04-20T10:22:30","guid":{"rendered":"https:\/\/kapitalis.com\/tunisie\/?p=7536067"},"modified":"2023-04-20T11:22:31","modified_gmt":"2023-04-20T10:22:31","slug":"rassemblement-a-paris-pour-la-liberation-des-detenus-politiques-en-tunisie","status":"publish","type":"post","link":"https:\/\/kapitalis.com\/tunisie\/2023\/04\/20\/rassemblement-a-paris-pour-la-liberation-des-detenus-politiques-en-tunisie\/","title":{"rendered":"Rassemblement \u00e0 Paris pour la lib\u00e9ration des d\u00e9tenus politiques en Tunisie"},"content":{"rendered":"\n<p><strong><em>Des organisations de la soci\u00e9t\u00e9 civile organisent un rassemblement \u00e0 Paris pour exiger la lib\u00e9ration des prisonniers politiques et d\u2019opinion en Tunisie.<\/em><\/strong><\/p>\n\n\n\n<!--more-->\n\n\n\n<p>Le rassemblement aura lieu samedi 22 avril 2023, \u00e0 15 heures, devant la Fontaine des Innocents (M\u00e9tro les Halles), \u00e0 Paris, France. \u00a0Nous reproduisons ci-dessous le communiqu\u00e9 de presse annon\u00e7ant ce rassemblement mis sous le slogan \u00abNon \u00e0 la d\u00e9rive autoritaire du r\u00e9gime\u00bb. \u00a0\u00a0<\/p>\n\n\n\n<p><em>\u00abIncarc\u00e9r\u00e9s depuis deux mois maintenant, sans autre forme de proc\u00e8s et, le plus souvent, aux motifs mensongers et fallacieux, de nombreux opposant(e)s et responsables politiques mais aussi de m\u00e9dias sont ainsi priv\u00e9(e)s de leurs droits les plus \u00e9l\u00e9mentaires.<\/em><\/p>\n\n\n\n<p><em>Leur \u00ab\u00a0tort\u00a0\u00bb est d\u2019\u00eatre en d\u00e9saccord avec les orientations politiques impos\u00e9es par le chef de l\u2019Etat depuis le 25 juillet 2021. Toutes et tous sont victimes du d\u00e9cret-loi 54, un d\u00e9cret-loi liberticide.<\/em><\/p>\n\n\n\n<p><em>&#8211; Contre la d\u00e9rive autoritaire impos\u00e9e au pays et \u00e0 la soci\u00e9t\u00e9<\/em>;<\/p>\n\n\n\n<p><em>&#8211; Lib\u00e9ration imm\u00e9diate des prisonniers politiques et d\u2019opinion;<\/em><\/p>\n\n\n\n<p><em>&#8211; Pour la libert\u00e9 d\u2019expression<\/em>;<\/p>\n\n\n\n<p><em>&#8211; Non aux poursuites contre les journalistes, pour la libert\u00e9 de la presse<\/em>;<\/p>\n\n\n\n<p><em>&#8211; Abrogation de l\u2019article liberticide 54<\/em>;<\/p>\n\n\n\n<p><em>&#8211; Contre la haine et le racisme en Tunisie<\/em>;<\/p>\n\n\n\n<p><em>Faisons de la f\u00eate de l\u2019A\u00efd une f\u00eate pour les d\u00e9tenu.e.s\u00bb<\/em><\/p>\n\n\n\n<p><strong>Premiers signataires&nbsp;:<\/strong><\/p>\n\n\n\n<p>Comit\u00e9 pour le respect des libert\u00e9s et des droits de l\u2019homme en Tunisie (CRLDHT), Association d\u00e9mocratique des Tunisiens en France (ADTF), Association le Pont de Gen\u00e8ve, Association&nbsp;UNIT, Collectif&nbsp;3C, F\u00e9d\u00e9ration des Tunisiens citoyens des deux rives (FTCR), Union des travailleurs immigr\u00e9s tunisiens (UTIT), Parti Al Jomhouri-France, Parti Al Massar-France , Parti Ettayar d\u00e9mocratique-France, Parti des travailleurs (Tunisie) (PT), section de France Soutien.<\/p>\n\n\n\n<p><strong>Associations&nbsp;:<\/strong> Agir pour le changement et la d\u00e9mocratie en Alg\u00e9rie (ACDA)&nbsp;, Assembl\u00e9e des citoyens originaires de Turquie (ACORT), Association Femmes plurielles&nbsp;(AFP), Association marocaine des droits humains (AMDH) Paris\/IDF, Association de d\u00e9fense des droits de l\u2019homme au Maroc (ASDHOM), Association des Marocains en France (AMF), Association des Familles des Prisonniers et Disparus Sahraouis \u2013 (AFAPREDESA), Association des travailleurs maghr\u00e9bins de France (ATMF), CEDETIM\/IPAM (Initiative pour un autre monde), Droit devant, Droit au logement (DAL), Europe solidaire sans fronti\u00e8res (ESSF), Fondation Frantz-Fanon (FFF), Forum Palestine Citoyennet\u00e9 (FPC), Ligue Alg\u00e9rienne de d\u00e9fense des droits de l\u2019homme,(LADDH), Ligue des droits de l\u2019Homme (LDH), Mouvement contre le racisme et pour l\u2019amiti\u00e9 entre les peuples (MRAP), R\u00e9seau F\u00e9ministe \u00ab&nbsp;Ruptures&nbsp;\u00bb. Riposte internationale, SOS Racisme, Solidarit\u00e9 internationale LGBTQ+, Union juive fran\u00e7aise pour la paix (UJFP).<\/p>\n\n\n\n<p><strong>Syndicats&nbsp;: <\/strong>Conf\u00e9d\u00e9ration g\u00e9n\u00e9rale du Travail (CGT), Conf\u00e9d\u00e9ration fran\u00e7aise d\u00e9mocratique du travail (CFDT), F\u00e9d\u00e9ration des syndicats unis (FSU), Union syndicale Solidaires, Union Etudiante (UE).<\/p>\n\n\n\n<p><strong>Partis&nbsp;<\/strong>: Ensemble, Europe \u00e9cologie les verts (EELV), Mouvement des progressistes (MDP), Nouveau Parti anticapitaliste (NPA), Parti communiste fran\u00e7ais (PCF), Parti communiste des ouvriers de France (PCOF), Pour une \u00e9cologie populaire et sociale (PEPS).<\/p>\n","protected":false},"excerpt":{"rendered":"<p>Rassemblement \u00e0 Paris pour exiger la lib\u00e9ration des prisonniers politiques et d\u2019opinion en Tunisie.<\/p>\n","protected":false},"author":8,"featured_media":7294660,"comment_status":"open","ping_status":"open","sticky":false,"template":"","format":"standard","meta":{"footnotes":""},"categories":[997,2433],"tags":[107644,62643],"class_list":["post-7536067","post","type-post","status-publish","format-standard","has-post-thumbnail","hentry","category-politique","category-tunisie","tag-detenus-politiques","tag-tunisie"],"yoast_head":"<!-- This site is optimized with the Yoast SEO plugin v26.6 - https:\/\/yoast.com\/wordpress\/plugins\/seo\/ -->\n<title>Rassemblement \u00e0 Paris pour la lib\u00e9ration des d\u00e9tenus politiques en Tunisie - Kapitalis<\/title>\n<meta name=\"robots\" content=\"index, follow, max-snippet:-1, max-image-preview:large, max-video-preview:-1\" \/>\n<link rel=\"canonical\" href=\"https:\/\/kapitalis.com\/tunisie\/2023\/04\/20\/rassemblement-a-paris-pour-la-liberation-des-detenus-politiques-en-tunisie\/\" \/>\n<meta property=\"og:locale\" content=\"fr_FR\" \/>\n<meta property=\"og:type\" content=\"article\" \/>\n<meta property=\"og:title\" content=\"Rassemblement \u00e0 Paris pour la lib\u00e9ration des d\u00e9tenus politiques en Tunisie - Kapitalis\" \/>\n<meta property=\"og:description\" content=\"Rassemblement \u00e0 Paris pour exiger la lib\u00e9ration des prisonniers politiques et d\u2019opinion en Tunisie.\" \/>\n<meta property=\"og:url\" content=\"https:\/\/kapitalis.com\/tunisie\/2023\/04\/20\/rassemblement-a-paris-pour-la-liberation-des-detenus-politiques-en-tunisie\/\" \/>\n<meta property=\"og:site_name\" content=\"Kapitalis\" \/>\n<meta property=\"article:publisher\" content=\"https:\/\/www.facebook.com\/KapitalisInfo\/\" \/>\n<meta property=\"article:published_time\" content=\"2023-04-20T10:22:30+00:00\" \/>\n<meta property=\"article:modified_time\" content=\"2023-04-20T10:22:31+00:00\" \/>\n<meta property=\"og:image\" content=\"https:\/\/kapitalis.com\/tunisie\/wp-content\/uploads\/2023\/04\/prisonniers.jpg\" \/>\n\t<meta property=\"og:image:width\" content=\"1200\" \/>\n\t<meta property=\"og:image:height\" content=\"630\" \/>\n\t<meta property=\"og:image:type\" content=\"image\/jpeg\" \/>\n<meta name=\"author\" content=\"webmaster kapitalis\" \/>\n<meta name=\"twitter:card\" content=\"summary_large_image\" \/>\n<meta name=\"twitter:creator\" content=\"@KapitalisInfo\" \/>\n<meta name=\"twitter:site\" content=\"@KapitalisInfo\" \/>\n<meta name=\"twitter:label1\" content=\"\u00c9crit par\" \/>\n\t<meta name=\"twitter:data1\" content=\"webmaster kapitalis\" \/>\n\t<meta name=\"twitter:label2\" content=\"Dur\u00e9e de lecture estim\u00e9e\" \/>\n\t<meta name=\"twitter:data2\" content=\"3 minutes\" \/>\n<script type=\"application\/ld+json\" class=\"yoast-schema-graph\">{\"@context\":\"https:\/\/schema.org\",\"@graph\":[{\"@type\":\"Article\",\"@id\":\"https:\/\/kapitalis.com\/tunisie\/2023\/04\/20\/rassemblement-a-paris-pour-la-liberation-des-detenus-politiques-en-tunisie\/#article\",\"isPartOf\":{\"@id\":\"https:\/\/kapitalis.com\/tunisie\/2023\/04\/20\/rassemblement-a-paris-pour-la-liberation-des-detenus-politiques-en-tunisie\/\"},\"author\":{\"name\":\"webmaster kapitalis\",\"@id\":\"https:\/\/kapitalis.com\/tunisie\/#\/schema\/person\/d71f33a9ca44f7bad4698210b480c8e9\"},\"headline\":\"Rassemblement \u00e0 Paris pour la lib\u00e9ration des d\u00e9tenus politiques en Tunisie\",\"datePublished\":\"2023-04-20T10:22:30+00:00\",\"dateModified\":\"2023-04-20T10:22:31+00:00\",\"mainEntityOfPage\":{\"@id\":\"https:\/\/kapitalis.com\/tunisie\/2023\/04\/20\/rassemblement-a-paris-pour-la-liberation-des-detenus-politiques-en-tunisie\/\"},\"wordCount\":530,\"commentCount\":9,\"publisher\":{\"@id\":\"https:\/\/kapitalis.com\/tunisie\/#organization\"},\"image\":{\"@id\":\"https:\/\/kapitalis.com\/tunisie\/2023\/04\/20\/rassemblement-a-paris-pour-la-liberation-des-detenus-politiques-en-tunisie\/#primaryimage\"},\"thumbnailUrl\":\"https:\/\/kapitalis.com\/tunisie\/wp-content\/uploads\/2023\/04\/prisonniers.jpg\",\"keywords\":[\"d\u00e9tenus politiques\",\"Tunisie\"],\"articleSection\":[\"POLITIQUE\",\"Tunisie\"],\"inLanguage\":\"fr-FR\",\"potentialAction\":[{\"@type\":\"CommentAction\",\"name\":\"Comment\",\"target\":[\"https:\/\/kapitalis.com\/tunisie\/2023\/04\/20\/rassemblement-a-paris-pour-la-liberation-des-detenus-politiques-en-tunisie\/#respond\"]}]},{\"@type\":\"WebPage\",\"@id\":\"https:\/\/kapitalis.com\/tunisie\/2023\/04\/20\/rassemblement-a-paris-pour-la-liberation-des-detenus-politiques-en-tunisie\/\",\"url\":\"https:\/\/kapitalis.com\/tunisie\/2023\/04\/20\/rassemblement-a-paris-pour-la-liberation-des-detenus-politiques-en-tunisie\/\",\"name\":\"Rassemblement \u00e0 Paris pour la lib\u00e9ration des d\u00e9tenus politiques en Tunisie - Kapitalis\",\"isPartOf\":{\"@id\":\"https:\/\/kapitalis.com\/tunisie\/#website\"},\"primaryImageOfPage\":{\"@id\":\"https:\/\/kapitalis.com\/tunisie\/2023\/04\/20\/rassemblement-a-paris-pour-la-liberation-des-detenus-politiques-en-tunisie\/#primaryimage\"},\"image\":{\"@id\":\"https:\/\/kapitalis.com\/tunisie\/2023\/04\/20\/rassemblement-a-paris-pour-la-liberation-des-detenus-politiques-en-tunisie\/#primaryimage\"},\"thumbnailUrl\":\"https:\/\/kapitalis.com\/tunisie\/wp-content\/uploads\/2023\/04\/prisonniers.jpg\",\"datePublished\":\"2023-04-20T10:22:30+00:00\",\"dateModified\":\"2023-04-20T10:22:31+00:00\",\"breadcrumb\":{\"@id\":\"https:\/\/kapitalis.com\/tunisie\/2023\/04\/20\/rassemblement-a-paris-pour-la-liberation-des-detenus-politiques-en-tunisie\/#breadcrumb\"},\"inLanguage\":\"fr-FR\",\"potentialAction\":[{\"@type\":\"ReadAction\",\"target\":[\"https:\/\/kapitalis.com\/tunisie\/2023\/04\/20\/rassemblement-a-paris-pour-la-liberation-des-detenus-politiques-en-tunisie\/\"]}]},{\"@type\":\"ImageObject\",\"inLanguage\":\"fr-FR\",\"@id\":\"https:\/\/kapitalis.com\/tunisie\/2023\/04\/20\/rassemblement-a-paris-pour-la-liberation-des-detenus-politiques-en-tunisie\/#primaryimage\",\"url\":\"https:\/\/kapitalis.com\/tunisie\/wp-content\/uploads\/2023\/04\/prisonniers.jpg\",\"contentUrl\":\"https:\/\/kapitalis.com\/tunisie\/wp-content\/uploads\/2023\/04\/prisonniers.jpg\",\"width\":1200,\"height\":630},{\"@type\":\"BreadcrumbList\",\"@id\":\"https:\/\/kapitalis.com\/tunisie\/2023\/04\/20\/rassemblement-a-paris-pour-la-liberation-des-detenus-politiques-en-tunisie\/#breadcrumb\",\"itemListElement\":[{\"@type\":\"ListItem\",\"position\":1,\"name\":\"Accueil\",\"item\":\"https:\/\/kapitalis.com\/tunisie\/\"},{\"@type\":\"ListItem\",\"position\":2,\"name\":\"Rassemblement \u00e0 Paris pour la lib\u00e9ration des d\u00e9tenus politiques en Tunisie\"}]},{\"@type\":\"WebSite\",\"@id\":\"https:\/\/kapitalis.com\/tunisie\/#website\",\"url\":\"https:\/\/kapitalis.com\/tunisie\/\",\"name\":\"Kapitalis\",\"description\":\"L&#039;actualit\u00e9 en Tunisie et dans le monde\",\"publisher\":{\"@id\":\"https:\/\/kapitalis.com\/tunisie\/#organization\"},\"potentialAction\":[{\"@type\":\"SearchAction\",\"target\":{\"@type\":\"EntryPoint\",\"urlTemplate\":\"https:\/\/kapitalis.com\/tunisie\/?s={search_term_string}\"},\"query-input\":{\"@type\":\"PropertyValueSpecification\",\"valueRequired\":true,\"valueName\":\"search_term_string\"}}],\"inLanguage\":\"fr-FR\"},{\"@type\":\"Organization\",\"@id\":\"https:\/\/kapitalis.com\/tunisie\/#organization\",\"name\":\"Kapitalis\",\"url\":\"https:\/\/kapitalis.com\/tunisie\/\",\"logo\":{\"@type\":\"ImageObject\",\"inLanguage\":\"fr-FR\",\"@id\":\"https:\/\/kapitalis.com\/tunisie\/#\/schema\/logo\/image\/\",\"url\":\"https:\/\/kapitalis.com\/tunisie\/wp-content\/uploads\/2022\/05\/Kapitalis-big-size.png\",\"contentUrl\":\"https:\/\/kapitalis.com\/tunisie\/wp-content\/uploads\/2022\/05\/Kapitalis-big-size.png\",\"width\":5000,\"height\":1500,\"caption\":\"Kapitalis\"},\"image\":{\"@id\":\"https:\/\/kapitalis.com\/tunisie\/#\/schema\/logo\/image\/\"},\"sameAs\":[\"https:\/\/www.facebook.com\/KapitalisInfo\/\",\"https:\/\/x.com\/KapitalisInfo\",\"https:\/\/www.youtube.com\/channel\/UC-yDYrHyfFBWWZaOw3FPg9Q\"]},{\"@type\":\"Person\",\"@id\":\"https:\/\/kapitalis.com\/tunisie\/#\/schema\/person\/d71f33a9ca44f7bad4698210b480c8e9\",\"name\":\"webmaster kapitalis\",\"url\":\"https:\/\/kapitalis.com\/tunisie\/author\/webmaster-kapitalis\/\"}]}<\/script>\n<!-- \/ Yoast SEO plugin. -->","yoast_head_json":{"title":"Rassemblement \u00e0 Paris pour la lib\u00e9ration des d\u00e9tenus politiques en Tunisie - Kapitalis","robots":{"index":"index","follow":"follow","max-snippet":"max-snippet:-1","max-image-preview":"max-image-preview:large","max-video-preview":"max-video-preview:-1"},"canonical":"https:\/\/kapitalis.com\/tunisie\/2023\/04\/20\/rassemblement-a-paris-pour-la-liberation-des-detenus-politiques-en-tunisie\/","og_locale":"fr_FR","og_type":"article","og_title":"Rassemblement \u00e0 Paris pour la lib\u00e9ration des d\u00e9tenus politiques en Tunisie - Kapitalis","og_description":"Rassemblement \u00e0 Paris pour exiger la lib\u00e9ration des prisonniers politiques et d\u2019opinion en Tunisie.","og_url":"https:\/\/kapitalis.com\/tunisie\/2023\/04\/20\/rassemblement-a-paris-pour-la-liberation-des-detenus-politiques-en-tunisie\/","og_site_name":"Kapitalis","article_publisher":"https:\/\/www.facebook.com\/KapitalisInfo\/","article_published_time":"2023-04-20T10:22:30+00:00","article_modified_time":"2023-04-20T10:22:31+00:00","og_image":[{"width":1200,"height":630,"url":"https:\/\/kapitalis.com\/tunisie\/wp-content\/uploads\/2023\/04\/prisonniers.jpg","type":"image\/jpeg"}],"author":"webmaster kapitalis","twitter_card":"summary_large_image","twitter_creator":"@KapitalisInfo","twitter_site":"@KapitalisInfo","twitter_misc":{"\u00c9crit par":"webmaster kapitalis","Dur\u00e9e de lecture estim\u00e9e":"3 minutes"},"schema":{"@context":"https:\/\/schema.org","@graph":[{"@type":"Article","@id":"https:\/\/kapitalis.com\/tunisie\/2023\/04\/20\/rassemblement-a-paris-pour-la-liberation-des-detenus-politiques-en-tunisie\/#article","isPartOf":{"@id":"https:\/\/kapitalis.com\/tunisie\/2023\/04\/20\/rassemblement-a-paris-pour-la-liberation-des-detenus-politiques-en-tunisie\/"},"author":{"name":"webmaster kapitalis","@id":"https:\/\/kapitalis.com\/tunisie\/#\/schema\/person\/d71f33a9ca44f7bad4698210b480c8e9"},"headline":"Rassemblement \u00e0 Paris pour la lib\u00e9ration des d\u00e9tenus politiques en Tunisie","datePublished":"2023-04-20T10:22:30+00:00","dateModified":"2023-04-20T10:22:31+00:00","mainEntityOfPage":{"@id":"https:\/\/kapitalis.com\/tunisie\/2023\/04\/20\/rassemblement-a-paris-pour-la-liberation-des-detenus-politiques-en-tunisie\/"},"wordCount":530,"commentCount":9,"publisher":{"@id":"https:\/\/kapitalis.com\/tunisie\/#organization"},"image":{"@id":"https:\/\/kapitalis.com\/tunisie\/2023\/04\/20\/rassemblement-a-paris-pour-la-liberation-des-detenus-politiques-en-tunisie\/#primaryimage"},"thumbnailUrl":"https:\/\/kapitalis.com\/tunisie\/wp-content\/uploads\/2023\/04\/prisonniers.jpg","keywords":["d\u00e9tenus politiques","Tunisie"],"articleSection":["POLITIQUE","Tunisie"],"inLanguage":"fr-FR","potentialAction":[{"@type":"CommentAction","name":"Comment","target":["https:\/\/kapitalis.com\/tunisie\/2023\/04\/20\/rassemblement-a-paris-pour-la-liberation-des-detenus-politiques-en-tunisie\/#respond"]}]},{"@type":"WebPage","@id":"https:\/\/kapitalis.com\/tunisie\/2023\/04\/20\/rassemblement-a-paris-pour-la-liberation-des-detenus-politiques-en-tunisie\/","url":"https:\/\/kapitalis.com\/tunisie\/2023\/04\/20\/rassemblement-a-paris-pour-la-liberation-des-detenus-politiques-en-tunisie\/","name":"Rassemblement \u00e0 Paris pour la lib\u00e9ration des d\u00e9tenus politiques en Tunisie - Kapitalis","isPartOf":{"@id":"https:\/\/kapitalis.com\/tunisie\/#website"},"primaryImageOfPage":{"@id":"https:\/\/kapitalis.com\/tunisie\/2023\/04\/20\/rassemblement-a-paris-pour-la-liberation-des-detenus-politiques-en-tunisie\/#primaryimage"},"image":{"@id":"https:\/\/kapitalis.com\/tunisie\/2023\/04\/20\/rassemblement-a-paris-pour-la-liberation-des-detenus-politiques-en-tunisie\/#primaryimage"},"thumbnailUrl":"https:\/\/kapitalis.com\/tunisie\/wp-content\/uploads\/2023\/04\/prisonniers.jpg","datePublished":"2023-04-20T10:22:30+00:00","dateModified":"2023-04-20T10:22:31+00:00","breadcrumb":{"@id":"https:\/\/kapitalis.com\/tunisie\/2023\/04\/20\/rassemblement-a-paris-pour-la-liberation-des-detenus-politiques-en-tunisie\/#breadcrumb"},"inLanguage":"fr-FR","potentialAction":[{"@type":"ReadAction","target":["https:\/\/kapitalis.com\/tunisie\/2023\/04\/20\/rassemblement-a-paris-pour-la-liberation-des-detenus-politiques-en-tunisie\/"]}]},{"@type":"ImageObject","inLanguage":"fr-FR","@id":"https:\/\/kapitalis.com\/tunisie\/2023\/04\/20\/rassemblement-a-paris-pour-la-liberation-des-detenus-politiques-en-tunisie\/#primaryimage","url":"https:\/\/kapitalis.com\/tunisie\/wp-content\/uploads\/2023\/04\/prisonniers.jpg","contentUrl":"https:\/\/kapitalis.com\/tunisie\/wp-content\/uploads\/2023\/04\/prisonniers.jpg","width":1200,"height":630},{"@type":"BreadcrumbList","@id":"https:\/\/kapitalis.com\/tunisie\/2023\/04\/20\/rassemblement-a-paris-pour-la-liberation-des-detenus-politiques-en-tunisie\/#breadcrumb","itemListElement":[{"@type":"ListItem","position":1,"name":"Accueil","item":"https:\/\/kapitalis.com\/tunisie\/"},{"@type":"ListItem","position":2,"name":"Rassemblement \u00e0 Paris pour la lib\u00e9ration des d\u00e9tenus politiques en Tunisie"}]},{"@type":"WebSite","@id":"https:\/\/kapitalis.com\/tunisie\/#website","url":"https:\/\/kapitalis.com\/tunisie\/","name":"Kapitalis","description":"L&#039;actualit\u00e9 en Tunisie et dans le monde","publisher":{"@id":"https:\/\/kapitalis.com\/tunisie\/#organization"},"potentialAction":[{"@type":"SearchAction","target":{"@type":"EntryPoint","urlTemplate":"https:\/\/kapitalis.com\/tunisie\/?s={search_term_string}"},"query-input":{"@type":"PropertyValueSpecification","valueRequired":true,"valueName":"search_term_string"}}],"inLanguage":"fr-FR"},{"@type":"Organization","@id":"https:\/\/kapitalis.com\/tunisie\/#organization","name":"Kapitalis","url":"https:\/\/kapitalis.com\/tunisie\/","logo":{"@type":"ImageObject","inLanguage":"fr-FR","@id":"https:\/\/kapitalis.com\/tunisie\/#\/schema\/logo\/image\/","url":"https:\/\/kapitalis.com\/tunisie\/wp-content\/uploads\/2022\/05\/Kapitalis-big-size.png","contentUrl":"https:\/\/kapitalis.com\/tunisie\/wp-content\/uploads\/2022\/05\/Kapitalis-big-size.png","width":5000,"height":1500,"caption":"Kapitalis"},"image":{"@id":"https:\/\/kapitalis.com\/tunisie\/#\/schema\/logo\/image\/"},"sameAs":["https:\/\/www.facebook.com\/KapitalisInfo\/","https:\/\/x.com\/KapitalisInfo","https:\/\/www.youtube.com\/channel\/UC-yDYrHyfFBWWZaOw3FPg9Q"]},{"@type":"Person","@id":"https:\/\/kapitalis.com\/tunisie\/#\/schema\/person\/d71f33a9ca44f7bad4698210b480c8e9","name":"webmaster kapitalis","url":"https:\/\/kapitalis.com\/tunisie\/author\/webmaster-kapitalis\/"}]}},"_links":{"self":[{"href":"https:\/\/kapitalis.com\/tunisie\/wp-json\/wp\/v2\/posts\/7536067","targetHints":{"allow":["GET"]}}],"collection":[{"href":"https:\/\/kapitalis.com\/tunisie\/wp-json\/wp\/v2\/posts"}],"about":[{"href":"https:\/\/kapitalis.com\/tunisie\/wp-json\/wp\/v2\/types\/post"}],"author":[{"embeddable":true,"href":"https:\/\/kapitalis.com\/tunisie\/wp-json\/wp\/v2\/users\/8"}],"replies":[{"embeddable":true,"href":"https:\/\/kapitalis.com\/tunisie\/wp-json\/wp\/v2\/comments?post=7536067"}],"version-history":[{"count":1,"href":"https:\/\/kapitalis.com\/tunisie\/wp-json\/wp\/v2\/posts\/7536067\/revisions"}],"predecessor-version":[{"id":7536166,"href":"https:\/\/kapitalis.com\/tunisie\/wp-json\/wp\/v2\/posts\/7536067\/revisions\/7536166"}],"wp:featuredmedia":[{"embeddable":true,"href":"https:\/\/kapitalis.com\/tunisie\/wp-json\/wp\/v2\/media\/7294660"}],"wp:attachment":[{"href":"https:\/\/kapitalis.com\/tunisie\/wp-json\/wp\/v2\/media?parent=7536067"}],"wp:term":[{"taxonomy":"category","embeddable":true,"href":"https:\/\/kapitalis.com\/tunisie\/wp-json\/wp\/v2\/categories?post=7536067"},{"taxonomy":"post_tag","embeddable":true,"href":"https:\/\/kapitalis.com\/tunisie\/wp-json\/wp\/v2\/tags?post=7536067"}],"curies":[{"name":"wp","href":"https:\/\/api.w.org\/{rel}","templated":true}]}}