{"id":75571,"date":"2016-12-15T08:06:18","date_gmt":"2016-12-15T07:06:18","guid":{"rendered":"http:\/\/kapitalis.com\/tunisie\/?p=75571"},"modified":"2016-12-15T08:06:49","modified_gmt":"2016-12-15T07:06:49","slug":"fetes-de-fin-dannee-pas-decole-le-vendredi-apres-midi-et-le-samedi-matin","status":"publish","type":"post","link":"https:\/\/kapitalis.com\/tunisie\/2016\/12\/15\/fetes-de-fin-dannee-pas-decole-le-vendredi-apres-midi-et-le-samedi-matin\/","title":{"rendered":"F\u00eates de fin d\u2019ann\u00e9e : Pas d\u2019\u00e9cole le vendredi apr\u00e8s-midi et le samedi matin"},"content":{"rendered":"<p style=\"text-align: center;\"><img loading=\"lazy\" decoding=\"async\" class=\"alignnone size-full wp-image-11063\" src=\"http:\/\/kapitalis.com\/tunisie\/wp-content\/uploads\/2015\/08\/Lycee.jpg\" alt=\"\" width=\"626\" height=\"380\" \/><\/p>\n<p><em><strong>Pour les f\u00eates de fin d\u2019ann\u00e9e, les \u00e9l\u00e8ves des \u00e9coles, coll\u00e8ges et lyc\u00e9es n\u2019auront pas cours \u00e0 partir de l\u2019apr\u00e8s-midi du vendredi 30 d\u00e9cembre 2016.<\/strong><\/em><\/p>\n<p><!--more--><\/p>\n<p>C\u2019est ce qu\u2019a indiqu\u00e9 le minist\u00e8re de l\u2019Education, dans un communiqu\u00e9 publi\u00e9 mercredi, pr\u00e9cisant que les cours seront suspendus \u00e0 partir de vendredi apr\u00e8s midi, apr\u00e8s les examens du 1er semestre.<\/p>\n<p>Il n&rsquo;y aura donc pas cours samedi 31 d\u00e9cembre\u00a0et le 1<sup>er<\/sup> janvier \u00e9tant un dimanche, les \u00e9l\u00e8ves reprendront normalement le lundi 2 janvier 2017.<\/p>\n<p>Par ailleurs, les vacances d&rsquo;hiver sont pr\u00e9vues du 7 au 22 janvier 2017.<\/p>\n<p style=\"text-align: right;\"><strong>Y. N.<\/strong><\/p>\n","protected":false},"excerpt":{"rendered":"<p>Pour les f\u00eates de fin d\u2019ann\u00e9e, les \u00e9l\u00e8ves des \u00e9coles, coll\u00e8ges et lyc\u00e9es n\u2019auront pas cours \u00e0 partir de l\u2019apr\u00e8s-midi du vendredi 30 d\u00e9cembre 2016.<\/p>\n","protected":false},"author":6,"featured_media":0,"comment_status":"open","ping_status":"open","sticky":false,"template":"","format":"standard","meta":{"footnotes":""},"categories":[998,2433],"tags":[6256,1750,306,11068,2352],"class_list":["post-75571","post","type-post","status-publish","format-standard","hentry","category-societe","category-tunisie","tag-colleges","tag-ecoles","tag-education","tag-fetes-de-fin-dannee","tag-lycees"],"yoast_head":"<!-- This site is optimized with the Yoast SEO plugin v26.6 - https:\/\/yoast.com\/wordpress\/plugins\/seo\/ -->\n<title>F\u00eates de fin d\u2019ann\u00e9e : Pas d\u2019\u00e9cole le vendredi apr\u00e8s-midi et le samedi matin - Kapitalis<\/title>\n<meta name=\"robots\" content=\"index, follow, max-snippet:-1, max-image-preview:large, max-video-preview:-1\" \/>\n<link rel=\"canonical\" href=\"https:\/\/kapitalis.com\/tunisie\/2016\/12\/15\/fetes-de-fin-dannee-pas-decole-le-vendredi-apres-midi-et-le-samedi-matin\/\" \/>\n<meta property=\"og:locale\" content=\"fr_FR\" \/>\n<meta property=\"og:type\" content=\"article\" \/>\n<meta property=\"og:title\" content=\"F\u00eates de fin d\u2019ann\u00e9e : Pas d\u2019\u00e9cole le vendredi apr\u00e8s-midi et le samedi matin - Kapitalis\" \/>\n<meta property=\"og:description\" content=\"Pour les f\u00eates de fin d\u2019ann\u00e9e, les \u00e9l\u00e8ves des \u00e9coles, coll\u00e8ges et lyc\u00e9es n\u2019auront pas cours \u00e0 partir de l\u2019apr\u00e8s-midi du vendredi 30 d\u00e9cembre 2016.\" \/>\n<meta property=\"og:url\" content=\"https:\/\/kapitalis.com\/tunisie\/2016\/12\/15\/fetes-de-fin-dannee-pas-decole-le-vendredi-apres-midi-et-le-samedi-matin\/\" \/>\n<meta property=\"og:site_name\" content=\"Kapitalis\" \/>\n<meta property=\"article:publisher\" content=\"https:\/\/www.facebook.com\/KapitalisInfo\/\" \/>\n<meta property=\"article:published_time\" content=\"2016-12-15T07:06:18+00:00\" \/>\n<meta property=\"article:modified_time\" content=\"2016-12-15T07:06:49+00:00\" \/>\n<meta property=\"og:image\" content=\"http:\/\/kapitalis.com\/tunisie\/wp-content\/uploads\/2015\/08\/Lycee.jpg\" \/>\n<meta name=\"author\" content=\"Yusra NY\" \/>\n<meta name=\"twitter:card\" content=\"summary_large_image\" \/>\n<meta name=\"twitter:creator\" content=\"@KapitalisInfo\" \/>\n<meta name=\"twitter:site\" content=\"@KapitalisInfo\" \/>\n<meta name=\"twitter:label1\" content=\"\u00c9crit par\" \/>\n\t<meta name=\"twitter:data1\" content=\"Yusra NY\" \/>\n\t<meta name=\"twitter:label2\" content=\"Dur\u00e9e de lecture estim\u00e9e\" \/>\n\t<meta name=\"twitter:data2\" content=\"1 minute\" \/>\n<script type=\"application\/ld+json\" class=\"yoast-schema-graph\">{\"@context\":\"https:\/\/schema.org\",\"@graph\":[{\"@type\":\"Article\",\"@id\":\"https:\/\/kapitalis.com\/tunisie\/2016\/12\/15\/fetes-de-fin-dannee-pas-decole-le-vendredi-apres-midi-et-le-samedi-matin\/#article\",\"isPartOf\":{\"@id\":\"https:\/\/kapitalis.com\/tunisie\/2016\/12\/15\/fetes-de-fin-dannee-pas-decole-le-vendredi-apres-midi-et-le-samedi-matin\/\"},\"author\":{\"name\":\"Yusra NY\",\"@id\":\"https:\/\/kapitalis.com\/tunisie\/#\/schema\/person\/74bbde0154d49d790a92aaeac5bc01d5\"},\"headline\":\"F\u00eates de fin d\u2019ann\u00e9e : Pas d\u2019\u00e9cole le vendredi apr\u00e8s-midi et le samedi matin\",\"datePublished\":\"2016-12-15T07:06:18+00:00\",\"dateModified\":\"2016-12-15T07:06:49+00:00\",\"mainEntityOfPage\":{\"@id\":\"https:\/\/kapitalis.com\/tunisie\/2016\/12\/15\/fetes-de-fin-dannee-pas-decole-le-vendredi-apres-midi-et-le-samedi-matin\/\"},\"wordCount\":124,\"commentCount\":0,\"publisher\":{\"@id\":\"https:\/\/kapitalis.com\/tunisie\/#organization\"},\"image\":{\"@id\":\"https:\/\/kapitalis.com\/tunisie\/2016\/12\/15\/fetes-de-fin-dannee-pas-decole-le-vendredi-apres-midi-et-le-samedi-matin\/#primaryimage\"},\"thumbnailUrl\":\"http:\/\/kapitalis.com\/tunisie\/wp-content\/uploads\/2015\/08\/Lycee.jpg\",\"keywords\":[\"coll\u00e8ges\",\"\u00e9coles\",\"\u00e9ducation\",\"f\u00eates de fin d'ann\u00e9e\",\"lyc\u00e9es\"],\"articleSection\":[\"SOCIETE\",\"Tunisie\"],\"inLanguage\":\"fr-FR\",\"potentialAction\":[{\"@type\":\"CommentAction\",\"name\":\"Comment\",\"target\":[\"https:\/\/kapitalis.com\/tunisie\/2016\/12\/15\/fetes-de-fin-dannee-pas-decole-le-vendredi-apres-midi-et-le-samedi-matin\/#respond\"]}]},{\"@type\":\"WebPage\",\"@id\":\"https:\/\/kapitalis.com\/tunisie\/2016\/12\/15\/fetes-de-fin-dannee-pas-decole-le-vendredi-apres-midi-et-le-samedi-matin\/\",\"url\":\"https:\/\/kapitalis.com\/tunisie\/2016\/12\/15\/fetes-de-fin-dannee-pas-decole-le-vendredi-apres-midi-et-le-samedi-matin\/\",\"name\":\"F\u00eates de fin d\u2019ann\u00e9e : Pas d\u2019\u00e9cole le vendredi apr\u00e8s-midi et le samedi matin - Kapitalis\",\"isPartOf\":{\"@id\":\"https:\/\/kapitalis.com\/tunisie\/#website\"},\"primaryImageOfPage\":{\"@id\":\"https:\/\/kapitalis.com\/tunisie\/2016\/12\/15\/fetes-de-fin-dannee-pas-decole-le-vendredi-apres-midi-et-le-samedi-matin\/#primaryimage\"},\"image\":{\"@id\":\"https:\/\/kapitalis.com\/tunisie\/2016\/12\/15\/fetes-de-fin-dannee-pas-decole-le-vendredi-apres-midi-et-le-samedi-matin\/#primaryimage\"},\"thumbnailUrl\":\"http:\/\/kapitalis.com\/tunisie\/wp-content\/uploads\/2015\/08\/Lycee.jpg\",\"datePublished\":\"2016-12-15T07:06:18+00:00\",\"dateModified\":\"2016-12-15T07:06:49+00:00\",\"breadcrumb\":{\"@id\":\"https:\/\/kapitalis.com\/tunisie\/2016\/12\/15\/fetes-de-fin-dannee-pas-decole-le-vendredi-apres-midi-et-le-samedi-matin\/#breadcrumb\"},\"inLanguage\":\"fr-FR\",\"potentialAction\":[{\"@type\":\"ReadAction\",\"target\":[\"https:\/\/kapitalis.com\/tunisie\/2016\/12\/15\/fetes-de-fin-dannee-pas-decole-le-vendredi-apres-midi-et-le-samedi-matin\/\"]}]},{\"@type\":\"ImageObject\",\"inLanguage\":\"fr-FR\",\"@id\":\"https:\/\/kapitalis.com\/tunisie\/2016\/12\/15\/fetes-de-fin-dannee-pas-decole-le-vendredi-apres-midi-et-le-samedi-matin\/#primaryimage\",\"url\":\"http:\/\/kapitalis.com\/tunisie\/wp-content\/uploads\/2015\/08\/Lycee.jpg\",\"contentUrl\":\"http:\/\/kapitalis.com\/tunisie\/wp-content\/uploads\/2015\/08\/Lycee.jpg\"},{\"@type\":\"BreadcrumbList\",\"@id\":\"https:\/\/kapitalis.com\/tunisie\/2016\/12\/15\/fetes-de-fin-dannee-pas-decole-le-vendredi-apres-midi-et-le-samedi-matin\/#breadcrumb\",\"itemListElement\":[{\"@type\":\"ListItem\",\"position\":1,\"name\":\"Accueil\",\"item\":\"https:\/\/kapitalis.com\/tunisie\/\"},{\"@type\":\"ListItem\",\"position\":2,\"name\":\"F\u00eates de fin d\u2019ann\u00e9e : Pas d\u2019\u00e9cole le vendredi apr\u00e8s-midi et le samedi matin\"}]},{\"@type\":\"WebSite\",\"@id\":\"https:\/\/kapitalis.com\/tunisie\/#website\",\"url\":\"https:\/\/kapitalis.com\/tunisie\/\",\"name\":\"Kapitalis\",\"description\":\"L&#039;actualit\u00e9 en Tunisie et dans le monde\",\"publisher\":{\"@id\":\"https:\/\/kapitalis.com\/tunisie\/#organization\"},\"potentialAction\":[{\"@type\":\"SearchAction\",\"target\":{\"@type\":\"EntryPoint\",\"urlTemplate\":\"https:\/\/kapitalis.com\/tunisie\/?s={search_term_string}\"},\"query-input\":{\"@type\":\"PropertyValueSpecification\",\"valueRequired\":true,\"valueName\":\"search_term_string\"}}],\"inLanguage\":\"fr-FR\"},{\"@type\":\"Organization\",\"@id\":\"https:\/\/kapitalis.com\/tunisie\/#organization\",\"name\":\"Kapitalis\",\"url\":\"https:\/\/kapitalis.com\/tunisie\/\",\"logo\":{\"@type\":\"ImageObject\",\"inLanguage\":\"fr-FR\",\"@id\":\"https:\/\/kapitalis.com\/tunisie\/#\/schema\/logo\/image\/\",\"url\":\"https:\/\/kapitalis.com\/tunisie\/wp-content\/uploads\/2022\/05\/Kapitalis-big-size.png\",\"contentUrl\":\"https:\/\/kapitalis.com\/tunisie\/wp-content\/uploads\/2022\/05\/Kapitalis-big-size.png\",\"width\":5000,\"height\":1500,\"caption\":\"Kapitalis\"},\"image\":{\"@id\":\"https:\/\/kapitalis.com\/tunisie\/#\/schema\/logo\/image\/\"},\"sameAs\":[\"https:\/\/www.facebook.com\/KapitalisInfo\/\",\"https:\/\/x.com\/KapitalisInfo\",\"https:\/\/www.youtube.com\/channel\/UC-yDYrHyfFBWWZaOw3FPg9Q\"]},{\"@type\":\"Person\",\"@id\":\"https:\/\/kapitalis.com\/tunisie\/#\/schema\/person\/74bbde0154d49d790a92aaeac5bc01d5\",\"name\":\"Yusra NY\",\"url\":\"https:\/\/kapitalis.com\/tunisie\/author\/yuza_adam\/\"}]}<\/script>\n<!-- \/ Yoast SEO plugin. -->","yoast_head_json":{"title":"F\u00eates de fin d\u2019ann\u00e9e : Pas d\u2019\u00e9cole le vendredi apr\u00e8s-midi et le samedi matin - Kapitalis","robots":{"index":"index","follow":"follow","max-snippet":"max-snippet:-1","max-image-preview":"max-image-preview:large","max-video-preview":"max-video-preview:-1"},"canonical":"https:\/\/kapitalis.com\/tunisie\/2016\/12\/15\/fetes-de-fin-dannee-pas-decole-le-vendredi-apres-midi-et-le-samedi-matin\/","og_locale":"fr_FR","og_type":"article","og_title":"F\u00eates de fin d\u2019ann\u00e9e : Pas d\u2019\u00e9cole le vendredi apr\u00e8s-midi et le samedi matin - Kapitalis","og_description":"Pour les f\u00eates de fin d\u2019ann\u00e9e, les \u00e9l\u00e8ves des \u00e9coles, coll\u00e8ges et lyc\u00e9es n\u2019auront pas cours \u00e0 partir de l\u2019apr\u00e8s-midi du vendredi 30 d\u00e9cembre 2016.","og_url":"https:\/\/kapitalis.com\/tunisie\/2016\/12\/15\/fetes-de-fin-dannee-pas-decole-le-vendredi-apres-midi-et-le-samedi-matin\/","og_site_name":"Kapitalis","article_publisher":"https:\/\/www.facebook.com\/KapitalisInfo\/","article_published_time":"2016-12-15T07:06:18+00:00","article_modified_time":"2016-12-15T07:06:49+00:00","og_image":[{"url":"http:\/\/kapitalis.com\/tunisie\/wp-content\/uploads\/2015\/08\/Lycee.jpg","type":"","width":"","height":""}],"author":"Yusra NY","twitter_card":"summary_large_image","twitter_creator":"@KapitalisInfo","twitter_site":"@KapitalisInfo","twitter_misc":{"\u00c9crit par":"Yusra NY","Dur\u00e9e de lecture estim\u00e9e":"1 minute"},"schema":{"@context":"https:\/\/schema.org","@graph":[{"@type":"Article","@id":"https:\/\/kapitalis.com\/tunisie\/2016\/12\/15\/fetes-de-fin-dannee-pas-decole-le-vendredi-apres-midi-et-le-samedi-matin\/#article","isPartOf":{"@id":"https:\/\/kapitalis.com\/tunisie\/2016\/12\/15\/fetes-de-fin-dannee-pas-decole-le-vendredi-apres-midi-et-le-samedi-matin\/"},"author":{"name":"Yusra NY","@id":"https:\/\/kapitalis.com\/tunisie\/#\/schema\/person\/74bbde0154d49d790a92aaeac5bc01d5"},"headline":"F\u00eates de fin d\u2019ann\u00e9e : Pas d\u2019\u00e9cole le vendredi apr\u00e8s-midi et le samedi matin","datePublished":"2016-12-15T07:06:18+00:00","dateModified":"2016-12-15T07:06:49+00:00","mainEntityOfPage":{"@id":"https:\/\/kapitalis.com\/tunisie\/2016\/12\/15\/fetes-de-fin-dannee-pas-decole-le-vendredi-apres-midi-et-le-samedi-matin\/"},"wordCount":124,"commentCount":0,"publisher":{"@id":"https:\/\/kapitalis.com\/tunisie\/#organization"},"image":{"@id":"https:\/\/kapitalis.com\/tunisie\/2016\/12\/15\/fetes-de-fin-dannee-pas-decole-le-vendredi-apres-midi-et-le-samedi-matin\/#primaryimage"},"thumbnailUrl":"http:\/\/kapitalis.com\/tunisie\/wp-content\/uploads\/2015\/08\/Lycee.jpg","keywords":["coll\u00e8ges","\u00e9coles","\u00e9ducation","f\u00eates de fin d'ann\u00e9e","lyc\u00e9es"],"articleSection":["SOCIETE","Tunisie"],"inLanguage":"fr-FR","potentialAction":[{"@type":"CommentAction","name":"Comment","target":["https:\/\/kapitalis.com\/tunisie\/2016\/12\/15\/fetes-de-fin-dannee-pas-decole-le-vendredi-apres-midi-et-le-samedi-matin\/#respond"]}]},{"@type":"WebPage","@id":"https:\/\/kapitalis.com\/tunisie\/2016\/12\/15\/fetes-de-fin-dannee-pas-decole-le-vendredi-apres-midi-et-le-samedi-matin\/","url":"https:\/\/kapitalis.com\/tunisie\/2016\/12\/15\/fetes-de-fin-dannee-pas-decole-le-vendredi-apres-midi-et-le-samedi-matin\/","name":"F\u00eates de fin d\u2019ann\u00e9e : Pas d\u2019\u00e9cole le vendredi apr\u00e8s-midi et le samedi matin - Kapitalis","isPartOf":{"@id":"https:\/\/kapitalis.com\/tunisie\/#website"},"primaryImageOfPage":{"@id":"https:\/\/kapitalis.com\/tunisie\/2016\/12\/15\/fetes-de-fin-dannee-pas-decole-le-vendredi-apres-midi-et-le-samedi-matin\/#primaryimage"},"image":{"@id":"https:\/\/kapitalis.com\/tunisie\/2016\/12\/15\/fetes-de-fin-dannee-pas-decole-le-vendredi-apres-midi-et-le-samedi-matin\/#primaryimage"},"thumbnailUrl":"http:\/\/kapitalis.com\/tunisie\/wp-content\/uploads\/2015\/08\/Lycee.jpg","datePublished":"2016-12-15T07:06:18+00:00","dateModified":"2016-12-15T07:06:49+00:00","breadcrumb":{"@id":"https:\/\/kapitalis.com\/tunisie\/2016\/12\/15\/fetes-de-fin-dannee-pas-decole-le-vendredi-apres-midi-et-le-samedi-matin\/#breadcrumb"},"inLanguage":"fr-FR","potentialAction":[{"@type":"ReadAction","target":["https:\/\/kapitalis.com\/tunisie\/2016\/12\/15\/fetes-de-fin-dannee-pas-decole-le-vendredi-apres-midi-et-le-samedi-matin\/"]}]},{"@type":"ImageObject","inLanguage":"fr-FR","@id":"https:\/\/kapitalis.com\/tunisie\/2016\/12\/15\/fetes-de-fin-dannee-pas-decole-le-vendredi-apres-midi-et-le-samedi-matin\/#primaryimage","url":"http:\/\/kapitalis.com\/tunisie\/wp-content\/uploads\/2015\/08\/Lycee.jpg","contentUrl":"http:\/\/kapitalis.com\/tunisie\/wp-content\/uploads\/2015\/08\/Lycee.jpg"},{"@type":"BreadcrumbList","@id":"https:\/\/kapitalis.com\/tunisie\/2016\/12\/15\/fetes-de-fin-dannee-pas-decole-le-vendredi-apres-midi-et-le-samedi-matin\/#breadcrumb","itemListElement":[{"@type":"ListItem","position":1,"name":"Accueil","item":"https:\/\/kapitalis.com\/tunisie\/"},{"@type":"ListItem","position":2,"name":"F\u00eates de fin d\u2019ann\u00e9e : Pas d\u2019\u00e9cole le vendredi apr\u00e8s-midi et le samedi matin"}]},{"@type":"WebSite","@id":"https:\/\/kapitalis.com\/tunisie\/#website","url":"https:\/\/kapitalis.com\/tunisie\/","name":"Kapitalis","description":"L&#039;actualit\u00e9 en Tunisie et dans le monde","publisher":{"@id":"https:\/\/kapitalis.com\/tunisie\/#organization"},"potentialAction":[{"@type":"SearchAction","target":{"@type":"EntryPoint","urlTemplate":"https:\/\/kapitalis.com\/tunisie\/?s={search_term_string}"},"query-input":{"@type":"PropertyValueSpecification","valueRequired":true,"valueName":"search_term_string"}}],"inLanguage":"fr-FR"},{"@type":"Organization","@id":"https:\/\/kapitalis.com\/tunisie\/#organization","name":"Kapitalis","url":"https:\/\/kapitalis.com\/tunisie\/","logo":{"@type":"ImageObject","inLanguage":"fr-FR","@id":"https:\/\/kapitalis.com\/tunisie\/#\/schema\/logo\/image\/","url":"https:\/\/kapitalis.com\/tunisie\/wp-content\/uploads\/2022\/05\/Kapitalis-big-size.png","contentUrl":"https:\/\/kapitalis.com\/tunisie\/wp-content\/uploads\/2022\/05\/Kapitalis-big-size.png","width":5000,"height":1500,"caption":"Kapitalis"},"image":{"@id":"https:\/\/kapitalis.com\/tunisie\/#\/schema\/logo\/image\/"},"sameAs":["https:\/\/www.facebook.com\/KapitalisInfo\/","https:\/\/x.com\/KapitalisInfo","https:\/\/www.youtube.com\/channel\/UC-yDYrHyfFBWWZaOw3FPg9Q"]},{"@type":"Person","@id":"https:\/\/kapitalis.com\/tunisie\/#\/schema\/person\/74bbde0154d49d790a92aaeac5bc01d5","name":"Yusra NY","url":"https:\/\/kapitalis.com\/tunisie\/author\/yuza_adam\/"}]}},"_links":{"self":[{"href":"https:\/\/kapitalis.com\/tunisie\/wp-json\/wp\/v2\/posts\/75571","targetHints":{"allow":["GET"]}}],"collection":[{"href":"https:\/\/kapitalis.com\/tunisie\/wp-json\/wp\/v2\/posts"}],"about":[{"href":"https:\/\/kapitalis.com\/tunisie\/wp-json\/wp\/v2\/types\/post"}],"author":[{"embeddable":true,"href":"https:\/\/kapitalis.com\/tunisie\/wp-json\/wp\/v2\/users\/6"}],"replies":[{"embeddable":true,"href":"https:\/\/kapitalis.com\/tunisie\/wp-json\/wp\/v2\/comments?post=75571"}],"version-history":[{"count":0,"href":"https:\/\/kapitalis.com\/tunisie\/wp-json\/wp\/v2\/posts\/75571\/revisions"}],"wp:attachment":[{"href":"https:\/\/kapitalis.com\/tunisie\/wp-json\/wp\/v2\/media?parent=75571"}],"wp:term":[{"taxonomy":"category","embeddable":true,"href":"https:\/\/kapitalis.com\/tunisie\/wp-json\/wp\/v2\/categories?post=75571"},{"taxonomy":"post_tag","embeddable":true,"href":"https:\/\/kapitalis.com\/tunisie\/wp-json\/wp\/v2\/tags?post=75571"}],"curies":[{"name":"wp","href":"https:\/\/api.w.org\/{rel}","templated":true}]}}