{"id":7566574,"date":"2023-04-22T21:39:20","date_gmt":"2023-04-22T20:39:20","guid":{"rendered":"https:\/\/kapitalis.com\/tunisie\/?p=7566574"},"modified":"2023-04-22T21:42:13","modified_gmt":"2023-04-22T20:42:13","slug":"tunisie-ghazi-chaouachi-comparaitra-le-25-avril-devant-le-juge-dinstruction","status":"publish","type":"post","link":"https:\/\/kapitalis.com\/tunisie\/2023\/04\/22\/tunisie-ghazi-chaouachi-comparaitra-le-25-avril-devant-le-juge-dinstruction\/","title":{"rendered":"Tunisie : Ghazi Chaouachi compara\u00eetra le 25 avril devant le juge d&rsquo;instruction"},"content":{"rendered":"\n<p><em><strong>Ayachi Hammami membre du comit\u00e9 de d\u00e9fense de Ghazi Chaouachi a annonc\u00e9 que son client compara\u00eetra, mardi 25 avril 2023, devant le juge d\u2019instruction du bureau 18 pr\u00e8s le Tribunal de premi\u00e8re instance, et ce, sur la base du d\u00e9cret 54 suite \u00e0 une plainte d\u00e9pos\u00e9e par la ministre de la Justice Leila Jaffel.<\/strong><\/em><\/p>\n\n\n\n<!--more-->\n\n\n\n<p>Dans un communiqu\u00e9 publi\u00e9 ce samedi 22 avril, Me Ayachi a appel\u00e9 les avocats \u00e0 soutenir leur confr\u00e8re Ghazi Chaouachi, en d\u00e9tention depuis f\u00e9vrier dernier dans le cadre de l&rsquo;affaire dite de complot contre le s\u00fbret\u00e9 de l\u2019\u00c9tat, et \u00e0 se mobiliser pour faire face au tr\u00e8s controvers\u00e9 d\u00e9cret 54 relatif \u00e0 la lutte contre les infractions se rapportant aux syst\u00e8mes d&rsquo;information et de communication.<\/p>\n\n\n\n<p>Ayachi Hammami a \u00e9galement, appel\u00e9 les journalistes et les m\u00e9dias<em> \u00ab\u00e0 \u00eatre pr\u00e9sents et \u00e0 suivre de pr\u00e8s l&rsquo;affaire li\u00e9e \u00e0 ce d\u00e9cret qui porte atteinte \u00e0 leur mission et \u00e0 la libert\u00e9 d&rsquo;expression et de la presse. Il s&rsquo;agit d&rsquo;une arme point\u00e9e vers toute voix libre\u00bb<\/em>, a-t-il comment\u00e9.<\/p>\n\n\n\n<p class=\"has-text-align-right\"><strong>Y. N.<\/strong><\/p>\n","protected":false},"excerpt":{"rendered":"<p>Tunisie : Ghazi Chaouachi compara\u00eetra le 25 avril devant le juge d&rsquo;instruction<\/p>\n","protected":false},"author":6,"featured_media":1183543,"comment_status":"open","ping_status":"open","sticky":false,"template":"","format":"standard","meta":{"footnotes":""},"categories":[997,2433],"tags":[31970,102998,15936,87491,4359,721,62643],"class_list":["post-7566574","post","type-post","status-publish","format-standard","has-post-thumbnail","hentry","category-politique","category-tunisie","tag-ayachi-hammami","tag-decret-54","tag-ghazi-chaouachi","tag-leila-jaffel-2","tag-ministre-justice","tag-plainte","tag-tunisie"],"yoast_head":"<!-- This site is optimized with the Yoast SEO plugin v26.6 - https:\/\/yoast.com\/wordpress\/plugins\/seo\/ -->\n<title>Tunisie : Ghazi Chaouachi compara\u00eetra le 25 avril devant le juge d&#039;instruction - Kapitalis<\/title>\n<meta name=\"description\" content=\"Ayachi Hammami membre du comit\u00e9 de d\u00e9fense de Ghazi Chaouachi a annonc\u00e9 que son client compara\u00eetra, mardi 25 avril 2023, devant le juge d\u2019instruction du bureau 18 pr\u00e8s le Tribunal de premi\u00e8re instance, et ce, sur la base du d\u00e9cret 54 suite \u00e0 une plainte d\u00e9pos\u00e9e par la ministre de la Justice Leila Jaffel.\" \/>\n<meta name=\"robots\" content=\"index, follow, max-snippet:-1, max-image-preview:large, max-video-preview:-1\" \/>\n<link rel=\"canonical\" href=\"https:\/\/kapitalis.com\/tunisie\/2023\/04\/22\/tunisie-ghazi-chaouachi-comparaitra-le-25-avril-devant-le-juge-dinstruction\/\" \/>\n<meta property=\"og:locale\" content=\"fr_FR\" \/>\n<meta property=\"og:type\" content=\"article\" \/>\n<meta property=\"og:title\" content=\"Tunisie : Ghazi Chaouachi compara\u00eetra le 25 avril devant le juge d&#039;instruction - Kapitalis\" \/>\n<meta property=\"og:description\" content=\"Ayachi Hammami membre du comit\u00e9 de d\u00e9fense de Ghazi Chaouachi a annonc\u00e9 que son client compara\u00eetra, mardi 25 avril 2023, devant le juge d\u2019instruction du bureau 18 pr\u00e8s le Tribunal de premi\u00e8re instance, et ce, sur la base du d\u00e9cret 54 suite \u00e0 une plainte d\u00e9pos\u00e9e par la ministre de la Justice Leila Jaffel.\" \/>\n<meta property=\"og:url\" content=\"https:\/\/kapitalis.com\/tunisie\/2023\/04\/22\/tunisie-ghazi-chaouachi-comparaitra-le-25-avril-devant-le-juge-dinstruction\/\" \/>\n<meta property=\"og:site_name\" content=\"Kapitalis\" \/>\n<meta property=\"article:publisher\" content=\"https:\/\/www.facebook.com\/KapitalisInfo\/\" \/>\n<meta property=\"article:published_time\" content=\"2023-04-22T20:39:20+00:00\" \/>\n<meta property=\"article:modified_time\" content=\"2023-04-22T20:42:13+00:00\" \/>\n<meta property=\"og:image\" content=\"https:\/\/kapitalis.com\/tunisie\/wp-content\/uploads\/2022\/06\/Ghazi-Chaouachi.jpg\" \/>\n\t<meta property=\"og:image:width\" content=\"1200\" \/>\n\t<meta property=\"og:image:height\" content=\"630\" \/>\n\t<meta property=\"og:image:type\" content=\"image\/jpeg\" \/>\n<meta name=\"author\" content=\"Yusra NY\" \/>\n<meta name=\"twitter:card\" content=\"summary_large_image\" \/>\n<meta name=\"twitter:creator\" content=\"@KapitalisInfo\" \/>\n<meta name=\"twitter:site\" content=\"@KapitalisInfo\" \/>\n<meta name=\"twitter:label1\" content=\"\u00c9crit par\" \/>\n\t<meta name=\"twitter:data1\" content=\"Yusra NY\" \/>\n\t<meta name=\"twitter:label2\" content=\"Dur\u00e9e de lecture estim\u00e9e\" \/>\n\t<meta name=\"twitter:data2\" content=\"1 minute\" \/>\n<script type=\"application\/ld+json\" class=\"yoast-schema-graph\">{\"@context\":\"https:\/\/schema.org\",\"@graph\":[{\"@type\":\"Article\",\"@id\":\"https:\/\/kapitalis.com\/tunisie\/2023\/04\/22\/tunisie-ghazi-chaouachi-comparaitra-le-25-avril-devant-le-juge-dinstruction\/#article\",\"isPartOf\":{\"@id\":\"https:\/\/kapitalis.com\/tunisie\/2023\/04\/22\/tunisie-ghazi-chaouachi-comparaitra-le-25-avril-devant-le-juge-dinstruction\/\"},\"author\":{\"name\":\"Yusra NY\",\"@id\":\"https:\/\/kapitalis.com\/tunisie\/#\/schema\/person\/74bbde0154d49d790a92aaeac5bc01d5\"},\"headline\":\"Tunisie : Ghazi Chaouachi compara\u00eetra le 25 avril devant le juge d&rsquo;instruction\",\"datePublished\":\"2023-04-22T20:39:20+00:00\",\"dateModified\":\"2023-04-22T20:42:13+00:00\",\"mainEntityOfPage\":{\"@id\":\"https:\/\/kapitalis.com\/tunisie\/2023\/04\/22\/tunisie-ghazi-chaouachi-comparaitra-le-25-avril-devant-le-juge-dinstruction\/\"},\"wordCount\":188,\"commentCount\":0,\"publisher\":{\"@id\":\"https:\/\/kapitalis.com\/tunisie\/#organization\"},\"image\":{\"@id\":\"https:\/\/kapitalis.com\/tunisie\/2023\/04\/22\/tunisie-ghazi-chaouachi-comparaitra-le-25-avril-devant-le-juge-dinstruction\/#primaryimage\"},\"thumbnailUrl\":\"https:\/\/kapitalis.com\/tunisie\/wp-content\/uploads\/2022\/06\/Ghazi-Chaouachi.jpg\",\"keywords\":[\"Ayachi Hammami\",\"d\u00e9cret 54\",\"Ghazi Chaouachi\",\"Leila Jaffel\",\"ministre justice\",\"plainte\",\"Tunisie\"],\"articleSection\":[\"POLITIQUE\",\"Tunisie\"],\"inLanguage\":\"fr-FR\",\"potentialAction\":[{\"@type\":\"CommentAction\",\"name\":\"Comment\",\"target\":[\"https:\/\/kapitalis.com\/tunisie\/2023\/04\/22\/tunisie-ghazi-chaouachi-comparaitra-le-25-avril-devant-le-juge-dinstruction\/#respond\"]}]},{\"@type\":\"WebPage\",\"@id\":\"https:\/\/kapitalis.com\/tunisie\/2023\/04\/22\/tunisie-ghazi-chaouachi-comparaitra-le-25-avril-devant-le-juge-dinstruction\/\",\"url\":\"https:\/\/kapitalis.com\/tunisie\/2023\/04\/22\/tunisie-ghazi-chaouachi-comparaitra-le-25-avril-devant-le-juge-dinstruction\/\",\"name\":\"Tunisie : Ghazi Chaouachi compara\u00eetra le 25 avril devant le juge d'instruction - Kapitalis\",\"isPartOf\":{\"@id\":\"https:\/\/kapitalis.com\/tunisie\/#website\"},\"primaryImageOfPage\":{\"@id\":\"https:\/\/kapitalis.com\/tunisie\/2023\/04\/22\/tunisie-ghazi-chaouachi-comparaitra-le-25-avril-devant-le-juge-dinstruction\/#primaryimage\"},\"image\":{\"@id\":\"https:\/\/kapitalis.com\/tunisie\/2023\/04\/22\/tunisie-ghazi-chaouachi-comparaitra-le-25-avril-devant-le-juge-dinstruction\/#primaryimage\"},\"thumbnailUrl\":\"https:\/\/kapitalis.com\/tunisie\/wp-content\/uploads\/2022\/06\/Ghazi-Chaouachi.jpg\",\"datePublished\":\"2023-04-22T20:39:20+00:00\",\"dateModified\":\"2023-04-22T20:42:13+00:00\",\"description\":\"Ayachi Hammami membre du comit\u00e9 de d\u00e9fense de Ghazi Chaouachi a annonc\u00e9 que son client compara\u00eetra, mardi 25 avril 2023, devant le juge d\u2019instruction du bureau 18 pr\u00e8s le Tribunal de premi\u00e8re instance, et ce, sur la base du d\u00e9cret 54 suite \u00e0 une plainte d\u00e9pos\u00e9e par la ministre de la Justice Leila Jaffel.\",\"breadcrumb\":{\"@id\":\"https:\/\/kapitalis.com\/tunisie\/2023\/04\/22\/tunisie-ghazi-chaouachi-comparaitra-le-25-avril-devant-le-juge-dinstruction\/#breadcrumb\"},\"inLanguage\":\"fr-FR\",\"potentialAction\":[{\"@type\":\"ReadAction\",\"target\":[\"https:\/\/kapitalis.com\/tunisie\/2023\/04\/22\/tunisie-ghazi-chaouachi-comparaitra-le-25-avril-devant-le-juge-dinstruction\/\"]}]},{\"@type\":\"ImageObject\",\"inLanguage\":\"fr-FR\",\"@id\":\"https:\/\/kapitalis.com\/tunisie\/2023\/04\/22\/tunisie-ghazi-chaouachi-comparaitra-le-25-avril-devant-le-juge-dinstruction\/#primaryimage\",\"url\":\"https:\/\/kapitalis.com\/tunisie\/wp-content\/uploads\/2022\/06\/Ghazi-Chaouachi.jpg\",\"contentUrl\":\"https:\/\/kapitalis.com\/tunisie\/wp-content\/uploads\/2022\/06\/Ghazi-Chaouachi.jpg\",\"width\":1200,\"height\":630},{\"@type\":\"BreadcrumbList\",\"@id\":\"https:\/\/kapitalis.com\/tunisie\/2023\/04\/22\/tunisie-ghazi-chaouachi-comparaitra-le-25-avril-devant-le-juge-dinstruction\/#breadcrumb\",\"itemListElement\":[{\"@type\":\"ListItem\",\"position\":1,\"name\":\"Accueil\",\"item\":\"https:\/\/kapitalis.com\/tunisie\/\"},{\"@type\":\"ListItem\",\"position\":2,\"name\":\"Tunisie : Ghazi Chaouachi compara\u00eetra le 25 avril devant le juge d&rsquo;instruction\"}]},{\"@type\":\"WebSite\",\"@id\":\"https:\/\/kapitalis.com\/tunisie\/#website\",\"url\":\"https:\/\/kapitalis.com\/tunisie\/\",\"name\":\"Kapitalis\",\"description\":\"L&#039;actualit\u00e9 en Tunisie et dans le monde\",\"publisher\":{\"@id\":\"https:\/\/kapitalis.com\/tunisie\/#organization\"},\"potentialAction\":[{\"@type\":\"SearchAction\",\"target\":{\"@type\":\"EntryPoint\",\"urlTemplate\":\"https:\/\/kapitalis.com\/tunisie\/?s={search_term_string}\"},\"query-input\":{\"@type\":\"PropertyValueSpecification\",\"valueRequired\":true,\"valueName\":\"search_term_string\"}}],\"inLanguage\":\"fr-FR\"},{\"@type\":\"Organization\",\"@id\":\"https:\/\/kapitalis.com\/tunisie\/#organization\",\"name\":\"Kapitalis\",\"url\":\"https:\/\/kapitalis.com\/tunisie\/\",\"logo\":{\"@type\":\"ImageObject\",\"inLanguage\":\"fr-FR\",\"@id\":\"https:\/\/kapitalis.com\/tunisie\/#\/schema\/logo\/image\/\",\"url\":\"https:\/\/kapitalis.com\/tunisie\/wp-content\/uploads\/2022\/05\/Kapitalis-big-size.png\",\"contentUrl\":\"https:\/\/kapitalis.com\/tunisie\/wp-content\/uploads\/2022\/05\/Kapitalis-big-size.png\",\"width\":5000,\"height\":1500,\"caption\":\"Kapitalis\"},\"image\":{\"@id\":\"https:\/\/kapitalis.com\/tunisie\/#\/schema\/logo\/image\/\"},\"sameAs\":[\"https:\/\/www.facebook.com\/KapitalisInfo\/\",\"https:\/\/x.com\/KapitalisInfo\",\"https:\/\/www.youtube.com\/channel\/UC-yDYrHyfFBWWZaOw3FPg9Q\"]},{\"@type\":\"Person\",\"@id\":\"https:\/\/kapitalis.com\/tunisie\/#\/schema\/person\/74bbde0154d49d790a92aaeac5bc01d5\",\"name\":\"Yusra NY\",\"url\":\"https:\/\/kapitalis.com\/tunisie\/author\/yuza_adam\/\"}]}<\/script>\n<!-- \/ Yoast SEO plugin. -->","yoast_head_json":{"title":"Tunisie : Ghazi Chaouachi compara\u00eetra le 25 avril devant le juge d'instruction - Kapitalis","description":"Ayachi Hammami membre du comit\u00e9 de d\u00e9fense de Ghazi Chaouachi a annonc\u00e9 que son client compara\u00eetra, mardi 25 avril 2023, devant le juge d\u2019instruction du bureau 18 pr\u00e8s le Tribunal de premi\u00e8re instance, et ce, sur la base du d\u00e9cret 54 suite \u00e0 une plainte d\u00e9pos\u00e9e par la ministre de la Justice Leila Jaffel.","robots":{"index":"index","follow":"follow","max-snippet":"max-snippet:-1","max-image-preview":"max-image-preview:large","max-video-preview":"max-video-preview:-1"},"canonical":"https:\/\/kapitalis.com\/tunisie\/2023\/04\/22\/tunisie-ghazi-chaouachi-comparaitra-le-25-avril-devant-le-juge-dinstruction\/","og_locale":"fr_FR","og_type":"article","og_title":"Tunisie : Ghazi Chaouachi compara\u00eetra le 25 avril devant le juge d'instruction - Kapitalis","og_description":"Ayachi Hammami membre du comit\u00e9 de d\u00e9fense de Ghazi Chaouachi a annonc\u00e9 que son client compara\u00eetra, mardi 25 avril 2023, devant le juge d\u2019instruction du bureau 18 pr\u00e8s le Tribunal de premi\u00e8re instance, et ce, sur la base du d\u00e9cret 54 suite \u00e0 une plainte d\u00e9pos\u00e9e par la ministre de la Justice Leila Jaffel.","og_url":"https:\/\/kapitalis.com\/tunisie\/2023\/04\/22\/tunisie-ghazi-chaouachi-comparaitra-le-25-avril-devant-le-juge-dinstruction\/","og_site_name":"Kapitalis","article_publisher":"https:\/\/www.facebook.com\/KapitalisInfo\/","article_published_time":"2023-04-22T20:39:20+00:00","article_modified_time":"2023-04-22T20:42:13+00:00","og_image":[{"width":1200,"height":630,"url":"https:\/\/kapitalis.com\/tunisie\/wp-content\/uploads\/2022\/06\/Ghazi-Chaouachi.jpg","type":"image\/jpeg"}],"author":"Yusra NY","twitter_card":"summary_large_image","twitter_creator":"@KapitalisInfo","twitter_site":"@KapitalisInfo","twitter_misc":{"\u00c9crit par":"Yusra NY","Dur\u00e9e de lecture estim\u00e9e":"1 minute"},"schema":{"@context":"https:\/\/schema.org","@graph":[{"@type":"Article","@id":"https:\/\/kapitalis.com\/tunisie\/2023\/04\/22\/tunisie-ghazi-chaouachi-comparaitra-le-25-avril-devant-le-juge-dinstruction\/#article","isPartOf":{"@id":"https:\/\/kapitalis.com\/tunisie\/2023\/04\/22\/tunisie-ghazi-chaouachi-comparaitra-le-25-avril-devant-le-juge-dinstruction\/"},"author":{"name":"Yusra NY","@id":"https:\/\/kapitalis.com\/tunisie\/#\/schema\/person\/74bbde0154d49d790a92aaeac5bc01d5"},"headline":"Tunisie : Ghazi Chaouachi compara\u00eetra le 25 avril devant le juge d&rsquo;instruction","datePublished":"2023-04-22T20:39:20+00:00","dateModified":"2023-04-22T20:42:13+00:00","mainEntityOfPage":{"@id":"https:\/\/kapitalis.com\/tunisie\/2023\/04\/22\/tunisie-ghazi-chaouachi-comparaitra-le-25-avril-devant-le-juge-dinstruction\/"},"wordCount":188,"commentCount":0,"publisher":{"@id":"https:\/\/kapitalis.com\/tunisie\/#organization"},"image":{"@id":"https:\/\/kapitalis.com\/tunisie\/2023\/04\/22\/tunisie-ghazi-chaouachi-comparaitra-le-25-avril-devant-le-juge-dinstruction\/#primaryimage"},"thumbnailUrl":"https:\/\/kapitalis.com\/tunisie\/wp-content\/uploads\/2022\/06\/Ghazi-Chaouachi.jpg","keywords":["Ayachi Hammami","d\u00e9cret 54","Ghazi Chaouachi","Leila Jaffel","ministre justice","plainte","Tunisie"],"articleSection":["POLITIQUE","Tunisie"],"inLanguage":"fr-FR","potentialAction":[{"@type":"CommentAction","name":"Comment","target":["https:\/\/kapitalis.com\/tunisie\/2023\/04\/22\/tunisie-ghazi-chaouachi-comparaitra-le-25-avril-devant-le-juge-dinstruction\/#respond"]}]},{"@type":"WebPage","@id":"https:\/\/kapitalis.com\/tunisie\/2023\/04\/22\/tunisie-ghazi-chaouachi-comparaitra-le-25-avril-devant-le-juge-dinstruction\/","url":"https:\/\/kapitalis.com\/tunisie\/2023\/04\/22\/tunisie-ghazi-chaouachi-comparaitra-le-25-avril-devant-le-juge-dinstruction\/","name":"Tunisie : Ghazi Chaouachi compara\u00eetra le 25 avril devant le juge d'instruction - Kapitalis","isPartOf":{"@id":"https:\/\/kapitalis.com\/tunisie\/#website"},"primaryImageOfPage":{"@id":"https:\/\/kapitalis.com\/tunisie\/2023\/04\/22\/tunisie-ghazi-chaouachi-comparaitra-le-25-avril-devant-le-juge-dinstruction\/#primaryimage"},"image":{"@id":"https:\/\/kapitalis.com\/tunisie\/2023\/04\/22\/tunisie-ghazi-chaouachi-comparaitra-le-25-avril-devant-le-juge-dinstruction\/#primaryimage"},"thumbnailUrl":"https:\/\/kapitalis.com\/tunisie\/wp-content\/uploads\/2022\/06\/Ghazi-Chaouachi.jpg","datePublished":"2023-04-22T20:39:20+00:00","dateModified":"2023-04-22T20:42:13+00:00","description":"Ayachi Hammami membre du comit\u00e9 de d\u00e9fense de Ghazi Chaouachi a annonc\u00e9 que son client compara\u00eetra, mardi 25 avril 2023, devant le juge d\u2019instruction du bureau 18 pr\u00e8s le Tribunal de premi\u00e8re instance, et ce, sur la base du d\u00e9cret 54 suite \u00e0 une plainte d\u00e9pos\u00e9e par la ministre de la Justice Leila Jaffel.","breadcrumb":{"@id":"https:\/\/kapitalis.com\/tunisie\/2023\/04\/22\/tunisie-ghazi-chaouachi-comparaitra-le-25-avril-devant-le-juge-dinstruction\/#breadcrumb"},"inLanguage":"fr-FR","potentialAction":[{"@type":"ReadAction","target":["https:\/\/kapitalis.com\/tunisie\/2023\/04\/22\/tunisie-ghazi-chaouachi-comparaitra-le-25-avril-devant-le-juge-dinstruction\/"]}]},{"@type":"ImageObject","inLanguage":"fr-FR","@id":"https:\/\/kapitalis.com\/tunisie\/2023\/04\/22\/tunisie-ghazi-chaouachi-comparaitra-le-25-avril-devant-le-juge-dinstruction\/#primaryimage","url":"https:\/\/kapitalis.com\/tunisie\/wp-content\/uploads\/2022\/06\/Ghazi-Chaouachi.jpg","contentUrl":"https:\/\/kapitalis.com\/tunisie\/wp-content\/uploads\/2022\/06\/Ghazi-Chaouachi.jpg","width":1200,"height":630},{"@type":"BreadcrumbList","@id":"https:\/\/kapitalis.com\/tunisie\/2023\/04\/22\/tunisie-ghazi-chaouachi-comparaitra-le-25-avril-devant-le-juge-dinstruction\/#breadcrumb","itemListElement":[{"@type":"ListItem","position":1,"name":"Accueil","item":"https:\/\/kapitalis.com\/tunisie\/"},{"@type":"ListItem","position":2,"name":"Tunisie : Ghazi Chaouachi compara\u00eetra le 25 avril devant le juge d&rsquo;instruction"}]},{"@type":"WebSite","@id":"https:\/\/kapitalis.com\/tunisie\/#website","url":"https:\/\/kapitalis.com\/tunisie\/","name":"Kapitalis","description":"L&#039;actualit\u00e9 en Tunisie et dans le monde","publisher":{"@id":"https:\/\/kapitalis.com\/tunisie\/#organization"},"potentialAction":[{"@type":"SearchAction","target":{"@type":"EntryPoint","urlTemplate":"https:\/\/kapitalis.com\/tunisie\/?s={search_term_string}"},"query-input":{"@type":"PropertyValueSpecification","valueRequired":true,"valueName":"search_term_string"}}],"inLanguage":"fr-FR"},{"@type":"Organization","@id":"https:\/\/kapitalis.com\/tunisie\/#organization","name":"Kapitalis","url":"https:\/\/kapitalis.com\/tunisie\/","logo":{"@type":"ImageObject","inLanguage":"fr-FR","@id":"https:\/\/kapitalis.com\/tunisie\/#\/schema\/logo\/image\/","url":"https:\/\/kapitalis.com\/tunisie\/wp-content\/uploads\/2022\/05\/Kapitalis-big-size.png","contentUrl":"https:\/\/kapitalis.com\/tunisie\/wp-content\/uploads\/2022\/05\/Kapitalis-big-size.png","width":5000,"height":1500,"caption":"Kapitalis"},"image":{"@id":"https:\/\/kapitalis.com\/tunisie\/#\/schema\/logo\/image\/"},"sameAs":["https:\/\/www.facebook.com\/KapitalisInfo\/","https:\/\/x.com\/KapitalisInfo","https:\/\/www.youtube.com\/channel\/UC-yDYrHyfFBWWZaOw3FPg9Q"]},{"@type":"Person","@id":"https:\/\/kapitalis.com\/tunisie\/#\/schema\/person\/74bbde0154d49d790a92aaeac5bc01d5","name":"Yusra NY","url":"https:\/\/kapitalis.com\/tunisie\/author\/yuza_adam\/"}]}},"_links":{"self":[{"href":"https:\/\/kapitalis.com\/tunisie\/wp-json\/wp\/v2\/posts\/7566574","targetHints":{"allow":["GET"]}}],"collection":[{"href":"https:\/\/kapitalis.com\/tunisie\/wp-json\/wp\/v2\/posts"}],"about":[{"href":"https:\/\/kapitalis.com\/tunisie\/wp-json\/wp\/v2\/types\/post"}],"author":[{"embeddable":true,"href":"https:\/\/kapitalis.com\/tunisie\/wp-json\/wp\/v2\/users\/6"}],"replies":[{"embeddable":true,"href":"https:\/\/kapitalis.com\/tunisie\/wp-json\/wp\/v2\/comments?post=7566574"}],"version-history":[{"count":3,"href":"https:\/\/kapitalis.com\/tunisie\/wp-json\/wp\/v2\/posts\/7566574\/revisions"}],"predecessor-version":[{"id":7566676,"href":"https:\/\/kapitalis.com\/tunisie\/wp-json\/wp\/v2\/posts\/7566574\/revisions\/7566676"}],"wp:featuredmedia":[{"embeddable":true,"href":"https:\/\/kapitalis.com\/tunisie\/wp-json\/wp\/v2\/media\/1183543"}],"wp:attachment":[{"href":"https:\/\/kapitalis.com\/tunisie\/wp-json\/wp\/v2\/media?parent=7566574"}],"wp:term":[{"taxonomy":"category","embeddable":true,"href":"https:\/\/kapitalis.com\/tunisie\/wp-json\/wp\/v2\/categories?post=7566574"},{"taxonomy":"post_tag","embeddable":true,"href":"https:\/\/kapitalis.com\/tunisie\/wp-json\/wp\/v2\/tags?post=7566574"}],"curies":[{"name":"wp","href":"https:\/\/api.w.org\/{rel}","templated":true}]}}