{"id":7582781,"date":"2023-04-24T13:11:25","date_gmt":"2023-04-24T12:11:25","guid":{"rendered":"https:\/\/kapitalis.com\/tunisie\/?p=7582781"},"modified":"2023-04-24T13:11:26","modified_gmt":"2023-04-24T12:11:26","slug":"tunis-accueille-le-2e-korea-tunisia-africa-business-forum","status":"publish","type":"post","link":"https:\/\/kapitalis.com\/tunisie\/2023\/04\/24\/tunis-accueille-le-2e-korea-tunisia-africa-business-forum\/","title":{"rendered":"Tunis accueille le 2e Korea Tunisia Africa Business Forum"},"content":{"rendered":"\n<p><strong><em>La deuxi\u00e8me \u00e9dition du Korea Tunisia Africa Business Forum se tiendra les 8 et 9 mai 2023 \u00e0 la Maison de l\u2019exportateur, si\u00e8ge du Centre de promotion des exportations (Cepex) \u00e0 Tunis.<\/em><\/strong><\/p>\n\n\n\n<!--more-->\n\n\n\n<p>Ce forum d\u2019affaires va \u00eatre inaugur\u00e9 par Najla Bouden, la Cheffe du gouvernement, et le Maire de Busan, Park Hyeong-joon.<\/p>\n\n\n\n<p>Co-organis\u00e9 par le Cepex, l\u2019ambassade de la Cor\u00e9e en Tunisie et la Chambre de commerce tuniso-cor\u00e9enne, il vise \u00e0 cr\u00e9er une plateforme de coop\u00e9ration et d\u2019\u00e9change \u00e9conomique triangulaire entre la Cor\u00e9e, la Tunisie et le continent africain<\/p>\n\n\n\n<p>De par sa position g\u00e9ographique et son appartenance au March\u00e9 commun de l\u2019Afrique Orientale et Australe (Comesa), et \u00e0 la Zone de libre-\u00e9change continentale africaine (Zlecaf), la Tunisie constitue le partenaire id\u00e9al de la Cor\u00e9e pour un d\u00e9veloppement strat\u00e9gique de ses \u00e9changes avec le continent africain.<\/p>\n\n\n\n<p>Ce forum d\u2019affaires s\u2019attend \u00e0 la participation de plus de 200 op\u00e9rateurs \u00e9conomiques de divers secteurs d\u2019activit\u00e9s: agroalimentaire et agri-tech, TIC, automobile, m\u00e9decine, industrie pharmaceutique et cosm\u00e9tiques. Mais aussi des partenaires institutionnels tels que&nbsp;Korea Trade-Investment Promotion Agency (Kotra, bureau d\u2019Alger), Busan Economic Promotion Agency (Bepa), International Finance Corporation (IFC), l\u2019Association des importateurs cor\u00e9ens (Koima).<\/p>\n\n\n\n<p>Les inscriptions sont ouvertes en ligne via <a href=\"https:\/\/koreatunisiaafricabusinessforum.com\" target=\"_blank\" rel=\"noreferrer noopener\">cette plateforme<\/a>.<\/p>\n\n\n\n<p>Les participants auront la possibilit\u00e9 de choisir les entreprises \u00e9conomiques cor\u00e9ennes qu\u2019ils souhaitent rencontrer lors des B2B.&nbsp;<\/p>\n\n\n\n<p>Plus d\u2019informations, en contactant le Cepex, la Chambre de commerce tuniso-cor\u00e9enne et l\u2019ambassade de la Cor\u00e9e&nbsp;\u00e0 Tunis.<\/p>\n","protected":false},"excerpt":{"rendered":"<p>La deuxi\u00e8me \u00e9dition du Korea Tunisia Africa Business Forum se tiendra les 8 et 9 mai 2023 \u00e0 Tunis. <\/p>\n","protected":false},"author":8,"featured_media":7582830,"comment_status":"open","ping_status":"open","sticky":false,"template":"","format":"standard","meta":{"footnotes":""},"categories":[995,2433],"tags":[41,1575,24352,25588,108181,93702,108182,62643,76155],"class_list":["post-7582781","post","type-post","status-publish","format-standard","has-post-thumbnail","hentry","category-economie","category-tunisie","tag-afrique","tag-cepex","tag-comesa","tag-coree","tag-korea-tunisia-africa-business-forum","tag-najla-bouden","tag-park-hyeong-joon","tag-tunisie","tag-zlecaf"],"yoast_head":"<!-- This site is optimized with the Yoast SEO plugin v26.6 - https:\/\/yoast.com\/wordpress\/plugins\/seo\/ -->\n<title>Tunis accueille le 2e Korea Tunisia Africa Business Forum - Kapitalis<\/title>\n<meta name=\"robots\" content=\"index, follow, max-snippet:-1, max-image-preview:large, max-video-preview:-1\" \/>\n<link rel=\"canonical\" href=\"https:\/\/kapitalis.com\/tunisie\/2023\/04\/24\/tunis-accueille-le-2e-korea-tunisia-africa-business-forum\/\" \/>\n<meta property=\"og:locale\" content=\"fr_FR\" \/>\n<meta property=\"og:type\" content=\"article\" \/>\n<meta property=\"og:title\" content=\"Tunis accueille le 2e Korea Tunisia Africa Business Forum - Kapitalis\" \/>\n<meta property=\"og:description\" content=\"La deuxi\u00e8me \u00e9dition du Korea Tunisia Africa Business Forum se tiendra les 8 et 9 mai 2023 \u00e0 Tunis.\" \/>\n<meta property=\"og:url\" content=\"https:\/\/kapitalis.com\/tunisie\/2023\/04\/24\/tunis-accueille-le-2e-korea-tunisia-africa-business-forum\/\" \/>\n<meta property=\"og:site_name\" content=\"Kapitalis\" \/>\n<meta property=\"article:publisher\" content=\"https:\/\/www.facebook.com\/KapitalisInfo\/\" \/>\n<meta property=\"article:published_time\" content=\"2023-04-24T12:11:25+00:00\" \/>\n<meta property=\"article:modified_time\" content=\"2023-04-24T12:11:26+00:00\" \/>\n<meta property=\"og:image\" content=\"https:\/\/kapitalis.com\/tunisie\/wp-content\/uploads\/2023\/04\/Korea-Tunisia-Africa-Business-Forum.jpg\" \/>\n\t<meta property=\"og:image:width\" content=\"1200\" \/>\n\t<meta property=\"og:image:height\" content=\"630\" \/>\n\t<meta property=\"og:image:type\" content=\"image\/jpeg\" \/>\n<meta name=\"author\" content=\"webmaster kapitalis\" \/>\n<meta name=\"twitter:card\" content=\"summary_large_image\" \/>\n<meta name=\"twitter:creator\" content=\"@KapitalisInfo\" \/>\n<meta name=\"twitter:site\" content=\"@KapitalisInfo\" \/>\n<meta name=\"twitter:label1\" content=\"\u00c9crit par\" \/>\n\t<meta name=\"twitter:data1\" content=\"webmaster kapitalis\" \/>\n\t<meta name=\"twitter:label2\" content=\"Dur\u00e9e de lecture estim\u00e9e\" \/>\n\t<meta name=\"twitter:data2\" content=\"2 minutes\" \/>\n<script type=\"application\/ld+json\" class=\"yoast-schema-graph\">{\"@context\":\"https:\/\/schema.org\",\"@graph\":[{\"@type\":\"Article\",\"@id\":\"https:\/\/kapitalis.com\/tunisie\/2023\/04\/24\/tunis-accueille-le-2e-korea-tunisia-africa-business-forum\/#article\",\"isPartOf\":{\"@id\":\"https:\/\/kapitalis.com\/tunisie\/2023\/04\/24\/tunis-accueille-le-2e-korea-tunisia-africa-business-forum\/\"},\"author\":{\"name\":\"webmaster kapitalis\",\"@id\":\"https:\/\/kapitalis.com\/tunisie\/#\/schema\/person\/d71f33a9ca44f7bad4698210b480c8e9\"},\"headline\":\"Tunis accueille le 2e Korea Tunisia Africa Business Forum\",\"datePublished\":\"2023-04-24T12:11:25+00:00\",\"dateModified\":\"2023-04-24T12:11:26+00:00\",\"mainEntityOfPage\":{\"@id\":\"https:\/\/kapitalis.com\/tunisie\/2023\/04\/24\/tunis-accueille-le-2e-korea-tunisia-africa-business-forum\/\"},\"wordCount\":271,\"commentCount\":1,\"publisher\":{\"@id\":\"https:\/\/kapitalis.com\/tunisie\/#organization\"},\"image\":{\"@id\":\"https:\/\/kapitalis.com\/tunisie\/2023\/04\/24\/tunis-accueille-le-2e-korea-tunisia-africa-business-forum\/#primaryimage\"},\"thumbnailUrl\":\"https:\/\/kapitalis.com\/tunisie\/wp-content\/uploads\/2023\/04\/Korea-Tunisia-Africa-Business-Forum.jpg\",\"keywords\":[\"Afrique\",\"Cepex\",\"Comesa\",\"Cor\u00e9e\",\"Korea Tunisia Africa Business Forum\",\"Najla Bouden\",\"Park Hyeong-joon\",\"Tunisie\",\"ZLecaf\"],\"articleSection\":[\"ECONOMIE\",\"Tunisie\"],\"inLanguage\":\"fr-FR\",\"potentialAction\":[{\"@type\":\"CommentAction\",\"name\":\"Comment\",\"target\":[\"https:\/\/kapitalis.com\/tunisie\/2023\/04\/24\/tunis-accueille-le-2e-korea-tunisia-africa-business-forum\/#respond\"]}]},{\"@type\":\"WebPage\",\"@id\":\"https:\/\/kapitalis.com\/tunisie\/2023\/04\/24\/tunis-accueille-le-2e-korea-tunisia-africa-business-forum\/\",\"url\":\"https:\/\/kapitalis.com\/tunisie\/2023\/04\/24\/tunis-accueille-le-2e-korea-tunisia-africa-business-forum\/\",\"name\":\"Tunis accueille le 2e Korea Tunisia Africa Business Forum - Kapitalis\",\"isPartOf\":{\"@id\":\"https:\/\/kapitalis.com\/tunisie\/#website\"},\"primaryImageOfPage\":{\"@id\":\"https:\/\/kapitalis.com\/tunisie\/2023\/04\/24\/tunis-accueille-le-2e-korea-tunisia-africa-business-forum\/#primaryimage\"},\"image\":{\"@id\":\"https:\/\/kapitalis.com\/tunisie\/2023\/04\/24\/tunis-accueille-le-2e-korea-tunisia-africa-business-forum\/#primaryimage\"},\"thumbnailUrl\":\"https:\/\/kapitalis.com\/tunisie\/wp-content\/uploads\/2023\/04\/Korea-Tunisia-Africa-Business-Forum.jpg\",\"datePublished\":\"2023-04-24T12:11:25+00:00\",\"dateModified\":\"2023-04-24T12:11:26+00:00\",\"breadcrumb\":{\"@id\":\"https:\/\/kapitalis.com\/tunisie\/2023\/04\/24\/tunis-accueille-le-2e-korea-tunisia-africa-business-forum\/#breadcrumb\"},\"inLanguage\":\"fr-FR\",\"potentialAction\":[{\"@type\":\"ReadAction\",\"target\":[\"https:\/\/kapitalis.com\/tunisie\/2023\/04\/24\/tunis-accueille-le-2e-korea-tunisia-africa-business-forum\/\"]}]},{\"@type\":\"ImageObject\",\"inLanguage\":\"fr-FR\",\"@id\":\"https:\/\/kapitalis.com\/tunisie\/2023\/04\/24\/tunis-accueille-le-2e-korea-tunisia-africa-business-forum\/#primaryimage\",\"url\":\"https:\/\/kapitalis.com\/tunisie\/wp-content\/uploads\/2023\/04\/Korea-Tunisia-Africa-Business-Forum.jpg\",\"contentUrl\":\"https:\/\/kapitalis.com\/tunisie\/wp-content\/uploads\/2023\/04\/Korea-Tunisia-Africa-Business-Forum.jpg\",\"width\":1200,\"height\":630},{\"@type\":\"BreadcrumbList\",\"@id\":\"https:\/\/kapitalis.com\/tunisie\/2023\/04\/24\/tunis-accueille-le-2e-korea-tunisia-africa-business-forum\/#breadcrumb\",\"itemListElement\":[{\"@type\":\"ListItem\",\"position\":1,\"name\":\"Accueil\",\"item\":\"https:\/\/kapitalis.com\/tunisie\/\"},{\"@type\":\"ListItem\",\"position\":2,\"name\":\"Tunis accueille le 2e Korea Tunisia Africa Business Forum\"}]},{\"@type\":\"WebSite\",\"@id\":\"https:\/\/kapitalis.com\/tunisie\/#website\",\"url\":\"https:\/\/kapitalis.com\/tunisie\/\",\"name\":\"Kapitalis\",\"description\":\"L&#039;actualit\u00e9 en Tunisie et dans le monde\",\"publisher\":{\"@id\":\"https:\/\/kapitalis.com\/tunisie\/#organization\"},\"potentialAction\":[{\"@type\":\"SearchAction\",\"target\":{\"@type\":\"EntryPoint\",\"urlTemplate\":\"https:\/\/kapitalis.com\/tunisie\/?s={search_term_string}\"},\"query-input\":{\"@type\":\"PropertyValueSpecification\",\"valueRequired\":true,\"valueName\":\"search_term_string\"}}],\"inLanguage\":\"fr-FR\"},{\"@type\":\"Organization\",\"@id\":\"https:\/\/kapitalis.com\/tunisie\/#organization\",\"name\":\"Kapitalis\",\"url\":\"https:\/\/kapitalis.com\/tunisie\/\",\"logo\":{\"@type\":\"ImageObject\",\"inLanguage\":\"fr-FR\",\"@id\":\"https:\/\/kapitalis.com\/tunisie\/#\/schema\/logo\/image\/\",\"url\":\"https:\/\/kapitalis.com\/tunisie\/wp-content\/uploads\/2022\/05\/Kapitalis-big-size.png\",\"contentUrl\":\"https:\/\/kapitalis.com\/tunisie\/wp-content\/uploads\/2022\/05\/Kapitalis-big-size.png\",\"width\":5000,\"height\":1500,\"caption\":\"Kapitalis\"},\"image\":{\"@id\":\"https:\/\/kapitalis.com\/tunisie\/#\/schema\/logo\/image\/\"},\"sameAs\":[\"https:\/\/www.facebook.com\/KapitalisInfo\/\",\"https:\/\/x.com\/KapitalisInfo\",\"https:\/\/www.youtube.com\/channel\/UC-yDYrHyfFBWWZaOw3FPg9Q\"]},{\"@type\":\"Person\",\"@id\":\"https:\/\/kapitalis.com\/tunisie\/#\/schema\/person\/d71f33a9ca44f7bad4698210b480c8e9\",\"name\":\"webmaster kapitalis\",\"url\":\"https:\/\/kapitalis.com\/tunisie\/author\/webmaster-kapitalis\/\"}]}<\/script>\n<!-- \/ Yoast SEO plugin. -->","yoast_head_json":{"title":"Tunis accueille le 2e Korea Tunisia Africa Business Forum - Kapitalis","robots":{"index":"index","follow":"follow","max-snippet":"max-snippet:-1","max-image-preview":"max-image-preview:large","max-video-preview":"max-video-preview:-1"},"canonical":"https:\/\/kapitalis.com\/tunisie\/2023\/04\/24\/tunis-accueille-le-2e-korea-tunisia-africa-business-forum\/","og_locale":"fr_FR","og_type":"article","og_title":"Tunis accueille le 2e Korea Tunisia Africa Business Forum - Kapitalis","og_description":"La deuxi\u00e8me \u00e9dition du Korea Tunisia Africa Business Forum se tiendra les 8 et 9 mai 2023 \u00e0 Tunis.","og_url":"https:\/\/kapitalis.com\/tunisie\/2023\/04\/24\/tunis-accueille-le-2e-korea-tunisia-africa-business-forum\/","og_site_name":"Kapitalis","article_publisher":"https:\/\/www.facebook.com\/KapitalisInfo\/","article_published_time":"2023-04-24T12:11:25+00:00","article_modified_time":"2023-04-24T12:11:26+00:00","og_image":[{"width":1200,"height":630,"url":"https:\/\/kapitalis.com\/tunisie\/wp-content\/uploads\/2023\/04\/Korea-Tunisia-Africa-Business-Forum.jpg","type":"image\/jpeg"}],"author":"webmaster kapitalis","twitter_card":"summary_large_image","twitter_creator":"@KapitalisInfo","twitter_site":"@KapitalisInfo","twitter_misc":{"\u00c9crit par":"webmaster kapitalis","Dur\u00e9e de lecture estim\u00e9e":"2 minutes"},"schema":{"@context":"https:\/\/schema.org","@graph":[{"@type":"Article","@id":"https:\/\/kapitalis.com\/tunisie\/2023\/04\/24\/tunis-accueille-le-2e-korea-tunisia-africa-business-forum\/#article","isPartOf":{"@id":"https:\/\/kapitalis.com\/tunisie\/2023\/04\/24\/tunis-accueille-le-2e-korea-tunisia-africa-business-forum\/"},"author":{"name":"webmaster kapitalis","@id":"https:\/\/kapitalis.com\/tunisie\/#\/schema\/person\/d71f33a9ca44f7bad4698210b480c8e9"},"headline":"Tunis accueille le 2e Korea Tunisia Africa Business Forum","datePublished":"2023-04-24T12:11:25+00:00","dateModified":"2023-04-24T12:11:26+00:00","mainEntityOfPage":{"@id":"https:\/\/kapitalis.com\/tunisie\/2023\/04\/24\/tunis-accueille-le-2e-korea-tunisia-africa-business-forum\/"},"wordCount":271,"commentCount":1,"publisher":{"@id":"https:\/\/kapitalis.com\/tunisie\/#organization"},"image":{"@id":"https:\/\/kapitalis.com\/tunisie\/2023\/04\/24\/tunis-accueille-le-2e-korea-tunisia-africa-business-forum\/#primaryimage"},"thumbnailUrl":"https:\/\/kapitalis.com\/tunisie\/wp-content\/uploads\/2023\/04\/Korea-Tunisia-Africa-Business-Forum.jpg","keywords":["Afrique","Cepex","Comesa","Cor\u00e9e","Korea Tunisia Africa Business Forum","Najla Bouden","Park Hyeong-joon","Tunisie","ZLecaf"],"articleSection":["ECONOMIE","Tunisie"],"inLanguage":"fr-FR","potentialAction":[{"@type":"CommentAction","name":"Comment","target":["https:\/\/kapitalis.com\/tunisie\/2023\/04\/24\/tunis-accueille-le-2e-korea-tunisia-africa-business-forum\/#respond"]}]},{"@type":"WebPage","@id":"https:\/\/kapitalis.com\/tunisie\/2023\/04\/24\/tunis-accueille-le-2e-korea-tunisia-africa-business-forum\/","url":"https:\/\/kapitalis.com\/tunisie\/2023\/04\/24\/tunis-accueille-le-2e-korea-tunisia-africa-business-forum\/","name":"Tunis accueille le 2e Korea Tunisia Africa Business Forum - Kapitalis","isPartOf":{"@id":"https:\/\/kapitalis.com\/tunisie\/#website"},"primaryImageOfPage":{"@id":"https:\/\/kapitalis.com\/tunisie\/2023\/04\/24\/tunis-accueille-le-2e-korea-tunisia-africa-business-forum\/#primaryimage"},"image":{"@id":"https:\/\/kapitalis.com\/tunisie\/2023\/04\/24\/tunis-accueille-le-2e-korea-tunisia-africa-business-forum\/#primaryimage"},"thumbnailUrl":"https:\/\/kapitalis.com\/tunisie\/wp-content\/uploads\/2023\/04\/Korea-Tunisia-Africa-Business-Forum.jpg","datePublished":"2023-04-24T12:11:25+00:00","dateModified":"2023-04-24T12:11:26+00:00","breadcrumb":{"@id":"https:\/\/kapitalis.com\/tunisie\/2023\/04\/24\/tunis-accueille-le-2e-korea-tunisia-africa-business-forum\/#breadcrumb"},"inLanguage":"fr-FR","potentialAction":[{"@type":"ReadAction","target":["https:\/\/kapitalis.com\/tunisie\/2023\/04\/24\/tunis-accueille-le-2e-korea-tunisia-africa-business-forum\/"]}]},{"@type":"ImageObject","inLanguage":"fr-FR","@id":"https:\/\/kapitalis.com\/tunisie\/2023\/04\/24\/tunis-accueille-le-2e-korea-tunisia-africa-business-forum\/#primaryimage","url":"https:\/\/kapitalis.com\/tunisie\/wp-content\/uploads\/2023\/04\/Korea-Tunisia-Africa-Business-Forum.jpg","contentUrl":"https:\/\/kapitalis.com\/tunisie\/wp-content\/uploads\/2023\/04\/Korea-Tunisia-Africa-Business-Forum.jpg","width":1200,"height":630},{"@type":"BreadcrumbList","@id":"https:\/\/kapitalis.com\/tunisie\/2023\/04\/24\/tunis-accueille-le-2e-korea-tunisia-africa-business-forum\/#breadcrumb","itemListElement":[{"@type":"ListItem","position":1,"name":"Accueil","item":"https:\/\/kapitalis.com\/tunisie\/"},{"@type":"ListItem","position":2,"name":"Tunis accueille le 2e Korea Tunisia Africa Business Forum"}]},{"@type":"WebSite","@id":"https:\/\/kapitalis.com\/tunisie\/#website","url":"https:\/\/kapitalis.com\/tunisie\/","name":"Kapitalis","description":"L&#039;actualit\u00e9 en Tunisie et dans le monde","publisher":{"@id":"https:\/\/kapitalis.com\/tunisie\/#organization"},"potentialAction":[{"@type":"SearchAction","target":{"@type":"EntryPoint","urlTemplate":"https:\/\/kapitalis.com\/tunisie\/?s={search_term_string}"},"query-input":{"@type":"PropertyValueSpecification","valueRequired":true,"valueName":"search_term_string"}}],"inLanguage":"fr-FR"},{"@type":"Organization","@id":"https:\/\/kapitalis.com\/tunisie\/#organization","name":"Kapitalis","url":"https:\/\/kapitalis.com\/tunisie\/","logo":{"@type":"ImageObject","inLanguage":"fr-FR","@id":"https:\/\/kapitalis.com\/tunisie\/#\/schema\/logo\/image\/","url":"https:\/\/kapitalis.com\/tunisie\/wp-content\/uploads\/2022\/05\/Kapitalis-big-size.png","contentUrl":"https:\/\/kapitalis.com\/tunisie\/wp-content\/uploads\/2022\/05\/Kapitalis-big-size.png","width":5000,"height":1500,"caption":"Kapitalis"},"image":{"@id":"https:\/\/kapitalis.com\/tunisie\/#\/schema\/logo\/image\/"},"sameAs":["https:\/\/www.facebook.com\/KapitalisInfo\/","https:\/\/x.com\/KapitalisInfo","https:\/\/www.youtube.com\/channel\/UC-yDYrHyfFBWWZaOw3FPg9Q"]},{"@type":"Person","@id":"https:\/\/kapitalis.com\/tunisie\/#\/schema\/person\/d71f33a9ca44f7bad4698210b480c8e9","name":"webmaster kapitalis","url":"https:\/\/kapitalis.com\/tunisie\/author\/webmaster-kapitalis\/"}]}},"_links":{"self":[{"href":"https:\/\/kapitalis.com\/tunisie\/wp-json\/wp\/v2\/posts\/7582781","targetHints":{"allow":["GET"]}}],"collection":[{"href":"https:\/\/kapitalis.com\/tunisie\/wp-json\/wp\/v2\/posts"}],"about":[{"href":"https:\/\/kapitalis.com\/tunisie\/wp-json\/wp\/v2\/types\/post"}],"author":[{"embeddable":true,"href":"https:\/\/kapitalis.com\/tunisie\/wp-json\/wp\/v2\/users\/8"}],"replies":[{"embeddable":true,"href":"https:\/\/kapitalis.com\/tunisie\/wp-json\/wp\/v2\/comments?post=7582781"}],"version-history":[{"count":1,"href":"https:\/\/kapitalis.com\/tunisie\/wp-json\/wp\/v2\/posts\/7582781\/revisions"}],"predecessor-version":[{"id":7582850,"href":"https:\/\/kapitalis.com\/tunisie\/wp-json\/wp\/v2\/posts\/7582781\/revisions\/7582850"}],"wp:featuredmedia":[{"embeddable":true,"href":"https:\/\/kapitalis.com\/tunisie\/wp-json\/wp\/v2\/media\/7582830"}],"wp:attachment":[{"href":"https:\/\/kapitalis.com\/tunisie\/wp-json\/wp\/v2\/media?parent=7582781"}],"wp:term":[{"taxonomy":"category","embeddable":true,"href":"https:\/\/kapitalis.com\/tunisie\/wp-json\/wp\/v2\/categories?post=7582781"},{"taxonomy":"post_tag","embeddable":true,"href":"https:\/\/kapitalis.com\/tunisie\/wp-json\/wp\/v2\/tags?post=7582781"}],"curies":[{"name":"wp","href":"https:\/\/api.w.org\/{rel}","templated":true}]}}