{"id":75916,"date":"2016-12-17T18:24:12","date_gmt":"2016-12-17T17:24:12","guid":{"rendered":"http:\/\/kapitalis.com\/tunisie\/?p=75916"},"modified":"2016-12-17T19:36:03","modified_gmt":"2016-12-17T18:36:03","slug":"candidats-au-bac-retrait-de-la-carte-didentite-dans-les-lycees","status":"publish","type":"post","link":"https:\/\/kapitalis.com\/tunisie\/2016\/12\/17\/candidats-au-bac-retrait-de-la-carte-didentite-dans-les-lycees\/","title":{"rendered":"Candidats au Bac 2017\u00a0: Retrait de la carte d\u2019identit\u00e9 dans les lyc\u00e9es"},"content":{"rendered":"<p style=\"text-align: center;\"><img loading=\"lazy\" decoding=\"async\" class=\"alignnone size-full wp-image-75938\" src=\"http:\/\/kapitalis.com\/tunisie\/wp-content\/uploads\/2016\/12\/Carte-identite-lycee-Sidi-Thabet.jpg\" alt=\"\" width=\"626\" height=\"380\" \/><\/p>\n<p><em><strong>Des milliers de lyc\u00e9ens de la terminale ont pu retirer, aujourd\u2019hui, leur carte d\u2019identit\u00e9 dans le lyc\u00e9e, sans devoir se d\u00e9placer au poste de police.<\/strong><\/em><\/p>\n<p>Par<strong>\u00a0Zohra Abid<\/strong><\/p>\n<p><!--more--><\/p>\n<p>Le minist\u00e8re de l\u2019Education a lanc\u00e9, ce samedi 17 d\u00e9cembre 2016,\u00a0en collaboration avec l\u2019association Jasmine Home, relevant du minist\u00e8re de l\u2019Int\u00e9rieur,\u00a0une campagne permettant \u00e0 7.304 candidats au baccalaur\u00e9at, dans tous les gouvernorats du pays, d\u2019extraire leur carte d\u2019identit\u00e9 nationale (CIN) aupr\u00e8s de leurs lyc\u00e9es respectifs.<\/p>\n<p>\u00ab<em>Pour les gouvernorats dont les routes sont coup\u00e9es suite aux derni\u00e8res inondations, cette op\u00e9ration a \u00e9t\u00e9 report\u00e9e pour samedi prochain, 24 d\u00e9cembre<\/em>\u00bb, a d\u00e9clar\u00e9 \u00e0 Kapitalis une fonctionnaire au minist\u00e8re de l\u2019Education, qui accompagnait, aujourd&rsquo;hui, le ministre Neji Jalloul, lors de sa visite au lyc\u00e9e Sidi Thabet, o\u00f9 une \u00e9quipe de la police technique \u00e9tait mobilis\u00e9e depuis le matin pour r\u00e9pondre aux demandes des \u00e9l\u00e8ves.<\/p>\n<p style=\"text-align: center;\"><img loading=\"lazy\" decoding=\"async\" class=\"alignnone wp-image-75940\" src=\"http:\/\/kapitalis.com\/tunisie\/wp-content\/uploads\/2016\/12\/Lycee-Carte-Identite.jpg\" width=\"500\" height=\"281\" \/><\/p>\n<p>Ces derniers, munis des pi\u00e8ces justificatives n\u00e9cessaires, ont rempli sur place le formulaire et tremp\u00e9 l&rsquo;index dans\u00a0l\u2019encre pour la prise d\u2019empreinte n\u00e9cessaire pour l&rsquo;obtention de\u00a0la CIN. \u00ab<em>C\u2019est une bonne op\u00e9ration. Mais on n&rsquo;a \u00e9t\u00e9 pr\u00e9venu que 4 jours \u00e0 l&rsquo;avance, aussi\u00a0n\u2019a-t-il pas \u00e9t\u00e9 possible \u00e0 tous les \u00e9l\u00e8ves de pr\u00e9parer les documents dans le d\u00e9lai imparti. On aurait aim\u00e9 disposer de plus de temps pour nous\u00a0pr\u00e9parer.\u00a0Avec un d\u00e9lai d&rsquo;une quinzaine de jours, la majorit\u00e9 des candidats au baccalaur\u00e9at auraient pu en profiter<\/em>\u00bb, a indiqu\u00e9 Imed Gafsaoui, surveillant g\u00e9n\u00e9ral du lyc\u00e9e de Sidi Thabet, dans une d\u00e9claration \u00e0 Kapitalis.<\/p>\n<p>Ce lyc\u00e9e compte 64 professeurs, dont 42 femmes, et 164 candidats au bac (dont 117 filles) inscrits dans 5 classes terminales: 21 dans la\u00a0branche Lettres, 35 en Sciences, 36 en Economie et 51 en Economie gestion.<\/p>\n<p>Imed\u00a0Gafsaoui a tenu, cependant, \u00e0 pr\u00e9ciser que cette op\u00e9ration, annonc\u00e9e \u00e0 la derni\u00e8re minute, a un caract\u00e8re \u00ab<em>populiste<\/em>\u00bb, d&rsquo;autant, a-t-il ajout\u00e9, que \u00ab<em>les cours ont\u00a0\u00e9t\u00e9 tr\u00e8s perturb\u00e9s par la pr\u00e9sence du staff du minist\u00e8re de l\u2019Education et de l&rsquo;\u00e9quipe de la police technique<\/em>\u00bb.<\/p>\n<p style=\"text-align: center;\"><img loading=\"lazy\" decoding=\"async\" class=\"alignnone wp-image-75941\" src=\"http:\/\/kapitalis.com\/tunisie\/wp-content\/uploads\/2016\/12\/Neji-Jalloul.jpg\" width=\"500\" height=\"281\" \/><\/p>\n<p>Rappelons que cette campagne vise \u00e0\u00a0rapprocher les services administratifs des \u00e9l\u00e8ves dans le cadre\u00a0de la mise en \u0153uvre du programme de\u00a0<em>\u00abL\u2019\u00e9l\u00e8ve citoyen\u00bb<\/em>, annonc\u00e9 le 5 d\u00e9cembre courant par Neji Jalloul et qui permet \u00a0au minist\u00e8re de l\u2019Education d\u2019avoir un\u00a0contact direct avec les \u00e9l\u00e8ves et leurs parents pour r\u00e9gler les probl\u00e8mes quand ils se posent.<\/p>\n<p>L\u2019association Yasmine Home, cr\u00e9\u00e9e en 2016, qui est l&rsquo;initiatrice de cette campagne a \u00e9galement pour mission de servir de traits d\u2019union avec les Tunisiens r\u00e9sidant \u00e0 l\u2019\u00e9tranger et de d\u00e9velopper le sens de la citoyennet\u00e9 chez\u00a0les nouvelles g\u00e9n\u00e9rations.<\/p>\n<p style=\"text-align: right;\">\n","protected":false},"excerpt":{"rendered":"<p>Des milliers de lyc\u00e9ens de la terminale ont pu retirer, aujourd\u2019hui, leur carte d\u2019identit\u00e9 dans le lyc\u00e9e, sans devoir se d\u00e9placer au poste de police. Par\u00a0Zohra Abid<\/p>\n","protected":false},"author":7,"featured_media":75938,"comment_status":"open","ping_status":"open","sticky":false,"template":"","format":"standard","meta":{"footnotes":""},"categories":[992,998,2433],"tags":[1213,1216,3159],"class_list":["post-75916","post","type-post","status-publish","format-standard","has-post-thumbnail","hentry","category-a-la-une","category-societe","category-tunisie","tag-baccalaureat","tag-candidats","tag-neji-jalloul"],"yoast_head":"<!-- This site is optimized with the Yoast SEO plugin v26.6 - https:\/\/yoast.com\/wordpress\/plugins\/seo\/ -->\n<title>Candidats au Bac 2017\u00a0: Retrait de la carte d\u2019identit\u00e9 dans les lyc\u00e9es - Kapitalis<\/title>\n<meta name=\"robots\" content=\"index, follow, max-snippet:-1, max-image-preview:large, max-video-preview:-1\" \/>\n<link rel=\"canonical\" href=\"https:\/\/kapitalis.com\/tunisie\/2016\/12\/17\/candidats-au-bac-retrait-de-la-carte-didentite-dans-les-lycees\/\" \/>\n<meta property=\"og:locale\" content=\"fr_FR\" \/>\n<meta property=\"og:type\" content=\"article\" \/>\n<meta property=\"og:title\" content=\"Candidats au Bac 2017\u00a0: Retrait de la carte d\u2019identit\u00e9 dans les lyc\u00e9es - Kapitalis\" \/>\n<meta property=\"og:description\" content=\"Des milliers de lyc\u00e9ens de la terminale ont pu retirer, aujourd\u2019hui, leur carte d\u2019identit\u00e9 dans le lyc\u00e9e, sans devoir se d\u00e9placer au poste de police. Par\u00a0Zohra Abid\" \/>\n<meta property=\"og:url\" content=\"https:\/\/kapitalis.com\/tunisie\/2016\/12\/17\/candidats-au-bac-retrait-de-la-carte-didentite-dans-les-lycees\/\" \/>\n<meta property=\"og:site_name\" content=\"Kapitalis\" \/>\n<meta property=\"article:publisher\" content=\"https:\/\/www.facebook.com\/KapitalisInfo\/\" \/>\n<meta property=\"article:published_time\" content=\"2016-12-17T17:24:12+00:00\" \/>\n<meta property=\"article:modified_time\" content=\"2016-12-17T18:36:03+00:00\" \/>\n<meta property=\"og:image\" content=\"https:\/\/kapitalis.com\/tunisie\/wp-content\/uploads\/2022\/05\/kapitalis-logo-fb.png\" \/>\n\t<meta property=\"og:image:width\" content=\"1200\" \/>\n\t<meta property=\"og:image:height\" content=\"630\" \/>\n\t<meta property=\"og:image:type\" content=\"image\/png\" \/>\n<meta name=\"author\" content=\"zohra abid\" \/>\n<meta name=\"twitter:card\" content=\"summary_large_image\" \/>\n<meta name=\"twitter:creator\" content=\"@KapitalisInfo\" \/>\n<meta name=\"twitter:site\" content=\"@KapitalisInfo\" \/>\n<meta name=\"twitter:label1\" content=\"\u00c9crit par\" \/>\n\t<meta name=\"twitter:data1\" content=\"zohra abid\" \/>\n\t<meta name=\"twitter:label2\" content=\"Dur\u00e9e de lecture estim\u00e9e\" \/>\n\t<meta name=\"twitter:data2\" content=\"2 minutes\" \/>\n<script type=\"application\/ld+json\" class=\"yoast-schema-graph\">{\"@context\":\"https:\/\/schema.org\",\"@graph\":[{\"@type\":\"Article\",\"@id\":\"https:\/\/kapitalis.com\/tunisie\/2016\/12\/17\/candidats-au-bac-retrait-de-la-carte-didentite-dans-les-lycees\/#article\",\"isPartOf\":{\"@id\":\"https:\/\/kapitalis.com\/tunisie\/2016\/12\/17\/candidats-au-bac-retrait-de-la-carte-didentite-dans-les-lycees\/\"},\"author\":{\"name\":\"zohra abid\",\"@id\":\"https:\/\/kapitalis.com\/tunisie\/#\/schema\/person\/6fc2988ceb6eacf6836db1d8360b4912\"},\"headline\":\"Candidats au Bac 2017\u00a0: Retrait de la carte d\u2019identit\u00e9 dans les lyc\u00e9es\",\"datePublished\":\"2016-12-17T17:24:12+00:00\",\"dateModified\":\"2016-12-17T18:36:03+00:00\",\"mainEntityOfPage\":{\"@id\":\"https:\/\/kapitalis.com\/tunisie\/2016\/12\/17\/candidats-au-bac-retrait-de-la-carte-didentite-dans-les-lycees\/\"},\"wordCount\":488,\"commentCount\":3,\"publisher\":{\"@id\":\"https:\/\/kapitalis.com\/tunisie\/#organization\"},\"image\":{\"@id\":\"https:\/\/kapitalis.com\/tunisie\/2016\/12\/17\/candidats-au-bac-retrait-de-la-carte-didentite-dans-les-lycees\/#primaryimage\"},\"thumbnailUrl\":\"\",\"keywords\":[\"Baccalaur\u00e9at\",\"candidats\",\"Neji Jalloul\"],\"articleSection\":[\"A LA UNE\",\"SOCIETE\",\"Tunisie\"],\"inLanguage\":\"fr-FR\",\"potentialAction\":[{\"@type\":\"CommentAction\",\"name\":\"Comment\",\"target\":[\"https:\/\/kapitalis.com\/tunisie\/2016\/12\/17\/candidats-au-bac-retrait-de-la-carte-didentite-dans-les-lycees\/#respond\"]}]},{\"@type\":\"WebPage\",\"@id\":\"https:\/\/kapitalis.com\/tunisie\/2016\/12\/17\/candidats-au-bac-retrait-de-la-carte-didentite-dans-les-lycees\/\",\"url\":\"https:\/\/kapitalis.com\/tunisie\/2016\/12\/17\/candidats-au-bac-retrait-de-la-carte-didentite-dans-les-lycees\/\",\"name\":\"Candidats au Bac 2017\u00a0: Retrait de la carte d\u2019identit\u00e9 dans les lyc\u00e9es - Kapitalis\",\"isPartOf\":{\"@id\":\"https:\/\/kapitalis.com\/tunisie\/#website\"},\"primaryImageOfPage\":{\"@id\":\"https:\/\/kapitalis.com\/tunisie\/2016\/12\/17\/candidats-au-bac-retrait-de-la-carte-didentite-dans-les-lycees\/#primaryimage\"},\"image\":{\"@id\":\"https:\/\/kapitalis.com\/tunisie\/2016\/12\/17\/candidats-au-bac-retrait-de-la-carte-didentite-dans-les-lycees\/#primaryimage\"},\"thumbnailUrl\":\"\",\"datePublished\":\"2016-12-17T17:24:12+00:00\",\"dateModified\":\"2016-12-17T18:36:03+00:00\",\"breadcrumb\":{\"@id\":\"https:\/\/kapitalis.com\/tunisie\/2016\/12\/17\/candidats-au-bac-retrait-de-la-carte-didentite-dans-les-lycees\/#breadcrumb\"},\"inLanguage\":\"fr-FR\",\"potentialAction\":[{\"@type\":\"ReadAction\",\"target\":[\"https:\/\/kapitalis.com\/tunisie\/2016\/12\/17\/candidats-au-bac-retrait-de-la-carte-didentite-dans-les-lycees\/\"]}]},{\"@type\":\"ImageObject\",\"inLanguage\":\"fr-FR\",\"@id\":\"https:\/\/kapitalis.com\/tunisie\/2016\/12\/17\/candidats-au-bac-retrait-de-la-carte-didentite-dans-les-lycees\/#primaryimage\",\"url\":\"\",\"contentUrl\":\"\"},{\"@type\":\"BreadcrumbList\",\"@id\":\"https:\/\/kapitalis.com\/tunisie\/2016\/12\/17\/candidats-au-bac-retrait-de-la-carte-didentite-dans-les-lycees\/#breadcrumb\",\"itemListElement\":[{\"@type\":\"ListItem\",\"position\":1,\"name\":\"Accueil\",\"item\":\"https:\/\/kapitalis.com\/tunisie\/\"},{\"@type\":\"ListItem\",\"position\":2,\"name\":\"Candidats au Bac 2017\u00a0: Retrait de la carte d\u2019identit\u00e9 dans les lyc\u00e9es\"}]},{\"@type\":\"WebSite\",\"@id\":\"https:\/\/kapitalis.com\/tunisie\/#website\",\"url\":\"https:\/\/kapitalis.com\/tunisie\/\",\"name\":\"Kapitalis\",\"description\":\"L&#039;actualit\u00e9 en Tunisie et dans le monde\",\"publisher\":{\"@id\":\"https:\/\/kapitalis.com\/tunisie\/#organization\"},\"potentialAction\":[{\"@type\":\"SearchAction\",\"target\":{\"@type\":\"EntryPoint\",\"urlTemplate\":\"https:\/\/kapitalis.com\/tunisie\/?s={search_term_string}\"},\"query-input\":{\"@type\":\"PropertyValueSpecification\",\"valueRequired\":true,\"valueName\":\"search_term_string\"}}],\"inLanguage\":\"fr-FR\"},{\"@type\":\"Organization\",\"@id\":\"https:\/\/kapitalis.com\/tunisie\/#organization\",\"name\":\"Kapitalis\",\"url\":\"https:\/\/kapitalis.com\/tunisie\/\",\"logo\":{\"@type\":\"ImageObject\",\"inLanguage\":\"fr-FR\",\"@id\":\"https:\/\/kapitalis.com\/tunisie\/#\/schema\/logo\/image\/\",\"url\":\"https:\/\/kapitalis.com\/tunisie\/wp-content\/uploads\/2022\/05\/Kapitalis-big-size.png\",\"contentUrl\":\"https:\/\/kapitalis.com\/tunisie\/wp-content\/uploads\/2022\/05\/Kapitalis-big-size.png\",\"width\":5000,\"height\":1500,\"caption\":\"Kapitalis\"},\"image\":{\"@id\":\"https:\/\/kapitalis.com\/tunisie\/#\/schema\/logo\/image\/\"},\"sameAs\":[\"https:\/\/www.facebook.com\/KapitalisInfo\/\",\"https:\/\/x.com\/KapitalisInfo\",\"https:\/\/www.youtube.com\/channel\/UC-yDYrHyfFBWWZaOw3FPg9Q\"]},{\"@type\":\"Person\",\"@id\":\"https:\/\/kapitalis.com\/tunisie\/#\/schema\/person\/6fc2988ceb6eacf6836db1d8360b4912\",\"name\":\"zohra abid\",\"url\":\"https:\/\/kapitalis.com\/tunisie\/author\/zohra-abid-2015\/\"}]}<\/script>\n<!-- \/ Yoast SEO plugin. -->","yoast_head_json":{"title":"Candidats au Bac 2017\u00a0: Retrait de la carte d\u2019identit\u00e9 dans les lyc\u00e9es - Kapitalis","robots":{"index":"index","follow":"follow","max-snippet":"max-snippet:-1","max-image-preview":"max-image-preview:large","max-video-preview":"max-video-preview:-1"},"canonical":"https:\/\/kapitalis.com\/tunisie\/2016\/12\/17\/candidats-au-bac-retrait-de-la-carte-didentite-dans-les-lycees\/","og_locale":"fr_FR","og_type":"article","og_title":"Candidats au Bac 2017\u00a0: Retrait de la carte d\u2019identit\u00e9 dans les lyc\u00e9es - Kapitalis","og_description":"Des milliers de lyc\u00e9ens de la terminale ont pu retirer, aujourd\u2019hui, leur carte d\u2019identit\u00e9 dans le lyc\u00e9e, sans devoir se d\u00e9placer au poste de police. Par\u00a0Zohra Abid","og_url":"https:\/\/kapitalis.com\/tunisie\/2016\/12\/17\/candidats-au-bac-retrait-de-la-carte-didentite-dans-les-lycees\/","og_site_name":"Kapitalis","article_publisher":"https:\/\/www.facebook.com\/KapitalisInfo\/","article_published_time":"2016-12-17T17:24:12+00:00","article_modified_time":"2016-12-17T18:36:03+00:00","og_image":[{"width":1200,"height":630,"url":"https:\/\/kapitalis.com\/tunisie\/wp-content\/uploads\/2022\/05\/kapitalis-logo-fb.png","type":"image\/png"}],"author":"zohra abid","twitter_card":"summary_large_image","twitter_creator":"@KapitalisInfo","twitter_site":"@KapitalisInfo","twitter_misc":{"\u00c9crit par":"zohra abid","Dur\u00e9e de lecture estim\u00e9e":"2 minutes"},"schema":{"@context":"https:\/\/schema.org","@graph":[{"@type":"Article","@id":"https:\/\/kapitalis.com\/tunisie\/2016\/12\/17\/candidats-au-bac-retrait-de-la-carte-didentite-dans-les-lycees\/#article","isPartOf":{"@id":"https:\/\/kapitalis.com\/tunisie\/2016\/12\/17\/candidats-au-bac-retrait-de-la-carte-didentite-dans-les-lycees\/"},"author":{"name":"zohra abid","@id":"https:\/\/kapitalis.com\/tunisie\/#\/schema\/person\/6fc2988ceb6eacf6836db1d8360b4912"},"headline":"Candidats au Bac 2017\u00a0: Retrait de la carte d\u2019identit\u00e9 dans les lyc\u00e9es","datePublished":"2016-12-17T17:24:12+00:00","dateModified":"2016-12-17T18:36:03+00:00","mainEntityOfPage":{"@id":"https:\/\/kapitalis.com\/tunisie\/2016\/12\/17\/candidats-au-bac-retrait-de-la-carte-didentite-dans-les-lycees\/"},"wordCount":488,"commentCount":3,"publisher":{"@id":"https:\/\/kapitalis.com\/tunisie\/#organization"},"image":{"@id":"https:\/\/kapitalis.com\/tunisie\/2016\/12\/17\/candidats-au-bac-retrait-de-la-carte-didentite-dans-les-lycees\/#primaryimage"},"thumbnailUrl":"","keywords":["Baccalaur\u00e9at","candidats","Neji Jalloul"],"articleSection":["A LA UNE","SOCIETE","Tunisie"],"inLanguage":"fr-FR","potentialAction":[{"@type":"CommentAction","name":"Comment","target":["https:\/\/kapitalis.com\/tunisie\/2016\/12\/17\/candidats-au-bac-retrait-de-la-carte-didentite-dans-les-lycees\/#respond"]}]},{"@type":"WebPage","@id":"https:\/\/kapitalis.com\/tunisie\/2016\/12\/17\/candidats-au-bac-retrait-de-la-carte-didentite-dans-les-lycees\/","url":"https:\/\/kapitalis.com\/tunisie\/2016\/12\/17\/candidats-au-bac-retrait-de-la-carte-didentite-dans-les-lycees\/","name":"Candidats au Bac 2017\u00a0: Retrait de la carte d\u2019identit\u00e9 dans les lyc\u00e9es - Kapitalis","isPartOf":{"@id":"https:\/\/kapitalis.com\/tunisie\/#website"},"primaryImageOfPage":{"@id":"https:\/\/kapitalis.com\/tunisie\/2016\/12\/17\/candidats-au-bac-retrait-de-la-carte-didentite-dans-les-lycees\/#primaryimage"},"image":{"@id":"https:\/\/kapitalis.com\/tunisie\/2016\/12\/17\/candidats-au-bac-retrait-de-la-carte-didentite-dans-les-lycees\/#primaryimage"},"thumbnailUrl":"","datePublished":"2016-12-17T17:24:12+00:00","dateModified":"2016-12-17T18:36:03+00:00","breadcrumb":{"@id":"https:\/\/kapitalis.com\/tunisie\/2016\/12\/17\/candidats-au-bac-retrait-de-la-carte-didentite-dans-les-lycees\/#breadcrumb"},"inLanguage":"fr-FR","potentialAction":[{"@type":"ReadAction","target":["https:\/\/kapitalis.com\/tunisie\/2016\/12\/17\/candidats-au-bac-retrait-de-la-carte-didentite-dans-les-lycees\/"]}]},{"@type":"ImageObject","inLanguage":"fr-FR","@id":"https:\/\/kapitalis.com\/tunisie\/2016\/12\/17\/candidats-au-bac-retrait-de-la-carte-didentite-dans-les-lycees\/#primaryimage","url":"","contentUrl":""},{"@type":"BreadcrumbList","@id":"https:\/\/kapitalis.com\/tunisie\/2016\/12\/17\/candidats-au-bac-retrait-de-la-carte-didentite-dans-les-lycees\/#breadcrumb","itemListElement":[{"@type":"ListItem","position":1,"name":"Accueil","item":"https:\/\/kapitalis.com\/tunisie\/"},{"@type":"ListItem","position":2,"name":"Candidats au Bac 2017\u00a0: Retrait de la carte d\u2019identit\u00e9 dans les lyc\u00e9es"}]},{"@type":"WebSite","@id":"https:\/\/kapitalis.com\/tunisie\/#website","url":"https:\/\/kapitalis.com\/tunisie\/","name":"Kapitalis","description":"L&#039;actualit\u00e9 en Tunisie et dans le monde","publisher":{"@id":"https:\/\/kapitalis.com\/tunisie\/#organization"},"potentialAction":[{"@type":"SearchAction","target":{"@type":"EntryPoint","urlTemplate":"https:\/\/kapitalis.com\/tunisie\/?s={search_term_string}"},"query-input":{"@type":"PropertyValueSpecification","valueRequired":true,"valueName":"search_term_string"}}],"inLanguage":"fr-FR"},{"@type":"Organization","@id":"https:\/\/kapitalis.com\/tunisie\/#organization","name":"Kapitalis","url":"https:\/\/kapitalis.com\/tunisie\/","logo":{"@type":"ImageObject","inLanguage":"fr-FR","@id":"https:\/\/kapitalis.com\/tunisie\/#\/schema\/logo\/image\/","url":"https:\/\/kapitalis.com\/tunisie\/wp-content\/uploads\/2022\/05\/Kapitalis-big-size.png","contentUrl":"https:\/\/kapitalis.com\/tunisie\/wp-content\/uploads\/2022\/05\/Kapitalis-big-size.png","width":5000,"height":1500,"caption":"Kapitalis"},"image":{"@id":"https:\/\/kapitalis.com\/tunisie\/#\/schema\/logo\/image\/"},"sameAs":["https:\/\/www.facebook.com\/KapitalisInfo\/","https:\/\/x.com\/KapitalisInfo","https:\/\/www.youtube.com\/channel\/UC-yDYrHyfFBWWZaOw3FPg9Q"]},{"@type":"Person","@id":"https:\/\/kapitalis.com\/tunisie\/#\/schema\/person\/6fc2988ceb6eacf6836db1d8360b4912","name":"zohra abid","url":"https:\/\/kapitalis.com\/tunisie\/author\/zohra-abid-2015\/"}]}},"_links":{"self":[{"href":"https:\/\/kapitalis.com\/tunisie\/wp-json\/wp\/v2\/posts\/75916","targetHints":{"allow":["GET"]}}],"collection":[{"href":"https:\/\/kapitalis.com\/tunisie\/wp-json\/wp\/v2\/posts"}],"about":[{"href":"https:\/\/kapitalis.com\/tunisie\/wp-json\/wp\/v2\/types\/post"}],"author":[{"embeddable":true,"href":"https:\/\/kapitalis.com\/tunisie\/wp-json\/wp\/v2\/users\/7"}],"replies":[{"embeddable":true,"href":"https:\/\/kapitalis.com\/tunisie\/wp-json\/wp\/v2\/comments?post=75916"}],"version-history":[{"count":0,"href":"https:\/\/kapitalis.com\/tunisie\/wp-json\/wp\/v2\/posts\/75916\/revisions"}],"wp:featuredmedia":[{"embeddable":true,"href":"https:\/\/kapitalis.com\/tunisie\/wp-json\/wp\/v2\/media\/75938"}],"wp:attachment":[{"href":"https:\/\/kapitalis.com\/tunisie\/wp-json\/wp\/v2\/media?parent=75916"}],"wp:term":[{"taxonomy":"category","embeddable":true,"href":"https:\/\/kapitalis.com\/tunisie\/wp-json\/wp\/v2\/categories?post=75916"},{"taxonomy":"post_tag","embeddable":true,"href":"https:\/\/kapitalis.com\/tunisie\/wp-json\/wp\/v2\/tags?post=75916"}],"curies":[{"name":"wp","href":"https:\/\/api.w.org\/{rel}","templated":true}]}}