{"id":7597164,"date":"2023-04-25T12:21:27","date_gmt":"2023-04-25T11:21:27","guid":{"rendered":"https:\/\/kapitalis.com\/tunisie\/?p=7597164"},"modified":"2023-04-25T12:44:49","modified_gmt":"2023-04-25T11:44:49","slug":"tunisie-plusieurs-salles-de-cinema-seraient-menacees-de-fermeture-selon-ali-soula","status":"publish","type":"post","link":"https:\/\/kapitalis.com\/tunisie\/2023\/04\/25\/tunisie-plusieurs-salles-de-cinema-seraient-menacees-de-fermeture-selon-ali-soula\/","title":{"rendered":"Tunisie : Plusieurs salles de cin\u00e9ma seraient menac\u00e9es de fermeture selon Ali Soula"},"content":{"rendered":"\n<p><em><strong>Dans une d\u00e9claration qu\u2019il a faite sur les ondes d\u2019Express.fm, Ali Soula, propri\u00e9taire de la salle Cin\u00e9 Jamil, a tir\u00e9 la sonnette d\u2019alarme sur les difficult\u00e9s financi\u00e8res que connaissent beaucoup de salles de cin\u00e9ma en Tunisie, et au manque de soutien du minist\u00e8re des Affaires culturelles.<\/strong><\/em><\/p>\n\n\n\n<!--more-->\n\n\n\n<p>Deux salles de cin\u00e9ma de la capitale avaient au mois de mars dernier annonc\u00e9 leur fermeture d\u00e9finitive, la salle Amilcar au Manar, puis la salle Cin\u00e9 Jamil au Menzah, ce qui a suscit\u00e9 le d\u00e9sarroi du public cin\u00e9phile notamment face au silence du minist\u00e8re des Affaires culturelles.<\/p>\n\n\n\n<p>Un peu plus d\u2019un mois plus tard, le Cin\u00e9 Jamil annonce qu\u2019il ouvre de nouveau ses portes. Interrog\u00e9 sur la radio Express.fm sur les raisons de cette d\u00e9cision, le propri\u00e9taire de la salle Ali Soula a fait savoir qu\u2019il avait compt\u00e9 sur lui m\u00eame pour rouvrir l\u2019espace, et ce, gr\u00e2ce au soutien des fid\u00e8les de l\u2019espace et des m\u00e9dias. Il est par la m\u00eame occasion revenu sur l\u2019\u00e9tat financier critique des salles de cin\u00e9ma qui sont pass\u00e9es de 160 salles dans les ann\u00e9es 50 \u00e0 une trentaine de salles seulement actuellement.<\/p>\n\n\n\n<p>Ali Soula a rappel\u00e9 que la pand\u00e9mie du Coronavirus et la fermeture forc\u00e9e de plusieurs mois des espaces culturels avait fortement fragilis\u00e9 le secteur du cin\u00e9ma. \u00ab<em>&nbsp;L\u2019aide allou\u00e9e par le minist\u00e8re des Affaires culturelles \u00e9tait de 7 mille DT, une somme d\u00e9risoire que j\u2019ai re\u00e7u apr\u00e8s deux ann\u00e9es d\u2019attente<\/em>&nbsp;\u00bb avait-il ajout\u00e9.<\/p>\n\n\n\n<p class=\"has-text-align-right\"><strong>F.B<\/strong><\/p>\n","protected":false},"excerpt":{"rendered":"<p>Dans une d\u00e9claration qu\u2019il a faite sur les ondes d\u2019Express.fm, Ali Soula, propri\u00e9taire de la salle Cin\u00e9 Jamil, a tir\u00e9 la sonnette d\u2019alarme sur les difficult\u00e9s financi\u00e8res que connaissent beaucoup de salles de cin\u00e9ma en Tunisie, et au manque de soutien du minist\u00e8re des Affaires culturelles.<\/p>\n","protected":false},"author":26,"featured_media":5921459,"comment_status":"open","ping_status":"open","sticky":false,"template":"","format":"standard","meta":{"footnotes":""},"categories":[994,2433],"tags":[108208,107929,102983,62643],"class_list":["post-7597164","post","type-post","status-publish","format-standard","has-post-thumbnail","hentry","category-culture","category-tunisie","tag-ali-soula","tag-cine-jamil","tag-salle-de-cinema","tag-tunisie"],"yoast_head":"<!-- This site is optimized with the Yoast SEO plugin v26.6 - https:\/\/yoast.com\/wordpress\/plugins\/seo\/ -->\n<title>Tunisie : Plusieurs salles de cin\u00e9ma seraient menac\u00e9es de fermeture selon Ali Soula - Kapitalis<\/title>\n<meta name=\"robots\" content=\"index, follow, max-snippet:-1, max-image-preview:large, max-video-preview:-1\" \/>\n<link rel=\"canonical\" href=\"https:\/\/kapitalis.com\/tunisie\/2023\/04\/25\/tunisie-plusieurs-salles-de-cinema-seraient-menacees-de-fermeture-selon-ali-soula\/\" \/>\n<meta property=\"og:locale\" content=\"fr_FR\" \/>\n<meta property=\"og:type\" content=\"article\" \/>\n<meta property=\"og:title\" content=\"Tunisie : Plusieurs salles de cin\u00e9ma seraient menac\u00e9es de fermeture selon Ali Soula - Kapitalis\" \/>\n<meta property=\"og:description\" content=\"Dans une d\u00e9claration qu\u2019il a faite sur les ondes d\u2019Express.fm, Ali Soula, propri\u00e9taire de la salle Cin\u00e9 Jamil, a tir\u00e9 la sonnette d\u2019alarme sur les difficult\u00e9s financi\u00e8res que connaissent beaucoup de salles de cin\u00e9ma en Tunisie, et au manque de soutien du minist\u00e8re des Affaires culturelles.\" \/>\n<meta property=\"og:url\" content=\"https:\/\/kapitalis.com\/tunisie\/2023\/04\/25\/tunisie-plusieurs-salles-de-cinema-seraient-menacees-de-fermeture-selon-ali-soula\/\" \/>\n<meta property=\"og:site_name\" content=\"Kapitalis\" \/>\n<meta property=\"article:publisher\" content=\"https:\/\/www.facebook.com\/KapitalisInfo\/\" \/>\n<meta property=\"article:published_time\" content=\"2023-04-25T11:21:27+00:00\" \/>\n<meta property=\"article:modified_time\" content=\"2023-04-25T11:44:49+00:00\" \/>\n<meta property=\"og:image\" content=\"https:\/\/kapitalis.com\/tunisie\/wp-content\/uploads\/2023\/01\/Cinema.jpg\" \/>\n\t<meta property=\"og:image:width\" content=\"1200\" \/>\n\t<meta property=\"og:image:height\" content=\"630\" \/>\n\t<meta property=\"og:image:type\" content=\"image\/jpeg\" \/>\n<meta name=\"author\" content=\"Fawz BenAli\" \/>\n<meta name=\"twitter:card\" content=\"summary_large_image\" \/>\n<meta name=\"twitter:creator\" content=\"@KapitalisInfo\" \/>\n<meta name=\"twitter:site\" content=\"@KapitalisInfo\" \/>\n<meta name=\"twitter:label1\" content=\"\u00c9crit par\" \/>\n\t<meta name=\"twitter:data1\" content=\"Fawz BenAli\" \/>\n\t<meta name=\"twitter:label2\" content=\"Dur\u00e9e de lecture estim\u00e9e\" \/>\n\t<meta name=\"twitter:data2\" content=\"2 minutes\" \/>\n<script type=\"application\/ld+json\" class=\"yoast-schema-graph\">{\"@context\":\"https:\/\/schema.org\",\"@graph\":[{\"@type\":\"Article\",\"@id\":\"https:\/\/kapitalis.com\/tunisie\/2023\/04\/25\/tunisie-plusieurs-salles-de-cinema-seraient-menacees-de-fermeture-selon-ali-soula\/#article\",\"isPartOf\":{\"@id\":\"https:\/\/kapitalis.com\/tunisie\/2023\/04\/25\/tunisie-plusieurs-salles-de-cinema-seraient-menacees-de-fermeture-selon-ali-soula\/\"},\"author\":{\"name\":\"Fawz BenAli\",\"@id\":\"https:\/\/kapitalis.com\/tunisie\/#\/schema\/person\/73a5ecc1f6ae540c6ed91342eadca948\"},\"headline\":\"Tunisie : Plusieurs salles de cin\u00e9ma seraient menac\u00e9es de fermeture selon Ali Soula\",\"datePublished\":\"2023-04-25T11:21:27+00:00\",\"dateModified\":\"2023-04-25T11:44:49+00:00\",\"mainEntityOfPage\":{\"@id\":\"https:\/\/kapitalis.com\/tunisie\/2023\/04\/25\/tunisie-plusieurs-salles-de-cinema-seraient-menacees-de-fermeture-selon-ali-soula\/\"},\"wordCount\":293,\"commentCount\":1,\"publisher\":{\"@id\":\"https:\/\/kapitalis.com\/tunisie\/#organization\"},\"image\":{\"@id\":\"https:\/\/kapitalis.com\/tunisie\/2023\/04\/25\/tunisie-plusieurs-salles-de-cinema-seraient-menacees-de-fermeture-selon-ali-soula\/#primaryimage\"},\"thumbnailUrl\":\"https:\/\/kapitalis.com\/tunisie\/wp-content\/uploads\/2023\/01\/Cinema.jpg\",\"keywords\":[\"Ali Soula\",\"Cin\u00e9 Jamil\",\"salle de cin\u00e9ma\",\"Tunisie\"],\"articleSection\":[\"CULTURE\",\"Tunisie\"],\"inLanguage\":\"fr-FR\",\"potentialAction\":[{\"@type\":\"CommentAction\",\"name\":\"Comment\",\"target\":[\"https:\/\/kapitalis.com\/tunisie\/2023\/04\/25\/tunisie-plusieurs-salles-de-cinema-seraient-menacees-de-fermeture-selon-ali-soula\/#respond\"]}]},{\"@type\":\"WebPage\",\"@id\":\"https:\/\/kapitalis.com\/tunisie\/2023\/04\/25\/tunisie-plusieurs-salles-de-cinema-seraient-menacees-de-fermeture-selon-ali-soula\/\",\"url\":\"https:\/\/kapitalis.com\/tunisie\/2023\/04\/25\/tunisie-plusieurs-salles-de-cinema-seraient-menacees-de-fermeture-selon-ali-soula\/\",\"name\":\"Tunisie : Plusieurs salles de cin\u00e9ma seraient menac\u00e9es de fermeture selon Ali Soula - Kapitalis\",\"isPartOf\":{\"@id\":\"https:\/\/kapitalis.com\/tunisie\/#website\"},\"primaryImageOfPage\":{\"@id\":\"https:\/\/kapitalis.com\/tunisie\/2023\/04\/25\/tunisie-plusieurs-salles-de-cinema-seraient-menacees-de-fermeture-selon-ali-soula\/#primaryimage\"},\"image\":{\"@id\":\"https:\/\/kapitalis.com\/tunisie\/2023\/04\/25\/tunisie-plusieurs-salles-de-cinema-seraient-menacees-de-fermeture-selon-ali-soula\/#primaryimage\"},\"thumbnailUrl\":\"https:\/\/kapitalis.com\/tunisie\/wp-content\/uploads\/2023\/01\/Cinema.jpg\",\"datePublished\":\"2023-04-25T11:21:27+00:00\",\"dateModified\":\"2023-04-25T11:44:49+00:00\",\"breadcrumb\":{\"@id\":\"https:\/\/kapitalis.com\/tunisie\/2023\/04\/25\/tunisie-plusieurs-salles-de-cinema-seraient-menacees-de-fermeture-selon-ali-soula\/#breadcrumb\"},\"inLanguage\":\"fr-FR\",\"potentialAction\":[{\"@type\":\"ReadAction\",\"target\":[\"https:\/\/kapitalis.com\/tunisie\/2023\/04\/25\/tunisie-plusieurs-salles-de-cinema-seraient-menacees-de-fermeture-selon-ali-soula\/\"]}]},{\"@type\":\"ImageObject\",\"inLanguage\":\"fr-FR\",\"@id\":\"https:\/\/kapitalis.com\/tunisie\/2023\/04\/25\/tunisie-plusieurs-salles-de-cinema-seraient-menacees-de-fermeture-selon-ali-soula\/#primaryimage\",\"url\":\"https:\/\/kapitalis.com\/tunisie\/wp-content\/uploads\/2023\/01\/Cinema.jpg\",\"contentUrl\":\"https:\/\/kapitalis.com\/tunisie\/wp-content\/uploads\/2023\/01\/Cinema.jpg\",\"width\":1200,\"height\":630},{\"@type\":\"BreadcrumbList\",\"@id\":\"https:\/\/kapitalis.com\/tunisie\/2023\/04\/25\/tunisie-plusieurs-salles-de-cinema-seraient-menacees-de-fermeture-selon-ali-soula\/#breadcrumb\",\"itemListElement\":[{\"@type\":\"ListItem\",\"position\":1,\"name\":\"Accueil\",\"item\":\"https:\/\/kapitalis.com\/tunisie\/\"},{\"@type\":\"ListItem\",\"position\":2,\"name\":\"Tunisie : Plusieurs salles de cin\u00e9ma seraient menac\u00e9es de fermeture selon Ali Soula\"}]},{\"@type\":\"WebSite\",\"@id\":\"https:\/\/kapitalis.com\/tunisie\/#website\",\"url\":\"https:\/\/kapitalis.com\/tunisie\/\",\"name\":\"Kapitalis\",\"description\":\"L&#039;actualit\u00e9 en Tunisie et dans le monde\",\"publisher\":{\"@id\":\"https:\/\/kapitalis.com\/tunisie\/#organization\"},\"potentialAction\":[{\"@type\":\"SearchAction\",\"target\":{\"@type\":\"EntryPoint\",\"urlTemplate\":\"https:\/\/kapitalis.com\/tunisie\/?s={search_term_string}\"},\"query-input\":{\"@type\":\"PropertyValueSpecification\",\"valueRequired\":true,\"valueName\":\"search_term_string\"}}],\"inLanguage\":\"fr-FR\"},{\"@type\":\"Organization\",\"@id\":\"https:\/\/kapitalis.com\/tunisie\/#organization\",\"name\":\"Kapitalis\",\"url\":\"https:\/\/kapitalis.com\/tunisie\/\",\"logo\":{\"@type\":\"ImageObject\",\"inLanguage\":\"fr-FR\",\"@id\":\"https:\/\/kapitalis.com\/tunisie\/#\/schema\/logo\/image\/\",\"url\":\"https:\/\/kapitalis.com\/tunisie\/wp-content\/uploads\/2022\/05\/Kapitalis-big-size.png\",\"contentUrl\":\"https:\/\/kapitalis.com\/tunisie\/wp-content\/uploads\/2022\/05\/Kapitalis-big-size.png\",\"width\":5000,\"height\":1500,\"caption\":\"Kapitalis\"},\"image\":{\"@id\":\"https:\/\/kapitalis.com\/tunisie\/#\/schema\/logo\/image\/\"},\"sameAs\":[\"https:\/\/www.facebook.com\/KapitalisInfo\/\",\"https:\/\/x.com\/KapitalisInfo\",\"https:\/\/www.youtube.com\/channel\/UC-yDYrHyfFBWWZaOw3FPg9Q\"]},{\"@type\":\"Person\",\"@id\":\"https:\/\/kapitalis.com\/tunisie\/#\/schema\/person\/73a5ecc1f6ae540c6ed91342eadca948\",\"name\":\"Fawz BenAli\",\"url\":\"https:\/\/kapitalis.com\/tunisie\/author\/fawz\/\"}]}<\/script>\n<!-- \/ Yoast SEO plugin. -->","yoast_head_json":{"title":"Tunisie : Plusieurs salles de cin\u00e9ma seraient menac\u00e9es de fermeture selon Ali Soula - Kapitalis","robots":{"index":"index","follow":"follow","max-snippet":"max-snippet:-1","max-image-preview":"max-image-preview:large","max-video-preview":"max-video-preview:-1"},"canonical":"https:\/\/kapitalis.com\/tunisie\/2023\/04\/25\/tunisie-plusieurs-salles-de-cinema-seraient-menacees-de-fermeture-selon-ali-soula\/","og_locale":"fr_FR","og_type":"article","og_title":"Tunisie : Plusieurs salles de cin\u00e9ma seraient menac\u00e9es de fermeture selon Ali Soula - Kapitalis","og_description":"Dans une d\u00e9claration qu\u2019il a faite sur les ondes d\u2019Express.fm, Ali Soula, propri\u00e9taire de la salle Cin\u00e9 Jamil, a tir\u00e9 la sonnette d\u2019alarme sur les difficult\u00e9s financi\u00e8res que connaissent beaucoup de salles de cin\u00e9ma en Tunisie, et au manque de soutien du minist\u00e8re des Affaires culturelles.","og_url":"https:\/\/kapitalis.com\/tunisie\/2023\/04\/25\/tunisie-plusieurs-salles-de-cinema-seraient-menacees-de-fermeture-selon-ali-soula\/","og_site_name":"Kapitalis","article_publisher":"https:\/\/www.facebook.com\/KapitalisInfo\/","article_published_time":"2023-04-25T11:21:27+00:00","article_modified_time":"2023-04-25T11:44:49+00:00","og_image":[{"width":1200,"height":630,"url":"https:\/\/kapitalis.com\/tunisie\/wp-content\/uploads\/2023\/01\/Cinema.jpg","type":"image\/jpeg"}],"author":"Fawz BenAli","twitter_card":"summary_large_image","twitter_creator":"@KapitalisInfo","twitter_site":"@KapitalisInfo","twitter_misc":{"\u00c9crit par":"Fawz BenAli","Dur\u00e9e de lecture estim\u00e9e":"2 minutes"},"schema":{"@context":"https:\/\/schema.org","@graph":[{"@type":"Article","@id":"https:\/\/kapitalis.com\/tunisie\/2023\/04\/25\/tunisie-plusieurs-salles-de-cinema-seraient-menacees-de-fermeture-selon-ali-soula\/#article","isPartOf":{"@id":"https:\/\/kapitalis.com\/tunisie\/2023\/04\/25\/tunisie-plusieurs-salles-de-cinema-seraient-menacees-de-fermeture-selon-ali-soula\/"},"author":{"name":"Fawz BenAli","@id":"https:\/\/kapitalis.com\/tunisie\/#\/schema\/person\/73a5ecc1f6ae540c6ed91342eadca948"},"headline":"Tunisie : Plusieurs salles de cin\u00e9ma seraient menac\u00e9es de fermeture selon Ali Soula","datePublished":"2023-04-25T11:21:27+00:00","dateModified":"2023-04-25T11:44:49+00:00","mainEntityOfPage":{"@id":"https:\/\/kapitalis.com\/tunisie\/2023\/04\/25\/tunisie-plusieurs-salles-de-cinema-seraient-menacees-de-fermeture-selon-ali-soula\/"},"wordCount":293,"commentCount":1,"publisher":{"@id":"https:\/\/kapitalis.com\/tunisie\/#organization"},"image":{"@id":"https:\/\/kapitalis.com\/tunisie\/2023\/04\/25\/tunisie-plusieurs-salles-de-cinema-seraient-menacees-de-fermeture-selon-ali-soula\/#primaryimage"},"thumbnailUrl":"https:\/\/kapitalis.com\/tunisie\/wp-content\/uploads\/2023\/01\/Cinema.jpg","keywords":["Ali Soula","Cin\u00e9 Jamil","salle de cin\u00e9ma","Tunisie"],"articleSection":["CULTURE","Tunisie"],"inLanguage":"fr-FR","potentialAction":[{"@type":"CommentAction","name":"Comment","target":["https:\/\/kapitalis.com\/tunisie\/2023\/04\/25\/tunisie-plusieurs-salles-de-cinema-seraient-menacees-de-fermeture-selon-ali-soula\/#respond"]}]},{"@type":"WebPage","@id":"https:\/\/kapitalis.com\/tunisie\/2023\/04\/25\/tunisie-plusieurs-salles-de-cinema-seraient-menacees-de-fermeture-selon-ali-soula\/","url":"https:\/\/kapitalis.com\/tunisie\/2023\/04\/25\/tunisie-plusieurs-salles-de-cinema-seraient-menacees-de-fermeture-selon-ali-soula\/","name":"Tunisie : Plusieurs salles de cin\u00e9ma seraient menac\u00e9es de fermeture selon Ali Soula - Kapitalis","isPartOf":{"@id":"https:\/\/kapitalis.com\/tunisie\/#website"},"primaryImageOfPage":{"@id":"https:\/\/kapitalis.com\/tunisie\/2023\/04\/25\/tunisie-plusieurs-salles-de-cinema-seraient-menacees-de-fermeture-selon-ali-soula\/#primaryimage"},"image":{"@id":"https:\/\/kapitalis.com\/tunisie\/2023\/04\/25\/tunisie-plusieurs-salles-de-cinema-seraient-menacees-de-fermeture-selon-ali-soula\/#primaryimage"},"thumbnailUrl":"https:\/\/kapitalis.com\/tunisie\/wp-content\/uploads\/2023\/01\/Cinema.jpg","datePublished":"2023-04-25T11:21:27+00:00","dateModified":"2023-04-25T11:44:49+00:00","breadcrumb":{"@id":"https:\/\/kapitalis.com\/tunisie\/2023\/04\/25\/tunisie-plusieurs-salles-de-cinema-seraient-menacees-de-fermeture-selon-ali-soula\/#breadcrumb"},"inLanguage":"fr-FR","potentialAction":[{"@type":"ReadAction","target":["https:\/\/kapitalis.com\/tunisie\/2023\/04\/25\/tunisie-plusieurs-salles-de-cinema-seraient-menacees-de-fermeture-selon-ali-soula\/"]}]},{"@type":"ImageObject","inLanguage":"fr-FR","@id":"https:\/\/kapitalis.com\/tunisie\/2023\/04\/25\/tunisie-plusieurs-salles-de-cinema-seraient-menacees-de-fermeture-selon-ali-soula\/#primaryimage","url":"https:\/\/kapitalis.com\/tunisie\/wp-content\/uploads\/2023\/01\/Cinema.jpg","contentUrl":"https:\/\/kapitalis.com\/tunisie\/wp-content\/uploads\/2023\/01\/Cinema.jpg","width":1200,"height":630},{"@type":"BreadcrumbList","@id":"https:\/\/kapitalis.com\/tunisie\/2023\/04\/25\/tunisie-plusieurs-salles-de-cinema-seraient-menacees-de-fermeture-selon-ali-soula\/#breadcrumb","itemListElement":[{"@type":"ListItem","position":1,"name":"Accueil","item":"https:\/\/kapitalis.com\/tunisie\/"},{"@type":"ListItem","position":2,"name":"Tunisie : Plusieurs salles de cin\u00e9ma seraient menac\u00e9es de fermeture selon Ali Soula"}]},{"@type":"WebSite","@id":"https:\/\/kapitalis.com\/tunisie\/#website","url":"https:\/\/kapitalis.com\/tunisie\/","name":"Kapitalis","description":"L&#039;actualit\u00e9 en Tunisie et dans le monde","publisher":{"@id":"https:\/\/kapitalis.com\/tunisie\/#organization"},"potentialAction":[{"@type":"SearchAction","target":{"@type":"EntryPoint","urlTemplate":"https:\/\/kapitalis.com\/tunisie\/?s={search_term_string}"},"query-input":{"@type":"PropertyValueSpecification","valueRequired":true,"valueName":"search_term_string"}}],"inLanguage":"fr-FR"},{"@type":"Organization","@id":"https:\/\/kapitalis.com\/tunisie\/#organization","name":"Kapitalis","url":"https:\/\/kapitalis.com\/tunisie\/","logo":{"@type":"ImageObject","inLanguage":"fr-FR","@id":"https:\/\/kapitalis.com\/tunisie\/#\/schema\/logo\/image\/","url":"https:\/\/kapitalis.com\/tunisie\/wp-content\/uploads\/2022\/05\/Kapitalis-big-size.png","contentUrl":"https:\/\/kapitalis.com\/tunisie\/wp-content\/uploads\/2022\/05\/Kapitalis-big-size.png","width":5000,"height":1500,"caption":"Kapitalis"},"image":{"@id":"https:\/\/kapitalis.com\/tunisie\/#\/schema\/logo\/image\/"},"sameAs":["https:\/\/www.facebook.com\/KapitalisInfo\/","https:\/\/x.com\/KapitalisInfo","https:\/\/www.youtube.com\/channel\/UC-yDYrHyfFBWWZaOw3FPg9Q"]},{"@type":"Person","@id":"https:\/\/kapitalis.com\/tunisie\/#\/schema\/person\/73a5ecc1f6ae540c6ed91342eadca948","name":"Fawz BenAli","url":"https:\/\/kapitalis.com\/tunisie\/author\/fawz\/"}]}},"_links":{"self":[{"href":"https:\/\/kapitalis.com\/tunisie\/wp-json\/wp\/v2\/posts\/7597164","targetHints":{"allow":["GET"]}}],"collection":[{"href":"https:\/\/kapitalis.com\/tunisie\/wp-json\/wp\/v2\/posts"}],"about":[{"href":"https:\/\/kapitalis.com\/tunisie\/wp-json\/wp\/v2\/types\/post"}],"author":[{"embeddable":true,"href":"https:\/\/kapitalis.com\/tunisie\/wp-json\/wp\/v2\/users\/26"}],"replies":[{"embeddable":true,"href":"https:\/\/kapitalis.com\/tunisie\/wp-json\/wp\/v2\/comments?post=7597164"}],"version-history":[{"count":2,"href":"https:\/\/kapitalis.com\/tunisie\/wp-json\/wp\/v2\/posts\/7597164\/revisions"}],"predecessor-version":[{"id":7598004,"href":"https:\/\/kapitalis.com\/tunisie\/wp-json\/wp\/v2\/posts\/7597164\/revisions\/7598004"}],"wp:featuredmedia":[{"embeddable":true,"href":"https:\/\/kapitalis.com\/tunisie\/wp-json\/wp\/v2\/media\/5921459"}],"wp:attachment":[{"href":"https:\/\/kapitalis.com\/tunisie\/wp-json\/wp\/v2\/media?parent=7597164"}],"wp:term":[{"taxonomy":"category","embeddable":true,"href":"https:\/\/kapitalis.com\/tunisie\/wp-json\/wp\/v2\/categories?post=7597164"},{"taxonomy":"post_tag","embeddable":true,"href":"https:\/\/kapitalis.com\/tunisie\/wp-json\/wp\/v2\/tags?post=7597164"}],"curies":[{"name":"wp","href":"https:\/\/api.w.org\/{rel}","templated":true}]}}