{"id":76027,"date":"2016-12-19T12:38:08","date_gmt":"2016-12-19T11:38:08","guid":{"rendered":"http:\/\/kapitalis.com\/tunisie\/?p=76027"},"modified":"2016-12-19T12:38:08","modified_gmt":"2016-12-19T11:38:08","slug":"warri-campagne-de-photos-chocs-contre-les-violences-faites-aux-femmes","status":"publish","type":"post","link":"https:\/\/kapitalis.com\/tunisie\/2016\/12\/19\/warri-campagne-de-photos-chocs-contre-les-violences-faites-aux-femmes\/","title":{"rendered":"Warri : Campagne de photos chocs contre les violences faites aux femmes"},"content":{"rendered":"<p style=\"text-align: center;\"><img loading=\"lazy\" decoding=\"async\" class=\"alignnone size-full wp-image-76028\" src=\"http:\/\/kapitalis.com\/tunisie\/wp-content\/uploads\/2016\/12\/Violences-femmes-photos-choc.jpg\" alt=\"\" width=\"626\" height=\"380\" \/><\/p>\n<p style=\"text-align: center;\"><em>Reem El-Benna, Fatma Ben Sa\u00efdane et Fatma Abada.<\/em><\/p>\n<p><em><strong>Une campagne de photos chocs a \u00e9t\u00e9 lanc\u00e9e en Tunisie suite \u00e0 la censure par Facebook d\u2019une photo de femme d\u00e9nud\u00e9e sensibilisant sur\u00a0la violence contre les femmes.<\/strong><\/em><\/p>\n<p><!--more--><\/p>\n<p>La campagne <a href=\"https:\/\/www.facebook.com\/warriTN\/\">Warri <\/a>(Montre) a \u00e9t\u00e9 lanc\u00e9e sous le slogan:\u00a0\u00ab<em>La violence est plus grave que la nudit\u00e9<\/em>\u00bb. Elle vise \u00e0 briser la censure, en publiant sur le net des photos de femmes d\u00e9nud\u00e9es portant des traces de\u00a0violence, avec la participation d\u2019artistes et de personnages publics.<\/p>\n<p>Un\u00a0collectif d&rsquo;associations de d\u00e9fense de la femme, dont l\u2019Association tunisienne des femmes d\u00e9mocrates (ATFD), d\u00e9plore la censure faite au nom de la morale, sans consid\u00e9ration du contenu et du but de la publication de la photo d\u2019un corps tum\u00e9fi\u00e9 suite aux violences subies.<\/p>\n<p>Le photographe Karim Kammoun, connu pour sa d\u00e9fense de la cause des femmes, prend des clich\u00e9s certes choquants, mais qui en disent long sur la triste r\u00e9alit\u00e9 des femmes violent\u00e9es.<\/p>\n<p>Rappelons que Facebook a censur\u00e9 une photo publi\u00e9e par l\u2019ATFD, \u00e0 l\u2019occasion des 16 jours d\u2019activisme de lutte contre les violences faites aux femmes, et dont le but est de sensibiliser sur les violences conjugales.<\/p>\n<p>\u00ab<em>Aussit\u00f4t la photo publi\u00e9e, soit moins de 3 minutes apr\u00e8s, Facebook l&rsquo;a censur\u00e9e et ferm\u00e9 la page officielle de l\u2019association<\/em>\u00bb, a d\u00e9nonc\u00e9 l\u2019ATFD.<\/p>\n<p>La campagne Warri veut briser le silence, estimant que \u00ab<em>le regard de la soci\u00e9t\u00e9 et le traitement m\u00e9diatique exerce sur les femmes violent\u00e9es une censure, v\u00e9cue comme un prolongement de la violence dont elles sont victimes<\/em>\u00bb.<\/p>\n<p style=\"text-align: right;\"><strong>Y. N.<\/strong><\/p>\n","protected":false},"excerpt":{"rendered":"<p>Reem El-Benna, Fatma Ben Sa\u00efdane et Fatma Abada. Une campagne de photos chocs a \u00e9t\u00e9 lanc\u00e9e en Tunisie suite \u00e0 la censure par Facebook d\u2019une photo de femme d\u00e9nud\u00e9e sensibilisant sur\u00a0la violence contre les femmes.<\/p>\n","protected":false},"author":6,"featured_media":76028,"comment_status":"open","ping_status":"open","sticky":false,"template":"","format":"standard","meta":{"footnotes":""},"categories":[996,2433],"tags":[10967,15550,3500,1479,4245,2726,6581,14369],"class_list":["post-76027","post","type-post","status-publish","format-standard","has-post-thumbnail","hentry","category-media","category-tunisie","tag-atfd","tag-censure","tag-facebook","tag-femmes","tag-photos","tag-victimes","tag-violences","tag-violences-conjugales"],"yoast_head":"<!-- This site is optimized with the Yoast SEO plugin v26.6 - https:\/\/yoast.com\/wordpress\/plugins\/seo\/ -->\n<title>Warri : Campagne de photos chocs contre les violences faites aux femmes - Kapitalis<\/title>\n<meta name=\"robots\" content=\"index, follow, max-snippet:-1, max-image-preview:large, max-video-preview:-1\" \/>\n<link rel=\"canonical\" href=\"https:\/\/kapitalis.com\/tunisie\/2016\/12\/19\/warri-campagne-de-photos-chocs-contre-les-violences-faites-aux-femmes\/\" \/>\n<meta property=\"og:locale\" content=\"fr_FR\" \/>\n<meta property=\"og:type\" content=\"article\" \/>\n<meta property=\"og:title\" content=\"Warri : Campagne de photos chocs contre les violences faites aux femmes - Kapitalis\" \/>\n<meta property=\"og:description\" content=\"Reem El-Benna, Fatma Ben Sa\u00efdane et Fatma Abada. Une campagne de photos chocs a \u00e9t\u00e9 lanc\u00e9e en Tunisie suite \u00e0 la censure par Facebook d\u2019une photo de femme d\u00e9nud\u00e9e sensibilisant sur\u00a0la violence contre les femmes.\" \/>\n<meta property=\"og:url\" content=\"https:\/\/kapitalis.com\/tunisie\/2016\/12\/19\/warri-campagne-de-photos-chocs-contre-les-violences-faites-aux-femmes\/\" \/>\n<meta property=\"og:site_name\" content=\"Kapitalis\" \/>\n<meta property=\"article:publisher\" content=\"https:\/\/www.facebook.com\/KapitalisInfo\/\" \/>\n<meta property=\"article:published_time\" content=\"2016-12-19T11:38:08+00:00\" \/>\n<meta property=\"og:image\" content=\"https:\/\/kapitalis.com\/tunisie\/wp-content\/uploads\/2022\/05\/kapitalis-logo-fb.png\" \/>\n\t<meta property=\"og:image:width\" content=\"1200\" \/>\n\t<meta property=\"og:image:height\" content=\"630\" \/>\n\t<meta property=\"og:image:type\" content=\"image\/png\" \/>\n<meta name=\"author\" content=\"Yusra NY\" \/>\n<meta name=\"twitter:card\" content=\"summary_large_image\" \/>\n<meta name=\"twitter:creator\" content=\"@KapitalisInfo\" \/>\n<meta name=\"twitter:site\" content=\"@KapitalisInfo\" \/>\n<meta name=\"twitter:label1\" content=\"\u00c9crit par\" \/>\n\t<meta name=\"twitter:data1\" content=\"Yusra NY\" \/>\n\t<meta name=\"twitter:label2\" content=\"Dur\u00e9e de lecture estim\u00e9e\" \/>\n\t<meta name=\"twitter:data2\" content=\"1 minute\" \/>\n<script type=\"application\/ld+json\" class=\"yoast-schema-graph\">{\"@context\":\"https:\/\/schema.org\",\"@graph\":[{\"@type\":\"Article\",\"@id\":\"https:\/\/kapitalis.com\/tunisie\/2016\/12\/19\/warri-campagne-de-photos-chocs-contre-les-violences-faites-aux-femmes\/#article\",\"isPartOf\":{\"@id\":\"https:\/\/kapitalis.com\/tunisie\/2016\/12\/19\/warri-campagne-de-photos-chocs-contre-les-violences-faites-aux-femmes\/\"},\"author\":{\"name\":\"Yusra NY\",\"@id\":\"https:\/\/kapitalis.com\/tunisie\/#\/schema\/person\/74bbde0154d49d790a92aaeac5bc01d5\"},\"headline\":\"Warri : Campagne de photos chocs contre les violences faites aux femmes\",\"datePublished\":\"2016-12-19T11:38:08+00:00\",\"mainEntityOfPage\":{\"@id\":\"https:\/\/kapitalis.com\/tunisie\/2016\/12\/19\/warri-campagne-de-photos-chocs-contre-les-violences-faites-aux-femmes\/\"},\"wordCount\":294,\"commentCount\":7,\"publisher\":{\"@id\":\"https:\/\/kapitalis.com\/tunisie\/#organization\"},\"image\":{\"@id\":\"https:\/\/kapitalis.com\/tunisie\/2016\/12\/19\/warri-campagne-de-photos-chocs-contre-les-violences-faites-aux-femmes\/#primaryimage\"},\"thumbnailUrl\":\"\",\"keywords\":[\"ATFD\",\"censure\",\"Facebook\",\"femmes\",\"photos\",\"victimes\",\"violences\",\"violences conjugales\"],\"articleSection\":[\"MEDIA\",\"Tunisie\"],\"inLanguage\":\"fr-FR\",\"potentialAction\":[{\"@type\":\"CommentAction\",\"name\":\"Comment\",\"target\":[\"https:\/\/kapitalis.com\/tunisie\/2016\/12\/19\/warri-campagne-de-photos-chocs-contre-les-violences-faites-aux-femmes\/#respond\"]}]},{\"@type\":\"WebPage\",\"@id\":\"https:\/\/kapitalis.com\/tunisie\/2016\/12\/19\/warri-campagne-de-photos-chocs-contre-les-violences-faites-aux-femmes\/\",\"url\":\"https:\/\/kapitalis.com\/tunisie\/2016\/12\/19\/warri-campagne-de-photos-chocs-contre-les-violences-faites-aux-femmes\/\",\"name\":\"Warri : Campagne de photos chocs contre les violences faites aux femmes - Kapitalis\",\"isPartOf\":{\"@id\":\"https:\/\/kapitalis.com\/tunisie\/#website\"},\"primaryImageOfPage\":{\"@id\":\"https:\/\/kapitalis.com\/tunisie\/2016\/12\/19\/warri-campagne-de-photos-chocs-contre-les-violences-faites-aux-femmes\/#primaryimage\"},\"image\":{\"@id\":\"https:\/\/kapitalis.com\/tunisie\/2016\/12\/19\/warri-campagne-de-photos-chocs-contre-les-violences-faites-aux-femmes\/#primaryimage\"},\"thumbnailUrl\":\"\",\"datePublished\":\"2016-12-19T11:38:08+00:00\",\"breadcrumb\":{\"@id\":\"https:\/\/kapitalis.com\/tunisie\/2016\/12\/19\/warri-campagne-de-photos-chocs-contre-les-violences-faites-aux-femmes\/#breadcrumb\"},\"inLanguage\":\"fr-FR\",\"potentialAction\":[{\"@type\":\"ReadAction\",\"target\":[\"https:\/\/kapitalis.com\/tunisie\/2016\/12\/19\/warri-campagne-de-photos-chocs-contre-les-violences-faites-aux-femmes\/\"]}]},{\"@type\":\"ImageObject\",\"inLanguage\":\"fr-FR\",\"@id\":\"https:\/\/kapitalis.com\/tunisie\/2016\/12\/19\/warri-campagne-de-photos-chocs-contre-les-violences-faites-aux-femmes\/#primaryimage\",\"url\":\"\",\"contentUrl\":\"\"},{\"@type\":\"BreadcrumbList\",\"@id\":\"https:\/\/kapitalis.com\/tunisie\/2016\/12\/19\/warri-campagne-de-photos-chocs-contre-les-violences-faites-aux-femmes\/#breadcrumb\",\"itemListElement\":[{\"@type\":\"ListItem\",\"position\":1,\"name\":\"Accueil\",\"item\":\"https:\/\/kapitalis.com\/tunisie\/\"},{\"@type\":\"ListItem\",\"position\":2,\"name\":\"Warri : Campagne de photos chocs contre les violences faites aux femmes\"}]},{\"@type\":\"WebSite\",\"@id\":\"https:\/\/kapitalis.com\/tunisie\/#website\",\"url\":\"https:\/\/kapitalis.com\/tunisie\/\",\"name\":\"Kapitalis\",\"description\":\"L&#039;actualit\u00e9 en Tunisie et dans le monde\",\"publisher\":{\"@id\":\"https:\/\/kapitalis.com\/tunisie\/#organization\"},\"potentialAction\":[{\"@type\":\"SearchAction\",\"target\":{\"@type\":\"EntryPoint\",\"urlTemplate\":\"https:\/\/kapitalis.com\/tunisie\/?s={search_term_string}\"},\"query-input\":{\"@type\":\"PropertyValueSpecification\",\"valueRequired\":true,\"valueName\":\"search_term_string\"}}],\"inLanguage\":\"fr-FR\"},{\"@type\":\"Organization\",\"@id\":\"https:\/\/kapitalis.com\/tunisie\/#organization\",\"name\":\"Kapitalis\",\"url\":\"https:\/\/kapitalis.com\/tunisie\/\",\"logo\":{\"@type\":\"ImageObject\",\"inLanguage\":\"fr-FR\",\"@id\":\"https:\/\/kapitalis.com\/tunisie\/#\/schema\/logo\/image\/\",\"url\":\"https:\/\/kapitalis.com\/tunisie\/wp-content\/uploads\/2022\/05\/Kapitalis-big-size.png\",\"contentUrl\":\"https:\/\/kapitalis.com\/tunisie\/wp-content\/uploads\/2022\/05\/Kapitalis-big-size.png\",\"width\":5000,\"height\":1500,\"caption\":\"Kapitalis\"},\"image\":{\"@id\":\"https:\/\/kapitalis.com\/tunisie\/#\/schema\/logo\/image\/\"},\"sameAs\":[\"https:\/\/www.facebook.com\/KapitalisInfo\/\",\"https:\/\/x.com\/KapitalisInfo\",\"https:\/\/www.youtube.com\/channel\/UC-yDYrHyfFBWWZaOw3FPg9Q\"]},{\"@type\":\"Person\",\"@id\":\"https:\/\/kapitalis.com\/tunisie\/#\/schema\/person\/74bbde0154d49d790a92aaeac5bc01d5\",\"name\":\"Yusra NY\",\"url\":\"https:\/\/kapitalis.com\/tunisie\/author\/yuza_adam\/\"}]}<\/script>\n<!-- \/ Yoast SEO plugin. -->","yoast_head_json":{"title":"Warri : Campagne de photos chocs contre les violences faites aux femmes - Kapitalis","robots":{"index":"index","follow":"follow","max-snippet":"max-snippet:-1","max-image-preview":"max-image-preview:large","max-video-preview":"max-video-preview:-1"},"canonical":"https:\/\/kapitalis.com\/tunisie\/2016\/12\/19\/warri-campagne-de-photos-chocs-contre-les-violences-faites-aux-femmes\/","og_locale":"fr_FR","og_type":"article","og_title":"Warri : Campagne de photos chocs contre les violences faites aux femmes - Kapitalis","og_description":"Reem El-Benna, Fatma Ben Sa\u00efdane et Fatma Abada. Une campagne de photos chocs a \u00e9t\u00e9 lanc\u00e9e en Tunisie suite \u00e0 la censure par Facebook d\u2019une photo de femme d\u00e9nud\u00e9e sensibilisant sur\u00a0la violence contre les femmes.","og_url":"https:\/\/kapitalis.com\/tunisie\/2016\/12\/19\/warri-campagne-de-photos-chocs-contre-les-violences-faites-aux-femmes\/","og_site_name":"Kapitalis","article_publisher":"https:\/\/www.facebook.com\/KapitalisInfo\/","article_published_time":"2016-12-19T11:38:08+00:00","og_image":[{"width":1200,"height":630,"url":"https:\/\/kapitalis.com\/tunisie\/wp-content\/uploads\/2022\/05\/kapitalis-logo-fb.png","type":"image\/png"}],"author":"Yusra NY","twitter_card":"summary_large_image","twitter_creator":"@KapitalisInfo","twitter_site":"@KapitalisInfo","twitter_misc":{"\u00c9crit par":"Yusra NY","Dur\u00e9e de lecture estim\u00e9e":"1 minute"},"schema":{"@context":"https:\/\/schema.org","@graph":[{"@type":"Article","@id":"https:\/\/kapitalis.com\/tunisie\/2016\/12\/19\/warri-campagne-de-photos-chocs-contre-les-violences-faites-aux-femmes\/#article","isPartOf":{"@id":"https:\/\/kapitalis.com\/tunisie\/2016\/12\/19\/warri-campagne-de-photos-chocs-contre-les-violences-faites-aux-femmes\/"},"author":{"name":"Yusra NY","@id":"https:\/\/kapitalis.com\/tunisie\/#\/schema\/person\/74bbde0154d49d790a92aaeac5bc01d5"},"headline":"Warri : Campagne de photos chocs contre les violences faites aux femmes","datePublished":"2016-12-19T11:38:08+00:00","mainEntityOfPage":{"@id":"https:\/\/kapitalis.com\/tunisie\/2016\/12\/19\/warri-campagne-de-photos-chocs-contre-les-violences-faites-aux-femmes\/"},"wordCount":294,"commentCount":7,"publisher":{"@id":"https:\/\/kapitalis.com\/tunisie\/#organization"},"image":{"@id":"https:\/\/kapitalis.com\/tunisie\/2016\/12\/19\/warri-campagne-de-photos-chocs-contre-les-violences-faites-aux-femmes\/#primaryimage"},"thumbnailUrl":"","keywords":["ATFD","censure","Facebook","femmes","photos","victimes","violences","violences conjugales"],"articleSection":["MEDIA","Tunisie"],"inLanguage":"fr-FR","potentialAction":[{"@type":"CommentAction","name":"Comment","target":["https:\/\/kapitalis.com\/tunisie\/2016\/12\/19\/warri-campagne-de-photos-chocs-contre-les-violences-faites-aux-femmes\/#respond"]}]},{"@type":"WebPage","@id":"https:\/\/kapitalis.com\/tunisie\/2016\/12\/19\/warri-campagne-de-photos-chocs-contre-les-violences-faites-aux-femmes\/","url":"https:\/\/kapitalis.com\/tunisie\/2016\/12\/19\/warri-campagne-de-photos-chocs-contre-les-violences-faites-aux-femmes\/","name":"Warri : Campagne de photos chocs contre les violences faites aux femmes - Kapitalis","isPartOf":{"@id":"https:\/\/kapitalis.com\/tunisie\/#website"},"primaryImageOfPage":{"@id":"https:\/\/kapitalis.com\/tunisie\/2016\/12\/19\/warri-campagne-de-photos-chocs-contre-les-violences-faites-aux-femmes\/#primaryimage"},"image":{"@id":"https:\/\/kapitalis.com\/tunisie\/2016\/12\/19\/warri-campagne-de-photos-chocs-contre-les-violences-faites-aux-femmes\/#primaryimage"},"thumbnailUrl":"","datePublished":"2016-12-19T11:38:08+00:00","breadcrumb":{"@id":"https:\/\/kapitalis.com\/tunisie\/2016\/12\/19\/warri-campagne-de-photos-chocs-contre-les-violences-faites-aux-femmes\/#breadcrumb"},"inLanguage":"fr-FR","potentialAction":[{"@type":"ReadAction","target":["https:\/\/kapitalis.com\/tunisie\/2016\/12\/19\/warri-campagne-de-photos-chocs-contre-les-violences-faites-aux-femmes\/"]}]},{"@type":"ImageObject","inLanguage":"fr-FR","@id":"https:\/\/kapitalis.com\/tunisie\/2016\/12\/19\/warri-campagne-de-photos-chocs-contre-les-violences-faites-aux-femmes\/#primaryimage","url":"","contentUrl":""},{"@type":"BreadcrumbList","@id":"https:\/\/kapitalis.com\/tunisie\/2016\/12\/19\/warri-campagne-de-photos-chocs-contre-les-violences-faites-aux-femmes\/#breadcrumb","itemListElement":[{"@type":"ListItem","position":1,"name":"Accueil","item":"https:\/\/kapitalis.com\/tunisie\/"},{"@type":"ListItem","position":2,"name":"Warri : Campagne de photos chocs contre les violences faites aux femmes"}]},{"@type":"WebSite","@id":"https:\/\/kapitalis.com\/tunisie\/#website","url":"https:\/\/kapitalis.com\/tunisie\/","name":"Kapitalis","description":"L&#039;actualit\u00e9 en Tunisie et dans le monde","publisher":{"@id":"https:\/\/kapitalis.com\/tunisie\/#organization"},"potentialAction":[{"@type":"SearchAction","target":{"@type":"EntryPoint","urlTemplate":"https:\/\/kapitalis.com\/tunisie\/?s={search_term_string}"},"query-input":{"@type":"PropertyValueSpecification","valueRequired":true,"valueName":"search_term_string"}}],"inLanguage":"fr-FR"},{"@type":"Organization","@id":"https:\/\/kapitalis.com\/tunisie\/#organization","name":"Kapitalis","url":"https:\/\/kapitalis.com\/tunisie\/","logo":{"@type":"ImageObject","inLanguage":"fr-FR","@id":"https:\/\/kapitalis.com\/tunisie\/#\/schema\/logo\/image\/","url":"https:\/\/kapitalis.com\/tunisie\/wp-content\/uploads\/2022\/05\/Kapitalis-big-size.png","contentUrl":"https:\/\/kapitalis.com\/tunisie\/wp-content\/uploads\/2022\/05\/Kapitalis-big-size.png","width":5000,"height":1500,"caption":"Kapitalis"},"image":{"@id":"https:\/\/kapitalis.com\/tunisie\/#\/schema\/logo\/image\/"},"sameAs":["https:\/\/www.facebook.com\/KapitalisInfo\/","https:\/\/x.com\/KapitalisInfo","https:\/\/www.youtube.com\/channel\/UC-yDYrHyfFBWWZaOw3FPg9Q"]},{"@type":"Person","@id":"https:\/\/kapitalis.com\/tunisie\/#\/schema\/person\/74bbde0154d49d790a92aaeac5bc01d5","name":"Yusra NY","url":"https:\/\/kapitalis.com\/tunisie\/author\/yuza_adam\/"}]}},"_links":{"self":[{"href":"https:\/\/kapitalis.com\/tunisie\/wp-json\/wp\/v2\/posts\/76027","targetHints":{"allow":["GET"]}}],"collection":[{"href":"https:\/\/kapitalis.com\/tunisie\/wp-json\/wp\/v2\/posts"}],"about":[{"href":"https:\/\/kapitalis.com\/tunisie\/wp-json\/wp\/v2\/types\/post"}],"author":[{"embeddable":true,"href":"https:\/\/kapitalis.com\/tunisie\/wp-json\/wp\/v2\/users\/6"}],"replies":[{"embeddable":true,"href":"https:\/\/kapitalis.com\/tunisie\/wp-json\/wp\/v2\/comments?post=76027"}],"version-history":[{"count":0,"href":"https:\/\/kapitalis.com\/tunisie\/wp-json\/wp\/v2\/posts\/76027\/revisions"}],"wp:featuredmedia":[{"embeddable":true,"href":"https:\/\/kapitalis.com\/tunisie\/wp-json\/wp\/v2\/media\/76028"}],"wp:attachment":[{"href":"https:\/\/kapitalis.com\/tunisie\/wp-json\/wp\/v2\/media?parent=76027"}],"wp:term":[{"taxonomy":"category","embeddable":true,"href":"https:\/\/kapitalis.com\/tunisie\/wp-json\/wp\/v2\/categories?post=76027"},{"taxonomy":"post_tag","embeddable":true,"href":"https:\/\/kapitalis.com\/tunisie\/wp-json\/wp\/v2\/tags?post=76027"}],"curies":[{"name":"wp","href":"https:\/\/api.w.org\/{rel}","templated":true}]}}