{"id":76092,"date":"2016-12-19T17:03:45","date_gmt":"2016-12-19T16:03:45","guid":{"rendered":"http:\/\/kapitalis.com\/tunisie\/?p=76092"},"modified":"2016-12-19T17:03:45","modified_gmt":"2016-12-19T16:03:45","slug":"afturd-25-ans-au-service-des-luttes-feministes-en-tunisie","status":"publish","type":"post","link":"https:\/\/kapitalis.com\/tunisie\/2016\/12\/19\/afturd-25-ans-au-service-des-luttes-feministes-en-tunisie\/","title":{"rendered":"Afturd : 25 ans au service des luttes f\u00e9ministes en Tunisie"},"content":{"rendered":"<p><img loading=\"lazy\" decoding=\"async\" class=\"alignnone size-full wp-image-76093 aligncenter\" src=\"http:\/\/kapitalis.com\/tunisie\/wp-content\/uploads\/2016\/12\/Afturd.jpg\" alt=\"\" width=\"626\" height=\"380\" \/><\/p>\n<p><em><strong>Le 8e congr\u00e8s de l\u2019Afturd a \u00e9t\u00e9 l\u2019occasion de faire un bilan de 25 ans de luttes f\u00e9ministes et d\u2019examiner le contexte de la transition d\u00e9mocratique en cours en Tunisie.<\/strong> <\/em><\/p>\n<p><!--more--><\/p>\n<p>L\u2019Association des femmes tunisiennes pour la recherche sur le d\u00e9veloppement (Afturd) a tenu son 8e Congr\u00e8s \u00e0 Tunis les 17 et 18 d\u00e9cembre 2016, qui a constat\u00e9 l\u2019ancrage des interventions de l\u2019association f\u00e9ministe dans la nouvelle r\u00e9alit\u00e9 tunisienne et la consolidation de ses actions \u00e0 travers le lien entre son projet scientifique de production de connaissances et son projet politique d\u2019instauration de l\u2019\u00e9galit\u00e9 pour les femmes.<\/p>\n<p>L\u2019association f\u00e9ministe, qui a plus d\u2019un quart de si\u00e8cle d\u2019existence et d\u2019activit\u00e9 militante, a encore consolid\u00e9, durant le mandat 2013-2016, sa position d\u2019acteur majeur de la soci\u00e9t\u00e9 civile et particuli\u00e8rement dans la recherche et l\u2019action f\u00e9ministe.<\/p>\n<p>Cr\u00e9\u00e9e le 13 janvier 1989, l\u2019association a pour mission de promouvoir la culture de l\u2019\u00e9galit\u00e9 et de la citoyennet\u00e9 effective des femmes, essentiellement \u00e0 travers les \u00e9tudes, le plaidoyer, la formation, la sensibilisation et la recherches-action.<\/p>\n<p>Apr\u00e8s la r\u00e9volution du 14 janvier 2011, l\u2019Afturd a fait face \u00e0 de nouveaux enjeux et d\u00e9fis et adapt\u00e9 ses interventions pour mieux r\u00e9pondre aux besoins urgents impos\u00e9s par le contexte et la nouvelle r\u00e9alit\u00e9 tunisienne : mobilisation pour les droits humains et les droits des femmes, actions en faveur du d\u00e9veloppement avec les femmes, soutien aux Ong locales\u2026<\/p>\n<p>L\u2019Association a ainsi, durant cette p\u00e9riode, contribu\u00e9 \u00e0 la dynamique qui a permis la promulgation de la nouvelle constitution tunisienne par la mobilisation \u00e0 divers niveaux. Elle a ainsi d\u00e9velopp\u00e9 avec d\u2019autres une vigilance citoyenne tout au long du processus constitutionnel (d\u00e9bats, sensibilisation, plaidoyer&#8230;) et a \u00e9t\u00e9 active \u00e0 l\u2019occasion des \u00e9lections l\u00e9gislatives et pr\u00e9sidentielles de 2014 pour inciter les femmes \u00e0 s\u2019impliquer dans le processus \u00e9lectoral, de l\u2019observation \u00e0 la candidature.<\/p>\n<p>Dans la perspective des \u00e9lections municipales, l\u2019association s\u2019est engag\u00e9e \u00e0 vulgariser les apports de la constitution concernant le pouvoir local dans l\u2019objectif d\u2019encourager et de d\u00e9velopper la participation des femmes \u00e0 la gouvernance locale.<\/p>\n<p>Un guide, intitul\u00e9 <em>\u2018\u2018Le pouvoir local dans la Constitution 2014\u2019\u2019<\/em>, a ainsi \u00e9t\u00e9 publi\u00e9, et de nombreuses formations sur l\u2019approche genre et sur la parit\u00e9 dans les projets de loi \u00e9lectorale et dans le code des collectivit\u00e9s locales ont \u00e9t\u00e9 organis\u00e9es.<\/p>\n<p>Par ailleurs, l\u2019Afturd qui, depuis 10 ans, s\u2019est engag\u00e9e dans la lutte contre la violence \u00e0 l\u2019\u00e9gard des femmes, a continu\u00e9 sur sa lanc\u00e9e en d\u00e9veloppant une strat\u00e9gie sur plusieurs volets : appui au projet de loi int\u00e9grale de lutte contre les violences \u00e0 l\u2019\u00e9gard des femmes et des filles; le renforcement du travail d\u2019\u00e9coute et d\u2019orientation des guichets (tel que l\u2019Espace Tanassof); le d\u00e9veloppement d\u2019un nouvel axe de recherche et de collecte de donn\u00e9es en r\u00e9seau sur cette th\u00e9matique; la diffusion de nouveaux outils de sensibilisation et extension de cette action aux r\u00e9gions.<\/p>\n<p>Cette exp\u00e9rience a permis \u00e0 l\u2019Afturd d\u2019\u00eatre tout \u00e0 fait indiqu\u00e9e pour prendre en charge la gestion du premier centre national d\u2019h\u00e9bergement de femmes victimes de violence relevant du minist\u00e8re de la Femme, de la Famille et de l\u2019Enfance (l\u2019Espace Tamkin).<\/p>\n<p>Quant au domaine socio-\u00e9conomique, l\u2019Afturd a contribu\u00e9 \u00e0 renforcer l\u2019<em>empowerment<\/em> des femmes \u00e0 l\u2019\u00e9chelle individuelle et \u00e0 l\u2019\u00e9chelle collective en accompagnant les femmes rurales en particulier dans la cr\u00e9ation d\u2019associations ou de projets \u00e9conomiques (tel que le Centre de Solidarit\u00e9 de Jendouba et le projet d\u2019\u00e9conomie sociale et solidaire des femmes d\u2019El-Feija). Elle a mis \u00e9galement son expertise au service d\u2019associations locales notamment pour organiser des femmes agricultrices en groupement de d\u00e9veloppement agricole.<\/p>\n<p>L\u2019association a su d\u00e9velopper des partenariats durables avec un ensemble d\u2019acteurs nationaux (ATFD, Beity, LET, AFC Le Kef, Massarat Nissaya Jedouba, Manifeste B\u00e9ja, LTDH, FTDES\u2026) et internationaux (Oxfam, Danner, la Fondation Friedrich Ebert, Equitas, l\u2019Union europ\u00e9enne, le Conseil de l\u2019Europe, la Fondation pour le Futur, l\u2019IFE-EFI\u2026) et a sign\u00e9 des conventions de coop\u00e9ration avec le CAPJC, le minist\u00e8re de l\u2019Education, le minist\u00e8re de la Femme, de la Famille et de l\u2019Enfance, l\u2019ONFP\u2026<\/p>\n<p>Le congr\u00e8s s\u2019est achev\u00e9 par l\u2019adoption de nouvelles orientations strat\u00e9giques articul\u00e9es principalement autour de la production d\u2019une connaissance cr\u00e9dible et avoir des messages pertinents; la promotion du projet politique des femmes et la vigilance quant \u00e0 l\u2019\u00e9laboration des lois en harmonie avec les principes de la constitution; l\u2019inscription de sa vision dans les actions de d\u00e9veloppement, d\u2019\u00e9ducation, dans la culture et les m\u00e9dias; la poursuite de la lutte contre les violences faites aux femmes; et le renforcement de la pr\u00e9sence de l\u2019association dans les r\u00e9gions et aupr\u00e8s des jeunes.<\/p>\n<p>Le congr\u00e8s a, par ailleurs, \u00e9lu son nouveau comit\u00e9 directeur compos\u00e9 de Salwa Kennou-Sebei, pr\u00e9sidente; Mounira Hammami, secr\u00e9taire g\u00e9n\u00e9rale; Moufida Abassi, tr\u00e9sori\u00e8re; Karima Sa\u00efdi, Hasna Ben Slimane, Ismahane Ben Taleb, Nejma Aouadi (membres).<\/p>\n<p><em><strong>Source<\/strong><\/em> : Communiqu\u00e9.<\/p>\n","protected":false},"excerpt":{"rendered":"<p>Le 8e congr\u00e8s de l\u2019Afturd a \u00e9t\u00e9 l\u2019occasion de faire un bilan de 25 ans de luttes f\u00e9ministes et d\u2019examiner le contexte de la transition d\u00e9mocratique en cours en Tunisie.<\/p>\n","protected":false},"author":8,"featured_media":76093,"comment_status":"open","ping_status":"open","sticky":false,"template":"","format":"standard","meta":{"footnotes":""},"categories":[998,2433],"tags":[26235],"class_list":["post-76092","post","type-post","status-publish","format-standard","has-post-thumbnail","hentry","category-societe","category-tunisie","tag-femmes-tunisiennes"],"yoast_head":"<!-- This site is optimized with the Yoast SEO plugin v26.6 - https:\/\/yoast.com\/wordpress\/plugins\/seo\/ -->\n<title>Afturd : 25 ans au service des luttes f\u00e9ministes en Tunisie - Kapitalis<\/title>\n<meta name=\"robots\" content=\"index, follow, max-snippet:-1, max-image-preview:large, max-video-preview:-1\" \/>\n<link rel=\"canonical\" href=\"https:\/\/kapitalis.com\/tunisie\/2016\/12\/19\/afturd-25-ans-au-service-des-luttes-feministes-en-tunisie\/\" \/>\n<meta property=\"og:locale\" content=\"fr_FR\" \/>\n<meta property=\"og:type\" content=\"article\" \/>\n<meta property=\"og:title\" content=\"Afturd : 25 ans au service des luttes f\u00e9ministes en Tunisie - Kapitalis\" \/>\n<meta property=\"og:description\" content=\"Le 8e congr\u00e8s de l\u2019Afturd a \u00e9t\u00e9 l\u2019occasion de faire un bilan de 25 ans de luttes f\u00e9ministes et d\u2019examiner le contexte de la transition d\u00e9mocratique en cours en Tunisie.\" \/>\n<meta property=\"og:url\" content=\"https:\/\/kapitalis.com\/tunisie\/2016\/12\/19\/afturd-25-ans-au-service-des-luttes-feministes-en-tunisie\/\" \/>\n<meta property=\"og:site_name\" content=\"Kapitalis\" \/>\n<meta property=\"article:publisher\" content=\"https:\/\/www.facebook.com\/KapitalisInfo\/\" \/>\n<meta property=\"article:published_time\" content=\"2016-12-19T16:03:45+00:00\" \/>\n<meta property=\"og:image\" content=\"https:\/\/kapitalis.com\/tunisie\/wp-content\/uploads\/2022\/05\/kapitalis-logo-fb.png\" \/>\n\t<meta property=\"og:image:width\" content=\"1200\" \/>\n\t<meta property=\"og:image:height\" content=\"630\" \/>\n\t<meta property=\"og:image:type\" content=\"image\/png\" \/>\n<meta name=\"author\" content=\"webmaster kapitalis\" \/>\n<meta name=\"twitter:card\" content=\"summary_large_image\" \/>\n<meta name=\"twitter:creator\" content=\"@KapitalisInfo\" \/>\n<meta name=\"twitter:site\" content=\"@KapitalisInfo\" \/>\n<meta name=\"twitter:label1\" content=\"\u00c9crit par\" \/>\n\t<meta name=\"twitter:data1\" content=\"webmaster kapitalis\" \/>\n\t<meta name=\"twitter:label2\" content=\"Dur\u00e9e de lecture estim\u00e9e\" \/>\n\t<meta name=\"twitter:data2\" content=\"4 minutes\" \/>\n<script type=\"application\/ld+json\" class=\"yoast-schema-graph\">{\"@context\":\"https:\/\/schema.org\",\"@graph\":[{\"@type\":\"Article\",\"@id\":\"https:\/\/kapitalis.com\/tunisie\/2016\/12\/19\/afturd-25-ans-au-service-des-luttes-feministes-en-tunisie\/#article\",\"isPartOf\":{\"@id\":\"https:\/\/kapitalis.com\/tunisie\/2016\/12\/19\/afturd-25-ans-au-service-des-luttes-feministes-en-tunisie\/\"},\"author\":{\"name\":\"webmaster kapitalis\",\"@id\":\"https:\/\/kapitalis.com\/tunisie\/#\/schema\/person\/d71f33a9ca44f7bad4698210b480c8e9\"},\"headline\":\"Afturd : 25 ans au service des luttes f\u00e9ministes en Tunisie\",\"datePublished\":\"2016-12-19T16:03:45+00:00\",\"mainEntityOfPage\":{\"@id\":\"https:\/\/kapitalis.com\/tunisie\/2016\/12\/19\/afturd-25-ans-au-service-des-luttes-feministes-en-tunisie\/\"},\"wordCount\":889,\"commentCount\":0,\"publisher\":{\"@id\":\"https:\/\/kapitalis.com\/tunisie\/#organization\"},\"image\":{\"@id\":\"https:\/\/kapitalis.com\/tunisie\/2016\/12\/19\/afturd-25-ans-au-service-des-luttes-feministes-en-tunisie\/#primaryimage\"},\"thumbnailUrl\":\"\",\"keywords\":[\"femmes tunisiennes\"],\"articleSection\":[\"SOCIETE\",\"Tunisie\"],\"inLanguage\":\"fr-FR\",\"potentialAction\":[{\"@type\":\"CommentAction\",\"name\":\"Comment\",\"target\":[\"https:\/\/kapitalis.com\/tunisie\/2016\/12\/19\/afturd-25-ans-au-service-des-luttes-feministes-en-tunisie\/#respond\"]}]},{\"@type\":\"WebPage\",\"@id\":\"https:\/\/kapitalis.com\/tunisie\/2016\/12\/19\/afturd-25-ans-au-service-des-luttes-feministes-en-tunisie\/\",\"url\":\"https:\/\/kapitalis.com\/tunisie\/2016\/12\/19\/afturd-25-ans-au-service-des-luttes-feministes-en-tunisie\/\",\"name\":\"Afturd : 25 ans au service des luttes f\u00e9ministes en Tunisie - Kapitalis\",\"isPartOf\":{\"@id\":\"https:\/\/kapitalis.com\/tunisie\/#website\"},\"primaryImageOfPage\":{\"@id\":\"https:\/\/kapitalis.com\/tunisie\/2016\/12\/19\/afturd-25-ans-au-service-des-luttes-feministes-en-tunisie\/#primaryimage\"},\"image\":{\"@id\":\"https:\/\/kapitalis.com\/tunisie\/2016\/12\/19\/afturd-25-ans-au-service-des-luttes-feministes-en-tunisie\/#primaryimage\"},\"thumbnailUrl\":\"\",\"datePublished\":\"2016-12-19T16:03:45+00:00\",\"breadcrumb\":{\"@id\":\"https:\/\/kapitalis.com\/tunisie\/2016\/12\/19\/afturd-25-ans-au-service-des-luttes-feministes-en-tunisie\/#breadcrumb\"},\"inLanguage\":\"fr-FR\",\"potentialAction\":[{\"@type\":\"ReadAction\",\"target\":[\"https:\/\/kapitalis.com\/tunisie\/2016\/12\/19\/afturd-25-ans-au-service-des-luttes-feministes-en-tunisie\/\"]}]},{\"@type\":\"ImageObject\",\"inLanguage\":\"fr-FR\",\"@id\":\"https:\/\/kapitalis.com\/tunisie\/2016\/12\/19\/afturd-25-ans-au-service-des-luttes-feministes-en-tunisie\/#primaryimage\",\"url\":\"\",\"contentUrl\":\"\"},{\"@type\":\"BreadcrumbList\",\"@id\":\"https:\/\/kapitalis.com\/tunisie\/2016\/12\/19\/afturd-25-ans-au-service-des-luttes-feministes-en-tunisie\/#breadcrumb\",\"itemListElement\":[{\"@type\":\"ListItem\",\"position\":1,\"name\":\"Accueil\",\"item\":\"https:\/\/kapitalis.com\/tunisie\/\"},{\"@type\":\"ListItem\",\"position\":2,\"name\":\"Afturd : 25 ans au service des luttes f\u00e9ministes en Tunisie\"}]},{\"@type\":\"WebSite\",\"@id\":\"https:\/\/kapitalis.com\/tunisie\/#website\",\"url\":\"https:\/\/kapitalis.com\/tunisie\/\",\"name\":\"Kapitalis\",\"description\":\"L&#039;actualit\u00e9 en Tunisie et dans le monde\",\"publisher\":{\"@id\":\"https:\/\/kapitalis.com\/tunisie\/#organization\"},\"potentialAction\":[{\"@type\":\"SearchAction\",\"target\":{\"@type\":\"EntryPoint\",\"urlTemplate\":\"https:\/\/kapitalis.com\/tunisie\/?s={search_term_string}\"},\"query-input\":{\"@type\":\"PropertyValueSpecification\",\"valueRequired\":true,\"valueName\":\"search_term_string\"}}],\"inLanguage\":\"fr-FR\"},{\"@type\":\"Organization\",\"@id\":\"https:\/\/kapitalis.com\/tunisie\/#organization\",\"name\":\"Kapitalis\",\"url\":\"https:\/\/kapitalis.com\/tunisie\/\",\"logo\":{\"@type\":\"ImageObject\",\"inLanguage\":\"fr-FR\",\"@id\":\"https:\/\/kapitalis.com\/tunisie\/#\/schema\/logo\/image\/\",\"url\":\"https:\/\/kapitalis.com\/tunisie\/wp-content\/uploads\/2022\/05\/Kapitalis-big-size.png\",\"contentUrl\":\"https:\/\/kapitalis.com\/tunisie\/wp-content\/uploads\/2022\/05\/Kapitalis-big-size.png\",\"width\":5000,\"height\":1500,\"caption\":\"Kapitalis\"},\"image\":{\"@id\":\"https:\/\/kapitalis.com\/tunisie\/#\/schema\/logo\/image\/\"},\"sameAs\":[\"https:\/\/www.facebook.com\/KapitalisInfo\/\",\"https:\/\/x.com\/KapitalisInfo\",\"https:\/\/www.youtube.com\/channel\/UC-yDYrHyfFBWWZaOw3FPg9Q\"]},{\"@type\":\"Person\",\"@id\":\"https:\/\/kapitalis.com\/tunisie\/#\/schema\/person\/d71f33a9ca44f7bad4698210b480c8e9\",\"name\":\"webmaster kapitalis\",\"url\":\"https:\/\/kapitalis.com\/tunisie\/author\/webmaster-kapitalis\/\"}]}<\/script>\n<!-- \/ Yoast SEO plugin. -->","yoast_head_json":{"title":"Afturd : 25 ans au service des luttes f\u00e9ministes en Tunisie - Kapitalis","robots":{"index":"index","follow":"follow","max-snippet":"max-snippet:-1","max-image-preview":"max-image-preview:large","max-video-preview":"max-video-preview:-1"},"canonical":"https:\/\/kapitalis.com\/tunisie\/2016\/12\/19\/afturd-25-ans-au-service-des-luttes-feministes-en-tunisie\/","og_locale":"fr_FR","og_type":"article","og_title":"Afturd : 25 ans au service des luttes f\u00e9ministes en Tunisie - Kapitalis","og_description":"Le 8e congr\u00e8s de l\u2019Afturd a \u00e9t\u00e9 l\u2019occasion de faire un bilan de 25 ans de luttes f\u00e9ministes et d\u2019examiner le contexte de la transition d\u00e9mocratique en cours en Tunisie.","og_url":"https:\/\/kapitalis.com\/tunisie\/2016\/12\/19\/afturd-25-ans-au-service-des-luttes-feministes-en-tunisie\/","og_site_name":"Kapitalis","article_publisher":"https:\/\/www.facebook.com\/KapitalisInfo\/","article_published_time":"2016-12-19T16:03:45+00:00","og_image":[{"width":1200,"height":630,"url":"https:\/\/kapitalis.com\/tunisie\/wp-content\/uploads\/2022\/05\/kapitalis-logo-fb.png","type":"image\/png"}],"author":"webmaster kapitalis","twitter_card":"summary_large_image","twitter_creator":"@KapitalisInfo","twitter_site":"@KapitalisInfo","twitter_misc":{"\u00c9crit par":"webmaster kapitalis","Dur\u00e9e de lecture estim\u00e9e":"4 minutes"},"schema":{"@context":"https:\/\/schema.org","@graph":[{"@type":"Article","@id":"https:\/\/kapitalis.com\/tunisie\/2016\/12\/19\/afturd-25-ans-au-service-des-luttes-feministes-en-tunisie\/#article","isPartOf":{"@id":"https:\/\/kapitalis.com\/tunisie\/2016\/12\/19\/afturd-25-ans-au-service-des-luttes-feministes-en-tunisie\/"},"author":{"name":"webmaster kapitalis","@id":"https:\/\/kapitalis.com\/tunisie\/#\/schema\/person\/d71f33a9ca44f7bad4698210b480c8e9"},"headline":"Afturd : 25 ans au service des luttes f\u00e9ministes en Tunisie","datePublished":"2016-12-19T16:03:45+00:00","mainEntityOfPage":{"@id":"https:\/\/kapitalis.com\/tunisie\/2016\/12\/19\/afturd-25-ans-au-service-des-luttes-feministes-en-tunisie\/"},"wordCount":889,"commentCount":0,"publisher":{"@id":"https:\/\/kapitalis.com\/tunisie\/#organization"},"image":{"@id":"https:\/\/kapitalis.com\/tunisie\/2016\/12\/19\/afturd-25-ans-au-service-des-luttes-feministes-en-tunisie\/#primaryimage"},"thumbnailUrl":"","keywords":["femmes tunisiennes"],"articleSection":["SOCIETE","Tunisie"],"inLanguage":"fr-FR","potentialAction":[{"@type":"CommentAction","name":"Comment","target":["https:\/\/kapitalis.com\/tunisie\/2016\/12\/19\/afturd-25-ans-au-service-des-luttes-feministes-en-tunisie\/#respond"]}]},{"@type":"WebPage","@id":"https:\/\/kapitalis.com\/tunisie\/2016\/12\/19\/afturd-25-ans-au-service-des-luttes-feministes-en-tunisie\/","url":"https:\/\/kapitalis.com\/tunisie\/2016\/12\/19\/afturd-25-ans-au-service-des-luttes-feministes-en-tunisie\/","name":"Afturd : 25 ans au service des luttes f\u00e9ministes en Tunisie - Kapitalis","isPartOf":{"@id":"https:\/\/kapitalis.com\/tunisie\/#website"},"primaryImageOfPage":{"@id":"https:\/\/kapitalis.com\/tunisie\/2016\/12\/19\/afturd-25-ans-au-service-des-luttes-feministes-en-tunisie\/#primaryimage"},"image":{"@id":"https:\/\/kapitalis.com\/tunisie\/2016\/12\/19\/afturd-25-ans-au-service-des-luttes-feministes-en-tunisie\/#primaryimage"},"thumbnailUrl":"","datePublished":"2016-12-19T16:03:45+00:00","breadcrumb":{"@id":"https:\/\/kapitalis.com\/tunisie\/2016\/12\/19\/afturd-25-ans-au-service-des-luttes-feministes-en-tunisie\/#breadcrumb"},"inLanguage":"fr-FR","potentialAction":[{"@type":"ReadAction","target":["https:\/\/kapitalis.com\/tunisie\/2016\/12\/19\/afturd-25-ans-au-service-des-luttes-feministes-en-tunisie\/"]}]},{"@type":"ImageObject","inLanguage":"fr-FR","@id":"https:\/\/kapitalis.com\/tunisie\/2016\/12\/19\/afturd-25-ans-au-service-des-luttes-feministes-en-tunisie\/#primaryimage","url":"","contentUrl":""},{"@type":"BreadcrumbList","@id":"https:\/\/kapitalis.com\/tunisie\/2016\/12\/19\/afturd-25-ans-au-service-des-luttes-feministes-en-tunisie\/#breadcrumb","itemListElement":[{"@type":"ListItem","position":1,"name":"Accueil","item":"https:\/\/kapitalis.com\/tunisie\/"},{"@type":"ListItem","position":2,"name":"Afturd : 25 ans au service des luttes f\u00e9ministes en Tunisie"}]},{"@type":"WebSite","@id":"https:\/\/kapitalis.com\/tunisie\/#website","url":"https:\/\/kapitalis.com\/tunisie\/","name":"Kapitalis","description":"L&#039;actualit\u00e9 en Tunisie et dans le monde","publisher":{"@id":"https:\/\/kapitalis.com\/tunisie\/#organization"},"potentialAction":[{"@type":"SearchAction","target":{"@type":"EntryPoint","urlTemplate":"https:\/\/kapitalis.com\/tunisie\/?s={search_term_string}"},"query-input":{"@type":"PropertyValueSpecification","valueRequired":true,"valueName":"search_term_string"}}],"inLanguage":"fr-FR"},{"@type":"Organization","@id":"https:\/\/kapitalis.com\/tunisie\/#organization","name":"Kapitalis","url":"https:\/\/kapitalis.com\/tunisie\/","logo":{"@type":"ImageObject","inLanguage":"fr-FR","@id":"https:\/\/kapitalis.com\/tunisie\/#\/schema\/logo\/image\/","url":"https:\/\/kapitalis.com\/tunisie\/wp-content\/uploads\/2022\/05\/Kapitalis-big-size.png","contentUrl":"https:\/\/kapitalis.com\/tunisie\/wp-content\/uploads\/2022\/05\/Kapitalis-big-size.png","width":5000,"height":1500,"caption":"Kapitalis"},"image":{"@id":"https:\/\/kapitalis.com\/tunisie\/#\/schema\/logo\/image\/"},"sameAs":["https:\/\/www.facebook.com\/KapitalisInfo\/","https:\/\/x.com\/KapitalisInfo","https:\/\/www.youtube.com\/channel\/UC-yDYrHyfFBWWZaOw3FPg9Q"]},{"@type":"Person","@id":"https:\/\/kapitalis.com\/tunisie\/#\/schema\/person\/d71f33a9ca44f7bad4698210b480c8e9","name":"webmaster kapitalis","url":"https:\/\/kapitalis.com\/tunisie\/author\/webmaster-kapitalis\/"}]}},"_links":{"self":[{"href":"https:\/\/kapitalis.com\/tunisie\/wp-json\/wp\/v2\/posts\/76092","targetHints":{"allow":["GET"]}}],"collection":[{"href":"https:\/\/kapitalis.com\/tunisie\/wp-json\/wp\/v2\/posts"}],"about":[{"href":"https:\/\/kapitalis.com\/tunisie\/wp-json\/wp\/v2\/types\/post"}],"author":[{"embeddable":true,"href":"https:\/\/kapitalis.com\/tunisie\/wp-json\/wp\/v2\/users\/8"}],"replies":[{"embeddable":true,"href":"https:\/\/kapitalis.com\/tunisie\/wp-json\/wp\/v2\/comments?post=76092"}],"version-history":[{"count":0,"href":"https:\/\/kapitalis.com\/tunisie\/wp-json\/wp\/v2\/posts\/76092\/revisions"}],"wp:featuredmedia":[{"embeddable":true,"href":"https:\/\/kapitalis.com\/tunisie\/wp-json\/wp\/v2\/media\/76093"}],"wp:attachment":[{"href":"https:\/\/kapitalis.com\/tunisie\/wp-json\/wp\/v2\/media?parent=76092"}],"wp:term":[{"taxonomy":"category","embeddable":true,"href":"https:\/\/kapitalis.com\/tunisie\/wp-json\/wp\/v2\/categories?post=76092"},{"taxonomy":"post_tag","embeddable":true,"href":"https:\/\/kapitalis.com\/tunisie\/wp-json\/wp\/v2\/tags?post=76092"}],"curies":[{"name":"wp","href":"https:\/\/api.w.org\/{rel}","templated":true}]}}