{"id":7615213,"date":"2023-04-26T08:23:33","date_gmt":"2023-04-26T07:23:33","guid":{"rendered":"https:\/\/kapitalis.com\/tunisie\/?p=7615213"},"modified":"2023-04-26T08:23:34","modified_gmt":"2023-04-26T07:23:34","slug":"tunisie-la-video-censee-incriminer-ghannouchi-sest-evaporee","status":"publish","type":"post","link":"https:\/\/kapitalis.com\/tunisie\/2023\/04\/26\/tunisie-la-video-censee-incriminer-ghannouchi-sest-evaporee\/","title":{"rendered":"Tunisie\u00a0: la vid\u00e9o cens\u00e9e incriminer Ghannouchi s\u2019est \u00e9vapor\u00e9e !"},"content":{"rendered":"\n<p><strong><em>Selon l\u2019avocat Mokhtar Jemai, membre du groupe de d\u00e9fense du pr\u00e9sident du mouvement Ennahdha Rached Ghannouchi, son client, ainsi qu\u2019une autre <a href=\"https:\/\/kapitalis.com\/tunisie\/2023\/04\/24\/ghannouchi-entendu-suite-a-une-plainte-deposee-par-un-citoyen-pour-terrorisme\/\" target=\"_blank\" rel=\"noreferrer noopener\">personne ayant port\u00e9 plainte contre lui<\/a>, ont \u00e9t\u00e9 entendus lundi 24 avril 2023 par la brigade antiterroriste \u00e0 la caserne de la Garde nationale d\u2019El-Aouina.<\/em><\/strong><\/p>\n\n\n\n<!--more-->\n\n\n\n<p>L\u2019affaire a ensuite \u00e9t\u00e9 transmise au juge, qui s\u2019est charg\u00e9 du dossier, a-t-il indiqu\u00e9, mardi 25 avril, \u00e0 l\u2019agence Tap, en rappelant que Ghannouchi avait \u00e9t\u00e9 conduit lundi de la prison civile de Mornaguia \u00e0 la caserne de la Garde nationale d\u2019El-Aouina pour \u00eatre confront\u00e9 \u00e0 une personne qui avait affirm\u00e9 d\u00e9tenir une vid\u00e9o filmant une rencontre entre Ghannouchi et des terroristes.<\/p>\n\n\n\n<p>L\u2019avocat a affirm\u00e9, \u00e0 cet \u00e9gard, que l&rsquo;ancien pr\u00e9sident de l&rsquo;Assembl\u00e9e a ni\u00e9 les accusations port\u00e9es contre lui, ajoutant que la personne, qui a port\u00e9 plainte, <em>\u00aba indiqu\u00e9 qu\u2019il avait perdu la vid\u00e9o\u00bb<\/em> de la rencontre en question, affirmant lors de son audition, que celle-ci, cens\u00e9e constituer la preuve mat\u00e9rielle fondant l\u2019accusation, lui avait \u00e9t\u00e9 vol\u00e9e. <em>\u00abCe qui est \u00e9tonnant, c\u2019est que les enqu\u00eateurs n\u2019ont pas cru devoir exiger de regarder ladite vid\u00e9o avant de convoquer mon client\u00bb<\/em>, a indiqu\u00e9 Me Jema\u00ef, aujourd\u2019hui, mercredi 26 avril, dans <em>L\u2019\u00e9mission impossible<\/em>, sur IFM, estimant que l\u2019affaire sera probablement class\u00e9e faute de preuves, d\u2019autant que les soi-disant t\u00e9moins invoqu\u00e9s par l\u2019accusation ont affirm\u00e9, de leur c\u00f4t\u00e9, n\u2019\u00eatre au courant de rien. <\/p>\n\n\n\n<p class=\"has-text-align-right\"><strong>I. B.<\/strong><\/p>\n\n\n\n<figure class=\"wp-block-embed is-type-wp-embed is-provider-kapitalis wp-block-embed-kapitalis\"><div class=\"wp-block-embed__wrapper\">\n<blockquote class=\"wp-embedded-content\" data-secret=\"Ljk5StYA8e\"><a href=\"https:\/\/kapitalis.com\/tunisie\/2023\/04\/24\/ghannouchi-entendu-suite-a-une-plainte-deposee-par-un-citoyen-pour-terrorisme\/\">Ghannouchi entendu suite \u00e0 une plainte d\u00e9pos\u00e9e par un citoyen pour terrorisme<\/a><\/blockquote><iframe loading=\"lazy\" class=\"wp-embedded-content\" sandbox=\"allow-scripts\" security=\"restricted\" style=\"position: absolute; clip: rect(1px, 1px, 1px, 1px);\" title=\"\u00ab\u00a0Ghannouchi entendu suite \u00e0 une plainte d\u00e9pos\u00e9e par un citoyen pour terrorisme\u00a0\u00bb &#8212; Kapitalis\" src=\"https:\/\/kapitalis.com\/tunisie\/2023\/04\/24\/ghannouchi-entendu-suite-a-une-plainte-deposee-par-un-citoyen-pour-terrorisme\/embed\/#?secret=qBqq48j9KC#?secret=Ljk5StYA8e\" data-secret=\"Ljk5StYA8e\" width=\"600\" height=\"338\" frameborder=\"0\" marginwidth=\"0\" marginheight=\"0\" scrolling=\"no\"><\/iframe>\n<\/div><\/figure>\n","protected":false},"excerpt":{"rendered":"<p>La vid\u00e9o cens\u00e9e constituer la preuve mat\u00e9rielle fondant l\u2019accusation contre Rached Ghannouchi, dans l&rsquo;une des affaires port\u00e9es contre lui, est introuvable. <\/p>\n","protected":false},"author":8,"featured_media":7615298,"comment_status":"open","ping_status":"open","sticky":false,"template":"","format":"standard","meta":{"footnotes":""},"categories":[997,2433],"tags":[49543,108212,758,62643],"class_list":["post-7615213","post","type-post","status-publish","format-standard","has-post-thumbnail","hentry","category-politique","category-tunisie","tag-ennahdha","tag-mokhtar-jemai-2","tag-rached-ghannouchi","tag-tunisie"],"yoast_head":"<!-- This site is optimized with the Yoast SEO plugin v26.6 - https:\/\/yoast.com\/wordpress\/plugins\/seo\/ -->\n<title>Tunisie\u00a0: la vid\u00e9o cens\u00e9e incriminer Ghannouchi s\u2019est \u00e9vapor\u00e9e ! - Kapitalis<\/title>\n<meta name=\"robots\" content=\"index, follow, max-snippet:-1, max-image-preview:large, max-video-preview:-1\" \/>\n<link rel=\"canonical\" href=\"https:\/\/kapitalis.com\/tunisie\/2023\/04\/26\/tunisie-la-video-censee-incriminer-ghannouchi-sest-evaporee\/\" \/>\n<meta property=\"og:locale\" content=\"fr_FR\" \/>\n<meta property=\"og:type\" content=\"article\" \/>\n<meta property=\"og:title\" content=\"Tunisie\u00a0: la vid\u00e9o cens\u00e9e incriminer Ghannouchi s\u2019est \u00e9vapor\u00e9e ! - Kapitalis\" \/>\n<meta property=\"og:description\" content=\"La vid\u00e9o cens\u00e9e constituer la preuve mat\u00e9rielle fondant l\u2019accusation contre Rached Ghannouchi, dans l&#039;une des affaires port\u00e9es contre lui, est introuvable.\" \/>\n<meta property=\"og:url\" content=\"https:\/\/kapitalis.com\/tunisie\/2023\/04\/26\/tunisie-la-video-censee-incriminer-ghannouchi-sest-evaporee\/\" \/>\n<meta property=\"og:site_name\" content=\"Kapitalis\" \/>\n<meta property=\"article:publisher\" content=\"https:\/\/www.facebook.com\/KapitalisInfo\/\" \/>\n<meta property=\"article:published_time\" content=\"2023-04-26T07:23:33+00:00\" \/>\n<meta property=\"article:modified_time\" content=\"2023-04-26T07:23:34+00:00\" \/>\n<meta property=\"og:image\" content=\"https:\/\/kapitalis.com\/tunisie\/wp-content\/uploads\/2023\/04\/Rached-Ghannouchi.jpg\" \/>\n\t<meta property=\"og:image:width\" content=\"1200\" \/>\n\t<meta property=\"og:image:height\" content=\"630\" \/>\n\t<meta property=\"og:image:type\" content=\"image\/jpeg\" \/>\n<meta name=\"author\" content=\"webmaster kapitalis\" \/>\n<meta name=\"twitter:card\" content=\"summary_large_image\" \/>\n<meta name=\"twitter:creator\" content=\"@KapitalisInfo\" \/>\n<meta name=\"twitter:site\" content=\"@KapitalisInfo\" \/>\n<meta name=\"twitter:label1\" content=\"\u00c9crit par\" \/>\n\t<meta name=\"twitter:data1\" content=\"webmaster kapitalis\" \/>\n\t<meta name=\"twitter:label2\" content=\"Dur\u00e9e de lecture estim\u00e9e\" \/>\n\t<meta name=\"twitter:data2\" content=\"2 minutes\" \/>\n<script type=\"application\/ld+json\" class=\"yoast-schema-graph\">{\"@context\":\"https:\/\/schema.org\",\"@graph\":[{\"@type\":\"Article\",\"@id\":\"https:\/\/kapitalis.com\/tunisie\/2023\/04\/26\/tunisie-la-video-censee-incriminer-ghannouchi-sest-evaporee\/#article\",\"isPartOf\":{\"@id\":\"https:\/\/kapitalis.com\/tunisie\/2023\/04\/26\/tunisie-la-video-censee-incriminer-ghannouchi-sest-evaporee\/\"},\"author\":{\"name\":\"webmaster kapitalis\",\"@id\":\"https:\/\/kapitalis.com\/tunisie\/#\/schema\/person\/d71f33a9ca44f7bad4698210b480c8e9\"},\"headline\":\"Tunisie\u00a0: la vid\u00e9o cens\u00e9e incriminer Ghannouchi s\u2019est \u00e9vapor\u00e9e !\",\"datePublished\":\"2023-04-26T07:23:33+00:00\",\"dateModified\":\"2023-04-26T07:23:34+00:00\",\"mainEntityOfPage\":{\"@id\":\"https:\/\/kapitalis.com\/tunisie\/2023\/04\/26\/tunisie-la-video-censee-incriminer-ghannouchi-sest-evaporee\/\"},\"wordCount\":271,\"commentCount\":10,\"publisher\":{\"@id\":\"https:\/\/kapitalis.com\/tunisie\/#organization\"},\"image\":{\"@id\":\"https:\/\/kapitalis.com\/tunisie\/2023\/04\/26\/tunisie-la-video-censee-incriminer-ghannouchi-sest-evaporee\/#primaryimage\"},\"thumbnailUrl\":\"https:\/\/kapitalis.com\/tunisie\/wp-content\/uploads\/2023\/04\/Rached-Ghannouchi.jpg\",\"keywords\":[\"Ennahdha\",\"Mokhtar Jemai\",\"Rached Ghannouchi\",\"Tunisie\"],\"articleSection\":[\"POLITIQUE\",\"Tunisie\"],\"inLanguage\":\"fr-FR\",\"potentialAction\":[{\"@type\":\"CommentAction\",\"name\":\"Comment\",\"target\":[\"https:\/\/kapitalis.com\/tunisie\/2023\/04\/26\/tunisie-la-video-censee-incriminer-ghannouchi-sest-evaporee\/#respond\"]}]},{\"@type\":\"WebPage\",\"@id\":\"https:\/\/kapitalis.com\/tunisie\/2023\/04\/26\/tunisie-la-video-censee-incriminer-ghannouchi-sest-evaporee\/\",\"url\":\"https:\/\/kapitalis.com\/tunisie\/2023\/04\/26\/tunisie-la-video-censee-incriminer-ghannouchi-sest-evaporee\/\",\"name\":\"Tunisie\u00a0: la vid\u00e9o cens\u00e9e incriminer Ghannouchi s\u2019est \u00e9vapor\u00e9e ! - Kapitalis\",\"isPartOf\":{\"@id\":\"https:\/\/kapitalis.com\/tunisie\/#website\"},\"primaryImageOfPage\":{\"@id\":\"https:\/\/kapitalis.com\/tunisie\/2023\/04\/26\/tunisie-la-video-censee-incriminer-ghannouchi-sest-evaporee\/#primaryimage\"},\"image\":{\"@id\":\"https:\/\/kapitalis.com\/tunisie\/2023\/04\/26\/tunisie-la-video-censee-incriminer-ghannouchi-sest-evaporee\/#primaryimage\"},\"thumbnailUrl\":\"https:\/\/kapitalis.com\/tunisie\/wp-content\/uploads\/2023\/04\/Rached-Ghannouchi.jpg\",\"datePublished\":\"2023-04-26T07:23:33+00:00\",\"dateModified\":\"2023-04-26T07:23:34+00:00\",\"breadcrumb\":{\"@id\":\"https:\/\/kapitalis.com\/tunisie\/2023\/04\/26\/tunisie-la-video-censee-incriminer-ghannouchi-sest-evaporee\/#breadcrumb\"},\"inLanguage\":\"fr-FR\",\"potentialAction\":[{\"@type\":\"ReadAction\",\"target\":[\"https:\/\/kapitalis.com\/tunisie\/2023\/04\/26\/tunisie-la-video-censee-incriminer-ghannouchi-sest-evaporee\/\"]}]},{\"@type\":\"ImageObject\",\"inLanguage\":\"fr-FR\",\"@id\":\"https:\/\/kapitalis.com\/tunisie\/2023\/04\/26\/tunisie-la-video-censee-incriminer-ghannouchi-sest-evaporee\/#primaryimage\",\"url\":\"https:\/\/kapitalis.com\/tunisie\/wp-content\/uploads\/2023\/04\/Rached-Ghannouchi.jpg\",\"contentUrl\":\"https:\/\/kapitalis.com\/tunisie\/wp-content\/uploads\/2023\/04\/Rached-Ghannouchi.jpg\",\"width\":1200,\"height\":630},{\"@type\":\"BreadcrumbList\",\"@id\":\"https:\/\/kapitalis.com\/tunisie\/2023\/04\/26\/tunisie-la-video-censee-incriminer-ghannouchi-sest-evaporee\/#breadcrumb\",\"itemListElement\":[{\"@type\":\"ListItem\",\"position\":1,\"name\":\"Accueil\",\"item\":\"https:\/\/kapitalis.com\/tunisie\/\"},{\"@type\":\"ListItem\",\"position\":2,\"name\":\"Tunisie\u00a0: la vid\u00e9o cens\u00e9e incriminer Ghannouchi s\u2019est \u00e9vapor\u00e9e !\"}]},{\"@type\":\"WebSite\",\"@id\":\"https:\/\/kapitalis.com\/tunisie\/#website\",\"url\":\"https:\/\/kapitalis.com\/tunisie\/\",\"name\":\"Kapitalis\",\"description\":\"L&#039;actualit\u00e9 en Tunisie et dans le monde\",\"publisher\":{\"@id\":\"https:\/\/kapitalis.com\/tunisie\/#organization\"},\"potentialAction\":[{\"@type\":\"SearchAction\",\"target\":{\"@type\":\"EntryPoint\",\"urlTemplate\":\"https:\/\/kapitalis.com\/tunisie\/?s={search_term_string}\"},\"query-input\":{\"@type\":\"PropertyValueSpecification\",\"valueRequired\":true,\"valueName\":\"search_term_string\"}}],\"inLanguage\":\"fr-FR\"},{\"@type\":\"Organization\",\"@id\":\"https:\/\/kapitalis.com\/tunisie\/#organization\",\"name\":\"Kapitalis\",\"url\":\"https:\/\/kapitalis.com\/tunisie\/\",\"logo\":{\"@type\":\"ImageObject\",\"inLanguage\":\"fr-FR\",\"@id\":\"https:\/\/kapitalis.com\/tunisie\/#\/schema\/logo\/image\/\",\"url\":\"https:\/\/kapitalis.com\/tunisie\/wp-content\/uploads\/2022\/05\/Kapitalis-big-size.png\",\"contentUrl\":\"https:\/\/kapitalis.com\/tunisie\/wp-content\/uploads\/2022\/05\/Kapitalis-big-size.png\",\"width\":5000,\"height\":1500,\"caption\":\"Kapitalis\"},\"image\":{\"@id\":\"https:\/\/kapitalis.com\/tunisie\/#\/schema\/logo\/image\/\"},\"sameAs\":[\"https:\/\/www.facebook.com\/KapitalisInfo\/\",\"https:\/\/x.com\/KapitalisInfo\",\"https:\/\/www.youtube.com\/channel\/UC-yDYrHyfFBWWZaOw3FPg9Q\"]},{\"@type\":\"Person\",\"@id\":\"https:\/\/kapitalis.com\/tunisie\/#\/schema\/person\/d71f33a9ca44f7bad4698210b480c8e9\",\"name\":\"webmaster kapitalis\",\"url\":\"https:\/\/kapitalis.com\/tunisie\/author\/webmaster-kapitalis\/\"}]}<\/script>\n<!-- \/ Yoast SEO plugin. -->","yoast_head_json":{"title":"Tunisie\u00a0: la vid\u00e9o cens\u00e9e incriminer Ghannouchi s\u2019est \u00e9vapor\u00e9e ! - Kapitalis","robots":{"index":"index","follow":"follow","max-snippet":"max-snippet:-1","max-image-preview":"max-image-preview:large","max-video-preview":"max-video-preview:-1"},"canonical":"https:\/\/kapitalis.com\/tunisie\/2023\/04\/26\/tunisie-la-video-censee-incriminer-ghannouchi-sest-evaporee\/","og_locale":"fr_FR","og_type":"article","og_title":"Tunisie\u00a0: la vid\u00e9o cens\u00e9e incriminer Ghannouchi s\u2019est \u00e9vapor\u00e9e ! - Kapitalis","og_description":"La vid\u00e9o cens\u00e9e constituer la preuve mat\u00e9rielle fondant l\u2019accusation contre Rached Ghannouchi, dans l'une des affaires port\u00e9es contre lui, est introuvable.","og_url":"https:\/\/kapitalis.com\/tunisie\/2023\/04\/26\/tunisie-la-video-censee-incriminer-ghannouchi-sest-evaporee\/","og_site_name":"Kapitalis","article_publisher":"https:\/\/www.facebook.com\/KapitalisInfo\/","article_published_time":"2023-04-26T07:23:33+00:00","article_modified_time":"2023-04-26T07:23:34+00:00","og_image":[{"width":1200,"height":630,"url":"https:\/\/kapitalis.com\/tunisie\/wp-content\/uploads\/2023\/04\/Rached-Ghannouchi.jpg","type":"image\/jpeg"}],"author":"webmaster kapitalis","twitter_card":"summary_large_image","twitter_creator":"@KapitalisInfo","twitter_site":"@KapitalisInfo","twitter_misc":{"\u00c9crit par":"webmaster kapitalis","Dur\u00e9e de lecture estim\u00e9e":"2 minutes"},"schema":{"@context":"https:\/\/schema.org","@graph":[{"@type":"Article","@id":"https:\/\/kapitalis.com\/tunisie\/2023\/04\/26\/tunisie-la-video-censee-incriminer-ghannouchi-sest-evaporee\/#article","isPartOf":{"@id":"https:\/\/kapitalis.com\/tunisie\/2023\/04\/26\/tunisie-la-video-censee-incriminer-ghannouchi-sest-evaporee\/"},"author":{"name":"webmaster kapitalis","@id":"https:\/\/kapitalis.com\/tunisie\/#\/schema\/person\/d71f33a9ca44f7bad4698210b480c8e9"},"headline":"Tunisie\u00a0: la vid\u00e9o cens\u00e9e incriminer Ghannouchi s\u2019est \u00e9vapor\u00e9e !","datePublished":"2023-04-26T07:23:33+00:00","dateModified":"2023-04-26T07:23:34+00:00","mainEntityOfPage":{"@id":"https:\/\/kapitalis.com\/tunisie\/2023\/04\/26\/tunisie-la-video-censee-incriminer-ghannouchi-sest-evaporee\/"},"wordCount":271,"commentCount":10,"publisher":{"@id":"https:\/\/kapitalis.com\/tunisie\/#organization"},"image":{"@id":"https:\/\/kapitalis.com\/tunisie\/2023\/04\/26\/tunisie-la-video-censee-incriminer-ghannouchi-sest-evaporee\/#primaryimage"},"thumbnailUrl":"https:\/\/kapitalis.com\/tunisie\/wp-content\/uploads\/2023\/04\/Rached-Ghannouchi.jpg","keywords":["Ennahdha","Mokhtar Jemai","Rached Ghannouchi","Tunisie"],"articleSection":["POLITIQUE","Tunisie"],"inLanguage":"fr-FR","potentialAction":[{"@type":"CommentAction","name":"Comment","target":["https:\/\/kapitalis.com\/tunisie\/2023\/04\/26\/tunisie-la-video-censee-incriminer-ghannouchi-sest-evaporee\/#respond"]}]},{"@type":"WebPage","@id":"https:\/\/kapitalis.com\/tunisie\/2023\/04\/26\/tunisie-la-video-censee-incriminer-ghannouchi-sest-evaporee\/","url":"https:\/\/kapitalis.com\/tunisie\/2023\/04\/26\/tunisie-la-video-censee-incriminer-ghannouchi-sest-evaporee\/","name":"Tunisie\u00a0: la vid\u00e9o cens\u00e9e incriminer Ghannouchi s\u2019est \u00e9vapor\u00e9e ! - Kapitalis","isPartOf":{"@id":"https:\/\/kapitalis.com\/tunisie\/#website"},"primaryImageOfPage":{"@id":"https:\/\/kapitalis.com\/tunisie\/2023\/04\/26\/tunisie-la-video-censee-incriminer-ghannouchi-sest-evaporee\/#primaryimage"},"image":{"@id":"https:\/\/kapitalis.com\/tunisie\/2023\/04\/26\/tunisie-la-video-censee-incriminer-ghannouchi-sest-evaporee\/#primaryimage"},"thumbnailUrl":"https:\/\/kapitalis.com\/tunisie\/wp-content\/uploads\/2023\/04\/Rached-Ghannouchi.jpg","datePublished":"2023-04-26T07:23:33+00:00","dateModified":"2023-04-26T07:23:34+00:00","breadcrumb":{"@id":"https:\/\/kapitalis.com\/tunisie\/2023\/04\/26\/tunisie-la-video-censee-incriminer-ghannouchi-sest-evaporee\/#breadcrumb"},"inLanguage":"fr-FR","potentialAction":[{"@type":"ReadAction","target":["https:\/\/kapitalis.com\/tunisie\/2023\/04\/26\/tunisie-la-video-censee-incriminer-ghannouchi-sest-evaporee\/"]}]},{"@type":"ImageObject","inLanguage":"fr-FR","@id":"https:\/\/kapitalis.com\/tunisie\/2023\/04\/26\/tunisie-la-video-censee-incriminer-ghannouchi-sest-evaporee\/#primaryimage","url":"https:\/\/kapitalis.com\/tunisie\/wp-content\/uploads\/2023\/04\/Rached-Ghannouchi.jpg","contentUrl":"https:\/\/kapitalis.com\/tunisie\/wp-content\/uploads\/2023\/04\/Rached-Ghannouchi.jpg","width":1200,"height":630},{"@type":"BreadcrumbList","@id":"https:\/\/kapitalis.com\/tunisie\/2023\/04\/26\/tunisie-la-video-censee-incriminer-ghannouchi-sest-evaporee\/#breadcrumb","itemListElement":[{"@type":"ListItem","position":1,"name":"Accueil","item":"https:\/\/kapitalis.com\/tunisie\/"},{"@type":"ListItem","position":2,"name":"Tunisie\u00a0: la vid\u00e9o cens\u00e9e incriminer Ghannouchi s\u2019est \u00e9vapor\u00e9e !"}]},{"@type":"WebSite","@id":"https:\/\/kapitalis.com\/tunisie\/#website","url":"https:\/\/kapitalis.com\/tunisie\/","name":"Kapitalis","description":"L&#039;actualit\u00e9 en Tunisie et dans le monde","publisher":{"@id":"https:\/\/kapitalis.com\/tunisie\/#organization"},"potentialAction":[{"@type":"SearchAction","target":{"@type":"EntryPoint","urlTemplate":"https:\/\/kapitalis.com\/tunisie\/?s={search_term_string}"},"query-input":{"@type":"PropertyValueSpecification","valueRequired":true,"valueName":"search_term_string"}}],"inLanguage":"fr-FR"},{"@type":"Organization","@id":"https:\/\/kapitalis.com\/tunisie\/#organization","name":"Kapitalis","url":"https:\/\/kapitalis.com\/tunisie\/","logo":{"@type":"ImageObject","inLanguage":"fr-FR","@id":"https:\/\/kapitalis.com\/tunisie\/#\/schema\/logo\/image\/","url":"https:\/\/kapitalis.com\/tunisie\/wp-content\/uploads\/2022\/05\/Kapitalis-big-size.png","contentUrl":"https:\/\/kapitalis.com\/tunisie\/wp-content\/uploads\/2022\/05\/Kapitalis-big-size.png","width":5000,"height":1500,"caption":"Kapitalis"},"image":{"@id":"https:\/\/kapitalis.com\/tunisie\/#\/schema\/logo\/image\/"},"sameAs":["https:\/\/www.facebook.com\/KapitalisInfo\/","https:\/\/x.com\/KapitalisInfo","https:\/\/www.youtube.com\/channel\/UC-yDYrHyfFBWWZaOw3FPg9Q"]},{"@type":"Person","@id":"https:\/\/kapitalis.com\/tunisie\/#\/schema\/person\/d71f33a9ca44f7bad4698210b480c8e9","name":"webmaster kapitalis","url":"https:\/\/kapitalis.com\/tunisie\/author\/webmaster-kapitalis\/"}]}},"_links":{"self":[{"href":"https:\/\/kapitalis.com\/tunisie\/wp-json\/wp\/v2\/posts\/7615213","targetHints":{"allow":["GET"]}}],"collection":[{"href":"https:\/\/kapitalis.com\/tunisie\/wp-json\/wp\/v2\/posts"}],"about":[{"href":"https:\/\/kapitalis.com\/tunisie\/wp-json\/wp\/v2\/types\/post"}],"author":[{"embeddable":true,"href":"https:\/\/kapitalis.com\/tunisie\/wp-json\/wp\/v2\/users\/8"}],"replies":[{"embeddable":true,"href":"https:\/\/kapitalis.com\/tunisie\/wp-json\/wp\/v2\/comments?post=7615213"}],"version-history":[{"count":1,"href":"https:\/\/kapitalis.com\/tunisie\/wp-json\/wp\/v2\/posts\/7615213\/revisions"}],"predecessor-version":[{"id":7615316,"href":"https:\/\/kapitalis.com\/tunisie\/wp-json\/wp\/v2\/posts\/7615213\/revisions\/7615316"}],"wp:featuredmedia":[{"embeddable":true,"href":"https:\/\/kapitalis.com\/tunisie\/wp-json\/wp\/v2\/media\/7615298"}],"wp:attachment":[{"href":"https:\/\/kapitalis.com\/tunisie\/wp-json\/wp\/v2\/media?parent=7615213"}],"wp:term":[{"taxonomy":"category","embeddable":true,"href":"https:\/\/kapitalis.com\/tunisie\/wp-json\/wp\/v2\/categories?post=7615213"},{"taxonomy":"post_tag","embeddable":true,"href":"https:\/\/kapitalis.com\/tunisie\/wp-json\/wp\/v2\/tags?post=7615213"}],"curies":[{"name":"wp","href":"https:\/\/api.w.org\/{rel}","templated":true}]}}