{"id":7655279,"date":"2023-04-28T21:48:01","date_gmt":"2023-04-28T20:48:01","guid":{"rendered":"https:\/\/kapitalis.com\/tunisie\/?p=7655279"},"modified":"2023-04-28T22:07:32","modified_gmt":"2023-04-28T21:07:32","slug":"tunisie-un-gang-specialise-dans-les-braquages-de-taxis-demantele-a-fouchana","status":"publish","type":"post","link":"https:\/\/kapitalis.com\/tunisie\/2023\/04\/28\/tunisie-un-gang-specialise-dans-les-braquages-de-taxis-demantele-a-fouchana\/","title":{"rendered":"Tunisie : Un gang sp\u00e9cialis\u00e9 dans les braquages de taxis d\u00e9mantel\u00e9 \u00e0 Fouchana"},"content":{"rendered":"\n<p><em><strong>La Direction g\u00e9n\u00e9rale de la garde nationale (DGGN) a annonc\u00e9, ce vendredi 28 avril 2023, le d\u00e9mant\u00e8lement d&rsquo;un gang sp\u00e9cialis\u00e9 dans les braquages de taxis d\u00e9mantel\u00e9, commis <em><strong>avec violence<\/strong><\/em><\/strong><\/em>,<em><strong> \u00e0 Fouchana au gouvernorat de Ben Arous.<\/strong><\/em><\/p>\n\n\n\n<!--more-->\n\n\n\n<p>La DGGN pr\u00e9cise que la brigade de recherche et d&rsquo;investigation a men\u00e9 l&rsquo;enqu\u00eate apr\u00e8s que plusieurs chauffeurs de taxi aient \u00e9t\u00e9 victime de braquages \u00e0 l&rsquo;arme blanche, perpetr\u00e9s par un groupe dans la banlieue sud de Tunis.<\/p>\n\n\n\n<p>Deux individus ont ainsi \u00e9t\u00e9 arr\u00eat\u00e9s dans la nuit du jeudi au vendredi, en coordination avec le minist\u00e8re public, ajoute la DGGN, en affirmant que les concern\u00e9s ont avou\u00e9 leur forfait.<\/p>\n\n\n\n<p>Ils ont \u00e9t\u00e9 plac\u00e9s en d\u00e9tention et l&rsquo;enqu\u00eate se poursuit.<\/p>\n\n\n\n<p class=\"has-text-align-right\"><strong>Y. N.<\/strong><\/p>\n","protected":false},"excerpt":{"rendered":"<p>Tunisie : Un gang sp\u00e9cialis\u00e9 dans les braquages de taxis d\u00e9mantel\u00e9 \u00e0 Fouchana<\/p>\n","protected":false},"author":6,"featured_media":7655487,"comment_status":"open","ping_status":"open","sticky":false,"template":"","format":"standard","meta":{"footnotes":""},"categories":[998,2433],"tags":[167,5051,76858,1745,62643],"class_list":["post-7655279","post","type-post","status-publish","format-standard","has-post-thumbnail","hentry","category-societe","category-tunisie","tag-braquage","tag-braqueurs","tag-dggn","tag-taxi","tag-tunisie"],"yoast_head":"<!-- This site is optimized with the Yoast SEO plugin v26.6 - https:\/\/yoast.com\/wordpress\/plugins\/seo\/ -->\n<title>Tunisie : Un gang sp\u00e9cialis\u00e9 dans les braquages de taxis d\u00e9mantel\u00e9 \u00e0 Fouchana - Kapitalis<\/title>\n<meta name=\"description\" content=\"La Direction g\u00e9n\u00e9rale de la garde nationale (DGGN) a annonc\u00e9, ce vendredi 28 avril 2023, le d\u00e9mant\u00e8lement d&#039;un gang sp\u00e9cialis\u00e9 dans les braquages de taxis d\u00e9mantel\u00e9, commis avec violence, \u00e0 Fouchana au gouvernorat de Ben Arous.\" \/>\n<meta name=\"robots\" content=\"index, follow, max-snippet:-1, max-image-preview:large, max-video-preview:-1\" \/>\n<link rel=\"canonical\" href=\"https:\/\/kapitalis.com\/tunisie\/2023\/04\/28\/tunisie-un-gang-specialise-dans-les-braquages-de-taxis-demantele-a-fouchana\/\" \/>\n<meta property=\"og:locale\" content=\"fr_FR\" \/>\n<meta property=\"og:type\" content=\"article\" \/>\n<meta property=\"og:title\" content=\"Tunisie : Un gang sp\u00e9cialis\u00e9 dans les braquages de taxis d\u00e9mantel\u00e9 \u00e0 Fouchana - Kapitalis\" \/>\n<meta property=\"og:description\" content=\"La Direction g\u00e9n\u00e9rale de la garde nationale (DGGN) a annonc\u00e9, ce vendredi 28 avril 2023, le d\u00e9mant\u00e8lement d&#039;un gang sp\u00e9cialis\u00e9 dans les braquages de taxis d\u00e9mantel\u00e9, commis avec violence, \u00e0 Fouchana au gouvernorat de Ben Arous.\" \/>\n<meta property=\"og:url\" content=\"https:\/\/kapitalis.com\/tunisie\/2023\/04\/28\/tunisie-un-gang-specialise-dans-les-braquages-de-taxis-demantele-a-fouchana\/\" \/>\n<meta property=\"og:site_name\" content=\"Kapitalis\" \/>\n<meta property=\"article:publisher\" content=\"https:\/\/www.facebook.com\/KapitalisInfo\/\" \/>\n<meta property=\"article:published_time\" content=\"2023-04-28T20:48:01+00:00\" \/>\n<meta property=\"article:modified_time\" content=\"2023-04-28T21:07:32+00:00\" \/>\n<meta property=\"og:image\" content=\"https:\/\/kapitalis.com\/tunisie\/wp-content\/uploads\/2023\/04\/braqueurs-taxi.jpg\" \/>\n\t<meta property=\"og:image:width\" content=\"1200\" \/>\n\t<meta property=\"og:image:height\" content=\"630\" \/>\n\t<meta property=\"og:image:type\" content=\"image\/jpeg\" \/>\n<meta name=\"author\" content=\"Yusra NY\" \/>\n<meta name=\"twitter:card\" content=\"summary_large_image\" \/>\n<meta name=\"twitter:creator\" content=\"@KapitalisInfo\" \/>\n<meta name=\"twitter:site\" content=\"@KapitalisInfo\" \/>\n<meta name=\"twitter:label1\" content=\"\u00c9crit par\" \/>\n\t<meta name=\"twitter:data1\" content=\"Yusra NY\" \/>\n\t<meta name=\"twitter:label2\" content=\"Dur\u00e9e de lecture estim\u00e9e\" \/>\n\t<meta name=\"twitter:data2\" content=\"1 minute\" \/>\n<script type=\"application\/ld+json\" class=\"yoast-schema-graph\">{\"@context\":\"https:\/\/schema.org\",\"@graph\":[{\"@type\":\"Article\",\"@id\":\"https:\/\/kapitalis.com\/tunisie\/2023\/04\/28\/tunisie-un-gang-specialise-dans-les-braquages-de-taxis-demantele-a-fouchana\/#article\",\"isPartOf\":{\"@id\":\"https:\/\/kapitalis.com\/tunisie\/2023\/04\/28\/tunisie-un-gang-specialise-dans-les-braquages-de-taxis-demantele-a-fouchana\/\"},\"author\":{\"name\":\"Yusra NY\",\"@id\":\"https:\/\/kapitalis.com\/tunisie\/#\/schema\/person\/74bbde0154d49d790a92aaeac5bc01d5\"},\"headline\":\"Tunisie : Un gang sp\u00e9cialis\u00e9 dans les braquages de taxis d\u00e9mantel\u00e9 \u00e0 Fouchana\",\"datePublished\":\"2023-04-28T20:48:01+00:00\",\"dateModified\":\"2023-04-28T21:07:32+00:00\",\"mainEntityOfPage\":{\"@id\":\"https:\/\/kapitalis.com\/tunisie\/2023\/04\/28\/tunisie-un-gang-specialise-dans-les-braquages-de-taxis-demantele-a-fouchana\/\"},\"wordCount\":142,\"commentCount\":0,\"publisher\":{\"@id\":\"https:\/\/kapitalis.com\/tunisie\/#organization\"},\"image\":{\"@id\":\"https:\/\/kapitalis.com\/tunisie\/2023\/04\/28\/tunisie-un-gang-specialise-dans-les-braquages-de-taxis-demantele-a-fouchana\/#primaryimage\"},\"thumbnailUrl\":\"https:\/\/kapitalis.com\/tunisie\/wp-content\/uploads\/2023\/04\/braqueurs-taxi.jpg\",\"keywords\":[\"braquage\",\"braqueurs\",\"DGGN\",\"taxi\",\"Tunisie\"],\"articleSection\":[\"SOCIETE\",\"Tunisie\"],\"inLanguage\":\"fr-FR\",\"potentialAction\":[{\"@type\":\"CommentAction\",\"name\":\"Comment\",\"target\":[\"https:\/\/kapitalis.com\/tunisie\/2023\/04\/28\/tunisie-un-gang-specialise-dans-les-braquages-de-taxis-demantele-a-fouchana\/#respond\"]}]},{\"@type\":\"WebPage\",\"@id\":\"https:\/\/kapitalis.com\/tunisie\/2023\/04\/28\/tunisie-un-gang-specialise-dans-les-braquages-de-taxis-demantele-a-fouchana\/\",\"url\":\"https:\/\/kapitalis.com\/tunisie\/2023\/04\/28\/tunisie-un-gang-specialise-dans-les-braquages-de-taxis-demantele-a-fouchana\/\",\"name\":\"Tunisie : Un gang sp\u00e9cialis\u00e9 dans les braquages de taxis d\u00e9mantel\u00e9 \u00e0 Fouchana - Kapitalis\",\"isPartOf\":{\"@id\":\"https:\/\/kapitalis.com\/tunisie\/#website\"},\"primaryImageOfPage\":{\"@id\":\"https:\/\/kapitalis.com\/tunisie\/2023\/04\/28\/tunisie-un-gang-specialise-dans-les-braquages-de-taxis-demantele-a-fouchana\/#primaryimage\"},\"image\":{\"@id\":\"https:\/\/kapitalis.com\/tunisie\/2023\/04\/28\/tunisie-un-gang-specialise-dans-les-braquages-de-taxis-demantele-a-fouchana\/#primaryimage\"},\"thumbnailUrl\":\"https:\/\/kapitalis.com\/tunisie\/wp-content\/uploads\/2023\/04\/braqueurs-taxi.jpg\",\"datePublished\":\"2023-04-28T20:48:01+00:00\",\"dateModified\":\"2023-04-28T21:07:32+00:00\",\"description\":\"La Direction g\u00e9n\u00e9rale de la garde nationale (DGGN) a annonc\u00e9, ce vendredi 28 avril 2023, le d\u00e9mant\u00e8lement d'un gang sp\u00e9cialis\u00e9 dans les braquages de taxis d\u00e9mantel\u00e9, commis avec violence, \u00e0 Fouchana au gouvernorat de Ben Arous.\",\"breadcrumb\":{\"@id\":\"https:\/\/kapitalis.com\/tunisie\/2023\/04\/28\/tunisie-un-gang-specialise-dans-les-braquages-de-taxis-demantele-a-fouchana\/#breadcrumb\"},\"inLanguage\":\"fr-FR\",\"potentialAction\":[{\"@type\":\"ReadAction\",\"target\":[\"https:\/\/kapitalis.com\/tunisie\/2023\/04\/28\/tunisie-un-gang-specialise-dans-les-braquages-de-taxis-demantele-a-fouchana\/\"]}]},{\"@type\":\"ImageObject\",\"inLanguage\":\"fr-FR\",\"@id\":\"https:\/\/kapitalis.com\/tunisie\/2023\/04\/28\/tunisie-un-gang-specialise-dans-les-braquages-de-taxis-demantele-a-fouchana\/#primaryimage\",\"url\":\"https:\/\/kapitalis.com\/tunisie\/wp-content\/uploads\/2023\/04\/braqueurs-taxi.jpg\",\"contentUrl\":\"https:\/\/kapitalis.com\/tunisie\/wp-content\/uploads\/2023\/04\/braqueurs-taxi.jpg\",\"width\":1200,\"height\":630},{\"@type\":\"BreadcrumbList\",\"@id\":\"https:\/\/kapitalis.com\/tunisie\/2023\/04\/28\/tunisie-un-gang-specialise-dans-les-braquages-de-taxis-demantele-a-fouchana\/#breadcrumb\",\"itemListElement\":[{\"@type\":\"ListItem\",\"position\":1,\"name\":\"Accueil\",\"item\":\"https:\/\/kapitalis.com\/tunisie\/\"},{\"@type\":\"ListItem\",\"position\":2,\"name\":\"Tunisie : Un gang sp\u00e9cialis\u00e9 dans les braquages de taxis d\u00e9mantel\u00e9 \u00e0 Fouchana\"}]},{\"@type\":\"WebSite\",\"@id\":\"https:\/\/kapitalis.com\/tunisie\/#website\",\"url\":\"https:\/\/kapitalis.com\/tunisie\/\",\"name\":\"Kapitalis\",\"description\":\"L&#039;actualit\u00e9 en Tunisie et dans le monde\",\"publisher\":{\"@id\":\"https:\/\/kapitalis.com\/tunisie\/#organization\"},\"potentialAction\":[{\"@type\":\"SearchAction\",\"target\":{\"@type\":\"EntryPoint\",\"urlTemplate\":\"https:\/\/kapitalis.com\/tunisie\/?s={search_term_string}\"},\"query-input\":{\"@type\":\"PropertyValueSpecification\",\"valueRequired\":true,\"valueName\":\"search_term_string\"}}],\"inLanguage\":\"fr-FR\"},{\"@type\":\"Organization\",\"@id\":\"https:\/\/kapitalis.com\/tunisie\/#organization\",\"name\":\"Kapitalis\",\"url\":\"https:\/\/kapitalis.com\/tunisie\/\",\"logo\":{\"@type\":\"ImageObject\",\"inLanguage\":\"fr-FR\",\"@id\":\"https:\/\/kapitalis.com\/tunisie\/#\/schema\/logo\/image\/\",\"url\":\"https:\/\/kapitalis.com\/tunisie\/wp-content\/uploads\/2022\/05\/Kapitalis-big-size.png\",\"contentUrl\":\"https:\/\/kapitalis.com\/tunisie\/wp-content\/uploads\/2022\/05\/Kapitalis-big-size.png\",\"width\":5000,\"height\":1500,\"caption\":\"Kapitalis\"},\"image\":{\"@id\":\"https:\/\/kapitalis.com\/tunisie\/#\/schema\/logo\/image\/\"},\"sameAs\":[\"https:\/\/www.facebook.com\/KapitalisInfo\/\",\"https:\/\/x.com\/KapitalisInfo\",\"https:\/\/www.youtube.com\/channel\/UC-yDYrHyfFBWWZaOw3FPg9Q\"]},{\"@type\":\"Person\",\"@id\":\"https:\/\/kapitalis.com\/tunisie\/#\/schema\/person\/74bbde0154d49d790a92aaeac5bc01d5\",\"name\":\"Yusra NY\",\"url\":\"https:\/\/kapitalis.com\/tunisie\/author\/yuza_adam\/\"}]}<\/script>\n<!-- \/ Yoast SEO plugin. -->","yoast_head_json":{"title":"Tunisie : Un gang sp\u00e9cialis\u00e9 dans les braquages de taxis d\u00e9mantel\u00e9 \u00e0 Fouchana - Kapitalis","description":"La Direction g\u00e9n\u00e9rale de la garde nationale (DGGN) a annonc\u00e9, ce vendredi 28 avril 2023, le d\u00e9mant\u00e8lement d'un gang sp\u00e9cialis\u00e9 dans les braquages de taxis d\u00e9mantel\u00e9, commis avec violence, \u00e0 Fouchana au gouvernorat de Ben Arous.","robots":{"index":"index","follow":"follow","max-snippet":"max-snippet:-1","max-image-preview":"max-image-preview:large","max-video-preview":"max-video-preview:-1"},"canonical":"https:\/\/kapitalis.com\/tunisie\/2023\/04\/28\/tunisie-un-gang-specialise-dans-les-braquages-de-taxis-demantele-a-fouchana\/","og_locale":"fr_FR","og_type":"article","og_title":"Tunisie : Un gang sp\u00e9cialis\u00e9 dans les braquages de taxis d\u00e9mantel\u00e9 \u00e0 Fouchana - Kapitalis","og_description":"La Direction g\u00e9n\u00e9rale de la garde nationale (DGGN) a annonc\u00e9, ce vendredi 28 avril 2023, le d\u00e9mant\u00e8lement d'un gang sp\u00e9cialis\u00e9 dans les braquages de taxis d\u00e9mantel\u00e9, commis avec violence, \u00e0 Fouchana au gouvernorat de Ben Arous.","og_url":"https:\/\/kapitalis.com\/tunisie\/2023\/04\/28\/tunisie-un-gang-specialise-dans-les-braquages-de-taxis-demantele-a-fouchana\/","og_site_name":"Kapitalis","article_publisher":"https:\/\/www.facebook.com\/KapitalisInfo\/","article_published_time":"2023-04-28T20:48:01+00:00","article_modified_time":"2023-04-28T21:07:32+00:00","og_image":[{"width":1200,"height":630,"url":"https:\/\/kapitalis.com\/tunisie\/wp-content\/uploads\/2023\/04\/braqueurs-taxi.jpg","type":"image\/jpeg"}],"author":"Yusra NY","twitter_card":"summary_large_image","twitter_creator":"@KapitalisInfo","twitter_site":"@KapitalisInfo","twitter_misc":{"\u00c9crit par":"Yusra NY","Dur\u00e9e de lecture estim\u00e9e":"1 minute"},"schema":{"@context":"https:\/\/schema.org","@graph":[{"@type":"Article","@id":"https:\/\/kapitalis.com\/tunisie\/2023\/04\/28\/tunisie-un-gang-specialise-dans-les-braquages-de-taxis-demantele-a-fouchana\/#article","isPartOf":{"@id":"https:\/\/kapitalis.com\/tunisie\/2023\/04\/28\/tunisie-un-gang-specialise-dans-les-braquages-de-taxis-demantele-a-fouchana\/"},"author":{"name":"Yusra NY","@id":"https:\/\/kapitalis.com\/tunisie\/#\/schema\/person\/74bbde0154d49d790a92aaeac5bc01d5"},"headline":"Tunisie : Un gang sp\u00e9cialis\u00e9 dans les braquages de taxis d\u00e9mantel\u00e9 \u00e0 Fouchana","datePublished":"2023-04-28T20:48:01+00:00","dateModified":"2023-04-28T21:07:32+00:00","mainEntityOfPage":{"@id":"https:\/\/kapitalis.com\/tunisie\/2023\/04\/28\/tunisie-un-gang-specialise-dans-les-braquages-de-taxis-demantele-a-fouchana\/"},"wordCount":142,"commentCount":0,"publisher":{"@id":"https:\/\/kapitalis.com\/tunisie\/#organization"},"image":{"@id":"https:\/\/kapitalis.com\/tunisie\/2023\/04\/28\/tunisie-un-gang-specialise-dans-les-braquages-de-taxis-demantele-a-fouchana\/#primaryimage"},"thumbnailUrl":"https:\/\/kapitalis.com\/tunisie\/wp-content\/uploads\/2023\/04\/braqueurs-taxi.jpg","keywords":["braquage","braqueurs","DGGN","taxi","Tunisie"],"articleSection":["SOCIETE","Tunisie"],"inLanguage":"fr-FR","potentialAction":[{"@type":"CommentAction","name":"Comment","target":["https:\/\/kapitalis.com\/tunisie\/2023\/04\/28\/tunisie-un-gang-specialise-dans-les-braquages-de-taxis-demantele-a-fouchana\/#respond"]}]},{"@type":"WebPage","@id":"https:\/\/kapitalis.com\/tunisie\/2023\/04\/28\/tunisie-un-gang-specialise-dans-les-braquages-de-taxis-demantele-a-fouchana\/","url":"https:\/\/kapitalis.com\/tunisie\/2023\/04\/28\/tunisie-un-gang-specialise-dans-les-braquages-de-taxis-demantele-a-fouchana\/","name":"Tunisie : Un gang sp\u00e9cialis\u00e9 dans les braquages de taxis d\u00e9mantel\u00e9 \u00e0 Fouchana - Kapitalis","isPartOf":{"@id":"https:\/\/kapitalis.com\/tunisie\/#website"},"primaryImageOfPage":{"@id":"https:\/\/kapitalis.com\/tunisie\/2023\/04\/28\/tunisie-un-gang-specialise-dans-les-braquages-de-taxis-demantele-a-fouchana\/#primaryimage"},"image":{"@id":"https:\/\/kapitalis.com\/tunisie\/2023\/04\/28\/tunisie-un-gang-specialise-dans-les-braquages-de-taxis-demantele-a-fouchana\/#primaryimage"},"thumbnailUrl":"https:\/\/kapitalis.com\/tunisie\/wp-content\/uploads\/2023\/04\/braqueurs-taxi.jpg","datePublished":"2023-04-28T20:48:01+00:00","dateModified":"2023-04-28T21:07:32+00:00","description":"La Direction g\u00e9n\u00e9rale de la garde nationale (DGGN) a annonc\u00e9, ce vendredi 28 avril 2023, le d\u00e9mant\u00e8lement d'un gang sp\u00e9cialis\u00e9 dans les braquages de taxis d\u00e9mantel\u00e9, commis avec violence, \u00e0 Fouchana au gouvernorat de Ben Arous.","breadcrumb":{"@id":"https:\/\/kapitalis.com\/tunisie\/2023\/04\/28\/tunisie-un-gang-specialise-dans-les-braquages-de-taxis-demantele-a-fouchana\/#breadcrumb"},"inLanguage":"fr-FR","potentialAction":[{"@type":"ReadAction","target":["https:\/\/kapitalis.com\/tunisie\/2023\/04\/28\/tunisie-un-gang-specialise-dans-les-braquages-de-taxis-demantele-a-fouchana\/"]}]},{"@type":"ImageObject","inLanguage":"fr-FR","@id":"https:\/\/kapitalis.com\/tunisie\/2023\/04\/28\/tunisie-un-gang-specialise-dans-les-braquages-de-taxis-demantele-a-fouchana\/#primaryimage","url":"https:\/\/kapitalis.com\/tunisie\/wp-content\/uploads\/2023\/04\/braqueurs-taxi.jpg","contentUrl":"https:\/\/kapitalis.com\/tunisie\/wp-content\/uploads\/2023\/04\/braqueurs-taxi.jpg","width":1200,"height":630},{"@type":"BreadcrumbList","@id":"https:\/\/kapitalis.com\/tunisie\/2023\/04\/28\/tunisie-un-gang-specialise-dans-les-braquages-de-taxis-demantele-a-fouchana\/#breadcrumb","itemListElement":[{"@type":"ListItem","position":1,"name":"Accueil","item":"https:\/\/kapitalis.com\/tunisie\/"},{"@type":"ListItem","position":2,"name":"Tunisie : Un gang sp\u00e9cialis\u00e9 dans les braquages de taxis d\u00e9mantel\u00e9 \u00e0 Fouchana"}]},{"@type":"WebSite","@id":"https:\/\/kapitalis.com\/tunisie\/#website","url":"https:\/\/kapitalis.com\/tunisie\/","name":"Kapitalis","description":"L&#039;actualit\u00e9 en Tunisie et dans le monde","publisher":{"@id":"https:\/\/kapitalis.com\/tunisie\/#organization"},"potentialAction":[{"@type":"SearchAction","target":{"@type":"EntryPoint","urlTemplate":"https:\/\/kapitalis.com\/tunisie\/?s={search_term_string}"},"query-input":{"@type":"PropertyValueSpecification","valueRequired":true,"valueName":"search_term_string"}}],"inLanguage":"fr-FR"},{"@type":"Organization","@id":"https:\/\/kapitalis.com\/tunisie\/#organization","name":"Kapitalis","url":"https:\/\/kapitalis.com\/tunisie\/","logo":{"@type":"ImageObject","inLanguage":"fr-FR","@id":"https:\/\/kapitalis.com\/tunisie\/#\/schema\/logo\/image\/","url":"https:\/\/kapitalis.com\/tunisie\/wp-content\/uploads\/2022\/05\/Kapitalis-big-size.png","contentUrl":"https:\/\/kapitalis.com\/tunisie\/wp-content\/uploads\/2022\/05\/Kapitalis-big-size.png","width":5000,"height":1500,"caption":"Kapitalis"},"image":{"@id":"https:\/\/kapitalis.com\/tunisie\/#\/schema\/logo\/image\/"},"sameAs":["https:\/\/www.facebook.com\/KapitalisInfo\/","https:\/\/x.com\/KapitalisInfo","https:\/\/www.youtube.com\/channel\/UC-yDYrHyfFBWWZaOw3FPg9Q"]},{"@type":"Person","@id":"https:\/\/kapitalis.com\/tunisie\/#\/schema\/person\/74bbde0154d49d790a92aaeac5bc01d5","name":"Yusra NY","url":"https:\/\/kapitalis.com\/tunisie\/author\/yuza_adam\/"}]}},"_links":{"self":[{"href":"https:\/\/kapitalis.com\/tunisie\/wp-json\/wp\/v2\/posts\/7655279","targetHints":{"allow":["GET"]}}],"collection":[{"href":"https:\/\/kapitalis.com\/tunisie\/wp-json\/wp\/v2\/posts"}],"about":[{"href":"https:\/\/kapitalis.com\/tunisie\/wp-json\/wp\/v2\/types\/post"}],"author":[{"embeddable":true,"href":"https:\/\/kapitalis.com\/tunisie\/wp-json\/wp\/v2\/users\/6"}],"replies":[{"embeddable":true,"href":"https:\/\/kapitalis.com\/tunisie\/wp-json\/wp\/v2\/comments?post=7655279"}],"version-history":[{"count":2,"href":"https:\/\/kapitalis.com\/tunisie\/wp-json\/wp\/v2\/posts\/7655279\/revisions"}],"predecessor-version":[{"id":7655511,"href":"https:\/\/kapitalis.com\/tunisie\/wp-json\/wp\/v2\/posts\/7655279\/revisions\/7655511"}],"wp:featuredmedia":[{"embeddable":true,"href":"https:\/\/kapitalis.com\/tunisie\/wp-json\/wp\/v2\/media\/7655487"}],"wp:attachment":[{"href":"https:\/\/kapitalis.com\/tunisie\/wp-json\/wp\/v2\/media?parent=7655279"}],"wp:term":[{"taxonomy":"category","embeddable":true,"href":"https:\/\/kapitalis.com\/tunisie\/wp-json\/wp\/v2\/categories?post=7655279"},{"taxonomy":"post_tag","embeddable":true,"href":"https:\/\/kapitalis.com\/tunisie\/wp-json\/wp\/v2\/tags?post=7655279"}],"curies":[{"name":"wp","href":"https:\/\/api.w.org\/{rel}","templated":true}]}}