{"id":7662831,"date":"2023-04-29T09:43:57","date_gmt":"2023-04-29T08:43:57","guid":{"rendered":"https:\/\/kapitalis.com\/tunisie\/?p=7662831"},"modified":"2023-04-29T09:43:59","modified_gmt":"2023-04-29T08:43:59","slug":"journee-internationale-du-jazz-un-programme-de-cooperation-entre-la-tunisie-et-la-belgique","status":"publish","type":"post","link":"https:\/\/kapitalis.com\/tunisie\/2023\/04\/29\/journee-internationale-du-jazz-un-programme-de-cooperation-entre-la-tunisie-et-la-belgique\/","title":{"rendered":"Journ\u00e9e internationale du Jazz : Un programme de coop\u00e9ration entre la Tunisie et la Belgique"},"content":{"rendered":"\n<p><em><strong>Dans le cadre de la c\u00e9l\u00e9bration de la Journ\u00e9e mondiale du Jazz, le label tunisien Jazzit Records\u00a0\u00bb et le label belge \u00ab\u00a0Igloo\u00a0\u00bb viennent d&rsquo;annoncer leur partenariat afin de renforcer les \u00e9changes entre les artistes tunisiens et belges.<\/strong><\/em><\/p>\n\n\n\n<!--more-->\n\n\n\n<p>La Journ\u00e9e mondiale du Jazz est c\u00e9l\u00e9br\u00e9e le 30 avril de chaque ann\u00e9e depuis 2011 pour mettre en avant la musique Jazz dans toute sa diversit\u00e9. A cette occasion, \u00ab\u00a0Jazzit Records\u00a0\u00bb, premier label Jazz en Tunisie, et \u00ab\u00a0Igloo\u00a0\u00bb, l&rsquo;un des labels les plus importants en Europe, s&rsquo;associent autour d&rsquo;un programme de collaborations artistiques et techniques qui a pour but de cr\u00e9er des liens entre des artistes des deux rives de la M\u00e9diterran\u00e9e, et notamment les artistes tunisiens et belges.<\/p>\n\n\n\n<p>Ce partenariat a \u00e9t\u00e9 rendu possible gr\u00e2ce \u00e0 l\u2019impulsion de la D\u00e9l\u00e9gation g\u00e9n\u00e9rale Wallonie-Bruxelles en Tunisie pour rapprocher Daniel Sotiaux, fondateur et pr\u00e9sident d\u2019igloo, et Malek Lakhoua, fondateur de Jazzit Records.<\/p>\n\n\n\n<p>\u00ab<em> igloo Records est heureux d\u2019appuyer les projets du jeune label Jazzit et de, gr\u00e2ce \u00e0 la force de son initiateur, Malek Lakhoua, d\u00e9velopper des nouveaux projets, des rencontres inspirantes <\/em>\u00bb indique Daniel Sotiaux pr\u00e9sident de igloo.<\/p>\n","protected":false},"excerpt":{"rendered":"<p>Dans le cadre de la c\u00e9l\u00e9bration de la Journ\u00e9e mondiale du Jazz, le label tunisien Jazzit Records\u00a0\u00bb et le label belge \u00ab\u00a0Igloo\u00a0\u00bb viennent d&rsquo;annoncer leur partenariat afin de renforcer les \u00e9changes entre les artistes tunisiens et belges.<\/p>\n","protected":false},"author":26,"featured_media":7663208,"comment_status":"open","ping_status":"open","sticky":false,"template":"","format":"standard","meta":{"footnotes":""},"categories":[994,2433],"tags":[138,108289,86901,100390,89774,95664,62643],"class_list":["post-7662831","post","type-post","status-publish","format-standard","has-post-thumbnail","hentry","category-culture","category-tunisie","tag-belgique","tag-igloo","tag-jazz-tunisien","tag-jazzit-records-3","tag-journee-mondiale-du-jazz","tag-malek-lakhoua","tag-tunisie"],"yoast_head":"<!-- This site is optimized with the Yoast SEO plugin v26.6 - https:\/\/yoast.com\/wordpress\/plugins\/seo\/ -->\n<title>Journ\u00e9e internationale du Jazz : Un programme de coop\u00e9ration entre la Tunisie et la Belgique - Kapitalis<\/title>\n<meta name=\"robots\" content=\"index, follow, max-snippet:-1, max-image-preview:large, max-video-preview:-1\" \/>\n<link rel=\"canonical\" href=\"https:\/\/kapitalis.com\/tunisie\/2023\/04\/29\/journee-internationale-du-jazz-un-programme-de-cooperation-entre-la-tunisie-et-la-belgique\/\" \/>\n<meta property=\"og:locale\" content=\"fr_FR\" \/>\n<meta property=\"og:type\" content=\"article\" \/>\n<meta property=\"og:title\" content=\"Journ\u00e9e internationale du Jazz : Un programme de coop\u00e9ration entre la Tunisie et la Belgique - Kapitalis\" \/>\n<meta property=\"og:description\" content=\"Dans le cadre de la c\u00e9l\u00e9bration de la Journ\u00e9e mondiale du Jazz, le label tunisien Jazzit Records\u00a0\u00bb et le label belge \u00ab\u00a0Igloo\u00a0\u00bb viennent d&rsquo;annoncer leur partenariat afin de renforcer les \u00e9changes entre les artistes tunisiens et belges.\" \/>\n<meta property=\"og:url\" content=\"https:\/\/kapitalis.com\/tunisie\/2023\/04\/29\/journee-internationale-du-jazz-un-programme-de-cooperation-entre-la-tunisie-et-la-belgique\/\" \/>\n<meta property=\"og:site_name\" content=\"Kapitalis\" \/>\n<meta property=\"article:publisher\" content=\"https:\/\/www.facebook.com\/KapitalisInfo\/\" \/>\n<meta property=\"article:published_time\" content=\"2023-04-29T08:43:57+00:00\" \/>\n<meta property=\"article:modified_time\" content=\"2023-04-29T08:43:59+00:00\" \/>\n<meta property=\"og:image\" content=\"https:\/\/kapitalis.com\/tunisie\/wp-content\/uploads\/2023\/04\/Igloo-Jazzit-Records.jpg\" \/>\n\t<meta property=\"og:image:width\" content=\"1200\" \/>\n\t<meta property=\"og:image:height\" content=\"630\" \/>\n\t<meta property=\"og:image:type\" content=\"image\/jpeg\" \/>\n<meta name=\"author\" content=\"Fawz BenAli\" \/>\n<meta name=\"twitter:card\" content=\"summary_large_image\" \/>\n<meta name=\"twitter:creator\" content=\"@KapitalisInfo\" \/>\n<meta name=\"twitter:site\" content=\"@KapitalisInfo\" \/>\n<meta name=\"twitter:label1\" content=\"\u00c9crit par\" \/>\n\t<meta name=\"twitter:data1\" content=\"Fawz BenAli\" \/>\n\t<meta name=\"twitter:label2\" content=\"Dur\u00e9e de lecture estim\u00e9e\" \/>\n\t<meta name=\"twitter:data2\" content=\"1 minute\" \/>\n<script type=\"application\/ld+json\" class=\"yoast-schema-graph\">{\"@context\":\"https:\/\/schema.org\",\"@graph\":[{\"@type\":\"Article\",\"@id\":\"https:\/\/kapitalis.com\/tunisie\/2023\/04\/29\/journee-internationale-du-jazz-un-programme-de-cooperation-entre-la-tunisie-et-la-belgique\/#article\",\"isPartOf\":{\"@id\":\"https:\/\/kapitalis.com\/tunisie\/2023\/04\/29\/journee-internationale-du-jazz-un-programme-de-cooperation-entre-la-tunisie-et-la-belgique\/\"},\"author\":{\"name\":\"Fawz BenAli\",\"@id\":\"https:\/\/kapitalis.com\/tunisie\/#\/schema\/person\/73a5ecc1f6ae540c6ed91342eadca948\"},\"headline\":\"Journ\u00e9e internationale du Jazz : Un programme de coop\u00e9ration entre la Tunisie et la Belgique\",\"datePublished\":\"2023-04-29T08:43:57+00:00\",\"dateModified\":\"2023-04-29T08:43:59+00:00\",\"mainEntityOfPage\":{\"@id\":\"https:\/\/kapitalis.com\/tunisie\/2023\/04\/29\/journee-internationale-du-jazz-un-programme-de-cooperation-entre-la-tunisie-et-la-belgique\/\"},\"wordCount\":217,\"commentCount\":0,\"publisher\":{\"@id\":\"https:\/\/kapitalis.com\/tunisie\/#organization\"},\"image\":{\"@id\":\"https:\/\/kapitalis.com\/tunisie\/2023\/04\/29\/journee-internationale-du-jazz-un-programme-de-cooperation-entre-la-tunisie-et-la-belgique\/#primaryimage\"},\"thumbnailUrl\":\"https:\/\/kapitalis.com\/tunisie\/wp-content\/uploads\/2023\/04\/Igloo-Jazzit-Records.jpg\",\"keywords\":[\"Belgique\",\"igloo\",\"Jazz tunisien\",\"Jazzit Records\",\"Journ\u00e9e mondiale du Jazz\",\"Malek Lakhoua\",\"Tunisie\"],\"articleSection\":[\"CULTURE\",\"Tunisie\"],\"inLanguage\":\"fr-FR\",\"potentialAction\":[{\"@type\":\"CommentAction\",\"name\":\"Comment\",\"target\":[\"https:\/\/kapitalis.com\/tunisie\/2023\/04\/29\/journee-internationale-du-jazz-un-programme-de-cooperation-entre-la-tunisie-et-la-belgique\/#respond\"]}]},{\"@type\":\"WebPage\",\"@id\":\"https:\/\/kapitalis.com\/tunisie\/2023\/04\/29\/journee-internationale-du-jazz-un-programme-de-cooperation-entre-la-tunisie-et-la-belgique\/\",\"url\":\"https:\/\/kapitalis.com\/tunisie\/2023\/04\/29\/journee-internationale-du-jazz-un-programme-de-cooperation-entre-la-tunisie-et-la-belgique\/\",\"name\":\"Journ\u00e9e internationale du Jazz : Un programme de coop\u00e9ration entre la Tunisie et la Belgique - Kapitalis\",\"isPartOf\":{\"@id\":\"https:\/\/kapitalis.com\/tunisie\/#website\"},\"primaryImageOfPage\":{\"@id\":\"https:\/\/kapitalis.com\/tunisie\/2023\/04\/29\/journee-internationale-du-jazz-un-programme-de-cooperation-entre-la-tunisie-et-la-belgique\/#primaryimage\"},\"image\":{\"@id\":\"https:\/\/kapitalis.com\/tunisie\/2023\/04\/29\/journee-internationale-du-jazz-un-programme-de-cooperation-entre-la-tunisie-et-la-belgique\/#primaryimage\"},\"thumbnailUrl\":\"https:\/\/kapitalis.com\/tunisie\/wp-content\/uploads\/2023\/04\/Igloo-Jazzit-Records.jpg\",\"datePublished\":\"2023-04-29T08:43:57+00:00\",\"dateModified\":\"2023-04-29T08:43:59+00:00\",\"breadcrumb\":{\"@id\":\"https:\/\/kapitalis.com\/tunisie\/2023\/04\/29\/journee-internationale-du-jazz-un-programme-de-cooperation-entre-la-tunisie-et-la-belgique\/#breadcrumb\"},\"inLanguage\":\"fr-FR\",\"potentialAction\":[{\"@type\":\"ReadAction\",\"target\":[\"https:\/\/kapitalis.com\/tunisie\/2023\/04\/29\/journee-internationale-du-jazz-un-programme-de-cooperation-entre-la-tunisie-et-la-belgique\/\"]}]},{\"@type\":\"ImageObject\",\"inLanguage\":\"fr-FR\",\"@id\":\"https:\/\/kapitalis.com\/tunisie\/2023\/04\/29\/journee-internationale-du-jazz-un-programme-de-cooperation-entre-la-tunisie-et-la-belgique\/#primaryimage\",\"url\":\"https:\/\/kapitalis.com\/tunisie\/wp-content\/uploads\/2023\/04\/Igloo-Jazzit-Records.jpg\",\"contentUrl\":\"https:\/\/kapitalis.com\/tunisie\/wp-content\/uploads\/2023\/04\/Igloo-Jazzit-Records.jpg\",\"width\":1200,\"height\":630},{\"@type\":\"BreadcrumbList\",\"@id\":\"https:\/\/kapitalis.com\/tunisie\/2023\/04\/29\/journee-internationale-du-jazz-un-programme-de-cooperation-entre-la-tunisie-et-la-belgique\/#breadcrumb\",\"itemListElement\":[{\"@type\":\"ListItem\",\"position\":1,\"name\":\"Accueil\",\"item\":\"https:\/\/kapitalis.com\/tunisie\/\"},{\"@type\":\"ListItem\",\"position\":2,\"name\":\"Journ\u00e9e internationale du Jazz : Un programme de coop\u00e9ration entre la Tunisie et la Belgique\"}]},{\"@type\":\"WebSite\",\"@id\":\"https:\/\/kapitalis.com\/tunisie\/#website\",\"url\":\"https:\/\/kapitalis.com\/tunisie\/\",\"name\":\"Kapitalis\",\"description\":\"L&#039;actualit\u00e9 en Tunisie et dans le monde\",\"publisher\":{\"@id\":\"https:\/\/kapitalis.com\/tunisie\/#organization\"},\"potentialAction\":[{\"@type\":\"SearchAction\",\"target\":{\"@type\":\"EntryPoint\",\"urlTemplate\":\"https:\/\/kapitalis.com\/tunisie\/?s={search_term_string}\"},\"query-input\":{\"@type\":\"PropertyValueSpecification\",\"valueRequired\":true,\"valueName\":\"search_term_string\"}}],\"inLanguage\":\"fr-FR\"},{\"@type\":\"Organization\",\"@id\":\"https:\/\/kapitalis.com\/tunisie\/#organization\",\"name\":\"Kapitalis\",\"url\":\"https:\/\/kapitalis.com\/tunisie\/\",\"logo\":{\"@type\":\"ImageObject\",\"inLanguage\":\"fr-FR\",\"@id\":\"https:\/\/kapitalis.com\/tunisie\/#\/schema\/logo\/image\/\",\"url\":\"https:\/\/kapitalis.com\/tunisie\/wp-content\/uploads\/2022\/05\/Kapitalis-big-size.png\",\"contentUrl\":\"https:\/\/kapitalis.com\/tunisie\/wp-content\/uploads\/2022\/05\/Kapitalis-big-size.png\",\"width\":5000,\"height\":1500,\"caption\":\"Kapitalis\"},\"image\":{\"@id\":\"https:\/\/kapitalis.com\/tunisie\/#\/schema\/logo\/image\/\"},\"sameAs\":[\"https:\/\/www.facebook.com\/KapitalisInfo\/\",\"https:\/\/x.com\/KapitalisInfo\",\"https:\/\/www.youtube.com\/channel\/UC-yDYrHyfFBWWZaOw3FPg9Q\"]},{\"@type\":\"Person\",\"@id\":\"https:\/\/kapitalis.com\/tunisie\/#\/schema\/person\/73a5ecc1f6ae540c6ed91342eadca948\",\"name\":\"Fawz BenAli\",\"url\":\"https:\/\/kapitalis.com\/tunisie\/author\/fawz\/\"}]}<\/script>\n<!-- \/ Yoast SEO plugin. -->","yoast_head_json":{"title":"Journ\u00e9e internationale du Jazz : Un programme de coop\u00e9ration entre la Tunisie et la Belgique - Kapitalis","robots":{"index":"index","follow":"follow","max-snippet":"max-snippet:-1","max-image-preview":"max-image-preview:large","max-video-preview":"max-video-preview:-1"},"canonical":"https:\/\/kapitalis.com\/tunisie\/2023\/04\/29\/journee-internationale-du-jazz-un-programme-de-cooperation-entre-la-tunisie-et-la-belgique\/","og_locale":"fr_FR","og_type":"article","og_title":"Journ\u00e9e internationale du Jazz : Un programme de coop\u00e9ration entre la Tunisie et la Belgique - Kapitalis","og_description":"Dans le cadre de la c\u00e9l\u00e9bration de la Journ\u00e9e mondiale du Jazz, le label tunisien Jazzit Records\u00a0\u00bb et le label belge \u00ab\u00a0Igloo\u00a0\u00bb viennent d&rsquo;annoncer leur partenariat afin de renforcer les \u00e9changes entre les artistes tunisiens et belges.","og_url":"https:\/\/kapitalis.com\/tunisie\/2023\/04\/29\/journee-internationale-du-jazz-un-programme-de-cooperation-entre-la-tunisie-et-la-belgique\/","og_site_name":"Kapitalis","article_publisher":"https:\/\/www.facebook.com\/KapitalisInfo\/","article_published_time":"2023-04-29T08:43:57+00:00","article_modified_time":"2023-04-29T08:43:59+00:00","og_image":[{"width":1200,"height":630,"url":"https:\/\/kapitalis.com\/tunisie\/wp-content\/uploads\/2023\/04\/Igloo-Jazzit-Records.jpg","type":"image\/jpeg"}],"author":"Fawz BenAli","twitter_card":"summary_large_image","twitter_creator":"@KapitalisInfo","twitter_site":"@KapitalisInfo","twitter_misc":{"\u00c9crit par":"Fawz BenAli","Dur\u00e9e de lecture estim\u00e9e":"1 minute"},"schema":{"@context":"https:\/\/schema.org","@graph":[{"@type":"Article","@id":"https:\/\/kapitalis.com\/tunisie\/2023\/04\/29\/journee-internationale-du-jazz-un-programme-de-cooperation-entre-la-tunisie-et-la-belgique\/#article","isPartOf":{"@id":"https:\/\/kapitalis.com\/tunisie\/2023\/04\/29\/journee-internationale-du-jazz-un-programme-de-cooperation-entre-la-tunisie-et-la-belgique\/"},"author":{"name":"Fawz BenAli","@id":"https:\/\/kapitalis.com\/tunisie\/#\/schema\/person\/73a5ecc1f6ae540c6ed91342eadca948"},"headline":"Journ\u00e9e internationale du Jazz : Un programme de coop\u00e9ration entre la Tunisie et la Belgique","datePublished":"2023-04-29T08:43:57+00:00","dateModified":"2023-04-29T08:43:59+00:00","mainEntityOfPage":{"@id":"https:\/\/kapitalis.com\/tunisie\/2023\/04\/29\/journee-internationale-du-jazz-un-programme-de-cooperation-entre-la-tunisie-et-la-belgique\/"},"wordCount":217,"commentCount":0,"publisher":{"@id":"https:\/\/kapitalis.com\/tunisie\/#organization"},"image":{"@id":"https:\/\/kapitalis.com\/tunisie\/2023\/04\/29\/journee-internationale-du-jazz-un-programme-de-cooperation-entre-la-tunisie-et-la-belgique\/#primaryimage"},"thumbnailUrl":"https:\/\/kapitalis.com\/tunisie\/wp-content\/uploads\/2023\/04\/Igloo-Jazzit-Records.jpg","keywords":["Belgique","igloo","Jazz tunisien","Jazzit Records","Journ\u00e9e mondiale du Jazz","Malek Lakhoua","Tunisie"],"articleSection":["CULTURE","Tunisie"],"inLanguage":"fr-FR","potentialAction":[{"@type":"CommentAction","name":"Comment","target":["https:\/\/kapitalis.com\/tunisie\/2023\/04\/29\/journee-internationale-du-jazz-un-programme-de-cooperation-entre-la-tunisie-et-la-belgique\/#respond"]}]},{"@type":"WebPage","@id":"https:\/\/kapitalis.com\/tunisie\/2023\/04\/29\/journee-internationale-du-jazz-un-programme-de-cooperation-entre-la-tunisie-et-la-belgique\/","url":"https:\/\/kapitalis.com\/tunisie\/2023\/04\/29\/journee-internationale-du-jazz-un-programme-de-cooperation-entre-la-tunisie-et-la-belgique\/","name":"Journ\u00e9e internationale du Jazz : Un programme de coop\u00e9ration entre la Tunisie et la Belgique - Kapitalis","isPartOf":{"@id":"https:\/\/kapitalis.com\/tunisie\/#website"},"primaryImageOfPage":{"@id":"https:\/\/kapitalis.com\/tunisie\/2023\/04\/29\/journee-internationale-du-jazz-un-programme-de-cooperation-entre-la-tunisie-et-la-belgique\/#primaryimage"},"image":{"@id":"https:\/\/kapitalis.com\/tunisie\/2023\/04\/29\/journee-internationale-du-jazz-un-programme-de-cooperation-entre-la-tunisie-et-la-belgique\/#primaryimage"},"thumbnailUrl":"https:\/\/kapitalis.com\/tunisie\/wp-content\/uploads\/2023\/04\/Igloo-Jazzit-Records.jpg","datePublished":"2023-04-29T08:43:57+00:00","dateModified":"2023-04-29T08:43:59+00:00","breadcrumb":{"@id":"https:\/\/kapitalis.com\/tunisie\/2023\/04\/29\/journee-internationale-du-jazz-un-programme-de-cooperation-entre-la-tunisie-et-la-belgique\/#breadcrumb"},"inLanguage":"fr-FR","potentialAction":[{"@type":"ReadAction","target":["https:\/\/kapitalis.com\/tunisie\/2023\/04\/29\/journee-internationale-du-jazz-un-programme-de-cooperation-entre-la-tunisie-et-la-belgique\/"]}]},{"@type":"ImageObject","inLanguage":"fr-FR","@id":"https:\/\/kapitalis.com\/tunisie\/2023\/04\/29\/journee-internationale-du-jazz-un-programme-de-cooperation-entre-la-tunisie-et-la-belgique\/#primaryimage","url":"https:\/\/kapitalis.com\/tunisie\/wp-content\/uploads\/2023\/04\/Igloo-Jazzit-Records.jpg","contentUrl":"https:\/\/kapitalis.com\/tunisie\/wp-content\/uploads\/2023\/04\/Igloo-Jazzit-Records.jpg","width":1200,"height":630},{"@type":"BreadcrumbList","@id":"https:\/\/kapitalis.com\/tunisie\/2023\/04\/29\/journee-internationale-du-jazz-un-programme-de-cooperation-entre-la-tunisie-et-la-belgique\/#breadcrumb","itemListElement":[{"@type":"ListItem","position":1,"name":"Accueil","item":"https:\/\/kapitalis.com\/tunisie\/"},{"@type":"ListItem","position":2,"name":"Journ\u00e9e internationale du Jazz : Un programme de coop\u00e9ration entre la Tunisie et la Belgique"}]},{"@type":"WebSite","@id":"https:\/\/kapitalis.com\/tunisie\/#website","url":"https:\/\/kapitalis.com\/tunisie\/","name":"Kapitalis","description":"L&#039;actualit\u00e9 en Tunisie et dans le monde","publisher":{"@id":"https:\/\/kapitalis.com\/tunisie\/#organization"},"potentialAction":[{"@type":"SearchAction","target":{"@type":"EntryPoint","urlTemplate":"https:\/\/kapitalis.com\/tunisie\/?s={search_term_string}"},"query-input":{"@type":"PropertyValueSpecification","valueRequired":true,"valueName":"search_term_string"}}],"inLanguage":"fr-FR"},{"@type":"Organization","@id":"https:\/\/kapitalis.com\/tunisie\/#organization","name":"Kapitalis","url":"https:\/\/kapitalis.com\/tunisie\/","logo":{"@type":"ImageObject","inLanguage":"fr-FR","@id":"https:\/\/kapitalis.com\/tunisie\/#\/schema\/logo\/image\/","url":"https:\/\/kapitalis.com\/tunisie\/wp-content\/uploads\/2022\/05\/Kapitalis-big-size.png","contentUrl":"https:\/\/kapitalis.com\/tunisie\/wp-content\/uploads\/2022\/05\/Kapitalis-big-size.png","width":5000,"height":1500,"caption":"Kapitalis"},"image":{"@id":"https:\/\/kapitalis.com\/tunisie\/#\/schema\/logo\/image\/"},"sameAs":["https:\/\/www.facebook.com\/KapitalisInfo\/","https:\/\/x.com\/KapitalisInfo","https:\/\/www.youtube.com\/channel\/UC-yDYrHyfFBWWZaOw3FPg9Q"]},{"@type":"Person","@id":"https:\/\/kapitalis.com\/tunisie\/#\/schema\/person\/73a5ecc1f6ae540c6ed91342eadca948","name":"Fawz BenAli","url":"https:\/\/kapitalis.com\/tunisie\/author\/fawz\/"}]}},"_links":{"self":[{"href":"https:\/\/kapitalis.com\/tunisie\/wp-json\/wp\/v2\/posts\/7662831","targetHints":{"allow":["GET"]}}],"collection":[{"href":"https:\/\/kapitalis.com\/tunisie\/wp-json\/wp\/v2\/posts"}],"about":[{"href":"https:\/\/kapitalis.com\/tunisie\/wp-json\/wp\/v2\/types\/post"}],"author":[{"embeddable":true,"href":"https:\/\/kapitalis.com\/tunisie\/wp-json\/wp\/v2\/users\/26"}],"replies":[{"embeddable":true,"href":"https:\/\/kapitalis.com\/tunisie\/wp-json\/wp\/v2\/comments?post=7662831"}],"version-history":[{"count":1,"href":"https:\/\/kapitalis.com\/tunisie\/wp-json\/wp\/v2\/posts\/7662831\/revisions"}],"predecessor-version":[{"id":7663291,"href":"https:\/\/kapitalis.com\/tunisie\/wp-json\/wp\/v2\/posts\/7662831\/revisions\/7663291"}],"wp:featuredmedia":[{"embeddable":true,"href":"https:\/\/kapitalis.com\/tunisie\/wp-json\/wp\/v2\/media\/7663208"}],"wp:attachment":[{"href":"https:\/\/kapitalis.com\/tunisie\/wp-json\/wp\/v2\/media?parent=7662831"}],"wp:term":[{"taxonomy":"category","embeddable":true,"href":"https:\/\/kapitalis.com\/tunisie\/wp-json\/wp\/v2\/categories?post=7662831"},{"taxonomy":"post_tag","embeddable":true,"href":"https:\/\/kapitalis.com\/tunisie\/wp-json\/wp\/v2\/tags?post=7662831"}],"curies":[{"name":"wp","href":"https:\/\/api.w.org\/{rel}","templated":true}]}}