{"id":76868,"date":"2016-12-27T11:09:27","date_gmt":"2016-12-27T10:09:27","guid":{"rendered":"http:\/\/kapitalis.com\/tunisie\/?p=76868"},"modified":"2016-12-27T11:09:27","modified_gmt":"2016-12-27T10:09:27","slug":"lentreprise-face-aux-enjeux-de-la-loi-de-finances-2017","status":"publish","type":"post","link":"https:\/\/kapitalis.com\/tunisie\/2016\/12\/27\/lentreprise-face-aux-enjeux-de-la-loi-de-finances-2017\/","title":{"rendered":"L\u2019entreprise face aux enjeux de la loi de finances 2017"},"content":{"rendered":"<p style=\"text-align: center;\"><img loading=\"lazy\" decoding=\"async\" class=\"alignnone size-full wp-image-76869\" src=\"http:\/\/kapitalis.com\/tunisie\/wp-content\/uploads\/2016\/12\/CTFCI-Loi-de-finances-2017.jpg\" alt=\"\" width=\"626\" height=\"380\" \/><\/p>\n<p style=\"text-align: left;\"><em><strong>La loi de finances 2017 cherche \u00e0 mettre en route un mod\u00e8le de croissance par la relance de l\u2019investissement et l\u2019encouragement de l\u2019initiative priv\u00e9e. L\u2019entreprise va-t-elle en profiter ou en p\u00e2tir?<\/strong><\/em><\/p>\n<p style=\"text-align: left;\">Par <strong>Wajdi Msaed<\/strong><\/p>\n<p style=\"text-align: left;\"><!--more--><\/p>\n<p style=\"text-align: left;\">La Chambre tuniso-fran\u00e7aise de commerce et d\u2019industrie (CTFCI) a organis\u00e9, le jeudi 22 d\u00e9cembre 2016, une rencontre-d\u00e9bat consacr\u00e9e aux enjeux que pose la loi des finances 2017 aux entreprises.<\/p>\n<p style=\"text-align: left;\">Cette rencontre <em>\u00abcl\u00f4ture une ann\u00e9e d\u2019intense activit\u00e9 du CTFCI pour assurer une meilleure promotion du site d\u2019affaires tunisien et stimuler davantage le partenariat tuniso-fran\u00e7ais\u00bb<\/em>, a indiqu\u00e9 Fouad Lakhoua, pr\u00e9sident de la CTFCI, \u00e0 l\u2019ouverture de la s\u00e9ance, anim\u00e9e par Sihem Nemsia, DG des \u00e9tudes et de la l\u00e9gislation financi\u00e8re au minist\u00e8re des Finances, et \u00e0 laquelle ont assist\u00e9 des chefs d\u2019entreprises, des experts et de hauts cadres de l\u2019administration.<\/p>\n<p style=\"text-align: left;\"><strong>P\u00e9rennit\u00e9 des finances publiques <\/strong><\/p>\n<p style=\"text-align: left;\"><em>\u00abLa loi de finances 2017 constitue un premier jalon pour favoriser la relance \u00e9conomique, consacrer la justice et l\u2019\u00e9quit\u00e9 fiscale et garantir la p\u00e9rennit\u00e9 et la soutenabilit\u00e9 des finances publiques\u00bb,<\/em> a pr\u00e9cis\u00e9 M. Lakhoua, ajoutant que cette loi <em>\u00abs\u2019inscrit dans une d\u00e9marche mesur\u00e9e permettant de ne pas r\u00e9duire fortement les d\u00e9penses ni augmenter fortement les imp\u00f4ts, tout en donnant plus de visibilit\u00e9 \u00e0 un moyen terme consid\u00e9r\u00e9, il y a quelques mois encore, comme incertain\u00bb.<\/em><\/p>\n<p style=\"text-align: left;\">La pr\u00e9sentation de ce texte de loi dans la globalit\u00e9 de ses articles, ses objectifs et son impact esp\u00e9r\u00e9 ou redout\u00e9 sur le budget de l\u2019Etat a suscit\u00e9 de nombreuses interrogations, remarques, observations et propositions de la part de l\u2019assistance.<\/p>\n<p style=\"text-align: left;\">Tout en faisant constater que l\u2019entreprise est le premier collecteur d\u2019imp\u00f4t, un intervenant a estim\u00e9 qu\u2019il y a lieu de lui faciliter la t\u00e2che et ne pas l\u2019encombrer d\u2019une lourde charge d\u2019obligation, en soulevant la question relative \u00e0 la contribution exceptionnelle conjoncturelle de 7,5% sur les b\u00e9n\u00e9fices des soci\u00e9t\u00e9s et son impact sur les entreprises totalement et partiellement exportatrices. <em>\u00abPour ces derni\u00e8res, cette contribution n\u2019est applicable que sur la partie imposable des b\u00e9n\u00e9fices\u00bb<\/em>, a-t-il soulign\u00e9.<\/p>\n<p style=\"text-align: left;\"><strong>Equit\u00e9 fiscale<\/strong><\/p>\n<p style=\"text-align: left;\">Comment assure-t-on une \u00e9quit\u00e9 fiscale entre entreprises organis\u00e9es et r\u00e9pondant aux normes de l\u2019\u00e9conomie formelle et celles qui demeurent en marge du syst\u00e8me?, s\u2019est interrog\u00e9 un autre intervenant, en proposant de revoir les dispositions relatives aux soci\u00e9t\u00e9s d\u2019investissement \u00e0 capital variable (Sicav) et touchant la valeur liquidative de leurs actions.<\/p>\n<p style=\"text-align: left;\">On s\u2019est aussi interrog\u00e9 sur l\u2019exon\u00e9ration d\u2019imp\u00f4t applicable aux compagnies d\u2019assurance et aux mutuelles, ainsi que sur la port\u00e9e de la mesure obligeant toutes les personnes exer\u00e7ant des professions lib\u00e9rales \u00e0 avoir un identifiant fiscal comme le reste des op\u00e9rateurs \u00e9conomiques.<\/p>\n<p style=\"text-align: left;\">L\u2019impact des nouvelles mesures sur le pouvoir d\u2019achat de la classe moyenne a \u00e9t\u00e9, aussi, soulev\u00e9, certains estimant que le rythme de la consommation va diminuer et que les industriels seront oblig\u00e9s de r\u00e9duire leur production, ce qui, par voie de cons\u00e9quence, va provoquer une baisse du volume des investissements et un recul de la croissance.<\/p>\n<p style=\"text-align: left;\"><em>\u00abL\u2019effet escompt\u00e9 \u00e0 travers ces mesures ne sera pas atteint\u00bb<\/em>, a conclu un chef d\u2019entreprise, qui a appel\u00e9 \u00e0 un profond assainissement du r\u00e9gime fiscal forfaitaire auquel sont soumises les personnes exer\u00e7ant des professions lib\u00e9rales (avocats, m\u00e9decins, architectes\u2026) et qui soul\u00e8ve la probl\u00e9matique du paiement en esp\u00e8ces, rappelant, \u00e0 ce propos, le rejet par l\u2019Assembl\u00e9e des repr\u00e9sentants du peuple (ARP) du projet de loi limitant ce paiement \u00e0 5.000 dinars tunisiens (DT).<\/p>\n<p style=\"text-align: left;\"><strong>Options et priorit\u00e9s<\/strong><\/p>\n<p style=\"text-align: left;\">R\u00e9pondant \u00e0 ces interrogations, Sihem Nemsia, DG des \u00e9tudes et de la l\u00e9gislation financi\u00e8re au minist\u00e8re des Finances, a not\u00e9 que la loi de finances 2017 est ax\u00e9e sur des options et des priorit\u00e9s cens\u00e9es mettre en route un mod\u00e8le de croissance par la relance de l\u2019investissement et l\u2019encouragement de l\u2019initiative priv\u00e9e. Il s\u2019agit aussi, a-t-elle expliqu\u00e9, de r\u00e9partir la charge fiscale entre les contribuables en luttant contre l\u2019\u00e9vasion fiscale et en renfor\u00e7ant les m\u00e9canismes de garanties.<\/p>\n<p style=\"text-align: left;\">Evoquant les mesures \u00e0 caract\u00e8re social, Mme Nemsia a pr\u00e9cis\u00e9 qu\u2019elles sont tributaires de l\u2019am\u00e9lioration des taux de recouvrement et du renforcement des recettes budg\u00e9taires, qui figurent parmi les objectifs prioritaires de cette loi.<\/p>\n<p style=\"text-align: left;\">Mme Nemsia a, par ailleurs, pr\u00e9cis\u00e9 que le projet de la loi de finances compl\u00e9mentaire pour l\u2019ann\u00e9e 2016 sera vot\u00e9, en pl\u00e9ni\u00e8re, par l\u2019ARP au cours de cette semaine, apr\u00e8s avoir \u00e9t\u00e9 examin\u00e9 et adopt\u00e9 par la commission des finances, de la planification et du d\u00e9veloppement.<\/p>\n","protected":false},"excerpt":{"rendered":"<p>La loi de finances 2017 cherche \u00e0 mettre en route un mod\u00e8le de croissance par la relance de l\u2019investissement et l\u2019encouragement de l\u2019initiative priv\u00e9e. L\u2019entreprise va-t-elle en profiter ou en p\u00e2tir? Par Wajdi Msaed<\/p>\n","protected":false},"author":8,"featured_media":76869,"comment_status":"open","ping_status":"open","sticky":false,"template":"","format":"standard","meta":{"footnotes":""},"categories":[992,995,2433],"tags":[8218,8219,334,26481,22544],"class_list":["post-76868","post","type-post","status-publish","format-standard","has-post-thumbnail","hentry","category-a-la-une","category-economie","category-tunisie","tag-chambre-tuniso-francaise-de-commerce-et-dindustrie","tag-ctfci","tag-entreprises","tag-fouad-lakhoua","tag-loi-de-finances-2017"],"yoast_head":"<!-- This site is optimized with the Yoast SEO plugin v26.6 - https:\/\/yoast.com\/wordpress\/plugins\/seo\/ -->\n<title>L\u2019entreprise face aux enjeux de la loi de finances 2017 - Kapitalis<\/title>\n<meta name=\"robots\" content=\"index, follow, max-snippet:-1, max-image-preview:large, max-video-preview:-1\" \/>\n<link rel=\"canonical\" href=\"https:\/\/kapitalis.com\/tunisie\/2016\/12\/27\/lentreprise-face-aux-enjeux-de-la-loi-de-finances-2017\/\" \/>\n<meta property=\"og:locale\" content=\"fr_FR\" \/>\n<meta property=\"og:type\" content=\"article\" \/>\n<meta property=\"og:title\" content=\"L\u2019entreprise face aux enjeux de la loi de finances 2017 - Kapitalis\" \/>\n<meta property=\"og:description\" content=\"La loi de finances 2017 cherche \u00e0 mettre en route un mod\u00e8le de croissance par la relance de l\u2019investissement et l\u2019encouragement de l\u2019initiative priv\u00e9e. L\u2019entreprise va-t-elle en profiter ou en p\u00e2tir? Par Wajdi Msaed\" \/>\n<meta property=\"og:url\" content=\"https:\/\/kapitalis.com\/tunisie\/2016\/12\/27\/lentreprise-face-aux-enjeux-de-la-loi-de-finances-2017\/\" \/>\n<meta property=\"og:site_name\" content=\"Kapitalis\" \/>\n<meta property=\"article:publisher\" content=\"https:\/\/www.facebook.com\/KapitalisInfo\/\" \/>\n<meta property=\"article:published_time\" content=\"2016-12-27T10:09:27+00:00\" \/>\n<meta property=\"og:image\" content=\"https:\/\/kapitalis.com\/tunisie\/wp-content\/uploads\/2022\/05\/kapitalis-logo-fb.png\" \/>\n\t<meta property=\"og:image:width\" content=\"1200\" \/>\n\t<meta property=\"og:image:height\" content=\"630\" \/>\n\t<meta property=\"og:image:type\" content=\"image\/png\" \/>\n<meta name=\"author\" content=\"webmaster kapitalis\" \/>\n<meta name=\"twitter:card\" content=\"summary_large_image\" \/>\n<meta name=\"twitter:creator\" content=\"@KapitalisInfo\" \/>\n<meta name=\"twitter:site\" content=\"@KapitalisInfo\" \/>\n<meta name=\"twitter:label1\" content=\"\u00c9crit par\" \/>\n\t<meta name=\"twitter:data1\" content=\"webmaster kapitalis\" \/>\n\t<meta name=\"twitter:label2\" content=\"Dur\u00e9e de lecture estim\u00e9e\" \/>\n\t<meta name=\"twitter:data2\" content=\"4 minutes\" \/>\n<script type=\"application\/ld+json\" class=\"yoast-schema-graph\">{\"@context\":\"https:\/\/schema.org\",\"@graph\":[{\"@type\":\"Article\",\"@id\":\"https:\/\/kapitalis.com\/tunisie\/2016\/12\/27\/lentreprise-face-aux-enjeux-de-la-loi-de-finances-2017\/#article\",\"isPartOf\":{\"@id\":\"https:\/\/kapitalis.com\/tunisie\/2016\/12\/27\/lentreprise-face-aux-enjeux-de-la-loi-de-finances-2017\/\"},\"author\":{\"name\":\"webmaster kapitalis\",\"@id\":\"https:\/\/kapitalis.com\/tunisie\/#\/schema\/person\/d71f33a9ca44f7bad4698210b480c8e9\"},\"headline\":\"L\u2019entreprise face aux enjeux de la loi de finances 2017\",\"datePublished\":\"2016-12-27T10:09:27+00:00\",\"mainEntityOfPage\":{\"@id\":\"https:\/\/kapitalis.com\/tunisie\/2016\/12\/27\/lentreprise-face-aux-enjeux-de-la-loi-de-finances-2017\/\"},\"wordCount\":820,\"commentCount\":1,\"publisher\":{\"@id\":\"https:\/\/kapitalis.com\/tunisie\/#organization\"},\"image\":{\"@id\":\"https:\/\/kapitalis.com\/tunisie\/2016\/12\/27\/lentreprise-face-aux-enjeux-de-la-loi-de-finances-2017\/#primaryimage\"},\"thumbnailUrl\":\"\",\"keywords\":[\"Chambre tuniso-fran\u00e7aise de commerce et d'industrie\",\"CTFCI\",\"entreprises\",\"Fouad Lakhoua\",\"Loi de Finances 2017\"],\"articleSection\":[\"A LA UNE\",\"ECONOMIE\",\"Tunisie\"],\"inLanguage\":\"fr-FR\",\"potentialAction\":[{\"@type\":\"CommentAction\",\"name\":\"Comment\",\"target\":[\"https:\/\/kapitalis.com\/tunisie\/2016\/12\/27\/lentreprise-face-aux-enjeux-de-la-loi-de-finances-2017\/#respond\"]}]},{\"@type\":\"WebPage\",\"@id\":\"https:\/\/kapitalis.com\/tunisie\/2016\/12\/27\/lentreprise-face-aux-enjeux-de-la-loi-de-finances-2017\/\",\"url\":\"https:\/\/kapitalis.com\/tunisie\/2016\/12\/27\/lentreprise-face-aux-enjeux-de-la-loi-de-finances-2017\/\",\"name\":\"L\u2019entreprise face aux enjeux de la loi de finances 2017 - Kapitalis\",\"isPartOf\":{\"@id\":\"https:\/\/kapitalis.com\/tunisie\/#website\"},\"primaryImageOfPage\":{\"@id\":\"https:\/\/kapitalis.com\/tunisie\/2016\/12\/27\/lentreprise-face-aux-enjeux-de-la-loi-de-finances-2017\/#primaryimage\"},\"image\":{\"@id\":\"https:\/\/kapitalis.com\/tunisie\/2016\/12\/27\/lentreprise-face-aux-enjeux-de-la-loi-de-finances-2017\/#primaryimage\"},\"thumbnailUrl\":\"\",\"datePublished\":\"2016-12-27T10:09:27+00:00\",\"breadcrumb\":{\"@id\":\"https:\/\/kapitalis.com\/tunisie\/2016\/12\/27\/lentreprise-face-aux-enjeux-de-la-loi-de-finances-2017\/#breadcrumb\"},\"inLanguage\":\"fr-FR\",\"potentialAction\":[{\"@type\":\"ReadAction\",\"target\":[\"https:\/\/kapitalis.com\/tunisie\/2016\/12\/27\/lentreprise-face-aux-enjeux-de-la-loi-de-finances-2017\/\"]}]},{\"@type\":\"ImageObject\",\"inLanguage\":\"fr-FR\",\"@id\":\"https:\/\/kapitalis.com\/tunisie\/2016\/12\/27\/lentreprise-face-aux-enjeux-de-la-loi-de-finances-2017\/#primaryimage\",\"url\":\"\",\"contentUrl\":\"\"},{\"@type\":\"BreadcrumbList\",\"@id\":\"https:\/\/kapitalis.com\/tunisie\/2016\/12\/27\/lentreprise-face-aux-enjeux-de-la-loi-de-finances-2017\/#breadcrumb\",\"itemListElement\":[{\"@type\":\"ListItem\",\"position\":1,\"name\":\"Accueil\",\"item\":\"https:\/\/kapitalis.com\/tunisie\/\"},{\"@type\":\"ListItem\",\"position\":2,\"name\":\"L\u2019entreprise face aux enjeux de la loi de finances 2017\"}]},{\"@type\":\"WebSite\",\"@id\":\"https:\/\/kapitalis.com\/tunisie\/#website\",\"url\":\"https:\/\/kapitalis.com\/tunisie\/\",\"name\":\"Kapitalis\",\"description\":\"L&#039;actualit\u00e9 en Tunisie et dans le monde\",\"publisher\":{\"@id\":\"https:\/\/kapitalis.com\/tunisie\/#organization\"},\"potentialAction\":[{\"@type\":\"SearchAction\",\"target\":{\"@type\":\"EntryPoint\",\"urlTemplate\":\"https:\/\/kapitalis.com\/tunisie\/?s={search_term_string}\"},\"query-input\":{\"@type\":\"PropertyValueSpecification\",\"valueRequired\":true,\"valueName\":\"search_term_string\"}}],\"inLanguage\":\"fr-FR\"},{\"@type\":\"Organization\",\"@id\":\"https:\/\/kapitalis.com\/tunisie\/#organization\",\"name\":\"Kapitalis\",\"url\":\"https:\/\/kapitalis.com\/tunisie\/\",\"logo\":{\"@type\":\"ImageObject\",\"inLanguage\":\"fr-FR\",\"@id\":\"https:\/\/kapitalis.com\/tunisie\/#\/schema\/logo\/image\/\",\"url\":\"https:\/\/kapitalis.com\/tunisie\/wp-content\/uploads\/2022\/05\/Kapitalis-big-size.png\",\"contentUrl\":\"https:\/\/kapitalis.com\/tunisie\/wp-content\/uploads\/2022\/05\/Kapitalis-big-size.png\",\"width\":5000,\"height\":1500,\"caption\":\"Kapitalis\"},\"image\":{\"@id\":\"https:\/\/kapitalis.com\/tunisie\/#\/schema\/logo\/image\/\"},\"sameAs\":[\"https:\/\/www.facebook.com\/KapitalisInfo\/\",\"https:\/\/x.com\/KapitalisInfo\",\"https:\/\/www.youtube.com\/channel\/UC-yDYrHyfFBWWZaOw3FPg9Q\"]},{\"@type\":\"Person\",\"@id\":\"https:\/\/kapitalis.com\/tunisie\/#\/schema\/person\/d71f33a9ca44f7bad4698210b480c8e9\",\"name\":\"webmaster kapitalis\",\"url\":\"https:\/\/kapitalis.com\/tunisie\/author\/webmaster-kapitalis\/\"}]}<\/script>\n<!-- \/ Yoast SEO plugin. -->","yoast_head_json":{"title":"L\u2019entreprise face aux enjeux de la loi de finances 2017 - Kapitalis","robots":{"index":"index","follow":"follow","max-snippet":"max-snippet:-1","max-image-preview":"max-image-preview:large","max-video-preview":"max-video-preview:-1"},"canonical":"https:\/\/kapitalis.com\/tunisie\/2016\/12\/27\/lentreprise-face-aux-enjeux-de-la-loi-de-finances-2017\/","og_locale":"fr_FR","og_type":"article","og_title":"L\u2019entreprise face aux enjeux de la loi de finances 2017 - Kapitalis","og_description":"La loi de finances 2017 cherche \u00e0 mettre en route un mod\u00e8le de croissance par la relance de l\u2019investissement et l\u2019encouragement de l\u2019initiative priv\u00e9e. L\u2019entreprise va-t-elle en profiter ou en p\u00e2tir? Par Wajdi Msaed","og_url":"https:\/\/kapitalis.com\/tunisie\/2016\/12\/27\/lentreprise-face-aux-enjeux-de-la-loi-de-finances-2017\/","og_site_name":"Kapitalis","article_publisher":"https:\/\/www.facebook.com\/KapitalisInfo\/","article_published_time":"2016-12-27T10:09:27+00:00","og_image":[{"width":1200,"height":630,"url":"https:\/\/kapitalis.com\/tunisie\/wp-content\/uploads\/2022\/05\/kapitalis-logo-fb.png","type":"image\/png"}],"author":"webmaster kapitalis","twitter_card":"summary_large_image","twitter_creator":"@KapitalisInfo","twitter_site":"@KapitalisInfo","twitter_misc":{"\u00c9crit par":"webmaster kapitalis","Dur\u00e9e de lecture estim\u00e9e":"4 minutes"},"schema":{"@context":"https:\/\/schema.org","@graph":[{"@type":"Article","@id":"https:\/\/kapitalis.com\/tunisie\/2016\/12\/27\/lentreprise-face-aux-enjeux-de-la-loi-de-finances-2017\/#article","isPartOf":{"@id":"https:\/\/kapitalis.com\/tunisie\/2016\/12\/27\/lentreprise-face-aux-enjeux-de-la-loi-de-finances-2017\/"},"author":{"name":"webmaster kapitalis","@id":"https:\/\/kapitalis.com\/tunisie\/#\/schema\/person\/d71f33a9ca44f7bad4698210b480c8e9"},"headline":"L\u2019entreprise face aux enjeux de la loi de finances 2017","datePublished":"2016-12-27T10:09:27+00:00","mainEntityOfPage":{"@id":"https:\/\/kapitalis.com\/tunisie\/2016\/12\/27\/lentreprise-face-aux-enjeux-de-la-loi-de-finances-2017\/"},"wordCount":820,"commentCount":1,"publisher":{"@id":"https:\/\/kapitalis.com\/tunisie\/#organization"},"image":{"@id":"https:\/\/kapitalis.com\/tunisie\/2016\/12\/27\/lentreprise-face-aux-enjeux-de-la-loi-de-finances-2017\/#primaryimage"},"thumbnailUrl":"","keywords":["Chambre tuniso-fran\u00e7aise de commerce et d'industrie","CTFCI","entreprises","Fouad Lakhoua","Loi de Finances 2017"],"articleSection":["A LA UNE","ECONOMIE","Tunisie"],"inLanguage":"fr-FR","potentialAction":[{"@type":"CommentAction","name":"Comment","target":["https:\/\/kapitalis.com\/tunisie\/2016\/12\/27\/lentreprise-face-aux-enjeux-de-la-loi-de-finances-2017\/#respond"]}]},{"@type":"WebPage","@id":"https:\/\/kapitalis.com\/tunisie\/2016\/12\/27\/lentreprise-face-aux-enjeux-de-la-loi-de-finances-2017\/","url":"https:\/\/kapitalis.com\/tunisie\/2016\/12\/27\/lentreprise-face-aux-enjeux-de-la-loi-de-finances-2017\/","name":"L\u2019entreprise face aux enjeux de la loi de finances 2017 - Kapitalis","isPartOf":{"@id":"https:\/\/kapitalis.com\/tunisie\/#website"},"primaryImageOfPage":{"@id":"https:\/\/kapitalis.com\/tunisie\/2016\/12\/27\/lentreprise-face-aux-enjeux-de-la-loi-de-finances-2017\/#primaryimage"},"image":{"@id":"https:\/\/kapitalis.com\/tunisie\/2016\/12\/27\/lentreprise-face-aux-enjeux-de-la-loi-de-finances-2017\/#primaryimage"},"thumbnailUrl":"","datePublished":"2016-12-27T10:09:27+00:00","breadcrumb":{"@id":"https:\/\/kapitalis.com\/tunisie\/2016\/12\/27\/lentreprise-face-aux-enjeux-de-la-loi-de-finances-2017\/#breadcrumb"},"inLanguage":"fr-FR","potentialAction":[{"@type":"ReadAction","target":["https:\/\/kapitalis.com\/tunisie\/2016\/12\/27\/lentreprise-face-aux-enjeux-de-la-loi-de-finances-2017\/"]}]},{"@type":"ImageObject","inLanguage":"fr-FR","@id":"https:\/\/kapitalis.com\/tunisie\/2016\/12\/27\/lentreprise-face-aux-enjeux-de-la-loi-de-finances-2017\/#primaryimage","url":"","contentUrl":""},{"@type":"BreadcrumbList","@id":"https:\/\/kapitalis.com\/tunisie\/2016\/12\/27\/lentreprise-face-aux-enjeux-de-la-loi-de-finances-2017\/#breadcrumb","itemListElement":[{"@type":"ListItem","position":1,"name":"Accueil","item":"https:\/\/kapitalis.com\/tunisie\/"},{"@type":"ListItem","position":2,"name":"L\u2019entreprise face aux enjeux de la loi de finances 2017"}]},{"@type":"WebSite","@id":"https:\/\/kapitalis.com\/tunisie\/#website","url":"https:\/\/kapitalis.com\/tunisie\/","name":"Kapitalis","description":"L&#039;actualit\u00e9 en Tunisie et dans le monde","publisher":{"@id":"https:\/\/kapitalis.com\/tunisie\/#organization"},"potentialAction":[{"@type":"SearchAction","target":{"@type":"EntryPoint","urlTemplate":"https:\/\/kapitalis.com\/tunisie\/?s={search_term_string}"},"query-input":{"@type":"PropertyValueSpecification","valueRequired":true,"valueName":"search_term_string"}}],"inLanguage":"fr-FR"},{"@type":"Organization","@id":"https:\/\/kapitalis.com\/tunisie\/#organization","name":"Kapitalis","url":"https:\/\/kapitalis.com\/tunisie\/","logo":{"@type":"ImageObject","inLanguage":"fr-FR","@id":"https:\/\/kapitalis.com\/tunisie\/#\/schema\/logo\/image\/","url":"https:\/\/kapitalis.com\/tunisie\/wp-content\/uploads\/2022\/05\/Kapitalis-big-size.png","contentUrl":"https:\/\/kapitalis.com\/tunisie\/wp-content\/uploads\/2022\/05\/Kapitalis-big-size.png","width":5000,"height":1500,"caption":"Kapitalis"},"image":{"@id":"https:\/\/kapitalis.com\/tunisie\/#\/schema\/logo\/image\/"},"sameAs":["https:\/\/www.facebook.com\/KapitalisInfo\/","https:\/\/x.com\/KapitalisInfo","https:\/\/www.youtube.com\/channel\/UC-yDYrHyfFBWWZaOw3FPg9Q"]},{"@type":"Person","@id":"https:\/\/kapitalis.com\/tunisie\/#\/schema\/person\/d71f33a9ca44f7bad4698210b480c8e9","name":"webmaster kapitalis","url":"https:\/\/kapitalis.com\/tunisie\/author\/webmaster-kapitalis\/"}]}},"_links":{"self":[{"href":"https:\/\/kapitalis.com\/tunisie\/wp-json\/wp\/v2\/posts\/76868","targetHints":{"allow":["GET"]}}],"collection":[{"href":"https:\/\/kapitalis.com\/tunisie\/wp-json\/wp\/v2\/posts"}],"about":[{"href":"https:\/\/kapitalis.com\/tunisie\/wp-json\/wp\/v2\/types\/post"}],"author":[{"embeddable":true,"href":"https:\/\/kapitalis.com\/tunisie\/wp-json\/wp\/v2\/users\/8"}],"replies":[{"embeddable":true,"href":"https:\/\/kapitalis.com\/tunisie\/wp-json\/wp\/v2\/comments?post=76868"}],"version-history":[{"count":0,"href":"https:\/\/kapitalis.com\/tunisie\/wp-json\/wp\/v2\/posts\/76868\/revisions"}],"wp:featuredmedia":[{"embeddable":true,"href":"https:\/\/kapitalis.com\/tunisie\/wp-json\/wp\/v2\/media\/76869"}],"wp:attachment":[{"href":"https:\/\/kapitalis.com\/tunisie\/wp-json\/wp\/v2\/media?parent=76868"}],"wp:term":[{"taxonomy":"category","embeddable":true,"href":"https:\/\/kapitalis.com\/tunisie\/wp-json\/wp\/v2\/categories?post=76868"},{"taxonomy":"post_tag","embeddable":true,"href":"https:\/\/kapitalis.com\/tunisie\/wp-json\/wp\/v2\/tags?post=76868"}],"curies":[{"name":"wp","href":"https:\/\/api.w.org\/{rel}","templated":true}]}}