{"id":76938,"date":"2016-12-27T20:15:23","date_gmt":"2016-12-27T19:15:23","guid":{"rendered":"http:\/\/kapitalis.com\/tunisie\/?p=76938"},"modified":"2016-12-27T20:15:23","modified_gmt":"2016-12-27T19:15:23","slug":"assassinat-de-chokri-belaid-le-proces-encore-reporte","status":"publish","type":"post","link":"https:\/\/kapitalis.com\/tunisie\/2016\/12\/27\/assassinat-de-chokri-belaid-le-proces-encore-reporte\/","title":{"rendered":"Assassinat de Chokri Bela\u00efd : Le proc\u00e8s encore report\u00e9!"},"content":{"rendered":"<p style=\"text-align: center;\"><img loading=\"lazy\" decoding=\"async\" class=\"alignnone size-full wp-image-28182\" src=\"http:\/\/kapitalis.com\/tunisie\/wp-content\/uploads\/2015\/12\/Chokri-Belaid.jpg\" alt=\"\" width=\"626\" height=\"380\" \/><\/p>\n<p><em><strong>La justice a, encore une fois, d\u00e9cid\u00e9 de reporter le proc\u00e8s de\u00a0l\u2019assassinat de Chokri Bela\u00efd, mais sans fixer la date de la prochaine audience. Rien ne presse&#8230;\u00a0<\/strong><\/em><\/p>\n<p><!--more--><\/p>\n<p>C\u2019est \u00e0 la demande des avocats du comit\u00e9 de d\u00e9fense de Bela\u00efd que la chambre p\u00e9nale du tribunal de premi\u00e8re instance de Tunis, a d\u00e9cid\u00e9, aujourd&rsquo;hui, mardi 27 d\u00e9cembre 2016, cet \u00e9ni\u00e8me report du proc\u00e8s, afin de permettre au juge d\u2019instruction d\u2019int\u00e9grer de nouveaux \u00e9l\u00e9ments dans le dossier, notamment des aveux de personnes arr\u00eat\u00e9es dans d\u2019autres affaires, mais qui ont un lien avec des accus\u00e9es dans l\u2019assassinat de Bela\u00efd.<\/p>\n<p>La justice a, d\u2019autre part, rejet\u00e9 une demande de lib\u00e9ration d\u00e9pos\u00e9e par les avocats des accus\u00e9s&#8230; pour \u00e9viter de les voir rejoindre leurs semblables sur le maquis jihadiste \u00e0 la fronti\u00e8re tuniso-alg\u00e9rienne, ou en Libye, au\u00a0Y\u00e9men,\u00a0en Irak\u00a0ou en\u00a0Syrie.<\/p>\n<p>Notons que le Parti des patriotes d\u00e9mocrates unifi\u00e9 (PPDU- Watad), dont Chokri \u00e9tait le secr\u00e9taire g\u00e9n\u00e9ral avant son assassinat le 6 f\u00e9vrier 2013, organisera, demain, une conf\u00e9rence de presse au cours de laquelle va pr\u00e9senter de nouveaux \u00e9l\u00e9ments dans l\u2019affaire.<\/p>\n<p>Le laxisme de la justice dans le traitement de cette affaire a souvent \u00e9t\u00e9 critiqu\u00e9. Certains ont parl\u00e9 de graves manquements et le comit\u00e9 de d\u00e9fense a port\u00e9 plainte, le 29 d\u00e9cembre 2015, pour \u00ab<em>complicit\u00e9 de meurtre sur le sol tunisien et homicide volontaire avec pr\u00e9m\u00e9ditation<\/em>\u00bb contre B\u00e9chir Akremi, le juge d\u2019instruction du bureau N\u00b013, qui \u00e9tait en charge de l\u2019affaire\u2026 Cela n&rsquo;a pas emp\u00each\u00e9 ce dernier d&rsquo;\u00eatre promu, en juillet dernier, en tant que procureur de la r\u00e9publique&#8230;<\/p>\n<p style=\"text-align: right;\"><strong>Y. N.<\/strong><\/p>\n","protected":false},"excerpt":{"rendered":"<p>La justice a, encore une fois, d\u00e9cid\u00e9 de reporter le proc\u00e8s de\u00a0l\u2019assassinat de Chokri Bela\u00efd, mais sans fixer la date de la prochaine audience. Rien ne presse&#8230;\u00a0<\/p>\n","protected":false},"author":6,"featured_media":0,"comment_status":"open","ping_status":"open","sticky":false,"template":"","format":"standard","meta":{"footnotes":""},"categories":[997,2433],"tags":[92,12622,12182,204,7386,743,1612,965],"class_list":["post-76938","post","type-post","status-publish","format-standard","hentry","category-politique","category-tunisie","tag-assassinat","tag-bechir-akremi","tag-bureau-13","tag-chokri-belaid","tag-comite-defense","tag-proces","tag-procureur","tag-watad"],"yoast_head":"<!-- This site is optimized with the Yoast SEO plugin v26.6 - https:\/\/yoast.com\/wordpress\/plugins\/seo\/ -->\n<title>Assassinat de Chokri Bela\u00efd : Le proc\u00e8s encore report\u00e9! - Kapitalis<\/title>\n<meta name=\"robots\" content=\"index, follow, max-snippet:-1, max-image-preview:large, max-video-preview:-1\" \/>\n<link rel=\"canonical\" href=\"https:\/\/kapitalis.com\/tunisie\/2016\/12\/27\/assassinat-de-chokri-belaid-le-proces-encore-reporte\/\" \/>\n<meta property=\"og:locale\" content=\"fr_FR\" \/>\n<meta property=\"og:type\" content=\"article\" \/>\n<meta property=\"og:title\" content=\"Assassinat de Chokri Bela\u00efd : Le proc\u00e8s encore report\u00e9! - Kapitalis\" \/>\n<meta property=\"og:description\" content=\"La justice a, encore une fois, d\u00e9cid\u00e9 de reporter le proc\u00e8s de\u00a0l\u2019assassinat de Chokri Bela\u00efd, mais sans fixer la date de la prochaine audience. Rien ne presse&#8230;\u00a0\" \/>\n<meta property=\"og:url\" content=\"https:\/\/kapitalis.com\/tunisie\/2016\/12\/27\/assassinat-de-chokri-belaid-le-proces-encore-reporte\/\" \/>\n<meta property=\"og:site_name\" content=\"Kapitalis\" \/>\n<meta property=\"article:publisher\" content=\"https:\/\/www.facebook.com\/KapitalisInfo\/\" \/>\n<meta property=\"article:published_time\" content=\"2016-12-27T19:15:23+00:00\" \/>\n<meta property=\"og:image\" content=\"http:\/\/kapitalis.com\/tunisie\/wp-content\/uploads\/2015\/12\/Chokri-Belaid.jpg\" \/>\n<meta name=\"author\" content=\"Yusra NY\" \/>\n<meta name=\"twitter:card\" content=\"summary_large_image\" \/>\n<meta name=\"twitter:creator\" content=\"@KapitalisInfo\" \/>\n<meta name=\"twitter:site\" content=\"@KapitalisInfo\" \/>\n<meta name=\"twitter:label1\" content=\"\u00c9crit par\" \/>\n\t<meta name=\"twitter:data1\" content=\"Yusra NY\" \/>\n\t<meta name=\"twitter:label2\" content=\"Dur\u00e9e de lecture estim\u00e9e\" \/>\n\t<meta name=\"twitter:data2\" content=\"2 minutes\" \/>\n<script type=\"application\/ld+json\" class=\"yoast-schema-graph\">{\"@context\":\"https:\/\/schema.org\",\"@graph\":[{\"@type\":\"Article\",\"@id\":\"https:\/\/kapitalis.com\/tunisie\/2016\/12\/27\/assassinat-de-chokri-belaid-le-proces-encore-reporte\/#article\",\"isPartOf\":{\"@id\":\"https:\/\/kapitalis.com\/tunisie\/2016\/12\/27\/assassinat-de-chokri-belaid-le-proces-encore-reporte\/\"},\"author\":{\"name\":\"Yusra NY\",\"@id\":\"https:\/\/kapitalis.com\/tunisie\/#\/schema\/person\/74bbde0154d49d790a92aaeac5bc01d5\"},\"headline\":\"Assassinat de Chokri Bela\u00efd : Le proc\u00e8s encore report\u00e9!\",\"datePublished\":\"2016-12-27T19:15:23+00:00\",\"mainEntityOfPage\":{\"@id\":\"https:\/\/kapitalis.com\/tunisie\/2016\/12\/27\/assassinat-de-chokri-belaid-le-proces-encore-reporte\/\"},\"wordCount\":312,\"commentCount\":1,\"publisher\":{\"@id\":\"https:\/\/kapitalis.com\/tunisie\/#organization\"},\"image\":{\"@id\":\"https:\/\/kapitalis.com\/tunisie\/2016\/12\/27\/assassinat-de-chokri-belaid-le-proces-encore-reporte\/#primaryimage\"},\"thumbnailUrl\":\"http:\/\/kapitalis.com\/tunisie\/wp-content\/uploads\/2015\/12\/Chokri-Belaid.jpg\",\"keywords\":[\"assassinat\",\"B\u00e9chir Akremi\",\"Bureau 13\",\"Chokri Belaid\",\"Comit\u00e9 d\u00e9fense\",\"proc\u00e8s\",\"procureur\",\"Watad\"],\"articleSection\":[\"POLITIQUE\",\"Tunisie\"],\"inLanguage\":\"fr-FR\",\"potentialAction\":[{\"@type\":\"CommentAction\",\"name\":\"Comment\",\"target\":[\"https:\/\/kapitalis.com\/tunisie\/2016\/12\/27\/assassinat-de-chokri-belaid-le-proces-encore-reporte\/#respond\"]}]},{\"@type\":\"WebPage\",\"@id\":\"https:\/\/kapitalis.com\/tunisie\/2016\/12\/27\/assassinat-de-chokri-belaid-le-proces-encore-reporte\/\",\"url\":\"https:\/\/kapitalis.com\/tunisie\/2016\/12\/27\/assassinat-de-chokri-belaid-le-proces-encore-reporte\/\",\"name\":\"Assassinat de Chokri Bela\u00efd : Le proc\u00e8s encore report\u00e9! - Kapitalis\",\"isPartOf\":{\"@id\":\"https:\/\/kapitalis.com\/tunisie\/#website\"},\"primaryImageOfPage\":{\"@id\":\"https:\/\/kapitalis.com\/tunisie\/2016\/12\/27\/assassinat-de-chokri-belaid-le-proces-encore-reporte\/#primaryimage\"},\"image\":{\"@id\":\"https:\/\/kapitalis.com\/tunisie\/2016\/12\/27\/assassinat-de-chokri-belaid-le-proces-encore-reporte\/#primaryimage\"},\"thumbnailUrl\":\"http:\/\/kapitalis.com\/tunisie\/wp-content\/uploads\/2015\/12\/Chokri-Belaid.jpg\",\"datePublished\":\"2016-12-27T19:15:23+00:00\",\"breadcrumb\":{\"@id\":\"https:\/\/kapitalis.com\/tunisie\/2016\/12\/27\/assassinat-de-chokri-belaid-le-proces-encore-reporte\/#breadcrumb\"},\"inLanguage\":\"fr-FR\",\"potentialAction\":[{\"@type\":\"ReadAction\",\"target\":[\"https:\/\/kapitalis.com\/tunisie\/2016\/12\/27\/assassinat-de-chokri-belaid-le-proces-encore-reporte\/\"]}]},{\"@type\":\"ImageObject\",\"inLanguage\":\"fr-FR\",\"@id\":\"https:\/\/kapitalis.com\/tunisie\/2016\/12\/27\/assassinat-de-chokri-belaid-le-proces-encore-reporte\/#primaryimage\",\"url\":\"http:\/\/kapitalis.com\/tunisie\/wp-content\/uploads\/2015\/12\/Chokri-Belaid.jpg\",\"contentUrl\":\"http:\/\/kapitalis.com\/tunisie\/wp-content\/uploads\/2015\/12\/Chokri-Belaid.jpg\"},{\"@type\":\"BreadcrumbList\",\"@id\":\"https:\/\/kapitalis.com\/tunisie\/2016\/12\/27\/assassinat-de-chokri-belaid-le-proces-encore-reporte\/#breadcrumb\",\"itemListElement\":[{\"@type\":\"ListItem\",\"position\":1,\"name\":\"Accueil\",\"item\":\"https:\/\/kapitalis.com\/tunisie\/\"},{\"@type\":\"ListItem\",\"position\":2,\"name\":\"Assassinat de Chokri Bela\u00efd : Le proc\u00e8s encore report\u00e9!\"}]},{\"@type\":\"WebSite\",\"@id\":\"https:\/\/kapitalis.com\/tunisie\/#website\",\"url\":\"https:\/\/kapitalis.com\/tunisie\/\",\"name\":\"Kapitalis\",\"description\":\"L&#039;actualit\u00e9 en Tunisie et dans le monde\",\"publisher\":{\"@id\":\"https:\/\/kapitalis.com\/tunisie\/#organization\"},\"potentialAction\":[{\"@type\":\"SearchAction\",\"target\":{\"@type\":\"EntryPoint\",\"urlTemplate\":\"https:\/\/kapitalis.com\/tunisie\/?s={search_term_string}\"},\"query-input\":{\"@type\":\"PropertyValueSpecification\",\"valueRequired\":true,\"valueName\":\"search_term_string\"}}],\"inLanguage\":\"fr-FR\"},{\"@type\":\"Organization\",\"@id\":\"https:\/\/kapitalis.com\/tunisie\/#organization\",\"name\":\"Kapitalis\",\"url\":\"https:\/\/kapitalis.com\/tunisie\/\",\"logo\":{\"@type\":\"ImageObject\",\"inLanguage\":\"fr-FR\",\"@id\":\"https:\/\/kapitalis.com\/tunisie\/#\/schema\/logo\/image\/\",\"url\":\"https:\/\/kapitalis.com\/tunisie\/wp-content\/uploads\/2022\/05\/Kapitalis-big-size.png\",\"contentUrl\":\"https:\/\/kapitalis.com\/tunisie\/wp-content\/uploads\/2022\/05\/Kapitalis-big-size.png\",\"width\":5000,\"height\":1500,\"caption\":\"Kapitalis\"},\"image\":{\"@id\":\"https:\/\/kapitalis.com\/tunisie\/#\/schema\/logo\/image\/\"},\"sameAs\":[\"https:\/\/www.facebook.com\/KapitalisInfo\/\",\"https:\/\/x.com\/KapitalisInfo\",\"https:\/\/www.youtube.com\/channel\/UC-yDYrHyfFBWWZaOw3FPg9Q\"]},{\"@type\":\"Person\",\"@id\":\"https:\/\/kapitalis.com\/tunisie\/#\/schema\/person\/74bbde0154d49d790a92aaeac5bc01d5\",\"name\":\"Yusra NY\",\"url\":\"https:\/\/kapitalis.com\/tunisie\/author\/yuza_adam\/\"}]}<\/script>\n<!-- \/ Yoast SEO plugin. -->","yoast_head_json":{"title":"Assassinat de Chokri Bela\u00efd : Le proc\u00e8s encore report\u00e9! - Kapitalis","robots":{"index":"index","follow":"follow","max-snippet":"max-snippet:-1","max-image-preview":"max-image-preview:large","max-video-preview":"max-video-preview:-1"},"canonical":"https:\/\/kapitalis.com\/tunisie\/2016\/12\/27\/assassinat-de-chokri-belaid-le-proces-encore-reporte\/","og_locale":"fr_FR","og_type":"article","og_title":"Assassinat de Chokri Bela\u00efd : Le proc\u00e8s encore report\u00e9! - Kapitalis","og_description":"La justice a, encore une fois, d\u00e9cid\u00e9 de reporter le proc\u00e8s de\u00a0l\u2019assassinat de Chokri Bela\u00efd, mais sans fixer la date de la prochaine audience. Rien ne presse&#8230;\u00a0","og_url":"https:\/\/kapitalis.com\/tunisie\/2016\/12\/27\/assassinat-de-chokri-belaid-le-proces-encore-reporte\/","og_site_name":"Kapitalis","article_publisher":"https:\/\/www.facebook.com\/KapitalisInfo\/","article_published_time":"2016-12-27T19:15:23+00:00","og_image":[{"url":"http:\/\/kapitalis.com\/tunisie\/wp-content\/uploads\/2015\/12\/Chokri-Belaid.jpg","type":"","width":"","height":""}],"author":"Yusra NY","twitter_card":"summary_large_image","twitter_creator":"@KapitalisInfo","twitter_site":"@KapitalisInfo","twitter_misc":{"\u00c9crit par":"Yusra NY","Dur\u00e9e de lecture estim\u00e9e":"2 minutes"},"schema":{"@context":"https:\/\/schema.org","@graph":[{"@type":"Article","@id":"https:\/\/kapitalis.com\/tunisie\/2016\/12\/27\/assassinat-de-chokri-belaid-le-proces-encore-reporte\/#article","isPartOf":{"@id":"https:\/\/kapitalis.com\/tunisie\/2016\/12\/27\/assassinat-de-chokri-belaid-le-proces-encore-reporte\/"},"author":{"name":"Yusra NY","@id":"https:\/\/kapitalis.com\/tunisie\/#\/schema\/person\/74bbde0154d49d790a92aaeac5bc01d5"},"headline":"Assassinat de Chokri Bela\u00efd : Le proc\u00e8s encore report\u00e9!","datePublished":"2016-12-27T19:15:23+00:00","mainEntityOfPage":{"@id":"https:\/\/kapitalis.com\/tunisie\/2016\/12\/27\/assassinat-de-chokri-belaid-le-proces-encore-reporte\/"},"wordCount":312,"commentCount":1,"publisher":{"@id":"https:\/\/kapitalis.com\/tunisie\/#organization"},"image":{"@id":"https:\/\/kapitalis.com\/tunisie\/2016\/12\/27\/assassinat-de-chokri-belaid-le-proces-encore-reporte\/#primaryimage"},"thumbnailUrl":"http:\/\/kapitalis.com\/tunisie\/wp-content\/uploads\/2015\/12\/Chokri-Belaid.jpg","keywords":["assassinat","B\u00e9chir Akremi","Bureau 13","Chokri Belaid","Comit\u00e9 d\u00e9fense","proc\u00e8s","procureur","Watad"],"articleSection":["POLITIQUE","Tunisie"],"inLanguage":"fr-FR","potentialAction":[{"@type":"CommentAction","name":"Comment","target":["https:\/\/kapitalis.com\/tunisie\/2016\/12\/27\/assassinat-de-chokri-belaid-le-proces-encore-reporte\/#respond"]}]},{"@type":"WebPage","@id":"https:\/\/kapitalis.com\/tunisie\/2016\/12\/27\/assassinat-de-chokri-belaid-le-proces-encore-reporte\/","url":"https:\/\/kapitalis.com\/tunisie\/2016\/12\/27\/assassinat-de-chokri-belaid-le-proces-encore-reporte\/","name":"Assassinat de Chokri Bela\u00efd : Le proc\u00e8s encore report\u00e9! - Kapitalis","isPartOf":{"@id":"https:\/\/kapitalis.com\/tunisie\/#website"},"primaryImageOfPage":{"@id":"https:\/\/kapitalis.com\/tunisie\/2016\/12\/27\/assassinat-de-chokri-belaid-le-proces-encore-reporte\/#primaryimage"},"image":{"@id":"https:\/\/kapitalis.com\/tunisie\/2016\/12\/27\/assassinat-de-chokri-belaid-le-proces-encore-reporte\/#primaryimage"},"thumbnailUrl":"http:\/\/kapitalis.com\/tunisie\/wp-content\/uploads\/2015\/12\/Chokri-Belaid.jpg","datePublished":"2016-12-27T19:15:23+00:00","breadcrumb":{"@id":"https:\/\/kapitalis.com\/tunisie\/2016\/12\/27\/assassinat-de-chokri-belaid-le-proces-encore-reporte\/#breadcrumb"},"inLanguage":"fr-FR","potentialAction":[{"@type":"ReadAction","target":["https:\/\/kapitalis.com\/tunisie\/2016\/12\/27\/assassinat-de-chokri-belaid-le-proces-encore-reporte\/"]}]},{"@type":"ImageObject","inLanguage":"fr-FR","@id":"https:\/\/kapitalis.com\/tunisie\/2016\/12\/27\/assassinat-de-chokri-belaid-le-proces-encore-reporte\/#primaryimage","url":"http:\/\/kapitalis.com\/tunisie\/wp-content\/uploads\/2015\/12\/Chokri-Belaid.jpg","contentUrl":"http:\/\/kapitalis.com\/tunisie\/wp-content\/uploads\/2015\/12\/Chokri-Belaid.jpg"},{"@type":"BreadcrumbList","@id":"https:\/\/kapitalis.com\/tunisie\/2016\/12\/27\/assassinat-de-chokri-belaid-le-proces-encore-reporte\/#breadcrumb","itemListElement":[{"@type":"ListItem","position":1,"name":"Accueil","item":"https:\/\/kapitalis.com\/tunisie\/"},{"@type":"ListItem","position":2,"name":"Assassinat de Chokri Bela\u00efd : Le proc\u00e8s encore report\u00e9!"}]},{"@type":"WebSite","@id":"https:\/\/kapitalis.com\/tunisie\/#website","url":"https:\/\/kapitalis.com\/tunisie\/","name":"Kapitalis","description":"L&#039;actualit\u00e9 en Tunisie et dans le monde","publisher":{"@id":"https:\/\/kapitalis.com\/tunisie\/#organization"},"potentialAction":[{"@type":"SearchAction","target":{"@type":"EntryPoint","urlTemplate":"https:\/\/kapitalis.com\/tunisie\/?s={search_term_string}"},"query-input":{"@type":"PropertyValueSpecification","valueRequired":true,"valueName":"search_term_string"}}],"inLanguage":"fr-FR"},{"@type":"Organization","@id":"https:\/\/kapitalis.com\/tunisie\/#organization","name":"Kapitalis","url":"https:\/\/kapitalis.com\/tunisie\/","logo":{"@type":"ImageObject","inLanguage":"fr-FR","@id":"https:\/\/kapitalis.com\/tunisie\/#\/schema\/logo\/image\/","url":"https:\/\/kapitalis.com\/tunisie\/wp-content\/uploads\/2022\/05\/Kapitalis-big-size.png","contentUrl":"https:\/\/kapitalis.com\/tunisie\/wp-content\/uploads\/2022\/05\/Kapitalis-big-size.png","width":5000,"height":1500,"caption":"Kapitalis"},"image":{"@id":"https:\/\/kapitalis.com\/tunisie\/#\/schema\/logo\/image\/"},"sameAs":["https:\/\/www.facebook.com\/KapitalisInfo\/","https:\/\/x.com\/KapitalisInfo","https:\/\/www.youtube.com\/channel\/UC-yDYrHyfFBWWZaOw3FPg9Q"]},{"@type":"Person","@id":"https:\/\/kapitalis.com\/tunisie\/#\/schema\/person\/74bbde0154d49d790a92aaeac5bc01d5","name":"Yusra NY","url":"https:\/\/kapitalis.com\/tunisie\/author\/yuza_adam\/"}]}},"_links":{"self":[{"href":"https:\/\/kapitalis.com\/tunisie\/wp-json\/wp\/v2\/posts\/76938","targetHints":{"allow":["GET"]}}],"collection":[{"href":"https:\/\/kapitalis.com\/tunisie\/wp-json\/wp\/v2\/posts"}],"about":[{"href":"https:\/\/kapitalis.com\/tunisie\/wp-json\/wp\/v2\/types\/post"}],"author":[{"embeddable":true,"href":"https:\/\/kapitalis.com\/tunisie\/wp-json\/wp\/v2\/users\/6"}],"replies":[{"embeddable":true,"href":"https:\/\/kapitalis.com\/tunisie\/wp-json\/wp\/v2\/comments?post=76938"}],"version-history":[{"count":0,"href":"https:\/\/kapitalis.com\/tunisie\/wp-json\/wp\/v2\/posts\/76938\/revisions"}],"wp:attachment":[{"href":"https:\/\/kapitalis.com\/tunisie\/wp-json\/wp\/v2\/media?parent=76938"}],"wp:term":[{"taxonomy":"category","embeddable":true,"href":"https:\/\/kapitalis.com\/tunisie\/wp-json\/wp\/v2\/categories?post=76938"},{"taxonomy":"post_tag","embeddable":true,"href":"https:\/\/kapitalis.com\/tunisie\/wp-json\/wp\/v2\/tags?post=76938"}],"curies":[{"name":"wp","href":"https:\/\/api.w.org\/{rel}","templated":true}]}}