{"id":77032,"date":"2016-12-28T14:19:39","date_gmt":"2016-12-28T13:19:39","guid":{"rendered":"http:\/\/kapitalis.com\/tunisie\/?p=77032"},"modified":"2016-12-28T14:19:39","modified_gmt":"2016-12-28T13:19:39","slug":"jebel-jeloud-caid-essebsi-deplore-un-relachement-general-dans-le-pays","status":"publish","type":"post","link":"https:\/\/kapitalis.com\/tunisie\/2016\/12\/28\/jebel-jeloud-caid-essebsi-deplore-un-relachement-general-dans-le-pays\/","title":{"rendered":"Accident de Jebel Jeloud : Ca\u00efd Essebsi d\u00e9plore le laisser-aller dans le pays"},"content":{"rendered":"<p style=\"text-align: center;\"><img loading=\"lazy\" decoding=\"async\" class=\"alignnone size-full wp-image-77035\" src=\"http:\/\/kapitalis.com\/tunisie\/wp-content\/uploads\/2016\/12\/Accident-Jebel-Jelloud-BCE.jpg\" alt=\"\" width=\"626\" height=\"380\" \/><\/p>\n<p><em><strong>Beji Ca\u00efd Essebsi a d\u00e9plor\u00e9, aujourd&rsquo;hui, le rel\u00e2chement g\u00e9n\u00e9ral en Tunisie qui a conduit \u00e0 une collision entre un train et un bus \u00e0 Jebel Jeloud, ayant\u00a0<\/strong><\/em><em><strong>fait\u00a0<\/strong><\/em><em><strong>5 morts et 52 bless\u00e9s.<\/strong><\/em><\/p>\n<p><!--more--><\/p>\n<p>Le pr\u00e9sident de la r\u00e9publique s\u2019est rendu, mercredi 28 d\u00e9cembre 2016,\u00a0au Centre de traumatologie et des grands br\u00fbl\u00e9s \u00e0 Ben Arous, au chevet des bless\u00e9s de l&rsquo;accident survenu ce matin, suite \u00e0 la collusion d&rsquo;un train et d&rsquo;un bus, au sud de Tunis.<\/p>\n<p>Le chef de l&rsquo;Etat, qui \u00e9tait\u00a0accompagn\u00e9 de la ministre de la Sant\u00e9, Samira Mera\u00ef,\u00a0a d\u00e9plor\u00e9, dans une d\u00e9claration aux m\u00e9dias, ce qu&rsquo;il a qualifi\u00e9 de\u00a0<em>\u00abrel\u00e2chement g\u00e9n\u00e9ral\u00bb<\/em>, qui est \u00e0 l&rsquo;origine\u00a0de cet accident.<\/p>\n<p>\u00abLes citoyens doivent respecter les panneaux de signalisations. Encore faut-il que celles-ci\u00a0soient op\u00e9rationnelles.\u00a0Il\u00a0n\u2019est pas normal que les feux de signalisation\u00a0soient en panne, qu\u2019une barri\u00e8re de s\u00e9curit\u00e9\u00a0ne fonctionne pas ou\u00a0que l\u2019employ\u00e9 du passage \u00e0 nouveau\u00a0soit\u00a0absent\u00bb, a-t-il d\u00e9plor\u00e9, ajoutant qu\u2019il est inacceptable\u00a0pour un pays qui souhaite\u00a0rejoindre le monde\u00a0d\u00e9velopp\u00e9 de faire preuve de\u00a0ce laisser-aller.<\/p>\n<p style=\"text-align: center;\"><img loading=\"lazy\" decoding=\"async\" class=\"alignnone size-full wp-image-77037\" src=\"http:\/\/kapitalis.com\/tunisie\/wp-content\/uploads\/2016\/12\/BCE-accident-Jebel-Jelloud.jpg\" alt=\"\" width=\"500\" height=\"300\" \/><\/p>\n<p><em>\u00ab\u00a0Il y a un rel\u00e2chement dans les m\u00e9dias, l\u2019administration, partout. Il faut\u00a0que ce\u00a0<\/em><em>laisser-aller cesse<\/em>\u00bb, a ajout\u00e9 M. Ca\u00efd Essebsi.<\/p>\n<p>Interrog\u00e9 sur les d\u00e9cisions qui seront prises apr\u00e8s cet accident, le pr\u00e9sident de la r\u00e9publique, qui ne cachait pas sa col\u00e8re, n\u2019a pas souhait\u00e9 r\u00e9pondre, en\u00a0lan\u00e7ant s\u00e8chement aux journalistes que cette question est inutile et en formant l&rsquo;espoir que ce sera le dernier accident.<\/p>\n<p style=\"text-align: right;\"><strong>Y. N.<\/strong><\/p>\n","protected":false},"excerpt":{"rendered":"<p>Beji Ca\u00efd Essebsi a d\u00e9plor\u00e9, aujourd&rsquo;hui, le rel\u00e2chement g\u00e9n\u00e9ral en Tunisie qui a conduit \u00e0 une collision entre un train et un bus \u00e0 Jebel Jeloud, ayant\u00a0fait\u00a05 morts et 52 bless\u00e9s.<\/p>\n","protected":false},"author":6,"featured_media":77035,"comment_status":"open","ping_status":"open","sticky":false,"template":"","format":"standard","meta":{"footnotes":""},"categories":[997,2433],"tags":[23,141,151,3290,3668,8172,3333,1362,3123,2087,2726],"class_list":["post-77032","post","type-post","status-publish","format-standard","has-post-thumbnail","hentry","category-politique","category-tunisie","tag-accident","tag-ben-arous","tag-blesses","tag-bus","tag-deputes","tag-jebel-jeloud","tag-ministres","tag-president","tag-samira-merai","tag-train","tag-victimes"],"yoast_head":"<!-- This site is optimized with the Yoast SEO plugin v26.6 - https:\/\/yoast.com\/wordpress\/plugins\/seo\/ -->\n<title>Accident de Jebel Jeloud : Ca\u00efd Essebsi d\u00e9plore le laisser-aller dans le pays - Kapitalis<\/title>\n<meta name=\"robots\" content=\"index, follow, max-snippet:-1, max-image-preview:large, max-video-preview:-1\" \/>\n<link rel=\"canonical\" href=\"https:\/\/kapitalis.com\/tunisie\/2016\/12\/28\/jebel-jeloud-caid-essebsi-deplore-un-relachement-general-dans-le-pays\/\" \/>\n<meta property=\"og:locale\" content=\"fr_FR\" \/>\n<meta property=\"og:type\" content=\"article\" \/>\n<meta property=\"og:title\" content=\"Accident de Jebel Jeloud : Ca\u00efd Essebsi d\u00e9plore le laisser-aller dans le pays - Kapitalis\" \/>\n<meta property=\"og:description\" content=\"Beji Ca\u00efd Essebsi a d\u00e9plor\u00e9, aujourd&rsquo;hui, le rel\u00e2chement g\u00e9n\u00e9ral en Tunisie qui a conduit \u00e0 une collision entre un train et un bus \u00e0 Jebel Jeloud, ayant\u00a0fait\u00a05 morts et 52 bless\u00e9s.\" \/>\n<meta property=\"og:url\" content=\"https:\/\/kapitalis.com\/tunisie\/2016\/12\/28\/jebel-jeloud-caid-essebsi-deplore-un-relachement-general-dans-le-pays\/\" \/>\n<meta property=\"og:site_name\" content=\"Kapitalis\" \/>\n<meta property=\"article:publisher\" content=\"https:\/\/www.facebook.com\/KapitalisInfo\/\" \/>\n<meta property=\"article:published_time\" content=\"2016-12-28T13:19:39+00:00\" \/>\n<meta property=\"og:image\" content=\"https:\/\/kapitalis.com\/tunisie\/wp-content\/uploads\/2022\/05\/kapitalis-logo-fb.png\" \/>\n\t<meta property=\"og:image:width\" content=\"1200\" \/>\n\t<meta property=\"og:image:height\" content=\"630\" \/>\n\t<meta property=\"og:image:type\" content=\"image\/png\" \/>\n<meta name=\"author\" content=\"Yusra NY\" \/>\n<meta name=\"twitter:card\" content=\"summary_large_image\" \/>\n<meta name=\"twitter:creator\" content=\"@KapitalisInfo\" \/>\n<meta name=\"twitter:site\" content=\"@KapitalisInfo\" \/>\n<meta name=\"twitter:label1\" content=\"\u00c9crit par\" \/>\n\t<meta name=\"twitter:data1\" content=\"Yusra NY\" \/>\n\t<meta name=\"twitter:label2\" content=\"Dur\u00e9e de lecture estim\u00e9e\" \/>\n\t<meta name=\"twitter:data2\" content=\"1 minute\" \/>\n<script type=\"application\/ld+json\" class=\"yoast-schema-graph\">{\"@context\":\"https:\/\/schema.org\",\"@graph\":[{\"@type\":\"Article\",\"@id\":\"https:\/\/kapitalis.com\/tunisie\/2016\/12\/28\/jebel-jeloud-caid-essebsi-deplore-un-relachement-general-dans-le-pays\/#article\",\"isPartOf\":{\"@id\":\"https:\/\/kapitalis.com\/tunisie\/2016\/12\/28\/jebel-jeloud-caid-essebsi-deplore-un-relachement-general-dans-le-pays\/\"},\"author\":{\"name\":\"Yusra NY\",\"@id\":\"https:\/\/kapitalis.com\/tunisie\/#\/schema\/person\/74bbde0154d49d790a92aaeac5bc01d5\"},\"headline\":\"Accident de Jebel Jeloud : Ca\u00efd Essebsi d\u00e9plore le laisser-aller dans le pays\",\"datePublished\":\"2016-12-28T13:19:39+00:00\",\"mainEntityOfPage\":{\"@id\":\"https:\/\/kapitalis.com\/tunisie\/2016\/12\/28\/jebel-jeloud-caid-essebsi-deplore-un-relachement-general-dans-le-pays\/\"},\"wordCount\":289,\"commentCount\":8,\"publisher\":{\"@id\":\"https:\/\/kapitalis.com\/tunisie\/#organization\"},\"image\":{\"@id\":\"https:\/\/kapitalis.com\/tunisie\/2016\/12\/28\/jebel-jeloud-caid-essebsi-deplore-un-relachement-general-dans-le-pays\/#primaryimage\"},\"thumbnailUrl\":\"\",\"keywords\":[\"accident\",\"Ben Arous\",\"bless\u00e9s\",\"bus\",\"d\u00e9put\u00e9s\",\"Jebel Jeloud\",\"ministres\",\"pr\u00e9sident\",\"Samira Mera\u00ef\",\"train\",\"victimes\"],\"articleSection\":[\"POLITIQUE\",\"Tunisie\"],\"inLanguage\":\"fr-FR\",\"potentialAction\":[{\"@type\":\"CommentAction\",\"name\":\"Comment\",\"target\":[\"https:\/\/kapitalis.com\/tunisie\/2016\/12\/28\/jebel-jeloud-caid-essebsi-deplore-un-relachement-general-dans-le-pays\/#respond\"]}]},{\"@type\":\"WebPage\",\"@id\":\"https:\/\/kapitalis.com\/tunisie\/2016\/12\/28\/jebel-jeloud-caid-essebsi-deplore-un-relachement-general-dans-le-pays\/\",\"url\":\"https:\/\/kapitalis.com\/tunisie\/2016\/12\/28\/jebel-jeloud-caid-essebsi-deplore-un-relachement-general-dans-le-pays\/\",\"name\":\"Accident de Jebel Jeloud : Ca\u00efd Essebsi d\u00e9plore le laisser-aller dans le pays - Kapitalis\",\"isPartOf\":{\"@id\":\"https:\/\/kapitalis.com\/tunisie\/#website\"},\"primaryImageOfPage\":{\"@id\":\"https:\/\/kapitalis.com\/tunisie\/2016\/12\/28\/jebel-jeloud-caid-essebsi-deplore-un-relachement-general-dans-le-pays\/#primaryimage\"},\"image\":{\"@id\":\"https:\/\/kapitalis.com\/tunisie\/2016\/12\/28\/jebel-jeloud-caid-essebsi-deplore-un-relachement-general-dans-le-pays\/#primaryimage\"},\"thumbnailUrl\":\"\",\"datePublished\":\"2016-12-28T13:19:39+00:00\",\"breadcrumb\":{\"@id\":\"https:\/\/kapitalis.com\/tunisie\/2016\/12\/28\/jebel-jeloud-caid-essebsi-deplore-un-relachement-general-dans-le-pays\/#breadcrumb\"},\"inLanguage\":\"fr-FR\",\"potentialAction\":[{\"@type\":\"ReadAction\",\"target\":[\"https:\/\/kapitalis.com\/tunisie\/2016\/12\/28\/jebel-jeloud-caid-essebsi-deplore-un-relachement-general-dans-le-pays\/\"]}]},{\"@type\":\"ImageObject\",\"inLanguage\":\"fr-FR\",\"@id\":\"https:\/\/kapitalis.com\/tunisie\/2016\/12\/28\/jebel-jeloud-caid-essebsi-deplore-un-relachement-general-dans-le-pays\/#primaryimage\",\"url\":\"\",\"contentUrl\":\"\"},{\"@type\":\"BreadcrumbList\",\"@id\":\"https:\/\/kapitalis.com\/tunisie\/2016\/12\/28\/jebel-jeloud-caid-essebsi-deplore-un-relachement-general-dans-le-pays\/#breadcrumb\",\"itemListElement\":[{\"@type\":\"ListItem\",\"position\":1,\"name\":\"Accueil\",\"item\":\"https:\/\/kapitalis.com\/tunisie\/\"},{\"@type\":\"ListItem\",\"position\":2,\"name\":\"Accident de Jebel Jeloud : Ca\u00efd Essebsi d\u00e9plore le laisser-aller dans le pays\"}]},{\"@type\":\"WebSite\",\"@id\":\"https:\/\/kapitalis.com\/tunisie\/#website\",\"url\":\"https:\/\/kapitalis.com\/tunisie\/\",\"name\":\"Kapitalis\",\"description\":\"L&#039;actualit\u00e9 en Tunisie et dans le monde\",\"publisher\":{\"@id\":\"https:\/\/kapitalis.com\/tunisie\/#organization\"},\"potentialAction\":[{\"@type\":\"SearchAction\",\"target\":{\"@type\":\"EntryPoint\",\"urlTemplate\":\"https:\/\/kapitalis.com\/tunisie\/?s={search_term_string}\"},\"query-input\":{\"@type\":\"PropertyValueSpecification\",\"valueRequired\":true,\"valueName\":\"search_term_string\"}}],\"inLanguage\":\"fr-FR\"},{\"@type\":\"Organization\",\"@id\":\"https:\/\/kapitalis.com\/tunisie\/#organization\",\"name\":\"Kapitalis\",\"url\":\"https:\/\/kapitalis.com\/tunisie\/\",\"logo\":{\"@type\":\"ImageObject\",\"inLanguage\":\"fr-FR\",\"@id\":\"https:\/\/kapitalis.com\/tunisie\/#\/schema\/logo\/image\/\",\"url\":\"https:\/\/kapitalis.com\/tunisie\/wp-content\/uploads\/2022\/05\/Kapitalis-big-size.png\",\"contentUrl\":\"https:\/\/kapitalis.com\/tunisie\/wp-content\/uploads\/2022\/05\/Kapitalis-big-size.png\",\"width\":5000,\"height\":1500,\"caption\":\"Kapitalis\"},\"image\":{\"@id\":\"https:\/\/kapitalis.com\/tunisie\/#\/schema\/logo\/image\/\"},\"sameAs\":[\"https:\/\/www.facebook.com\/KapitalisInfo\/\",\"https:\/\/x.com\/KapitalisInfo\",\"https:\/\/www.youtube.com\/channel\/UC-yDYrHyfFBWWZaOw3FPg9Q\"]},{\"@type\":\"Person\",\"@id\":\"https:\/\/kapitalis.com\/tunisie\/#\/schema\/person\/74bbde0154d49d790a92aaeac5bc01d5\",\"name\":\"Yusra NY\",\"url\":\"https:\/\/kapitalis.com\/tunisie\/author\/yuza_adam\/\"}]}<\/script>\n<!-- \/ Yoast SEO plugin. -->","yoast_head_json":{"title":"Accident de Jebel Jeloud : Ca\u00efd Essebsi d\u00e9plore le laisser-aller dans le pays - Kapitalis","robots":{"index":"index","follow":"follow","max-snippet":"max-snippet:-1","max-image-preview":"max-image-preview:large","max-video-preview":"max-video-preview:-1"},"canonical":"https:\/\/kapitalis.com\/tunisie\/2016\/12\/28\/jebel-jeloud-caid-essebsi-deplore-un-relachement-general-dans-le-pays\/","og_locale":"fr_FR","og_type":"article","og_title":"Accident de Jebel Jeloud : Ca\u00efd Essebsi d\u00e9plore le laisser-aller dans le pays - Kapitalis","og_description":"Beji Ca\u00efd Essebsi a d\u00e9plor\u00e9, aujourd&rsquo;hui, le rel\u00e2chement g\u00e9n\u00e9ral en Tunisie qui a conduit \u00e0 une collision entre un train et un bus \u00e0 Jebel Jeloud, ayant\u00a0fait\u00a05 morts et 52 bless\u00e9s.","og_url":"https:\/\/kapitalis.com\/tunisie\/2016\/12\/28\/jebel-jeloud-caid-essebsi-deplore-un-relachement-general-dans-le-pays\/","og_site_name":"Kapitalis","article_publisher":"https:\/\/www.facebook.com\/KapitalisInfo\/","article_published_time":"2016-12-28T13:19:39+00:00","og_image":[{"width":1200,"height":630,"url":"https:\/\/kapitalis.com\/tunisie\/wp-content\/uploads\/2022\/05\/kapitalis-logo-fb.png","type":"image\/png"}],"author":"Yusra NY","twitter_card":"summary_large_image","twitter_creator":"@KapitalisInfo","twitter_site":"@KapitalisInfo","twitter_misc":{"\u00c9crit par":"Yusra NY","Dur\u00e9e de lecture estim\u00e9e":"1 minute"},"schema":{"@context":"https:\/\/schema.org","@graph":[{"@type":"Article","@id":"https:\/\/kapitalis.com\/tunisie\/2016\/12\/28\/jebel-jeloud-caid-essebsi-deplore-un-relachement-general-dans-le-pays\/#article","isPartOf":{"@id":"https:\/\/kapitalis.com\/tunisie\/2016\/12\/28\/jebel-jeloud-caid-essebsi-deplore-un-relachement-general-dans-le-pays\/"},"author":{"name":"Yusra NY","@id":"https:\/\/kapitalis.com\/tunisie\/#\/schema\/person\/74bbde0154d49d790a92aaeac5bc01d5"},"headline":"Accident de Jebel Jeloud : Ca\u00efd Essebsi d\u00e9plore le laisser-aller dans le pays","datePublished":"2016-12-28T13:19:39+00:00","mainEntityOfPage":{"@id":"https:\/\/kapitalis.com\/tunisie\/2016\/12\/28\/jebel-jeloud-caid-essebsi-deplore-un-relachement-general-dans-le-pays\/"},"wordCount":289,"commentCount":8,"publisher":{"@id":"https:\/\/kapitalis.com\/tunisie\/#organization"},"image":{"@id":"https:\/\/kapitalis.com\/tunisie\/2016\/12\/28\/jebel-jeloud-caid-essebsi-deplore-un-relachement-general-dans-le-pays\/#primaryimage"},"thumbnailUrl":"","keywords":["accident","Ben Arous","bless\u00e9s","bus","d\u00e9put\u00e9s","Jebel Jeloud","ministres","pr\u00e9sident","Samira Mera\u00ef","train","victimes"],"articleSection":["POLITIQUE","Tunisie"],"inLanguage":"fr-FR","potentialAction":[{"@type":"CommentAction","name":"Comment","target":["https:\/\/kapitalis.com\/tunisie\/2016\/12\/28\/jebel-jeloud-caid-essebsi-deplore-un-relachement-general-dans-le-pays\/#respond"]}]},{"@type":"WebPage","@id":"https:\/\/kapitalis.com\/tunisie\/2016\/12\/28\/jebel-jeloud-caid-essebsi-deplore-un-relachement-general-dans-le-pays\/","url":"https:\/\/kapitalis.com\/tunisie\/2016\/12\/28\/jebel-jeloud-caid-essebsi-deplore-un-relachement-general-dans-le-pays\/","name":"Accident de Jebel Jeloud : Ca\u00efd Essebsi d\u00e9plore le laisser-aller dans le pays - Kapitalis","isPartOf":{"@id":"https:\/\/kapitalis.com\/tunisie\/#website"},"primaryImageOfPage":{"@id":"https:\/\/kapitalis.com\/tunisie\/2016\/12\/28\/jebel-jeloud-caid-essebsi-deplore-un-relachement-general-dans-le-pays\/#primaryimage"},"image":{"@id":"https:\/\/kapitalis.com\/tunisie\/2016\/12\/28\/jebel-jeloud-caid-essebsi-deplore-un-relachement-general-dans-le-pays\/#primaryimage"},"thumbnailUrl":"","datePublished":"2016-12-28T13:19:39+00:00","breadcrumb":{"@id":"https:\/\/kapitalis.com\/tunisie\/2016\/12\/28\/jebel-jeloud-caid-essebsi-deplore-un-relachement-general-dans-le-pays\/#breadcrumb"},"inLanguage":"fr-FR","potentialAction":[{"@type":"ReadAction","target":["https:\/\/kapitalis.com\/tunisie\/2016\/12\/28\/jebel-jeloud-caid-essebsi-deplore-un-relachement-general-dans-le-pays\/"]}]},{"@type":"ImageObject","inLanguage":"fr-FR","@id":"https:\/\/kapitalis.com\/tunisie\/2016\/12\/28\/jebel-jeloud-caid-essebsi-deplore-un-relachement-general-dans-le-pays\/#primaryimage","url":"","contentUrl":""},{"@type":"BreadcrumbList","@id":"https:\/\/kapitalis.com\/tunisie\/2016\/12\/28\/jebel-jeloud-caid-essebsi-deplore-un-relachement-general-dans-le-pays\/#breadcrumb","itemListElement":[{"@type":"ListItem","position":1,"name":"Accueil","item":"https:\/\/kapitalis.com\/tunisie\/"},{"@type":"ListItem","position":2,"name":"Accident de Jebel Jeloud : Ca\u00efd Essebsi d\u00e9plore le laisser-aller dans le pays"}]},{"@type":"WebSite","@id":"https:\/\/kapitalis.com\/tunisie\/#website","url":"https:\/\/kapitalis.com\/tunisie\/","name":"Kapitalis","description":"L&#039;actualit\u00e9 en Tunisie et dans le monde","publisher":{"@id":"https:\/\/kapitalis.com\/tunisie\/#organization"},"potentialAction":[{"@type":"SearchAction","target":{"@type":"EntryPoint","urlTemplate":"https:\/\/kapitalis.com\/tunisie\/?s={search_term_string}"},"query-input":{"@type":"PropertyValueSpecification","valueRequired":true,"valueName":"search_term_string"}}],"inLanguage":"fr-FR"},{"@type":"Organization","@id":"https:\/\/kapitalis.com\/tunisie\/#organization","name":"Kapitalis","url":"https:\/\/kapitalis.com\/tunisie\/","logo":{"@type":"ImageObject","inLanguage":"fr-FR","@id":"https:\/\/kapitalis.com\/tunisie\/#\/schema\/logo\/image\/","url":"https:\/\/kapitalis.com\/tunisie\/wp-content\/uploads\/2022\/05\/Kapitalis-big-size.png","contentUrl":"https:\/\/kapitalis.com\/tunisie\/wp-content\/uploads\/2022\/05\/Kapitalis-big-size.png","width":5000,"height":1500,"caption":"Kapitalis"},"image":{"@id":"https:\/\/kapitalis.com\/tunisie\/#\/schema\/logo\/image\/"},"sameAs":["https:\/\/www.facebook.com\/KapitalisInfo\/","https:\/\/x.com\/KapitalisInfo","https:\/\/www.youtube.com\/channel\/UC-yDYrHyfFBWWZaOw3FPg9Q"]},{"@type":"Person","@id":"https:\/\/kapitalis.com\/tunisie\/#\/schema\/person\/74bbde0154d49d790a92aaeac5bc01d5","name":"Yusra NY","url":"https:\/\/kapitalis.com\/tunisie\/author\/yuza_adam\/"}]}},"_links":{"self":[{"href":"https:\/\/kapitalis.com\/tunisie\/wp-json\/wp\/v2\/posts\/77032","targetHints":{"allow":["GET"]}}],"collection":[{"href":"https:\/\/kapitalis.com\/tunisie\/wp-json\/wp\/v2\/posts"}],"about":[{"href":"https:\/\/kapitalis.com\/tunisie\/wp-json\/wp\/v2\/types\/post"}],"author":[{"embeddable":true,"href":"https:\/\/kapitalis.com\/tunisie\/wp-json\/wp\/v2\/users\/6"}],"replies":[{"embeddable":true,"href":"https:\/\/kapitalis.com\/tunisie\/wp-json\/wp\/v2\/comments?post=77032"}],"version-history":[{"count":0,"href":"https:\/\/kapitalis.com\/tunisie\/wp-json\/wp\/v2\/posts\/77032\/revisions"}],"wp:featuredmedia":[{"embeddable":true,"href":"https:\/\/kapitalis.com\/tunisie\/wp-json\/wp\/v2\/media\/77035"}],"wp:attachment":[{"href":"https:\/\/kapitalis.com\/tunisie\/wp-json\/wp\/v2\/media?parent=77032"}],"wp:term":[{"taxonomy":"category","embeddable":true,"href":"https:\/\/kapitalis.com\/tunisie\/wp-json\/wp\/v2\/categories?post=77032"},{"taxonomy":"post_tag","embeddable":true,"href":"https:\/\/kapitalis.com\/tunisie\/wp-json\/wp\/v2\/tags?post=77032"}],"curies":[{"name":"wp","href":"https:\/\/api.w.org\/{rel}","templated":true}]}}