{"id":7711414,"date":"2023-05-01T10:26:52","date_gmt":"2023-05-01T09:26:52","guid":{"rendered":"https:\/\/kapitalis.com\/tunisie\/?p=7711414"},"modified":"2023-05-01T10:26:54","modified_gmt":"2023-05-01T09:26:54","slug":"tunisie-un-militant-de-gauche-libere-deux-heures-apres-son-arrestation","status":"publish","type":"post","link":"https:\/\/kapitalis.com\/tunisie\/2023\/05\/01\/tunisie-un-militant-de-gauche-libere-deux-heures-apres-son-arrestation\/","title":{"rendered":"Tunisie\u00a0: un militant de gauche lib\u00e9r\u00e9 deux heures apr\u00e8s son arrestation"},"content":{"rendered":"\n<p><strong><em>Naceur Ben Romdhane, membre du comit\u00e9 central du Parti des Travailleurs, a \u00e9t\u00e9 rel\u00e2ch\u00e9, dimanche 30 avril 2021, \u00e0 23 heures, apr\u00e8s avoir \u00e9t\u00e9 entendu au poste de police de la cit\u00e9 Riyadh \u00e0 Sousse.<\/em><\/strong><\/p>\n\n\n\n<!--more-->\n\n\n\n<p>Naceur Ben Romdhane avait \u00e9t\u00e9 arr\u00eat\u00e9 deux heures auparavant par des agents de police pour avoir photocopi\u00e9 le communiqu\u00e9 publi\u00e9 par son parti \u00e0 l\u2019occasion de la c\u00e9l\u00e9bration de la Journ\u00e9e mondial du travail, le 1<sup>er<\/sup> mai.<\/p>\n\n\n\n<p>Dans un communiqu\u00e9, le Parti des Travailleurs a d\u00e9plor\u00e9 ce qu\u2019il a qualifi\u00e9 de <em>\u00abgrave atteinte \u00e0 la libert\u00e9 d\u2019expression\u00bb<\/em> et de <em>\u00abnon respect des proc\u00e9dures l\u00e9gales\u00bb<\/em> dans ce genre de situation au pr\u00e9texte que <em>\u00able communiqu\u00e9 \u00e9tait hostile \u00e0 l\u2019Etat\u00bb<\/em>.<\/p>\n\n\n\n<p><em>\u00abJ\u2019ai aussit\u00f4t inform\u00e9 mes camarades et mes amis avocats et d\u00e9fenseurs des droits humains qui sont arriv\u00e9s au poste de police de la cit\u00e9 Riyadh. Le discours a alors totalement chang\u00e9 et on a cherch\u00e9 de faux pr\u00e9textes pour justifier ce qui est arriv\u00e9\u00bb<\/em>, a expliqu\u00e9 Ben Romdhane, qui a lanc\u00e9 aux autorit\u00e9s le message suivant&nbsp;: <em>\u00abNous le r\u00e9p\u00e9tons encore une fois&nbsp;: nous ne tremblerons pas et nous ne c\u00e8derons pas. A bas toutes les pratiques restrictives des libert\u00e9s&nbsp;!\u00bb<\/em><\/p>\n\n\n\n<p class=\"has-text-align-right\"><strong>I. B.<\/strong><\/p>\n","protected":false},"excerpt":{"rendered":"<p>Le militant du Parti des Travailleurs rel\u00e2ch\u00e9 deux heures apr\u00e8s son arrestations par la police \u00e0 Sousse. <\/p>\n","protected":false},"author":8,"featured_media":7711478,"comment_status":"open","ping_status":"open","sticky":false,"template":"","format":"standard","meta":{"footnotes":""},"categories":[997,2433],"tags":[108342,108341,5337,854,62643],"class_list":["post-7711414","post","type-post","status-publish","format-standard","has-post-thumbnail","hentry","category-politique","category-tunisie","tag-cite-riyadh","tag-naceur-ben-romdhane","tag-parti-des-travailleurs","tag-sousse","tag-tunisie"],"yoast_head":"<!-- This site is optimized with the Yoast SEO plugin v26.6 - https:\/\/yoast.com\/wordpress\/plugins\/seo\/ -->\n<title>Tunisie\u00a0: un militant de gauche lib\u00e9r\u00e9 deux heures apr\u00e8s son arrestation - Kapitalis<\/title>\n<meta name=\"robots\" content=\"index, follow, max-snippet:-1, max-image-preview:large, max-video-preview:-1\" \/>\n<link rel=\"canonical\" href=\"https:\/\/kapitalis.com\/tunisie\/2023\/05\/01\/tunisie-un-militant-de-gauche-libere-deux-heures-apres-son-arrestation\/\" \/>\n<meta property=\"og:locale\" content=\"fr_FR\" \/>\n<meta property=\"og:type\" content=\"article\" \/>\n<meta property=\"og:title\" content=\"Tunisie\u00a0: un militant de gauche lib\u00e9r\u00e9 deux heures apr\u00e8s son arrestation - Kapitalis\" \/>\n<meta property=\"og:description\" content=\"Le militant du Parti des Travailleurs rel\u00e2ch\u00e9 deux heures apr\u00e8s son arrestations par la police \u00e0 Sousse.\" \/>\n<meta property=\"og:url\" content=\"https:\/\/kapitalis.com\/tunisie\/2023\/05\/01\/tunisie-un-militant-de-gauche-libere-deux-heures-apres-son-arrestation\/\" \/>\n<meta property=\"og:site_name\" content=\"Kapitalis\" \/>\n<meta property=\"article:publisher\" content=\"https:\/\/www.facebook.com\/KapitalisInfo\/\" \/>\n<meta property=\"article:published_time\" content=\"2023-05-01T09:26:52+00:00\" \/>\n<meta property=\"article:modified_time\" content=\"2023-05-01T09:26:54+00:00\" \/>\n<meta property=\"og:image\" content=\"https:\/\/kapitalis.com\/tunisie\/wp-content\/uploads\/2023\/05\/Naceur-Ben-Romdhane.jpg\" \/>\n\t<meta property=\"og:image:width\" content=\"1200\" \/>\n\t<meta property=\"og:image:height\" content=\"630\" \/>\n\t<meta property=\"og:image:type\" content=\"image\/jpeg\" \/>\n<meta name=\"author\" content=\"webmaster kapitalis\" \/>\n<meta name=\"twitter:card\" content=\"summary_large_image\" \/>\n<meta name=\"twitter:creator\" content=\"@KapitalisInfo\" \/>\n<meta name=\"twitter:site\" content=\"@KapitalisInfo\" \/>\n<meta name=\"twitter:label1\" content=\"\u00c9crit par\" \/>\n\t<meta name=\"twitter:data1\" content=\"webmaster kapitalis\" \/>\n\t<meta name=\"twitter:label2\" content=\"Dur\u00e9e de lecture estim\u00e9e\" \/>\n\t<meta name=\"twitter:data2\" content=\"1 minute\" \/>\n<script type=\"application\/ld+json\" class=\"yoast-schema-graph\">{\"@context\":\"https:\/\/schema.org\",\"@graph\":[{\"@type\":\"Article\",\"@id\":\"https:\/\/kapitalis.com\/tunisie\/2023\/05\/01\/tunisie-un-militant-de-gauche-libere-deux-heures-apres-son-arrestation\/#article\",\"isPartOf\":{\"@id\":\"https:\/\/kapitalis.com\/tunisie\/2023\/05\/01\/tunisie-un-militant-de-gauche-libere-deux-heures-apres-son-arrestation\/\"},\"author\":{\"name\":\"webmaster kapitalis\",\"@id\":\"https:\/\/kapitalis.com\/tunisie\/#\/schema\/person\/d71f33a9ca44f7bad4698210b480c8e9\"},\"headline\":\"Tunisie\u00a0: un militant de gauche lib\u00e9r\u00e9 deux heures apr\u00e8s son arrestation\",\"datePublished\":\"2023-05-01T09:26:52+00:00\",\"dateModified\":\"2023-05-01T09:26:54+00:00\",\"mainEntityOfPage\":{\"@id\":\"https:\/\/kapitalis.com\/tunisie\/2023\/05\/01\/tunisie-un-militant-de-gauche-libere-deux-heures-apres-son-arrestation\/\"},\"wordCount\":226,\"commentCount\":0,\"publisher\":{\"@id\":\"https:\/\/kapitalis.com\/tunisie\/#organization\"},\"image\":{\"@id\":\"https:\/\/kapitalis.com\/tunisie\/2023\/05\/01\/tunisie-un-militant-de-gauche-libere-deux-heures-apres-son-arrestation\/#primaryimage\"},\"thumbnailUrl\":\"https:\/\/kapitalis.com\/tunisie\/wp-content\/uploads\/2023\/05\/Naceur-Ben-Romdhane.jpg\",\"keywords\":[\"cit\u00e9 Riyadh\",\"Naceur Ben Romdhane\",\"Parti des travailleurs\",\"Sousse\",\"Tunisie\"],\"articleSection\":[\"POLITIQUE\",\"Tunisie\"],\"inLanguage\":\"fr-FR\",\"potentialAction\":[{\"@type\":\"CommentAction\",\"name\":\"Comment\",\"target\":[\"https:\/\/kapitalis.com\/tunisie\/2023\/05\/01\/tunisie-un-militant-de-gauche-libere-deux-heures-apres-son-arrestation\/#respond\"]}]},{\"@type\":\"WebPage\",\"@id\":\"https:\/\/kapitalis.com\/tunisie\/2023\/05\/01\/tunisie-un-militant-de-gauche-libere-deux-heures-apres-son-arrestation\/\",\"url\":\"https:\/\/kapitalis.com\/tunisie\/2023\/05\/01\/tunisie-un-militant-de-gauche-libere-deux-heures-apres-son-arrestation\/\",\"name\":\"Tunisie\u00a0: un militant de gauche lib\u00e9r\u00e9 deux heures apr\u00e8s son arrestation - Kapitalis\",\"isPartOf\":{\"@id\":\"https:\/\/kapitalis.com\/tunisie\/#website\"},\"primaryImageOfPage\":{\"@id\":\"https:\/\/kapitalis.com\/tunisie\/2023\/05\/01\/tunisie-un-militant-de-gauche-libere-deux-heures-apres-son-arrestation\/#primaryimage\"},\"image\":{\"@id\":\"https:\/\/kapitalis.com\/tunisie\/2023\/05\/01\/tunisie-un-militant-de-gauche-libere-deux-heures-apres-son-arrestation\/#primaryimage\"},\"thumbnailUrl\":\"https:\/\/kapitalis.com\/tunisie\/wp-content\/uploads\/2023\/05\/Naceur-Ben-Romdhane.jpg\",\"datePublished\":\"2023-05-01T09:26:52+00:00\",\"dateModified\":\"2023-05-01T09:26:54+00:00\",\"breadcrumb\":{\"@id\":\"https:\/\/kapitalis.com\/tunisie\/2023\/05\/01\/tunisie-un-militant-de-gauche-libere-deux-heures-apres-son-arrestation\/#breadcrumb\"},\"inLanguage\":\"fr-FR\",\"potentialAction\":[{\"@type\":\"ReadAction\",\"target\":[\"https:\/\/kapitalis.com\/tunisie\/2023\/05\/01\/tunisie-un-militant-de-gauche-libere-deux-heures-apres-son-arrestation\/\"]}]},{\"@type\":\"ImageObject\",\"inLanguage\":\"fr-FR\",\"@id\":\"https:\/\/kapitalis.com\/tunisie\/2023\/05\/01\/tunisie-un-militant-de-gauche-libere-deux-heures-apres-son-arrestation\/#primaryimage\",\"url\":\"https:\/\/kapitalis.com\/tunisie\/wp-content\/uploads\/2023\/05\/Naceur-Ben-Romdhane.jpg\",\"contentUrl\":\"https:\/\/kapitalis.com\/tunisie\/wp-content\/uploads\/2023\/05\/Naceur-Ben-Romdhane.jpg\",\"width\":1200,\"height\":630},{\"@type\":\"BreadcrumbList\",\"@id\":\"https:\/\/kapitalis.com\/tunisie\/2023\/05\/01\/tunisie-un-militant-de-gauche-libere-deux-heures-apres-son-arrestation\/#breadcrumb\",\"itemListElement\":[{\"@type\":\"ListItem\",\"position\":1,\"name\":\"Accueil\",\"item\":\"https:\/\/kapitalis.com\/tunisie\/\"},{\"@type\":\"ListItem\",\"position\":2,\"name\":\"Tunisie\u00a0: un militant de gauche lib\u00e9r\u00e9 deux heures apr\u00e8s son arrestation\"}]},{\"@type\":\"WebSite\",\"@id\":\"https:\/\/kapitalis.com\/tunisie\/#website\",\"url\":\"https:\/\/kapitalis.com\/tunisie\/\",\"name\":\"Kapitalis\",\"description\":\"L&#039;actualit\u00e9 en Tunisie et dans le monde\",\"publisher\":{\"@id\":\"https:\/\/kapitalis.com\/tunisie\/#organization\"},\"potentialAction\":[{\"@type\":\"SearchAction\",\"target\":{\"@type\":\"EntryPoint\",\"urlTemplate\":\"https:\/\/kapitalis.com\/tunisie\/?s={search_term_string}\"},\"query-input\":{\"@type\":\"PropertyValueSpecification\",\"valueRequired\":true,\"valueName\":\"search_term_string\"}}],\"inLanguage\":\"fr-FR\"},{\"@type\":\"Organization\",\"@id\":\"https:\/\/kapitalis.com\/tunisie\/#organization\",\"name\":\"Kapitalis\",\"url\":\"https:\/\/kapitalis.com\/tunisie\/\",\"logo\":{\"@type\":\"ImageObject\",\"inLanguage\":\"fr-FR\",\"@id\":\"https:\/\/kapitalis.com\/tunisie\/#\/schema\/logo\/image\/\",\"url\":\"https:\/\/kapitalis.com\/tunisie\/wp-content\/uploads\/2022\/05\/Kapitalis-big-size.png\",\"contentUrl\":\"https:\/\/kapitalis.com\/tunisie\/wp-content\/uploads\/2022\/05\/Kapitalis-big-size.png\",\"width\":5000,\"height\":1500,\"caption\":\"Kapitalis\"},\"image\":{\"@id\":\"https:\/\/kapitalis.com\/tunisie\/#\/schema\/logo\/image\/\"},\"sameAs\":[\"https:\/\/www.facebook.com\/KapitalisInfo\/\",\"https:\/\/x.com\/KapitalisInfo\",\"https:\/\/www.youtube.com\/channel\/UC-yDYrHyfFBWWZaOw3FPg9Q\"]},{\"@type\":\"Person\",\"@id\":\"https:\/\/kapitalis.com\/tunisie\/#\/schema\/person\/d71f33a9ca44f7bad4698210b480c8e9\",\"name\":\"webmaster kapitalis\",\"url\":\"https:\/\/kapitalis.com\/tunisie\/author\/webmaster-kapitalis\/\"}]}<\/script>\n<!-- \/ Yoast SEO plugin. -->","yoast_head_json":{"title":"Tunisie\u00a0: un militant de gauche lib\u00e9r\u00e9 deux heures apr\u00e8s son arrestation - Kapitalis","robots":{"index":"index","follow":"follow","max-snippet":"max-snippet:-1","max-image-preview":"max-image-preview:large","max-video-preview":"max-video-preview:-1"},"canonical":"https:\/\/kapitalis.com\/tunisie\/2023\/05\/01\/tunisie-un-militant-de-gauche-libere-deux-heures-apres-son-arrestation\/","og_locale":"fr_FR","og_type":"article","og_title":"Tunisie\u00a0: un militant de gauche lib\u00e9r\u00e9 deux heures apr\u00e8s son arrestation - Kapitalis","og_description":"Le militant du Parti des Travailleurs rel\u00e2ch\u00e9 deux heures apr\u00e8s son arrestations par la police \u00e0 Sousse.","og_url":"https:\/\/kapitalis.com\/tunisie\/2023\/05\/01\/tunisie-un-militant-de-gauche-libere-deux-heures-apres-son-arrestation\/","og_site_name":"Kapitalis","article_publisher":"https:\/\/www.facebook.com\/KapitalisInfo\/","article_published_time":"2023-05-01T09:26:52+00:00","article_modified_time":"2023-05-01T09:26:54+00:00","og_image":[{"width":1200,"height":630,"url":"https:\/\/kapitalis.com\/tunisie\/wp-content\/uploads\/2023\/05\/Naceur-Ben-Romdhane.jpg","type":"image\/jpeg"}],"author":"webmaster kapitalis","twitter_card":"summary_large_image","twitter_creator":"@KapitalisInfo","twitter_site":"@KapitalisInfo","twitter_misc":{"\u00c9crit par":"webmaster kapitalis","Dur\u00e9e de lecture estim\u00e9e":"1 minute"},"schema":{"@context":"https:\/\/schema.org","@graph":[{"@type":"Article","@id":"https:\/\/kapitalis.com\/tunisie\/2023\/05\/01\/tunisie-un-militant-de-gauche-libere-deux-heures-apres-son-arrestation\/#article","isPartOf":{"@id":"https:\/\/kapitalis.com\/tunisie\/2023\/05\/01\/tunisie-un-militant-de-gauche-libere-deux-heures-apres-son-arrestation\/"},"author":{"name":"webmaster kapitalis","@id":"https:\/\/kapitalis.com\/tunisie\/#\/schema\/person\/d71f33a9ca44f7bad4698210b480c8e9"},"headline":"Tunisie\u00a0: un militant de gauche lib\u00e9r\u00e9 deux heures apr\u00e8s son arrestation","datePublished":"2023-05-01T09:26:52+00:00","dateModified":"2023-05-01T09:26:54+00:00","mainEntityOfPage":{"@id":"https:\/\/kapitalis.com\/tunisie\/2023\/05\/01\/tunisie-un-militant-de-gauche-libere-deux-heures-apres-son-arrestation\/"},"wordCount":226,"commentCount":0,"publisher":{"@id":"https:\/\/kapitalis.com\/tunisie\/#organization"},"image":{"@id":"https:\/\/kapitalis.com\/tunisie\/2023\/05\/01\/tunisie-un-militant-de-gauche-libere-deux-heures-apres-son-arrestation\/#primaryimage"},"thumbnailUrl":"https:\/\/kapitalis.com\/tunisie\/wp-content\/uploads\/2023\/05\/Naceur-Ben-Romdhane.jpg","keywords":["cit\u00e9 Riyadh","Naceur Ben Romdhane","Parti des travailleurs","Sousse","Tunisie"],"articleSection":["POLITIQUE","Tunisie"],"inLanguage":"fr-FR","potentialAction":[{"@type":"CommentAction","name":"Comment","target":["https:\/\/kapitalis.com\/tunisie\/2023\/05\/01\/tunisie-un-militant-de-gauche-libere-deux-heures-apres-son-arrestation\/#respond"]}]},{"@type":"WebPage","@id":"https:\/\/kapitalis.com\/tunisie\/2023\/05\/01\/tunisie-un-militant-de-gauche-libere-deux-heures-apres-son-arrestation\/","url":"https:\/\/kapitalis.com\/tunisie\/2023\/05\/01\/tunisie-un-militant-de-gauche-libere-deux-heures-apres-son-arrestation\/","name":"Tunisie\u00a0: un militant de gauche lib\u00e9r\u00e9 deux heures apr\u00e8s son arrestation - Kapitalis","isPartOf":{"@id":"https:\/\/kapitalis.com\/tunisie\/#website"},"primaryImageOfPage":{"@id":"https:\/\/kapitalis.com\/tunisie\/2023\/05\/01\/tunisie-un-militant-de-gauche-libere-deux-heures-apres-son-arrestation\/#primaryimage"},"image":{"@id":"https:\/\/kapitalis.com\/tunisie\/2023\/05\/01\/tunisie-un-militant-de-gauche-libere-deux-heures-apres-son-arrestation\/#primaryimage"},"thumbnailUrl":"https:\/\/kapitalis.com\/tunisie\/wp-content\/uploads\/2023\/05\/Naceur-Ben-Romdhane.jpg","datePublished":"2023-05-01T09:26:52+00:00","dateModified":"2023-05-01T09:26:54+00:00","breadcrumb":{"@id":"https:\/\/kapitalis.com\/tunisie\/2023\/05\/01\/tunisie-un-militant-de-gauche-libere-deux-heures-apres-son-arrestation\/#breadcrumb"},"inLanguage":"fr-FR","potentialAction":[{"@type":"ReadAction","target":["https:\/\/kapitalis.com\/tunisie\/2023\/05\/01\/tunisie-un-militant-de-gauche-libere-deux-heures-apres-son-arrestation\/"]}]},{"@type":"ImageObject","inLanguage":"fr-FR","@id":"https:\/\/kapitalis.com\/tunisie\/2023\/05\/01\/tunisie-un-militant-de-gauche-libere-deux-heures-apres-son-arrestation\/#primaryimage","url":"https:\/\/kapitalis.com\/tunisie\/wp-content\/uploads\/2023\/05\/Naceur-Ben-Romdhane.jpg","contentUrl":"https:\/\/kapitalis.com\/tunisie\/wp-content\/uploads\/2023\/05\/Naceur-Ben-Romdhane.jpg","width":1200,"height":630},{"@type":"BreadcrumbList","@id":"https:\/\/kapitalis.com\/tunisie\/2023\/05\/01\/tunisie-un-militant-de-gauche-libere-deux-heures-apres-son-arrestation\/#breadcrumb","itemListElement":[{"@type":"ListItem","position":1,"name":"Accueil","item":"https:\/\/kapitalis.com\/tunisie\/"},{"@type":"ListItem","position":2,"name":"Tunisie\u00a0: un militant de gauche lib\u00e9r\u00e9 deux heures apr\u00e8s son arrestation"}]},{"@type":"WebSite","@id":"https:\/\/kapitalis.com\/tunisie\/#website","url":"https:\/\/kapitalis.com\/tunisie\/","name":"Kapitalis","description":"L&#039;actualit\u00e9 en Tunisie et dans le monde","publisher":{"@id":"https:\/\/kapitalis.com\/tunisie\/#organization"},"potentialAction":[{"@type":"SearchAction","target":{"@type":"EntryPoint","urlTemplate":"https:\/\/kapitalis.com\/tunisie\/?s={search_term_string}"},"query-input":{"@type":"PropertyValueSpecification","valueRequired":true,"valueName":"search_term_string"}}],"inLanguage":"fr-FR"},{"@type":"Organization","@id":"https:\/\/kapitalis.com\/tunisie\/#organization","name":"Kapitalis","url":"https:\/\/kapitalis.com\/tunisie\/","logo":{"@type":"ImageObject","inLanguage":"fr-FR","@id":"https:\/\/kapitalis.com\/tunisie\/#\/schema\/logo\/image\/","url":"https:\/\/kapitalis.com\/tunisie\/wp-content\/uploads\/2022\/05\/Kapitalis-big-size.png","contentUrl":"https:\/\/kapitalis.com\/tunisie\/wp-content\/uploads\/2022\/05\/Kapitalis-big-size.png","width":5000,"height":1500,"caption":"Kapitalis"},"image":{"@id":"https:\/\/kapitalis.com\/tunisie\/#\/schema\/logo\/image\/"},"sameAs":["https:\/\/www.facebook.com\/KapitalisInfo\/","https:\/\/x.com\/KapitalisInfo","https:\/\/www.youtube.com\/channel\/UC-yDYrHyfFBWWZaOw3FPg9Q"]},{"@type":"Person","@id":"https:\/\/kapitalis.com\/tunisie\/#\/schema\/person\/d71f33a9ca44f7bad4698210b480c8e9","name":"webmaster kapitalis","url":"https:\/\/kapitalis.com\/tunisie\/author\/webmaster-kapitalis\/"}]}},"_links":{"self":[{"href":"https:\/\/kapitalis.com\/tunisie\/wp-json\/wp\/v2\/posts\/7711414","targetHints":{"allow":["GET"]}}],"collection":[{"href":"https:\/\/kapitalis.com\/tunisie\/wp-json\/wp\/v2\/posts"}],"about":[{"href":"https:\/\/kapitalis.com\/tunisie\/wp-json\/wp\/v2\/types\/post"}],"author":[{"embeddable":true,"href":"https:\/\/kapitalis.com\/tunisie\/wp-json\/wp\/v2\/users\/8"}],"replies":[{"embeddable":true,"href":"https:\/\/kapitalis.com\/tunisie\/wp-json\/wp\/v2\/comments?post=7711414"}],"version-history":[{"count":1,"href":"https:\/\/kapitalis.com\/tunisie\/wp-json\/wp\/v2\/posts\/7711414\/revisions"}],"predecessor-version":[{"id":7711488,"href":"https:\/\/kapitalis.com\/tunisie\/wp-json\/wp\/v2\/posts\/7711414\/revisions\/7711488"}],"wp:featuredmedia":[{"embeddable":true,"href":"https:\/\/kapitalis.com\/tunisie\/wp-json\/wp\/v2\/media\/7711478"}],"wp:attachment":[{"href":"https:\/\/kapitalis.com\/tunisie\/wp-json\/wp\/v2\/media?parent=7711414"}],"wp:term":[{"taxonomy":"category","embeddable":true,"href":"https:\/\/kapitalis.com\/tunisie\/wp-json\/wp\/v2\/categories?post=7711414"},{"taxonomy":"post_tag","embeddable":true,"href":"https:\/\/kapitalis.com\/tunisie\/wp-json\/wp\/v2\/tags?post=7711414"}],"curies":[{"name":"wp","href":"https:\/\/api.w.org\/{rel}","templated":true}]}}