{"id":772281,"date":"2022-05-17T12:14:29","date_gmt":"2022-05-17T10:14:29","guid":{"rendered":"https:\/\/kapitalis.com\/tunisie\/?p=772281"},"modified":"2022-05-17T12:14:31","modified_gmt":"2022-05-17T10:14:31","slug":"tunisie-majoration-des-tarifs-de-lelectricite-le-prix-du-cafe-suivra","status":"publish","type":"post","link":"https:\/\/kapitalis.com\/tunisie\/2022\/05\/17\/tunisie-majoration-des-tarifs-de-lelectricite-le-prix-du-cafe-suivra\/","title":{"rendered":"Tunisie : Majoration des tarifs de l\u2019\u00e9lectricit\u00e9 : Le prix du caf\u00e9 suivra"},"content":{"rendered":"\n<p><strong><em>Les r\u00e9centes majorations des tarifs de l\u2019\u00e9lectricit\u00e9 et du gaz auront des cons\u00e9quences directes sur le prix du caf\u00e9, a affirm\u00e9, ce mardi 17 mai 2022, caf\u00e9, Sadri Ben Azzouz,<\/em><\/strong> <strong><em>vice-pr\u00e9sident de la Chambre nationale des propri\u00e9taires des caf\u00e9s.<\/em><\/strong><\/p>\n\n\n\n<!--more-->\n\n\n\n<p>\u00ab<em>L\u2019augmentation des tarifs de tous les produits \u00e0 forte consommation et des mati\u00e8res premi\u00e8res provoquera une baisse des b\u00e9n\u00e9fices, qui conduira forc\u00e9ment \u00e0 l\u2019augmentation des prix et malheureusement c\u2019est le consommateur qui en fera les frais<\/em>\u00bb, a-t-il regrett\u00e9, dans une d\u00e9claration accord\u00e9e \u00e0 Mosa\u00efque FM.<\/p>\n","protected":false},"excerpt":{"rendered":"<p>Les r\u00e9centes majorations des tarifs de l\u2019\u00e9lectricit\u00e9 et du gaz auront des cons\u00e9quences directes sur le prix du caf\u00e9, a affirm\u00e9, ce mardi 17 mai 2022, caf\u00e9, Sadri Ben Azzouz, vice-pr\u00e9sident de la Chambre nationale des propri\u00e9taires des caf\u00e9s.<\/p>\n","protected":false},"author":24,"featured_media":772818,"comment_status":"open","ping_status":"open","sticky":false,"template":"","format":"standard","meta":{"footnotes":""},"categories":[995,998,2433],"tags":[89549,99759],"class_list":["post-772281","post","type-post","status-publish","format-standard","has-post-thumbnail","hentry","category-economie","category-societe","category-tunisie","tag-sadri-ben-azzouz","tag-tarifs-de-lelectricite"],"yoast_head":"<!-- This site is optimized with the Yoast SEO plugin v26.6 - https:\/\/yoast.com\/wordpress\/plugins\/seo\/ -->\n<title>Tunisie : Majoration des tarifs de l\u2019\u00e9lectricit\u00e9 : Le prix du caf\u00e9 suivra - Kapitalis<\/title>\n<meta name=\"robots\" content=\"index, follow, max-snippet:-1, max-image-preview:large, max-video-preview:-1\" \/>\n<link rel=\"canonical\" href=\"https:\/\/kapitalis.com\/tunisie\/2022\/05\/17\/tunisie-majoration-des-tarifs-de-lelectricite-le-prix-du-cafe-suivra\/\" \/>\n<meta property=\"og:locale\" content=\"fr_FR\" \/>\n<meta property=\"og:type\" content=\"article\" \/>\n<meta property=\"og:title\" content=\"Tunisie : Majoration des tarifs de l\u2019\u00e9lectricit\u00e9 : Le prix du caf\u00e9 suivra - Kapitalis\" \/>\n<meta property=\"og:description\" content=\"Les r\u00e9centes majorations des tarifs de l\u2019\u00e9lectricit\u00e9 et du gaz auront des cons\u00e9quences directes sur le prix du caf\u00e9, a affirm\u00e9, ce mardi 17 mai 2022, caf\u00e9, Sadri Ben Azzouz, vice-pr\u00e9sident de la Chambre nationale des propri\u00e9taires des caf\u00e9s.\" \/>\n<meta property=\"og:url\" content=\"https:\/\/kapitalis.com\/tunisie\/2022\/05\/17\/tunisie-majoration-des-tarifs-de-lelectricite-le-prix-du-cafe-suivra\/\" \/>\n<meta property=\"og:site_name\" content=\"Kapitalis\" \/>\n<meta property=\"article:publisher\" content=\"https:\/\/www.facebook.com\/KapitalisInfo\/\" \/>\n<meta property=\"article:published_time\" content=\"2022-05-17T10:14:29+00:00\" \/>\n<meta property=\"article:modified_time\" content=\"2022-05-17T10:14:31+00:00\" \/>\n<meta property=\"og:image\" content=\"https:\/\/kapitalis.com\/tunisie\/wp-content\/uploads\/2022\/05\/cafe.jpg\" \/>\n\t<meta property=\"og:image:width\" content=\"1200\" \/>\n\t<meta property=\"og:image:height\" content=\"630\" \/>\n\t<meta property=\"og:image:type\" content=\"image\/jpeg\" \/>\n<meta name=\"author\" content=\"Cherif Benyounes\" \/>\n<meta name=\"twitter:card\" content=\"summary_large_image\" \/>\n<meta name=\"twitter:creator\" content=\"@KapitalisInfo\" \/>\n<meta name=\"twitter:site\" content=\"@KapitalisInfo\" \/>\n<meta name=\"twitter:label1\" content=\"\u00c9crit par\" \/>\n\t<meta name=\"twitter:data1\" content=\"Cherif Benyounes\" \/>\n\t<meta name=\"twitter:label2\" content=\"Dur\u00e9e de lecture estim\u00e9e\" \/>\n\t<meta name=\"twitter:data2\" content=\"1 minute\" \/>\n<script type=\"application\/ld+json\" class=\"yoast-schema-graph\">{\"@context\":\"https:\/\/schema.org\",\"@graph\":[{\"@type\":\"Article\",\"@id\":\"https:\/\/kapitalis.com\/tunisie\/2022\/05\/17\/tunisie-majoration-des-tarifs-de-lelectricite-le-prix-du-cafe-suivra\/#article\",\"isPartOf\":{\"@id\":\"https:\/\/kapitalis.com\/tunisie\/2022\/05\/17\/tunisie-majoration-des-tarifs-de-lelectricite-le-prix-du-cafe-suivra\/\"},\"author\":{\"name\":\"Cherif Benyounes\",\"@id\":\"https:\/\/kapitalis.com\/tunisie\/#\/schema\/person\/b35b8d631961131107263178aeb8019e\"},\"headline\":\"Tunisie : Majoration des tarifs de l\u2019\u00e9lectricit\u00e9 : Le prix du caf\u00e9 suivra\",\"datePublished\":\"2022-05-17T10:14:29+00:00\",\"dateModified\":\"2022-05-17T10:14:31+00:00\",\"mainEntityOfPage\":{\"@id\":\"https:\/\/kapitalis.com\/tunisie\/2022\/05\/17\/tunisie-majoration-des-tarifs-de-lelectricite-le-prix-du-cafe-suivra\/\"},\"wordCount\":108,\"commentCount\":1,\"publisher\":{\"@id\":\"https:\/\/kapitalis.com\/tunisie\/#organization\"},\"image\":{\"@id\":\"https:\/\/kapitalis.com\/tunisie\/2022\/05\/17\/tunisie-majoration-des-tarifs-de-lelectricite-le-prix-du-cafe-suivra\/#primaryimage\"},\"thumbnailUrl\":\"https:\/\/kapitalis.com\/tunisie\/wp-content\/uploads\/2022\/05\/cafe.jpg\",\"keywords\":[\"Sadri Ben Azzouz\",\"tarifs de l\u2019\u00e9lectricit\u00e9\"],\"articleSection\":[\"ECONOMIE\",\"SOCIETE\",\"Tunisie\"],\"inLanguage\":\"fr-FR\",\"potentialAction\":[{\"@type\":\"CommentAction\",\"name\":\"Comment\",\"target\":[\"https:\/\/kapitalis.com\/tunisie\/2022\/05\/17\/tunisie-majoration-des-tarifs-de-lelectricite-le-prix-du-cafe-suivra\/#respond\"]}]},{\"@type\":\"WebPage\",\"@id\":\"https:\/\/kapitalis.com\/tunisie\/2022\/05\/17\/tunisie-majoration-des-tarifs-de-lelectricite-le-prix-du-cafe-suivra\/\",\"url\":\"https:\/\/kapitalis.com\/tunisie\/2022\/05\/17\/tunisie-majoration-des-tarifs-de-lelectricite-le-prix-du-cafe-suivra\/\",\"name\":\"Tunisie : Majoration des tarifs de l\u2019\u00e9lectricit\u00e9 : Le prix du caf\u00e9 suivra - Kapitalis\",\"isPartOf\":{\"@id\":\"https:\/\/kapitalis.com\/tunisie\/#website\"},\"primaryImageOfPage\":{\"@id\":\"https:\/\/kapitalis.com\/tunisie\/2022\/05\/17\/tunisie-majoration-des-tarifs-de-lelectricite-le-prix-du-cafe-suivra\/#primaryimage\"},\"image\":{\"@id\":\"https:\/\/kapitalis.com\/tunisie\/2022\/05\/17\/tunisie-majoration-des-tarifs-de-lelectricite-le-prix-du-cafe-suivra\/#primaryimage\"},\"thumbnailUrl\":\"https:\/\/kapitalis.com\/tunisie\/wp-content\/uploads\/2022\/05\/cafe.jpg\",\"datePublished\":\"2022-05-17T10:14:29+00:00\",\"dateModified\":\"2022-05-17T10:14:31+00:00\",\"breadcrumb\":{\"@id\":\"https:\/\/kapitalis.com\/tunisie\/2022\/05\/17\/tunisie-majoration-des-tarifs-de-lelectricite-le-prix-du-cafe-suivra\/#breadcrumb\"},\"inLanguage\":\"fr-FR\",\"potentialAction\":[{\"@type\":\"ReadAction\",\"target\":[\"https:\/\/kapitalis.com\/tunisie\/2022\/05\/17\/tunisie-majoration-des-tarifs-de-lelectricite-le-prix-du-cafe-suivra\/\"]}]},{\"@type\":\"ImageObject\",\"inLanguage\":\"fr-FR\",\"@id\":\"https:\/\/kapitalis.com\/tunisie\/2022\/05\/17\/tunisie-majoration-des-tarifs-de-lelectricite-le-prix-du-cafe-suivra\/#primaryimage\",\"url\":\"https:\/\/kapitalis.com\/tunisie\/wp-content\/uploads\/2022\/05\/cafe.jpg\",\"contentUrl\":\"https:\/\/kapitalis.com\/tunisie\/wp-content\/uploads\/2022\/05\/cafe.jpg\",\"width\":1200,\"height\":630},{\"@type\":\"BreadcrumbList\",\"@id\":\"https:\/\/kapitalis.com\/tunisie\/2022\/05\/17\/tunisie-majoration-des-tarifs-de-lelectricite-le-prix-du-cafe-suivra\/#breadcrumb\",\"itemListElement\":[{\"@type\":\"ListItem\",\"position\":1,\"name\":\"Accueil\",\"item\":\"https:\/\/kapitalis.com\/tunisie\/\"},{\"@type\":\"ListItem\",\"position\":2,\"name\":\"Tunisie : Majoration des tarifs de l\u2019\u00e9lectricit\u00e9 : Le prix du caf\u00e9 suivra\"}]},{\"@type\":\"WebSite\",\"@id\":\"https:\/\/kapitalis.com\/tunisie\/#website\",\"url\":\"https:\/\/kapitalis.com\/tunisie\/\",\"name\":\"Kapitalis\",\"description\":\"L&#039;actualit\u00e9 en Tunisie et dans le monde\",\"publisher\":{\"@id\":\"https:\/\/kapitalis.com\/tunisie\/#organization\"},\"potentialAction\":[{\"@type\":\"SearchAction\",\"target\":{\"@type\":\"EntryPoint\",\"urlTemplate\":\"https:\/\/kapitalis.com\/tunisie\/?s={search_term_string}\"},\"query-input\":{\"@type\":\"PropertyValueSpecification\",\"valueRequired\":true,\"valueName\":\"search_term_string\"}}],\"inLanguage\":\"fr-FR\"},{\"@type\":\"Organization\",\"@id\":\"https:\/\/kapitalis.com\/tunisie\/#organization\",\"name\":\"Kapitalis\",\"url\":\"https:\/\/kapitalis.com\/tunisie\/\",\"logo\":{\"@type\":\"ImageObject\",\"inLanguage\":\"fr-FR\",\"@id\":\"https:\/\/kapitalis.com\/tunisie\/#\/schema\/logo\/image\/\",\"url\":\"https:\/\/kapitalis.com\/tunisie\/wp-content\/uploads\/2022\/05\/Kapitalis-big-size.png\",\"contentUrl\":\"https:\/\/kapitalis.com\/tunisie\/wp-content\/uploads\/2022\/05\/Kapitalis-big-size.png\",\"width\":5000,\"height\":1500,\"caption\":\"Kapitalis\"},\"image\":{\"@id\":\"https:\/\/kapitalis.com\/tunisie\/#\/schema\/logo\/image\/\"},\"sameAs\":[\"https:\/\/www.facebook.com\/KapitalisInfo\/\",\"https:\/\/x.com\/KapitalisInfo\",\"https:\/\/www.youtube.com\/channel\/UC-yDYrHyfFBWWZaOw3FPg9Q\"]},{\"@type\":\"Person\",\"@id\":\"https:\/\/kapitalis.com\/tunisie\/#\/schema\/person\/b35b8d631961131107263178aeb8019e\",\"name\":\"Cherif Benyounes\",\"url\":\"https:\/\/kapitalis.com\/tunisie\/author\/cherif\/\"}]}<\/script>\n<!-- \/ Yoast SEO plugin. -->","yoast_head_json":{"title":"Tunisie : Majoration des tarifs de l\u2019\u00e9lectricit\u00e9 : Le prix du caf\u00e9 suivra - Kapitalis","robots":{"index":"index","follow":"follow","max-snippet":"max-snippet:-1","max-image-preview":"max-image-preview:large","max-video-preview":"max-video-preview:-1"},"canonical":"https:\/\/kapitalis.com\/tunisie\/2022\/05\/17\/tunisie-majoration-des-tarifs-de-lelectricite-le-prix-du-cafe-suivra\/","og_locale":"fr_FR","og_type":"article","og_title":"Tunisie : Majoration des tarifs de l\u2019\u00e9lectricit\u00e9 : Le prix du caf\u00e9 suivra - Kapitalis","og_description":"Les r\u00e9centes majorations des tarifs de l\u2019\u00e9lectricit\u00e9 et du gaz auront des cons\u00e9quences directes sur le prix du caf\u00e9, a affirm\u00e9, ce mardi 17 mai 2022, caf\u00e9, Sadri Ben Azzouz, vice-pr\u00e9sident de la Chambre nationale des propri\u00e9taires des caf\u00e9s.","og_url":"https:\/\/kapitalis.com\/tunisie\/2022\/05\/17\/tunisie-majoration-des-tarifs-de-lelectricite-le-prix-du-cafe-suivra\/","og_site_name":"Kapitalis","article_publisher":"https:\/\/www.facebook.com\/KapitalisInfo\/","article_published_time":"2022-05-17T10:14:29+00:00","article_modified_time":"2022-05-17T10:14:31+00:00","og_image":[{"width":1200,"height":630,"url":"https:\/\/kapitalis.com\/tunisie\/wp-content\/uploads\/2022\/05\/cafe.jpg","type":"image\/jpeg"}],"author":"Cherif Benyounes","twitter_card":"summary_large_image","twitter_creator":"@KapitalisInfo","twitter_site":"@KapitalisInfo","twitter_misc":{"\u00c9crit par":"Cherif Benyounes","Dur\u00e9e de lecture estim\u00e9e":"1 minute"},"schema":{"@context":"https:\/\/schema.org","@graph":[{"@type":"Article","@id":"https:\/\/kapitalis.com\/tunisie\/2022\/05\/17\/tunisie-majoration-des-tarifs-de-lelectricite-le-prix-du-cafe-suivra\/#article","isPartOf":{"@id":"https:\/\/kapitalis.com\/tunisie\/2022\/05\/17\/tunisie-majoration-des-tarifs-de-lelectricite-le-prix-du-cafe-suivra\/"},"author":{"name":"Cherif Benyounes","@id":"https:\/\/kapitalis.com\/tunisie\/#\/schema\/person\/b35b8d631961131107263178aeb8019e"},"headline":"Tunisie : Majoration des tarifs de l\u2019\u00e9lectricit\u00e9 : Le prix du caf\u00e9 suivra","datePublished":"2022-05-17T10:14:29+00:00","dateModified":"2022-05-17T10:14:31+00:00","mainEntityOfPage":{"@id":"https:\/\/kapitalis.com\/tunisie\/2022\/05\/17\/tunisie-majoration-des-tarifs-de-lelectricite-le-prix-du-cafe-suivra\/"},"wordCount":108,"commentCount":1,"publisher":{"@id":"https:\/\/kapitalis.com\/tunisie\/#organization"},"image":{"@id":"https:\/\/kapitalis.com\/tunisie\/2022\/05\/17\/tunisie-majoration-des-tarifs-de-lelectricite-le-prix-du-cafe-suivra\/#primaryimage"},"thumbnailUrl":"https:\/\/kapitalis.com\/tunisie\/wp-content\/uploads\/2022\/05\/cafe.jpg","keywords":["Sadri Ben Azzouz","tarifs de l\u2019\u00e9lectricit\u00e9"],"articleSection":["ECONOMIE","SOCIETE","Tunisie"],"inLanguage":"fr-FR","potentialAction":[{"@type":"CommentAction","name":"Comment","target":["https:\/\/kapitalis.com\/tunisie\/2022\/05\/17\/tunisie-majoration-des-tarifs-de-lelectricite-le-prix-du-cafe-suivra\/#respond"]}]},{"@type":"WebPage","@id":"https:\/\/kapitalis.com\/tunisie\/2022\/05\/17\/tunisie-majoration-des-tarifs-de-lelectricite-le-prix-du-cafe-suivra\/","url":"https:\/\/kapitalis.com\/tunisie\/2022\/05\/17\/tunisie-majoration-des-tarifs-de-lelectricite-le-prix-du-cafe-suivra\/","name":"Tunisie : Majoration des tarifs de l\u2019\u00e9lectricit\u00e9 : Le prix du caf\u00e9 suivra - Kapitalis","isPartOf":{"@id":"https:\/\/kapitalis.com\/tunisie\/#website"},"primaryImageOfPage":{"@id":"https:\/\/kapitalis.com\/tunisie\/2022\/05\/17\/tunisie-majoration-des-tarifs-de-lelectricite-le-prix-du-cafe-suivra\/#primaryimage"},"image":{"@id":"https:\/\/kapitalis.com\/tunisie\/2022\/05\/17\/tunisie-majoration-des-tarifs-de-lelectricite-le-prix-du-cafe-suivra\/#primaryimage"},"thumbnailUrl":"https:\/\/kapitalis.com\/tunisie\/wp-content\/uploads\/2022\/05\/cafe.jpg","datePublished":"2022-05-17T10:14:29+00:00","dateModified":"2022-05-17T10:14:31+00:00","breadcrumb":{"@id":"https:\/\/kapitalis.com\/tunisie\/2022\/05\/17\/tunisie-majoration-des-tarifs-de-lelectricite-le-prix-du-cafe-suivra\/#breadcrumb"},"inLanguage":"fr-FR","potentialAction":[{"@type":"ReadAction","target":["https:\/\/kapitalis.com\/tunisie\/2022\/05\/17\/tunisie-majoration-des-tarifs-de-lelectricite-le-prix-du-cafe-suivra\/"]}]},{"@type":"ImageObject","inLanguage":"fr-FR","@id":"https:\/\/kapitalis.com\/tunisie\/2022\/05\/17\/tunisie-majoration-des-tarifs-de-lelectricite-le-prix-du-cafe-suivra\/#primaryimage","url":"https:\/\/kapitalis.com\/tunisie\/wp-content\/uploads\/2022\/05\/cafe.jpg","contentUrl":"https:\/\/kapitalis.com\/tunisie\/wp-content\/uploads\/2022\/05\/cafe.jpg","width":1200,"height":630},{"@type":"BreadcrumbList","@id":"https:\/\/kapitalis.com\/tunisie\/2022\/05\/17\/tunisie-majoration-des-tarifs-de-lelectricite-le-prix-du-cafe-suivra\/#breadcrumb","itemListElement":[{"@type":"ListItem","position":1,"name":"Accueil","item":"https:\/\/kapitalis.com\/tunisie\/"},{"@type":"ListItem","position":2,"name":"Tunisie : Majoration des tarifs de l\u2019\u00e9lectricit\u00e9 : Le prix du caf\u00e9 suivra"}]},{"@type":"WebSite","@id":"https:\/\/kapitalis.com\/tunisie\/#website","url":"https:\/\/kapitalis.com\/tunisie\/","name":"Kapitalis","description":"L&#039;actualit\u00e9 en Tunisie et dans le monde","publisher":{"@id":"https:\/\/kapitalis.com\/tunisie\/#organization"},"potentialAction":[{"@type":"SearchAction","target":{"@type":"EntryPoint","urlTemplate":"https:\/\/kapitalis.com\/tunisie\/?s={search_term_string}"},"query-input":{"@type":"PropertyValueSpecification","valueRequired":true,"valueName":"search_term_string"}}],"inLanguage":"fr-FR"},{"@type":"Organization","@id":"https:\/\/kapitalis.com\/tunisie\/#organization","name":"Kapitalis","url":"https:\/\/kapitalis.com\/tunisie\/","logo":{"@type":"ImageObject","inLanguage":"fr-FR","@id":"https:\/\/kapitalis.com\/tunisie\/#\/schema\/logo\/image\/","url":"https:\/\/kapitalis.com\/tunisie\/wp-content\/uploads\/2022\/05\/Kapitalis-big-size.png","contentUrl":"https:\/\/kapitalis.com\/tunisie\/wp-content\/uploads\/2022\/05\/Kapitalis-big-size.png","width":5000,"height":1500,"caption":"Kapitalis"},"image":{"@id":"https:\/\/kapitalis.com\/tunisie\/#\/schema\/logo\/image\/"},"sameAs":["https:\/\/www.facebook.com\/KapitalisInfo\/","https:\/\/x.com\/KapitalisInfo","https:\/\/www.youtube.com\/channel\/UC-yDYrHyfFBWWZaOw3FPg9Q"]},{"@type":"Person","@id":"https:\/\/kapitalis.com\/tunisie\/#\/schema\/person\/b35b8d631961131107263178aeb8019e","name":"Cherif Benyounes","url":"https:\/\/kapitalis.com\/tunisie\/author\/cherif\/"}]}},"_links":{"self":[{"href":"https:\/\/kapitalis.com\/tunisie\/wp-json\/wp\/v2\/posts\/772281","targetHints":{"allow":["GET"]}}],"collection":[{"href":"https:\/\/kapitalis.com\/tunisie\/wp-json\/wp\/v2\/posts"}],"about":[{"href":"https:\/\/kapitalis.com\/tunisie\/wp-json\/wp\/v2\/types\/post"}],"author":[{"embeddable":true,"href":"https:\/\/kapitalis.com\/tunisie\/wp-json\/wp\/v2\/users\/24"}],"replies":[{"embeddable":true,"href":"https:\/\/kapitalis.com\/tunisie\/wp-json\/wp\/v2\/comments?post=772281"}],"version-history":[{"count":0,"href":"https:\/\/kapitalis.com\/tunisie\/wp-json\/wp\/v2\/posts\/772281\/revisions"}],"wp:featuredmedia":[{"embeddable":true,"href":"https:\/\/kapitalis.com\/tunisie\/wp-json\/wp\/v2\/media\/772818"}],"wp:attachment":[{"href":"https:\/\/kapitalis.com\/tunisie\/wp-json\/wp\/v2\/media?parent=772281"}],"wp:term":[{"taxonomy":"category","embeddable":true,"href":"https:\/\/kapitalis.com\/tunisie\/wp-json\/wp\/v2\/categories?post=772281"},{"taxonomy":"post_tag","embeddable":true,"href":"https:\/\/kapitalis.com\/tunisie\/wp-json\/wp\/v2\/tags?post=772281"}],"curies":[{"name":"wp","href":"https:\/\/api.w.org\/{rel}","templated":true}]}}