{"id":774,"date":"2015-05-22T10:15:40","date_gmt":"2015-05-22T09:15:40","guid":{"rendered":"http:\/\/www.kapitalis.com\/tunisie\/?p=774"},"modified":"2015-05-22T10:15:40","modified_gmt":"2015-05-22T09:15:40","slug":"8e-de-finales-de-la-coupe-de-la-caf-letoile-rate-le-coche-a-casablanca","status":"publish","type":"post","link":"https:\/\/kapitalis.com\/tunisie\/2015\/05\/22\/8e-de-finales-de-la-coupe-de-la-caf-letoile-rate-le-coche-a-casablanca\/","title":{"rendered":"8e de Finales de la Coupe de la CAF: L&rsquo;Etoile rate le coche \u00e0 Casablanca"},"content":{"rendered":"<p><a href=\"http:\/\/kapitalis.net\/wordpress\/wp-content\/uploads\/2015\/05\/etoile-sportif.jpg\"><img loading=\"lazy\" decoding=\"async\" class=\"aligncenter size-full wp-image-490\" src=\"http:\/\/kapitalis.net\/wordpress\/wp-content\/uploads\/2015\/05\/etoile-sportif.jpg\" alt=\"etoile-sportif\" width=\"626\" height=\"380\" \/><\/a><\/p>\n<p><em><strong>L\u2019Etoile sportive du Sahel (ESS) a \u00e9t\u00e9 battue par le Raja Casablanca (0-2), en match aller des 8e de finale bis de la Coupe de la Conf\u00e9d\u00e9ration africaine de football (CAF).<\/strong><\/em><\/p>\n<p>Le match, disput\u00e9 dans la soir\u00e9e du samedi 16 mai 2015, \u00e0 Casablanca, a permis aux Rajaouis d\u2019ouvrir le score \u00e0 la 22<sup>e<\/sup> minute par Abdelkabir Elouadi, avant que le nig\u00e9rian Christian Osaguona ne creuse la marque \u00e0 la 44<sup>e<\/sup>.<\/p>\n<p>Les Etoil\u00e9s, qui ont repris la ma\u00eetrise du jeu et se sont ru\u00e9s \u00e0 l\u2019attaque d\u00e8s le d\u00e9but de la seconde mi-temps, ont laiss\u00e9 \u00e9chapper une tr\u00e8s belle occasion de r\u00e9duire le score lorsque Youssef Mouihbi a rat\u00e9 un p\u00e9nalty \u00e0 la 74<sup>e<\/sup> minute.<\/p>\n<p>L\u2019\u00e9quipe marocaine s\u2019est content\u00e9e de g\u00e9rer son avance confortable en proc\u00e9dant par des contres rapides qui ont failli creuser davantage le score.<\/p>\n<p>Au match retour, qui aura lieu dans deux semaines \u00e0 Sousse, les prot\u00e9g\u00e9s de Faouzi Benzarti (du reste pressenti pour prendre en main le Raja) devront marquer 3 buts et n\u2019en encaisser aucun pour esp\u00e9rer passer \u00e0 la phase des poules. Dos au mur, ils devront puiser dans leur force collective et la cr\u00e9ativit\u00e9 de ses meilleures individualit\u00e9 pour r\u00e9aliser un quasi-miracle.<\/p>\n<p style=\"text-align: right;\"><strong>I. B.<\/strong><\/p>\n","protected":false},"excerpt":{"rendered":"<p>L\u2019Etoile sportive du Sahel (ESS) a \u00e9t\u00e9 battue par le Raja Casablanca (0-2), en match aller des 8e de finale bis de la Coupe de la Conf\u00e9d\u00e9ration africaine de football (CAF). Le match, disput\u00e9 dans la soir\u00e9e du samedi 16 mai 2015, \u00e0 Casablanca, a permis aux Rajaouis d\u2019ouvrir le score \u00e0 la 22e minute&#8230;<\/p>\n","protected":false},"author":1,"featured_media":0,"comment_status":"open","ping_status":"open","sticky":false,"template":"","format":"standard","meta":{"footnotes":""},"categories":[999],"tags":[176,343],"class_list":["post-774","post","type-post","status-publish","format-standard","hentry","category-sport","tag-caf","tag-ess"],"yoast_head":"<!-- This site is optimized with the Yoast SEO plugin v26.6 - https:\/\/yoast.com\/wordpress\/plugins\/seo\/ -->\n<title>8e de Finales de la Coupe de la CAF: L&#039;Etoile rate le coche \u00e0 Casablanca - Kapitalis<\/title>\n<meta name=\"robots\" content=\"index, follow, max-snippet:-1, max-image-preview:large, max-video-preview:-1\" \/>\n<link rel=\"canonical\" href=\"https:\/\/kapitalis.com\/tunisie\/2015\/05\/22\/8e-de-finales-de-la-coupe-de-la-caf-letoile-rate-le-coche-a-casablanca\/\" \/>\n<meta property=\"og:locale\" content=\"fr_FR\" \/>\n<meta property=\"og:type\" content=\"article\" \/>\n<meta property=\"og:title\" content=\"8e de Finales de la Coupe de la CAF: L&#039;Etoile rate le coche \u00e0 Casablanca - Kapitalis\" \/>\n<meta property=\"og:description\" content=\"L\u2019Etoile sportive du Sahel (ESS) a \u00e9t\u00e9 battue par le Raja Casablanca (0-2), en match aller des 8e de finale bis de la Coupe de la Conf\u00e9d\u00e9ration africaine de football (CAF). Le match, disput\u00e9 dans la soir\u00e9e du samedi 16 mai 2015, \u00e0 Casablanca, a permis aux Rajaouis d\u2019ouvrir le score \u00e0 la 22e minute...\" \/>\n<meta property=\"og:url\" content=\"https:\/\/kapitalis.com\/tunisie\/2015\/05\/22\/8e-de-finales-de-la-coupe-de-la-caf-letoile-rate-le-coche-a-casablanca\/\" \/>\n<meta property=\"og:site_name\" content=\"Kapitalis\" \/>\n<meta property=\"article:publisher\" content=\"https:\/\/www.facebook.com\/KapitalisInfo\/\" \/>\n<meta property=\"article:published_time\" content=\"2015-05-22T09:15:40+00:00\" \/>\n<meta property=\"og:image\" content=\"http:\/\/kapitalis.net\/wordpress\/wp-content\/uploads\/2015\/05\/etoile-sportif.jpg\" \/>\n<meta name=\"author\" content=\"mounir\" \/>\n<meta name=\"twitter:card\" content=\"summary_large_image\" \/>\n<meta name=\"twitter:creator\" content=\"@KapitalisInfo\" \/>\n<meta name=\"twitter:site\" content=\"@KapitalisInfo\" \/>\n<meta name=\"twitter:label1\" content=\"\u00c9crit par\" \/>\n\t<meta name=\"twitter:data1\" content=\"mounir\" \/>\n\t<meta name=\"twitter:label2\" content=\"Dur\u00e9e de lecture estim\u00e9e\" \/>\n\t<meta name=\"twitter:data2\" content=\"1 minute\" \/>\n<script type=\"application\/ld+json\" class=\"yoast-schema-graph\">{\"@context\":\"https:\/\/schema.org\",\"@graph\":[{\"@type\":\"Article\",\"@id\":\"https:\/\/kapitalis.com\/tunisie\/2015\/05\/22\/8e-de-finales-de-la-coupe-de-la-caf-letoile-rate-le-coche-a-casablanca\/#article\",\"isPartOf\":{\"@id\":\"https:\/\/kapitalis.com\/tunisie\/2015\/05\/22\/8e-de-finales-de-la-coupe-de-la-caf-letoile-rate-le-coche-a-casablanca\/\"},\"author\":{\"name\":\"mounir\",\"@id\":\"https:\/\/kapitalis.com\/tunisie\/#\/schema\/person\/aa55121cdc1c0fa4794a24cff31f746f\"},\"headline\":\"8e de Finales de la Coupe de la CAF: L&rsquo;Etoile rate le coche \u00e0 Casablanca\",\"datePublished\":\"2015-05-22T09:15:40+00:00\",\"mainEntityOfPage\":{\"@id\":\"https:\/\/kapitalis.com\/tunisie\/2015\/05\/22\/8e-de-finales-de-la-coupe-de-la-caf-letoile-rate-le-coche-a-casablanca\/\"},\"wordCount\":231,\"commentCount\":0,\"publisher\":{\"@id\":\"https:\/\/kapitalis.com\/tunisie\/#organization\"},\"image\":{\"@id\":\"https:\/\/kapitalis.com\/tunisie\/2015\/05\/22\/8e-de-finales-de-la-coupe-de-la-caf-letoile-rate-le-coche-a-casablanca\/#primaryimage\"},\"thumbnailUrl\":\"http:\/\/kapitalis.net\/wordpress\/wp-content\/uploads\/2015\/05\/etoile-sportif.jpg\",\"keywords\":[\"CAF\",\"ESS\"],\"articleSection\":[\"SPORT\"],\"inLanguage\":\"fr-FR\",\"potentialAction\":[{\"@type\":\"CommentAction\",\"name\":\"Comment\",\"target\":[\"https:\/\/kapitalis.com\/tunisie\/2015\/05\/22\/8e-de-finales-de-la-coupe-de-la-caf-letoile-rate-le-coche-a-casablanca\/#respond\"]}]},{\"@type\":\"WebPage\",\"@id\":\"https:\/\/kapitalis.com\/tunisie\/2015\/05\/22\/8e-de-finales-de-la-coupe-de-la-caf-letoile-rate-le-coche-a-casablanca\/\",\"url\":\"https:\/\/kapitalis.com\/tunisie\/2015\/05\/22\/8e-de-finales-de-la-coupe-de-la-caf-letoile-rate-le-coche-a-casablanca\/\",\"name\":\"8e de Finales de la Coupe de la CAF: L'Etoile rate le coche \u00e0 Casablanca - Kapitalis\",\"isPartOf\":{\"@id\":\"https:\/\/kapitalis.com\/tunisie\/#website\"},\"primaryImageOfPage\":{\"@id\":\"https:\/\/kapitalis.com\/tunisie\/2015\/05\/22\/8e-de-finales-de-la-coupe-de-la-caf-letoile-rate-le-coche-a-casablanca\/#primaryimage\"},\"image\":{\"@id\":\"https:\/\/kapitalis.com\/tunisie\/2015\/05\/22\/8e-de-finales-de-la-coupe-de-la-caf-letoile-rate-le-coche-a-casablanca\/#primaryimage\"},\"thumbnailUrl\":\"http:\/\/kapitalis.net\/wordpress\/wp-content\/uploads\/2015\/05\/etoile-sportif.jpg\",\"datePublished\":\"2015-05-22T09:15:40+00:00\",\"breadcrumb\":{\"@id\":\"https:\/\/kapitalis.com\/tunisie\/2015\/05\/22\/8e-de-finales-de-la-coupe-de-la-caf-letoile-rate-le-coche-a-casablanca\/#breadcrumb\"},\"inLanguage\":\"fr-FR\",\"potentialAction\":[{\"@type\":\"ReadAction\",\"target\":[\"https:\/\/kapitalis.com\/tunisie\/2015\/05\/22\/8e-de-finales-de-la-coupe-de-la-caf-letoile-rate-le-coche-a-casablanca\/\"]}]},{\"@type\":\"ImageObject\",\"inLanguage\":\"fr-FR\",\"@id\":\"https:\/\/kapitalis.com\/tunisie\/2015\/05\/22\/8e-de-finales-de-la-coupe-de-la-caf-letoile-rate-le-coche-a-casablanca\/#primaryimage\",\"url\":\"http:\/\/kapitalis.net\/wordpress\/wp-content\/uploads\/2015\/05\/etoile-sportif.jpg\",\"contentUrl\":\"http:\/\/kapitalis.net\/wordpress\/wp-content\/uploads\/2015\/05\/etoile-sportif.jpg\"},{\"@type\":\"BreadcrumbList\",\"@id\":\"https:\/\/kapitalis.com\/tunisie\/2015\/05\/22\/8e-de-finales-de-la-coupe-de-la-caf-letoile-rate-le-coche-a-casablanca\/#breadcrumb\",\"itemListElement\":[{\"@type\":\"ListItem\",\"position\":1,\"name\":\"Accueil\",\"item\":\"https:\/\/kapitalis.com\/tunisie\/\"},{\"@type\":\"ListItem\",\"position\":2,\"name\":\"8e de Finales de la Coupe de la CAF: L&rsquo;Etoile rate le coche \u00e0 Casablanca\"}]},{\"@type\":\"WebSite\",\"@id\":\"https:\/\/kapitalis.com\/tunisie\/#website\",\"url\":\"https:\/\/kapitalis.com\/tunisie\/\",\"name\":\"Kapitalis\",\"description\":\"L&#039;actualit\u00e9 en Tunisie et dans le monde\",\"publisher\":{\"@id\":\"https:\/\/kapitalis.com\/tunisie\/#organization\"},\"potentialAction\":[{\"@type\":\"SearchAction\",\"target\":{\"@type\":\"EntryPoint\",\"urlTemplate\":\"https:\/\/kapitalis.com\/tunisie\/?s={search_term_string}\"},\"query-input\":{\"@type\":\"PropertyValueSpecification\",\"valueRequired\":true,\"valueName\":\"search_term_string\"}}],\"inLanguage\":\"fr-FR\"},{\"@type\":\"Organization\",\"@id\":\"https:\/\/kapitalis.com\/tunisie\/#organization\",\"name\":\"Kapitalis\",\"url\":\"https:\/\/kapitalis.com\/tunisie\/\",\"logo\":{\"@type\":\"ImageObject\",\"inLanguage\":\"fr-FR\",\"@id\":\"https:\/\/kapitalis.com\/tunisie\/#\/schema\/logo\/image\/\",\"url\":\"https:\/\/kapitalis.com\/tunisie\/wp-content\/uploads\/2022\/05\/Kapitalis-big-size.png\",\"contentUrl\":\"https:\/\/kapitalis.com\/tunisie\/wp-content\/uploads\/2022\/05\/Kapitalis-big-size.png\",\"width\":5000,\"height\":1500,\"caption\":\"Kapitalis\"},\"image\":{\"@id\":\"https:\/\/kapitalis.com\/tunisie\/#\/schema\/logo\/image\/\"},\"sameAs\":[\"https:\/\/www.facebook.com\/KapitalisInfo\/\",\"https:\/\/x.com\/KapitalisInfo\",\"https:\/\/www.youtube.com\/channel\/UC-yDYrHyfFBWWZaOw3FPg9Q\"]},{\"@type\":\"Person\",\"@id\":\"https:\/\/kapitalis.com\/tunisie\/#\/schema\/person\/aa55121cdc1c0fa4794a24cff31f746f\",\"name\":\"mounir\",\"sameAs\":[\"https:\/\/kapitalis.com\/tunisie\"],\"url\":\"https:\/\/kapitalis.com\/tunisie\/author\/mounir\/\"}]}<\/script>\n<!-- \/ Yoast SEO plugin. -->","yoast_head_json":{"title":"8e de Finales de la Coupe de la CAF: L'Etoile rate le coche \u00e0 Casablanca - Kapitalis","robots":{"index":"index","follow":"follow","max-snippet":"max-snippet:-1","max-image-preview":"max-image-preview:large","max-video-preview":"max-video-preview:-1"},"canonical":"https:\/\/kapitalis.com\/tunisie\/2015\/05\/22\/8e-de-finales-de-la-coupe-de-la-caf-letoile-rate-le-coche-a-casablanca\/","og_locale":"fr_FR","og_type":"article","og_title":"8e de Finales de la Coupe de la CAF: L'Etoile rate le coche \u00e0 Casablanca - Kapitalis","og_description":"L\u2019Etoile sportive du Sahel (ESS) a \u00e9t\u00e9 battue par le Raja Casablanca (0-2), en match aller des 8e de finale bis de la Coupe de la Conf\u00e9d\u00e9ration africaine de football (CAF). Le match, disput\u00e9 dans la soir\u00e9e du samedi 16 mai 2015, \u00e0 Casablanca, a permis aux Rajaouis d\u2019ouvrir le score \u00e0 la 22e minute...","og_url":"https:\/\/kapitalis.com\/tunisie\/2015\/05\/22\/8e-de-finales-de-la-coupe-de-la-caf-letoile-rate-le-coche-a-casablanca\/","og_site_name":"Kapitalis","article_publisher":"https:\/\/www.facebook.com\/KapitalisInfo\/","article_published_time":"2015-05-22T09:15:40+00:00","og_image":[{"url":"http:\/\/kapitalis.net\/wordpress\/wp-content\/uploads\/2015\/05\/etoile-sportif.jpg","type":"","width":"","height":""}],"author":"mounir","twitter_card":"summary_large_image","twitter_creator":"@KapitalisInfo","twitter_site":"@KapitalisInfo","twitter_misc":{"\u00c9crit par":"mounir","Dur\u00e9e de lecture estim\u00e9e":"1 minute"},"schema":{"@context":"https:\/\/schema.org","@graph":[{"@type":"Article","@id":"https:\/\/kapitalis.com\/tunisie\/2015\/05\/22\/8e-de-finales-de-la-coupe-de-la-caf-letoile-rate-le-coche-a-casablanca\/#article","isPartOf":{"@id":"https:\/\/kapitalis.com\/tunisie\/2015\/05\/22\/8e-de-finales-de-la-coupe-de-la-caf-letoile-rate-le-coche-a-casablanca\/"},"author":{"name":"mounir","@id":"https:\/\/kapitalis.com\/tunisie\/#\/schema\/person\/aa55121cdc1c0fa4794a24cff31f746f"},"headline":"8e de Finales de la Coupe de la CAF: L&rsquo;Etoile rate le coche \u00e0 Casablanca","datePublished":"2015-05-22T09:15:40+00:00","mainEntityOfPage":{"@id":"https:\/\/kapitalis.com\/tunisie\/2015\/05\/22\/8e-de-finales-de-la-coupe-de-la-caf-letoile-rate-le-coche-a-casablanca\/"},"wordCount":231,"commentCount":0,"publisher":{"@id":"https:\/\/kapitalis.com\/tunisie\/#organization"},"image":{"@id":"https:\/\/kapitalis.com\/tunisie\/2015\/05\/22\/8e-de-finales-de-la-coupe-de-la-caf-letoile-rate-le-coche-a-casablanca\/#primaryimage"},"thumbnailUrl":"http:\/\/kapitalis.net\/wordpress\/wp-content\/uploads\/2015\/05\/etoile-sportif.jpg","keywords":["CAF","ESS"],"articleSection":["SPORT"],"inLanguage":"fr-FR","potentialAction":[{"@type":"CommentAction","name":"Comment","target":["https:\/\/kapitalis.com\/tunisie\/2015\/05\/22\/8e-de-finales-de-la-coupe-de-la-caf-letoile-rate-le-coche-a-casablanca\/#respond"]}]},{"@type":"WebPage","@id":"https:\/\/kapitalis.com\/tunisie\/2015\/05\/22\/8e-de-finales-de-la-coupe-de-la-caf-letoile-rate-le-coche-a-casablanca\/","url":"https:\/\/kapitalis.com\/tunisie\/2015\/05\/22\/8e-de-finales-de-la-coupe-de-la-caf-letoile-rate-le-coche-a-casablanca\/","name":"8e de Finales de la Coupe de la CAF: L'Etoile rate le coche \u00e0 Casablanca - Kapitalis","isPartOf":{"@id":"https:\/\/kapitalis.com\/tunisie\/#website"},"primaryImageOfPage":{"@id":"https:\/\/kapitalis.com\/tunisie\/2015\/05\/22\/8e-de-finales-de-la-coupe-de-la-caf-letoile-rate-le-coche-a-casablanca\/#primaryimage"},"image":{"@id":"https:\/\/kapitalis.com\/tunisie\/2015\/05\/22\/8e-de-finales-de-la-coupe-de-la-caf-letoile-rate-le-coche-a-casablanca\/#primaryimage"},"thumbnailUrl":"http:\/\/kapitalis.net\/wordpress\/wp-content\/uploads\/2015\/05\/etoile-sportif.jpg","datePublished":"2015-05-22T09:15:40+00:00","breadcrumb":{"@id":"https:\/\/kapitalis.com\/tunisie\/2015\/05\/22\/8e-de-finales-de-la-coupe-de-la-caf-letoile-rate-le-coche-a-casablanca\/#breadcrumb"},"inLanguage":"fr-FR","potentialAction":[{"@type":"ReadAction","target":["https:\/\/kapitalis.com\/tunisie\/2015\/05\/22\/8e-de-finales-de-la-coupe-de-la-caf-letoile-rate-le-coche-a-casablanca\/"]}]},{"@type":"ImageObject","inLanguage":"fr-FR","@id":"https:\/\/kapitalis.com\/tunisie\/2015\/05\/22\/8e-de-finales-de-la-coupe-de-la-caf-letoile-rate-le-coche-a-casablanca\/#primaryimage","url":"http:\/\/kapitalis.net\/wordpress\/wp-content\/uploads\/2015\/05\/etoile-sportif.jpg","contentUrl":"http:\/\/kapitalis.net\/wordpress\/wp-content\/uploads\/2015\/05\/etoile-sportif.jpg"},{"@type":"BreadcrumbList","@id":"https:\/\/kapitalis.com\/tunisie\/2015\/05\/22\/8e-de-finales-de-la-coupe-de-la-caf-letoile-rate-le-coche-a-casablanca\/#breadcrumb","itemListElement":[{"@type":"ListItem","position":1,"name":"Accueil","item":"https:\/\/kapitalis.com\/tunisie\/"},{"@type":"ListItem","position":2,"name":"8e de Finales de la Coupe de la CAF: L&rsquo;Etoile rate le coche \u00e0 Casablanca"}]},{"@type":"WebSite","@id":"https:\/\/kapitalis.com\/tunisie\/#website","url":"https:\/\/kapitalis.com\/tunisie\/","name":"Kapitalis","description":"L&#039;actualit\u00e9 en Tunisie et dans le monde","publisher":{"@id":"https:\/\/kapitalis.com\/tunisie\/#organization"},"potentialAction":[{"@type":"SearchAction","target":{"@type":"EntryPoint","urlTemplate":"https:\/\/kapitalis.com\/tunisie\/?s={search_term_string}"},"query-input":{"@type":"PropertyValueSpecification","valueRequired":true,"valueName":"search_term_string"}}],"inLanguage":"fr-FR"},{"@type":"Organization","@id":"https:\/\/kapitalis.com\/tunisie\/#organization","name":"Kapitalis","url":"https:\/\/kapitalis.com\/tunisie\/","logo":{"@type":"ImageObject","inLanguage":"fr-FR","@id":"https:\/\/kapitalis.com\/tunisie\/#\/schema\/logo\/image\/","url":"https:\/\/kapitalis.com\/tunisie\/wp-content\/uploads\/2022\/05\/Kapitalis-big-size.png","contentUrl":"https:\/\/kapitalis.com\/tunisie\/wp-content\/uploads\/2022\/05\/Kapitalis-big-size.png","width":5000,"height":1500,"caption":"Kapitalis"},"image":{"@id":"https:\/\/kapitalis.com\/tunisie\/#\/schema\/logo\/image\/"},"sameAs":["https:\/\/www.facebook.com\/KapitalisInfo\/","https:\/\/x.com\/KapitalisInfo","https:\/\/www.youtube.com\/channel\/UC-yDYrHyfFBWWZaOw3FPg9Q"]},{"@type":"Person","@id":"https:\/\/kapitalis.com\/tunisie\/#\/schema\/person\/aa55121cdc1c0fa4794a24cff31f746f","name":"mounir","sameAs":["https:\/\/kapitalis.com\/tunisie"],"url":"https:\/\/kapitalis.com\/tunisie\/author\/mounir\/"}]}},"_links":{"self":[{"href":"https:\/\/kapitalis.com\/tunisie\/wp-json\/wp\/v2\/posts\/774","targetHints":{"allow":["GET"]}}],"collection":[{"href":"https:\/\/kapitalis.com\/tunisie\/wp-json\/wp\/v2\/posts"}],"about":[{"href":"https:\/\/kapitalis.com\/tunisie\/wp-json\/wp\/v2\/types\/post"}],"author":[{"embeddable":true,"href":"https:\/\/kapitalis.com\/tunisie\/wp-json\/wp\/v2\/users\/1"}],"replies":[{"embeddable":true,"href":"https:\/\/kapitalis.com\/tunisie\/wp-json\/wp\/v2\/comments?post=774"}],"version-history":[{"count":0,"href":"https:\/\/kapitalis.com\/tunisie\/wp-json\/wp\/v2\/posts\/774\/revisions"}],"wp:attachment":[{"href":"https:\/\/kapitalis.com\/tunisie\/wp-json\/wp\/v2\/media?parent=774"}],"wp:term":[{"taxonomy":"category","embeddable":true,"href":"https:\/\/kapitalis.com\/tunisie\/wp-json\/wp\/v2\/categories?post=774"},{"taxonomy":"post_tag","embeddable":true,"href":"https:\/\/kapitalis.com\/tunisie\/wp-json\/wp\/v2\/tags?post=774"}],"curies":[{"name":"wp","href":"https:\/\/api.w.org\/{rel}","templated":true}]}}