{"id":7746028,"date":"2023-05-04T10:29:09","date_gmt":"2023-05-04T09:29:09","guid":{"rendered":"https:\/\/kapitalis.com\/tunisie\/?p=7746028"},"modified":"2023-05-05T10:06:49","modified_gmt":"2023-05-05T09:06:49","slug":"deces-du-grand-militant-sahbi-mhamdi","status":"publish","type":"post","link":"https:\/\/kapitalis.com\/tunisie\/2023\/05\/04\/deces-du-grand-militant-sahbi-mhamdi\/","title":{"rendered":"D\u00e9c\u00e8s du grand militant Sahbi Mhamdi"},"content":{"rendered":"\n<p><strong><em>Nous venons d\u2019apprendre avec consternation le d\u00e9c\u00e8s du grand militant Sahbi Mhamdi, aujourd\u2019hui \u00e0 l\u2019aube, jeudi 4 avril 2023, \u00e0 Marseille, en France, o\u00f9 il s\u2019\u00e9tait rendu en visite chez sa fille.<\/em><\/strong> <strong><em>Et o\u00f9 \u00e0 la&nbsp; suite d&rsquo;un&nbsp; malaise on lui diagnostiqua une grave maladie qu&rsquo;il combattit avec acharnement durant trois mois<\/em><\/strong><\/p>\n\n\n\n<!--more-->\n\n\n\n<p>Sahbi Mhamdi est un militant de longue date qui a consacr\u00e9 sa vie \u00e0 la d\u00e9fense des libert\u00e9s et des droits en Tunisie.<\/p>\n\n\n\n<p>Ouvrier, ancien membre du groupe Perspectives El-Amel Ettounsi, il a combattu la dictature de Bourguiba et de Ben Ali et jou\u00e9 un grand r\u00f4le dans la soci\u00e9t\u00e9 civile au lendemain de la r\u00e9volution de 2011. Il a ainsi contribu\u00e9 \u00e0 la mise en place des bureaux de vote \u00e0 l\u2019\u00e9tranger lors des \u00e9lections de 2011 et 2014.<\/p>\n\n\n\n<p>Connu aussi sous le pseudonyme de Amar, Sahbi Mhamdi \u00e9tait d\u00e9vou\u00e9 corps et \u00e2me \u00e0 la cause de la libert\u00e9 et de la d\u00e9mocratie. Il \u00e9tait aussi connu pour sa gentillesse, sa disponibilit\u00e9, son altruisme et son intelligence des \u00e9v\u00e9nements dans son pays.<\/p>\n\n\n\n<p>En cette douloureuse circonstance, nous pr\u00e9sentons nos plus sinc\u00e8res condol\u00e9ances \u00e0 son \u00e9pouse et \u00e0 ses enfants\u00a0Imad, Alya, Aida, \u00e0 sa s\u0153ur Najet Mizouni, \u00e0 ses fr\u00e8res et \u00e0 toute sa famille, ainsi qu\u2019\u00e0 ses nombreux amis. La d\u00e9pouille du d\u00e9funt sera rapatri\u00e9e au cours des prochains jours pour \u00eatre inhum\u00e9e au pays.<\/p>\n\n\n\n<p>La lev\u00e9e du corps aura lieu vendredi 5 mai \u00e0 14h00 \u00e0 l&rsquo;h\u00f4pital Sainte \u00c9lisabeth,72 rue Chape,13004 Marseille.<\/p>\n\n\n\n<p>L&rsquo;arriv\u00e9e du corps est pr\u00e9vue le mardi 9 mai \u00e0 11heures \u00e0 l&rsquo;a\u00e9roport de Tunis-Carthage.\u00a0<\/p>\n\n\n\n<p>Son \u00e9pouse, ses fr\u00e8res et s\u0153urs, ses enfants, ses petits-enfants vous recevront \u00e0 partir du\u00a0mardi 9 mai 14h, \u00e0 son domicile: km 8 route de Zaghouan, 2082 Fouchana.<\/p>\n\n\n\n<p>L&rsquo;enterrement aura lieu le mercredi 10 mai \u00e0 16h00 au cimeti\u00e8re de Rades &lsquo;Errahma Bir Tarraz&rsquo; .<\/p>\n\n\n\n<p>Que tous ceux qui l&rsquo;ont connu aient une tendre pens\u00e9e pour lui.<\/p>\n","protected":false},"excerpt":{"rendered":"<p>D\u00e9c\u00e8s du grand militant Sahbi Mhamdi, aujourd\u2019hui \u00e0 l\u2019aube, jeudi 4 avril 2023, \u00e0 Marseille, en France.<\/p>\n","protected":false},"author":8,"featured_media":7746080,"comment_status":"open","ping_status":"open","sticky":false,"template":"","format":"standard","meta":{"footnotes":""},"categories":[997,998,2433],"tags":[108399,108398,108397],"class_list":["post-7746028","post","type-post","status-publish","format-standard","has-post-thumbnail","hentry","category-politique","category-societe","category-tunisie","tag-najet-mizouni","tag-perspectives-el-amel-ettounsi","tag-sahbi-mhamdi"],"yoast_head":"<!-- This site is optimized with the Yoast SEO plugin v26.6 - https:\/\/yoast.com\/wordpress\/plugins\/seo\/ -->\n<title>D\u00e9c\u00e8s du grand militant Sahbi Mhamdi - Kapitalis<\/title>\n<meta name=\"robots\" content=\"index, follow, max-snippet:-1, max-image-preview:large, max-video-preview:-1\" \/>\n<link rel=\"canonical\" href=\"https:\/\/kapitalis.com\/tunisie\/2023\/05\/04\/deces-du-grand-militant-sahbi-mhamdi\/\" \/>\n<meta property=\"og:locale\" content=\"fr_FR\" \/>\n<meta property=\"og:type\" content=\"article\" \/>\n<meta property=\"og:title\" content=\"D\u00e9c\u00e8s du grand militant Sahbi Mhamdi - Kapitalis\" \/>\n<meta property=\"og:description\" content=\"D\u00e9c\u00e8s du grand militant Sahbi Mhamdi, aujourd\u2019hui \u00e0 l\u2019aube, jeudi 4 avril 2023, \u00e0 Marseille, en France.\" \/>\n<meta property=\"og:url\" content=\"https:\/\/kapitalis.com\/tunisie\/2023\/05\/04\/deces-du-grand-militant-sahbi-mhamdi\/\" \/>\n<meta property=\"og:site_name\" content=\"Kapitalis\" \/>\n<meta property=\"article:publisher\" content=\"https:\/\/www.facebook.com\/KapitalisInfo\/\" \/>\n<meta property=\"article:published_time\" content=\"2023-05-04T09:29:09+00:00\" \/>\n<meta property=\"article:modified_time\" content=\"2023-05-05T09:06:49+00:00\" \/>\n<meta property=\"og:image\" content=\"https:\/\/kapitalis.com\/tunisie\/wp-content\/uploads\/2023\/05\/Sahbi-Mhamdi.jpg\" \/>\n\t<meta property=\"og:image:width\" content=\"1200\" \/>\n\t<meta property=\"og:image:height\" content=\"630\" \/>\n\t<meta property=\"og:image:type\" content=\"image\/jpeg\" \/>\n<meta name=\"author\" content=\"webmaster kapitalis\" \/>\n<meta name=\"twitter:card\" content=\"summary_large_image\" \/>\n<meta name=\"twitter:creator\" content=\"@KapitalisInfo\" \/>\n<meta name=\"twitter:site\" content=\"@KapitalisInfo\" \/>\n<meta name=\"twitter:label1\" content=\"\u00c9crit par\" \/>\n\t<meta name=\"twitter:data1\" content=\"webmaster kapitalis\" \/>\n\t<meta name=\"twitter:label2\" content=\"Dur\u00e9e de lecture estim\u00e9e\" \/>\n\t<meta name=\"twitter:data2\" content=\"2 minutes\" \/>\n<script type=\"application\/ld+json\" class=\"yoast-schema-graph\">{\"@context\":\"https:\/\/schema.org\",\"@graph\":[{\"@type\":\"Article\",\"@id\":\"https:\/\/kapitalis.com\/tunisie\/2023\/05\/04\/deces-du-grand-militant-sahbi-mhamdi\/#article\",\"isPartOf\":{\"@id\":\"https:\/\/kapitalis.com\/tunisie\/2023\/05\/04\/deces-du-grand-militant-sahbi-mhamdi\/\"},\"author\":{\"name\":\"webmaster kapitalis\",\"@id\":\"https:\/\/kapitalis.com\/tunisie\/#\/schema\/person\/d71f33a9ca44f7bad4698210b480c8e9\"},\"headline\":\"D\u00e9c\u00e8s du grand militant Sahbi Mhamdi\",\"datePublished\":\"2023-05-04T09:29:09+00:00\",\"dateModified\":\"2023-05-05T09:06:49+00:00\",\"mainEntityOfPage\":{\"@id\":\"https:\/\/kapitalis.com\/tunisie\/2023\/05\/04\/deces-du-grand-militant-sahbi-mhamdi\/\"},\"wordCount\":332,\"commentCount\":0,\"publisher\":{\"@id\":\"https:\/\/kapitalis.com\/tunisie\/#organization\"},\"image\":{\"@id\":\"https:\/\/kapitalis.com\/tunisie\/2023\/05\/04\/deces-du-grand-militant-sahbi-mhamdi\/#primaryimage\"},\"thumbnailUrl\":\"https:\/\/kapitalis.com\/tunisie\/wp-content\/uploads\/2023\/05\/Sahbi-Mhamdi.jpg\",\"keywords\":[\"Najet Mizouni\",\"Perspectives El-Amel Ettounsi\",\"Sahbi Mhamdi\"],\"articleSection\":[\"POLITIQUE\",\"SOCIETE\",\"Tunisie\"],\"inLanguage\":\"fr-FR\",\"potentialAction\":[{\"@type\":\"CommentAction\",\"name\":\"Comment\",\"target\":[\"https:\/\/kapitalis.com\/tunisie\/2023\/05\/04\/deces-du-grand-militant-sahbi-mhamdi\/#respond\"]}]},{\"@type\":\"WebPage\",\"@id\":\"https:\/\/kapitalis.com\/tunisie\/2023\/05\/04\/deces-du-grand-militant-sahbi-mhamdi\/\",\"url\":\"https:\/\/kapitalis.com\/tunisie\/2023\/05\/04\/deces-du-grand-militant-sahbi-mhamdi\/\",\"name\":\"D\u00e9c\u00e8s du grand militant Sahbi Mhamdi - Kapitalis\",\"isPartOf\":{\"@id\":\"https:\/\/kapitalis.com\/tunisie\/#website\"},\"primaryImageOfPage\":{\"@id\":\"https:\/\/kapitalis.com\/tunisie\/2023\/05\/04\/deces-du-grand-militant-sahbi-mhamdi\/#primaryimage\"},\"image\":{\"@id\":\"https:\/\/kapitalis.com\/tunisie\/2023\/05\/04\/deces-du-grand-militant-sahbi-mhamdi\/#primaryimage\"},\"thumbnailUrl\":\"https:\/\/kapitalis.com\/tunisie\/wp-content\/uploads\/2023\/05\/Sahbi-Mhamdi.jpg\",\"datePublished\":\"2023-05-04T09:29:09+00:00\",\"dateModified\":\"2023-05-05T09:06:49+00:00\",\"breadcrumb\":{\"@id\":\"https:\/\/kapitalis.com\/tunisie\/2023\/05\/04\/deces-du-grand-militant-sahbi-mhamdi\/#breadcrumb\"},\"inLanguage\":\"fr-FR\",\"potentialAction\":[{\"@type\":\"ReadAction\",\"target\":[\"https:\/\/kapitalis.com\/tunisie\/2023\/05\/04\/deces-du-grand-militant-sahbi-mhamdi\/\"]}]},{\"@type\":\"ImageObject\",\"inLanguage\":\"fr-FR\",\"@id\":\"https:\/\/kapitalis.com\/tunisie\/2023\/05\/04\/deces-du-grand-militant-sahbi-mhamdi\/#primaryimage\",\"url\":\"https:\/\/kapitalis.com\/tunisie\/wp-content\/uploads\/2023\/05\/Sahbi-Mhamdi.jpg\",\"contentUrl\":\"https:\/\/kapitalis.com\/tunisie\/wp-content\/uploads\/2023\/05\/Sahbi-Mhamdi.jpg\",\"width\":1200,\"height\":630},{\"@type\":\"BreadcrumbList\",\"@id\":\"https:\/\/kapitalis.com\/tunisie\/2023\/05\/04\/deces-du-grand-militant-sahbi-mhamdi\/#breadcrumb\",\"itemListElement\":[{\"@type\":\"ListItem\",\"position\":1,\"name\":\"Accueil\",\"item\":\"https:\/\/kapitalis.com\/tunisie\/\"},{\"@type\":\"ListItem\",\"position\":2,\"name\":\"D\u00e9c\u00e8s du grand militant Sahbi Mhamdi\"}]},{\"@type\":\"WebSite\",\"@id\":\"https:\/\/kapitalis.com\/tunisie\/#website\",\"url\":\"https:\/\/kapitalis.com\/tunisie\/\",\"name\":\"Kapitalis\",\"description\":\"L&#039;actualit\u00e9 en Tunisie et dans le monde\",\"publisher\":{\"@id\":\"https:\/\/kapitalis.com\/tunisie\/#organization\"},\"potentialAction\":[{\"@type\":\"SearchAction\",\"target\":{\"@type\":\"EntryPoint\",\"urlTemplate\":\"https:\/\/kapitalis.com\/tunisie\/?s={search_term_string}\"},\"query-input\":{\"@type\":\"PropertyValueSpecification\",\"valueRequired\":true,\"valueName\":\"search_term_string\"}}],\"inLanguage\":\"fr-FR\"},{\"@type\":\"Organization\",\"@id\":\"https:\/\/kapitalis.com\/tunisie\/#organization\",\"name\":\"Kapitalis\",\"url\":\"https:\/\/kapitalis.com\/tunisie\/\",\"logo\":{\"@type\":\"ImageObject\",\"inLanguage\":\"fr-FR\",\"@id\":\"https:\/\/kapitalis.com\/tunisie\/#\/schema\/logo\/image\/\",\"url\":\"https:\/\/kapitalis.com\/tunisie\/wp-content\/uploads\/2022\/05\/Kapitalis-big-size.png\",\"contentUrl\":\"https:\/\/kapitalis.com\/tunisie\/wp-content\/uploads\/2022\/05\/Kapitalis-big-size.png\",\"width\":5000,\"height\":1500,\"caption\":\"Kapitalis\"},\"image\":{\"@id\":\"https:\/\/kapitalis.com\/tunisie\/#\/schema\/logo\/image\/\"},\"sameAs\":[\"https:\/\/www.facebook.com\/KapitalisInfo\/\",\"https:\/\/x.com\/KapitalisInfo\",\"https:\/\/www.youtube.com\/channel\/UC-yDYrHyfFBWWZaOw3FPg9Q\"]},{\"@type\":\"Person\",\"@id\":\"https:\/\/kapitalis.com\/tunisie\/#\/schema\/person\/d71f33a9ca44f7bad4698210b480c8e9\",\"name\":\"webmaster kapitalis\",\"url\":\"https:\/\/kapitalis.com\/tunisie\/author\/webmaster-kapitalis\/\"}]}<\/script>\n<!-- \/ Yoast SEO plugin. -->","yoast_head_json":{"title":"D\u00e9c\u00e8s du grand militant Sahbi Mhamdi - Kapitalis","robots":{"index":"index","follow":"follow","max-snippet":"max-snippet:-1","max-image-preview":"max-image-preview:large","max-video-preview":"max-video-preview:-1"},"canonical":"https:\/\/kapitalis.com\/tunisie\/2023\/05\/04\/deces-du-grand-militant-sahbi-mhamdi\/","og_locale":"fr_FR","og_type":"article","og_title":"D\u00e9c\u00e8s du grand militant Sahbi Mhamdi - Kapitalis","og_description":"D\u00e9c\u00e8s du grand militant Sahbi Mhamdi, aujourd\u2019hui \u00e0 l\u2019aube, jeudi 4 avril 2023, \u00e0 Marseille, en France.","og_url":"https:\/\/kapitalis.com\/tunisie\/2023\/05\/04\/deces-du-grand-militant-sahbi-mhamdi\/","og_site_name":"Kapitalis","article_publisher":"https:\/\/www.facebook.com\/KapitalisInfo\/","article_published_time":"2023-05-04T09:29:09+00:00","article_modified_time":"2023-05-05T09:06:49+00:00","og_image":[{"width":1200,"height":630,"url":"https:\/\/kapitalis.com\/tunisie\/wp-content\/uploads\/2023\/05\/Sahbi-Mhamdi.jpg","type":"image\/jpeg"}],"author":"webmaster kapitalis","twitter_card":"summary_large_image","twitter_creator":"@KapitalisInfo","twitter_site":"@KapitalisInfo","twitter_misc":{"\u00c9crit par":"webmaster kapitalis","Dur\u00e9e de lecture estim\u00e9e":"2 minutes"},"schema":{"@context":"https:\/\/schema.org","@graph":[{"@type":"Article","@id":"https:\/\/kapitalis.com\/tunisie\/2023\/05\/04\/deces-du-grand-militant-sahbi-mhamdi\/#article","isPartOf":{"@id":"https:\/\/kapitalis.com\/tunisie\/2023\/05\/04\/deces-du-grand-militant-sahbi-mhamdi\/"},"author":{"name":"webmaster kapitalis","@id":"https:\/\/kapitalis.com\/tunisie\/#\/schema\/person\/d71f33a9ca44f7bad4698210b480c8e9"},"headline":"D\u00e9c\u00e8s du grand militant Sahbi Mhamdi","datePublished":"2023-05-04T09:29:09+00:00","dateModified":"2023-05-05T09:06:49+00:00","mainEntityOfPage":{"@id":"https:\/\/kapitalis.com\/tunisie\/2023\/05\/04\/deces-du-grand-militant-sahbi-mhamdi\/"},"wordCount":332,"commentCount":0,"publisher":{"@id":"https:\/\/kapitalis.com\/tunisie\/#organization"},"image":{"@id":"https:\/\/kapitalis.com\/tunisie\/2023\/05\/04\/deces-du-grand-militant-sahbi-mhamdi\/#primaryimage"},"thumbnailUrl":"https:\/\/kapitalis.com\/tunisie\/wp-content\/uploads\/2023\/05\/Sahbi-Mhamdi.jpg","keywords":["Najet Mizouni","Perspectives El-Amel Ettounsi","Sahbi Mhamdi"],"articleSection":["POLITIQUE","SOCIETE","Tunisie"],"inLanguage":"fr-FR","potentialAction":[{"@type":"CommentAction","name":"Comment","target":["https:\/\/kapitalis.com\/tunisie\/2023\/05\/04\/deces-du-grand-militant-sahbi-mhamdi\/#respond"]}]},{"@type":"WebPage","@id":"https:\/\/kapitalis.com\/tunisie\/2023\/05\/04\/deces-du-grand-militant-sahbi-mhamdi\/","url":"https:\/\/kapitalis.com\/tunisie\/2023\/05\/04\/deces-du-grand-militant-sahbi-mhamdi\/","name":"D\u00e9c\u00e8s du grand militant Sahbi Mhamdi - Kapitalis","isPartOf":{"@id":"https:\/\/kapitalis.com\/tunisie\/#website"},"primaryImageOfPage":{"@id":"https:\/\/kapitalis.com\/tunisie\/2023\/05\/04\/deces-du-grand-militant-sahbi-mhamdi\/#primaryimage"},"image":{"@id":"https:\/\/kapitalis.com\/tunisie\/2023\/05\/04\/deces-du-grand-militant-sahbi-mhamdi\/#primaryimage"},"thumbnailUrl":"https:\/\/kapitalis.com\/tunisie\/wp-content\/uploads\/2023\/05\/Sahbi-Mhamdi.jpg","datePublished":"2023-05-04T09:29:09+00:00","dateModified":"2023-05-05T09:06:49+00:00","breadcrumb":{"@id":"https:\/\/kapitalis.com\/tunisie\/2023\/05\/04\/deces-du-grand-militant-sahbi-mhamdi\/#breadcrumb"},"inLanguage":"fr-FR","potentialAction":[{"@type":"ReadAction","target":["https:\/\/kapitalis.com\/tunisie\/2023\/05\/04\/deces-du-grand-militant-sahbi-mhamdi\/"]}]},{"@type":"ImageObject","inLanguage":"fr-FR","@id":"https:\/\/kapitalis.com\/tunisie\/2023\/05\/04\/deces-du-grand-militant-sahbi-mhamdi\/#primaryimage","url":"https:\/\/kapitalis.com\/tunisie\/wp-content\/uploads\/2023\/05\/Sahbi-Mhamdi.jpg","contentUrl":"https:\/\/kapitalis.com\/tunisie\/wp-content\/uploads\/2023\/05\/Sahbi-Mhamdi.jpg","width":1200,"height":630},{"@type":"BreadcrumbList","@id":"https:\/\/kapitalis.com\/tunisie\/2023\/05\/04\/deces-du-grand-militant-sahbi-mhamdi\/#breadcrumb","itemListElement":[{"@type":"ListItem","position":1,"name":"Accueil","item":"https:\/\/kapitalis.com\/tunisie\/"},{"@type":"ListItem","position":2,"name":"D\u00e9c\u00e8s du grand militant Sahbi Mhamdi"}]},{"@type":"WebSite","@id":"https:\/\/kapitalis.com\/tunisie\/#website","url":"https:\/\/kapitalis.com\/tunisie\/","name":"Kapitalis","description":"L&#039;actualit\u00e9 en Tunisie et dans le monde","publisher":{"@id":"https:\/\/kapitalis.com\/tunisie\/#organization"},"potentialAction":[{"@type":"SearchAction","target":{"@type":"EntryPoint","urlTemplate":"https:\/\/kapitalis.com\/tunisie\/?s={search_term_string}"},"query-input":{"@type":"PropertyValueSpecification","valueRequired":true,"valueName":"search_term_string"}}],"inLanguage":"fr-FR"},{"@type":"Organization","@id":"https:\/\/kapitalis.com\/tunisie\/#organization","name":"Kapitalis","url":"https:\/\/kapitalis.com\/tunisie\/","logo":{"@type":"ImageObject","inLanguage":"fr-FR","@id":"https:\/\/kapitalis.com\/tunisie\/#\/schema\/logo\/image\/","url":"https:\/\/kapitalis.com\/tunisie\/wp-content\/uploads\/2022\/05\/Kapitalis-big-size.png","contentUrl":"https:\/\/kapitalis.com\/tunisie\/wp-content\/uploads\/2022\/05\/Kapitalis-big-size.png","width":5000,"height":1500,"caption":"Kapitalis"},"image":{"@id":"https:\/\/kapitalis.com\/tunisie\/#\/schema\/logo\/image\/"},"sameAs":["https:\/\/www.facebook.com\/KapitalisInfo\/","https:\/\/x.com\/KapitalisInfo","https:\/\/www.youtube.com\/channel\/UC-yDYrHyfFBWWZaOw3FPg9Q"]},{"@type":"Person","@id":"https:\/\/kapitalis.com\/tunisie\/#\/schema\/person\/d71f33a9ca44f7bad4698210b480c8e9","name":"webmaster kapitalis","url":"https:\/\/kapitalis.com\/tunisie\/author\/webmaster-kapitalis\/"}]}},"_links":{"self":[{"href":"https:\/\/kapitalis.com\/tunisie\/wp-json\/wp\/v2\/posts\/7746028","targetHints":{"allow":["GET"]}}],"collection":[{"href":"https:\/\/kapitalis.com\/tunisie\/wp-json\/wp\/v2\/posts"}],"about":[{"href":"https:\/\/kapitalis.com\/tunisie\/wp-json\/wp\/v2\/types\/post"}],"author":[{"embeddable":true,"href":"https:\/\/kapitalis.com\/tunisie\/wp-json\/wp\/v2\/users\/8"}],"replies":[{"embeddable":true,"href":"https:\/\/kapitalis.com\/tunisie\/wp-json\/wp\/v2\/comments?post=7746028"}],"version-history":[{"count":3,"href":"https:\/\/kapitalis.com\/tunisie\/wp-json\/wp\/v2\/posts\/7746028\/revisions"}],"predecessor-version":[{"id":7758638,"href":"https:\/\/kapitalis.com\/tunisie\/wp-json\/wp\/v2\/posts\/7746028\/revisions\/7758638"}],"wp:featuredmedia":[{"embeddable":true,"href":"https:\/\/kapitalis.com\/tunisie\/wp-json\/wp\/v2\/media\/7746080"}],"wp:attachment":[{"href":"https:\/\/kapitalis.com\/tunisie\/wp-json\/wp\/v2\/media?parent=7746028"}],"wp:term":[{"taxonomy":"category","embeddable":true,"href":"https:\/\/kapitalis.com\/tunisie\/wp-json\/wp\/v2\/categories?post=7746028"},{"taxonomy":"post_tag","embeddable":true,"href":"https:\/\/kapitalis.com\/tunisie\/wp-json\/wp\/v2\/tags?post=7746028"}],"curies":[{"name":"wp","href":"https:\/\/api.w.org\/{rel}","templated":true}]}}