{"id":7747576,"date":"2023-05-04T12:19:45","date_gmt":"2023-05-04T11:19:45","guid":{"rendered":"https:\/\/kapitalis.com\/tunisie\/?p=7747576"},"modified":"2023-05-04T12:19:47","modified_gmt":"2023-05-04T11:19:47","slug":"debat-a-tunis-sur-le-role-de-lagriculture-biologique-dans-la-securite-alimentaire","status":"publish","type":"post","link":"https:\/\/kapitalis.com\/tunisie\/2023\/05\/04\/debat-a-tunis-sur-le-role-de-lagriculture-biologique-dans-la-securite-alimentaire\/","title":{"rendered":"D\u00e9bat \u00e0 Tunis sur le r\u00f4le de l\u2019agriculture biologique dans la s\u00e9curit\u00e9 alimentaire"},"content":{"rendered":"\n<p><strong><em>Dans le cadre de la Foire Internationale du livre, dont le Syst\u00e8me des Nations unies est l\u2019invit\u00e9 d\u2019honneur, l\u2019Organisation des Nations unies pour l\u2019alimentation et l\u2019agriculture (FAO) a organis\u00e9, le 1<sup>er<\/sup> mai 2023, un talk-show sur la s\u00e9curit\u00e9 alimentaire.<\/em><\/strong><\/p>\n\n\n\n<!--more-->\n\n\n\n<p>Le sujet est d\u2019une grande actualit\u00e9, avec le rench\u00e9rissement des prix des produits alimentaires suite \u00e0 la guerre russo-ukrainienne et au stress hydrique d\u00fb au changement climatique dont souffrent plusieurs pays du monde, dont la Tunisie. &nbsp;<\/p>\n\n\n\n<p>Les d\u00e9bats ont port\u00e9 sur l&rsquo;importance vitale de r\u00e9guler notre consommation alimentaire. Surveiller rigoureusement notre alimentation est essentiel dans la pr\u00e9vention de diverses maladies et dans l\u2019am\u00e9lioration globale de notre sant\u00e9.<\/p>\n\n\n\n<p>La question de la s\u00e9curit\u00e9 alimentaire est un enjeu fondamental de sant\u00e9 publique, \u00e9conomique et environnemental. Elle est li\u00e9e \u00e0 la disponibilit\u00e9, l\u2019accessibilit\u00e9, la qualit\u00e9 et la durabilit\u00e9 des aliments produits et consomm\u00e9s.<\/p>\n\n\n\n<p>Emna Jelassi Kamoun, coordinatrice principale du projet d\u2019<em>\u00abAppui aux services de contr\u00f4les officiels des produits animaux et v\u00e9g\u00e9taux\u00bb<\/em> Asco, a mis en exergue l\u2019importance cruciale de l\u2019orientation strat\u00e9gique du syst\u00e8me des Nations Unies sur le &nbsp;<em>\u00abOne healt\u00bb<\/em> &nbsp;(Une Seule Sant\u00e9), qui concentre les domaines de la sant\u00e9 humaine, animale et v\u00e9g\u00e9tale.<\/p>\n\n\n\n<p>Dans cette perspective, il est imp\u00e9ratif que les produits alimentaires que nous consommons soient soumis \u00e0 des contr\u00f4les officiels rigoureux, conforment aux normes nationales et internationales en vue de proposer une alimentation saine et de qualit\u00e9 aux populations.<\/p>\n\n\n\n<p>Par ailleurs, Mme Jelassi Kamoun a expliqu\u00e9 le r\u00f4le central du projet Asco, financ\u00e9 par l\u2019Union europ\u00e9enne et mis en \u0153uvre par la FAO. Ce projet vise \u00e0 apporter un appui technique et mat\u00e9riel aux institutions charg\u00e9es du contr\u00f4le officiel, notamment la Direction g\u00e9n\u00e9rale de la sant\u00e9 v\u00e9g\u00e9tale et du contr\u00f4le des intrants agricoles (DGSVCIA) ainsi que la Direction g\u00e9n\u00e9rale des services v\u00e9t\u00e9rinaires (DGSV) relevant du minist\u00e8re tunisien de l\u2019Agriculture, des Ressources hydrauliques et de la P\u00eache.<\/p>\n\n\n\n<p>Les coordinateurs des projets Biorest et Asco ont eu l\u2019honneur de participer \u00e0 un \u00e9change interactif avec le public pr\u00e9sent. Cet \u00e9change a port\u00e9 sur la s\u00e9curit\u00e9 alimentaire et l\u2019importance de la pratique de l\u2019agriculture biologique qui a d\u00e9but\u00e9 en Tunisie depuis 20 ans.<\/p>\n\n\n\n<p>Le r\u00f4le pionnier que notre pays joue dans ce domaine et au sein du monde arabe revient \u00e0 la r\u00e9glementation tunisienne reconnue comme \u00e9quivalente par l\u2019Union Europ\u00e9enne.<\/p>\n\n\n\n<figure class=\"wp-block-embed is-type-wp-embed is-provider-kapitalis wp-block-embed-kapitalis\"><div class=\"wp-block-embed__wrapper\">\n<blockquote class=\"wp-embedded-content\" data-secret=\"B03O3kTIwj\"><a href=\"https:\/\/kapitalis.com\/tunisie\/2023\/05\/04\/tunisie-pour-une-agriculture-adaptee-au-changement-climatique\/\">Tunisie\u00a0: pour une agriculture adapt\u00e9e au changement climatique<\/a><\/blockquote><iframe loading=\"lazy\" class=\"wp-embedded-content\" sandbox=\"allow-scripts\" security=\"restricted\" style=\"position: absolute; clip: rect(1px, 1px, 1px, 1px);\" title=\"\u00ab\u00a0Tunisie\u00a0: pour une agriculture adapt\u00e9e au changement climatique\u00a0\u00bb &#8212; Kapitalis\" src=\"https:\/\/kapitalis.com\/tunisie\/2023\/05\/04\/tunisie-pour-une-agriculture-adaptee-au-changement-climatique\/embed\/#?secret=qHCR8xruiY#?secret=B03O3kTIwj\" data-secret=\"B03O3kTIwj\" width=\"600\" height=\"338\" frameborder=\"0\" marginwidth=\"0\" marginheight=\"0\" scrolling=\"no\"><\/iframe>\n<\/div><\/figure>\n\n\n\n<p>Le projet Biorest mis en \u0153uvre par la FAO a \u00e9t\u00e9 mis en place pour accompagner la mise en conformit\u00e9 de l\u2019agriculture biologique en Tunisie avec la nouvelle r\u00e9glementation entr\u00e9e en vigueur en janvier 2022.<\/p>\n\n\n\n<p>La FAO joue un r\u00f4le de catalyseur dans la promotion de l\u2019agriculture biologique et la garantie de la s\u00e9curit\u00e9 alimentaire. Elle collabore avec les partenaires nationaux, les organisations de la soci\u00e9t\u00e9 civile et les partenaires du secteur priv\u00e9 pour renforcer la capacit\u00e9 de la Tunisie, \u00e0 produire des aliments de qualit\u00e9, promouvoir des politiques agricoles durables et renforcer la r\u00e9silience des syst\u00e8mes alimentaires.<\/p>\n\n\n\n<p>La FAO met \u00e0 disposition des connaissances, des technologies et des financements pour aider \u00e0 la promotion de l&rsquo;agriculture biologique et garantir une s\u00e9curit\u00e9 alimentaire durable pour tous.<\/p>\n\n\n\n<p>Cette rencontre a ainsi permis de sensibiliser le public aux enjeux cruciaux de la s\u00e9curit\u00e9 alimentaire et de l\u2019agriculture biologique, tout en renfor\u00e7ant le dialogue et la compr\u00e9hension mutuelle entre les diff\u00e9rents acteurs du secteur. Elle a \u00e9galement mis en \u00e9vidence l\u2019importance d\u2019une approche collaborative et participative pour promouvoir des syst\u00e8mes alimentaires durables, r\u00e9silients et respectueux de l&rsquo;environnement.<\/p>\n\n\n\n<p><strong><em>Communiqu\u00e9.<\/em><\/strong><\/p>\n","protected":false},"excerpt":{"rendered":"<p>Talk-show sur la s\u00e9curit\u00e9 alimentaire \u00e0 la Foire du livre de Tunis organis\u00e9 par la FAO. <\/p>\n","protected":false},"author":8,"featured_media":7747630,"comment_status":"open","ping_status":"open","sticky":false,"template":"","format":"standard","meta":{"footnotes":""},"categories":[995,2433],"tags":[14475,24073,108410,7310,15775,4013,78727,20261,62643],"class_list":["post-7747576","post","type-post","status-publish","format-standard","has-post-thumbnail","hentry","category-economie","category-tunisie","tag-agriculture-biologique","tag-changement-climatique","tag-emna-jelassi-kamoun","tag-fao","tag-foire-du-livre-de-tunis","tag-nations-unies","tag-politiques-agricoles","tag-securite-alimentaire","tag-tunisie"],"yoast_head":"<!-- This site is optimized with the Yoast SEO plugin v26.6 - https:\/\/yoast.com\/wordpress\/plugins\/seo\/ -->\n<title>D\u00e9bat \u00e0 Tunis sur le r\u00f4le de l\u2019agriculture biologique dans la s\u00e9curit\u00e9 alimentaire - Kapitalis<\/title>\n<meta name=\"robots\" content=\"index, follow, max-snippet:-1, max-image-preview:large, max-video-preview:-1\" \/>\n<link rel=\"canonical\" href=\"https:\/\/kapitalis.com\/tunisie\/2023\/05\/04\/debat-a-tunis-sur-le-role-de-lagriculture-biologique-dans-la-securite-alimentaire\/\" \/>\n<meta property=\"og:locale\" content=\"fr_FR\" \/>\n<meta property=\"og:type\" content=\"article\" \/>\n<meta property=\"og:title\" content=\"D\u00e9bat \u00e0 Tunis sur le r\u00f4le de l\u2019agriculture biologique dans la s\u00e9curit\u00e9 alimentaire - Kapitalis\" \/>\n<meta property=\"og:description\" content=\"Talk-show sur la s\u00e9curit\u00e9 alimentaire \u00e0 la Foire du livre de Tunis organis\u00e9 par la FAO.\" \/>\n<meta property=\"og:url\" content=\"https:\/\/kapitalis.com\/tunisie\/2023\/05\/04\/debat-a-tunis-sur-le-role-de-lagriculture-biologique-dans-la-securite-alimentaire\/\" \/>\n<meta property=\"og:site_name\" content=\"Kapitalis\" \/>\n<meta property=\"article:publisher\" content=\"https:\/\/www.facebook.com\/KapitalisInfo\/\" \/>\n<meta property=\"article:published_time\" content=\"2023-05-04T11:19:45+00:00\" \/>\n<meta property=\"article:modified_time\" content=\"2023-05-04T11:19:47+00:00\" \/>\n<meta property=\"og:image\" content=\"https:\/\/kapitalis.com\/tunisie\/wp-content\/uploads\/2023\/05\/FAO-Securite-alimentaire.jpg\" \/>\n\t<meta property=\"og:image:width\" content=\"1200\" \/>\n\t<meta property=\"og:image:height\" content=\"630\" \/>\n\t<meta property=\"og:image:type\" content=\"image\/jpeg\" \/>\n<meta name=\"author\" content=\"webmaster kapitalis\" \/>\n<meta name=\"twitter:card\" content=\"summary_large_image\" \/>\n<meta name=\"twitter:creator\" content=\"@KapitalisInfo\" \/>\n<meta name=\"twitter:site\" content=\"@KapitalisInfo\" \/>\n<meta name=\"twitter:label1\" content=\"\u00c9crit par\" \/>\n\t<meta name=\"twitter:data1\" content=\"webmaster kapitalis\" \/>\n\t<meta name=\"twitter:label2\" content=\"Dur\u00e9e de lecture estim\u00e9e\" \/>\n\t<meta name=\"twitter:data2\" content=\"3 minutes\" \/>\n<script type=\"application\/ld+json\" class=\"yoast-schema-graph\">{\"@context\":\"https:\/\/schema.org\",\"@graph\":[{\"@type\":\"Article\",\"@id\":\"https:\/\/kapitalis.com\/tunisie\/2023\/05\/04\/debat-a-tunis-sur-le-role-de-lagriculture-biologique-dans-la-securite-alimentaire\/#article\",\"isPartOf\":{\"@id\":\"https:\/\/kapitalis.com\/tunisie\/2023\/05\/04\/debat-a-tunis-sur-le-role-de-lagriculture-biologique-dans-la-securite-alimentaire\/\"},\"author\":{\"name\":\"webmaster kapitalis\",\"@id\":\"https:\/\/kapitalis.com\/tunisie\/#\/schema\/person\/d71f33a9ca44f7bad4698210b480c8e9\"},\"headline\":\"D\u00e9bat \u00e0 Tunis sur le r\u00f4le de l\u2019agriculture biologique dans la s\u00e9curit\u00e9 alimentaire\",\"datePublished\":\"2023-05-04T11:19:45+00:00\",\"dateModified\":\"2023-05-04T11:19:47+00:00\",\"mainEntityOfPage\":{\"@id\":\"https:\/\/kapitalis.com\/tunisie\/2023\/05\/04\/debat-a-tunis-sur-le-role-de-lagriculture-biologique-dans-la-securite-alimentaire\/\"},\"wordCount\":650,\"commentCount\":0,\"publisher\":{\"@id\":\"https:\/\/kapitalis.com\/tunisie\/#organization\"},\"image\":{\"@id\":\"https:\/\/kapitalis.com\/tunisie\/2023\/05\/04\/debat-a-tunis-sur-le-role-de-lagriculture-biologique-dans-la-securite-alimentaire\/#primaryimage\"},\"thumbnailUrl\":\"https:\/\/kapitalis.com\/tunisie\/wp-content\/uploads\/2023\/05\/FAO-Securite-alimentaire.jpg\",\"keywords\":[\"agriculture biologique\",\"changement climatique\",\"Emna Jelassi Kamoun\",\"FAO\",\"Foire du Livre de Tunis\",\"Nations unies\",\"politiques agricoles\",\"s\u00e9curit\u00e9 alimentaire\",\"Tunisie\"],\"articleSection\":[\"ECONOMIE\",\"Tunisie\"],\"inLanguage\":\"fr-FR\",\"potentialAction\":[{\"@type\":\"CommentAction\",\"name\":\"Comment\",\"target\":[\"https:\/\/kapitalis.com\/tunisie\/2023\/05\/04\/debat-a-tunis-sur-le-role-de-lagriculture-biologique-dans-la-securite-alimentaire\/#respond\"]}]},{\"@type\":\"WebPage\",\"@id\":\"https:\/\/kapitalis.com\/tunisie\/2023\/05\/04\/debat-a-tunis-sur-le-role-de-lagriculture-biologique-dans-la-securite-alimentaire\/\",\"url\":\"https:\/\/kapitalis.com\/tunisie\/2023\/05\/04\/debat-a-tunis-sur-le-role-de-lagriculture-biologique-dans-la-securite-alimentaire\/\",\"name\":\"D\u00e9bat \u00e0 Tunis sur le r\u00f4le de l\u2019agriculture biologique dans la s\u00e9curit\u00e9 alimentaire - Kapitalis\",\"isPartOf\":{\"@id\":\"https:\/\/kapitalis.com\/tunisie\/#website\"},\"primaryImageOfPage\":{\"@id\":\"https:\/\/kapitalis.com\/tunisie\/2023\/05\/04\/debat-a-tunis-sur-le-role-de-lagriculture-biologique-dans-la-securite-alimentaire\/#primaryimage\"},\"image\":{\"@id\":\"https:\/\/kapitalis.com\/tunisie\/2023\/05\/04\/debat-a-tunis-sur-le-role-de-lagriculture-biologique-dans-la-securite-alimentaire\/#primaryimage\"},\"thumbnailUrl\":\"https:\/\/kapitalis.com\/tunisie\/wp-content\/uploads\/2023\/05\/FAO-Securite-alimentaire.jpg\",\"datePublished\":\"2023-05-04T11:19:45+00:00\",\"dateModified\":\"2023-05-04T11:19:47+00:00\",\"breadcrumb\":{\"@id\":\"https:\/\/kapitalis.com\/tunisie\/2023\/05\/04\/debat-a-tunis-sur-le-role-de-lagriculture-biologique-dans-la-securite-alimentaire\/#breadcrumb\"},\"inLanguage\":\"fr-FR\",\"potentialAction\":[{\"@type\":\"ReadAction\",\"target\":[\"https:\/\/kapitalis.com\/tunisie\/2023\/05\/04\/debat-a-tunis-sur-le-role-de-lagriculture-biologique-dans-la-securite-alimentaire\/\"]}]},{\"@type\":\"ImageObject\",\"inLanguage\":\"fr-FR\",\"@id\":\"https:\/\/kapitalis.com\/tunisie\/2023\/05\/04\/debat-a-tunis-sur-le-role-de-lagriculture-biologique-dans-la-securite-alimentaire\/#primaryimage\",\"url\":\"https:\/\/kapitalis.com\/tunisie\/wp-content\/uploads\/2023\/05\/FAO-Securite-alimentaire.jpg\",\"contentUrl\":\"https:\/\/kapitalis.com\/tunisie\/wp-content\/uploads\/2023\/05\/FAO-Securite-alimentaire.jpg\",\"width\":1200,\"height\":630},{\"@type\":\"BreadcrumbList\",\"@id\":\"https:\/\/kapitalis.com\/tunisie\/2023\/05\/04\/debat-a-tunis-sur-le-role-de-lagriculture-biologique-dans-la-securite-alimentaire\/#breadcrumb\",\"itemListElement\":[{\"@type\":\"ListItem\",\"position\":1,\"name\":\"Accueil\",\"item\":\"https:\/\/kapitalis.com\/tunisie\/\"},{\"@type\":\"ListItem\",\"position\":2,\"name\":\"D\u00e9bat \u00e0 Tunis sur le r\u00f4le de l\u2019agriculture biologique dans la s\u00e9curit\u00e9 alimentaire\"}]},{\"@type\":\"WebSite\",\"@id\":\"https:\/\/kapitalis.com\/tunisie\/#website\",\"url\":\"https:\/\/kapitalis.com\/tunisie\/\",\"name\":\"Kapitalis\",\"description\":\"L&#039;actualit\u00e9 en Tunisie et dans le monde\",\"publisher\":{\"@id\":\"https:\/\/kapitalis.com\/tunisie\/#organization\"},\"potentialAction\":[{\"@type\":\"SearchAction\",\"target\":{\"@type\":\"EntryPoint\",\"urlTemplate\":\"https:\/\/kapitalis.com\/tunisie\/?s={search_term_string}\"},\"query-input\":{\"@type\":\"PropertyValueSpecification\",\"valueRequired\":true,\"valueName\":\"search_term_string\"}}],\"inLanguage\":\"fr-FR\"},{\"@type\":\"Organization\",\"@id\":\"https:\/\/kapitalis.com\/tunisie\/#organization\",\"name\":\"Kapitalis\",\"url\":\"https:\/\/kapitalis.com\/tunisie\/\",\"logo\":{\"@type\":\"ImageObject\",\"inLanguage\":\"fr-FR\",\"@id\":\"https:\/\/kapitalis.com\/tunisie\/#\/schema\/logo\/image\/\",\"url\":\"https:\/\/kapitalis.com\/tunisie\/wp-content\/uploads\/2022\/05\/Kapitalis-big-size.png\",\"contentUrl\":\"https:\/\/kapitalis.com\/tunisie\/wp-content\/uploads\/2022\/05\/Kapitalis-big-size.png\",\"width\":5000,\"height\":1500,\"caption\":\"Kapitalis\"},\"image\":{\"@id\":\"https:\/\/kapitalis.com\/tunisie\/#\/schema\/logo\/image\/\"},\"sameAs\":[\"https:\/\/www.facebook.com\/KapitalisInfo\/\",\"https:\/\/x.com\/KapitalisInfo\",\"https:\/\/www.youtube.com\/channel\/UC-yDYrHyfFBWWZaOw3FPg9Q\"]},{\"@type\":\"Person\",\"@id\":\"https:\/\/kapitalis.com\/tunisie\/#\/schema\/person\/d71f33a9ca44f7bad4698210b480c8e9\",\"name\":\"webmaster kapitalis\",\"url\":\"https:\/\/kapitalis.com\/tunisie\/author\/webmaster-kapitalis\/\"}]}<\/script>\n<!-- \/ Yoast SEO plugin. -->","yoast_head_json":{"title":"D\u00e9bat \u00e0 Tunis sur le r\u00f4le de l\u2019agriculture biologique dans la s\u00e9curit\u00e9 alimentaire - Kapitalis","robots":{"index":"index","follow":"follow","max-snippet":"max-snippet:-1","max-image-preview":"max-image-preview:large","max-video-preview":"max-video-preview:-1"},"canonical":"https:\/\/kapitalis.com\/tunisie\/2023\/05\/04\/debat-a-tunis-sur-le-role-de-lagriculture-biologique-dans-la-securite-alimentaire\/","og_locale":"fr_FR","og_type":"article","og_title":"D\u00e9bat \u00e0 Tunis sur le r\u00f4le de l\u2019agriculture biologique dans la s\u00e9curit\u00e9 alimentaire - Kapitalis","og_description":"Talk-show sur la s\u00e9curit\u00e9 alimentaire \u00e0 la Foire du livre de Tunis organis\u00e9 par la FAO.","og_url":"https:\/\/kapitalis.com\/tunisie\/2023\/05\/04\/debat-a-tunis-sur-le-role-de-lagriculture-biologique-dans-la-securite-alimentaire\/","og_site_name":"Kapitalis","article_publisher":"https:\/\/www.facebook.com\/KapitalisInfo\/","article_published_time":"2023-05-04T11:19:45+00:00","article_modified_time":"2023-05-04T11:19:47+00:00","og_image":[{"width":1200,"height":630,"url":"https:\/\/kapitalis.com\/tunisie\/wp-content\/uploads\/2023\/05\/FAO-Securite-alimentaire.jpg","type":"image\/jpeg"}],"author":"webmaster kapitalis","twitter_card":"summary_large_image","twitter_creator":"@KapitalisInfo","twitter_site":"@KapitalisInfo","twitter_misc":{"\u00c9crit par":"webmaster kapitalis","Dur\u00e9e de lecture estim\u00e9e":"3 minutes"},"schema":{"@context":"https:\/\/schema.org","@graph":[{"@type":"Article","@id":"https:\/\/kapitalis.com\/tunisie\/2023\/05\/04\/debat-a-tunis-sur-le-role-de-lagriculture-biologique-dans-la-securite-alimentaire\/#article","isPartOf":{"@id":"https:\/\/kapitalis.com\/tunisie\/2023\/05\/04\/debat-a-tunis-sur-le-role-de-lagriculture-biologique-dans-la-securite-alimentaire\/"},"author":{"name":"webmaster kapitalis","@id":"https:\/\/kapitalis.com\/tunisie\/#\/schema\/person\/d71f33a9ca44f7bad4698210b480c8e9"},"headline":"D\u00e9bat \u00e0 Tunis sur le r\u00f4le de l\u2019agriculture biologique dans la s\u00e9curit\u00e9 alimentaire","datePublished":"2023-05-04T11:19:45+00:00","dateModified":"2023-05-04T11:19:47+00:00","mainEntityOfPage":{"@id":"https:\/\/kapitalis.com\/tunisie\/2023\/05\/04\/debat-a-tunis-sur-le-role-de-lagriculture-biologique-dans-la-securite-alimentaire\/"},"wordCount":650,"commentCount":0,"publisher":{"@id":"https:\/\/kapitalis.com\/tunisie\/#organization"},"image":{"@id":"https:\/\/kapitalis.com\/tunisie\/2023\/05\/04\/debat-a-tunis-sur-le-role-de-lagriculture-biologique-dans-la-securite-alimentaire\/#primaryimage"},"thumbnailUrl":"https:\/\/kapitalis.com\/tunisie\/wp-content\/uploads\/2023\/05\/FAO-Securite-alimentaire.jpg","keywords":["agriculture biologique","changement climatique","Emna Jelassi Kamoun","FAO","Foire du Livre de Tunis","Nations unies","politiques agricoles","s\u00e9curit\u00e9 alimentaire","Tunisie"],"articleSection":["ECONOMIE","Tunisie"],"inLanguage":"fr-FR","potentialAction":[{"@type":"CommentAction","name":"Comment","target":["https:\/\/kapitalis.com\/tunisie\/2023\/05\/04\/debat-a-tunis-sur-le-role-de-lagriculture-biologique-dans-la-securite-alimentaire\/#respond"]}]},{"@type":"WebPage","@id":"https:\/\/kapitalis.com\/tunisie\/2023\/05\/04\/debat-a-tunis-sur-le-role-de-lagriculture-biologique-dans-la-securite-alimentaire\/","url":"https:\/\/kapitalis.com\/tunisie\/2023\/05\/04\/debat-a-tunis-sur-le-role-de-lagriculture-biologique-dans-la-securite-alimentaire\/","name":"D\u00e9bat \u00e0 Tunis sur le r\u00f4le de l\u2019agriculture biologique dans la s\u00e9curit\u00e9 alimentaire - Kapitalis","isPartOf":{"@id":"https:\/\/kapitalis.com\/tunisie\/#website"},"primaryImageOfPage":{"@id":"https:\/\/kapitalis.com\/tunisie\/2023\/05\/04\/debat-a-tunis-sur-le-role-de-lagriculture-biologique-dans-la-securite-alimentaire\/#primaryimage"},"image":{"@id":"https:\/\/kapitalis.com\/tunisie\/2023\/05\/04\/debat-a-tunis-sur-le-role-de-lagriculture-biologique-dans-la-securite-alimentaire\/#primaryimage"},"thumbnailUrl":"https:\/\/kapitalis.com\/tunisie\/wp-content\/uploads\/2023\/05\/FAO-Securite-alimentaire.jpg","datePublished":"2023-05-04T11:19:45+00:00","dateModified":"2023-05-04T11:19:47+00:00","breadcrumb":{"@id":"https:\/\/kapitalis.com\/tunisie\/2023\/05\/04\/debat-a-tunis-sur-le-role-de-lagriculture-biologique-dans-la-securite-alimentaire\/#breadcrumb"},"inLanguage":"fr-FR","potentialAction":[{"@type":"ReadAction","target":["https:\/\/kapitalis.com\/tunisie\/2023\/05\/04\/debat-a-tunis-sur-le-role-de-lagriculture-biologique-dans-la-securite-alimentaire\/"]}]},{"@type":"ImageObject","inLanguage":"fr-FR","@id":"https:\/\/kapitalis.com\/tunisie\/2023\/05\/04\/debat-a-tunis-sur-le-role-de-lagriculture-biologique-dans-la-securite-alimentaire\/#primaryimage","url":"https:\/\/kapitalis.com\/tunisie\/wp-content\/uploads\/2023\/05\/FAO-Securite-alimentaire.jpg","contentUrl":"https:\/\/kapitalis.com\/tunisie\/wp-content\/uploads\/2023\/05\/FAO-Securite-alimentaire.jpg","width":1200,"height":630},{"@type":"BreadcrumbList","@id":"https:\/\/kapitalis.com\/tunisie\/2023\/05\/04\/debat-a-tunis-sur-le-role-de-lagriculture-biologique-dans-la-securite-alimentaire\/#breadcrumb","itemListElement":[{"@type":"ListItem","position":1,"name":"Accueil","item":"https:\/\/kapitalis.com\/tunisie\/"},{"@type":"ListItem","position":2,"name":"D\u00e9bat \u00e0 Tunis sur le r\u00f4le de l\u2019agriculture biologique dans la s\u00e9curit\u00e9 alimentaire"}]},{"@type":"WebSite","@id":"https:\/\/kapitalis.com\/tunisie\/#website","url":"https:\/\/kapitalis.com\/tunisie\/","name":"Kapitalis","description":"L&#039;actualit\u00e9 en Tunisie et dans le monde","publisher":{"@id":"https:\/\/kapitalis.com\/tunisie\/#organization"},"potentialAction":[{"@type":"SearchAction","target":{"@type":"EntryPoint","urlTemplate":"https:\/\/kapitalis.com\/tunisie\/?s={search_term_string}"},"query-input":{"@type":"PropertyValueSpecification","valueRequired":true,"valueName":"search_term_string"}}],"inLanguage":"fr-FR"},{"@type":"Organization","@id":"https:\/\/kapitalis.com\/tunisie\/#organization","name":"Kapitalis","url":"https:\/\/kapitalis.com\/tunisie\/","logo":{"@type":"ImageObject","inLanguage":"fr-FR","@id":"https:\/\/kapitalis.com\/tunisie\/#\/schema\/logo\/image\/","url":"https:\/\/kapitalis.com\/tunisie\/wp-content\/uploads\/2022\/05\/Kapitalis-big-size.png","contentUrl":"https:\/\/kapitalis.com\/tunisie\/wp-content\/uploads\/2022\/05\/Kapitalis-big-size.png","width":5000,"height":1500,"caption":"Kapitalis"},"image":{"@id":"https:\/\/kapitalis.com\/tunisie\/#\/schema\/logo\/image\/"},"sameAs":["https:\/\/www.facebook.com\/KapitalisInfo\/","https:\/\/x.com\/KapitalisInfo","https:\/\/www.youtube.com\/channel\/UC-yDYrHyfFBWWZaOw3FPg9Q"]},{"@type":"Person","@id":"https:\/\/kapitalis.com\/tunisie\/#\/schema\/person\/d71f33a9ca44f7bad4698210b480c8e9","name":"webmaster kapitalis","url":"https:\/\/kapitalis.com\/tunisie\/author\/webmaster-kapitalis\/"}]}},"_links":{"self":[{"href":"https:\/\/kapitalis.com\/tunisie\/wp-json\/wp\/v2\/posts\/7747576","targetHints":{"allow":["GET"]}}],"collection":[{"href":"https:\/\/kapitalis.com\/tunisie\/wp-json\/wp\/v2\/posts"}],"about":[{"href":"https:\/\/kapitalis.com\/tunisie\/wp-json\/wp\/v2\/types\/post"}],"author":[{"embeddable":true,"href":"https:\/\/kapitalis.com\/tunisie\/wp-json\/wp\/v2\/users\/8"}],"replies":[{"embeddable":true,"href":"https:\/\/kapitalis.com\/tunisie\/wp-json\/wp\/v2\/comments?post=7747576"}],"version-history":[{"count":1,"href":"https:\/\/kapitalis.com\/tunisie\/wp-json\/wp\/v2\/posts\/7747576\/revisions"}],"predecessor-version":[{"id":7747645,"href":"https:\/\/kapitalis.com\/tunisie\/wp-json\/wp\/v2\/posts\/7747576\/revisions\/7747645"}],"wp:featuredmedia":[{"embeddable":true,"href":"https:\/\/kapitalis.com\/tunisie\/wp-json\/wp\/v2\/media\/7747630"}],"wp:attachment":[{"href":"https:\/\/kapitalis.com\/tunisie\/wp-json\/wp\/v2\/media?parent=7747576"}],"wp:term":[{"taxonomy":"category","embeddable":true,"href":"https:\/\/kapitalis.com\/tunisie\/wp-json\/wp\/v2\/categories?post=7747576"},{"taxonomy":"post_tag","embeddable":true,"href":"https:\/\/kapitalis.com\/tunisie\/wp-json\/wp\/v2\/tags?post=7747576"}],"curies":[{"name":"wp","href":"https:\/\/api.w.org\/{rel}","templated":true}]}}