{"id":7751024,"date":"2023-05-04T16:43:57","date_gmt":"2023-05-04T15:43:57","guid":{"rendered":"https:\/\/kapitalis.com\/tunisie\/?p=7751024"},"modified":"2023-05-04T16:44:10","modified_gmt":"2023-05-04T15:44:10","slug":"la-fondation-biat-celebre-la-2eme-promotion-de-lexecutive-master-en-management-et-politique-de-la-culture","status":"publish","type":"post","link":"https:\/\/kapitalis.com\/tunisie\/2023\/05\/04\/la-fondation-biat-celebre-la-2eme-promotion-de-lexecutive-master-en-management-et-politique-de-la-culture\/","title":{"rendered":"La Fondation BIAT c\u00e9l\u00e8bre la 2\u00e8me promotion de l\u2019Ex\u00e9cutive Master en Management et Politique de la Culture"},"content":{"rendered":"\n<p><strong><em>Une c\u00e9r\u00e9monie de remise des dipl\u00f4mes en l\u2019honneur des laur\u00e9ats de la deuxi\u00e8me promotion de l\u2019Ex\u00e9cutive Master en Management et Politique de la Culture a \u00e9t\u00e9 organis\u00e9e conjointement par La Fondation BIAT et l\u2019Universit\u00e9 Paris-Dauphine \u2013 Tunis. Ce programme \u00e9ducatif de haut niveau a \u00e9t\u00e9 initi\u00e9 et soutenu par la Fondation BIAT, d\u00e9velopp\u00e9 par l\u2019institut Tunis Dauphine, sous la tutelle du Minist\u00e8re des Affaires Culturelles de la Tunisie. Reconnu au niveau international, ce mast\u00e8re universitaire ouvre des perspectives d\u2019acc\u00e8s \u00e0 des fonctions transversales d\u2019administration et de gestion dans le secteur culturel.<\/em><\/strong><\/p>\n\n\n\n<!--more-->\n\n\n\n<p>La Fondation BIAT et l\u2019Universit\u00e9 Paris-Dauphine \u2013 Tunis ont c\u00e9l\u00e9br\u00e9 la remise des dipl\u00f4mes de la deuxi\u00e8me promotion de l\u2019Ex\u00e9cutive Master en Management et Politique de la culture lors d\u2019un \u00e9v\u00e8nement d\u00e9di\u00e9, organis\u00e9 le 27 avril 2023 \u00e0 la cit\u00e9 de la culture.<\/p>\n\n\n\n<p>L\u2019Ex\u00e9cutive Master est un Dipl\u00f4me d\u2019Universit\u00e9 dont la vocation est de former des personnes appartenant au monde de la culture, afin de renforcer leurs comp\u00e9tences manag\u00e9riales, avoir une meilleure compr\u00e9hension de l\u2019\u00e9cosyst\u00e8me culturel en Tunisie, et d\u00e9tenir les outils pour entreprendre leurs propres projets professionnels.<\/p>\n\n\n\n<p>Depuis 2019, 86 candidats se sont inscrits \u00e0 ce programme avec des profils diff\u00e9rents portant chacun des id\u00e9es de projets touchant \u00e0 des domaines d\u2019activit\u00e9 qui s\u2019apparentent avec les industries cr\u00e9atives et culturelles, comme le th\u00e9\u00e2tre, cin\u00e9ma, mus\u00e9e, sculpture, peinture, art contemporain, musique, livre, production artistique.<\/p>\n\n\n<div class=\"wp-block-image\">\n<figure class=\"aligncenter size-large is-resized\"><img decoding=\"async\" src=\"https:\/\/kapitalis.com\/tunisie\/wp-content\/uploads\/2023\/05\/b-2-1024x683.jpg\" alt=\"\" class=\"wp-image-7751125\" width=\"500\" srcset=\"https:\/\/kapitalis.com\/tunisie\/wp-content\/uploads\/2023\/05\/b-2-1024x683.jpg 1024w, https:\/\/kapitalis.com\/tunisie\/wp-content\/uploads\/2023\/05\/b-2-300x200.jpg 300w, https:\/\/kapitalis.com\/tunisie\/wp-content\/uploads\/2023\/05\/b-2-768x512.jpg 768w, https:\/\/kapitalis.com\/tunisie\/wp-content\/uploads\/2023\/05\/b-2-1536x1024.jpg 1536w, https:\/\/kapitalis.com\/tunisie\/wp-content\/uploads\/2023\/05\/b-2-2048x1365.jpg 2048w, https:\/\/kapitalis.com\/tunisie\/wp-content\/uploads\/2023\/05\/b-2-580x387.jpg 580w, https:\/\/kapitalis.com\/tunisie\/wp-content\/uploads\/2023\/05\/b-2-860x573.jpg 860w, https:\/\/kapitalis.com\/tunisie\/wp-content\/uploads\/2023\/05\/b-2-1160x773.jpg 1160w\" sizes=\"(max-width: 1024px) 100vw, 1024px\" \/><\/figure>\n<\/div>\n\n\n<p>Deux promotions ont d\u00e9j\u00e0 b\u00e9n\u00e9fici\u00e9 de cette formation de 18 mois, qui comporte plus de dix modules dispens\u00e9s par des professeurs et des experts universitaires tunisiens et fran\u00e7ais. Une formation enrichissante et compl\u00e8te traitant l\u2019histoire de l\u2019art et de la culture, les politiques et \u00e9conomie de la culture, le droit de la culture, les principes fondamentaux de la gestion et de la comptabilit\u00e9 et fiscalit\u00e9, marketing communication et publics, la conception et gestion de projet, spectacle vivant ainsi que la mise en valeur du patrimoine.<\/p>\n\n\n\n<p>Cr\u00e9\u00e9e en 2014, la fondation BIAT fait partie int\u00e9grante de la politique de responsabilit\u00e9 soci\u00e9tale de la BIAT. C\u2019est ainsi que depuis sa cr\u00e9ation, la Fondation BIAT s\u2019est donn\u00e9e pour mission de doter les jeunes tunisiens de comp\u00e9tences, d\u2019une ouverture culturelle et d\u2019un esprit entrepreneurial. Elle a \u00e9galement d\u00e9velopp\u00e9 des programmes pour les accompagner dans l\u2019excellence et la citoyennet\u00e9. A travers ses actions la Fondation BIAT entend donner \u00e0 ces jeunes les moyens de devenir entreprenants et \u00e9conomiquement ind\u00e9pendants pour qu\u2019ils puissent cr\u00e9er de la valeur et contribuer au d\u00e9veloppement de leurs communaut\u00e9s.<\/p>\n\n\n\n<p>Banque citoyenne int\u00e9grant la responsabilit\u00e9 soci\u00e9tale au c\u0153ur de sa strat\u00e9gie, la BIAT entend jouer pleinement son r\u00f4le dans le d\u00e9veloppement durable et s\u2019attache \u00e0 adopter un comportement socialement responsable et respectueux de l\u2019ensemble de ses partenaires. Elle int\u00e8gre ainsi les principes de la responsabilit\u00e9 soci\u00e9tale et environnementale dans sa strat\u00e9gie, ses objectifs et leurs mises en \u0153uvre afin d\u2019assurer une croissance en coh\u00e9rence avec les int\u00e9r\u00eats de toutes ses parties prenantes.<\/p>\n\n\n\n<p><strong>A propos de la Fondation BIAT pour la jeunesse<\/strong><\/p>\n\n\n\n<p>Cr\u00e9\u00e9e en mars 2014, la Fondation BIAT accompagne la jeunesse tunisienne afin de r\u00e9duire les in\u00e9galit\u00e9s sociales, de soutenir la cr\u00e9ation et la diversit\u00e9 culturelle, et la promotion de l\u2019entrepreneuriat chez les jeunes \u00e0 travers trois axes principaux : l\u2019\u00e9ducation, la culture et l\u2019entrepreneuriat. La Fondation BIAT est une traduction concr\u00e8te et p\u00e9renne de l\u2019engagement citoyen et de la d\u00e9marche de responsabilit\u00e9 sociale de la BIAT. http:\/\/www.fondationbiat.org.tn\/<\/p>\n\n\n\n<p><strong>A propos de la BIAT\u00a0:<\/strong><\/p>\n\n\n\n<p>Banque universelle, acteur de r\u00e9f\u00e9rence en Tunisie, la BIAT constitue aujourd\u2019hui un groupe bancaire solide avec ses filiales dans les domaines de l\u2019assurance, de la gestion d\u2019actifs, du capital-investissement, de l\u2019interm\u00e9diation boursi\u00e8re et du conseil. Implant\u00e9e sur tout le territoire, la BIAT compte aujourd\u2019hui 206 agences \u00e0 travers toute la Tunisie. Pr\u00e8s de 2000 collaborateurs travaillent au service de tous ses clients : particuliers, professionnels, PME, grandes entreprises et institutionnels.<\/p>\n\n\n\n<p>Tr\u00e8s attentive \u00e0 sa responsabilit\u00e9 soci\u00e9tale, la BIAT a traduit son positionnement citoyen par de nombreux engagements. La cr\u00e9ation de la Fondation BIAT pour la jeunesse tunisienne, au printemps 2014, en est embl\u00e9matique et ancre cet engagement de fa\u00e7on p\u00e9renne. www.biat.com.tn.<\/p>\n\n\n\n<p><strong>Communiqu\u00e9<\/strong><\/p>\n","protected":false},"excerpt":{"rendered":"<p>La Fondation BIAT c\u00e9l\u00e8bre la 2\u00e8me promotion de l\u2019Ex\u00e9cutive Master en Management et Politique de la Culture<\/p>\n","protected":false},"author":6,"featured_media":7751090,"comment_status":"open","ping_status":"open","sticky":false,"template":"","format":"standard","meta":{"footnotes":""},"categories":[998,2433],"tags":[22395,146,108416,62643,108417],"class_list":["post-7751024","post","type-post","status-publish","format-standard","has-post-thumbnail","hentry","category-societe","category-tunisie","tag-affaires-culturelles","tag-biat","tag-master-en-management","tag-tunisie","tag-universite-paris-dauphine"],"yoast_head":"<!-- This site is optimized with the Yoast SEO plugin v26.6 - https:\/\/yoast.com\/wordpress\/plugins\/seo\/ -->\n<title>La Fondation BIAT c\u00e9l\u00e8bre la 2\u00e8me promotion de l\u2019Ex\u00e9cutive Master en Management et Politique de la Culture - Kapitalis<\/title>\n<meta name=\"description\" content=\"Une c\u00e9r\u00e9monie de remise des dipl\u00f4mes en l\u2019honneur des laur\u00e9ats de la deuxi\u00e8me promotion de l\u2019Ex\u00e9cutive Master en Management et Politique de la Culture a \u00e9t\u00e9 organis\u00e9e conjointement par La Fondation BIAT et l\u2019Universit\u00e9 Paris-Dauphine \u2013 Tunis. Ce programme \u00e9ducatif de haut niveau a \u00e9t\u00e9 initi\u00e9 et soutenu par la Fondation BIAT, d\u00e9velopp\u00e9 par l\u2019institut Tunis Dauphine, sous la tutelle du Minist\u00e8re des Affaires Culturelles de la Tunisie. Reconnu au niveau international, ce mast\u00e8re universitaire ouvre des perspectives d\u2019acc\u00e8s \u00e0 des fonctions transversales d\u2019administration et de gestion dans le secteur culturel.\" \/>\n<meta name=\"robots\" content=\"index, follow, max-snippet:-1, max-image-preview:large, max-video-preview:-1\" \/>\n<link rel=\"canonical\" href=\"https:\/\/kapitalis.com\/tunisie\/2023\/05\/04\/la-fondation-biat-celebre-la-2eme-promotion-de-lexecutive-master-en-management-et-politique-de-la-culture\/\" \/>\n<meta property=\"og:locale\" content=\"fr_FR\" \/>\n<meta property=\"og:type\" content=\"article\" \/>\n<meta property=\"og:title\" content=\"La Fondation BIAT c\u00e9l\u00e8bre la 2\u00e8me promotion de l\u2019Ex\u00e9cutive Master en Management et Politique de la Culture - Kapitalis\" \/>\n<meta property=\"og:description\" content=\"Une c\u00e9r\u00e9monie de remise des dipl\u00f4mes en l\u2019honneur des laur\u00e9ats de la deuxi\u00e8me promotion de l\u2019Ex\u00e9cutive Master en Management et Politique de la Culture a \u00e9t\u00e9 organis\u00e9e conjointement par La Fondation BIAT et l\u2019Universit\u00e9 Paris-Dauphine \u2013 Tunis. Ce programme \u00e9ducatif de haut niveau a \u00e9t\u00e9 initi\u00e9 et soutenu par la Fondation BIAT, d\u00e9velopp\u00e9 par l\u2019institut Tunis Dauphine, sous la tutelle du Minist\u00e8re des Affaires Culturelles de la Tunisie. Reconnu au niveau international, ce mast\u00e8re universitaire ouvre des perspectives d\u2019acc\u00e8s \u00e0 des fonctions transversales d\u2019administration et de gestion dans le secteur culturel.\" \/>\n<meta property=\"og:url\" content=\"https:\/\/kapitalis.com\/tunisie\/2023\/05\/04\/la-fondation-biat-celebre-la-2eme-promotion-de-lexecutive-master-en-management-et-politique-de-la-culture\/\" \/>\n<meta property=\"og:site_name\" content=\"Kapitalis\" \/>\n<meta property=\"article:publisher\" content=\"https:\/\/www.facebook.com\/KapitalisInfo\/\" \/>\n<meta property=\"article:published_time\" content=\"2023-05-04T15:43:57+00:00\" \/>\n<meta property=\"article:modified_time\" content=\"2023-05-04T15:44:10+00:00\" \/>\n<meta property=\"og:image\" content=\"https:\/\/kapitalis.com\/tunisie\/wp-content\/uploads\/2023\/05\/BIAT.jpg\" \/>\n\t<meta property=\"og:image:width\" content=\"1200\" \/>\n\t<meta property=\"og:image:height\" content=\"630\" \/>\n\t<meta property=\"og:image:type\" content=\"image\/jpeg\" \/>\n<meta name=\"author\" content=\"Yusra NY\" \/>\n<meta name=\"twitter:card\" content=\"summary_large_image\" \/>\n<meta name=\"twitter:creator\" content=\"@KapitalisInfo\" \/>\n<meta name=\"twitter:site\" content=\"@KapitalisInfo\" \/>\n<meta name=\"twitter:label1\" content=\"\u00c9crit par\" \/>\n\t<meta name=\"twitter:data1\" content=\"Yusra NY\" \/>\n\t<meta name=\"twitter:label2\" content=\"Dur\u00e9e de lecture estim\u00e9e\" \/>\n\t<meta name=\"twitter:data2\" content=\"4 minutes\" \/>\n<script type=\"application\/ld+json\" class=\"yoast-schema-graph\">{\"@context\":\"https:\/\/schema.org\",\"@graph\":[{\"@type\":\"Article\",\"@id\":\"https:\/\/kapitalis.com\/tunisie\/2023\/05\/04\/la-fondation-biat-celebre-la-2eme-promotion-de-lexecutive-master-en-management-et-politique-de-la-culture\/#article\",\"isPartOf\":{\"@id\":\"https:\/\/kapitalis.com\/tunisie\/2023\/05\/04\/la-fondation-biat-celebre-la-2eme-promotion-de-lexecutive-master-en-management-et-politique-de-la-culture\/\"},\"author\":{\"name\":\"Yusra NY\",\"@id\":\"https:\/\/kapitalis.com\/tunisie\/#\/schema\/person\/74bbde0154d49d790a92aaeac5bc01d5\"},\"headline\":\"La Fondation BIAT c\u00e9l\u00e8bre la 2\u00e8me promotion de l\u2019Ex\u00e9cutive Master en Management et Politique de la Culture\",\"datePublished\":\"2023-05-04T15:43:57+00:00\",\"dateModified\":\"2023-05-04T15:44:10+00:00\",\"mainEntityOfPage\":{\"@id\":\"https:\/\/kapitalis.com\/tunisie\/2023\/05\/04\/la-fondation-biat-celebre-la-2eme-promotion-de-lexecutive-master-en-management-et-politique-de-la-culture\/\"},\"wordCount\":787,\"commentCount\":0,\"publisher\":{\"@id\":\"https:\/\/kapitalis.com\/tunisie\/#organization\"},\"image\":{\"@id\":\"https:\/\/kapitalis.com\/tunisie\/2023\/05\/04\/la-fondation-biat-celebre-la-2eme-promotion-de-lexecutive-master-en-management-et-politique-de-la-culture\/#primaryimage\"},\"thumbnailUrl\":\"https:\/\/kapitalis.com\/tunisie\/wp-content\/uploads\/2023\/05\/BIAT.jpg\",\"keywords\":[\"affaires culturelles\",\"Biat\",\"Master en Management\",\"Tunisie\",\"Universit\u00e9 Paris-Dauphine\"],\"articleSection\":[\"SOCIETE\",\"Tunisie\"],\"inLanguage\":\"fr-FR\",\"potentialAction\":[{\"@type\":\"CommentAction\",\"name\":\"Comment\",\"target\":[\"https:\/\/kapitalis.com\/tunisie\/2023\/05\/04\/la-fondation-biat-celebre-la-2eme-promotion-de-lexecutive-master-en-management-et-politique-de-la-culture\/#respond\"]}]},{\"@type\":\"WebPage\",\"@id\":\"https:\/\/kapitalis.com\/tunisie\/2023\/05\/04\/la-fondation-biat-celebre-la-2eme-promotion-de-lexecutive-master-en-management-et-politique-de-la-culture\/\",\"url\":\"https:\/\/kapitalis.com\/tunisie\/2023\/05\/04\/la-fondation-biat-celebre-la-2eme-promotion-de-lexecutive-master-en-management-et-politique-de-la-culture\/\",\"name\":\"La Fondation BIAT c\u00e9l\u00e8bre la 2\u00e8me promotion de l\u2019Ex\u00e9cutive Master en Management et Politique de la Culture - Kapitalis\",\"isPartOf\":{\"@id\":\"https:\/\/kapitalis.com\/tunisie\/#website\"},\"primaryImageOfPage\":{\"@id\":\"https:\/\/kapitalis.com\/tunisie\/2023\/05\/04\/la-fondation-biat-celebre-la-2eme-promotion-de-lexecutive-master-en-management-et-politique-de-la-culture\/#primaryimage\"},\"image\":{\"@id\":\"https:\/\/kapitalis.com\/tunisie\/2023\/05\/04\/la-fondation-biat-celebre-la-2eme-promotion-de-lexecutive-master-en-management-et-politique-de-la-culture\/#primaryimage\"},\"thumbnailUrl\":\"https:\/\/kapitalis.com\/tunisie\/wp-content\/uploads\/2023\/05\/BIAT.jpg\",\"datePublished\":\"2023-05-04T15:43:57+00:00\",\"dateModified\":\"2023-05-04T15:44:10+00:00\",\"description\":\"Une c\u00e9r\u00e9monie de remise des dipl\u00f4mes en l\u2019honneur des laur\u00e9ats de la deuxi\u00e8me promotion de l\u2019Ex\u00e9cutive Master en Management et Politique de la Culture a \u00e9t\u00e9 organis\u00e9e conjointement par La Fondation BIAT et l\u2019Universit\u00e9 Paris-Dauphine \u2013 Tunis. Ce programme \u00e9ducatif de haut niveau a \u00e9t\u00e9 initi\u00e9 et soutenu par la Fondation BIAT, d\u00e9velopp\u00e9 par l\u2019institut Tunis Dauphine, sous la tutelle du Minist\u00e8re des Affaires Culturelles de la Tunisie. Reconnu au niveau international, ce mast\u00e8re universitaire ouvre des perspectives d\u2019acc\u00e8s \u00e0 des fonctions transversales d\u2019administration et de gestion dans le secteur culturel.\",\"breadcrumb\":{\"@id\":\"https:\/\/kapitalis.com\/tunisie\/2023\/05\/04\/la-fondation-biat-celebre-la-2eme-promotion-de-lexecutive-master-en-management-et-politique-de-la-culture\/#breadcrumb\"},\"inLanguage\":\"fr-FR\",\"potentialAction\":[{\"@type\":\"ReadAction\",\"target\":[\"https:\/\/kapitalis.com\/tunisie\/2023\/05\/04\/la-fondation-biat-celebre-la-2eme-promotion-de-lexecutive-master-en-management-et-politique-de-la-culture\/\"]}]},{\"@type\":\"ImageObject\",\"inLanguage\":\"fr-FR\",\"@id\":\"https:\/\/kapitalis.com\/tunisie\/2023\/05\/04\/la-fondation-biat-celebre-la-2eme-promotion-de-lexecutive-master-en-management-et-politique-de-la-culture\/#primaryimage\",\"url\":\"https:\/\/kapitalis.com\/tunisie\/wp-content\/uploads\/2023\/05\/BIAT.jpg\",\"contentUrl\":\"https:\/\/kapitalis.com\/tunisie\/wp-content\/uploads\/2023\/05\/BIAT.jpg\",\"width\":1200,\"height\":630},{\"@type\":\"BreadcrumbList\",\"@id\":\"https:\/\/kapitalis.com\/tunisie\/2023\/05\/04\/la-fondation-biat-celebre-la-2eme-promotion-de-lexecutive-master-en-management-et-politique-de-la-culture\/#breadcrumb\",\"itemListElement\":[{\"@type\":\"ListItem\",\"position\":1,\"name\":\"Accueil\",\"item\":\"https:\/\/kapitalis.com\/tunisie\/\"},{\"@type\":\"ListItem\",\"position\":2,\"name\":\"La Fondation BIAT c\u00e9l\u00e8bre la 2\u00e8me promotion de l\u2019Ex\u00e9cutive Master en Management et Politique de la Culture\"}]},{\"@type\":\"WebSite\",\"@id\":\"https:\/\/kapitalis.com\/tunisie\/#website\",\"url\":\"https:\/\/kapitalis.com\/tunisie\/\",\"name\":\"Kapitalis\",\"description\":\"L&#039;actualit\u00e9 en Tunisie et dans le monde\",\"publisher\":{\"@id\":\"https:\/\/kapitalis.com\/tunisie\/#organization\"},\"potentialAction\":[{\"@type\":\"SearchAction\",\"target\":{\"@type\":\"EntryPoint\",\"urlTemplate\":\"https:\/\/kapitalis.com\/tunisie\/?s={search_term_string}\"},\"query-input\":{\"@type\":\"PropertyValueSpecification\",\"valueRequired\":true,\"valueName\":\"search_term_string\"}}],\"inLanguage\":\"fr-FR\"},{\"@type\":\"Organization\",\"@id\":\"https:\/\/kapitalis.com\/tunisie\/#organization\",\"name\":\"Kapitalis\",\"url\":\"https:\/\/kapitalis.com\/tunisie\/\",\"logo\":{\"@type\":\"ImageObject\",\"inLanguage\":\"fr-FR\",\"@id\":\"https:\/\/kapitalis.com\/tunisie\/#\/schema\/logo\/image\/\",\"url\":\"https:\/\/kapitalis.com\/tunisie\/wp-content\/uploads\/2022\/05\/Kapitalis-big-size.png\",\"contentUrl\":\"https:\/\/kapitalis.com\/tunisie\/wp-content\/uploads\/2022\/05\/Kapitalis-big-size.png\",\"width\":5000,\"height\":1500,\"caption\":\"Kapitalis\"},\"image\":{\"@id\":\"https:\/\/kapitalis.com\/tunisie\/#\/schema\/logo\/image\/\"},\"sameAs\":[\"https:\/\/www.facebook.com\/KapitalisInfo\/\",\"https:\/\/x.com\/KapitalisInfo\",\"https:\/\/www.youtube.com\/channel\/UC-yDYrHyfFBWWZaOw3FPg9Q\"]},{\"@type\":\"Person\",\"@id\":\"https:\/\/kapitalis.com\/tunisie\/#\/schema\/person\/74bbde0154d49d790a92aaeac5bc01d5\",\"name\":\"Yusra NY\",\"url\":\"https:\/\/kapitalis.com\/tunisie\/author\/yuza_adam\/\"}]}<\/script>\n<!-- \/ Yoast SEO plugin. -->","yoast_head_json":{"title":"La Fondation BIAT c\u00e9l\u00e8bre la 2\u00e8me promotion de l\u2019Ex\u00e9cutive Master en Management et Politique de la Culture - Kapitalis","description":"Une c\u00e9r\u00e9monie de remise des dipl\u00f4mes en l\u2019honneur des laur\u00e9ats de la deuxi\u00e8me promotion de l\u2019Ex\u00e9cutive Master en Management et Politique de la Culture a \u00e9t\u00e9 organis\u00e9e conjointement par La Fondation BIAT et l\u2019Universit\u00e9 Paris-Dauphine \u2013 Tunis. Ce programme \u00e9ducatif de haut niveau a \u00e9t\u00e9 initi\u00e9 et soutenu par la Fondation BIAT, d\u00e9velopp\u00e9 par l\u2019institut Tunis Dauphine, sous la tutelle du Minist\u00e8re des Affaires Culturelles de la Tunisie. Reconnu au niveau international, ce mast\u00e8re universitaire ouvre des perspectives d\u2019acc\u00e8s \u00e0 des fonctions transversales d\u2019administration et de gestion dans le secteur culturel.","robots":{"index":"index","follow":"follow","max-snippet":"max-snippet:-1","max-image-preview":"max-image-preview:large","max-video-preview":"max-video-preview:-1"},"canonical":"https:\/\/kapitalis.com\/tunisie\/2023\/05\/04\/la-fondation-biat-celebre-la-2eme-promotion-de-lexecutive-master-en-management-et-politique-de-la-culture\/","og_locale":"fr_FR","og_type":"article","og_title":"La Fondation BIAT c\u00e9l\u00e8bre la 2\u00e8me promotion de l\u2019Ex\u00e9cutive Master en Management et Politique de la Culture - Kapitalis","og_description":"Une c\u00e9r\u00e9monie de remise des dipl\u00f4mes en l\u2019honneur des laur\u00e9ats de la deuxi\u00e8me promotion de l\u2019Ex\u00e9cutive Master en Management et Politique de la Culture a \u00e9t\u00e9 organis\u00e9e conjointement par La Fondation BIAT et l\u2019Universit\u00e9 Paris-Dauphine \u2013 Tunis. Ce programme \u00e9ducatif de haut niveau a \u00e9t\u00e9 initi\u00e9 et soutenu par la Fondation BIAT, d\u00e9velopp\u00e9 par l\u2019institut Tunis Dauphine, sous la tutelle du Minist\u00e8re des Affaires Culturelles de la Tunisie. Reconnu au niveau international, ce mast\u00e8re universitaire ouvre des perspectives d\u2019acc\u00e8s \u00e0 des fonctions transversales d\u2019administration et de gestion dans le secteur culturel.","og_url":"https:\/\/kapitalis.com\/tunisie\/2023\/05\/04\/la-fondation-biat-celebre-la-2eme-promotion-de-lexecutive-master-en-management-et-politique-de-la-culture\/","og_site_name":"Kapitalis","article_publisher":"https:\/\/www.facebook.com\/KapitalisInfo\/","article_published_time":"2023-05-04T15:43:57+00:00","article_modified_time":"2023-05-04T15:44:10+00:00","og_image":[{"width":1200,"height":630,"url":"https:\/\/kapitalis.com\/tunisie\/wp-content\/uploads\/2023\/05\/BIAT.jpg","type":"image\/jpeg"}],"author":"Yusra NY","twitter_card":"summary_large_image","twitter_creator":"@KapitalisInfo","twitter_site":"@KapitalisInfo","twitter_misc":{"\u00c9crit par":"Yusra NY","Dur\u00e9e de lecture estim\u00e9e":"4 minutes"},"schema":{"@context":"https:\/\/schema.org","@graph":[{"@type":"Article","@id":"https:\/\/kapitalis.com\/tunisie\/2023\/05\/04\/la-fondation-biat-celebre-la-2eme-promotion-de-lexecutive-master-en-management-et-politique-de-la-culture\/#article","isPartOf":{"@id":"https:\/\/kapitalis.com\/tunisie\/2023\/05\/04\/la-fondation-biat-celebre-la-2eme-promotion-de-lexecutive-master-en-management-et-politique-de-la-culture\/"},"author":{"name":"Yusra NY","@id":"https:\/\/kapitalis.com\/tunisie\/#\/schema\/person\/74bbde0154d49d790a92aaeac5bc01d5"},"headline":"La Fondation BIAT c\u00e9l\u00e8bre la 2\u00e8me promotion de l\u2019Ex\u00e9cutive Master en Management et Politique de la Culture","datePublished":"2023-05-04T15:43:57+00:00","dateModified":"2023-05-04T15:44:10+00:00","mainEntityOfPage":{"@id":"https:\/\/kapitalis.com\/tunisie\/2023\/05\/04\/la-fondation-biat-celebre-la-2eme-promotion-de-lexecutive-master-en-management-et-politique-de-la-culture\/"},"wordCount":787,"commentCount":0,"publisher":{"@id":"https:\/\/kapitalis.com\/tunisie\/#organization"},"image":{"@id":"https:\/\/kapitalis.com\/tunisie\/2023\/05\/04\/la-fondation-biat-celebre-la-2eme-promotion-de-lexecutive-master-en-management-et-politique-de-la-culture\/#primaryimage"},"thumbnailUrl":"https:\/\/kapitalis.com\/tunisie\/wp-content\/uploads\/2023\/05\/BIAT.jpg","keywords":["affaires culturelles","Biat","Master en Management","Tunisie","Universit\u00e9 Paris-Dauphine"],"articleSection":["SOCIETE","Tunisie"],"inLanguage":"fr-FR","potentialAction":[{"@type":"CommentAction","name":"Comment","target":["https:\/\/kapitalis.com\/tunisie\/2023\/05\/04\/la-fondation-biat-celebre-la-2eme-promotion-de-lexecutive-master-en-management-et-politique-de-la-culture\/#respond"]}]},{"@type":"WebPage","@id":"https:\/\/kapitalis.com\/tunisie\/2023\/05\/04\/la-fondation-biat-celebre-la-2eme-promotion-de-lexecutive-master-en-management-et-politique-de-la-culture\/","url":"https:\/\/kapitalis.com\/tunisie\/2023\/05\/04\/la-fondation-biat-celebre-la-2eme-promotion-de-lexecutive-master-en-management-et-politique-de-la-culture\/","name":"La Fondation BIAT c\u00e9l\u00e8bre la 2\u00e8me promotion de l\u2019Ex\u00e9cutive Master en Management et Politique de la Culture - Kapitalis","isPartOf":{"@id":"https:\/\/kapitalis.com\/tunisie\/#website"},"primaryImageOfPage":{"@id":"https:\/\/kapitalis.com\/tunisie\/2023\/05\/04\/la-fondation-biat-celebre-la-2eme-promotion-de-lexecutive-master-en-management-et-politique-de-la-culture\/#primaryimage"},"image":{"@id":"https:\/\/kapitalis.com\/tunisie\/2023\/05\/04\/la-fondation-biat-celebre-la-2eme-promotion-de-lexecutive-master-en-management-et-politique-de-la-culture\/#primaryimage"},"thumbnailUrl":"https:\/\/kapitalis.com\/tunisie\/wp-content\/uploads\/2023\/05\/BIAT.jpg","datePublished":"2023-05-04T15:43:57+00:00","dateModified":"2023-05-04T15:44:10+00:00","description":"Une c\u00e9r\u00e9monie de remise des dipl\u00f4mes en l\u2019honneur des laur\u00e9ats de la deuxi\u00e8me promotion de l\u2019Ex\u00e9cutive Master en Management et Politique de la Culture a \u00e9t\u00e9 organis\u00e9e conjointement par La Fondation BIAT et l\u2019Universit\u00e9 Paris-Dauphine \u2013 Tunis. Ce programme \u00e9ducatif de haut niveau a \u00e9t\u00e9 initi\u00e9 et soutenu par la Fondation BIAT, d\u00e9velopp\u00e9 par l\u2019institut Tunis Dauphine, sous la tutelle du Minist\u00e8re des Affaires Culturelles de la Tunisie. Reconnu au niveau international, ce mast\u00e8re universitaire ouvre des perspectives d\u2019acc\u00e8s \u00e0 des fonctions transversales d\u2019administration et de gestion dans le secteur culturel.","breadcrumb":{"@id":"https:\/\/kapitalis.com\/tunisie\/2023\/05\/04\/la-fondation-biat-celebre-la-2eme-promotion-de-lexecutive-master-en-management-et-politique-de-la-culture\/#breadcrumb"},"inLanguage":"fr-FR","potentialAction":[{"@type":"ReadAction","target":["https:\/\/kapitalis.com\/tunisie\/2023\/05\/04\/la-fondation-biat-celebre-la-2eme-promotion-de-lexecutive-master-en-management-et-politique-de-la-culture\/"]}]},{"@type":"ImageObject","inLanguage":"fr-FR","@id":"https:\/\/kapitalis.com\/tunisie\/2023\/05\/04\/la-fondation-biat-celebre-la-2eme-promotion-de-lexecutive-master-en-management-et-politique-de-la-culture\/#primaryimage","url":"https:\/\/kapitalis.com\/tunisie\/wp-content\/uploads\/2023\/05\/BIAT.jpg","contentUrl":"https:\/\/kapitalis.com\/tunisie\/wp-content\/uploads\/2023\/05\/BIAT.jpg","width":1200,"height":630},{"@type":"BreadcrumbList","@id":"https:\/\/kapitalis.com\/tunisie\/2023\/05\/04\/la-fondation-biat-celebre-la-2eme-promotion-de-lexecutive-master-en-management-et-politique-de-la-culture\/#breadcrumb","itemListElement":[{"@type":"ListItem","position":1,"name":"Accueil","item":"https:\/\/kapitalis.com\/tunisie\/"},{"@type":"ListItem","position":2,"name":"La Fondation BIAT c\u00e9l\u00e8bre la 2\u00e8me promotion de l\u2019Ex\u00e9cutive Master en Management et Politique de la Culture"}]},{"@type":"WebSite","@id":"https:\/\/kapitalis.com\/tunisie\/#website","url":"https:\/\/kapitalis.com\/tunisie\/","name":"Kapitalis","description":"L&#039;actualit\u00e9 en Tunisie et dans le monde","publisher":{"@id":"https:\/\/kapitalis.com\/tunisie\/#organization"},"potentialAction":[{"@type":"SearchAction","target":{"@type":"EntryPoint","urlTemplate":"https:\/\/kapitalis.com\/tunisie\/?s={search_term_string}"},"query-input":{"@type":"PropertyValueSpecification","valueRequired":true,"valueName":"search_term_string"}}],"inLanguage":"fr-FR"},{"@type":"Organization","@id":"https:\/\/kapitalis.com\/tunisie\/#organization","name":"Kapitalis","url":"https:\/\/kapitalis.com\/tunisie\/","logo":{"@type":"ImageObject","inLanguage":"fr-FR","@id":"https:\/\/kapitalis.com\/tunisie\/#\/schema\/logo\/image\/","url":"https:\/\/kapitalis.com\/tunisie\/wp-content\/uploads\/2022\/05\/Kapitalis-big-size.png","contentUrl":"https:\/\/kapitalis.com\/tunisie\/wp-content\/uploads\/2022\/05\/Kapitalis-big-size.png","width":5000,"height":1500,"caption":"Kapitalis"},"image":{"@id":"https:\/\/kapitalis.com\/tunisie\/#\/schema\/logo\/image\/"},"sameAs":["https:\/\/www.facebook.com\/KapitalisInfo\/","https:\/\/x.com\/KapitalisInfo","https:\/\/www.youtube.com\/channel\/UC-yDYrHyfFBWWZaOw3FPg9Q"]},{"@type":"Person","@id":"https:\/\/kapitalis.com\/tunisie\/#\/schema\/person\/74bbde0154d49d790a92aaeac5bc01d5","name":"Yusra NY","url":"https:\/\/kapitalis.com\/tunisie\/author\/yuza_adam\/"}]}},"_links":{"self":[{"href":"https:\/\/kapitalis.com\/tunisie\/wp-json\/wp\/v2\/posts\/7751024","targetHints":{"allow":["GET"]}}],"collection":[{"href":"https:\/\/kapitalis.com\/tunisie\/wp-json\/wp\/v2\/posts"}],"about":[{"href":"https:\/\/kapitalis.com\/tunisie\/wp-json\/wp\/v2\/types\/post"}],"author":[{"embeddable":true,"href":"https:\/\/kapitalis.com\/tunisie\/wp-json\/wp\/v2\/users\/6"}],"replies":[{"embeddable":true,"href":"https:\/\/kapitalis.com\/tunisie\/wp-json\/wp\/v2\/comments?post=7751024"}],"version-history":[{"count":1,"href":"https:\/\/kapitalis.com\/tunisie\/wp-json\/wp\/v2\/posts\/7751024\/revisions"}],"predecessor-version":[{"id":7751133,"href":"https:\/\/kapitalis.com\/tunisie\/wp-json\/wp\/v2\/posts\/7751024\/revisions\/7751133"}],"wp:featuredmedia":[{"embeddable":true,"href":"https:\/\/kapitalis.com\/tunisie\/wp-json\/wp\/v2\/media\/7751090"}],"wp:attachment":[{"href":"https:\/\/kapitalis.com\/tunisie\/wp-json\/wp\/v2\/media?parent=7751024"}],"wp:term":[{"taxonomy":"category","embeddable":true,"href":"https:\/\/kapitalis.com\/tunisie\/wp-json\/wp\/v2\/categories?post=7751024"},{"taxonomy":"post_tag","embeddable":true,"href":"https:\/\/kapitalis.com\/tunisie\/wp-json\/wp\/v2\/tags?post=7751024"}],"curies":[{"name":"wp","href":"https:\/\/api.w.org\/{rel}","templated":true}]}}