{"id":7766050,"date":"2023-05-06T06:56:24","date_gmt":"2023-05-06T05:56:24","guid":{"rendered":"https:\/\/kapitalis.com\/tunisie\/?p=7766050"},"modified":"2023-05-06T06:56:26","modified_gmt":"2023-05-06T05:56:26","slug":"projet-de-reduction-du-gaspillage-alimentaire-a-tunis-et-la-goulette","status":"publish","type":"post","link":"https:\/\/kapitalis.com\/tunisie\/2023\/05\/06\/projet-de-reduction-du-gaspillage-alimentaire-a-tunis-et-la-goulette\/","title":{"rendered":"Projet de r\u00e9duction du gaspillage alimentaire \u00e0 Tunis et la Goulette"},"content":{"rendered":"\n<p><strong><em>Un projet a \u00e9t\u00e9 lanc\u00e9 vendredi le 5 mai 2023 \u00e0 Tunis autour d\u2019une th\u00e9matique strat\u00e9gique pour les villes. La question du gaspillage alimentaire urbain est au c\u0153ur de l\u2019image des villes et conditionne la qualit\u00e9 de vie des habitant(e)s.<\/em><\/strong><\/p>\n\n\n\n<!--more-->\n\n\n\n<p>Ce projet sera mis en \u0153uvre jusqu\u2019\u00e0 janvier 2025, avec un budget de 350&nbsp;000 dollars US.<\/p>\n\n\n\n<p>La FAO et la Municipalit\u00e9 de Tunis ont entam\u00e9 leur collaboration sur la transformation des syst\u00e8mes alimentaires urbains depuis 2019. Aujourd\u2019hui, la Municipalit\u00e9 de la Goulette rejoint ce projet qui vise \u00e0 renforcer la s\u00e9curit\u00e9 alimentaire urbaine et la durabilit\u00e9 environnementale et sociale \u00e0 travers la sensibilisation, la bonne gouvernance et la mise en \u0153uvre des actions pilotes de r\u00e9duction des pertes et gaspillage, moyennant une approche de coordination multi-\u00e9chelle et multisectorielle au niveau des deux municipalit\u00e9s.<\/p>\n\n\n\n<p>Dans son allocution, Slimen Elgolli, secr\u00e9taire g\u00e9n\u00e9ral charg\u00e9 des affaires de la Municipalit\u00e9 de Tunis a soulign\u00e9 l\u2019int\u00e9r\u00eat de son institution pour cette probl\u00e9matique et rappel\u00e9 la collaboration avec la FAO et l\u2019Institut national de consommation (INC) qui a permis la formulation de la strat\u00e9gie municipale de r\u00e9duction du gaspillage alimentaire (2020-2025). Dans ce cadre, la Municipalit\u00e9 de Tunis a multipli\u00e9 les campagnes de sensibilisation aupr\u00e8s des animatrices des jardins d\u2019enfants et des \u00e9l\u00e8ves des \u00e9coles primaires <em>\u00abcar c\u2019est cette g\u00e9n\u00e9ration qui est en mesure d\u2019op\u00e9rer les vrais changements\u00bb<\/em>.<\/p>\n\n\n\n<figure class=\"wp-block-embed is-type-wp-embed is-provider-kapitalis wp-block-embed-kapitalis\"><div class=\"wp-block-embed__wrapper\">\n<blockquote class=\"wp-embedded-content\" data-secret=\"gbio5FOxy3\"><a href=\"https:\/\/kapitalis.com\/tunisie\/2022\/07\/21\/en-tunisie-900-000-pains-jetes-par-jour-le-ministere-du-commerce-lance-un-spot-de-sensibilisation-contre-le-gaspillage-video\/\">En Tunisie, 900.000 pains jet\u00e9s par jour : Le minist\u00e8re du Commerce lance un spot de sensibilisation contre le gaspillage (Vid\u00e9o)<\/a><\/blockquote><iframe loading=\"lazy\" class=\"wp-embedded-content\" sandbox=\"allow-scripts\" security=\"restricted\" style=\"position: absolute; clip: rect(1px, 1px, 1px, 1px);\" title=\"\u00ab\u00a0En Tunisie, 900.000 pains jet\u00e9s par jour : Le minist\u00e8re du Commerce lance un spot de sensibilisation contre le gaspillage (Vid\u00e9o)\u00a0\u00bb &#8212; Kapitalis\" src=\"https:\/\/kapitalis.com\/tunisie\/2022\/07\/21\/en-tunisie-900-000-pains-jetes-par-jour-le-ministere-du-commerce-lance-un-spot-de-sensibilisation-contre-le-gaspillage-video\/embed\/#?secret=e6Km12wJWz#?secret=gbio5FOxy3\" data-secret=\"gbio5FOxy3\" width=\"600\" height=\"338\" frameborder=\"0\" marginwidth=\"0\" marginheight=\"0\" scrolling=\"no\"><\/iframe>\n<\/div><\/figure>\n\n\n\n<p>Intervenant pour la c\u00e9r\u00e9monie de lancement du projet, Philippe Ankers, coordinateur de la FAO pour l\u2019Afrique du Nord et repr\u00e9sentant pour la Tunisie a confirm\u00e9 l\u2019engagement de l\u2019organisation \u00e0 appuyer les deux municipalit\u00e9s et les partenaires impliqu\u00e9s dans ce processus afin de renforcer leur r\u00f4le dans l\u2019am\u00e9lioration du bien-\u00eatre des citadins, \u00e0 travers la transformation des syst\u00e8mes alimentaires urbains vers des mod\u00e8les plus r\u00e9silients, durables et sains. Il a soulign\u00e9 sa satisfaction de voir que la strat\u00e9gie de d\u00e9veloppement de la ville de Tunis ainsi que les initiatives de d\u00e9veloppement durable de la ville de la Goulette int\u00e8grent les pertes et le gaspillage (pr\u00e9vention, r\u00e9duction et gestion) comme priorit\u00e9 strat\u00e9gique.<\/p>\n\n\n\n<p>La mise en \u0153uvre de ce projet va permettre de d\u00e9velopper un cadre strat\u00e9gique et de gouvernance pour la r\u00e9duction et la gestion des pertes et gaspillage alimentaires au niveau des villes de Tunis et de la Goulette.<\/p>\n\n\n\n<p>Un travail de collecte et d\u2019analyse sur les points critiques, les causes pour l\u2019identification des actions durables de pr\u00e9vention, de r\u00e9duction et de gestion des pertes et gaspillage sera conduit et partag\u00e9. Les capacit\u00e9s techniques et manag\u00e9riales des acteurs des deux villes vont \u00eatre renforc\u00e9es en vue de pr\u00e9venir, r\u00e9duire et g\u00e9rer le gaspillage alimentaire.<\/p>\n\n\n\n<p>Enfin, la mise en \u0153uvre se fera sur la base d\u2019actions pilotes pour la pr\u00e9vention, la r\u00e9duction et la gestion des pertes et gaspillage alimentaire. Ces r\u00e9sultats escompt\u00e9s du projet contribueront \u00e0 une vision claire bas\u00e9e sur l\u2019\u00e9vidence pour le renforcement de la durabilit\u00e9 des syst\u00e8mes alimentaires urbains proposant des solutions innovantes via des quick-win.<\/p>\n","protected":false},"excerpt":{"rendered":"<p>Les municipalit\u00e9s de Tunis et de la Goulette mettent en \u0153uvre des actions<br \/>\n pour r\u00e9duire les pertes et gaspillage alimentaire. <\/p>\n","protected":false},"author":8,"featured_media":7766059,"comment_status":"open","ping_status":"open","sticky":false,"template":"","format":"standard","meta":{"footnotes":""},"categories":[993,995,2433],"tags":[7310,7311,2917,70450,108459,64491,62643],"class_list":["post-7766050","post","type-post","status-publish","format-standard","has-post-thumbnail","hentry","category-conso","category-economie","category-tunisie","tag-fao","tag-gaspillage-alimentaire","tag-la-goulette","tag-philippe-ankers","tag-slimen-elgolli","tag-tunis","tag-tunisie"],"yoast_head":"<!-- This site is optimized with the Yoast SEO plugin v26.6 - https:\/\/yoast.com\/wordpress\/plugins\/seo\/ -->\n<title>Projet de r\u00e9duction du gaspillage alimentaire \u00e0 Tunis et la Goulette - Kapitalis<\/title>\n<meta name=\"robots\" content=\"index, follow, max-snippet:-1, max-image-preview:large, max-video-preview:-1\" \/>\n<link rel=\"canonical\" href=\"https:\/\/kapitalis.com\/tunisie\/2023\/05\/06\/projet-de-reduction-du-gaspillage-alimentaire-a-tunis-et-la-goulette\/\" \/>\n<meta property=\"og:locale\" content=\"fr_FR\" \/>\n<meta property=\"og:type\" content=\"article\" \/>\n<meta property=\"og:title\" content=\"Projet de r\u00e9duction du gaspillage alimentaire \u00e0 Tunis et la Goulette - Kapitalis\" \/>\n<meta property=\"og:description\" content=\"Les municipalit\u00e9s de Tunis et de la Goulette mettent en \u0153uvre des actions  pour r\u00e9duire les pertes et gaspillage alimentaire.\" \/>\n<meta property=\"og:url\" content=\"https:\/\/kapitalis.com\/tunisie\/2023\/05\/06\/projet-de-reduction-du-gaspillage-alimentaire-a-tunis-et-la-goulette\/\" \/>\n<meta property=\"og:site_name\" content=\"Kapitalis\" \/>\n<meta property=\"article:publisher\" content=\"https:\/\/www.facebook.com\/KapitalisInfo\/\" \/>\n<meta property=\"article:published_time\" content=\"2023-05-06T05:56:24+00:00\" \/>\n<meta property=\"article:modified_time\" content=\"2023-05-06T05:56:26+00:00\" \/>\n<meta property=\"og:image\" content=\"https:\/\/kapitalis.com\/tunisie\/wp-content\/uploads\/2023\/05\/Gaspillage-de-pain.jpg\" \/>\n\t<meta property=\"og:image:width\" content=\"1200\" \/>\n\t<meta property=\"og:image:height\" content=\"630\" \/>\n\t<meta property=\"og:image:type\" content=\"image\/jpeg\" \/>\n<meta name=\"author\" content=\"webmaster kapitalis\" \/>\n<meta name=\"twitter:card\" content=\"summary_large_image\" \/>\n<meta name=\"twitter:creator\" content=\"@KapitalisInfo\" \/>\n<meta name=\"twitter:site\" content=\"@KapitalisInfo\" \/>\n<meta name=\"twitter:label1\" content=\"\u00c9crit par\" \/>\n\t<meta name=\"twitter:data1\" content=\"webmaster kapitalis\" \/>\n\t<meta name=\"twitter:label2\" content=\"Dur\u00e9e de lecture estim\u00e9e\" \/>\n\t<meta name=\"twitter:data2\" content=\"3 minutes\" \/>\n<script type=\"application\/ld+json\" class=\"yoast-schema-graph\">{\"@context\":\"https:\/\/schema.org\",\"@graph\":[{\"@type\":\"Article\",\"@id\":\"https:\/\/kapitalis.com\/tunisie\/2023\/05\/06\/projet-de-reduction-du-gaspillage-alimentaire-a-tunis-et-la-goulette\/#article\",\"isPartOf\":{\"@id\":\"https:\/\/kapitalis.com\/tunisie\/2023\/05\/06\/projet-de-reduction-du-gaspillage-alimentaire-a-tunis-et-la-goulette\/\"},\"author\":{\"name\":\"webmaster kapitalis\",\"@id\":\"https:\/\/kapitalis.com\/tunisie\/#\/schema\/person\/d71f33a9ca44f7bad4698210b480c8e9\"},\"headline\":\"Projet de r\u00e9duction du gaspillage alimentaire \u00e0 Tunis et la Goulette\",\"datePublished\":\"2023-05-06T05:56:24+00:00\",\"dateModified\":\"2023-05-06T05:56:26+00:00\",\"mainEntityOfPage\":{\"@id\":\"https:\/\/kapitalis.com\/tunisie\/2023\/05\/06\/projet-de-reduction-du-gaspillage-alimentaire-a-tunis-et-la-goulette\/\"},\"wordCount\":562,\"commentCount\":1,\"publisher\":{\"@id\":\"https:\/\/kapitalis.com\/tunisie\/#organization\"},\"image\":{\"@id\":\"https:\/\/kapitalis.com\/tunisie\/2023\/05\/06\/projet-de-reduction-du-gaspillage-alimentaire-a-tunis-et-la-goulette\/#primaryimage\"},\"thumbnailUrl\":\"https:\/\/kapitalis.com\/tunisie\/wp-content\/uploads\/2023\/05\/Gaspillage-de-pain.jpg\",\"keywords\":[\"FAO\",\"gaspillage alimentaire\",\"La Goulette\",\"Philippe Ankers\",\"Slimen Elgolli\",\"Tunis\",\"Tunisie\"],\"articleSection\":[\"CONSO\",\"ECONOMIE\",\"Tunisie\"],\"inLanguage\":\"fr-FR\",\"potentialAction\":[{\"@type\":\"CommentAction\",\"name\":\"Comment\",\"target\":[\"https:\/\/kapitalis.com\/tunisie\/2023\/05\/06\/projet-de-reduction-du-gaspillage-alimentaire-a-tunis-et-la-goulette\/#respond\"]}]},{\"@type\":\"WebPage\",\"@id\":\"https:\/\/kapitalis.com\/tunisie\/2023\/05\/06\/projet-de-reduction-du-gaspillage-alimentaire-a-tunis-et-la-goulette\/\",\"url\":\"https:\/\/kapitalis.com\/tunisie\/2023\/05\/06\/projet-de-reduction-du-gaspillage-alimentaire-a-tunis-et-la-goulette\/\",\"name\":\"Projet de r\u00e9duction du gaspillage alimentaire \u00e0 Tunis et la Goulette - Kapitalis\",\"isPartOf\":{\"@id\":\"https:\/\/kapitalis.com\/tunisie\/#website\"},\"primaryImageOfPage\":{\"@id\":\"https:\/\/kapitalis.com\/tunisie\/2023\/05\/06\/projet-de-reduction-du-gaspillage-alimentaire-a-tunis-et-la-goulette\/#primaryimage\"},\"image\":{\"@id\":\"https:\/\/kapitalis.com\/tunisie\/2023\/05\/06\/projet-de-reduction-du-gaspillage-alimentaire-a-tunis-et-la-goulette\/#primaryimage\"},\"thumbnailUrl\":\"https:\/\/kapitalis.com\/tunisie\/wp-content\/uploads\/2023\/05\/Gaspillage-de-pain.jpg\",\"datePublished\":\"2023-05-06T05:56:24+00:00\",\"dateModified\":\"2023-05-06T05:56:26+00:00\",\"breadcrumb\":{\"@id\":\"https:\/\/kapitalis.com\/tunisie\/2023\/05\/06\/projet-de-reduction-du-gaspillage-alimentaire-a-tunis-et-la-goulette\/#breadcrumb\"},\"inLanguage\":\"fr-FR\",\"potentialAction\":[{\"@type\":\"ReadAction\",\"target\":[\"https:\/\/kapitalis.com\/tunisie\/2023\/05\/06\/projet-de-reduction-du-gaspillage-alimentaire-a-tunis-et-la-goulette\/\"]}]},{\"@type\":\"ImageObject\",\"inLanguage\":\"fr-FR\",\"@id\":\"https:\/\/kapitalis.com\/tunisie\/2023\/05\/06\/projet-de-reduction-du-gaspillage-alimentaire-a-tunis-et-la-goulette\/#primaryimage\",\"url\":\"https:\/\/kapitalis.com\/tunisie\/wp-content\/uploads\/2023\/05\/Gaspillage-de-pain.jpg\",\"contentUrl\":\"https:\/\/kapitalis.com\/tunisie\/wp-content\/uploads\/2023\/05\/Gaspillage-de-pain.jpg\",\"width\":1200,\"height\":630},{\"@type\":\"BreadcrumbList\",\"@id\":\"https:\/\/kapitalis.com\/tunisie\/2023\/05\/06\/projet-de-reduction-du-gaspillage-alimentaire-a-tunis-et-la-goulette\/#breadcrumb\",\"itemListElement\":[{\"@type\":\"ListItem\",\"position\":1,\"name\":\"Accueil\",\"item\":\"https:\/\/kapitalis.com\/tunisie\/\"},{\"@type\":\"ListItem\",\"position\":2,\"name\":\"Projet de r\u00e9duction du gaspillage alimentaire \u00e0 Tunis et la Goulette\"}]},{\"@type\":\"WebSite\",\"@id\":\"https:\/\/kapitalis.com\/tunisie\/#website\",\"url\":\"https:\/\/kapitalis.com\/tunisie\/\",\"name\":\"Kapitalis\",\"description\":\"L&#039;actualit\u00e9 en Tunisie et dans le monde\",\"publisher\":{\"@id\":\"https:\/\/kapitalis.com\/tunisie\/#organization\"},\"potentialAction\":[{\"@type\":\"SearchAction\",\"target\":{\"@type\":\"EntryPoint\",\"urlTemplate\":\"https:\/\/kapitalis.com\/tunisie\/?s={search_term_string}\"},\"query-input\":{\"@type\":\"PropertyValueSpecification\",\"valueRequired\":true,\"valueName\":\"search_term_string\"}}],\"inLanguage\":\"fr-FR\"},{\"@type\":\"Organization\",\"@id\":\"https:\/\/kapitalis.com\/tunisie\/#organization\",\"name\":\"Kapitalis\",\"url\":\"https:\/\/kapitalis.com\/tunisie\/\",\"logo\":{\"@type\":\"ImageObject\",\"inLanguage\":\"fr-FR\",\"@id\":\"https:\/\/kapitalis.com\/tunisie\/#\/schema\/logo\/image\/\",\"url\":\"https:\/\/kapitalis.com\/tunisie\/wp-content\/uploads\/2022\/05\/Kapitalis-big-size.png\",\"contentUrl\":\"https:\/\/kapitalis.com\/tunisie\/wp-content\/uploads\/2022\/05\/Kapitalis-big-size.png\",\"width\":5000,\"height\":1500,\"caption\":\"Kapitalis\"},\"image\":{\"@id\":\"https:\/\/kapitalis.com\/tunisie\/#\/schema\/logo\/image\/\"},\"sameAs\":[\"https:\/\/www.facebook.com\/KapitalisInfo\/\",\"https:\/\/x.com\/KapitalisInfo\",\"https:\/\/www.youtube.com\/channel\/UC-yDYrHyfFBWWZaOw3FPg9Q\"]},{\"@type\":\"Person\",\"@id\":\"https:\/\/kapitalis.com\/tunisie\/#\/schema\/person\/d71f33a9ca44f7bad4698210b480c8e9\",\"name\":\"webmaster kapitalis\",\"url\":\"https:\/\/kapitalis.com\/tunisie\/author\/webmaster-kapitalis\/\"}]}<\/script>\n<!-- \/ Yoast SEO plugin. -->","yoast_head_json":{"title":"Projet de r\u00e9duction du gaspillage alimentaire \u00e0 Tunis et la Goulette - Kapitalis","robots":{"index":"index","follow":"follow","max-snippet":"max-snippet:-1","max-image-preview":"max-image-preview:large","max-video-preview":"max-video-preview:-1"},"canonical":"https:\/\/kapitalis.com\/tunisie\/2023\/05\/06\/projet-de-reduction-du-gaspillage-alimentaire-a-tunis-et-la-goulette\/","og_locale":"fr_FR","og_type":"article","og_title":"Projet de r\u00e9duction du gaspillage alimentaire \u00e0 Tunis et la Goulette - Kapitalis","og_description":"Les municipalit\u00e9s de Tunis et de la Goulette mettent en \u0153uvre des actions  pour r\u00e9duire les pertes et gaspillage alimentaire.","og_url":"https:\/\/kapitalis.com\/tunisie\/2023\/05\/06\/projet-de-reduction-du-gaspillage-alimentaire-a-tunis-et-la-goulette\/","og_site_name":"Kapitalis","article_publisher":"https:\/\/www.facebook.com\/KapitalisInfo\/","article_published_time":"2023-05-06T05:56:24+00:00","article_modified_time":"2023-05-06T05:56:26+00:00","og_image":[{"width":1200,"height":630,"url":"https:\/\/kapitalis.com\/tunisie\/wp-content\/uploads\/2023\/05\/Gaspillage-de-pain.jpg","type":"image\/jpeg"}],"author":"webmaster kapitalis","twitter_card":"summary_large_image","twitter_creator":"@KapitalisInfo","twitter_site":"@KapitalisInfo","twitter_misc":{"\u00c9crit par":"webmaster kapitalis","Dur\u00e9e de lecture estim\u00e9e":"3 minutes"},"schema":{"@context":"https:\/\/schema.org","@graph":[{"@type":"Article","@id":"https:\/\/kapitalis.com\/tunisie\/2023\/05\/06\/projet-de-reduction-du-gaspillage-alimentaire-a-tunis-et-la-goulette\/#article","isPartOf":{"@id":"https:\/\/kapitalis.com\/tunisie\/2023\/05\/06\/projet-de-reduction-du-gaspillage-alimentaire-a-tunis-et-la-goulette\/"},"author":{"name":"webmaster kapitalis","@id":"https:\/\/kapitalis.com\/tunisie\/#\/schema\/person\/d71f33a9ca44f7bad4698210b480c8e9"},"headline":"Projet de r\u00e9duction du gaspillage alimentaire \u00e0 Tunis et la Goulette","datePublished":"2023-05-06T05:56:24+00:00","dateModified":"2023-05-06T05:56:26+00:00","mainEntityOfPage":{"@id":"https:\/\/kapitalis.com\/tunisie\/2023\/05\/06\/projet-de-reduction-du-gaspillage-alimentaire-a-tunis-et-la-goulette\/"},"wordCount":562,"commentCount":1,"publisher":{"@id":"https:\/\/kapitalis.com\/tunisie\/#organization"},"image":{"@id":"https:\/\/kapitalis.com\/tunisie\/2023\/05\/06\/projet-de-reduction-du-gaspillage-alimentaire-a-tunis-et-la-goulette\/#primaryimage"},"thumbnailUrl":"https:\/\/kapitalis.com\/tunisie\/wp-content\/uploads\/2023\/05\/Gaspillage-de-pain.jpg","keywords":["FAO","gaspillage alimentaire","La Goulette","Philippe Ankers","Slimen Elgolli","Tunis","Tunisie"],"articleSection":["CONSO","ECONOMIE","Tunisie"],"inLanguage":"fr-FR","potentialAction":[{"@type":"CommentAction","name":"Comment","target":["https:\/\/kapitalis.com\/tunisie\/2023\/05\/06\/projet-de-reduction-du-gaspillage-alimentaire-a-tunis-et-la-goulette\/#respond"]}]},{"@type":"WebPage","@id":"https:\/\/kapitalis.com\/tunisie\/2023\/05\/06\/projet-de-reduction-du-gaspillage-alimentaire-a-tunis-et-la-goulette\/","url":"https:\/\/kapitalis.com\/tunisie\/2023\/05\/06\/projet-de-reduction-du-gaspillage-alimentaire-a-tunis-et-la-goulette\/","name":"Projet de r\u00e9duction du gaspillage alimentaire \u00e0 Tunis et la Goulette - Kapitalis","isPartOf":{"@id":"https:\/\/kapitalis.com\/tunisie\/#website"},"primaryImageOfPage":{"@id":"https:\/\/kapitalis.com\/tunisie\/2023\/05\/06\/projet-de-reduction-du-gaspillage-alimentaire-a-tunis-et-la-goulette\/#primaryimage"},"image":{"@id":"https:\/\/kapitalis.com\/tunisie\/2023\/05\/06\/projet-de-reduction-du-gaspillage-alimentaire-a-tunis-et-la-goulette\/#primaryimage"},"thumbnailUrl":"https:\/\/kapitalis.com\/tunisie\/wp-content\/uploads\/2023\/05\/Gaspillage-de-pain.jpg","datePublished":"2023-05-06T05:56:24+00:00","dateModified":"2023-05-06T05:56:26+00:00","breadcrumb":{"@id":"https:\/\/kapitalis.com\/tunisie\/2023\/05\/06\/projet-de-reduction-du-gaspillage-alimentaire-a-tunis-et-la-goulette\/#breadcrumb"},"inLanguage":"fr-FR","potentialAction":[{"@type":"ReadAction","target":["https:\/\/kapitalis.com\/tunisie\/2023\/05\/06\/projet-de-reduction-du-gaspillage-alimentaire-a-tunis-et-la-goulette\/"]}]},{"@type":"ImageObject","inLanguage":"fr-FR","@id":"https:\/\/kapitalis.com\/tunisie\/2023\/05\/06\/projet-de-reduction-du-gaspillage-alimentaire-a-tunis-et-la-goulette\/#primaryimage","url":"https:\/\/kapitalis.com\/tunisie\/wp-content\/uploads\/2023\/05\/Gaspillage-de-pain.jpg","contentUrl":"https:\/\/kapitalis.com\/tunisie\/wp-content\/uploads\/2023\/05\/Gaspillage-de-pain.jpg","width":1200,"height":630},{"@type":"BreadcrumbList","@id":"https:\/\/kapitalis.com\/tunisie\/2023\/05\/06\/projet-de-reduction-du-gaspillage-alimentaire-a-tunis-et-la-goulette\/#breadcrumb","itemListElement":[{"@type":"ListItem","position":1,"name":"Accueil","item":"https:\/\/kapitalis.com\/tunisie\/"},{"@type":"ListItem","position":2,"name":"Projet de r\u00e9duction du gaspillage alimentaire \u00e0 Tunis et la Goulette"}]},{"@type":"WebSite","@id":"https:\/\/kapitalis.com\/tunisie\/#website","url":"https:\/\/kapitalis.com\/tunisie\/","name":"Kapitalis","description":"L&#039;actualit\u00e9 en Tunisie et dans le monde","publisher":{"@id":"https:\/\/kapitalis.com\/tunisie\/#organization"},"potentialAction":[{"@type":"SearchAction","target":{"@type":"EntryPoint","urlTemplate":"https:\/\/kapitalis.com\/tunisie\/?s={search_term_string}"},"query-input":{"@type":"PropertyValueSpecification","valueRequired":true,"valueName":"search_term_string"}}],"inLanguage":"fr-FR"},{"@type":"Organization","@id":"https:\/\/kapitalis.com\/tunisie\/#organization","name":"Kapitalis","url":"https:\/\/kapitalis.com\/tunisie\/","logo":{"@type":"ImageObject","inLanguage":"fr-FR","@id":"https:\/\/kapitalis.com\/tunisie\/#\/schema\/logo\/image\/","url":"https:\/\/kapitalis.com\/tunisie\/wp-content\/uploads\/2022\/05\/Kapitalis-big-size.png","contentUrl":"https:\/\/kapitalis.com\/tunisie\/wp-content\/uploads\/2022\/05\/Kapitalis-big-size.png","width":5000,"height":1500,"caption":"Kapitalis"},"image":{"@id":"https:\/\/kapitalis.com\/tunisie\/#\/schema\/logo\/image\/"},"sameAs":["https:\/\/www.facebook.com\/KapitalisInfo\/","https:\/\/x.com\/KapitalisInfo","https:\/\/www.youtube.com\/channel\/UC-yDYrHyfFBWWZaOw3FPg9Q"]},{"@type":"Person","@id":"https:\/\/kapitalis.com\/tunisie\/#\/schema\/person\/d71f33a9ca44f7bad4698210b480c8e9","name":"webmaster kapitalis","url":"https:\/\/kapitalis.com\/tunisie\/author\/webmaster-kapitalis\/"}]}},"_links":{"self":[{"href":"https:\/\/kapitalis.com\/tunisie\/wp-json\/wp\/v2\/posts\/7766050","targetHints":{"allow":["GET"]}}],"collection":[{"href":"https:\/\/kapitalis.com\/tunisie\/wp-json\/wp\/v2\/posts"}],"about":[{"href":"https:\/\/kapitalis.com\/tunisie\/wp-json\/wp\/v2\/types\/post"}],"author":[{"embeddable":true,"href":"https:\/\/kapitalis.com\/tunisie\/wp-json\/wp\/v2\/users\/8"}],"replies":[{"embeddable":true,"href":"https:\/\/kapitalis.com\/tunisie\/wp-json\/wp\/v2\/comments?post=7766050"}],"version-history":[{"count":1,"href":"https:\/\/kapitalis.com\/tunisie\/wp-json\/wp\/v2\/posts\/7766050\/revisions"}],"predecessor-version":[{"id":7766068,"href":"https:\/\/kapitalis.com\/tunisie\/wp-json\/wp\/v2\/posts\/7766050\/revisions\/7766068"}],"wp:featuredmedia":[{"embeddable":true,"href":"https:\/\/kapitalis.com\/tunisie\/wp-json\/wp\/v2\/media\/7766059"}],"wp:attachment":[{"href":"https:\/\/kapitalis.com\/tunisie\/wp-json\/wp\/v2\/media?parent=7766050"}],"wp:term":[{"taxonomy":"category","embeddable":true,"href":"https:\/\/kapitalis.com\/tunisie\/wp-json\/wp\/v2\/categories?post=7766050"},{"taxonomy":"post_tag","embeddable":true,"href":"https:\/\/kapitalis.com\/tunisie\/wp-json\/wp\/v2\/tags?post=7766050"}],"curies":[{"name":"wp","href":"https:\/\/api.w.org\/{rel}","templated":true}]}}