{"id":7783840,"date":"2023-05-07T08:25:29","date_gmt":"2023-05-07T07:25:29","guid":{"rendered":"https:\/\/kapitalis.com\/tunisie\/?p=7783840"},"modified":"2023-05-07T08:25:30","modified_gmt":"2023-05-07T07:25:30","slug":"the-commander-of-the-faithful-diviser-pour-regner-au-maroc","status":"publish","type":"post","link":"https:\/\/kapitalis.com\/tunisie\/2023\/05\/07\/the-commander-of-the-faithful-diviser-pour-regner-au-maroc\/","title":{"rendered":"\u2018\u2018The Commander of the Faithful\u2019\u2019 : diviser pour r\u00e9gner au Maroc"},"content":{"rendered":"\n<p><strong><em>L\u2019\u00e9tude des quinze premi\u00e8res ann\u00e9es apr\u00e8s l\u2019ind\u00e9pendance du Maroc constituera toujours un chapitre passionnant des sciences politiques en r\u00e9v\u00e9lant les m\u00e9canismes par lesquels la royaut\u00e9\u00a0s\u2019est impos\u00e9e face \u00e0 une \u00e9lite souvent divis\u00e9e, attentiste et parfois r\u00e9ticente, anim\u00e9e par l\u2019ambition, l\u2019int\u00e9r\u00eat personnel, et la corruption.<\/em><\/strong><\/p>\n\n\n\n<p>Par<strong> Dr Mounir Hanablia<\/strong> * \u00a0<\/p>\n\n\n\n<!--more-->\n\n\n\n<p>Au Maghreb nous avons l\u2019habitude d\u2019\u00eatre scrut\u00e9s par des Fran\u00e7ais. Et en g\u00e9n\u00e9ral les regards qu\u2019ils portent sur nous ne sont pas neutres. On y per\u00e7oit toujours ce m\u00e9lange d\u2019attirance pour ceux qui sont impr\u00e9gn\u00e9s de culture fran\u00e7aise, et de r\u00e9pulsion pour leur incapacit\u00e9 \u00e0 traduire dans la r\u00e9alit\u00e9 de leurs propres pays le mod\u00e8le politique fran\u00e7ais la\u00efque et r\u00e9publicain qui leur a \u00e9t\u00e9 inculqu\u00e9 en vain.<\/p>\n\n\n\n<p>En ce sens, il est plut\u00f4t rare \u00e0 l\u2019\u00e9poque de la mondialisation et de la diffusion plan\u00e9taire de la langue anglaise de susciter dans la presse anglo-saxonne un int\u00e9r\u00eat pour les pays francophones anciennement colonis\u00e9s par la France, hormis quelques \u00e9v\u00e8nements exceptionnels tels le printemps arabe. Mais on peut penser qu\u2019un tel int\u00e9r\u00eat aura \u00e9t\u00e9 encore plus exceptionnel dans la d\u00e9cennie qui a suivi les ind\u00e9pendances nationales et les naissances des \u00c9tats&nbsp;post coloniaux.<\/p>\n\n\n\n<h2 class=\"wp-block-heading\">Royaut\u00e9, coups d\u2019Etat et soul\u00e8vements<\/h2>\n\n\n\n<p>Ce livre, quoique \u00e9crit par un auteur am\u00e9ricain ma\u00eetrisant&nbsp;aussi le fran\u00e7ais, fait partie de cette cat\u00e9gorie d\u2019ouvrages qui apportent une mani\u00e8re de voir plus d\u00e9tach\u00e9e et plus neutre, moins passionn\u00e9e par les tourments de la colonisation et de l\u2019ind\u00e9pendance, et il embrasse en outre une p\u00e9riode particuli\u00e8rement importante, celle qui depuis l\u2019ind\u00e9pendance en 1956 a conduit aux tentatives de coups d\u2019Etat militaires contre le Roi Hassan II en 1971 et 1972, en passant par les soul\u00e8vements de 1958 et 1965. La question qui se posait \u00e0 l\u2019\u00e9poque \u00e9tait bien \u00e9videmment celle de l\u2019avenir de la monarchie marocaine.<\/p>\n\n\n\n<p>Aujourd\u2019hui, la monarchie a surv\u00e9cu au Printemps\u00a0Arabe et aux lubies d\u00e9mocratiques am\u00e9ricaines, le Maroc jouit d\u2019une stabilit\u00e9 remarquable, d\u2019un essor \u00e9conomique impressionnant, et de la confiance de la communaut\u00e9 internationale.<\/p>\n\n\n\n<figure class=\"wp-block-embed is-type-wp-embed is-provider-kapitalis wp-block-embed-kapitalis\"><div class=\"wp-block-embed__wrapper\">\n<blockquote class=\"wp-embedded-content\" data-secret=\"m3huUBNXz7\"><a href=\"https:\/\/kapitalis.com\/tunisie\/2023\/01\/03\/la-presence-accrue-disrael-en-afrique-du-nord-aggrave-le-differend-entre-lalgerie-et-le-maroc\/\">La pr\u00e9sence accrue d\u2019Isra\u00ebl en Afrique du Nord aggrave le diff\u00e9rend entre l&rsquo;Alg\u00e9rie et le Maroc<\/a><\/blockquote><iframe loading=\"lazy\" class=\"wp-embedded-content\" sandbox=\"allow-scripts\" security=\"restricted\" style=\"position: absolute; clip: rect(1px, 1px, 1px, 1px);\" title=\"\u00ab\u00a0La pr\u00e9sence accrue d\u2019Isra\u00ebl en Afrique du Nord aggrave le diff\u00e9rend entre l&rsquo;Alg\u00e9rie et le Maroc\u00a0\u00bb &#8212; Kapitalis\" src=\"https:\/\/kapitalis.com\/tunisie\/2023\/01\/03\/la-presence-accrue-disrael-en-afrique-du-nord-aggrave-le-differend-entre-lalgerie-et-le-maroc\/embed\/#?secret=NfTHjUN1LP#?secret=m3huUBNXz7\" data-secret=\"m3huUBNXz7\" width=\"600\" height=\"338\" frameborder=\"0\" marginwidth=\"0\" marginheight=\"0\" scrolling=\"no\"><\/iframe>\n<\/div><\/figure>\n\n\n\n<p>Une bonne partie des r\u00e9alit\u00e9s \u00e9voqu\u00e9es dans ce livre sont donc \u00e9videmment caduques; la grande \u00e9poque des leaders de la d\u00e9colonisation, du tiers-mondisme r\u00e9volutionnaire et du communisme a pris fin depuis longtemps, celle du nationalisme arabe aussi. Les craintes concernant les classes para \u00e9duqu\u00e9es submergeant le r\u00e9gime avec l\u2019aide des syndicats ne se sont pas r\u00e9alis\u00e9es,&nbsp;et ces derniers comme partout ailleurs ne p\u00e8sent plus lourd.<\/p>\n\n\n\n<p>Seuls subsistent le Roi, \u00e9mir des croyants, garant et symbole de l\u2019Etat, mais aussi les \u00e9lites qui ont tir\u00e9 profit du r\u00e9gime, la grande bourgeoisie citadine, essentiellement Fassi (issue de la ville de Fes), les grands propri\u00e9taires des campagnes et les chefs des tribus, qui se sont enrichis et se sont ins\u00e9r\u00e9s dans le syst\u00e8me&nbsp;\u00e9conomique international tout en assurant l\u2019armature de l&rsquo;administration et de l&rsquo;arm\u00e9e, en maintenant leur solidarit\u00e9 clanique par des liens matrimoniaux continuellement renforc\u00e9s.<\/p>\n\n\n\n<p>Quant \u00e0 la question berb\u00e8re, elle a \u00e9t\u00e9 r\u00e9solue gr\u00e2ce aux droits culturels tr\u00e8s larges qui ont \u00e9t\u00e9 conc\u00e9d\u00e9s \u00e0 la communaut\u00e9 dans le domaine de l\u2019\u00e9ducation et les nominations dans la police et l\u2019arm\u00e9e qui ont absorb\u00e9 les anciens combattants et les r\u00e9sistants.<\/p>\n\n\n\n<p>N\u00e9anmoins l\u2019\u00e9tude des quinze premi\u00e8res ann\u00e9es apr\u00e8s l\u2019ind\u00e9pendance du Maroc constituera toujours un chapitre passionnant des sciences politiques en r\u00e9v\u00e9lant les m\u00e9canismes par lesquels la royaut\u00e9&nbsp;s\u2019est impos\u00e9e face \u00e0 une \u00e9lite souvent attentiste et parfois r\u00e9ticente, en jouant des rivalit\u00e9s des uns contre les autres et en demeurant l\u2019arbitre supr\u00eame de la distribution de la manne de l\u2019Etat et des privil\u00e8ges. Elle a ainsi suscit\u00e9 l\u2019adh\u00e9sion par l\u2019ambition, l\u2019int\u00e9r\u00eat personnel, et la corruption a souvent \u00e9t\u00e9 un levier puissant lui permettant autant de r\u00e9compenser que de punir.<\/p>\n\n\n\n<h2 class=\"wp-block-heading\">P\u00e9rennit\u00e9 du r\u00e9gime, unit\u00e9 du pays<\/h2>\n\n\n\n<p>Contre toute attente le syst\u00e8me a fonctionn\u00e9 et perdur\u00e9; le Roi Mohammed VI tout comme le faisait son p\u00e8re Hassan II vient de faire juger un ministre en lan\u00e7ant une vaste campagne contre la corruption, en fournissant ainsi la preuve \u00e9vidente.<\/p>\n\n\n\n<p>Le plus surprenant dans les th\u00e8ses du livre, c\u2019est \u00e9videmment le d\u00e9ni de tout mobile patriotique dans le combat contre le colonialisme. Il faut reconna\u00eetre qu\u2019en Am\u00e9rique c\u2019est l\u2019instauration d\u2019une taxe qui a \u00e9t\u00e9 le facteur d\u00e9clenchant de la guerre de lib\u00e9ration.\u00a0Mais on n\u2019en serait pas \u00e0 un paradoxe pr\u00e8s : si la puissance coloniale et le parti ind\u00e9pendantiste Istiqlal sont tomb\u00e9s d\u2019accord, c\u2019est bien sur la l\u00e9gitimit\u00e9 du Roi Mohammed V. Il reste que la monarchie a combattu avec succ\u00e8s les pr\u00e9tentions de tous ceux qui, tout\u00a0en reconnaissant\u00a0son autorit\u00e9, ont\u00a0tent\u00e9 de\u00a0 limiter son pouvoir dans les limites d\u2019un cadre constitutionnel\u00a0parlementaire.<\/p>\n\n\n\n<figure class=\"wp-block-embed is-type-wp-embed is-provider-kapitalis wp-block-embed-kapitalis\"><div class=\"wp-block-embed__wrapper\">\n<blockquote class=\"wp-embedded-content\" data-secret=\"8B0hBX0GEh\"><a href=\"https:\/\/kapitalis.com\/tunisie\/2022\/12\/12\/maghreb-le-maroc-chasse-le-doute-la-tunisie-sy-enfonce\/\">Maghreb : le Maroc chasse le doute, la Tunisie s\u2019y enfonce\u00a0\u00a0<\/a><\/blockquote><iframe loading=\"lazy\" class=\"wp-embedded-content\" sandbox=\"allow-scripts\" security=\"restricted\" style=\"position: absolute; clip: rect(1px, 1px, 1px, 1px);\" title=\"\u00ab\u00a0Maghreb : le Maroc chasse le doute, la Tunisie s\u2019y enfonce\u00a0\u00a0\u00a0\u00bb &#8212; Kapitalis\" src=\"https:\/\/kapitalis.com\/tunisie\/2022\/12\/12\/maghreb-le-maroc-chasse-le-doute-la-tunisie-sy-enfonce\/embed\/#?secret=McU47EmbYc#?secret=8B0hBX0GEh\" data-secret=\"8B0hBX0GEh\" width=\"600\" height=\"338\" frameborder=\"0\" marginwidth=\"0\" marginheight=\"0\" scrolling=\"no\"><\/iframe>\n<\/div><\/figure>\n\n\n\n<p>Ce combat n\u2019aurait pas pu \u00eatre gagn\u00e9 sans les liens familiaux tiss\u00e9s au fil des si\u00e8cles&nbsp;transcendant les divisions politiques et qui d\u00e9finissent l\u2019individu par rapport au milieu social&nbsp;dont il est issu. Il s\u2019est av\u00e9r\u00e9 qu\u2019ils \u00e9taient plus puissants que toutes les oppositions au point non seulement d\u2019assurer la p\u00e9rennit\u00e9 du r\u00e9gime, mais aussi l\u2019unit\u00e9 du pays.<\/p>\n\n\n\n<p>Un autre int\u00e9r\u00eat de l\u2019ouvrage est aussi de susciter des comparaisons. Avant et apr\u00e8s le printemps arabe, la nouvelle \u00e9lite tunisienne, dans une r\u00e9publique qui se veut moderniste, en ob\u00e9issant aux m\u00eames mobiles, s\u2019est comport\u00e9e dans ses relations avec l\u2019Etat d\u2019une mani\u00e8re identique \u00e0 celle du Royaume Califal du Maroc, en usant des m\u00eames moyens, pour s\u2019en assurer les pr\u00e9bendes; avec toutefois \u00e0 l\u2019arriv\u00e9e des cons\u00e9quences tr\u00e8s diff\u00e9rentes. <\/p>\n\n\n\n<p>* <em>M\u00e9decin de pratique libre. <\/em><\/p>\n\n\n\n<p><strong><em>\u2018\u2018The Commander of the Faithful\u2019\u2019 de John Waterbury, \u00e9dit\u00e9 par\u00a0Weidenfeld &amp; Nicolson, 1970.<\/em><\/strong><\/p>\n","protected":false},"excerpt":{"rendered":"<p>Comment la royaut\u00e9 au Maroc s\u2019est-elle impos\u00e9e face \u00e0 une \u00e9lite souvent divis\u00e9e et attentiste, anim\u00e9e par l\u2019ambition, l\u2019int\u00e9r\u00eat personnel, et la corruption.<\/p>\n","protected":false},"author":8,"featured_media":7783924,"comment_status":"open","ping_status":"open","sticky":false,"template":"","format":"standard","meta":{"footnotes":""},"categories":[992,994,997],"tags":[72414,87558,79325,108488,577,79321,20582,108489,1514],"class_list":["post-7783840","post","type-post","status-publish","format-standard","has-post-thumbnail","hentry","category-a-la-une","category-culture","category-politique","tag-berberes","tag-dr-mounir-hanablia","tag-hassan-ii","tag-john-waterbury","tag-maroc","tag-mohammed-v","tag-mohammed-vi","tag-monarchie","tag-printemps-arabe"],"yoast_head":"<!-- This site is optimized with the Yoast SEO plugin v26.6 - https:\/\/yoast.com\/wordpress\/plugins\/seo\/ -->\n<title>\u2018\u2018The Commander of the Faithful\u2019\u2019 : diviser pour r\u00e9gner au Maroc - Kapitalis<\/title>\n<meta name=\"robots\" content=\"index, follow, max-snippet:-1, max-image-preview:large, max-video-preview:-1\" \/>\n<link rel=\"canonical\" href=\"https:\/\/kapitalis.com\/tunisie\/2023\/05\/07\/the-commander-of-the-faithful-diviser-pour-regner-au-maroc\/\" \/>\n<meta property=\"og:locale\" content=\"fr_FR\" \/>\n<meta property=\"og:type\" content=\"article\" \/>\n<meta property=\"og:title\" content=\"\u2018\u2018The Commander of the Faithful\u2019\u2019 : diviser pour r\u00e9gner au Maroc - Kapitalis\" \/>\n<meta property=\"og:description\" content=\"Comment la royaut\u00e9 au Maroc s\u2019est-elle impos\u00e9e face \u00e0 une \u00e9lite souvent divis\u00e9e et attentiste, anim\u00e9e par l\u2019ambition, l\u2019int\u00e9r\u00eat personnel, et la corruption.\" \/>\n<meta property=\"og:url\" content=\"https:\/\/kapitalis.com\/tunisie\/2023\/05\/07\/the-commander-of-the-faithful-diviser-pour-regner-au-maroc\/\" \/>\n<meta property=\"og:site_name\" content=\"Kapitalis\" \/>\n<meta property=\"article:publisher\" content=\"https:\/\/www.facebook.com\/KapitalisInfo\/\" \/>\n<meta property=\"article:published_time\" content=\"2023-05-07T07:25:29+00:00\" \/>\n<meta property=\"article:modified_time\" content=\"2023-05-07T07:25:30+00:00\" \/>\n<meta property=\"og:image\" content=\"https:\/\/kapitalis.com\/tunisie\/wp-content\/uploads\/2023\/05\/Le-Commandanbt-des-croyants-Maroc.jpg\" \/>\n\t<meta property=\"og:image:width\" content=\"1200\" \/>\n\t<meta property=\"og:image:height\" content=\"630\" \/>\n\t<meta property=\"og:image:type\" content=\"image\/jpeg\" \/>\n<meta name=\"author\" content=\"webmaster kapitalis\" \/>\n<meta name=\"twitter:card\" content=\"summary_large_image\" \/>\n<meta name=\"twitter:creator\" content=\"@KapitalisInfo\" \/>\n<meta name=\"twitter:site\" content=\"@KapitalisInfo\" \/>\n<meta name=\"twitter:label1\" content=\"\u00c9crit par\" \/>\n\t<meta name=\"twitter:data1\" content=\"webmaster kapitalis\" \/>\n\t<meta name=\"twitter:label2\" content=\"Dur\u00e9e de lecture estim\u00e9e\" \/>\n\t<meta name=\"twitter:data2\" content=\"5 minutes\" \/>\n<script type=\"application\/ld+json\" class=\"yoast-schema-graph\">{\"@context\":\"https:\/\/schema.org\",\"@graph\":[{\"@type\":\"Article\",\"@id\":\"https:\/\/kapitalis.com\/tunisie\/2023\/05\/07\/the-commander-of-the-faithful-diviser-pour-regner-au-maroc\/#article\",\"isPartOf\":{\"@id\":\"https:\/\/kapitalis.com\/tunisie\/2023\/05\/07\/the-commander-of-the-faithful-diviser-pour-regner-au-maroc\/\"},\"author\":{\"name\":\"webmaster kapitalis\",\"@id\":\"https:\/\/kapitalis.com\/tunisie\/#\/schema\/person\/d71f33a9ca44f7bad4698210b480c8e9\"},\"headline\":\"\u2018\u2018The Commander of the Faithful\u2019\u2019 : diviser pour r\u00e9gner au Maroc\",\"datePublished\":\"2023-05-07T07:25:29+00:00\",\"dateModified\":\"2023-05-07T07:25:30+00:00\",\"mainEntityOfPage\":{\"@id\":\"https:\/\/kapitalis.com\/tunisie\/2023\/05\/07\/the-commander-of-the-faithful-diviser-pour-regner-au-maroc\/\"},\"wordCount\":1097,\"commentCount\":2,\"publisher\":{\"@id\":\"https:\/\/kapitalis.com\/tunisie\/#organization\"},\"image\":{\"@id\":\"https:\/\/kapitalis.com\/tunisie\/2023\/05\/07\/the-commander-of-the-faithful-diviser-pour-regner-au-maroc\/#primaryimage\"},\"thumbnailUrl\":\"https:\/\/kapitalis.com\/tunisie\/wp-content\/uploads\/2023\/05\/Le-Commandanbt-des-croyants-Maroc.jpg\",\"keywords\":[\"Berb\u00e8res\",\"Dr Mounir Hanablia\",\"Hassan II\",\"John Waterbury\",\"Maroc\",\"Mohammed V\",\"Mohammed VI\",\"monarchie\",\"printemps arabe\"],\"articleSection\":[\"A LA UNE\",\"CULTURE\",\"POLITIQUE\"],\"inLanguage\":\"fr-FR\",\"potentialAction\":[{\"@type\":\"CommentAction\",\"name\":\"Comment\",\"target\":[\"https:\/\/kapitalis.com\/tunisie\/2023\/05\/07\/the-commander-of-the-faithful-diviser-pour-regner-au-maroc\/#respond\"]}]},{\"@type\":\"WebPage\",\"@id\":\"https:\/\/kapitalis.com\/tunisie\/2023\/05\/07\/the-commander-of-the-faithful-diviser-pour-regner-au-maroc\/\",\"url\":\"https:\/\/kapitalis.com\/tunisie\/2023\/05\/07\/the-commander-of-the-faithful-diviser-pour-regner-au-maroc\/\",\"name\":\"\u2018\u2018The Commander of the Faithful\u2019\u2019 : diviser pour r\u00e9gner au Maroc - Kapitalis\",\"isPartOf\":{\"@id\":\"https:\/\/kapitalis.com\/tunisie\/#website\"},\"primaryImageOfPage\":{\"@id\":\"https:\/\/kapitalis.com\/tunisie\/2023\/05\/07\/the-commander-of-the-faithful-diviser-pour-regner-au-maroc\/#primaryimage\"},\"image\":{\"@id\":\"https:\/\/kapitalis.com\/tunisie\/2023\/05\/07\/the-commander-of-the-faithful-diviser-pour-regner-au-maroc\/#primaryimage\"},\"thumbnailUrl\":\"https:\/\/kapitalis.com\/tunisie\/wp-content\/uploads\/2023\/05\/Le-Commandanbt-des-croyants-Maroc.jpg\",\"datePublished\":\"2023-05-07T07:25:29+00:00\",\"dateModified\":\"2023-05-07T07:25:30+00:00\",\"breadcrumb\":{\"@id\":\"https:\/\/kapitalis.com\/tunisie\/2023\/05\/07\/the-commander-of-the-faithful-diviser-pour-regner-au-maroc\/#breadcrumb\"},\"inLanguage\":\"fr-FR\",\"potentialAction\":[{\"@type\":\"ReadAction\",\"target\":[\"https:\/\/kapitalis.com\/tunisie\/2023\/05\/07\/the-commander-of-the-faithful-diviser-pour-regner-au-maroc\/\"]}]},{\"@type\":\"ImageObject\",\"inLanguage\":\"fr-FR\",\"@id\":\"https:\/\/kapitalis.com\/tunisie\/2023\/05\/07\/the-commander-of-the-faithful-diviser-pour-regner-au-maroc\/#primaryimage\",\"url\":\"https:\/\/kapitalis.com\/tunisie\/wp-content\/uploads\/2023\/05\/Le-Commandanbt-des-croyants-Maroc.jpg\",\"contentUrl\":\"https:\/\/kapitalis.com\/tunisie\/wp-content\/uploads\/2023\/05\/Le-Commandanbt-des-croyants-Maroc.jpg\",\"width\":1200,\"height\":630},{\"@type\":\"BreadcrumbList\",\"@id\":\"https:\/\/kapitalis.com\/tunisie\/2023\/05\/07\/the-commander-of-the-faithful-diviser-pour-regner-au-maroc\/#breadcrumb\",\"itemListElement\":[{\"@type\":\"ListItem\",\"position\":1,\"name\":\"Accueil\",\"item\":\"https:\/\/kapitalis.com\/tunisie\/\"},{\"@type\":\"ListItem\",\"position\":2,\"name\":\"\u2018\u2018The Commander of the Faithful\u2019\u2019 : diviser pour r\u00e9gner au Maroc\"}]},{\"@type\":\"WebSite\",\"@id\":\"https:\/\/kapitalis.com\/tunisie\/#website\",\"url\":\"https:\/\/kapitalis.com\/tunisie\/\",\"name\":\"Kapitalis\",\"description\":\"L&#039;actualit\u00e9 en Tunisie et dans le monde\",\"publisher\":{\"@id\":\"https:\/\/kapitalis.com\/tunisie\/#organization\"},\"potentialAction\":[{\"@type\":\"SearchAction\",\"target\":{\"@type\":\"EntryPoint\",\"urlTemplate\":\"https:\/\/kapitalis.com\/tunisie\/?s={search_term_string}\"},\"query-input\":{\"@type\":\"PropertyValueSpecification\",\"valueRequired\":true,\"valueName\":\"search_term_string\"}}],\"inLanguage\":\"fr-FR\"},{\"@type\":\"Organization\",\"@id\":\"https:\/\/kapitalis.com\/tunisie\/#organization\",\"name\":\"Kapitalis\",\"url\":\"https:\/\/kapitalis.com\/tunisie\/\",\"logo\":{\"@type\":\"ImageObject\",\"inLanguage\":\"fr-FR\",\"@id\":\"https:\/\/kapitalis.com\/tunisie\/#\/schema\/logo\/image\/\",\"url\":\"https:\/\/kapitalis.com\/tunisie\/wp-content\/uploads\/2022\/05\/Kapitalis-big-size.png\",\"contentUrl\":\"https:\/\/kapitalis.com\/tunisie\/wp-content\/uploads\/2022\/05\/Kapitalis-big-size.png\",\"width\":5000,\"height\":1500,\"caption\":\"Kapitalis\"},\"image\":{\"@id\":\"https:\/\/kapitalis.com\/tunisie\/#\/schema\/logo\/image\/\"},\"sameAs\":[\"https:\/\/www.facebook.com\/KapitalisInfo\/\",\"https:\/\/x.com\/KapitalisInfo\",\"https:\/\/www.youtube.com\/channel\/UC-yDYrHyfFBWWZaOw3FPg9Q\"]},{\"@type\":\"Person\",\"@id\":\"https:\/\/kapitalis.com\/tunisie\/#\/schema\/person\/d71f33a9ca44f7bad4698210b480c8e9\",\"name\":\"webmaster kapitalis\",\"url\":\"https:\/\/kapitalis.com\/tunisie\/author\/webmaster-kapitalis\/\"}]}<\/script>\n<!-- \/ Yoast SEO plugin. -->","yoast_head_json":{"title":"\u2018\u2018The Commander of the Faithful\u2019\u2019 : diviser pour r\u00e9gner au Maroc - Kapitalis","robots":{"index":"index","follow":"follow","max-snippet":"max-snippet:-1","max-image-preview":"max-image-preview:large","max-video-preview":"max-video-preview:-1"},"canonical":"https:\/\/kapitalis.com\/tunisie\/2023\/05\/07\/the-commander-of-the-faithful-diviser-pour-regner-au-maroc\/","og_locale":"fr_FR","og_type":"article","og_title":"\u2018\u2018The Commander of the Faithful\u2019\u2019 : diviser pour r\u00e9gner au Maroc - Kapitalis","og_description":"Comment la royaut\u00e9 au Maroc s\u2019est-elle impos\u00e9e face \u00e0 une \u00e9lite souvent divis\u00e9e et attentiste, anim\u00e9e par l\u2019ambition, l\u2019int\u00e9r\u00eat personnel, et la corruption.","og_url":"https:\/\/kapitalis.com\/tunisie\/2023\/05\/07\/the-commander-of-the-faithful-diviser-pour-regner-au-maroc\/","og_site_name":"Kapitalis","article_publisher":"https:\/\/www.facebook.com\/KapitalisInfo\/","article_published_time":"2023-05-07T07:25:29+00:00","article_modified_time":"2023-05-07T07:25:30+00:00","og_image":[{"width":1200,"height":630,"url":"https:\/\/kapitalis.com\/tunisie\/wp-content\/uploads\/2023\/05\/Le-Commandanbt-des-croyants-Maroc.jpg","type":"image\/jpeg"}],"author":"webmaster kapitalis","twitter_card":"summary_large_image","twitter_creator":"@KapitalisInfo","twitter_site":"@KapitalisInfo","twitter_misc":{"\u00c9crit par":"webmaster kapitalis","Dur\u00e9e de lecture estim\u00e9e":"5 minutes"},"schema":{"@context":"https:\/\/schema.org","@graph":[{"@type":"Article","@id":"https:\/\/kapitalis.com\/tunisie\/2023\/05\/07\/the-commander-of-the-faithful-diviser-pour-regner-au-maroc\/#article","isPartOf":{"@id":"https:\/\/kapitalis.com\/tunisie\/2023\/05\/07\/the-commander-of-the-faithful-diviser-pour-regner-au-maroc\/"},"author":{"name":"webmaster kapitalis","@id":"https:\/\/kapitalis.com\/tunisie\/#\/schema\/person\/d71f33a9ca44f7bad4698210b480c8e9"},"headline":"\u2018\u2018The Commander of the Faithful\u2019\u2019 : diviser pour r\u00e9gner au Maroc","datePublished":"2023-05-07T07:25:29+00:00","dateModified":"2023-05-07T07:25:30+00:00","mainEntityOfPage":{"@id":"https:\/\/kapitalis.com\/tunisie\/2023\/05\/07\/the-commander-of-the-faithful-diviser-pour-regner-au-maroc\/"},"wordCount":1097,"commentCount":2,"publisher":{"@id":"https:\/\/kapitalis.com\/tunisie\/#organization"},"image":{"@id":"https:\/\/kapitalis.com\/tunisie\/2023\/05\/07\/the-commander-of-the-faithful-diviser-pour-regner-au-maroc\/#primaryimage"},"thumbnailUrl":"https:\/\/kapitalis.com\/tunisie\/wp-content\/uploads\/2023\/05\/Le-Commandanbt-des-croyants-Maroc.jpg","keywords":["Berb\u00e8res","Dr Mounir Hanablia","Hassan II","John Waterbury","Maroc","Mohammed V","Mohammed VI","monarchie","printemps arabe"],"articleSection":["A LA UNE","CULTURE","POLITIQUE"],"inLanguage":"fr-FR","potentialAction":[{"@type":"CommentAction","name":"Comment","target":["https:\/\/kapitalis.com\/tunisie\/2023\/05\/07\/the-commander-of-the-faithful-diviser-pour-regner-au-maroc\/#respond"]}]},{"@type":"WebPage","@id":"https:\/\/kapitalis.com\/tunisie\/2023\/05\/07\/the-commander-of-the-faithful-diviser-pour-regner-au-maroc\/","url":"https:\/\/kapitalis.com\/tunisie\/2023\/05\/07\/the-commander-of-the-faithful-diviser-pour-regner-au-maroc\/","name":"\u2018\u2018The Commander of the Faithful\u2019\u2019 : diviser pour r\u00e9gner au Maroc - Kapitalis","isPartOf":{"@id":"https:\/\/kapitalis.com\/tunisie\/#website"},"primaryImageOfPage":{"@id":"https:\/\/kapitalis.com\/tunisie\/2023\/05\/07\/the-commander-of-the-faithful-diviser-pour-regner-au-maroc\/#primaryimage"},"image":{"@id":"https:\/\/kapitalis.com\/tunisie\/2023\/05\/07\/the-commander-of-the-faithful-diviser-pour-regner-au-maroc\/#primaryimage"},"thumbnailUrl":"https:\/\/kapitalis.com\/tunisie\/wp-content\/uploads\/2023\/05\/Le-Commandanbt-des-croyants-Maroc.jpg","datePublished":"2023-05-07T07:25:29+00:00","dateModified":"2023-05-07T07:25:30+00:00","breadcrumb":{"@id":"https:\/\/kapitalis.com\/tunisie\/2023\/05\/07\/the-commander-of-the-faithful-diviser-pour-regner-au-maroc\/#breadcrumb"},"inLanguage":"fr-FR","potentialAction":[{"@type":"ReadAction","target":["https:\/\/kapitalis.com\/tunisie\/2023\/05\/07\/the-commander-of-the-faithful-diviser-pour-regner-au-maroc\/"]}]},{"@type":"ImageObject","inLanguage":"fr-FR","@id":"https:\/\/kapitalis.com\/tunisie\/2023\/05\/07\/the-commander-of-the-faithful-diviser-pour-regner-au-maroc\/#primaryimage","url":"https:\/\/kapitalis.com\/tunisie\/wp-content\/uploads\/2023\/05\/Le-Commandanbt-des-croyants-Maroc.jpg","contentUrl":"https:\/\/kapitalis.com\/tunisie\/wp-content\/uploads\/2023\/05\/Le-Commandanbt-des-croyants-Maroc.jpg","width":1200,"height":630},{"@type":"BreadcrumbList","@id":"https:\/\/kapitalis.com\/tunisie\/2023\/05\/07\/the-commander-of-the-faithful-diviser-pour-regner-au-maroc\/#breadcrumb","itemListElement":[{"@type":"ListItem","position":1,"name":"Accueil","item":"https:\/\/kapitalis.com\/tunisie\/"},{"@type":"ListItem","position":2,"name":"\u2018\u2018The Commander of the Faithful\u2019\u2019 : diviser pour r\u00e9gner au Maroc"}]},{"@type":"WebSite","@id":"https:\/\/kapitalis.com\/tunisie\/#website","url":"https:\/\/kapitalis.com\/tunisie\/","name":"Kapitalis","description":"L&#039;actualit\u00e9 en Tunisie et dans le monde","publisher":{"@id":"https:\/\/kapitalis.com\/tunisie\/#organization"},"potentialAction":[{"@type":"SearchAction","target":{"@type":"EntryPoint","urlTemplate":"https:\/\/kapitalis.com\/tunisie\/?s={search_term_string}"},"query-input":{"@type":"PropertyValueSpecification","valueRequired":true,"valueName":"search_term_string"}}],"inLanguage":"fr-FR"},{"@type":"Organization","@id":"https:\/\/kapitalis.com\/tunisie\/#organization","name":"Kapitalis","url":"https:\/\/kapitalis.com\/tunisie\/","logo":{"@type":"ImageObject","inLanguage":"fr-FR","@id":"https:\/\/kapitalis.com\/tunisie\/#\/schema\/logo\/image\/","url":"https:\/\/kapitalis.com\/tunisie\/wp-content\/uploads\/2022\/05\/Kapitalis-big-size.png","contentUrl":"https:\/\/kapitalis.com\/tunisie\/wp-content\/uploads\/2022\/05\/Kapitalis-big-size.png","width":5000,"height":1500,"caption":"Kapitalis"},"image":{"@id":"https:\/\/kapitalis.com\/tunisie\/#\/schema\/logo\/image\/"},"sameAs":["https:\/\/www.facebook.com\/KapitalisInfo\/","https:\/\/x.com\/KapitalisInfo","https:\/\/www.youtube.com\/channel\/UC-yDYrHyfFBWWZaOw3FPg9Q"]},{"@type":"Person","@id":"https:\/\/kapitalis.com\/tunisie\/#\/schema\/person\/d71f33a9ca44f7bad4698210b480c8e9","name":"webmaster kapitalis","url":"https:\/\/kapitalis.com\/tunisie\/author\/webmaster-kapitalis\/"}]}},"_links":{"self":[{"href":"https:\/\/kapitalis.com\/tunisie\/wp-json\/wp\/v2\/posts\/7783840","targetHints":{"allow":["GET"]}}],"collection":[{"href":"https:\/\/kapitalis.com\/tunisie\/wp-json\/wp\/v2\/posts"}],"about":[{"href":"https:\/\/kapitalis.com\/tunisie\/wp-json\/wp\/v2\/types\/post"}],"author":[{"embeddable":true,"href":"https:\/\/kapitalis.com\/tunisie\/wp-json\/wp\/v2\/users\/8"}],"replies":[{"embeddable":true,"href":"https:\/\/kapitalis.com\/tunisie\/wp-json\/wp\/v2\/comments?post=7783840"}],"version-history":[{"count":1,"href":"https:\/\/kapitalis.com\/tunisie\/wp-json\/wp\/v2\/posts\/7783840\/revisions"}],"predecessor-version":[{"id":7784892,"href":"https:\/\/kapitalis.com\/tunisie\/wp-json\/wp\/v2\/posts\/7783840\/revisions\/7784892"}],"wp:featuredmedia":[{"embeddable":true,"href":"https:\/\/kapitalis.com\/tunisie\/wp-json\/wp\/v2\/media\/7783924"}],"wp:attachment":[{"href":"https:\/\/kapitalis.com\/tunisie\/wp-json\/wp\/v2\/media?parent=7783840"}],"wp:term":[{"taxonomy":"category","embeddable":true,"href":"https:\/\/kapitalis.com\/tunisie\/wp-json\/wp\/v2\/categories?post=7783840"},{"taxonomy":"post_tag","embeddable":true,"href":"https:\/\/kapitalis.com\/tunisie\/wp-json\/wp\/v2\/tags?post=7783840"}],"curies":[{"name":"wp","href":"https:\/\/api.w.org\/{rel}","templated":true}]}}