{"id":77947,"date":"2017-01-05T12:31:51","date_gmt":"2017-01-05T11:31:51","guid":{"rendered":"http:\/\/kapitalis.com\/tunisie\/?p=77947"},"modified":"2017-01-05T12:47:13","modified_gmt":"2017-01-05T11:47:13","slug":"apres-lattentat-de-berlin-amri-traverse-4-pays-europeens-avec-une-arme","status":"publish","type":"post","link":"https:\/\/kapitalis.com\/tunisie\/2017\/01\/05\/apres-lattentat-de-berlin-amri-traverse-4-pays-europeens-avec-une-arme\/","title":{"rendered":"Apr\u00e8s l&rsquo;attentat de Berlin : Amri traverse 4 pays europ\u00e9ens avec une arme"},"content":{"rendered":"<p style=\"text-align: center;\"><img loading=\"lazy\" decoding=\"async\" class=\"alignnone size-full wp-image-77949\" src=\"http:\/\/kapitalis.com\/tunisie\/wp-content\/uploads\/2017\/01\/Parcours-Anis-Amri.jpg\" alt=\"\" width=\"626\" height=\"380\" \/><\/p>\n<p><em><strong>Anis Amri, auteur pr\u00e9sum\u00e9 de l\u2019attaque terroriste de Berlin, a, pendant sa cavale de 3 jours, travers\u00e9 4 pays et 7 villes europ\u00e9ens.<\/strong><\/em><\/p>\n<p><!--more--><\/p>\n<p>Le parquet f\u00e9d\u00e9ral belge a indiqu\u00e9, mercredi, que le Tunisien (24 ans) avait\u00a0transit\u00e9 par\u00a0la gare du Nord, \u00e0 Bruxelles, le 21 d\u00e9cembre vers 19h. Il \u00e9tait m\u00eame rest\u00e9 2 heures en Belgique\u00a0&#8211; o\u00f9 se trouvent, faut-il le rappeler, les principales institutions de l&rsquo;Union europ\u00e9enne (UE) &#8211; avant de se rendre en France. C&rsquo;est ce que les cam\u00e9ras de surveillance de la gare ont montr\u00e9 aux enqu\u00eateurs.<\/p>\n<p>Apr\u00e8s avoir perp\u00e9tr\u00e9 l\u2019attentat au march\u00e9 de No\u00ebl, \u00e0\u00a0Berlin, le 19 d\u00e9cembre 2016, en fin d&rsquo;apr\u00e8s-midi, Anis Amri prit le train \u00e0 la gare de Zoologischer Garten, situ\u00e9 \u00e0 non loin du lieu o\u00f9 il venait de tuer 12 personnes et bless\u00e9 48\u00a0autres. Il prit, d&rsquo;ailleurs, le soin de lever l&rsquo;index vers le\u00a0ciel\u00a0en signe de\u00a0\u00ab\u00a0<em>tawhid<\/em>\u00a0\u00bb (unicit\u00e9 de Dieu ) en direction d&rsquo;une des cam\u00e9ras de surveillance, avant de quitter l\u2019Allemagne, et de prendre le train vers Nim\u00e8gue, aux Pays Bas, puis Amsterdam, la capitale du royaume, situ\u00e9e \u00e0 100 km de l\u00e0.<\/p>\n<p>Le m\u00eame jour, soit le 21 d\u00e9cembre, l\u2019homme le plus recherch\u00e9 d\u2019Europe, fit une escale \u00e0 Bruxelles, en Belgique, comme signal\u00e9 ci-haut, avant de se rendre, le 22 d\u00e9cembre, \u00e0 la gare de Lyon, en France, puis \u00e0 celle de Chamb\u00e9ry, 100 km plus loin.<\/p>\n<p>Selon les enqu\u00eateurs, il prit ensuite le train pour Turin, en Italie, puis Milan, o\u00f9 quelques heures plus tard, \u00e0 l&rsquo;aube du 23 d\u00e9cembre, sa cavale prit fin sous les balles d&rsquo;un policier italien.<\/p>\n<p>Pendant tout ce trajet, qui l&rsquo;a amen\u00e9 dans 4 pays et 7 villes europ\u00e9ens, Anis Amri avait sur lui l\u2019arme ayant servi \u00e0 tuer le chauffeur polonais du camion utilis\u00e9 dans l&rsquo;attaque de\u00a0Berlin. Il a pu faire en tout plus de 1500 kilom\u00e8tres, sans \u00eatre inqui\u00e9t\u00e9 ou contr\u00f4l\u00e9. De l\u00e0 \u00e0 parler de grave d\u00e9faillance du syst\u00e8me s\u00e9curitaire europ\u00e9en&#8230;<\/p>\n<p style=\"text-align: right;\"><strong>Y. N.<\/strong><\/p>\n","protected":false},"excerpt":{"rendered":"<p>Anis Amri, auteur pr\u00e9sum\u00e9 de l\u2019attaque terroriste de Berlin, a, pendant sa cavale de 3 jours, travers\u00e9 4 pays et 7 villes europ\u00e9ens.<\/p>\n","protected":false},"author":6,"featured_media":77949,"comment_status":"open","ping_status":"open","sticky":false,"template":"","format":"standard","meta":{"footnotes":""},"categories":[998,2433],"tags":[1096,26305,1270,138,144,395,505,898,20174],"class_list":["post-77947","post","type-post","status-publish","format-standard","has-post-thumbnail","hentry","category-societe","category-tunisie","tag-allemagne","tag-anis-amri","tag-attaque","tag-belgique","tag-berlin","tag-france","tag-italie","tag-terroriste","tag-turin"],"yoast_head":"<!-- This site is optimized with the Yoast SEO plugin v26.6 - https:\/\/yoast.com\/wordpress\/plugins\/seo\/ -->\n<title>Apr\u00e8s l&#039;attentat de Berlin : Amri traverse 4 pays europ\u00e9ens avec une arme - Kapitalis<\/title>\n<meta name=\"robots\" content=\"index, follow, max-snippet:-1, max-image-preview:large, max-video-preview:-1\" \/>\n<link rel=\"canonical\" href=\"https:\/\/kapitalis.com\/tunisie\/2017\/01\/05\/apres-lattentat-de-berlin-amri-traverse-4-pays-europeens-avec-une-arme\/\" \/>\n<meta property=\"og:locale\" content=\"fr_FR\" \/>\n<meta property=\"og:type\" content=\"article\" \/>\n<meta property=\"og:title\" content=\"Apr\u00e8s l&#039;attentat de Berlin : Amri traverse 4 pays europ\u00e9ens avec une arme - Kapitalis\" \/>\n<meta property=\"og:description\" content=\"Anis Amri, auteur pr\u00e9sum\u00e9 de l\u2019attaque terroriste de Berlin, a, pendant sa cavale de 3 jours, travers\u00e9 4 pays et 7 villes europ\u00e9ens.\" \/>\n<meta property=\"og:url\" content=\"https:\/\/kapitalis.com\/tunisie\/2017\/01\/05\/apres-lattentat-de-berlin-amri-traverse-4-pays-europeens-avec-une-arme\/\" \/>\n<meta property=\"og:site_name\" content=\"Kapitalis\" \/>\n<meta property=\"article:publisher\" content=\"https:\/\/www.facebook.com\/KapitalisInfo\/\" \/>\n<meta property=\"article:published_time\" content=\"2017-01-05T11:31:51+00:00\" \/>\n<meta property=\"article:modified_time\" content=\"2017-01-05T11:47:13+00:00\" \/>\n<meta property=\"og:image\" content=\"https:\/\/kapitalis.com\/tunisie\/wp-content\/uploads\/2022\/05\/kapitalis-logo-fb.png\" \/>\n\t<meta property=\"og:image:width\" content=\"1200\" \/>\n\t<meta property=\"og:image:height\" content=\"630\" \/>\n\t<meta property=\"og:image:type\" content=\"image\/png\" \/>\n<meta name=\"author\" content=\"Yusra NY\" \/>\n<meta name=\"twitter:card\" content=\"summary_large_image\" \/>\n<meta name=\"twitter:creator\" content=\"@KapitalisInfo\" \/>\n<meta name=\"twitter:site\" content=\"@KapitalisInfo\" \/>\n<meta name=\"twitter:label1\" content=\"\u00c9crit par\" \/>\n\t<meta name=\"twitter:data1\" content=\"Yusra NY\" \/>\n\t<meta name=\"twitter:label2\" content=\"Dur\u00e9e de lecture estim\u00e9e\" \/>\n\t<meta name=\"twitter:data2\" content=\"2 minutes\" \/>\n<script type=\"application\/ld+json\" class=\"yoast-schema-graph\">{\"@context\":\"https:\/\/schema.org\",\"@graph\":[{\"@type\":\"Article\",\"@id\":\"https:\/\/kapitalis.com\/tunisie\/2017\/01\/05\/apres-lattentat-de-berlin-amri-traverse-4-pays-europeens-avec-une-arme\/#article\",\"isPartOf\":{\"@id\":\"https:\/\/kapitalis.com\/tunisie\/2017\/01\/05\/apres-lattentat-de-berlin-amri-traverse-4-pays-europeens-avec-une-arme\/\"},\"author\":{\"name\":\"Yusra NY\",\"@id\":\"https:\/\/kapitalis.com\/tunisie\/#\/schema\/person\/74bbde0154d49d790a92aaeac5bc01d5\"},\"headline\":\"Apr\u00e8s l&rsquo;attentat de Berlin : Amri traverse 4 pays europ\u00e9ens avec une arme\",\"datePublished\":\"2017-01-05T11:31:51+00:00\",\"dateModified\":\"2017-01-05T11:47:13+00:00\",\"mainEntityOfPage\":{\"@id\":\"https:\/\/kapitalis.com\/tunisie\/2017\/01\/05\/apres-lattentat-de-berlin-amri-traverse-4-pays-europeens-avec-une-arme\/\"},\"wordCount\":350,\"commentCount\":1,\"publisher\":{\"@id\":\"https:\/\/kapitalis.com\/tunisie\/#organization\"},\"image\":{\"@id\":\"https:\/\/kapitalis.com\/tunisie\/2017\/01\/05\/apres-lattentat-de-berlin-amri-traverse-4-pays-europeens-avec-une-arme\/#primaryimage\"},\"thumbnailUrl\":\"\",\"keywords\":[\"Allemagne\",\"Anis Amri\",\"attaque\",\"Belgique\",\"Berlin\",\"France\",\"Italie\",\"terroriste\",\"Turin\"],\"articleSection\":[\"SOCIETE\",\"Tunisie\"],\"inLanguage\":\"fr-FR\",\"potentialAction\":[{\"@type\":\"CommentAction\",\"name\":\"Comment\",\"target\":[\"https:\/\/kapitalis.com\/tunisie\/2017\/01\/05\/apres-lattentat-de-berlin-amri-traverse-4-pays-europeens-avec-une-arme\/#respond\"]}]},{\"@type\":\"WebPage\",\"@id\":\"https:\/\/kapitalis.com\/tunisie\/2017\/01\/05\/apres-lattentat-de-berlin-amri-traverse-4-pays-europeens-avec-une-arme\/\",\"url\":\"https:\/\/kapitalis.com\/tunisie\/2017\/01\/05\/apres-lattentat-de-berlin-amri-traverse-4-pays-europeens-avec-une-arme\/\",\"name\":\"Apr\u00e8s l'attentat de Berlin : Amri traverse 4 pays europ\u00e9ens avec une arme - Kapitalis\",\"isPartOf\":{\"@id\":\"https:\/\/kapitalis.com\/tunisie\/#website\"},\"primaryImageOfPage\":{\"@id\":\"https:\/\/kapitalis.com\/tunisie\/2017\/01\/05\/apres-lattentat-de-berlin-amri-traverse-4-pays-europeens-avec-une-arme\/#primaryimage\"},\"image\":{\"@id\":\"https:\/\/kapitalis.com\/tunisie\/2017\/01\/05\/apres-lattentat-de-berlin-amri-traverse-4-pays-europeens-avec-une-arme\/#primaryimage\"},\"thumbnailUrl\":\"\",\"datePublished\":\"2017-01-05T11:31:51+00:00\",\"dateModified\":\"2017-01-05T11:47:13+00:00\",\"breadcrumb\":{\"@id\":\"https:\/\/kapitalis.com\/tunisie\/2017\/01\/05\/apres-lattentat-de-berlin-amri-traverse-4-pays-europeens-avec-une-arme\/#breadcrumb\"},\"inLanguage\":\"fr-FR\",\"potentialAction\":[{\"@type\":\"ReadAction\",\"target\":[\"https:\/\/kapitalis.com\/tunisie\/2017\/01\/05\/apres-lattentat-de-berlin-amri-traverse-4-pays-europeens-avec-une-arme\/\"]}]},{\"@type\":\"ImageObject\",\"inLanguage\":\"fr-FR\",\"@id\":\"https:\/\/kapitalis.com\/tunisie\/2017\/01\/05\/apres-lattentat-de-berlin-amri-traverse-4-pays-europeens-avec-une-arme\/#primaryimage\",\"url\":\"\",\"contentUrl\":\"\"},{\"@type\":\"BreadcrumbList\",\"@id\":\"https:\/\/kapitalis.com\/tunisie\/2017\/01\/05\/apres-lattentat-de-berlin-amri-traverse-4-pays-europeens-avec-une-arme\/#breadcrumb\",\"itemListElement\":[{\"@type\":\"ListItem\",\"position\":1,\"name\":\"Accueil\",\"item\":\"https:\/\/kapitalis.com\/tunisie\/\"},{\"@type\":\"ListItem\",\"position\":2,\"name\":\"Apr\u00e8s l&rsquo;attentat de Berlin : Amri traverse 4 pays europ\u00e9ens avec une arme\"}]},{\"@type\":\"WebSite\",\"@id\":\"https:\/\/kapitalis.com\/tunisie\/#website\",\"url\":\"https:\/\/kapitalis.com\/tunisie\/\",\"name\":\"Kapitalis\",\"description\":\"L&#039;actualit\u00e9 en Tunisie et dans le monde\",\"publisher\":{\"@id\":\"https:\/\/kapitalis.com\/tunisie\/#organization\"},\"potentialAction\":[{\"@type\":\"SearchAction\",\"target\":{\"@type\":\"EntryPoint\",\"urlTemplate\":\"https:\/\/kapitalis.com\/tunisie\/?s={search_term_string}\"},\"query-input\":{\"@type\":\"PropertyValueSpecification\",\"valueRequired\":true,\"valueName\":\"search_term_string\"}}],\"inLanguage\":\"fr-FR\"},{\"@type\":\"Organization\",\"@id\":\"https:\/\/kapitalis.com\/tunisie\/#organization\",\"name\":\"Kapitalis\",\"url\":\"https:\/\/kapitalis.com\/tunisie\/\",\"logo\":{\"@type\":\"ImageObject\",\"inLanguage\":\"fr-FR\",\"@id\":\"https:\/\/kapitalis.com\/tunisie\/#\/schema\/logo\/image\/\",\"url\":\"https:\/\/kapitalis.com\/tunisie\/wp-content\/uploads\/2022\/05\/Kapitalis-big-size.png\",\"contentUrl\":\"https:\/\/kapitalis.com\/tunisie\/wp-content\/uploads\/2022\/05\/Kapitalis-big-size.png\",\"width\":5000,\"height\":1500,\"caption\":\"Kapitalis\"},\"image\":{\"@id\":\"https:\/\/kapitalis.com\/tunisie\/#\/schema\/logo\/image\/\"},\"sameAs\":[\"https:\/\/www.facebook.com\/KapitalisInfo\/\",\"https:\/\/x.com\/KapitalisInfo\",\"https:\/\/www.youtube.com\/channel\/UC-yDYrHyfFBWWZaOw3FPg9Q\"]},{\"@type\":\"Person\",\"@id\":\"https:\/\/kapitalis.com\/tunisie\/#\/schema\/person\/74bbde0154d49d790a92aaeac5bc01d5\",\"name\":\"Yusra NY\",\"url\":\"https:\/\/kapitalis.com\/tunisie\/author\/yuza_adam\/\"}]}<\/script>\n<!-- \/ Yoast SEO plugin. -->","yoast_head_json":{"title":"Apr\u00e8s l'attentat de Berlin : Amri traverse 4 pays europ\u00e9ens avec une arme - Kapitalis","robots":{"index":"index","follow":"follow","max-snippet":"max-snippet:-1","max-image-preview":"max-image-preview:large","max-video-preview":"max-video-preview:-1"},"canonical":"https:\/\/kapitalis.com\/tunisie\/2017\/01\/05\/apres-lattentat-de-berlin-amri-traverse-4-pays-europeens-avec-une-arme\/","og_locale":"fr_FR","og_type":"article","og_title":"Apr\u00e8s l'attentat de Berlin : Amri traverse 4 pays europ\u00e9ens avec une arme - Kapitalis","og_description":"Anis Amri, auteur pr\u00e9sum\u00e9 de l\u2019attaque terroriste de Berlin, a, pendant sa cavale de 3 jours, travers\u00e9 4 pays et 7 villes europ\u00e9ens.","og_url":"https:\/\/kapitalis.com\/tunisie\/2017\/01\/05\/apres-lattentat-de-berlin-amri-traverse-4-pays-europeens-avec-une-arme\/","og_site_name":"Kapitalis","article_publisher":"https:\/\/www.facebook.com\/KapitalisInfo\/","article_published_time":"2017-01-05T11:31:51+00:00","article_modified_time":"2017-01-05T11:47:13+00:00","og_image":[{"width":1200,"height":630,"url":"https:\/\/kapitalis.com\/tunisie\/wp-content\/uploads\/2022\/05\/kapitalis-logo-fb.png","type":"image\/png"}],"author":"Yusra NY","twitter_card":"summary_large_image","twitter_creator":"@KapitalisInfo","twitter_site":"@KapitalisInfo","twitter_misc":{"\u00c9crit par":"Yusra NY","Dur\u00e9e de lecture estim\u00e9e":"2 minutes"},"schema":{"@context":"https:\/\/schema.org","@graph":[{"@type":"Article","@id":"https:\/\/kapitalis.com\/tunisie\/2017\/01\/05\/apres-lattentat-de-berlin-amri-traverse-4-pays-europeens-avec-une-arme\/#article","isPartOf":{"@id":"https:\/\/kapitalis.com\/tunisie\/2017\/01\/05\/apres-lattentat-de-berlin-amri-traverse-4-pays-europeens-avec-une-arme\/"},"author":{"name":"Yusra NY","@id":"https:\/\/kapitalis.com\/tunisie\/#\/schema\/person\/74bbde0154d49d790a92aaeac5bc01d5"},"headline":"Apr\u00e8s l&rsquo;attentat de Berlin : Amri traverse 4 pays europ\u00e9ens avec une arme","datePublished":"2017-01-05T11:31:51+00:00","dateModified":"2017-01-05T11:47:13+00:00","mainEntityOfPage":{"@id":"https:\/\/kapitalis.com\/tunisie\/2017\/01\/05\/apres-lattentat-de-berlin-amri-traverse-4-pays-europeens-avec-une-arme\/"},"wordCount":350,"commentCount":1,"publisher":{"@id":"https:\/\/kapitalis.com\/tunisie\/#organization"},"image":{"@id":"https:\/\/kapitalis.com\/tunisie\/2017\/01\/05\/apres-lattentat-de-berlin-amri-traverse-4-pays-europeens-avec-une-arme\/#primaryimage"},"thumbnailUrl":"","keywords":["Allemagne","Anis Amri","attaque","Belgique","Berlin","France","Italie","terroriste","Turin"],"articleSection":["SOCIETE","Tunisie"],"inLanguage":"fr-FR","potentialAction":[{"@type":"CommentAction","name":"Comment","target":["https:\/\/kapitalis.com\/tunisie\/2017\/01\/05\/apres-lattentat-de-berlin-amri-traverse-4-pays-europeens-avec-une-arme\/#respond"]}]},{"@type":"WebPage","@id":"https:\/\/kapitalis.com\/tunisie\/2017\/01\/05\/apres-lattentat-de-berlin-amri-traverse-4-pays-europeens-avec-une-arme\/","url":"https:\/\/kapitalis.com\/tunisie\/2017\/01\/05\/apres-lattentat-de-berlin-amri-traverse-4-pays-europeens-avec-une-arme\/","name":"Apr\u00e8s l'attentat de Berlin : Amri traverse 4 pays europ\u00e9ens avec une arme - Kapitalis","isPartOf":{"@id":"https:\/\/kapitalis.com\/tunisie\/#website"},"primaryImageOfPage":{"@id":"https:\/\/kapitalis.com\/tunisie\/2017\/01\/05\/apres-lattentat-de-berlin-amri-traverse-4-pays-europeens-avec-une-arme\/#primaryimage"},"image":{"@id":"https:\/\/kapitalis.com\/tunisie\/2017\/01\/05\/apres-lattentat-de-berlin-amri-traverse-4-pays-europeens-avec-une-arme\/#primaryimage"},"thumbnailUrl":"","datePublished":"2017-01-05T11:31:51+00:00","dateModified":"2017-01-05T11:47:13+00:00","breadcrumb":{"@id":"https:\/\/kapitalis.com\/tunisie\/2017\/01\/05\/apres-lattentat-de-berlin-amri-traverse-4-pays-europeens-avec-une-arme\/#breadcrumb"},"inLanguage":"fr-FR","potentialAction":[{"@type":"ReadAction","target":["https:\/\/kapitalis.com\/tunisie\/2017\/01\/05\/apres-lattentat-de-berlin-amri-traverse-4-pays-europeens-avec-une-arme\/"]}]},{"@type":"ImageObject","inLanguage":"fr-FR","@id":"https:\/\/kapitalis.com\/tunisie\/2017\/01\/05\/apres-lattentat-de-berlin-amri-traverse-4-pays-europeens-avec-une-arme\/#primaryimage","url":"","contentUrl":""},{"@type":"BreadcrumbList","@id":"https:\/\/kapitalis.com\/tunisie\/2017\/01\/05\/apres-lattentat-de-berlin-amri-traverse-4-pays-europeens-avec-une-arme\/#breadcrumb","itemListElement":[{"@type":"ListItem","position":1,"name":"Accueil","item":"https:\/\/kapitalis.com\/tunisie\/"},{"@type":"ListItem","position":2,"name":"Apr\u00e8s l&rsquo;attentat de Berlin : Amri traverse 4 pays europ\u00e9ens avec une arme"}]},{"@type":"WebSite","@id":"https:\/\/kapitalis.com\/tunisie\/#website","url":"https:\/\/kapitalis.com\/tunisie\/","name":"Kapitalis","description":"L&#039;actualit\u00e9 en Tunisie et dans le monde","publisher":{"@id":"https:\/\/kapitalis.com\/tunisie\/#organization"},"potentialAction":[{"@type":"SearchAction","target":{"@type":"EntryPoint","urlTemplate":"https:\/\/kapitalis.com\/tunisie\/?s={search_term_string}"},"query-input":{"@type":"PropertyValueSpecification","valueRequired":true,"valueName":"search_term_string"}}],"inLanguage":"fr-FR"},{"@type":"Organization","@id":"https:\/\/kapitalis.com\/tunisie\/#organization","name":"Kapitalis","url":"https:\/\/kapitalis.com\/tunisie\/","logo":{"@type":"ImageObject","inLanguage":"fr-FR","@id":"https:\/\/kapitalis.com\/tunisie\/#\/schema\/logo\/image\/","url":"https:\/\/kapitalis.com\/tunisie\/wp-content\/uploads\/2022\/05\/Kapitalis-big-size.png","contentUrl":"https:\/\/kapitalis.com\/tunisie\/wp-content\/uploads\/2022\/05\/Kapitalis-big-size.png","width":5000,"height":1500,"caption":"Kapitalis"},"image":{"@id":"https:\/\/kapitalis.com\/tunisie\/#\/schema\/logo\/image\/"},"sameAs":["https:\/\/www.facebook.com\/KapitalisInfo\/","https:\/\/x.com\/KapitalisInfo","https:\/\/www.youtube.com\/channel\/UC-yDYrHyfFBWWZaOw3FPg9Q"]},{"@type":"Person","@id":"https:\/\/kapitalis.com\/tunisie\/#\/schema\/person\/74bbde0154d49d790a92aaeac5bc01d5","name":"Yusra NY","url":"https:\/\/kapitalis.com\/tunisie\/author\/yuza_adam\/"}]}},"_links":{"self":[{"href":"https:\/\/kapitalis.com\/tunisie\/wp-json\/wp\/v2\/posts\/77947","targetHints":{"allow":["GET"]}}],"collection":[{"href":"https:\/\/kapitalis.com\/tunisie\/wp-json\/wp\/v2\/posts"}],"about":[{"href":"https:\/\/kapitalis.com\/tunisie\/wp-json\/wp\/v2\/types\/post"}],"author":[{"embeddable":true,"href":"https:\/\/kapitalis.com\/tunisie\/wp-json\/wp\/v2\/users\/6"}],"replies":[{"embeddable":true,"href":"https:\/\/kapitalis.com\/tunisie\/wp-json\/wp\/v2\/comments?post=77947"}],"version-history":[{"count":0,"href":"https:\/\/kapitalis.com\/tunisie\/wp-json\/wp\/v2\/posts\/77947\/revisions"}],"wp:featuredmedia":[{"embeddable":true,"href":"https:\/\/kapitalis.com\/tunisie\/wp-json\/wp\/v2\/media\/77949"}],"wp:attachment":[{"href":"https:\/\/kapitalis.com\/tunisie\/wp-json\/wp\/v2\/media?parent=77947"}],"wp:term":[{"taxonomy":"category","embeddable":true,"href":"https:\/\/kapitalis.com\/tunisie\/wp-json\/wp\/v2\/categories?post=77947"},{"taxonomy":"post_tag","embeddable":true,"href":"https:\/\/kapitalis.com\/tunisie\/wp-json\/wp\/v2\/tags?post=77947"}],"curies":[{"name":"wp","href":"https:\/\/api.w.org\/{rel}","templated":true}]}}