{"id":78060,"date":"2017-01-06T14:33:37","date_gmt":"2017-01-06T13:33:37","guid":{"rendered":"http:\/\/kapitalis.com\/tunisie\/?p=78060"},"modified":"2017-01-06T14:34:42","modified_gmt":"2017-01-06T13:34:42","slug":"sousse-un-fonctionnaire-prevenait-les-terroristes-des-descentes-de-police","status":"publish","type":"post","link":"https:\/\/kapitalis.com\/tunisie\/2017\/01\/06\/sousse-un-fonctionnaire-prevenait-les-terroristes-des-descentes-de-police\/","title":{"rendered":"Sousse : Un fonctionnaire pr\u00e9venait les terroristes des descentes de police"},"content":{"rendered":"<p style=\"text-align: center;\"><img loading=\"lazy\" decoding=\"async\" class=\"alignnone size-full wp-image-67102\" src=\"http:\/\/kapitalis.com\/tunisie\/wp-content\/uploads\/2016\/10\/Mahdia-arrestation-coordinateur-Nidaa-Tounes.jpg\" alt=\"\" width=\"626\" height=\"380\" \/><\/p>\n<p><em><strong>Profitant de son poste, un fonctionnaire pr\u00e9venait les terroristes des descentes pr\u00e9vues par les forces de s\u00e9curit\u00e9. Il a \u00e9t\u00e9 arr\u00eat\u00e9, fin d\u00e9cembre dernier, \u00e0 Sousse.<\/strong><\/em><\/p>\n<p><!--more--><\/p>\n<p>C\u2019est ce qu\u2019a d\u00e9clar\u00e9 le colonel-major de la garde nationale, Kh\u00e9lifa Chibani, aujourd\u2019hui, au cours \u00a0d&rsquo;une conf\u00e9rence de presse, au si\u00e8ge du minist\u00e8re de l&rsquo;Int\u00e9rieur, en pr\u00e9cisant que le fonctionnaire, dont il n&rsquo;a pas indiqu\u00e9 le service d&rsquo;affectation, communiquait\u00a0 les horaires des interventions polici\u00e8res aux suspects, leur permettant ainsi de prendre la fuite. Il a \u00e9t\u00e9 arr\u00eat\u00e9 suite aux aveux des membres d\u2019une cellule terroriste op\u00e9rant \u00e0 Enfidha, d\u00e9mantel\u00e9e le 29 d\u00e9cembre 2016.<\/p>\n<p>Les agents de la garde nationale ont, au cours de d\u00e9cembre 2016, d\u00e9mantel\u00e9 11 cellules et arr\u00eat\u00e9 146 suspects, dont 73 ont \u00e9t\u00e9 maintenus en d\u00e9tention et 30 seront poursuivis en \u00e9tat de libert\u00e9.<\/p>\n<p style=\"text-align: right;\"><strong>Y. N.<\/strong><\/p>\n","protected":false},"excerpt":{"rendered":"<p>Profitant de son poste, un fonctionnaire pr\u00e9venait les terroristes des descentes pr\u00e9vues par les forces de s\u00e9curit\u00e9. Il a \u00e9t\u00e9 arr\u00eat\u00e9, fin d\u00e9cembre dernier, \u00e0 Sousse.<\/p>\n","protected":false},"author":6,"featured_media":0,"comment_status":"open","ping_status":"open","sticky":false,"template":"","format":"standard","meta":{"footnotes":""},"categories":[998,2433],"tags":[1279,1248,18845,10608,613],"class_list":["post-78060","post","type-post","status-publish","format-standard","hentry","category-societe","category-tunisie","tag-detention","tag-enfidha","tag-fonctionnaire","tag-khelifa-chibani","tag-ministere-de-linterieur"],"yoast_head":"<!-- This site is optimized with the Yoast SEO plugin v26.6 - https:\/\/yoast.com\/wordpress\/plugins\/seo\/ -->\n<title>Sousse : Un fonctionnaire pr\u00e9venait les terroristes des descentes de police - Kapitalis<\/title>\n<meta name=\"robots\" content=\"index, follow, max-snippet:-1, max-image-preview:large, max-video-preview:-1\" \/>\n<link rel=\"canonical\" href=\"https:\/\/kapitalis.com\/tunisie\/2017\/01\/06\/sousse-un-fonctionnaire-prevenait-les-terroristes-des-descentes-de-police\/\" \/>\n<meta property=\"og:locale\" content=\"fr_FR\" \/>\n<meta property=\"og:type\" content=\"article\" \/>\n<meta property=\"og:title\" content=\"Sousse : Un fonctionnaire pr\u00e9venait les terroristes des descentes de police - Kapitalis\" \/>\n<meta property=\"og:description\" content=\"Profitant de son poste, un fonctionnaire pr\u00e9venait les terroristes des descentes pr\u00e9vues par les forces de s\u00e9curit\u00e9. Il a \u00e9t\u00e9 arr\u00eat\u00e9, fin d\u00e9cembre dernier, \u00e0 Sousse.\" \/>\n<meta property=\"og:url\" content=\"https:\/\/kapitalis.com\/tunisie\/2017\/01\/06\/sousse-un-fonctionnaire-prevenait-les-terroristes-des-descentes-de-police\/\" \/>\n<meta property=\"og:site_name\" content=\"Kapitalis\" \/>\n<meta property=\"article:publisher\" content=\"https:\/\/www.facebook.com\/KapitalisInfo\/\" \/>\n<meta property=\"article:published_time\" content=\"2017-01-06T13:33:37+00:00\" \/>\n<meta property=\"article:modified_time\" content=\"2017-01-06T13:34:42+00:00\" \/>\n<meta property=\"og:image\" content=\"http:\/\/kapitalis.com\/tunisie\/wp-content\/uploads\/2016\/10\/Mahdia-arrestation-coordinateur-Nidaa-Tounes.jpg\" \/>\n<meta name=\"author\" content=\"Yusra NY\" \/>\n<meta name=\"twitter:card\" content=\"summary_large_image\" \/>\n<meta name=\"twitter:creator\" content=\"@KapitalisInfo\" \/>\n<meta name=\"twitter:site\" content=\"@KapitalisInfo\" \/>\n<meta name=\"twitter:label1\" content=\"\u00c9crit par\" \/>\n\t<meta name=\"twitter:data1\" content=\"Yusra NY\" \/>\n\t<meta name=\"twitter:label2\" content=\"Dur\u00e9e de lecture estim\u00e9e\" \/>\n\t<meta name=\"twitter:data2\" content=\"1 minute\" \/>\n<script type=\"application\/ld+json\" class=\"yoast-schema-graph\">{\"@context\":\"https:\/\/schema.org\",\"@graph\":[{\"@type\":\"Article\",\"@id\":\"https:\/\/kapitalis.com\/tunisie\/2017\/01\/06\/sousse-un-fonctionnaire-prevenait-les-terroristes-des-descentes-de-police\/#article\",\"isPartOf\":{\"@id\":\"https:\/\/kapitalis.com\/tunisie\/2017\/01\/06\/sousse-un-fonctionnaire-prevenait-les-terroristes-des-descentes-de-police\/\"},\"author\":{\"name\":\"Yusra NY\",\"@id\":\"https:\/\/kapitalis.com\/tunisie\/#\/schema\/person\/74bbde0154d49d790a92aaeac5bc01d5\"},\"headline\":\"Sousse : Un fonctionnaire pr\u00e9venait les terroristes des descentes de police\",\"datePublished\":\"2017-01-06T13:33:37+00:00\",\"dateModified\":\"2017-01-06T13:34:42+00:00\",\"mainEntityOfPage\":{\"@id\":\"https:\/\/kapitalis.com\/tunisie\/2017\/01\/06\/sousse-un-fonctionnaire-prevenait-les-terroristes-des-descentes-de-police\/\"},\"wordCount\":163,\"commentCount\":8,\"publisher\":{\"@id\":\"https:\/\/kapitalis.com\/tunisie\/#organization\"},\"image\":{\"@id\":\"https:\/\/kapitalis.com\/tunisie\/2017\/01\/06\/sousse-un-fonctionnaire-prevenait-les-terroristes-des-descentes-de-police\/#primaryimage\"},\"thumbnailUrl\":\"http:\/\/kapitalis.com\/tunisie\/wp-content\/uploads\/2016\/10\/Mahdia-arrestation-coordinateur-Nidaa-Tounes.jpg\",\"keywords\":[\"d\u00e9tention\",\"Enfidha\",\"fonctionnaire\",\"Kh\u00e9lifa Chibani\",\"minist\u00e8re de l\u2019Int\u00e9rieur\"],\"articleSection\":[\"SOCIETE\",\"Tunisie\"],\"inLanguage\":\"fr-FR\",\"potentialAction\":[{\"@type\":\"CommentAction\",\"name\":\"Comment\",\"target\":[\"https:\/\/kapitalis.com\/tunisie\/2017\/01\/06\/sousse-un-fonctionnaire-prevenait-les-terroristes-des-descentes-de-police\/#respond\"]}]},{\"@type\":\"WebPage\",\"@id\":\"https:\/\/kapitalis.com\/tunisie\/2017\/01\/06\/sousse-un-fonctionnaire-prevenait-les-terroristes-des-descentes-de-police\/\",\"url\":\"https:\/\/kapitalis.com\/tunisie\/2017\/01\/06\/sousse-un-fonctionnaire-prevenait-les-terroristes-des-descentes-de-police\/\",\"name\":\"Sousse : Un fonctionnaire pr\u00e9venait les terroristes des descentes de police - Kapitalis\",\"isPartOf\":{\"@id\":\"https:\/\/kapitalis.com\/tunisie\/#website\"},\"primaryImageOfPage\":{\"@id\":\"https:\/\/kapitalis.com\/tunisie\/2017\/01\/06\/sousse-un-fonctionnaire-prevenait-les-terroristes-des-descentes-de-police\/#primaryimage\"},\"image\":{\"@id\":\"https:\/\/kapitalis.com\/tunisie\/2017\/01\/06\/sousse-un-fonctionnaire-prevenait-les-terroristes-des-descentes-de-police\/#primaryimage\"},\"thumbnailUrl\":\"http:\/\/kapitalis.com\/tunisie\/wp-content\/uploads\/2016\/10\/Mahdia-arrestation-coordinateur-Nidaa-Tounes.jpg\",\"datePublished\":\"2017-01-06T13:33:37+00:00\",\"dateModified\":\"2017-01-06T13:34:42+00:00\",\"breadcrumb\":{\"@id\":\"https:\/\/kapitalis.com\/tunisie\/2017\/01\/06\/sousse-un-fonctionnaire-prevenait-les-terroristes-des-descentes-de-police\/#breadcrumb\"},\"inLanguage\":\"fr-FR\",\"potentialAction\":[{\"@type\":\"ReadAction\",\"target\":[\"https:\/\/kapitalis.com\/tunisie\/2017\/01\/06\/sousse-un-fonctionnaire-prevenait-les-terroristes-des-descentes-de-police\/\"]}]},{\"@type\":\"ImageObject\",\"inLanguage\":\"fr-FR\",\"@id\":\"https:\/\/kapitalis.com\/tunisie\/2017\/01\/06\/sousse-un-fonctionnaire-prevenait-les-terroristes-des-descentes-de-police\/#primaryimage\",\"url\":\"http:\/\/kapitalis.com\/tunisie\/wp-content\/uploads\/2016\/10\/Mahdia-arrestation-coordinateur-Nidaa-Tounes.jpg\",\"contentUrl\":\"http:\/\/kapitalis.com\/tunisie\/wp-content\/uploads\/2016\/10\/Mahdia-arrestation-coordinateur-Nidaa-Tounes.jpg\"},{\"@type\":\"BreadcrumbList\",\"@id\":\"https:\/\/kapitalis.com\/tunisie\/2017\/01\/06\/sousse-un-fonctionnaire-prevenait-les-terroristes-des-descentes-de-police\/#breadcrumb\",\"itemListElement\":[{\"@type\":\"ListItem\",\"position\":1,\"name\":\"Accueil\",\"item\":\"https:\/\/kapitalis.com\/tunisie\/\"},{\"@type\":\"ListItem\",\"position\":2,\"name\":\"Sousse : Un fonctionnaire pr\u00e9venait les terroristes des descentes de police\"}]},{\"@type\":\"WebSite\",\"@id\":\"https:\/\/kapitalis.com\/tunisie\/#website\",\"url\":\"https:\/\/kapitalis.com\/tunisie\/\",\"name\":\"Kapitalis\",\"description\":\"L&#039;actualit\u00e9 en Tunisie et dans le monde\",\"publisher\":{\"@id\":\"https:\/\/kapitalis.com\/tunisie\/#organization\"},\"potentialAction\":[{\"@type\":\"SearchAction\",\"target\":{\"@type\":\"EntryPoint\",\"urlTemplate\":\"https:\/\/kapitalis.com\/tunisie\/?s={search_term_string}\"},\"query-input\":{\"@type\":\"PropertyValueSpecification\",\"valueRequired\":true,\"valueName\":\"search_term_string\"}}],\"inLanguage\":\"fr-FR\"},{\"@type\":\"Organization\",\"@id\":\"https:\/\/kapitalis.com\/tunisie\/#organization\",\"name\":\"Kapitalis\",\"url\":\"https:\/\/kapitalis.com\/tunisie\/\",\"logo\":{\"@type\":\"ImageObject\",\"inLanguage\":\"fr-FR\",\"@id\":\"https:\/\/kapitalis.com\/tunisie\/#\/schema\/logo\/image\/\",\"url\":\"https:\/\/kapitalis.com\/tunisie\/wp-content\/uploads\/2022\/05\/Kapitalis-big-size.png\",\"contentUrl\":\"https:\/\/kapitalis.com\/tunisie\/wp-content\/uploads\/2022\/05\/Kapitalis-big-size.png\",\"width\":5000,\"height\":1500,\"caption\":\"Kapitalis\"},\"image\":{\"@id\":\"https:\/\/kapitalis.com\/tunisie\/#\/schema\/logo\/image\/\"},\"sameAs\":[\"https:\/\/www.facebook.com\/KapitalisInfo\/\",\"https:\/\/x.com\/KapitalisInfo\",\"https:\/\/www.youtube.com\/channel\/UC-yDYrHyfFBWWZaOw3FPg9Q\"]},{\"@type\":\"Person\",\"@id\":\"https:\/\/kapitalis.com\/tunisie\/#\/schema\/person\/74bbde0154d49d790a92aaeac5bc01d5\",\"name\":\"Yusra NY\",\"url\":\"https:\/\/kapitalis.com\/tunisie\/author\/yuza_adam\/\"}]}<\/script>\n<!-- \/ Yoast SEO plugin. -->","yoast_head_json":{"title":"Sousse : Un fonctionnaire pr\u00e9venait les terroristes des descentes de police - Kapitalis","robots":{"index":"index","follow":"follow","max-snippet":"max-snippet:-1","max-image-preview":"max-image-preview:large","max-video-preview":"max-video-preview:-1"},"canonical":"https:\/\/kapitalis.com\/tunisie\/2017\/01\/06\/sousse-un-fonctionnaire-prevenait-les-terroristes-des-descentes-de-police\/","og_locale":"fr_FR","og_type":"article","og_title":"Sousse : Un fonctionnaire pr\u00e9venait les terroristes des descentes de police - Kapitalis","og_description":"Profitant de son poste, un fonctionnaire pr\u00e9venait les terroristes des descentes pr\u00e9vues par les forces de s\u00e9curit\u00e9. Il a \u00e9t\u00e9 arr\u00eat\u00e9, fin d\u00e9cembre dernier, \u00e0 Sousse.","og_url":"https:\/\/kapitalis.com\/tunisie\/2017\/01\/06\/sousse-un-fonctionnaire-prevenait-les-terroristes-des-descentes-de-police\/","og_site_name":"Kapitalis","article_publisher":"https:\/\/www.facebook.com\/KapitalisInfo\/","article_published_time":"2017-01-06T13:33:37+00:00","article_modified_time":"2017-01-06T13:34:42+00:00","og_image":[{"url":"http:\/\/kapitalis.com\/tunisie\/wp-content\/uploads\/2016\/10\/Mahdia-arrestation-coordinateur-Nidaa-Tounes.jpg","type":"","width":"","height":""}],"author":"Yusra NY","twitter_card":"summary_large_image","twitter_creator":"@KapitalisInfo","twitter_site":"@KapitalisInfo","twitter_misc":{"\u00c9crit par":"Yusra NY","Dur\u00e9e de lecture estim\u00e9e":"1 minute"},"schema":{"@context":"https:\/\/schema.org","@graph":[{"@type":"Article","@id":"https:\/\/kapitalis.com\/tunisie\/2017\/01\/06\/sousse-un-fonctionnaire-prevenait-les-terroristes-des-descentes-de-police\/#article","isPartOf":{"@id":"https:\/\/kapitalis.com\/tunisie\/2017\/01\/06\/sousse-un-fonctionnaire-prevenait-les-terroristes-des-descentes-de-police\/"},"author":{"name":"Yusra NY","@id":"https:\/\/kapitalis.com\/tunisie\/#\/schema\/person\/74bbde0154d49d790a92aaeac5bc01d5"},"headline":"Sousse : Un fonctionnaire pr\u00e9venait les terroristes des descentes de police","datePublished":"2017-01-06T13:33:37+00:00","dateModified":"2017-01-06T13:34:42+00:00","mainEntityOfPage":{"@id":"https:\/\/kapitalis.com\/tunisie\/2017\/01\/06\/sousse-un-fonctionnaire-prevenait-les-terroristes-des-descentes-de-police\/"},"wordCount":163,"commentCount":8,"publisher":{"@id":"https:\/\/kapitalis.com\/tunisie\/#organization"},"image":{"@id":"https:\/\/kapitalis.com\/tunisie\/2017\/01\/06\/sousse-un-fonctionnaire-prevenait-les-terroristes-des-descentes-de-police\/#primaryimage"},"thumbnailUrl":"http:\/\/kapitalis.com\/tunisie\/wp-content\/uploads\/2016\/10\/Mahdia-arrestation-coordinateur-Nidaa-Tounes.jpg","keywords":["d\u00e9tention","Enfidha","fonctionnaire","Kh\u00e9lifa Chibani","minist\u00e8re de l\u2019Int\u00e9rieur"],"articleSection":["SOCIETE","Tunisie"],"inLanguage":"fr-FR","potentialAction":[{"@type":"CommentAction","name":"Comment","target":["https:\/\/kapitalis.com\/tunisie\/2017\/01\/06\/sousse-un-fonctionnaire-prevenait-les-terroristes-des-descentes-de-police\/#respond"]}]},{"@type":"WebPage","@id":"https:\/\/kapitalis.com\/tunisie\/2017\/01\/06\/sousse-un-fonctionnaire-prevenait-les-terroristes-des-descentes-de-police\/","url":"https:\/\/kapitalis.com\/tunisie\/2017\/01\/06\/sousse-un-fonctionnaire-prevenait-les-terroristes-des-descentes-de-police\/","name":"Sousse : Un fonctionnaire pr\u00e9venait les terroristes des descentes de police - Kapitalis","isPartOf":{"@id":"https:\/\/kapitalis.com\/tunisie\/#website"},"primaryImageOfPage":{"@id":"https:\/\/kapitalis.com\/tunisie\/2017\/01\/06\/sousse-un-fonctionnaire-prevenait-les-terroristes-des-descentes-de-police\/#primaryimage"},"image":{"@id":"https:\/\/kapitalis.com\/tunisie\/2017\/01\/06\/sousse-un-fonctionnaire-prevenait-les-terroristes-des-descentes-de-police\/#primaryimage"},"thumbnailUrl":"http:\/\/kapitalis.com\/tunisie\/wp-content\/uploads\/2016\/10\/Mahdia-arrestation-coordinateur-Nidaa-Tounes.jpg","datePublished":"2017-01-06T13:33:37+00:00","dateModified":"2017-01-06T13:34:42+00:00","breadcrumb":{"@id":"https:\/\/kapitalis.com\/tunisie\/2017\/01\/06\/sousse-un-fonctionnaire-prevenait-les-terroristes-des-descentes-de-police\/#breadcrumb"},"inLanguage":"fr-FR","potentialAction":[{"@type":"ReadAction","target":["https:\/\/kapitalis.com\/tunisie\/2017\/01\/06\/sousse-un-fonctionnaire-prevenait-les-terroristes-des-descentes-de-police\/"]}]},{"@type":"ImageObject","inLanguage":"fr-FR","@id":"https:\/\/kapitalis.com\/tunisie\/2017\/01\/06\/sousse-un-fonctionnaire-prevenait-les-terroristes-des-descentes-de-police\/#primaryimage","url":"http:\/\/kapitalis.com\/tunisie\/wp-content\/uploads\/2016\/10\/Mahdia-arrestation-coordinateur-Nidaa-Tounes.jpg","contentUrl":"http:\/\/kapitalis.com\/tunisie\/wp-content\/uploads\/2016\/10\/Mahdia-arrestation-coordinateur-Nidaa-Tounes.jpg"},{"@type":"BreadcrumbList","@id":"https:\/\/kapitalis.com\/tunisie\/2017\/01\/06\/sousse-un-fonctionnaire-prevenait-les-terroristes-des-descentes-de-police\/#breadcrumb","itemListElement":[{"@type":"ListItem","position":1,"name":"Accueil","item":"https:\/\/kapitalis.com\/tunisie\/"},{"@type":"ListItem","position":2,"name":"Sousse : Un fonctionnaire pr\u00e9venait les terroristes des descentes de police"}]},{"@type":"WebSite","@id":"https:\/\/kapitalis.com\/tunisie\/#website","url":"https:\/\/kapitalis.com\/tunisie\/","name":"Kapitalis","description":"L&#039;actualit\u00e9 en Tunisie et dans le monde","publisher":{"@id":"https:\/\/kapitalis.com\/tunisie\/#organization"},"potentialAction":[{"@type":"SearchAction","target":{"@type":"EntryPoint","urlTemplate":"https:\/\/kapitalis.com\/tunisie\/?s={search_term_string}"},"query-input":{"@type":"PropertyValueSpecification","valueRequired":true,"valueName":"search_term_string"}}],"inLanguage":"fr-FR"},{"@type":"Organization","@id":"https:\/\/kapitalis.com\/tunisie\/#organization","name":"Kapitalis","url":"https:\/\/kapitalis.com\/tunisie\/","logo":{"@type":"ImageObject","inLanguage":"fr-FR","@id":"https:\/\/kapitalis.com\/tunisie\/#\/schema\/logo\/image\/","url":"https:\/\/kapitalis.com\/tunisie\/wp-content\/uploads\/2022\/05\/Kapitalis-big-size.png","contentUrl":"https:\/\/kapitalis.com\/tunisie\/wp-content\/uploads\/2022\/05\/Kapitalis-big-size.png","width":5000,"height":1500,"caption":"Kapitalis"},"image":{"@id":"https:\/\/kapitalis.com\/tunisie\/#\/schema\/logo\/image\/"},"sameAs":["https:\/\/www.facebook.com\/KapitalisInfo\/","https:\/\/x.com\/KapitalisInfo","https:\/\/www.youtube.com\/channel\/UC-yDYrHyfFBWWZaOw3FPg9Q"]},{"@type":"Person","@id":"https:\/\/kapitalis.com\/tunisie\/#\/schema\/person\/74bbde0154d49d790a92aaeac5bc01d5","name":"Yusra NY","url":"https:\/\/kapitalis.com\/tunisie\/author\/yuza_adam\/"}]}},"_links":{"self":[{"href":"https:\/\/kapitalis.com\/tunisie\/wp-json\/wp\/v2\/posts\/78060","targetHints":{"allow":["GET"]}}],"collection":[{"href":"https:\/\/kapitalis.com\/tunisie\/wp-json\/wp\/v2\/posts"}],"about":[{"href":"https:\/\/kapitalis.com\/tunisie\/wp-json\/wp\/v2\/types\/post"}],"author":[{"embeddable":true,"href":"https:\/\/kapitalis.com\/tunisie\/wp-json\/wp\/v2\/users\/6"}],"replies":[{"embeddable":true,"href":"https:\/\/kapitalis.com\/tunisie\/wp-json\/wp\/v2\/comments?post=78060"}],"version-history":[{"count":0,"href":"https:\/\/kapitalis.com\/tunisie\/wp-json\/wp\/v2\/posts\/78060\/revisions"}],"wp:attachment":[{"href":"https:\/\/kapitalis.com\/tunisie\/wp-json\/wp\/v2\/media?parent=78060"}],"wp:term":[{"taxonomy":"category","embeddable":true,"href":"https:\/\/kapitalis.com\/tunisie\/wp-json\/wp\/v2\/categories?post=78060"},{"taxonomy":"post_tag","embeddable":true,"href":"https:\/\/kapitalis.com\/tunisie\/wp-json\/wp\/v2\/tags?post=78060"}],"curies":[{"name":"wp","href":"https:\/\/api.w.org\/{rel}","templated":true}]}}