{"id":7818734,"date":"2023-05-08T07:35:36","date_gmt":"2023-05-08T06:35:36","guid":{"rendered":"https:\/\/kapitalis.com\/tunisie\/?p=7818734"},"modified":"2023-05-08T07:43:45","modified_gmt":"2023-05-08T06:43:45","slug":"lesperance-mouton-noir-de-la-caf","status":"publish","type":"post","link":"https:\/\/kapitalis.com\/tunisie\/2023\/05\/08\/lesperance-mouton-noir-de-la-caf\/","title":{"rendered":"L\u2019Esp\u00e9rance, mouton noir de la CAF"},"content":{"rendered":"\n<p><strong><em>L\u2019Esp\u00e9rance de Tunis, une des plus vieilles institutions du sport en Afrique, et doyen des clubs tunisiens, qui avait longtemps lutt\u00e9, sous le protectorat fran\u00e7ais, pour ouvrir la pratique du football aux nationaux, vient d\u2019\u00e9coper de <a href=\"https:\/\/kapitalis.com\/tunisie\/2023\/05\/05\/caf-les-sanctions-infligees-a-lesperance-sportive-de-tunis\/\" target=\"_blank\" rel=\"noreferrer noopener\">sanctions extr\u00eamement s\u00e9v\u00e8res<\/a> de la part des instances africaines de ce sport. Excessif, injuste, tendancieux\u2026<\/em><\/strong><\/p>\n\n\n\n<p>Pr.<strong>Mondher Azzouzi <\/strong>*<\/p>\n\n\n\n<!--more-->\n\n\n<div class=\"wp-block-image\">\n<figure class=\"alignleft size-full\"><img decoding=\"async\" src=\"http:\/\/kapitalis.com\/tunisie\/wp-content\/uploads\/2020\/08\/Mondher-Azzouzi.jpg\" alt=\"\" class=\"wp-image-313238\"\/><\/figure>\n<\/div>\n\n\n<p>De prime abord, les sanctions paraissent justifi\u00e9es. Le d\u00e9clenchement, \u00e0 la mi-temps du match des quarts de finales opposant l\u2019Esp\u00e9rance de Tunis \u00e0 la JS Kabylie, d\u2019un incendie \u00e0 proximit\u00e9 du <em>\u00abvirage\u00bb<\/em> de la c\u00e9l\u00e8bre Curva esp\u00e9rantiste a tout d\u2019un acte criminel. Les violences commises par une infime partie du public le sont tout autant. Certains objets dangereux brandis par certaines personnes n\u2019ont pas leur place dans l\u2019enceinte d\u2019un terrain de football. Les pompiers qui ont tard\u00e9 \u00e0 intervenir et les images de d\u00e9sordre qui ont tourn\u00e9 en boucle dans beaucoup de m\u00e9dias ont fait monter la sauce.<\/p>\n\n\n\n<p>C\u2019\u00e9tait certes tr\u00e8s choquant pour ne pas desservir l\u2019\u00e9quipe qui re\u00e7oit. Surtout que les supporters de l\u2019\u00e9quipe h\u00f4te se sont mis, eux aussi, de la partie, en lan\u00e7ant des fumig\u00e8nes sur le terrain et en provoquant les forces de l\u2019ordre, les obligeant \u00e0 intervenir pour r\u00e9tablir le calme. Ce qui a \u00e9t\u00e9 assimil\u00e9, \u00e0 tort, \u00e0 une agression du public h\u00f4te par les supporters locaux. &nbsp;<\/p>\n\n\n\n<p>Cela dit, les officiels de la CAF n\u2019ont pas cru devoir arr\u00eater le match car les faits, bien que graves, se d\u00e9roulaient en dehors du terrain.\u00a0<\/p>\n\n\n\n<h2 class=\"wp-block-heading\">La sanction \u00e9tait pr\u00eate<\/h2>\n\n\n\n<p>Aussi, et mis \u00e0 part le retard accus\u00e9 pour la reprise de la partie, estim\u00e9 \u00e0 moins d\u2019une demi-heure, si on prend en consid\u00e9ration le temps imparti \u00e0 l\u2019\u00e9chauffement des joueurs, on n\u2019a d\u00e9plor\u00e9 aucun d\u00e9g\u00e2t physique ou mat\u00e9riel notable. Il n\u2019y a pas eu de bless\u00e9s parmi les joueurs des deux \u00e9quipes, ni les supporters ni les officiels qui arpentaient le terrain pour examiner les \u00e9ventuels d\u00e9g\u00e2ts. <\/p>\n\n\n\n<p>Il \u00e9tait donc parfaitement visible que la CAF \u00e9tait d\u00e9termin\u00e9 \u00e0 sanctionner le public esp\u00e9rantiste qui, dans son \u00e9crasante majorit\u00e9, et malgr\u00e9 la mauvaise r\u00e9putation qu\u2019on veuille lui coller, s\u2019\u00e9tait tenu \u00e0 distance de ce qui se passait aux environs du stade. Il \u00e9tait lui-m\u00eame surpris et ne comprenant rien \u00e0 ce qui se tramait devant ses yeux. Pas un fumig\u00e8ne ni un projectile ni m\u00eame une bouteille vide n\u2019ont \u00e9t\u00e9 lanc\u00e9s sur le terrain. Les officiels ont pu s\u2019approcher de tr\u00e8s pr\u00e8s du <em>\u00abvirage\u00bb<\/em> des supporters esp\u00e9rantistes, comme jamais ils n\u2019auraient \u00e9t\u00e9 en mesure de le faire dans d\u2019autres enceintes du continent.<\/p>\n\n\n\n<figure class=\"wp-block-embed is-type-wp-embed is-provider-kapitalis wp-block-embed-kapitalis\"><div class=\"wp-block-embed__wrapper\">\n<blockquote class=\"wp-embedded-content\" data-secret=\"OBdiyXRgov\"><a href=\"https:\/\/kapitalis.com\/tunisie\/2023\/05\/05\/caf-les-sanctions-infligees-a-lesperance-sportive-de-tunis\/\">CAF : Les sanctions inflig\u00e9es \u00e0 l&rsquo;Esp\u00e9rance sportive de Tunis<\/a><\/blockquote><iframe loading=\"lazy\" class=\"wp-embedded-content\" sandbox=\"allow-scripts\" security=\"restricted\" style=\"position: absolute; clip: rect(1px, 1px, 1px, 1px);\" title=\"\u00ab\u00a0CAF : Les sanctions inflig\u00e9es \u00e0 l&rsquo;Esp\u00e9rance sportive de Tunis\u00a0\u00bb &#8212; Kapitalis\" src=\"https:\/\/kapitalis.com\/tunisie\/2023\/05\/05\/caf-les-sanctions-infligees-a-lesperance-sportive-de-tunis\/embed\/#?secret=jVtPFfjs9i#?secret=OBdiyXRgov\" data-secret=\"OBdiyXRgov\" width=\"600\" height=\"338\" frameborder=\"0\" marginwidth=\"0\" marginheight=\"0\" scrolling=\"no\"><\/iframe>\n<\/div><\/figure>\n\n\n\n<p>Il reste cependant \u00e0 conna\u00eetre le contenu du rapport remis par les officiels de la CAF pr\u00e9sents \u00e0 Rad\u00e8s ce soir-l\u00e0 et sur la base duquel sa commission de discipline, cens\u00e9e \u00eatre impartiale et juste, avait prononc\u00e9 des sanctions aussi s\u00e9v\u00e8res \u00e0 l\u2019encontre du club tunisois. De mauvaises langues diront que le <em>\u00abjugement\u00bb<\/em> de cette instance, qui sait faire du <em>\u00absur mesure\u00bb<\/em>, \u00e9tait sur le bureau du pr\u00e9sident sud-africain, depuis le tirage au sort des quarts de finale, et n\u2019attendait qu\u2019un pr\u00e9texte pour \u00eatre annonc\u00e9. Je n\u2019en veux pour preuve que l\u2019attitude souvent partiale de cette instance, surtout lorsqu\u2019il s\u2019agit de sanctionner l\u2019Esp\u00e9rance, et de fermer les yeux sur les abus dont elle est parfois victime de la part de ses adversaires.&nbsp;<\/p>\n\n\n\n<p>A notre connaissance la CAF n\u2019a pas sanctionn\u00e9 le Wydad Casablanca par deux ans de suspension lorsque son \u00e9quipe s\u2019est retir\u00e9e\u00a0du terrain et refus\u00e9 de terminer une finale perdue sur le terrain, \u00e0 Rad\u00e8s, contre l\u2019Esp\u00e9rance. A-t-elle sanctionn\u00e9 le Zamalek du Caire lorsque la vie des joueurs du Club Africain de Tunis avait \u00eatre mise en danger par l\u2019envahissement du terrain par des milliers de spectateurs cairotes ? Plus r\u00e9cemment, a-t-elle sanctionn\u00e9 Al-Ahly d\u2019\u00c9gypte ou le Raja de Casablanca de mani\u00e8re proportionnelle aux \u00e9v\u00e8nements graves survenus sur le terrain ainsi que dans les gradins et qui ont caus\u00e9 la mort d\u2019une personne suite aux accrochages entre supporters ?<\/p>\n\n\n\n<h2 class=\"wp-block-heading\">Des faits extra-sportifs<\/h2>\n\n\n\n<p>Les \u00e9v\u00e9nements ayant \u00e9maill\u00e9 le match de quart de finale opposant l\u2019Esp\u00e9rance \u00e0 la JSK n\u2019impliquaient nullement la direction du club tunisois ni son staff technique ni ses joueurs ni m\u00eame ses supporters, y compris les ultras parmi eux. Quant au match lui-m\u00eame, il \u00e9tait sans grand enjeu. Ceci est clairement \u00e9tabli et ne pas le reconna\u00eetre reviendrait \u00e0 faire preuve de mauvaise foi.<\/p>\n\n\n\n<figure class=\"wp-block-embed is-type-wp-embed is-provider-kapitalis wp-block-embed-kapitalis\"><div class=\"wp-block-embed__wrapper\">\n<blockquote class=\"wp-embedded-content\" data-secret=\"3Zoyrj3zxD\"><a href=\"https:\/\/kapitalis.com\/tunisie\/2023\/05\/01\/la-tunisie-impuissante-face-au-fleau-de-la-violence-dans-les-stades\/\">La Tunisie impuissante face au fl\u00e9au de la violence dans les stades<\/a><\/blockquote><iframe loading=\"lazy\" class=\"wp-embedded-content\" sandbox=\"allow-scripts\" security=\"restricted\" style=\"position: absolute; clip: rect(1px, 1px, 1px, 1px);\" title=\"\u00ab\u00a0La Tunisie impuissante face au fl\u00e9au de la violence dans les stades\u00a0\u00bb &#8212; Kapitalis\" src=\"https:\/\/kapitalis.com\/tunisie\/2023\/05\/01\/la-tunisie-impuissante-face-au-fleau-de-la-violence-dans-les-stades\/embed\/#?secret=wVF2Fo9bXj#?secret=3Zoyrj3zxD\" data-secret=\"3Zoyrj3zxD\" width=\"600\" height=\"338\" frameborder=\"0\" marginwidth=\"0\" marginheight=\"0\" scrolling=\"no\"><\/iframe>\n<\/div><\/figure>\n\n\n\n<p>Pour le reste, il s\u2019agit de faits extra-sportifs qu\u2019on a utilis\u00e9s pour clairement nuire \u00e0 l\u2019int\u00e9r\u00eat du club esp\u00e9rantiste et favoriser ses adversaires marocain, \u00e9gyptien et sud-africain, demi-finalistes comme lui de la Ligue des Champions, et qui sont fortement et tr\u00e8s utilement repr\u00e9sent\u00e9s dans les instances de la CAF. <\/p>\n\n\n\n<p>Si elle \u00e9tait un tant soit peu cr\u00e9dible et honn\u00eate, la CAF aurait d\u00fb traiter le probl\u00e8me avec les autorit\u00e9s tunisiennes \u00e0 travers la F\u00e9d\u00e9ration tunisienne de football (FTF), dont le bureau boiteux est dirig\u00e9 par Wadii El-Jarii, un homme trop ambitieux, plus soucieux de ses propres int\u00e9r\u00eats que de ceux du football tunisien.<\/p>\n\n\n\n<p>R\u00e9sultat des courses&nbsp;: l\u2019Esp\u00e9rance, amoindrie par la blessure de la plupart de ses cadres, va devoir jouer ses prochains matchs de la Ligue des Champions \u00e0 domicile \u00e0 huis-clos. Le r\u00e9sultat est presque connu d\u2019avance, \u00e0 moins que les joueurs esp\u00e9rantistes, bless\u00e9s dans leur amour propre, ne parviennent \u00e0 relever le d\u00e9fi, en allant jusqu\u2019au bout de la comp\u00e9tition. Ainsi, ils vengeraient sur le terrain, et non dans les bureaux de la CAF au Caire, leur honneur et celui de leurs fid\u00e8les supporters.<\/p>\n\n\n\n<p>* <em>Cardiologue \u00e0 Lyon.<\/em><\/p>\n","protected":false},"excerpt":{"rendered":"<p>La CAF a utilis\u00e9 des faits extra-sportifs pour clairement nuire \u00e0 l\u2019int\u00e9r\u00eat de l&rsquo;Esp\u00e9rance de Tunis et favoriser ses adversaires marocain, \u00e9gyptien et sud-africain, fortement repr\u00e9sent\u00e9s dans ses instances, <\/p>\n","protected":false},"author":8,"featured_media":7710480,"comment_status":"open","ping_status":"open","sticky":false,"template":"","format":"standard","meta":{"footnotes":""},"categories":[992,999,1000,2433],"tags":[176,15367,1619,390,71701,82883,62643,85352],"class_list":["post-7818734","post","type-post","status-publish","format-standard","has-post-thumbnail","hentry","category-a-la-une","category-sport","category-tribune","category-tunisie","tag-caf","tag-champions-league","tag-esperance-de-tunis","tag-football","tag-js-kabylie","tag-mondher-azzouzi","tag-tunisie","tag-wadi-el-jarii"],"yoast_head":"<!-- This site is optimized with the Yoast SEO plugin v26.6 - https:\/\/yoast.com\/wordpress\/plugins\/seo\/ -->\n<title>L\u2019Esp\u00e9rance, mouton noir de la CAF - Kapitalis<\/title>\n<meta name=\"robots\" content=\"index, follow, max-snippet:-1, max-image-preview:large, max-video-preview:-1\" \/>\n<link rel=\"canonical\" href=\"https:\/\/kapitalis.com\/tunisie\/2023\/05\/08\/lesperance-mouton-noir-de-la-caf\/\" \/>\n<meta property=\"og:locale\" content=\"fr_FR\" \/>\n<meta property=\"og:type\" content=\"article\" \/>\n<meta property=\"og:title\" content=\"L\u2019Esp\u00e9rance, mouton noir de la CAF - Kapitalis\" \/>\n<meta property=\"og:description\" content=\"La CAF a utilis\u00e9 des faits extra-sportifs pour clairement nuire \u00e0 l\u2019int\u00e9r\u00eat de l&#039;Esp\u00e9rance de Tunis et favoriser ses adversaires marocain, \u00e9gyptien et sud-africain, fortement repr\u00e9sent\u00e9s dans ses instances,\" \/>\n<meta property=\"og:url\" content=\"https:\/\/kapitalis.com\/tunisie\/2023\/05\/08\/lesperance-mouton-noir-de-la-caf\/\" \/>\n<meta property=\"og:site_name\" content=\"Kapitalis\" \/>\n<meta property=\"article:publisher\" content=\"https:\/\/www.facebook.com\/KapitalisInfo\/\" \/>\n<meta property=\"article:published_time\" content=\"2023-05-08T06:35:36+00:00\" \/>\n<meta property=\"article:modified_time\" content=\"2023-05-08T06:43:45+00:00\" \/>\n<meta property=\"og:image\" content=\"https:\/\/kapitalis.com\/tunisie\/wp-content\/uploads\/2023\/05\/Violence-Stade-de-Rades.jpg\" \/>\n\t<meta property=\"og:image:width\" content=\"1200\" \/>\n\t<meta property=\"og:image:height\" content=\"630\" \/>\n\t<meta property=\"og:image:type\" content=\"image\/jpeg\" \/>\n<meta name=\"author\" content=\"webmaster kapitalis\" \/>\n<meta name=\"twitter:card\" content=\"summary_large_image\" \/>\n<meta name=\"twitter:creator\" content=\"@KapitalisInfo\" \/>\n<meta name=\"twitter:site\" content=\"@KapitalisInfo\" \/>\n<meta name=\"twitter:label1\" content=\"\u00c9crit par\" \/>\n\t<meta name=\"twitter:data1\" content=\"webmaster kapitalis\" \/>\n\t<meta name=\"twitter:label2\" content=\"Dur\u00e9e de lecture estim\u00e9e\" \/>\n\t<meta name=\"twitter:data2\" content=\"5 minutes\" \/>\n<script type=\"application\/ld+json\" class=\"yoast-schema-graph\">{\"@context\":\"https:\/\/schema.org\",\"@graph\":[{\"@type\":\"Article\",\"@id\":\"https:\/\/kapitalis.com\/tunisie\/2023\/05\/08\/lesperance-mouton-noir-de-la-caf\/#article\",\"isPartOf\":{\"@id\":\"https:\/\/kapitalis.com\/tunisie\/2023\/05\/08\/lesperance-mouton-noir-de-la-caf\/\"},\"author\":{\"name\":\"webmaster kapitalis\",\"@id\":\"https:\/\/kapitalis.com\/tunisie\/#\/schema\/person\/d71f33a9ca44f7bad4698210b480c8e9\"},\"headline\":\"L\u2019Esp\u00e9rance, mouton noir de la CAF\",\"datePublished\":\"2023-05-08T06:35:36+00:00\",\"dateModified\":\"2023-05-08T06:43:45+00:00\",\"mainEntityOfPage\":{\"@id\":\"https:\/\/kapitalis.com\/tunisie\/2023\/05\/08\/lesperance-mouton-noir-de-la-caf\/\"},\"wordCount\":1027,\"commentCount\":7,\"publisher\":{\"@id\":\"https:\/\/kapitalis.com\/tunisie\/#organization\"},\"image\":{\"@id\":\"https:\/\/kapitalis.com\/tunisie\/2023\/05\/08\/lesperance-mouton-noir-de-la-caf\/#primaryimage\"},\"thumbnailUrl\":\"https:\/\/kapitalis.com\/tunisie\/wp-content\/uploads\/2023\/05\/Violence-Stade-de-Rades.jpg\",\"keywords\":[\"CAF\",\"Champions League\",\"Esp\u00e9rance de Tunis\",\"Football\",\"JS Kabylie\",\"Mondher Azzouzi\",\"Tunisie\",\"Wadi EL-Jarii\"],\"articleSection\":[\"A LA UNE\",\"SPORT\",\"TRIBUNE\",\"Tunisie\"],\"inLanguage\":\"fr-FR\",\"potentialAction\":[{\"@type\":\"CommentAction\",\"name\":\"Comment\",\"target\":[\"https:\/\/kapitalis.com\/tunisie\/2023\/05\/08\/lesperance-mouton-noir-de-la-caf\/#respond\"]}]},{\"@type\":\"WebPage\",\"@id\":\"https:\/\/kapitalis.com\/tunisie\/2023\/05\/08\/lesperance-mouton-noir-de-la-caf\/\",\"url\":\"https:\/\/kapitalis.com\/tunisie\/2023\/05\/08\/lesperance-mouton-noir-de-la-caf\/\",\"name\":\"L\u2019Esp\u00e9rance, mouton noir de la CAF - Kapitalis\",\"isPartOf\":{\"@id\":\"https:\/\/kapitalis.com\/tunisie\/#website\"},\"primaryImageOfPage\":{\"@id\":\"https:\/\/kapitalis.com\/tunisie\/2023\/05\/08\/lesperance-mouton-noir-de-la-caf\/#primaryimage\"},\"image\":{\"@id\":\"https:\/\/kapitalis.com\/tunisie\/2023\/05\/08\/lesperance-mouton-noir-de-la-caf\/#primaryimage\"},\"thumbnailUrl\":\"https:\/\/kapitalis.com\/tunisie\/wp-content\/uploads\/2023\/05\/Violence-Stade-de-Rades.jpg\",\"datePublished\":\"2023-05-08T06:35:36+00:00\",\"dateModified\":\"2023-05-08T06:43:45+00:00\",\"breadcrumb\":{\"@id\":\"https:\/\/kapitalis.com\/tunisie\/2023\/05\/08\/lesperance-mouton-noir-de-la-caf\/#breadcrumb\"},\"inLanguage\":\"fr-FR\",\"potentialAction\":[{\"@type\":\"ReadAction\",\"target\":[\"https:\/\/kapitalis.com\/tunisie\/2023\/05\/08\/lesperance-mouton-noir-de-la-caf\/\"]}]},{\"@type\":\"ImageObject\",\"inLanguage\":\"fr-FR\",\"@id\":\"https:\/\/kapitalis.com\/tunisie\/2023\/05\/08\/lesperance-mouton-noir-de-la-caf\/#primaryimage\",\"url\":\"https:\/\/kapitalis.com\/tunisie\/wp-content\/uploads\/2023\/05\/Violence-Stade-de-Rades.jpg\",\"contentUrl\":\"https:\/\/kapitalis.com\/tunisie\/wp-content\/uploads\/2023\/05\/Violence-Stade-de-Rades.jpg\",\"width\":1200,\"height\":630},{\"@type\":\"BreadcrumbList\",\"@id\":\"https:\/\/kapitalis.com\/tunisie\/2023\/05\/08\/lesperance-mouton-noir-de-la-caf\/#breadcrumb\",\"itemListElement\":[{\"@type\":\"ListItem\",\"position\":1,\"name\":\"Accueil\",\"item\":\"https:\/\/kapitalis.com\/tunisie\/\"},{\"@type\":\"ListItem\",\"position\":2,\"name\":\"L\u2019Esp\u00e9rance, mouton noir de la CAF\"}]},{\"@type\":\"WebSite\",\"@id\":\"https:\/\/kapitalis.com\/tunisie\/#website\",\"url\":\"https:\/\/kapitalis.com\/tunisie\/\",\"name\":\"Kapitalis\",\"description\":\"L&#039;actualit\u00e9 en Tunisie et dans le monde\",\"publisher\":{\"@id\":\"https:\/\/kapitalis.com\/tunisie\/#organization\"},\"potentialAction\":[{\"@type\":\"SearchAction\",\"target\":{\"@type\":\"EntryPoint\",\"urlTemplate\":\"https:\/\/kapitalis.com\/tunisie\/?s={search_term_string}\"},\"query-input\":{\"@type\":\"PropertyValueSpecification\",\"valueRequired\":true,\"valueName\":\"search_term_string\"}}],\"inLanguage\":\"fr-FR\"},{\"@type\":\"Organization\",\"@id\":\"https:\/\/kapitalis.com\/tunisie\/#organization\",\"name\":\"Kapitalis\",\"url\":\"https:\/\/kapitalis.com\/tunisie\/\",\"logo\":{\"@type\":\"ImageObject\",\"inLanguage\":\"fr-FR\",\"@id\":\"https:\/\/kapitalis.com\/tunisie\/#\/schema\/logo\/image\/\",\"url\":\"https:\/\/kapitalis.com\/tunisie\/wp-content\/uploads\/2022\/05\/Kapitalis-big-size.png\",\"contentUrl\":\"https:\/\/kapitalis.com\/tunisie\/wp-content\/uploads\/2022\/05\/Kapitalis-big-size.png\",\"width\":5000,\"height\":1500,\"caption\":\"Kapitalis\"},\"image\":{\"@id\":\"https:\/\/kapitalis.com\/tunisie\/#\/schema\/logo\/image\/\"},\"sameAs\":[\"https:\/\/www.facebook.com\/KapitalisInfo\/\",\"https:\/\/x.com\/KapitalisInfo\",\"https:\/\/www.youtube.com\/channel\/UC-yDYrHyfFBWWZaOw3FPg9Q\"]},{\"@type\":\"Person\",\"@id\":\"https:\/\/kapitalis.com\/tunisie\/#\/schema\/person\/d71f33a9ca44f7bad4698210b480c8e9\",\"name\":\"webmaster kapitalis\",\"url\":\"https:\/\/kapitalis.com\/tunisie\/author\/webmaster-kapitalis\/\"}]}<\/script>\n<!-- \/ Yoast SEO plugin. -->","yoast_head_json":{"title":"L\u2019Esp\u00e9rance, mouton noir de la CAF - Kapitalis","robots":{"index":"index","follow":"follow","max-snippet":"max-snippet:-1","max-image-preview":"max-image-preview:large","max-video-preview":"max-video-preview:-1"},"canonical":"https:\/\/kapitalis.com\/tunisie\/2023\/05\/08\/lesperance-mouton-noir-de-la-caf\/","og_locale":"fr_FR","og_type":"article","og_title":"L\u2019Esp\u00e9rance, mouton noir de la CAF - Kapitalis","og_description":"La CAF a utilis\u00e9 des faits extra-sportifs pour clairement nuire \u00e0 l\u2019int\u00e9r\u00eat de l'Esp\u00e9rance de Tunis et favoriser ses adversaires marocain, \u00e9gyptien et sud-africain, fortement repr\u00e9sent\u00e9s dans ses instances,","og_url":"https:\/\/kapitalis.com\/tunisie\/2023\/05\/08\/lesperance-mouton-noir-de-la-caf\/","og_site_name":"Kapitalis","article_publisher":"https:\/\/www.facebook.com\/KapitalisInfo\/","article_published_time":"2023-05-08T06:35:36+00:00","article_modified_time":"2023-05-08T06:43:45+00:00","og_image":[{"width":1200,"height":630,"url":"https:\/\/kapitalis.com\/tunisie\/wp-content\/uploads\/2023\/05\/Violence-Stade-de-Rades.jpg","type":"image\/jpeg"}],"author":"webmaster kapitalis","twitter_card":"summary_large_image","twitter_creator":"@KapitalisInfo","twitter_site":"@KapitalisInfo","twitter_misc":{"\u00c9crit par":"webmaster kapitalis","Dur\u00e9e de lecture estim\u00e9e":"5 minutes"},"schema":{"@context":"https:\/\/schema.org","@graph":[{"@type":"Article","@id":"https:\/\/kapitalis.com\/tunisie\/2023\/05\/08\/lesperance-mouton-noir-de-la-caf\/#article","isPartOf":{"@id":"https:\/\/kapitalis.com\/tunisie\/2023\/05\/08\/lesperance-mouton-noir-de-la-caf\/"},"author":{"name":"webmaster kapitalis","@id":"https:\/\/kapitalis.com\/tunisie\/#\/schema\/person\/d71f33a9ca44f7bad4698210b480c8e9"},"headline":"L\u2019Esp\u00e9rance, mouton noir de la CAF","datePublished":"2023-05-08T06:35:36+00:00","dateModified":"2023-05-08T06:43:45+00:00","mainEntityOfPage":{"@id":"https:\/\/kapitalis.com\/tunisie\/2023\/05\/08\/lesperance-mouton-noir-de-la-caf\/"},"wordCount":1027,"commentCount":7,"publisher":{"@id":"https:\/\/kapitalis.com\/tunisie\/#organization"},"image":{"@id":"https:\/\/kapitalis.com\/tunisie\/2023\/05\/08\/lesperance-mouton-noir-de-la-caf\/#primaryimage"},"thumbnailUrl":"https:\/\/kapitalis.com\/tunisie\/wp-content\/uploads\/2023\/05\/Violence-Stade-de-Rades.jpg","keywords":["CAF","Champions League","Esp\u00e9rance de Tunis","Football","JS Kabylie","Mondher Azzouzi","Tunisie","Wadi EL-Jarii"],"articleSection":["A LA UNE","SPORT","TRIBUNE","Tunisie"],"inLanguage":"fr-FR","potentialAction":[{"@type":"CommentAction","name":"Comment","target":["https:\/\/kapitalis.com\/tunisie\/2023\/05\/08\/lesperance-mouton-noir-de-la-caf\/#respond"]}]},{"@type":"WebPage","@id":"https:\/\/kapitalis.com\/tunisie\/2023\/05\/08\/lesperance-mouton-noir-de-la-caf\/","url":"https:\/\/kapitalis.com\/tunisie\/2023\/05\/08\/lesperance-mouton-noir-de-la-caf\/","name":"L\u2019Esp\u00e9rance, mouton noir de la CAF - Kapitalis","isPartOf":{"@id":"https:\/\/kapitalis.com\/tunisie\/#website"},"primaryImageOfPage":{"@id":"https:\/\/kapitalis.com\/tunisie\/2023\/05\/08\/lesperance-mouton-noir-de-la-caf\/#primaryimage"},"image":{"@id":"https:\/\/kapitalis.com\/tunisie\/2023\/05\/08\/lesperance-mouton-noir-de-la-caf\/#primaryimage"},"thumbnailUrl":"https:\/\/kapitalis.com\/tunisie\/wp-content\/uploads\/2023\/05\/Violence-Stade-de-Rades.jpg","datePublished":"2023-05-08T06:35:36+00:00","dateModified":"2023-05-08T06:43:45+00:00","breadcrumb":{"@id":"https:\/\/kapitalis.com\/tunisie\/2023\/05\/08\/lesperance-mouton-noir-de-la-caf\/#breadcrumb"},"inLanguage":"fr-FR","potentialAction":[{"@type":"ReadAction","target":["https:\/\/kapitalis.com\/tunisie\/2023\/05\/08\/lesperance-mouton-noir-de-la-caf\/"]}]},{"@type":"ImageObject","inLanguage":"fr-FR","@id":"https:\/\/kapitalis.com\/tunisie\/2023\/05\/08\/lesperance-mouton-noir-de-la-caf\/#primaryimage","url":"https:\/\/kapitalis.com\/tunisie\/wp-content\/uploads\/2023\/05\/Violence-Stade-de-Rades.jpg","contentUrl":"https:\/\/kapitalis.com\/tunisie\/wp-content\/uploads\/2023\/05\/Violence-Stade-de-Rades.jpg","width":1200,"height":630},{"@type":"BreadcrumbList","@id":"https:\/\/kapitalis.com\/tunisie\/2023\/05\/08\/lesperance-mouton-noir-de-la-caf\/#breadcrumb","itemListElement":[{"@type":"ListItem","position":1,"name":"Accueil","item":"https:\/\/kapitalis.com\/tunisie\/"},{"@type":"ListItem","position":2,"name":"L\u2019Esp\u00e9rance, mouton noir de la CAF"}]},{"@type":"WebSite","@id":"https:\/\/kapitalis.com\/tunisie\/#website","url":"https:\/\/kapitalis.com\/tunisie\/","name":"Kapitalis","description":"L&#039;actualit\u00e9 en Tunisie et dans le monde","publisher":{"@id":"https:\/\/kapitalis.com\/tunisie\/#organization"},"potentialAction":[{"@type":"SearchAction","target":{"@type":"EntryPoint","urlTemplate":"https:\/\/kapitalis.com\/tunisie\/?s={search_term_string}"},"query-input":{"@type":"PropertyValueSpecification","valueRequired":true,"valueName":"search_term_string"}}],"inLanguage":"fr-FR"},{"@type":"Organization","@id":"https:\/\/kapitalis.com\/tunisie\/#organization","name":"Kapitalis","url":"https:\/\/kapitalis.com\/tunisie\/","logo":{"@type":"ImageObject","inLanguage":"fr-FR","@id":"https:\/\/kapitalis.com\/tunisie\/#\/schema\/logo\/image\/","url":"https:\/\/kapitalis.com\/tunisie\/wp-content\/uploads\/2022\/05\/Kapitalis-big-size.png","contentUrl":"https:\/\/kapitalis.com\/tunisie\/wp-content\/uploads\/2022\/05\/Kapitalis-big-size.png","width":5000,"height":1500,"caption":"Kapitalis"},"image":{"@id":"https:\/\/kapitalis.com\/tunisie\/#\/schema\/logo\/image\/"},"sameAs":["https:\/\/www.facebook.com\/KapitalisInfo\/","https:\/\/x.com\/KapitalisInfo","https:\/\/www.youtube.com\/channel\/UC-yDYrHyfFBWWZaOw3FPg9Q"]},{"@type":"Person","@id":"https:\/\/kapitalis.com\/tunisie\/#\/schema\/person\/d71f33a9ca44f7bad4698210b480c8e9","name":"webmaster kapitalis","url":"https:\/\/kapitalis.com\/tunisie\/author\/webmaster-kapitalis\/"}]}},"_links":{"self":[{"href":"https:\/\/kapitalis.com\/tunisie\/wp-json\/wp\/v2\/posts\/7818734","targetHints":{"allow":["GET"]}}],"collection":[{"href":"https:\/\/kapitalis.com\/tunisie\/wp-json\/wp\/v2\/posts"}],"about":[{"href":"https:\/\/kapitalis.com\/tunisie\/wp-json\/wp\/v2\/types\/post"}],"author":[{"embeddable":true,"href":"https:\/\/kapitalis.com\/tunisie\/wp-json\/wp\/v2\/users\/8"}],"replies":[{"embeddable":true,"href":"https:\/\/kapitalis.com\/tunisie\/wp-json\/wp\/v2\/comments?post=7818734"}],"version-history":[{"count":3,"href":"https:\/\/kapitalis.com\/tunisie\/wp-json\/wp\/v2\/posts\/7818734\/revisions"}],"predecessor-version":[{"id":7818826,"href":"https:\/\/kapitalis.com\/tunisie\/wp-json\/wp\/v2\/posts\/7818734\/revisions\/7818826"}],"wp:featuredmedia":[{"embeddable":true,"href":"https:\/\/kapitalis.com\/tunisie\/wp-json\/wp\/v2\/media\/7710480"}],"wp:attachment":[{"href":"https:\/\/kapitalis.com\/tunisie\/wp-json\/wp\/v2\/media?parent=7818734"}],"wp:term":[{"taxonomy":"category","embeddable":true,"href":"https:\/\/kapitalis.com\/tunisie\/wp-json\/wp\/v2\/categories?post=7818734"},{"taxonomy":"post_tag","embeddable":true,"href":"https:\/\/kapitalis.com\/tunisie\/wp-json\/wp\/v2\/tags?post=7818734"}],"curies":[{"name":"wp","href":"https:\/\/api.w.org\/{rel}","templated":true}]}}