{"id":7838148,"date":"2023-05-09T08:39:09","date_gmt":"2023-05-09T07:39:09","guid":{"rendered":"https:\/\/kapitalis.com\/tunisie\/?p=7838148"},"modified":"2023-05-09T08:42:32","modified_gmt":"2023-05-09T07:42:32","slug":"tunisie-le-president-saied-est-il-sabote-par-ladministration-publique","status":"publish","type":"post","link":"https:\/\/kapitalis.com\/tunisie\/2023\/05\/09\/tunisie-le-president-saied-est-il-sabote-par-ladministration-publique\/","title":{"rendered":"Tunisie : le pr\u00e9sident Sa\u00efed est-il sabot\u00e9 par l&rsquo;administration publique ?"},"content":{"rendered":"\n<p><strong><em>Le pr\u00e9sident Sa\u00efed ne cesse de d\u00e9noncer ceux qui, au c\u0153ur m\u00eame de l\u2019Etat, jouent un double jeu, \u0153uvrant contre la volont\u00e9 du peuple et servant les int\u00e9r\u00eats de certains lobbys qui se croient au dessus des lois. L&rsquo;administration publique  en Tunisie est-elle \u00e0 ce point gangren\u00e9 par la corruption? <\/em><\/strong> <a href=\"https:\/\/www.facebook.com\/watch\/?v=746552633840572\" target=\"_blank\" rel=\"noreferrer noopener\">Vid\u00e9o. <\/a><\/p>\n\n\n\n<p>Par <strong>Imed Bahri <\/strong><\/p>\n\n\n\n<!--more-->\n\n\n\n<p>Le probl\u00e8me c\u2019est que le chef de l\u2019Etat dispose de tous les pouvoirs dans le pays et on est en droit de se demander qu\u2019est-ce qui l\u2019emp\u00eache de les utiliser pour d\u00e9masquer ces tra\u00eetres \u00e0 la nation et les faire condamner par la justice.<\/p>\n\n\n\n<p>Autre probl\u00e8me&nbsp;: le pr\u00e9sident nous d\u00e9crit un Etat gangren\u00e9 par la corruption et, depuis le temps qu\u2019il nous brosse ce tableau sans vraiment agir pour y changer quoi que ce soit, on se met \u00e0 s\u00e9rieusement douter de ses capacit\u00e9s \u00e0 agir. Ces lobbys sont-ils si puissants&nbsp;? Ou est-il lui-m\u00eame \u00e0 ce point d\u00e9sarm\u00e9&nbsp;?<\/p>\n\n\n\n<p>Ces remarques sont \u00e9t\u00e9 inspir\u00e9es par les d\u00e9clarations du pr\u00e9sident lors de la rencontre, lundi 8 avril 2023, au Palais de Carthage, avec la Premi\u00e8re ministre Najla Bouden, au cours de laquelle il a soulign\u00e9 la n\u00e9cessit\u00e9 d\u2019appliquer la loi \u00e0 toutes les personnes, quelle que soit leur position dans le pays.<\/p>\n\n\n\n<h2 class=\"wp-block-heading\">Campagne \u00e9lectorale permanente ?<\/h2>\n\n\n\n<p><em>\u00abAucune transgression, ni de la loi, ni de la volont\u00e9 du peuple, ne peut \u00eatre accept\u00e9e\u00bb<\/em>, \u00e0 lanc\u00e9 Sa\u00efed, dans la <a href=\"https:\/\/www.facebook.com\/watch\/?v=746552633840572\" target=\"_blank\" rel=\"noreferrer noopener\">vid\u00e9o de la rencontre<\/a> diffus\u00e9e par la pr\u00e9sidence de la r\u00e9publique sur sa page Facebook, en ajoutant, comme s\u2019il \u00e9tait en campagne \u00e9lectorale permanente, qu\u2019il est venu <em>\u00abpour servir l\u2019Etat tunisien, les pauvres et les n\u00e9cessiteux\u00bb<\/em> et qu\u2019il s\u2019est <em>\u00abengag\u00e9 \u00e0 r\u00e9aliser les espoirs et la volont\u00e9 du peuple tunisien, dans le pass\u00e9, le pr\u00e9sent et l\u2019avenir\u00bb<\/em>.<\/p>\n\n\n\n<p><em>\u00abBeaucoup pensent qu\u2019ils sont au-dessus de leurs responsabilit\u00e9s et qu\u2019ils peuvent jouer avec l\u2019appareil d\u2019Etat\u00bb<\/em>, a d\u00e9clar\u00e9 le pr\u00e9sident, notant dans ce contexte que ces derniers <em>\u00abn\u2019auront pas leur place dans l\u2019appareil d\u2019Etat s\u2019ils agissent contre la volont\u00e9 du peuple tunisien\u00bb<\/em>, volont\u00e9 que, cela va sans dire, il pense incarner de mani\u00e8re exclusive.<\/p>\n\n\n\n<p><em>\u00abNous voulons faire notre chemin ensemble, sans ing\u00e9rence ext\u00e9rieure, notre souverainet\u00e9 n\u2019est pas un mot facile et la Tunisie n\u2019est ni \u00e0 louer ni \u00e0 vendre\u00bb<\/em>, a encore soulign\u00e9 Sa\u00efed, ajoutant : <em>\u00abNous voulons suivre une voie nouvelle, loin des pi\u00e8ges et des terrains min\u00e9s car la paix civile en Tunisie n\u2019a pas de prix\u00bb<\/em>, dans une limpide allusion aux r\u00e9formes structurelles que la Tunisie s\u2019est engag\u00e9e \u00e0 mettre en \u0153uvre dans le cadre de ses accords avec ses bailleurs de fonds internationaux et \u00e0 leur t\u00eate le Fonds mon\u00e9taire international (FMI), r\u00e9formes que le pr\u00e9sident semble rejeter de plus en plus ouvertement.<\/p>\n\n\n\n<h2 class=\"wp-block-heading\">Gouvernement fantoche ? <\/h2>\n\n\n\n<p>Le pr\u00e9sident de la r\u00e9publique a \u00e9galement appel\u00e9 tous les acteurs de l\u2019appareil d\u2019\u00c9tat \u00e0 \u00a0<em>\u00abrespecter la loi, notamment le devoir de r\u00e9serve, en tant que fonctionnaires, quel que soit leur degr\u00e9 de responsabilit\u00e9\u00bb<\/em>, appelant certains de ces responsables, sans les nommer, \u00e0 <em>\u00abcesser de danser sur les cordes, \u00e0 l\u2019int\u00e9rieur de l\u2019administration et dans ses nombreuses structures\u00bb. <\/em><\/p>\n\n\n\n<p><em>\u00abLes d\u00e9passements de certains ne seront jamais accept\u00e9es et ceux qui \u0153uvrent \u00e0 contrer ce processus doivent en assumer les cons\u00e9quences\u00bb<\/em>, a enfin averti le pr\u00e9sident de la r\u00e9publique, comme pour rappeler aux membres du gouvernement qu\u2019il est le seul \u00e0 d\u00e9cider des grands choix de l\u2019Etat et, surtout, \u00e0 les exprimer. Ce qui, on l\u2019imagine, va avoir des cons\u00e9quences sur la cr\u00e9dibilit\u00e9 m\u00eame du gouvernement que pr\u00e9side Mme Bouden, surtout au regard des partenaires \u00e9trangers qui s\u2019interrogeront, \u00e0 juste titre, sur la valeur qu\u2019ils pourront accorder \u00e0 l\u2019avenir \u00e0 sa signature et \u00e0 ses engagements.<\/p>\n","protected":false},"excerpt":{"rendered":"<p>Le pr\u00e9sident Sa\u00efed ne cesse de d\u00e9noncer ceux qui, au c\u0153ur m\u00eame de l\u2019Etat, jouent un double jeu. <\/p>\n","protected":false},"author":8,"featured_media":7838324,"comment_status":"open","ping_status":"open","sticky":false,"template":"","format":"standard","meta":{"footnotes":""},"categories":[992,997,2433],"tags":[76012,93702,62643],"class_list":["post-7838148","post","type-post","status-publish","format-standard","has-post-thumbnail","hentry","category-a-la-une","category-politique","category-tunisie","tag-kais-saied-2","tag-najla-bouden","tag-tunisie"],"yoast_head":"<!-- This site is optimized with the Yoast SEO plugin v26.6 - https:\/\/yoast.com\/wordpress\/plugins\/seo\/ -->\n<title>Tunisie : le pr\u00e9sident Sa\u00efed est-il sabot\u00e9 par l&#039;administration publique ? - Kapitalis<\/title>\n<meta name=\"robots\" content=\"index, follow, max-snippet:-1, max-image-preview:large, max-video-preview:-1\" \/>\n<link rel=\"canonical\" href=\"https:\/\/kapitalis.com\/tunisie\/2023\/05\/09\/tunisie-le-president-saied-est-il-sabote-par-ladministration-publique\/\" \/>\n<meta property=\"og:locale\" content=\"fr_FR\" \/>\n<meta property=\"og:type\" content=\"article\" \/>\n<meta property=\"og:title\" content=\"Tunisie : le pr\u00e9sident Sa\u00efed est-il sabot\u00e9 par l&#039;administration publique ? - Kapitalis\" \/>\n<meta property=\"og:description\" content=\"Le pr\u00e9sident Sa\u00efed ne cesse de d\u00e9noncer ceux qui, au c\u0153ur m\u00eame de l\u2019Etat, jouent un double jeu.\" \/>\n<meta property=\"og:url\" content=\"https:\/\/kapitalis.com\/tunisie\/2023\/05\/09\/tunisie-le-president-saied-est-il-sabote-par-ladministration-publique\/\" \/>\n<meta property=\"og:site_name\" content=\"Kapitalis\" \/>\n<meta property=\"article:publisher\" content=\"https:\/\/www.facebook.com\/KapitalisInfo\/\" \/>\n<meta property=\"article:published_time\" content=\"2023-05-09T07:39:09+00:00\" \/>\n<meta property=\"article:modified_time\" content=\"2023-05-09T07:42:32+00:00\" \/>\n<meta property=\"og:image\" content=\"https:\/\/kapitalis.com\/tunisie\/wp-content\/uploads\/2023\/05\/Kais-Saied-Najla-Bouden.gif\" \/>\n\t<meta property=\"og:image:width\" content=\"1200\" \/>\n\t<meta property=\"og:image:height\" content=\"630\" \/>\n\t<meta property=\"og:image:type\" content=\"image\/gif\" \/>\n<meta name=\"author\" content=\"webmaster kapitalis\" \/>\n<meta name=\"twitter:card\" content=\"summary_large_image\" \/>\n<meta name=\"twitter:creator\" content=\"@KapitalisInfo\" \/>\n<meta name=\"twitter:site\" content=\"@KapitalisInfo\" \/>\n<meta name=\"twitter:label1\" content=\"\u00c9crit par\" \/>\n\t<meta name=\"twitter:data1\" content=\"webmaster kapitalis\" \/>\n\t<meta name=\"twitter:label2\" content=\"Dur\u00e9e de lecture estim\u00e9e\" \/>\n\t<meta name=\"twitter:data2\" content=\"4 minutes\" \/>\n<script type=\"application\/ld+json\" class=\"yoast-schema-graph\">{\"@context\":\"https:\/\/schema.org\",\"@graph\":[{\"@type\":\"Article\",\"@id\":\"https:\/\/kapitalis.com\/tunisie\/2023\/05\/09\/tunisie-le-president-saied-est-il-sabote-par-ladministration-publique\/#article\",\"isPartOf\":{\"@id\":\"https:\/\/kapitalis.com\/tunisie\/2023\/05\/09\/tunisie-le-president-saied-est-il-sabote-par-ladministration-publique\/\"},\"author\":{\"name\":\"webmaster kapitalis\",\"@id\":\"https:\/\/kapitalis.com\/tunisie\/#\/schema\/person\/d71f33a9ca44f7bad4698210b480c8e9\"},\"headline\":\"Tunisie : le pr\u00e9sident Sa\u00efed est-il sabot\u00e9 par l&rsquo;administration publique ?\",\"datePublished\":\"2023-05-09T07:39:09+00:00\",\"dateModified\":\"2023-05-09T07:42:32+00:00\",\"mainEntityOfPage\":{\"@id\":\"https:\/\/kapitalis.com\/tunisie\/2023\/05\/09\/tunisie-le-president-saied-est-il-sabote-par-ladministration-publique\/\"},\"wordCount\":683,\"commentCount\":3,\"publisher\":{\"@id\":\"https:\/\/kapitalis.com\/tunisie\/#organization\"},\"image\":{\"@id\":\"https:\/\/kapitalis.com\/tunisie\/2023\/05\/09\/tunisie-le-president-saied-est-il-sabote-par-ladministration-publique\/#primaryimage\"},\"thumbnailUrl\":\"https:\/\/kapitalis.com\/tunisie\/wp-content\/uploads\/2023\/05\/Kais-Saied-Najla-Bouden.gif\",\"keywords\":[\"Ka\u00efs Sa\u00efed\",\"Najla Bouden\",\"Tunisie\"],\"articleSection\":[\"A LA UNE\",\"POLITIQUE\",\"Tunisie\"],\"inLanguage\":\"fr-FR\",\"potentialAction\":[{\"@type\":\"CommentAction\",\"name\":\"Comment\",\"target\":[\"https:\/\/kapitalis.com\/tunisie\/2023\/05\/09\/tunisie-le-president-saied-est-il-sabote-par-ladministration-publique\/#respond\"]}]},{\"@type\":\"WebPage\",\"@id\":\"https:\/\/kapitalis.com\/tunisie\/2023\/05\/09\/tunisie-le-president-saied-est-il-sabote-par-ladministration-publique\/\",\"url\":\"https:\/\/kapitalis.com\/tunisie\/2023\/05\/09\/tunisie-le-president-saied-est-il-sabote-par-ladministration-publique\/\",\"name\":\"Tunisie : le pr\u00e9sident Sa\u00efed est-il sabot\u00e9 par l'administration publique ? - Kapitalis\",\"isPartOf\":{\"@id\":\"https:\/\/kapitalis.com\/tunisie\/#website\"},\"primaryImageOfPage\":{\"@id\":\"https:\/\/kapitalis.com\/tunisie\/2023\/05\/09\/tunisie-le-president-saied-est-il-sabote-par-ladministration-publique\/#primaryimage\"},\"image\":{\"@id\":\"https:\/\/kapitalis.com\/tunisie\/2023\/05\/09\/tunisie-le-president-saied-est-il-sabote-par-ladministration-publique\/#primaryimage\"},\"thumbnailUrl\":\"https:\/\/kapitalis.com\/tunisie\/wp-content\/uploads\/2023\/05\/Kais-Saied-Najla-Bouden.gif\",\"datePublished\":\"2023-05-09T07:39:09+00:00\",\"dateModified\":\"2023-05-09T07:42:32+00:00\",\"breadcrumb\":{\"@id\":\"https:\/\/kapitalis.com\/tunisie\/2023\/05\/09\/tunisie-le-president-saied-est-il-sabote-par-ladministration-publique\/#breadcrumb\"},\"inLanguage\":\"fr-FR\",\"potentialAction\":[{\"@type\":\"ReadAction\",\"target\":[\"https:\/\/kapitalis.com\/tunisie\/2023\/05\/09\/tunisie-le-president-saied-est-il-sabote-par-ladministration-publique\/\"]}]},{\"@type\":\"ImageObject\",\"inLanguage\":\"fr-FR\",\"@id\":\"https:\/\/kapitalis.com\/tunisie\/2023\/05\/09\/tunisie-le-president-saied-est-il-sabote-par-ladministration-publique\/#primaryimage\",\"url\":\"https:\/\/kapitalis.com\/tunisie\/wp-content\/uploads\/2023\/05\/Kais-Saied-Najla-Bouden.gif\",\"contentUrl\":\"https:\/\/kapitalis.com\/tunisie\/wp-content\/uploads\/2023\/05\/Kais-Saied-Najla-Bouden.gif\",\"width\":1200,\"height\":630},{\"@type\":\"BreadcrumbList\",\"@id\":\"https:\/\/kapitalis.com\/tunisie\/2023\/05\/09\/tunisie-le-president-saied-est-il-sabote-par-ladministration-publique\/#breadcrumb\",\"itemListElement\":[{\"@type\":\"ListItem\",\"position\":1,\"name\":\"Accueil\",\"item\":\"https:\/\/kapitalis.com\/tunisie\/\"},{\"@type\":\"ListItem\",\"position\":2,\"name\":\"Tunisie : le pr\u00e9sident Sa\u00efed est-il sabot\u00e9 par l&rsquo;administration publique ?\"}]},{\"@type\":\"WebSite\",\"@id\":\"https:\/\/kapitalis.com\/tunisie\/#website\",\"url\":\"https:\/\/kapitalis.com\/tunisie\/\",\"name\":\"Kapitalis\",\"description\":\"L&#039;actualit\u00e9 en Tunisie et dans le monde\",\"publisher\":{\"@id\":\"https:\/\/kapitalis.com\/tunisie\/#organization\"},\"potentialAction\":[{\"@type\":\"SearchAction\",\"target\":{\"@type\":\"EntryPoint\",\"urlTemplate\":\"https:\/\/kapitalis.com\/tunisie\/?s={search_term_string}\"},\"query-input\":{\"@type\":\"PropertyValueSpecification\",\"valueRequired\":true,\"valueName\":\"search_term_string\"}}],\"inLanguage\":\"fr-FR\"},{\"@type\":\"Organization\",\"@id\":\"https:\/\/kapitalis.com\/tunisie\/#organization\",\"name\":\"Kapitalis\",\"url\":\"https:\/\/kapitalis.com\/tunisie\/\",\"logo\":{\"@type\":\"ImageObject\",\"inLanguage\":\"fr-FR\",\"@id\":\"https:\/\/kapitalis.com\/tunisie\/#\/schema\/logo\/image\/\",\"url\":\"https:\/\/kapitalis.com\/tunisie\/wp-content\/uploads\/2022\/05\/Kapitalis-big-size.png\",\"contentUrl\":\"https:\/\/kapitalis.com\/tunisie\/wp-content\/uploads\/2022\/05\/Kapitalis-big-size.png\",\"width\":5000,\"height\":1500,\"caption\":\"Kapitalis\"},\"image\":{\"@id\":\"https:\/\/kapitalis.com\/tunisie\/#\/schema\/logo\/image\/\"},\"sameAs\":[\"https:\/\/www.facebook.com\/KapitalisInfo\/\",\"https:\/\/x.com\/KapitalisInfo\",\"https:\/\/www.youtube.com\/channel\/UC-yDYrHyfFBWWZaOw3FPg9Q\"]},{\"@type\":\"Person\",\"@id\":\"https:\/\/kapitalis.com\/tunisie\/#\/schema\/person\/d71f33a9ca44f7bad4698210b480c8e9\",\"name\":\"webmaster kapitalis\",\"url\":\"https:\/\/kapitalis.com\/tunisie\/author\/webmaster-kapitalis\/\"}]}<\/script>\n<!-- \/ Yoast SEO plugin. -->","yoast_head_json":{"title":"Tunisie : le pr\u00e9sident Sa\u00efed est-il sabot\u00e9 par l'administration publique ? - Kapitalis","robots":{"index":"index","follow":"follow","max-snippet":"max-snippet:-1","max-image-preview":"max-image-preview:large","max-video-preview":"max-video-preview:-1"},"canonical":"https:\/\/kapitalis.com\/tunisie\/2023\/05\/09\/tunisie-le-president-saied-est-il-sabote-par-ladministration-publique\/","og_locale":"fr_FR","og_type":"article","og_title":"Tunisie : le pr\u00e9sident Sa\u00efed est-il sabot\u00e9 par l'administration publique ? - Kapitalis","og_description":"Le pr\u00e9sident Sa\u00efed ne cesse de d\u00e9noncer ceux qui, au c\u0153ur m\u00eame de l\u2019Etat, jouent un double jeu.","og_url":"https:\/\/kapitalis.com\/tunisie\/2023\/05\/09\/tunisie-le-president-saied-est-il-sabote-par-ladministration-publique\/","og_site_name":"Kapitalis","article_publisher":"https:\/\/www.facebook.com\/KapitalisInfo\/","article_published_time":"2023-05-09T07:39:09+00:00","article_modified_time":"2023-05-09T07:42:32+00:00","og_image":[{"width":1200,"height":630,"url":"https:\/\/kapitalis.com\/tunisie\/wp-content\/uploads\/2023\/05\/Kais-Saied-Najla-Bouden.gif","type":"image\/gif"}],"author":"webmaster kapitalis","twitter_card":"summary_large_image","twitter_creator":"@KapitalisInfo","twitter_site":"@KapitalisInfo","twitter_misc":{"\u00c9crit par":"webmaster kapitalis","Dur\u00e9e de lecture estim\u00e9e":"4 minutes"},"schema":{"@context":"https:\/\/schema.org","@graph":[{"@type":"Article","@id":"https:\/\/kapitalis.com\/tunisie\/2023\/05\/09\/tunisie-le-president-saied-est-il-sabote-par-ladministration-publique\/#article","isPartOf":{"@id":"https:\/\/kapitalis.com\/tunisie\/2023\/05\/09\/tunisie-le-president-saied-est-il-sabote-par-ladministration-publique\/"},"author":{"name":"webmaster kapitalis","@id":"https:\/\/kapitalis.com\/tunisie\/#\/schema\/person\/d71f33a9ca44f7bad4698210b480c8e9"},"headline":"Tunisie : le pr\u00e9sident Sa\u00efed est-il sabot\u00e9 par l&rsquo;administration publique ?","datePublished":"2023-05-09T07:39:09+00:00","dateModified":"2023-05-09T07:42:32+00:00","mainEntityOfPage":{"@id":"https:\/\/kapitalis.com\/tunisie\/2023\/05\/09\/tunisie-le-president-saied-est-il-sabote-par-ladministration-publique\/"},"wordCount":683,"commentCount":3,"publisher":{"@id":"https:\/\/kapitalis.com\/tunisie\/#organization"},"image":{"@id":"https:\/\/kapitalis.com\/tunisie\/2023\/05\/09\/tunisie-le-president-saied-est-il-sabote-par-ladministration-publique\/#primaryimage"},"thumbnailUrl":"https:\/\/kapitalis.com\/tunisie\/wp-content\/uploads\/2023\/05\/Kais-Saied-Najla-Bouden.gif","keywords":["Ka\u00efs Sa\u00efed","Najla Bouden","Tunisie"],"articleSection":["A LA UNE","POLITIQUE","Tunisie"],"inLanguage":"fr-FR","potentialAction":[{"@type":"CommentAction","name":"Comment","target":["https:\/\/kapitalis.com\/tunisie\/2023\/05\/09\/tunisie-le-president-saied-est-il-sabote-par-ladministration-publique\/#respond"]}]},{"@type":"WebPage","@id":"https:\/\/kapitalis.com\/tunisie\/2023\/05\/09\/tunisie-le-president-saied-est-il-sabote-par-ladministration-publique\/","url":"https:\/\/kapitalis.com\/tunisie\/2023\/05\/09\/tunisie-le-president-saied-est-il-sabote-par-ladministration-publique\/","name":"Tunisie : le pr\u00e9sident Sa\u00efed est-il sabot\u00e9 par l'administration publique ? - Kapitalis","isPartOf":{"@id":"https:\/\/kapitalis.com\/tunisie\/#website"},"primaryImageOfPage":{"@id":"https:\/\/kapitalis.com\/tunisie\/2023\/05\/09\/tunisie-le-president-saied-est-il-sabote-par-ladministration-publique\/#primaryimage"},"image":{"@id":"https:\/\/kapitalis.com\/tunisie\/2023\/05\/09\/tunisie-le-president-saied-est-il-sabote-par-ladministration-publique\/#primaryimage"},"thumbnailUrl":"https:\/\/kapitalis.com\/tunisie\/wp-content\/uploads\/2023\/05\/Kais-Saied-Najla-Bouden.gif","datePublished":"2023-05-09T07:39:09+00:00","dateModified":"2023-05-09T07:42:32+00:00","breadcrumb":{"@id":"https:\/\/kapitalis.com\/tunisie\/2023\/05\/09\/tunisie-le-president-saied-est-il-sabote-par-ladministration-publique\/#breadcrumb"},"inLanguage":"fr-FR","potentialAction":[{"@type":"ReadAction","target":["https:\/\/kapitalis.com\/tunisie\/2023\/05\/09\/tunisie-le-president-saied-est-il-sabote-par-ladministration-publique\/"]}]},{"@type":"ImageObject","inLanguage":"fr-FR","@id":"https:\/\/kapitalis.com\/tunisie\/2023\/05\/09\/tunisie-le-president-saied-est-il-sabote-par-ladministration-publique\/#primaryimage","url":"https:\/\/kapitalis.com\/tunisie\/wp-content\/uploads\/2023\/05\/Kais-Saied-Najla-Bouden.gif","contentUrl":"https:\/\/kapitalis.com\/tunisie\/wp-content\/uploads\/2023\/05\/Kais-Saied-Najla-Bouden.gif","width":1200,"height":630},{"@type":"BreadcrumbList","@id":"https:\/\/kapitalis.com\/tunisie\/2023\/05\/09\/tunisie-le-president-saied-est-il-sabote-par-ladministration-publique\/#breadcrumb","itemListElement":[{"@type":"ListItem","position":1,"name":"Accueil","item":"https:\/\/kapitalis.com\/tunisie\/"},{"@type":"ListItem","position":2,"name":"Tunisie : le pr\u00e9sident Sa\u00efed est-il sabot\u00e9 par l&rsquo;administration publique ?"}]},{"@type":"WebSite","@id":"https:\/\/kapitalis.com\/tunisie\/#website","url":"https:\/\/kapitalis.com\/tunisie\/","name":"Kapitalis","description":"L&#039;actualit\u00e9 en Tunisie et dans le monde","publisher":{"@id":"https:\/\/kapitalis.com\/tunisie\/#organization"},"potentialAction":[{"@type":"SearchAction","target":{"@type":"EntryPoint","urlTemplate":"https:\/\/kapitalis.com\/tunisie\/?s={search_term_string}"},"query-input":{"@type":"PropertyValueSpecification","valueRequired":true,"valueName":"search_term_string"}}],"inLanguage":"fr-FR"},{"@type":"Organization","@id":"https:\/\/kapitalis.com\/tunisie\/#organization","name":"Kapitalis","url":"https:\/\/kapitalis.com\/tunisie\/","logo":{"@type":"ImageObject","inLanguage":"fr-FR","@id":"https:\/\/kapitalis.com\/tunisie\/#\/schema\/logo\/image\/","url":"https:\/\/kapitalis.com\/tunisie\/wp-content\/uploads\/2022\/05\/Kapitalis-big-size.png","contentUrl":"https:\/\/kapitalis.com\/tunisie\/wp-content\/uploads\/2022\/05\/Kapitalis-big-size.png","width":5000,"height":1500,"caption":"Kapitalis"},"image":{"@id":"https:\/\/kapitalis.com\/tunisie\/#\/schema\/logo\/image\/"},"sameAs":["https:\/\/www.facebook.com\/KapitalisInfo\/","https:\/\/x.com\/KapitalisInfo","https:\/\/www.youtube.com\/channel\/UC-yDYrHyfFBWWZaOw3FPg9Q"]},{"@type":"Person","@id":"https:\/\/kapitalis.com\/tunisie\/#\/schema\/person\/d71f33a9ca44f7bad4698210b480c8e9","name":"webmaster kapitalis","url":"https:\/\/kapitalis.com\/tunisie\/author\/webmaster-kapitalis\/"}]}},"_links":{"self":[{"href":"https:\/\/kapitalis.com\/tunisie\/wp-json\/wp\/v2\/posts\/7838148","targetHints":{"allow":["GET"]}}],"collection":[{"href":"https:\/\/kapitalis.com\/tunisie\/wp-json\/wp\/v2\/posts"}],"about":[{"href":"https:\/\/kapitalis.com\/tunisie\/wp-json\/wp\/v2\/types\/post"}],"author":[{"embeddable":true,"href":"https:\/\/kapitalis.com\/tunisie\/wp-json\/wp\/v2\/users\/8"}],"replies":[{"embeddable":true,"href":"https:\/\/kapitalis.com\/tunisie\/wp-json\/wp\/v2\/comments?post=7838148"}],"version-history":[{"count":2,"href":"https:\/\/kapitalis.com\/tunisie\/wp-json\/wp\/v2\/posts\/7838148\/revisions"}],"predecessor-version":[{"id":7838467,"href":"https:\/\/kapitalis.com\/tunisie\/wp-json\/wp\/v2\/posts\/7838148\/revisions\/7838467"}],"wp:featuredmedia":[{"embeddable":true,"href":"https:\/\/kapitalis.com\/tunisie\/wp-json\/wp\/v2\/media\/7838324"}],"wp:attachment":[{"href":"https:\/\/kapitalis.com\/tunisie\/wp-json\/wp\/v2\/media?parent=7838148"}],"wp:term":[{"taxonomy":"category","embeddable":true,"href":"https:\/\/kapitalis.com\/tunisie\/wp-json\/wp\/v2\/categories?post=7838148"},{"taxonomy":"post_tag","embeddable":true,"href":"https:\/\/kapitalis.com\/tunisie\/wp-json\/wp\/v2\/tags?post=7838148"}],"curies":[{"name":"wp","href":"https:\/\/api.w.org\/{rel}","templated":true}]}}