{"id":7848817,"date":"2023-05-09T19:16:59","date_gmt":"2023-05-09T18:16:59","guid":{"rendered":"https:\/\/kapitalis.com\/tunisie\/?p=7848817"},"modified":"2023-05-09T19:21:58","modified_gmt":"2023-05-09T18:21:58","slug":"tunisie-mandat-de-depot-contre-ghannouchi-dans-laffaire-instalingo","status":"publish","type":"post","link":"https:\/\/kapitalis.com\/tunisie\/2023\/05\/09\/tunisie-mandat-de-depot-contre-ghannouchi-dans-laffaire-instalingo\/","title":{"rendered":"Tunisie : Mandat de d\u00e9p\u00f4t contre Ghannouchi dans l&rsquo;affaire Instalingo"},"content":{"rendered":"\n<p><em><strong>Le chef du parti islamiste Ennahdha Rached Ghannouchi a fait l&rsquo;objet d&rsquo;un mandat de d\u00e9p\u00f4t, ce mardi 9 mai 2023, dans le cadre de l&rsquo;affaire de la soci\u00e9t\u00e9 Instalingo, situ\u00e9e \u00e0 Kalaa El Kebira (Sousse) et dirig\u00e9e \u00e0 partir de la Turquie.<\/strong><\/em><\/p>\n\n\n\n<!--more-->\n\n\n\n<p>C&rsquo;est ce qu&rsquo;a annonc\u00e9 le substitut du procureur de la R\u00e9publique pr\u00e8s le Tribunal de premi\u00e8re instance Sousse 2 Rochdi Ben Romdhane, dans une d\u00e9claration cette apr\u00e8s-midi, \u00e0 l&rsquo;agence Tap.<\/p>\n\n\n\n<p>Le chef du parti islamiste avait, rappelons-le, refus\u00e9 de quitter la prison, o\u00f9 il est d\u00e9tenu dans une autre affaire, pour compara\u00eetre devant le juge d\u2019instruction.<\/p>\n\n\n\n<p>Rappelons aussi que l&rsquo;affaire Instalingo a \u00e9clat\u00e9 en septembre 2021, impliquant notamment des hommes d\u2019affaires, des personnalit\u00e9s politiques, des blogueurs et des s\u00e9curitaires.<\/p>\n\n\n\n<p>Les suspects encourent de lourdes peines de prison et devront faire l\u2019objet de graves chefs d\u2019accusations, notamment <em>\u00abcomplot form\u00e9 dans le but d\u2019attenter \u00e0 la s\u00fbret\u00e9 int\u00e9rieure de l\u2019\u00c9tat et de changer la forme du gouvernement, de remonter les gens les uns contre les autres et de provoquer le d\u00e9sordre\u00bb.<\/em><\/p>\n\n\n\n<p class=\"has-text-align-right\"><strong>Y. N.<\/strong><\/p>\n\n\n\n<figure class=\"wp-block-embed is-type-wp-embed is-provider-kapitalis wp-block-embed-kapitalis\"><div class=\"wp-block-embed__wrapper\">\n<blockquote class=\"wp-embedded-content\" data-secret=\"EZVPh6vg0R\"><a href=\"https:\/\/kapitalis.com\/tunisie\/2022\/06\/18\/tunisie-laffaire-instalingo-continue-de-faire-tomber-des-tetes\/\">Tunisie\u00a0: l\u2019affaire Instalingo continue de faire tomber des t\u00eates<\/a><\/blockquote><iframe loading=\"lazy\" class=\"wp-embedded-content\" sandbox=\"allow-scripts\" security=\"restricted\" style=\"position: absolute; clip: rect(1px, 1px, 1px, 1px);\" title=\"\u00ab\u00a0Tunisie\u00a0: l\u2019affaire Instalingo continue de faire tomber des t\u00eates\u00a0\u00bb &#8212; Kapitalis\" src=\"https:\/\/kapitalis.com\/tunisie\/2022\/06\/18\/tunisie-laffaire-instalingo-continue-de-faire-tomber-des-tetes\/embed\/#?secret=0mr6FMhKMd#?secret=EZVPh6vg0R\" data-secret=\"EZVPh6vg0R\" width=\"600\" height=\"338\" frameborder=\"0\" marginwidth=\"0\" marginheight=\"0\" scrolling=\"no\"><\/iframe>\n<\/div><\/figure>\n","protected":false},"excerpt":{"rendered":"<p>Tunisie : Mandat de d\u00e9p\u00f4t contre Ghannouchi dans l&rsquo;affaire Instalingo<\/p>\n","protected":false},"author":6,"featured_media":5371120,"comment_status":"open","ping_status":"open","sticky":false,"template":"","format":"standard","meta":{"footnotes":""},"categories":[997,2433],"tags":[758,62643],"class_list":["post-7848817","post","type-post","status-publish","format-standard","has-post-thumbnail","hentry","category-politique","category-tunisie","tag-rached-ghannouchi","tag-tunisie"],"yoast_head":"<!-- This site is optimized with the Yoast SEO plugin v26.6 - https:\/\/yoast.com\/wordpress\/plugins\/seo\/ -->\n<title>Tunisie : Mandat de d\u00e9p\u00f4t contre Ghannouchi dans l&#039;affaire Instalingo - Kapitalis<\/title>\n<meta name=\"description\" content=\"Le chef du parti islamiste Ennahdha Rached Ghannouchi a fait l&#039;objet d&#039;un mandat de d\u00e9p\u00f4t, ce mardi 9 mai 2023, dans le cadre de l&#039;affaire de la soci\u00e9t\u00e9 Instalingo, situ\u00e9e \u00e0 Kalaa El Kebira (Sousse) et dirig\u00e9e \u00e0 partir de la Turquie.\" \/>\n<meta name=\"robots\" content=\"index, follow, max-snippet:-1, max-image-preview:large, max-video-preview:-1\" \/>\n<link rel=\"canonical\" href=\"https:\/\/kapitalis.com\/tunisie\/2023\/05\/09\/tunisie-mandat-de-depot-contre-ghannouchi-dans-laffaire-instalingo\/\" \/>\n<meta property=\"og:locale\" content=\"fr_FR\" \/>\n<meta property=\"og:type\" content=\"article\" \/>\n<meta property=\"og:title\" content=\"Tunisie : Mandat de d\u00e9p\u00f4t contre Ghannouchi dans l&#039;affaire Instalingo - Kapitalis\" \/>\n<meta property=\"og:description\" content=\"Le chef du parti islamiste Ennahdha Rached Ghannouchi a fait l&#039;objet d&#039;un mandat de d\u00e9p\u00f4t, ce mardi 9 mai 2023, dans le cadre de l&#039;affaire de la soci\u00e9t\u00e9 Instalingo, situ\u00e9e \u00e0 Kalaa El Kebira (Sousse) et dirig\u00e9e \u00e0 partir de la Turquie.\" \/>\n<meta property=\"og:url\" content=\"https:\/\/kapitalis.com\/tunisie\/2023\/05\/09\/tunisie-mandat-de-depot-contre-ghannouchi-dans-laffaire-instalingo\/\" \/>\n<meta property=\"og:site_name\" content=\"Kapitalis\" \/>\n<meta property=\"article:publisher\" content=\"https:\/\/www.facebook.com\/KapitalisInfo\/\" \/>\n<meta property=\"article:published_time\" content=\"2023-05-09T18:16:59+00:00\" \/>\n<meta property=\"article:modified_time\" content=\"2023-05-09T18:21:58+00:00\" \/>\n<meta property=\"og:image\" content=\"https:\/\/kapitalis.com\/tunisie\/wp-content\/uploads\/2022\/11\/Ghannouchi-4.jpg\" \/>\n\t<meta property=\"og:image:width\" content=\"1200\" \/>\n\t<meta property=\"og:image:height\" content=\"630\" \/>\n\t<meta property=\"og:image:type\" content=\"image\/jpeg\" \/>\n<meta name=\"author\" content=\"Yusra NY\" \/>\n<meta name=\"twitter:card\" content=\"summary_large_image\" \/>\n<meta name=\"twitter:creator\" content=\"@KapitalisInfo\" \/>\n<meta name=\"twitter:site\" content=\"@KapitalisInfo\" \/>\n<meta name=\"twitter:label1\" content=\"\u00c9crit par\" \/>\n\t<meta name=\"twitter:data1\" content=\"Yusra NY\" \/>\n\t<meta name=\"twitter:label2\" content=\"Dur\u00e9e de lecture estim\u00e9e\" \/>\n\t<meta name=\"twitter:data2\" content=\"1 minute\" \/>\n<script type=\"application\/ld+json\" class=\"yoast-schema-graph\">{\"@context\":\"https:\/\/schema.org\",\"@graph\":[{\"@type\":\"Article\",\"@id\":\"https:\/\/kapitalis.com\/tunisie\/2023\/05\/09\/tunisie-mandat-de-depot-contre-ghannouchi-dans-laffaire-instalingo\/#article\",\"isPartOf\":{\"@id\":\"https:\/\/kapitalis.com\/tunisie\/2023\/05\/09\/tunisie-mandat-de-depot-contre-ghannouchi-dans-laffaire-instalingo\/\"},\"author\":{\"name\":\"Yusra NY\",\"@id\":\"https:\/\/kapitalis.com\/tunisie\/#\/schema\/person\/74bbde0154d49d790a92aaeac5bc01d5\"},\"headline\":\"Tunisie : Mandat de d\u00e9p\u00f4t contre Ghannouchi dans l&rsquo;affaire Instalingo\",\"datePublished\":\"2023-05-09T18:16:59+00:00\",\"dateModified\":\"2023-05-09T18:21:58+00:00\",\"mainEntityOfPage\":{\"@id\":\"https:\/\/kapitalis.com\/tunisie\/2023\/05\/09\/tunisie-mandat-de-depot-contre-ghannouchi-dans-laffaire-instalingo\/\"},\"wordCount\":204,\"commentCount\":1,\"publisher\":{\"@id\":\"https:\/\/kapitalis.com\/tunisie\/#organization\"},\"image\":{\"@id\":\"https:\/\/kapitalis.com\/tunisie\/2023\/05\/09\/tunisie-mandat-de-depot-contre-ghannouchi-dans-laffaire-instalingo\/#primaryimage\"},\"thumbnailUrl\":\"https:\/\/kapitalis.com\/tunisie\/wp-content\/uploads\/2022\/11\/Ghannouchi-4.jpg\",\"keywords\":[\"Rached Ghannouchi\",\"Tunisie\"],\"articleSection\":[\"POLITIQUE\",\"Tunisie\"],\"inLanguage\":\"fr-FR\",\"potentialAction\":[{\"@type\":\"CommentAction\",\"name\":\"Comment\",\"target\":[\"https:\/\/kapitalis.com\/tunisie\/2023\/05\/09\/tunisie-mandat-de-depot-contre-ghannouchi-dans-laffaire-instalingo\/#respond\"]}]},{\"@type\":\"WebPage\",\"@id\":\"https:\/\/kapitalis.com\/tunisie\/2023\/05\/09\/tunisie-mandat-de-depot-contre-ghannouchi-dans-laffaire-instalingo\/\",\"url\":\"https:\/\/kapitalis.com\/tunisie\/2023\/05\/09\/tunisie-mandat-de-depot-contre-ghannouchi-dans-laffaire-instalingo\/\",\"name\":\"Tunisie : Mandat de d\u00e9p\u00f4t contre Ghannouchi dans l'affaire Instalingo - Kapitalis\",\"isPartOf\":{\"@id\":\"https:\/\/kapitalis.com\/tunisie\/#website\"},\"primaryImageOfPage\":{\"@id\":\"https:\/\/kapitalis.com\/tunisie\/2023\/05\/09\/tunisie-mandat-de-depot-contre-ghannouchi-dans-laffaire-instalingo\/#primaryimage\"},\"image\":{\"@id\":\"https:\/\/kapitalis.com\/tunisie\/2023\/05\/09\/tunisie-mandat-de-depot-contre-ghannouchi-dans-laffaire-instalingo\/#primaryimage\"},\"thumbnailUrl\":\"https:\/\/kapitalis.com\/tunisie\/wp-content\/uploads\/2022\/11\/Ghannouchi-4.jpg\",\"datePublished\":\"2023-05-09T18:16:59+00:00\",\"dateModified\":\"2023-05-09T18:21:58+00:00\",\"description\":\"Le chef du parti islamiste Ennahdha Rached Ghannouchi a fait l'objet d'un mandat de d\u00e9p\u00f4t, ce mardi 9 mai 2023, dans le cadre de l'affaire de la soci\u00e9t\u00e9 Instalingo, situ\u00e9e \u00e0 Kalaa El Kebira (Sousse) et dirig\u00e9e \u00e0 partir de la Turquie.\",\"breadcrumb\":{\"@id\":\"https:\/\/kapitalis.com\/tunisie\/2023\/05\/09\/tunisie-mandat-de-depot-contre-ghannouchi-dans-laffaire-instalingo\/#breadcrumb\"},\"inLanguage\":\"fr-FR\",\"potentialAction\":[{\"@type\":\"ReadAction\",\"target\":[\"https:\/\/kapitalis.com\/tunisie\/2023\/05\/09\/tunisie-mandat-de-depot-contre-ghannouchi-dans-laffaire-instalingo\/\"]}]},{\"@type\":\"ImageObject\",\"inLanguage\":\"fr-FR\",\"@id\":\"https:\/\/kapitalis.com\/tunisie\/2023\/05\/09\/tunisie-mandat-de-depot-contre-ghannouchi-dans-laffaire-instalingo\/#primaryimage\",\"url\":\"https:\/\/kapitalis.com\/tunisie\/wp-content\/uploads\/2022\/11\/Ghannouchi-4.jpg\",\"contentUrl\":\"https:\/\/kapitalis.com\/tunisie\/wp-content\/uploads\/2022\/11\/Ghannouchi-4.jpg\",\"width\":1200,\"height\":630},{\"@type\":\"BreadcrumbList\",\"@id\":\"https:\/\/kapitalis.com\/tunisie\/2023\/05\/09\/tunisie-mandat-de-depot-contre-ghannouchi-dans-laffaire-instalingo\/#breadcrumb\",\"itemListElement\":[{\"@type\":\"ListItem\",\"position\":1,\"name\":\"Accueil\",\"item\":\"https:\/\/kapitalis.com\/tunisie\/\"},{\"@type\":\"ListItem\",\"position\":2,\"name\":\"Tunisie : Mandat de d\u00e9p\u00f4t contre Ghannouchi dans l&rsquo;affaire Instalingo\"}]},{\"@type\":\"WebSite\",\"@id\":\"https:\/\/kapitalis.com\/tunisie\/#website\",\"url\":\"https:\/\/kapitalis.com\/tunisie\/\",\"name\":\"Kapitalis\",\"description\":\"L&#039;actualit\u00e9 en Tunisie et dans le monde\",\"publisher\":{\"@id\":\"https:\/\/kapitalis.com\/tunisie\/#organization\"},\"potentialAction\":[{\"@type\":\"SearchAction\",\"target\":{\"@type\":\"EntryPoint\",\"urlTemplate\":\"https:\/\/kapitalis.com\/tunisie\/?s={search_term_string}\"},\"query-input\":{\"@type\":\"PropertyValueSpecification\",\"valueRequired\":true,\"valueName\":\"search_term_string\"}}],\"inLanguage\":\"fr-FR\"},{\"@type\":\"Organization\",\"@id\":\"https:\/\/kapitalis.com\/tunisie\/#organization\",\"name\":\"Kapitalis\",\"url\":\"https:\/\/kapitalis.com\/tunisie\/\",\"logo\":{\"@type\":\"ImageObject\",\"inLanguage\":\"fr-FR\",\"@id\":\"https:\/\/kapitalis.com\/tunisie\/#\/schema\/logo\/image\/\",\"url\":\"https:\/\/kapitalis.com\/tunisie\/wp-content\/uploads\/2022\/05\/Kapitalis-big-size.png\",\"contentUrl\":\"https:\/\/kapitalis.com\/tunisie\/wp-content\/uploads\/2022\/05\/Kapitalis-big-size.png\",\"width\":5000,\"height\":1500,\"caption\":\"Kapitalis\"},\"image\":{\"@id\":\"https:\/\/kapitalis.com\/tunisie\/#\/schema\/logo\/image\/\"},\"sameAs\":[\"https:\/\/www.facebook.com\/KapitalisInfo\/\",\"https:\/\/x.com\/KapitalisInfo\",\"https:\/\/www.youtube.com\/channel\/UC-yDYrHyfFBWWZaOw3FPg9Q\"]},{\"@type\":\"Person\",\"@id\":\"https:\/\/kapitalis.com\/tunisie\/#\/schema\/person\/74bbde0154d49d790a92aaeac5bc01d5\",\"name\":\"Yusra NY\",\"url\":\"https:\/\/kapitalis.com\/tunisie\/author\/yuza_adam\/\"}]}<\/script>\n<!-- \/ Yoast SEO plugin. -->","yoast_head_json":{"title":"Tunisie : Mandat de d\u00e9p\u00f4t contre Ghannouchi dans l'affaire Instalingo - Kapitalis","description":"Le chef du parti islamiste Ennahdha Rached Ghannouchi a fait l'objet d'un mandat de d\u00e9p\u00f4t, ce mardi 9 mai 2023, dans le cadre de l'affaire de la soci\u00e9t\u00e9 Instalingo, situ\u00e9e \u00e0 Kalaa El Kebira (Sousse) et dirig\u00e9e \u00e0 partir de la Turquie.","robots":{"index":"index","follow":"follow","max-snippet":"max-snippet:-1","max-image-preview":"max-image-preview:large","max-video-preview":"max-video-preview:-1"},"canonical":"https:\/\/kapitalis.com\/tunisie\/2023\/05\/09\/tunisie-mandat-de-depot-contre-ghannouchi-dans-laffaire-instalingo\/","og_locale":"fr_FR","og_type":"article","og_title":"Tunisie : Mandat de d\u00e9p\u00f4t contre Ghannouchi dans l'affaire Instalingo - Kapitalis","og_description":"Le chef du parti islamiste Ennahdha Rached Ghannouchi a fait l'objet d'un mandat de d\u00e9p\u00f4t, ce mardi 9 mai 2023, dans le cadre de l'affaire de la soci\u00e9t\u00e9 Instalingo, situ\u00e9e \u00e0 Kalaa El Kebira (Sousse) et dirig\u00e9e \u00e0 partir de la Turquie.","og_url":"https:\/\/kapitalis.com\/tunisie\/2023\/05\/09\/tunisie-mandat-de-depot-contre-ghannouchi-dans-laffaire-instalingo\/","og_site_name":"Kapitalis","article_publisher":"https:\/\/www.facebook.com\/KapitalisInfo\/","article_published_time":"2023-05-09T18:16:59+00:00","article_modified_time":"2023-05-09T18:21:58+00:00","og_image":[{"width":1200,"height":630,"url":"https:\/\/kapitalis.com\/tunisie\/wp-content\/uploads\/2022\/11\/Ghannouchi-4.jpg","type":"image\/jpeg"}],"author":"Yusra NY","twitter_card":"summary_large_image","twitter_creator":"@KapitalisInfo","twitter_site":"@KapitalisInfo","twitter_misc":{"\u00c9crit par":"Yusra NY","Dur\u00e9e de lecture estim\u00e9e":"1 minute"},"schema":{"@context":"https:\/\/schema.org","@graph":[{"@type":"Article","@id":"https:\/\/kapitalis.com\/tunisie\/2023\/05\/09\/tunisie-mandat-de-depot-contre-ghannouchi-dans-laffaire-instalingo\/#article","isPartOf":{"@id":"https:\/\/kapitalis.com\/tunisie\/2023\/05\/09\/tunisie-mandat-de-depot-contre-ghannouchi-dans-laffaire-instalingo\/"},"author":{"name":"Yusra NY","@id":"https:\/\/kapitalis.com\/tunisie\/#\/schema\/person\/74bbde0154d49d790a92aaeac5bc01d5"},"headline":"Tunisie : Mandat de d\u00e9p\u00f4t contre Ghannouchi dans l&rsquo;affaire Instalingo","datePublished":"2023-05-09T18:16:59+00:00","dateModified":"2023-05-09T18:21:58+00:00","mainEntityOfPage":{"@id":"https:\/\/kapitalis.com\/tunisie\/2023\/05\/09\/tunisie-mandat-de-depot-contre-ghannouchi-dans-laffaire-instalingo\/"},"wordCount":204,"commentCount":1,"publisher":{"@id":"https:\/\/kapitalis.com\/tunisie\/#organization"},"image":{"@id":"https:\/\/kapitalis.com\/tunisie\/2023\/05\/09\/tunisie-mandat-de-depot-contre-ghannouchi-dans-laffaire-instalingo\/#primaryimage"},"thumbnailUrl":"https:\/\/kapitalis.com\/tunisie\/wp-content\/uploads\/2022\/11\/Ghannouchi-4.jpg","keywords":["Rached Ghannouchi","Tunisie"],"articleSection":["POLITIQUE","Tunisie"],"inLanguage":"fr-FR","potentialAction":[{"@type":"CommentAction","name":"Comment","target":["https:\/\/kapitalis.com\/tunisie\/2023\/05\/09\/tunisie-mandat-de-depot-contre-ghannouchi-dans-laffaire-instalingo\/#respond"]}]},{"@type":"WebPage","@id":"https:\/\/kapitalis.com\/tunisie\/2023\/05\/09\/tunisie-mandat-de-depot-contre-ghannouchi-dans-laffaire-instalingo\/","url":"https:\/\/kapitalis.com\/tunisie\/2023\/05\/09\/tunisie-mandat-de-depot-contre-ghannouchi-dans-laffaire-instalingo\/","name":"Tunisie : Mandat de d\u00e9p\u00f4t contre Ghannouchi dans l'affaire Instalingo - Kapitalis","isPartOf":{"@id":"https:\/\/kapitalis.com\/tunisie\/#website"},"primaryImageOfPage":{"@id":"https:\/\/kapitalis.com\/tunisie\/2023\/05\/09\/tunisie-mandat-de-depot-contre-ghannouchi-dans-laffaire-instalingo\/#primaryimage"},"image":{"@id":"https:\/\/kapitalis.com\/tunisie\/2023\/05\/09\/tunisie-mandat-de-depot-contre-ghannouchi-dans-laffaire-instalingo\/#primaryimage"},"thumbnailUrl":"https:\/\/kapitalis.com\/tunisie\/wp-content\/uploads\/2022\/11\/Ghannouchi-4.jpg","datePublished":"2023-05-09T18:16:59+00:00","dateModified":"2023-05-09T18:21:58+00:00","description":"Le chef du parti islamiste Ennahdha Rached Ghannouchi a fait l'objet d'un mandat de d\u00e9p\u00f4t, ce mardi 9 mai 2023, dans le cadre de l'affaire de la soci\u00e9t\u00e9 Instalingo, situ\u00e9e \u00e0 Kalaa El Kebira (Sousse) et dirig\u00e9e \u00e0 partir de la Turquie.","breadcrumb":{"@id":"https:\/\/kapitalis.com\/tunisie\/2023\/05\/09\/tunisie-mandat-de-depot-contre-ghannouchi-dans-laffaire-instalingo\/#breadcrumb"},"inLanguage":"fr-FR","potentialAction":[{"@type":"ReadAction","target":["https:\/\/kapitalis.com\/tunisie\/2023\/05\/09\/tunisie-mandat-de-depot-contre-ghannouchi-dans-laffaire-instalingo\/"]}]},{"@type":"ImageObject","inLanguage":"fr-FR","@id":"https:\/\/kapitalis.com\/tunisie\/2023\/05\/09\/tunisie-mandat-de-depot-contre-ghannouchi-dans-laffaire-instalingo\/#primaryimage","url":"https:\/\/kapitalis.com\/tunisie\/wp-content\/uploads\/2022\/11\/Ghannouchi-4.jpg","contentUrl":"https:\/\/kapitalis.com\/tunisie\/wp-content\/uploads\/2022\/11\/Ghannouchi-4.jpg","width":1200,"height":630},{"@type":"BreadcrumbList","@id":"https:\/\/kapitalis.com\/tunisie\/2023\/05\/09\/tunisie-mandat-de-depot-contre-ghannouchi-dans-laffaire-instalingo\/#breadcrumb","itemListElement":[{"@type":"ListItem","position":1,"name":"Accueil","item":"https:\/\/kapitalis.com\/tunisie\/"},{"@type":"ListItem","position":2,"name":"Tunisie : Mandat de d\u00e9p\u00f4t contre Ghannouchi dans l&rsquo;affaire Instalingo"}]},{"@type":"WebSite","@id":"https:\/\/kapitalis.com\/tunisie\/#website","url":"https:\/\/kapitalis.com\/tunisie\/","name":"Kapitalis","description":"L&#039;actualit\u00e9 en Tunisie et dans le monde","publisher":{"@id":"https:\/\/kapitalis.com\/tunisie\/#organization"},"potentialAction":[{"@type":"SearchAction","target":{"@type":"EntryPoint","urlTemplate":"https:\/\/kapitalis.com\/tunisie\/?s={search_term_string}"},"query-input":{"@type":"PropertyValueSpecification","valueRequired":true,"valueName":"search_term_string"}}],"inLanguage":"fr-FR"},{"@type":"Organization","@id":"https:\/\/kapitalis.com\/tunisie\/#organization","name":"Kapitalis","url":"https:\/\/kapitalis.com\/tunisie\/","logo":{"@type":"ImageObject","inLanguage":"fr-FR","@id":"https:\/\/kapitalis.com\/tunisie\/#\/schema\/logo\/image\/","url":"https:\/\/kapitalis.com\/tunisie\/wp-content\/uploads\/2022\/05\/Kapitalis-big-size.png","contentUrl":"https:\/\/kapitalis.com\/tunisie\/wp-content\/uploads\/2022\/05\/Kapitalis-big-size.png","width":5000,"height":1500,"caption":"Kapitalis"},"image":{"@id":"https:\/\/kapitalis.com\/tunisie\/#\/schema\/logo\/image\/"},"sameAs":["https:\/\/www.facebook.com\/KapitalisInfo\/","https:\/\/x.com\/KapitalisInfo","https:\/\/www.youtube.com\/channel\/UC-yDYrHyfFBWWZaOw3FPg9Q"]},{"@type":"Person","@id":"https:\/\/kapitalis.com\/tunisie\/#\/schema\/person\/74bbde0154d49d790a92aaeac5bc01d5","name":"Yusra NY","url":"https:\/\/kapitalis.com\/tunisie\/author\/yuza_adam\/"}]}},"_links":{"self":[{"href":"https:\/\/kapitalis.com\/tunisie\/wp-json\/wp\/v2\/posts\/7848817","targetHints":{"allow":["GET"]}}],"collection":[{"href":"https:\/\/kapitalis.com\/tunisie\/wp-json\/wp\/v2\/posts"}],"about":[{"href":"https:\/\/kapitalis.com\/tunisie\/wp-json\/wp\/v2\/types\/post"}],"author":[{"embeddable":true,"href":"https:\/\/kapitalis.com\/tunisie\/wp-json\/wp\/v2\/users\/6"}],"replies":[{"embeddable":true,"href":"https:\/\/kapitalis.com\/tunisie\/wp-json\/wp\/v2\/comments?post=7848817"}],"version-history":[{"count":3,"href":"https:\/\/kapitalis.com\/tunisie\/wp-json\/wp\/v2\/posts\/7848817\/revisions"}],"predecessor-version":[{"id":7848933,"href":"https:\/\/kapitalis.com\/tunisie\/wp-json\/wp\/v2\/posts\/7848817\/revisions\/7848933"}],"wp:featuredmedia":[{"embeddable":true,"href":"https:\/\/kapitalis.com\/tunisie\/wp-json\/wp\/v2\/media\/5371120"}],"wp:attachment":[{"href":"https:\/\/kapitalis.com\/tunisie\/wp-json\/wp\/v2\/media?parent=7848817"}],"wp:term":[{"taxonomy":"category","embeddable":true,"href":"https:\/\/kapitalis.com\/tunisie\/wp-json\/wp\/v2\/categories?post=7848817"},{"taxonomy":"post_tag","embeddable":true,"href":"https:\/\/kapitalis.com\/tunisie\/wp-json\/wp\/v2\/tags?post=7848817"}],"curies":[{"name":"wp","href":"https:\/\/api.w.org\/{rel}","templated":true}]}}