{"id":7849250,"date":"2023-05-09T19:46:49","date_gmt":"2023-05-09T18:46:49","guid":{"rendered":"https:\/\/kapitalis.com\/tunisie\/?p=7849250"},"modified":"2023-05-09T19:48:36","modified_gmt":"2023-05-09T18:48:36","slug":"syndicat-de-lenseignement-de-base-la-retention-des-notes-maintenue-pour-le-3e-trimestre","status":"publish","type":"post","link":"https:\/\/kapitalis.com\/tunisie\/2023\/05\/09\/syndicat-de-lenseignement-de-base-la-retention-des-notes-maintenue-pour-le-3e-trimestre\/","title":{"rendered":"Syndicat de l\u2019enseignement de base : La r\u00e9tention des notes maintenue pour le 3e trimestre"},"content":{"rendered":"\n<p><em><strong>La Commission administrative sectorielle du Syndicat de l\u2019enseignement de base a annonc\u00e9, ce mardi 9 mai 2023, le maintien de la r\u00e9tention des notes des \u00e9l\u00e8ves jusqu&rsquo;\u00e0 la fin de l&rsquo;ann\u00e9e scolaire.<\/strong><\/em><\/p>\n\n\n\n<!--more-->\n\n\n\n<p>Les participants \u00e0 la Commission administrative sectorielle de l\u2019enseignement de base organis\u00e9e ce jour \u00e0 Hammamet ont \u00e9galement annonc\u00e9 des mouvements sociaux r\u00e9gionaux et un jour de col\u00e8re nationale, dont la date n\u2019a pas encore \u00e9t\u00e9 fix\u00e9e\u2026<\/p>\n\n\n\n<p>Ils ont \u00e9galement d\u00e9nonc\u00e9 l&rsquo;annonce faite par les autorit\u00e9s de tutelle quant \u00e0 un accord imminent avec les syndicats, affirmant que celles-ci cherchent<em> \u00ab\u00e0 gagner du temps en trompant l&rsquo;opinion publique tout en refusant un dialoguer s\u00e9rieux pouvant aboutir \u00e0 de vraies solutions\u00bb.<\/em><\/p>\n\n\n\n<p class=\"has-text-align-right\"><strong>Y. N.<\/strong><\/p>\n","protected":false},"excerpt":{"rendered":"<p>Syndicat de l\u2019enseignement de base : La retenue des notes maintenue pour le 3e trimestre<\/p>\n","protected":false},"author":6,"featured_media":1429243,"comment_status":"open","ping_status":"open","sticky":false,"template":"","format":"standard","meta":{"footnotes":""},"categories":[998,2433],"tags":[],"class_list":["post-7849250","post","type-post","status-publish","format-standard","has-post-thumbnail","hentry","category-societe","category-tunisie"],"yoast_head":"<!-- This site is optimized with the Yoast SEO plugin v26.6 - https:\/\/yoast.com\/wordpress\/plugins\/seo\/ -->\n<title>Syndicat de l\u2019enseignement de base : La r\u00e9tention des notes maintenue pour le 3e trimestre - Kapitalis<\/title>\n<meta name=\"description\" content=\"La Commission administrative sectorielle du Syndicat de l\u2019enseignement de base a annonc\u00e9, ce mardi 9 mai 2023, le maintien de la r\u00e9tention des notes des \u00e9l\u00e8ves jusqu&#039;\u00e0 la fin de l&#039;ann\u00e9e scolaire.\" \/>\n<meta name=\"robots\" content=\"index, follow, max-snippet:-1, max-image-preview:large, max-video-preview:-1\" \/>\n<link rel=\"canonical\" href=\"https:\/\/kapitalis.com\/tunisie\/2023\/05\/09\/syndicat-de-lenseignement-de-base-la-retention-des-notes-maintenue-pour-le-3e-trimestre\/\" \/>\n<meta property=\"og:locale\" content=\"fr_FR\" \/>\n<meta property=\"og:type\" content=\"article\" \/>\n<meta property=\"og:title\" content=\"Syndicat de l\u2019enseignement de base : La r\u00e9tention des notes maintenue pour le 3e trimestre - Kapitalis\" \/>\n<meta property=\"og:description\" content=\"La Commission administrative sectorielle du Syndicat de l\u2019enseignement de base a annonc\u00e9, ce mardi 9 mai 2023, le maintien de la r\u00e9tention des notes des \u00e9l\u00e8ves jusqu&#039;\u00e0 la fin de l&#039;ann\u00e9e scolaire.\" \/>\n<meta property=\"og:url\" content=\"https:\/\/kapitalis.com\/tunisie\/2023\/05\/09\/syndicat-de-lenseignement-de-base-la-retention-des-notes-maintenue-pour-le-3e-trimestre\/\" \/>\n<meta property=\"og:site_name\" content=\"Kapitalis\" \/>\n<meta property=\"article:publisher\" content=\"https:\/\/www.facebook.com\/KapitalisInfo\/\" \/>\n<meta property=\"article:published_time\" content=\"2023-05-09T18:46:49+00:00\" \/>\n<meta property=\"article:modified_time\" content=\"2023-05-09T18:48:36+00:00\" \/>\n<meta property=\"og:image\" content=\"https:\/\/kapitalis.com\/tunisie\/wp-content\/uploads\/2022\/06\/examen-eleve.jpg\" \/>\n\t<meta property=\"og:image:width\" content=\"1200\" \/>\n\t<meta property=\"og:image:height\" content=\"630\" \/>\n\t<meta property=\"og:image:type\" content=\"image\/jpeg\" \/>\n<meta name=\"author\" content=\"Yusra NY\" \/>\n<meta name=\"twitter:card\" content=\"summary_large_image\" \/>\n<meta name=\"twitter:creator\" content=\"@KapitalisInfo\" \/>\n<meta name=\"twitter:site\" content=\"@KapitalisInfo\" \/>\n<meta name=\"twitter:label1\" content=\"\u00c9crit par\" \/>\n\t<meta name=\"twitter:data1\" content=\"Yusra NY\" \/>\n\t<meta name=\"twitter:label2\" content=\"Dur\u00e9e de lecture estim\u00e9e\" \/>\n\t<meta name=\"twitter:data2\" content=\"1 minute\" \/>\n<script type=\"application\/ld+json\" class=\"yoast-schema-graph\">{\"@context\":\"https:\/\/schema.org\",\"@graph\":[{\"@type\":\"Article\",\"@id\":\"https:\/\/kapitalis.com\/tunisie\/2023\/05\/09\/syndicat-de-lenseignement-de-base-la-retention-des-notes-maintenue-pour-le-3e-trimestre\/#article\",\"isPartOf\":{\"@id\":\"https:\/\/kapitalis.com\/tunisie\/2023\/05\/09\/syndicat-de-lenseignement-de-base-la-retention-des-notes-maintenue-pour-le-3e-trimestre\/\"},\"author\":{\"name\":\"Yusra NY\",\"@id\":\"https:\/\/kapitalis.com\/tunisie\/#\/schema\/person\/74bbde0154d49d790a92aaeac5bc01d5\"},\"headline\":\"Syndicat de l\u2019enseignement de base : La r\u00e9tention des notes maintenue pour le 3e trimestre\",\"datePublished\":\"2023-05-09T18:46:49+00:00\",\"dateModified\":\"2023-05-09T18:48:36+00:00\",\"mainEntityOfPage\":{\"@id\":\"https:\/\/kapitalis.com\/tunisie\/2023\/05\/09\/syndicat-de-lenseignement-de-base-la-retention-des-notes-maintenue-pour-le-3e-trimestre\/\"},\"wordCount\":136,\"commentCount\":1,\"publisher\":{\"@id\":\"https:\/\/kapitalis.com\/tunisie\/#organization\"},\"image\":{\"@id\":\"https:\/\/kapitalis.com\/tunisie\/2023\/05\/09\/syndicat-de-lenseignement-de-base-la-retention-des-notes-maintenue-pour-le-3e-trimestre\/#primaryimage\"},\"thumbnailUrl\":\"https:\/\/kapitalis.com\/tunisie\/wp-content\/uploads\/2022\/06\/examen-eleve.jpg\",\"articleSection\":[\"SOCIETE\",\"Tunisie\"],\"inLanguage\":\"fr-FR\",\"potentialAction\":[{\"@type\":\"CommentAction\",\"name\":\"Comment\",\"target\":[\"https:\/\/kapitalis.com\/tunisie\/2023\/05\/09\/syndicat-de-lenseignement-de-base-la-retention-des-notes-maintenue-pour-le-3e-trimestre\/#respond\"]}]},{\"@type\":\"WebPage\",\"@id\":\"https:\/\/kapitalis.com\/tunisie\/2023\/05\/09\/syndicat-de-lenseignement-de-base-la-retention-des-notes-maintenue-pour-le-3e-trimestre\/\",\"url\":\"https:\/\/kapitalis.com\/tunisie\/2023\/05\/09\/syndicat-de-lenseignement-de-base-la-retention-des-notes-maintenue-pour-le-3e-trimestre\/\",\"name\":\"Syndicat de l\u2019enseignement de base : La r\u00e9tention des notes maintenue pour le 3e trimestre - Kapitalis\",\"isPartOf\":{\"@id\":\"https:\/\/kapitalis.com\/tunisie\/#website\"},\"primaryImageOfPage\":{\"@id\":\"https:\/\/kapitalis.com\/tunisie\/2023\/05\/09\/syndicat-de-lenseignement-de-base-la-retention-des-notes-maintenue-pour-le-3e-trimestre\/#primaryimage\"},\"image\":{\"@id\":\"https:\/\/kapitalis.com\/tunisie\/2023\/05\/09\/syndicat-de-lenseignement-de-base-la-retention-des-notes-maintenue-pour-le-3e-trimestre\/#primaryimage\"},\"thumbnailUrl\":\"https:\/\/kapitalis.com\/tunisie\/wp-content\/uploads\/2022\/06\/examen-eleve.jpg\",\"datePublished\":\"2023-05-09T18:46:49+00:00\",\"dateModified\":\"2023-05-09T18:48:36+00:00\",\"description\":\"La Commission administrative sectorielle du Syndicat de l\u2019enseignement de base a annonc\u00e9, ce mardi 9 mai 2023, le maintien de la r\u00e9tention des notes des \u00e9l\u00e8ves jusqu'\u00e0 la fin de l'ann\u00e9e scolaire.\",\"breadcrumb\":{\"@id\":\"https:\/\/kapitalis.com\/tunisie\/2023\/05\/09\/syndicat-de-lenseignement-de-base-la-retention-des-notes-maintenue-pour-le-3e-trimestre\/#breadcrumb\"},\"inLanguage\":\"fr-FR\",\"potentialAction\":[{\"@type\":\"ReadAction\",\"target\":[\"https:\/\/kapitalis.com\/tunisie\/2023\/05\/09\/syndicat-de-lenseignement-de-base-la-retention-des-notes-maintenue-pour-le-3e-trimestre\/\"]}]},{\"@type\":\"ImageObject\",\"inLanguage\":\"fr-FR\",\"@id\":\"https:\/\/kapitalis.com\/tunisie\/2023\/05\/09\/syndicat-de-lenseignement-de-base-la-retention-des-notes-maintenue-pour-le-3e-trimestre\/#primaryimage\",\"url\":\"https:\/\/kapitalis.com\/tunisie\/wp-content\/uploads\/2022\/06\/examen-eleve.jpg\",\"contentUrl\":\"https:\/\/kapitalis.com\/tunisie\/wp-content\/uploads\/2022\/06\/examen-eleve.jpg\",\"width\":1200,\"height\":630},{\"@type\":\"BreadcrumbList\",\"@id\":\"https:\/\/kapitalis.com\/tunisie\/2023\/05\/09\/syndicat-de-lenseignement-de-base-la-retention-des-notes-maintenue-pour-le-3e-trimestre\/#breadcrumb\",\"itemListElement\":[{\"@type\":\"ListItem\",\"position\":1,\"name\":\"Accueil\",\"item\":\"https:\/\/kapitalis.com\/tunisie\/\"},{\"@type\":\"ListItem\",\"position\":2,\"name\":\"Syndicat de l\u2019enseignement de base : La r\u00e9tention des notes maintenue pour le 3e trimestre\"}]},{\"@type\":\"WebSite\",\"@id\":\"https:\/\/kapitalis.com\/tunisie\/#website\",\"url\":\"https:\/\/kapitalis.com\/tunisie\/\",\"name\":\"Kapitalis\",\"description\":\"L&#039;actualit\u00e9 en Tunisie et dans le monde\",\"publisher\":{\"@id\":\"https:\/\/kapitalis.com\/tunisie\/#organization\"},\"potentialAction\":[{\"@type\":\"SearchAction\",\"target\":{\"@type\":\"EntryPoint\",\"urlTemplate\":\"https:\/\/kapitalis.com\/tunisie\/?s={search_term_string}\"},\"query-input\":{\"@type\":\"PropertyValueSpecification\",\"valueRequired\":true,\"valueName\":\"search_term_string\"}}],\"inLanguage\":\"fr-FR\"},{\"@type\":\"Organization\",\"@id\":\"https:\/\/kapitalis.com\/tunisie\/#organization\",\"name\":\"Kapitalis\",\"url\":\"https:\/\/kapitalis.com\/tunisie\/\",\"logo\":{\"@type\":\"ImageObject\",\"inLanguage\":\"fr-FR\",\"@id\":\"https:\/\/kapitalis.com\/tunisie\/#\/schema\/logo\/image\/\",\"url\":\"https:\/\/kapitalis.com\/tunisie\/wp-content\/uploads\/2022\/05\/Kapitalis-big-size.png\",\"contentUrl\":\"https:\/\/kapitalis.com\/tunisie\/wp-content\/uploads\/2022\/05\/Kapitalis-big-size.png\",\"width\":5000,\"height\":1500,\"caption\":\"Kapitalis\"},\"image\":{\"@id\":\"https:\/\/kapitalis.com\/tunisie\/#\/schema\/logo\/image\/\"},\"sameAs\":[\"https:\/\/www.facebook.com\/KapitalisInfo\/\",\"https:\/\/x.com\/KapitalisInfo\",\"https:\/\/www.youtube.com\/channel\/UC-yDYrHyfFBWWZaOw3FPg9Q\"]},{\"@type\":\"Person\",\"@id\":\"https:\/\/kapitalis.com\/tunisie\/#\/schema\/person\/74bbde0154d49d790a92aaeac5bc01d5\",\"name\":\"Yusra NY\",\"url\":\"https:\/\/kapitalis.com\/tunisie\/author\/yuza_adam\/\"}]}<\/script>\n<!-- \/ Yoast SEO plugin. -->","yoast_head_json":{"title":"Syndicat de l\u2019enseignement de base : La r\u00e9tention des notes maintenue pour le 3e trimestre - Kapitalis","description":"La Commission administrative sectorielle du Syndicat de l\u2019enseignement de base a annonc\u00e9, ce mardi 9 mai 2023, le maintien de la r\u00e9tention des notes des \u00e9l\u00e8ves jusqu'\u00e0 la fin de l'ann\u00e9e scolaire.","robots":{"index":"index","follow":"follow","max-snippet":"max-snippet:-1","max-image-preview":"max-image-preview:large","max-video-preview":"max-video-preview:-1"},"canonical":"https:\/\/kapitalis.com\/tunisie\/2023\/05\/09\/syndicat-de-lenseignement-de-base-la-retention-des-notes-maintenue-pour-le-3e-trimestre\/","og_locale":"fr_FR","og_type":"article","og_title":"Syndicat de l\u2019enseignement de base : La r\u00e9tention des notes maintenue pour le 3e trimestre - Kapitalis","og_description":"La Commission administrative sectorielle du Syndicat de l\u2019enseignement de base a annonc\u00e9, ce mardi 9 mai 2023, le maintien de la r\u00e9tention des notes des \u00e9l\u00e8ves jusqu'\u00e0 la fin de l'ann\u00e9e scolaire.","og_url":"https:\/\/kapitalis.com\/tunisie\/2023\/05\/09\/syndicat-de-lenseignement-de-base-la-retention-des-notes-maintenue-pour-le-3e-trimestre\/","og_site_name":"Kapitalis","article_publisher":"https:\/\/www.facebook.com\/KapitalisInfo\/","article_published_time":"2023-05-09T18:46:49+00:00","article_modified_time":"2023-05-09T18:48:36+00:00","og_image":[{"width":1200,"height":630,"url":"https:\/\/kapitalis.com\/tunisie\/wp-content\/uploads\/2022\/06\/examen-eleve.jpg","type":"image\/jpeg"}],"author":"Yusra NY","twitter_card":"summary_large_image","twitter_creator":"@KapitalisInfo","twitter_site":"@KapitalisInfo","twitter_misc":{"\u00c9crit par":"Yusra NY","Dur\u00e9e de lecture estim\u00e9e":"1 minute"},"schema":{"@context":"https:\/\/schema.org","@graph":[{"@type":"Article","@id":"https:\/\/kapitalis.com\/tunisie\/2023\/05\/09\/syndicat-de-lenseignement-de-base-la-retention-des-notes-maintenue-pour-le-3e-trimestre\/#article","isPartOf":{"@id":"https:\/\/kapitalis.com\/tunisie\/2023\/05\/09\/syndicat-de-lenseignement-de-base-la-retention-des-notes-maintenue-pour-le-3e-trimestre\/"},"author":{"name":"Yusra NY","@id":"https:\/\/kapitalis.com\/tunisie\/#\/schema\/person\/74bbde0154d49d790a92aaeac5bc01d5"},"headline":"Syndicat de l\u2019enseignement de base : La r\u00e9tention des notes maintenue pour le 3e trimestre","datePublished":"2023-05-09T18:46:49+00:00","dateModified":"2023-05-09T18:48:36+00:00","mainEntityOfPage":{"@id":"https:\/\/kapitalis.com\/tunisie\/2023\/05\/09\/syndicat-de-lenseignement-de-base-la-retention-des-notes-maintenue-pour-le-3e-trimestre\/"},"wordCount":136,"commentCount":1,"publisher":{"@id":"https:\/\/kapitalis.com\/tunisie\/#organization"},"image":{"@id":"https:\/\/kapitalis.com\/tunisie\/2023\/05\/09\/syndicat-de-lenseignement-de-base-la-retention-des-notes-maintenue-pour-le-3e-trimestre\/#primaryimage"},"thumbnailUrl":"https:\/\/kapitalis.com\/tunisie\/wp-content\/uploads\/2022\/06\/examen-eleve.jpg","articleSection":["SOCIETE","Tunisie"],"inLanguage":"fr-FR","potentialAction":[{"@type":"CommentAction","name":"Comment","target":["https:\/\/kapitalis.com\/tunisie\/2023\/05\/09\/syndicat-de-lenseignement-de-base-la-retention-des-notes-maintenue-pour-le-3e-trimestre\/#respond"]}]},{"@type":"WebPage","@id":"https:\/\/kapitalis.com\/tunisie\/2023\/05\/09\/syndicat-de-lenseignement-de-base-la-retention-des-notes-maintenue-pour-le-3e-trimestre\/","url":"https:\/\/kapitalis.com\/tunisie\/2023\/05\/09\/syndicat-de-lenseignement-de-base-la-retention-des-notes-maintenue-pour-le-3e-trimestre\/","name":"Syndicat de l\u2019enseignement de base : La r\u00e9tention des notes maintenue pour le 3e trimestre - Kapitalis","isPartOf":{"@id":"https:\/\/kapitalis.com\/tunisie\/#website"},"primaryImageOfPage":{"@id":"https:\/\/kapitalis.com\/tunisie\/2023\/05\/09\/syndicat-de-lenseignement-de-base-la-retention-des-notes-maintenue-pour-le-3e-trimestre\/#primaryimage"},"image":{"@id":"https:\/\/kapitalis.com\/tunisie\/2023\/05\/09\/syndicat-de-lenseignement-de-base-la-retention-des-notes-maintenue-pour-le-3e-trimestre\/#primaryimage"},"thumbnailUrl":"https:\/\/kapitalis.com\/tunisie\/wp-content\/uploads\/2022\/06\/examen-eleve.jpg","datePublished":"2023-05-09T18:46:49+00:00","dateModified":"2023-05-09T18:48:36+00:00","description":"La Commission administrative sectorielle du Syndicat de l\u2019enseignement de base a annonc\u00e9, ce mardi 9 mai 2023, le maintien de la r\u00e9tention des notes des \u00e9l\u00e8ves jusqu'\u00e0 la fin de l'ann\u00e9e scolaire.","breadcrumb":{"@id":"https:\/\/kapitalis.com\/tunisie\/2023\/05\/09\/syndicat-de-lenseignement-de-base-la-retention-des-notes-maintenue-pour-le-3e-trimestre\/#breadcrumb"},"inLanguage":"fr-FR","potentialAction":[{"@type":"ReadAction","target":["https:\/\/kapitalis.com\/tunisie\/2023\/05\/09\/syndicat-de-lenseignement-de-base-la-retention-des-notes-maintenue-pour-le-3e-trimestre\/"]}]},{"@type":"ImageObject","inLanguage":"fr-FR","@id":"https:\/\/kapitalis.com\/tunisie\/2023\/05\/09\/syndicat-de-lenseignement-de-base-la-retention-des-notes-maintenue-pour-le-3e-trimestre\/#primaryimage","url":"https:\/\/kapitalis.com\/tunisie\/wp-content\/uploads\/2022\/06\/examen-eleve.jpg","contentUrl":"https:\/\/kapitalis.com\/tunisie\/wp-content\/uploads\/2022\/06\/examen-eleve.jpg","width":1200,"height":630},{"@type":"BreadcrumbList","@id":"https:\/\/kapitalis.com\/tunisie\/2023\/05\/09\/syndicat-de-lenseignement-de-base-la-retention-des-notes-maintenue-pour-le-3e-trimestre\/#breadcrumb","itemListElement":[{"@type":"ListItem","position":1,"name":"Accueil","item":"https:\/\/kapitalis.com\/tunisie\/"},{"@type":"ListItem","position":2,"name":"Syndicat de l\u2019enseignement de base : La r\u00e9tention des notes maintenue pour le 3e trimestre"}]},{"@type":"WebSite","@id":"https:\/\/kapitalis.com\/tunisie\/#website","url":"https:\/\/kapitalis.com\/tunisie\/","name":"Kapitalis","description":"L&#039;actualit\u00e9 en Tunisie et dans le monde","publisher":{"@id":"https:\/\/kapitalis.com\/tunisie\/#organization"},"potentialAction":[{"@type":"SearchAction","target":{"@type":"EntryPoint","urlTemplate":"https:\/\/kapitalis.com\/tunisie\/?s={search_term_string}"},"query-input":{"@type":"PropertyValueSpecification","valueRequired":true,"valueName":"search_term_string"}}],"inLanguage":"fr-FR"},{"@type":"Organization","@id":"https:\/\/kapitalis.com\/tunisie\/#organization","name":"Kapitalis","url":"https:\/\/kapitalis.com\/tunisie\/","logo":{"@type":"ImageObject","inLanguage":"fr-FR","@id":"https:\/\/kapitalis.com\/tunisie\/#\/schema\/logo\/image\/","url":"https:\/\/kapitalis.com\/tunisie\/wp-content\/uploads\/2022\/05\/Kapitalis-big-size.png","contentUrl":"https:\/\/kapitalis.com\/tunisie\/wp-content\/uploads\/2022\/05\/Kapitalis-big-size.png","width":5000,"height":1500,"caption":"Kapitalis"},"image":{"@id":"https:\/\/kapitalis.com\/tunisie\/#\/schema\/logo\/image\/"},"sameAs":["https:\/\/www.facebook.com\/KapitalisInfo\/","https:\/\/x.com\/KapitalisInfo","https:\/\/www.youtube.com\/channel\/UC-yDYrHyfFBWWZaOw3FPg9Q"]},{"@type":"Person","@id":"https:\/\/kapitalis.com\/tunisie\/#\/schema\/person\/74bbde0154d49d790a92aaeac5bc01d5","name":"Yusra NY","url":"https:\/\/kapitalis.com\/tunisie\/author\/yuza_adam\/"}]}},"_links":{"self":[{"href":"https:\/\/kapitalis.com\/tunisie\/wp-json\/wp\/v2\/posts\/7849250","targetHints":{"allow":["GET"]}}],"collection":[{"href":"https:\/\/kapitalis.com\/tunisie\/wp-json\/wp\/v2\/posts"}],"about":[{"href":"https:\/\/kapitalis.com\/tunisie\/wp-json\/wp\/v2\/types\/post"}],"author":[{"embeddable":true,"href":"https:\/\/kapitalis.com\/tunisie\/wp-json\/wp\/v2\/users\/6"}],"replies":[{"embeddable":true,"href":"https:\/\/kapitalis.com\/tunisie\/wp-json\/wp\/v2\/comments?post=7849250"}],"version-history":[{"count":3,"href":"https:\/\/kapitalis.com\/tunisie\/wp-json\/wp\/v2\/posts\/7849250\/revisions"}],"predecessor-version":[{"id":7849397,"href":"https:\/\/kapitalis.com\/tunisie\/wp-json\/wp\/v2\/posts\/7849250\/revisions\/7849397"}],"wp:featuredmedia":[{"embeddable":true,"href":"https:\/\/kapitalis.com\/tunisie\/wp-json\/wp\/v2\/media\/1429243"}],"wp:attachment":[{"href":"https:\/\/kapitalis.com\/tunisie\/wp-json\/wp\/v2\/media?parent=7849250"}],"wp:term":[{"taxonomy":"category","embeddable":true,"href":"https:\/\/kapitalis.com\/tunisie\/wp-json\/wp\/v2\/categories?post=7849250"},{"taxonomy":"post_tag","embeddable":true,"href":"https:\/\/kapitalis.com\/tunisie\/wp-json\/wp\/v2\/tags?post=7849250"}],"curies":[{"name":"wp","href":"https:\/\/api.w.org\/{rel}","templated":true}]}}