{"id":78596,"date":"2017-01-11T13:34:18","date_gmt":"2017-01-11T12:34:18","guid":{"rendered":"http:\/\/kapitalis.com\/tunisie\/?p=78596"},"modified":"2017-01-11T13:34:18","modified_gmt":"2017-01-11T12:34:18","slug":"sousse-un-educateur-accuse-davoir-tranche-la-langue-dun-enfant","status":"publish","type":"post","link":"https:\/\/kapitalis.com\/tunisie\/2017\/01\/11\/sousse-un-educateur-accuse-davoir-tranche-la-langue-dun-enfant\/","title":{"rendered":"Sousse : Un \u00e9ducateur accus\u00e9 d\u2019avoir tranch\u00e9 la langue d\u2019un enfant"},"content":{"rendered":"<p style=\"text-align: center;\"><img loading=\"lazy\" decoding=\"async\" class=\"alignnone size-full wp-image-78598\" src=\"http:\/\/kapitalis.com\/tunisie\/wp-content\/uploads\/2017\/01\/Souss-agression-maternelle-langue-coup\u00e9e.jpg\" alt=\"\" width=\"626\" height=\"380\" \/><\/p>\n<p><em><strong>Une plainte pour violence a \u00e9t\u00e9 d\u00e9pos\u00e9e contre une maternelle \u00e0 Sousse, o\u00f9 est scolaris\u00e9 Anas (5 ans), dont la langue tranch\u00e9e par une gifle a n\u00e9cessit\u00e9 6 points de suture.<\/strong><\/em><\/p>\n<p><!--more--><\/p>\n<p>Noujoud (21 ans), la s\u0153ur a\u00een\u00e9e d\u2019Anas, a pr\u00e9cis\u00e9 \u00e0 Kapitalis qu\u2019elle a d\u00e9couvert, samedi dernier, son fr\u00e8re, le visage en sang, lorsqu\u2019elle l\u2019a r\u00e9cup\u00e9r\u00e9, \u00e0 13h, de la maternelle de la cit\u00e9 Boukhzar, pr\u00e8s de la mosqu\u00e9e Bilel.<\/p>\n<p>L\u2019\u00e9ducateur a indiqu\u00e9 que le petit est tomb\u00e9 et qu\u2019il s\u2019appr\u00eatait \u00e0 l\u2019emmener au\u00a0m\u00e9decin de\u00a0la maternelle. Mais\u00a0la famille a amen\u00e9 l&rsquo;enfant \u00e0 l\u2019h\u00f4pital Farhat\u00a0Hached o\u00f9 on lui a fait des points de suture. C&rsquo;est alors qu&rsquo;Anas a confi\u00e9 \u00e0 sa s\u0153ur qu\u2019il a \u00e9t\u00e9 gifl\u00e9 par son \u00e9ducateur parce qu&rsquo;il n\u2019est pas rest\u00e9 sage.<\/p>\n<p>Noujoud a interrog\u00e9 la direction de la maternelle \u00e0 ce propos mais celle-ci a d\u00e9menti.\u00a0\u00ab<em>L\u2019\u00e9ducateur a ni\u00e9 cat\u00e9goriquement, mais il n\u2019y a pas de raison pour que mon fr\u00e8re invente cette histoire de gifle, d\u2019autant qu\u2019il en a parl\u00e9 spontan\u00e9ment<\/em>\u00bb, a pr\u00e9cis\u00e9 Noujoud, ajoutant que, depuis l\u2019incident, les responsables de la maternelle se sont rendus \u00e0 plusieurs reprises chez la maman de l\u2019\u00e9l\u00e8ve, pour lui demander de\u00a0ne pas porter plainte et de\u00a0r\u00e9gler le probl\u00e8me\u00a0\u00e0 l&rsquo;amiable.<\/p>\n<p>La famille d\u2019Anas a port\u00e9 plainte, lundi, au poste de police de Bouhsina et joint, au dossier, un certificat m\u00e9dical prescrivant \u00e0 l&rsquo;enfant 12 jours de repos.<\/p>\n<p>Noujoud a \u00e9galement pris contact avec la direction de la protection de l\u2019enfance de Sousse, qui a promis d\u2019ouvrir une enqu\u00eate et l\u2019a contact\u00e9e, aujourd\u2019hui, pour aller \u00e0 la maternelle.<\/p>\n<p>\u00ab<em>Mon fr\u00e8re a d\u00fb refaire les points de suture. Il ne peut pas manger, a de fortes douleurs et est traumatis\u00e9. Mon p\u00e8re est mort et nous vivons seuls avec maman, qui est malade et je dois prendre la responsabilit\u00e9 de le prot\u00e9ger de tout abus<\/em>\u00bb, a encore indiqu\u00e9 Noujoud.<\/p>\n<p style=\"text-align: right;\"><strong>Y. N.<\/strong><\/p>\n","protected":false},"excerpt":{"rendered":"<p>Une plainte pour violence a \u00e9t\u00e9 d\u00e9pos\u00e9e contre une maternelle \u00e0 Sousse, o\u00f9 est scolaris\u00e9 Anas (5 ans), dont la langue tranch\u00e9e par une gifle a n\u00e9cessit\u00e9 6 points de suture.<\/p>\n","protected":false},"author":6,"featured_media":78598,"comment_status":"open","ping_status":"open","sticky":false,"template":"","format":"standard","meta":{"footnotes":""},"categories":[998,2433],"tags":[10891,721,3272],"class_list":["post-78596","post","type-post","status-publish","format-standard","has-post-thumbnail","hentry","category-societe","category-tunisie","tag-maternelle","tag-plainte","tag-protection-enfance"],"yoast_head":"<!-- This site is optimized with the Yoast SEO plugin v26.6 - https:\/\/yoast.com\/wordpress\/plugins\/seo\/ -->\n<title>Sousse : Un \u00e9ducateur accus\u00e9 d\u2019avoir tranch\u00e9 la langue d\u2019un enfant - Kapitalis<\/title>\n<meta name=\"robots\" content=\"index, follow, max-snippet:-1, max-image-preview:large, max-video-preview:-1\" \/>\n<link rel=\"canonical\" href=\"https:\/\/kapitalis.com\/tunisie\/2017\/01\/11\/sousse-un-educateur-accuse-davoir-tranche-la-langue-dun-enfant\/\" \/>\n<meta property=\"og:locale\" content=\"fr_FR\" \/>\n<meta property=\"og:type\" content=\"article\" \/>\n<meta property=\"og:title\" content=\"Sousse : Un \u00e9ducateur accus\u00e9 d\u2019avoir tranch\u00e9 la langue d\u2019un enfant - Kapitalis\" \/>\n<meta property=\"og:description\" content=\"Une plainte pour violence a \u00e9t\u00e9 d\u00e9pos\u00e9e contre une maternelle \u00e0 Sousse, o\u00f9 est scolaris\u00e9 Anas (5 ans), dont la langue tranch\u00e9e par une gifle a n\u00e9cessit\u00e9 6 points de suture.\" \/>\n<meta property=\"og:url\" content=\"https:\/\/kapitalis.com\/tunisie\/2017\/01\/11\/sousse-un-educateur-accuse-davoir-tranche-la-langue-dun-enfant\/\" \/>\n<meta property=\"og:site_name\" content=\"Kapitalis\" \/>\n<meta property=\"article:publisher\" content=\"https:\/\/www.facebook.com\/KapitalisInfo\/\" \/>\n<meta property=\"article:published_time\" content=\"2017-01-11T12:34:18+00:00\" \/>\n<meta property=\"og:image\" content=\"https:\/\/kapitalis.com\/tunisie\/wp-content\/uploads\/2022\/05\/kapitalis-logo-fb.png\" \/>\n\t<meta property=\"og:image:width\" content=\"1200\" \/>\n\t<meta property=\"og:image:height\" content=\"630\" \/>\n\t<meta property=\"og:image:type\" content=\"image\/png\" \/>\n<meta name=\"author\" content=\"Yusra NY\" \/>\n<meta name=\"twitter:card\" content=\"summary_large_image\" \/>\n<meta name=\"twitter:creator\" content=\"@KapitalisInfo\" \/>\n<meta name=\"twitter:site\" content=\"@KapitalisInfo\" \/>\n<meta name=\"twitter:label1\" content=\"\u00c9crit par\" \/>\n\t<meta name=\"twitter:data1\" content=\"Yusra NY\" \/>\n\t<meta name=\"twitter:label2\" content=\"Dur\u00e9e de lecture estim\u00e9e\" \/>\n\t<meta name=\"twitter:data2\" content=\"2 minutes\" \/>\n<script type=\"application\/ld+json\" class=\"yoast-schema-graph\">{\"@context\":\"https:\/\/schema.org\",\"@graph\":[{\"@type\":\"Article\",\"@id\":\"https:\/\/kapitalis.com\/tunisie\/2017\/01\/11\/sousse-un-educateur-accuse-davoir-tranche-la-langue-dun-enfant\/#article\",\"isPartOf\":{\"@id\":\"https:\/\/kapitalis.com\/tunisie\/2017\/01\/11\/sousse-un-educateur-accuse-davoir-tranche-la-langue-dun-enfant\/\"},\"author\":{\"name\":\"Yusra NY\",\"@id\":\"https:\/\/kapitalis.com\/tunisie\/#\/schema\/person\/74bbde0154d49d790a92aaeac5bc01d5\"},\"headline\":\"Sousse : Un \u00e9ducateur accus\u00e9 d\u2019avoir tranch\u00e9 la langue d\u2019un enfant\",\"datePublished\":\"2017-01-11T12:34:18+00:00\",\"mainEntityOfPage\":{\"@id\":\"https:\/\/kapitalis.com\/tunisie\/2017\/01\/11\/sousse-un-educateur-accuse-davoir-tranche-la-langue-dun-enfant\/\"},\"wordCount\":367,\"commentCount\":2,\"publisher\":{\"@id\":\"https:\/\/kapitalis.com\/tunisie\/#organization\"},\"image\":{\"@id\":\"https:\/\/kapitalis.com\/tunisie\/2017\/01\/11\/sousse-un-educateur-accuse-davoir-tranche-la-langue-dun-enfant\/#primaryimage\"},\"thumbnailUrl\":\"\",\"keywords\":[\"maternelle\",\"plainte\",\"protection enfance\"],\"articleSection\":[\"SOCIETE\",\"Tunisie\"],\"inLanguage\":\"fr-FR\",\"potentialAction\":[{\"@type\":\"CommentAction\",\"name\":\"Comment\",\"target\":[\"https:\/\/kapitalis.com\/tunisie\/2017\/01\/11\/sousse-un-educateur-accuse-davoir-tranche-la-langue-dun-enfant\/#respond\"]}]},{\"@type\":\"WebPage\",\"@id\":\"https:\/\/kapitalis.com\/tunisie\/2017\/01\/11\/sousse-un-educateur-accuse-davoir-tranche-la-langue-dun-enfant\/\",\"url\":\"https:\/\/kapitalis.com\/tunisie\/2017\/01\/11\/sousse-un-educateur-accuse-davoir-tranche-la-langue-dun-enfant\/\",\"name\":\"Sousse : Un \u00e9ducateur accus\u00e9 d\u2019avoir tranch\u00e9 la langue d\u2019un enfant - Kapitalis\",\"isPartOf\":{\"@id\":\"https:\/\/kapitalis.com\/tunisie\/#website\"},\"primaryImageOfPage\":{\"@id\":\"https:\/\/kapitalis.com\/tunisie\/2017\/01\/11\/sousse-un-educateur-accuse-davoir-tranche-la-langue-dun-enfant\/#primaryimage\"},\"image\":{\"@id\":\"https:\/\/kapitalis.com\/tunisie\/2017\/01\/11\/sousse-un-educateur-accuse-davoir-tranche-la-langue-dun-enfant\/#primaryimage\"},\"thumbnailUrl\":\"\",\"datePublished\":\"2017-01-11T12:34:18+00:00\",\"breadcrumb\":{\"@id\":\"https:\/\/kapitalis.com\/tunisie\/2017\/01\/11\/sousse-un-educateur-accuse-davoir-tranche-la-langue-dun-enfant\/#breadcrumb\"},\"inLanguage\":\"fr-FR\",\"potentialAction\":[{\"@type\":\"ReadAction\",\"target\":[\"https:\/\/kapitalis.com\/tunisie\/2017\/01\/11\/sousse-un-educateur-accuse-davoir-tranche-la-langue-dun-enfant\/\"]}]},{\"@type\":\"ImageObject\",\"inLanguage\":\"fr-FR\",\"@id\":\"https:\/\/kapitalis.com\/tunisie\/2017\/01\/11\/sousse-un-educateur-accuse-davoir-tranche-la-langue-dun-enfant\/#primaryimage\",\"url\":\"\",\"contentUrl\":\"\"},{\"@type\":\"BreadcrumbList\",\"@id\":\"https:\/\/kapitalis.com\/tunisie\/2017\/01\/11\/sousse-un-educateur-accuse-davoir-tranche-la-langue-dun-enfant\/#breadcrumb\",\"itemListElement\":[{\"@type\":\"ListItem\",\"position\":1,\"name\":\"Accueil\",\"item\":\"https:\/\/kapitalis.com\/tunisie\/\"},{\"@type\":\"ListItem\",\"position\":2,\"name\":\"Sousse : Un \u00e9ducateur accus\u00e9 d\u2019avoir tranch\u00e9 la langue d\u2019un enfant\"}]},{\"@type\":\"WebSite\",\"@id\":\"https:\/\/kapitalis.com\/tunisie\/#website\",\"url\":\"https:\/\/kapitalis.com\/tunisie\/\",\"name\":\"Kapitalis\",\"description\":\"L&#039;actualit\u00e9 en Tunisie et dans le monde\",\"publisher\":{\"@id\":\"https:\/\/kapitalis.com\/tunisie\/#organization\"},\"potentialAction\":[{\"@type\":\"SearchAction\",\"target\":{\"@type\":\"EntryPoint\",\"urlTemplate\":\"https:\/\/kapitalis.com\/tunisie\/?s={search_term_string}\"},\"query-input\":{\"@type\":\"PropertyValueSpecification\",\"valueRequired\":true,\"valueName\":\"search_term_string\"}}],\"inLanguage\":\"fr-FR\"},{\"@type\":\"Organization\",\"@id\":\"https:\/\/kapitalis.com\/tunisie\/#organization\",\"name\":\"Kapitalis\",\"url\":\"https:\/\/kapitalis.com\/tunisie\/\",\"logo\":{\"@type\":\"ImageObject\",\"inLanguage\":\"fr-FR\",\"@id\":\"https:\/\/kapitalis.com\/tunisie\/#\/schema\/logo\/image\/\",\"url\":\"https:\/\/kapitalis.com\/tunisie\/wp-content\/uploads\/2022\/05\/Kapitalis-big-size.png\",\"contentUrl\":\"https:\/\/kapitalis.com\/tunisie\/wp-content\/uploads\/2022\/05\/Kapitalis-big-size.png\",\"width\":5000,\"height\":1500,\"caption\":\"Kapitalis\"},\"image\":{\"@id\":\"https:\/\/kapitalis.com\/tunisie\/#\/schema\/logo\/image\/\"},\"sameAs\":[\"https:\/\/www.facebook.com\/KapitalisInfo\/\",\"https:\/\/x.com\/KapitalisInfo\",\"https:\/\/www.youtube.com\/channel\/UC-yDYrHyfFBWWZaOw3FPg9Q\"]},{\"@type\":\"Person\",\"@id\":\"https:\/\/kapitalis.com\/tunisie\/#\/schema\/person\/74bbde0154d49d790a92aaeac5bc01d5\",\"name\":\"Yusra NY\",\"url\":\"https:\/\/kapitalis.com\/tunisie\/author\/yuza_adam\/\"}]}<\/script>\n<!-- \/ Yoast SEO plugin. -->","yoast_head_json":{"title":"Sousse : Un \u00e9ducateur accus\u00e9 d\u2019avoir tranch\u00e9 la langue d\u2019un enfant - Kapitalis","robots":{"index":"index","follow":"follow","max-snippet":"max-snippet:-1","max-image-preview":"max-image-preview:large","max-video-preview":"max-video-preview:-1"},"canonical":"https:\/\/kapitalis.com\/tunisie\/2017\/01\/11\/sousse-un-educateur-accuse-davoir-tranche-la-langue-dun-enfant\/","og_locale":"fr_FR","og_type":"article","og_title":"Sousse : Un \u00e9ducateur accus\u00e9 d\u2019avoir tranch\u00e9 la langue d\u2019un enfant - Kapitalis","og_description":"Une plainte pour violence a \u00e9t\u00e9 d\u00e9pos\u00e9e contre une maternelle \u00e0 Sousse, o\u00f9 est scolaris\u00e9 Anas (5 ans), dont la langue tranch\u00e9e par une gifle a n\u00e9cessit\u00e9 6 points de suture.","og_url":"https:\/\/kapitalis.com\/tunisie\/2017\/01\/11\/sousse-un-educateur-accuse-davoir-tranche-la-langue-dun-enfant\/","og_site_name":"Kapitalis","article_publisher":"https:\/\/www.facebook.com\/KapitalisInfo\/","article_published_time":"2017-01-11T12:34:18+00:00","og_image":[{"width":1200,"height":630,"url":"https:\/\/kapitalis.com\/tunisie\/wp-content\/uploads\/2022\/05\/kapitalis-logo-fb.png","type":"image\/png"}],"author":"Yusra NY","twitter_card":"summary_large_image","twitter_creator":"@KapitalisInfo","twitter_site":"@KapitalisInfo","twitter_misc":{"\u00c9crit par":"Yusra NY","Dur\u00e9e de lecture estim\u00e9e":"2 minutes"},"schema":{"@context":"https:\/\/schema.org","@graph":[{"@type":"Article","@id":"https:\/\/kapitalis.com\/tunisie\/2017\/01\/11\/sousse-un-educateur-accuse-davoir-tranche-la-langue-dun-enfant\/#article","isPartOf":{"@id":"https:\/\/kapitalis.com\/tunisie\/2017\/01\/11\/sousse-un-educateur-accuse-davoir-tranche-la-langue-dun-enfant\/"},"author":{"name":"Yusra NY","@id":"https:\/\/kapitalis.com\/tunisie\/#\/schema\/person\/74bbde0154d49d790a92aaeac5bc01d5"},"headline":"Sousse : Un \u00e9ducateur accus\u00e9 d\u2019avoir tranch\u00e9 la langue d\u2019un enfant","datePublished":"2017-01-11T12:34:18+00:00","mainEntityOfPage":{"@id":"https:\/\/kapitalis.com\/tunisie\/2017\/01\/11\/sousse-un-educateur-accuse-davoir-tranche-la-langue-dun-enfant\/"},"wordCount":367,"commentCount":2,"publisher":{"@id":"https:\/\/kapitalis.com\/tunisie\/#organization"},"image":{"@id":"https:\/\/kapitalis.com\/tunisie\/2017\/01\/11\/sousse-un-educateur-accuse-davoir-tranche-la-langue-dun-enfant\/#primaryimage"},"thumbnailUrl":"","keywords":["maternelle","plainte","protection enfance"],"articleSection":["SOCIETE","Tunisie"],"inLanguage":"fr-FR","potentialAction":[{"@type":"CommentAction","name":"Comment","target":["https:\/\/kapitalis.com\/tunisie\/2017\/01\/11\/sousse-un-educateur-accuse-davoir-tranche-la-langue-dun-enfant\/#respond"]}]},{"@type":"WebPage","@id":"https:\/\/kapitalis.com\/tunisie\/2017\/01\/11\/sousse-un-educateur-accuse-davoir-tranche-la-langue-dun-enfant\/","url":"https:\/\/kapitalis.com\/tunisie\/2017\/01\/11\/sousse-un-educateur-accuse-davoir-tranche-la-langue-dun-enfant\/","name":"Sousse : Un \u00e9ducateur accus\u00e9 d\u2019avoir tranch\u00e9 la langue d\u2019un enfant - Kapitalis","isPartOf":{"@id":"https:\/\/kapitalis.com\/tunisie\/#website"},"primaryImageOfPage":{"@id":"https:\/\/kapitalis.com\/tunisie\/2017\/01\/11\/sousse-un-educateur-accuse-davoir-tranche-la-langue-dun-enfant\/#primaryimage"},"image":{"@id":"https:\/\/kapitalis.com\/tunisie\/2017\/01\/11\/sousse-un-educateur-accuse-davoir-tranche-la-langue-dun-enfant\/#primaryimage"},"thumbnailUrl":"","datePublished":"2017-01-11T12:34:18+00:00","breadcrumb":{"@id":"https:\/\/kapitalis.com\/tunisie\/2017\/01\/11\/sousse-un-educateur-accuse-davoir-tranche-la-langue-dun-enfant\/#breadcrumb"},"inLanguage":"fr-FR","potentialAction":[{"@type":"ReadAction","target":["https:\/\/kapitalis.com\/tunisie\/2017\/01\/11\/sousse-un-educateur-accuse-davoir-tranche-la-langue-dun-enfant\/"]}]},{"@type":"ImageObject","inLanguage":"fr-FR","@id":"https:\/\/kapitalis.com\/tunisie\/2017\/01\/11\/sousse-un-educateur-accuse-davoir-tranche-la-langue-dun-enfant\/#primaryimage","url":"","contentUrl":""},{"@type":"BreadcrumbList","@id":"https:\/\/kapitalis.com\/tunisie\/2017\/01\/11\/sousse-un-educateur-accuse-davoir-tranche-la-langue-dun-enfant\/#breadcrumb","itemListElement":[{"@type":"ListItem","position":1,"name":"Accueil","item":"https:\/\/kapitalis.com\/tunisie\/"},{"@type":"ListItem","position":2,"name":"Sousse : Un \u00e9ducateur accus\u00e9 d\u2019avoir tranch\u00e9 la langue d\u2019un enfant"}]},{"@type":"WebSite","@id":"https:\/\/kapitalis.com\/tunisie\/#website","url":"https:\/\/kapitalis.com\/tunisie\/","name":"Kapitalis","description":"L&#039;actualit\u00e9 en Tunisie et dans le monde","publisher":{"@id":"https:\/\/kapitalis.com\/tunisie\/#organization"},"potentialAction":[{"@type":"SearchAction","target":{"@type":"EntryPoint","urlTemplate":"https:\/\/kapitalis.com\/tunisie\/?s={search_term_string}"},"query-input":{"@type":"PropertyValueSpecification","valueRequired":true,"valueName":"search_term_string"}}],"inLanguage":"fr-FR"},{"@type":"Organization","@id":"https:\/\/kapitalis.com\/tunisie\/#organization","name":"Kapitalis","url":"https:\/\/kapitalis.com\/tunisie\/","logo":{"@type":"ImageObject","inLanguage":"fr-FR","@id":"https:\/\/kapitalis.com\/tunisie\/#\/schema\/logo\/image\/","url":"https:\/\/kapitalis.com\/tunisie\/wp-content\/uploads\/2022\/05\/Kapitalis-big-size.png","contentUrl":"https:\/\/kapitalis.com\/tunisie\/wp-content\/uploads\/2022\/05\/Kapitalis-big-size.png","width":5000,"height":1500,"caption":"Kapitalis"},"image":{"@id":"https:\/\/kapitalis.com\/tunisie\/#\/schema\/logo\/image\/"},"sameAs":["https:\/\/www.facebook.com\/KapitalisInfo\/","https:\/\/x.com\/KapitalisInfo","https:\/\/www.youtube.com\/channel\/UC-yDYrHyfFBWWZaOw3FPg9Q"]},{"@type":"Person","@id":"https:\/\/kapitalis.com\/tunisie\/#\/schema\/person\/74bbde0154d49d790a92aaeac5bc01d5","name":"Yusra NY","url":"https:\/\/kapitalis.com\/tunisie\/author\/yuza_adam\/"}]}},"_links":{"self":[{"href":"https:\/\/kapitalis.com\/tunisie\/wp-json\/wp\/v2\/posts\/78596","targetHints":{"allow":["GET"]}}],"collection":[{"href":"https:\/\/kapitalis.com\/tunisie\/wp-json\/wp\/v2\/posts"}],"about":[{"href":"https:\/\/kapitalis.com\/tunisie\/wp-json\/wp\/v2\/types\/post"}],"author":[{"embeddable":true,"href":"https:\/\/kapitalis.com\/tunisie\/wp-json\/wp\/v2\/users\/6"}],"replies":[{"embeddable":true,"href":"https:\/\/kapitalis.com\/tunisie\/wp-json\/wp\/v2\/comments?post=78596"}],"version-history":[{"count":0,"href":"https:\/\/kapitalis.com\/tunisie\/wp-json\/wp\/v2\/posts\/78596\/revisions"}],"wp:featuredmedia":[{"embeddable":true,"href":"https:\/\/kapitalis.com\/tunisie\/wp-json\/wp\/v2\/media\/78598"}],"wp:attachment":[{"href":"https:\/\/kapitalis.com\/tunisie\/wp-json\/wp\/v2\/media?parent=78596"}],"wp:term":[{"taxonomy":"category","embeddable":true,"href":"https:\/\/kapitalis.com\/tunisie\/wp-json\/wp\/v2\/categories?post=78596"},{"taxonomy":"post_tag","embeddable":true,"href":"https:\/\/kapitalis.com\/tunisie\/wp-json\/wp\/v2\/tags?post=78596"}],"curies":[{"name":"wp","href":"https:\/\/api.w.org\/{rel}","templated":true}]}}