{"id":7864604,"date":"2023-05-10T08:46:54","date_gmt":"2023-05-10T07:46:54","guid":{"rendered":"https:\/\/kapitalis.com\/tunisie\/?p=7864604"},"modified":"2023-05-10T08:46:55","modified_gmt":"2023-05-10T07:46:55","slug":"attaque-de-djerba-la-france-salue-lintervention-rapide-des-forces-de-securite-tunisiennes","status":"publish","type":"post","link":"https:\/\/kapitalis.com\/tunisie\/2023\/05\/10\/attaque-de-djerba-la-france-salue-lintervention-rapide-des-forces-de-securite-tunisiennes\/","title":{"rendered":"Attaque de Djerba\u00a0: la France salue \u00abl\u2019intervention rapide des forces de s\u00e9curit\u00e9 tunisiennes\u00bb"},"content":{"rendered":"\n<p><strong><em>Dans la d\u00e9claration que nous reproduisons ci-dessous, publi\u00e9e ce mercredi 10 mai 2023, \u00e0 propos de l\u2019<a href=\"https:\/\/kapitalis.com\/tunisie\/2023\/05\/10\/tunisie-le-terrorisme-frappe-au-plus-mauvais-moment\/\" target=\"_blank\" rel=\"noreferrer noopener\">attaque perp\u00e9tr\u00e9e <\/a>dans la nuit d\u2019hier aux environs de la synagogue de Djerba, le porte-parole du minist\u00e8re fran\u00e7ais de l\u2019Europe et des Affaires \u00e9trang\u00e8res a salu\u00e9 \u00abl\u2019intervention rapide des forces de s\u00e9curit\u00e9 tunisiennes\u00bb.<\/em><\/strong><\/p>\n\n\n\n<!--more-->\n\n\n\n<p><em>\u00abLa France a appris avec consternation et une profonde tristesse l\u2019attentat perp\u00e9tr\u00e9 \u00e0 Djerba, dans la synagogue de la Ghriba, qui a co\u00fbt\u00e9 la vie \u00e0 quatre personnes dont <a href=\"https:\/\/kapitalis.com\/tunisie\/2023\/05\/10\/deux-visiteurs-morts-dans-lattaque-de-la-ghriba-aviel-et-benyamin-haddad\/\" target=\"_blank\" rel=\"noreferrer noopener\">un compatriote<\/a>, ainsi que des fid\u00e8les et des membres des forces de s\u00e9curit\u00e9 tunisiennes.<\/em><\/p>\n\n\n\n<p><em>\u00abElle condamne avec la plus grande fermet\u00e9 cet acte odieux, perp\u00e9tr\u00e9 pendant un p\u00e8lerinage annuel juif, et qui fait douloureusement \u00e9cho \u00e0 l\u2019attentat-suicide qui avait fait 21 morts dans cette m\u00eame synagogue en 2002.<\/em><\/p>\n\n\n\n<p><em>\u00abNous adressons nos plus sinc\u00e8res condol\u00e9ances aux familles des victimes et exprimons toute notre solidarit\u00e9 avec le peuple tunisien et les autorit\u00e9s tunisiennes. Notre ambassade et nos services sont mobilis\u00e9s pour apporter leur soutien \u00e0 la famille de notre compatriote et \u00e0 nos concitoyens affect\u00e9s par cette attaque.<\/em><\/p>\n\n\n\n<p><em>\u00abNous saluons l\u2019intervention rapide des forces de s\u00e9curit\u00e9 tunisiennes et nous tenons aux c\u00f4t\u00e9s de la Tunisie pour poursuivre la lutte contre l\u2019antis\u00e9mitisme et toutes les formes de fanatisme.\u00bb<\/em><\/p>\n\n\n\n<figure class=\"wp-block-embed is-type-wp-embed is-provider-kapitalis wp-block-embed-kapitalis\"><div class=\"wp-block-embed__wrapper\">\n<blockquote class=\"wp-embedded-content\" data-secret=\"lcQw01zMUc\"><a href=\"https:\/\/kapitalis.com\/tunisie\/2023\/05\/10\/tunisie-le-terrorisme-frappe-au-plus-mauvais-moment\/\">Tunisie\u00a0: le terrorisme frappe encore au plus mauvais moment<\/a><\/blockquote><iframe loading=\"lazy\" class=\"wp-embedded-content\" sandbox=\"allow-scripts\" security=\"restricted\" style=\"position: absolute; clip: rect(1px, 1px, 1px, 1px);\" title=\"\u00ab\u00a0Tunisie\u00a0: le terrorisme frappe encore au plus mauvais moment\u00a0\u00bb &#8212; Kapitalis\" src=\"https:\/\/kapitalis.com\/tunisie\/2023\/05\/10\/tunisie-le-terrorisme-frappe-au-plus-mauvais-moment\/embed\/#?secret=KeQI4J5oPM#?secret=lcQw01zMUc\" data-secret=\"lcQw01zMUc\" width=\"600\" height=\"338\" frameborder=\"0\" marginwidth=\"0\" marginheight=\"0\" scrolling=\"no\"><\/iframe>\n<\/div><\/figure>\n","protected":false},"excerpt":{"rendered":"<p>Apr\u00e8s l&rsquo;attaque de la synagogue de Djerba, le porte-parole du minist\u00e8re fran\u00e7ais de l\u2019Europe et des Affaires \u00e9trang\u00e8res salue \u00abl\u2019intervention rapide des forces de s\u00e9curit\u00e9 tunisiennes\u00bb.<\/p>\n","protected":false},"author":8,"featured_media":6639972,"comment_status":"open","ping_status":"open","sticky":false,"template":"","format":"standard","meta":{"footnotes":""},"categories":[997,2433],"tags":[284,395,82616,62643],"class_list":["post-7864604","post","type-post","status-publish","format-standard","has-post-thumbnail","hentry","category-politique","category-tunisie","tag-djerba","tag-france","tag-synagogue-de-la-ghriba","tag-tunisie"],"yoast_head":"<!-- This site is optimized with the Yoast SEO plugin v26.6 - https:\/\/yoast.com\/wordpress\/plugins\/seo\/ -->\n<title>Attaque de Djerba\u00a0: la France salue \u00abl\u2019intervention rapide des forces de s\u00e9curit\u00e9 tunisiennes\u00bb - Kapitalis<\/title>\n<meta name=\"robots\" content=\"index, follow, max-snippet:-1, max-image-preview:large, max-video-preview:-1\" \/>\n<link rel=\"canonical\" href=\"https:\/\/kapitalis.com\/tunisie\/2023\/05\/10\/attaque-de-djerba-la-france-salue-lintervention-rapide-des-forces-de-securite-tunisiennes\/\" \/>\n<meta property=\"og:locale\" content=\"fr_FR\" \/>\n<meta property=\"og:type\" content=\"article\" \/>\n<meta property=\"og:title\" content=\"Attaque de Djerba\u00a0: la France salue \u00abl\u2019intervention rapide des forces de s\u00e9curit\u00e9 tunisiennes\u00bb - Kapitalis\" \/>\n<meta property=\"og:description\" content=\"Apr\u00e8s l&#039;attaque de la synagogue de Djerba, le porte-parole du minist\u00e8re fran\u00e7ais de l\u2019Europe et des Affaires \u00e9trang\u00e8res salue \u00abl\u2019intervention rapide des forces de s\u00e9curit\u00e9 tunisiennes\u00bb.\" \/>\n<meta property=\"og:url\" content=\"https:\/\/kapitalis.com\/tunisie\/2023\/05\/10\/attaque-de-djerba-la-france-salue-lintervention-rapide-des-forces-de-securite-tunisiennes\/\" \/>\n<meta property=\"og:site_name\" content=\"Kapitalis\" \/>\n<meta property=\"article:publisher\" content=\"https:\/\/www.facebook.com\/KapitalisInfo\/\" \/>\n<meta property=\"article:published_time\" content=\"2023-05-10T07:46:54+00:00\" \/>\n<meta property=\"article:modified_time\" content=\"2023-05-10T07:46:55+00:00\" \/>\n<meta property=\"og:image\" content=\"https:\/\/kapitalis.com\/tunisie\/wp-content\/uploads\/2023\/02\/Tunisie-France.jpg\" \/>\n\t<meta property=\"og:image:width\" content=\"1200\" \/>\n\t<meta property=\"og:image:height\" content=\"630\" \/>\n\t<meta property=\"og:image:type\" content=\"image\/jpeg\" \/>\n<meta name=\"author\" content=\"webmaster kapitalis\" \/>\n<meta name=\"twitter:card\" content=\"summary_large_image\" \/>\n<meta name=\"twitter:creator\" content=\"@KapitalisInfo\" \/>\n<meta name=\"twitter:site\" content=\"@KapitalisInfo\" \/>\n<meta name=\"twitter:label1\" content=\"\u00c9crit par\" \/>\n\t<meta name=\"twitter:data1\" content=\"webmaster kapitalis\" \/>\n\t<meta name=\"twitter:label2\" content=\"Dur\u00e9e de lecture estim\u00e9e\" \/>\n\t<meta name=\"twitter:data2\" content=\"2 minutes\" \/>\n<script type=\"application\/ld+json\" class=\"yoast-schema-graph\">{\"@context\":\"https:\/\/schema.org\",\"@graph\":[{\"@type\":\"Article\",\"@id\":\"https:\/\/kapitalis.com\/tunisie\/2023\/05\/10\/attaque-de-djerba-la-france-salue-lintervention-rapide-des-forces-de-securite-tunisiennes\/#article\",\"isPartOf\":{\"@id\":\"https:\/\/kapitalis.com\/tunisie\/2023\/05\/10\/attaque-de-djerba-la-france-salue-lintervention-rapide-des-forces-de-securite-tunisiennes\/\"},\"author\":{\"name\":\"webmaster kapitalis\",\"@id\":\"https:\/\/kapitalis.com\/tunisie\/#\/schema\/person\/d71f33a9ca44f7bad4698210b480c8e9\"},\"headline\":\"Attaque de Djerba\u00a0: la France salue \u00abl\u2019intervention rapide des forces de s\u00e9curit\u00e9 tunisiennes\u00bb\",\"datePublished\":\"2023-05-10T07:46:54+00:00\",\"dateModified\":\"2023-05-10T07:46:55+00:00\",\"mainEntityOfPage\":{\"@id\":\"https:\/\/kapitalis.com\/tunisie\/2023\/05\/10\/attaque-de-djerba-la-france-salue-lintervention-rapide-des-forces-de-securite-tunisiennes\/\"},\"wordCount\":245,\"commentCount\":4,\"publisher\":{\"@id\":\"https:\/\/kapitalis.com\/tunisie\/#organization\"},\"image\":{\"@id\":\"https:\/\/kapitalis.com\/tunisie\/2023\/05\/10\/attaque-de-djerba-la-france-salue-lintervention-rapide-des-forces-de-securite-tunisiennes\/#primaryimage\"},\"thumbnailUrl\":\"https:\/\/kapitalis.com\/tunisie\/wp-content\/uploads\/2023\/02\/Tunisie-France.jpg\",\"keywords\":[\"Djerba\",\"France\",\"synagogue de La Ghriba\",\"Tunisie\"],\"articleSection\":[\"POLITIQUE\",\"Tunisie\"],\"inLanguage\":\"fr-FR\",\"potentialAction\":[{\"@type\":\"CommentAction\",\"name\":\"Comment\",\"target\":[\"https:\/\/kapitalis.com\/tunisie\/2023\/05\/10\/attaque-de-djerba-la-france-salue-lintervention-rapide-des-forces-de-securite-tunisiennes\/#respond\"]}]},{\"@type\":\"WebPage\",\"@id\":\"https:\/\/kapitalis.com\/tunisie\/2023\/05\/10\/attaque-de-djerba-la-france-salue-lintervention-rapide-des-forces-de-securite-tunisiennes\/\",\"url\":\"https:\/\/kapitalis.com\/tunisie\/2023\/05\/10\/attaque-de-djerba-la-france-salue-lintervention-rapide-des-forces-de-securite-tunisiennes\/\",\"name\":\"Attaque de Djerba\u00a0: la France salue \u00abl\u2019intervention rapide des forces de s\u00e9curit\u00e9 tunisiennes\u00bb - Kapitalis\",\"isPartOf\":{\"@id\":\"https:\/\/kapitalis.com\/tunisie\/#website\"},\"primaryImageOfPage\":{\"@id\":\"https:\/\/kapitalis.com\/tunisie\/2023\/05\/10\/attaque-de-djerba-la-france-salue-lintervention-rapide-des-forces-de-securite-tunisiennes\/#primaryimage\"},\"image\":{\"@id\":\"https:\/\/kapitalis.com\/tunisie\/2023\/05\/10\/attaque-de-djerba-la-france-salue-lintervention-rapide-des-forces-de-securite-tunisiennes\/#primaryimage\"},\"thumbnailUrl\":\"https:\/\/kapitalis.com\/tunisie\/wp-content\/uploads\/2023\/02\/Tunisie-France.jpg\",\"datePublished\":\"2023-05-10T07:46:54+00:00\",\"dateModified\":\"2023-05-10T07:46:55+00:00\",\"breadcrumb\":{\"@id\":\"https:\/\/kapitalis.com\/tunisie\/2023\/05\/10\/attaque-de-djerba-la-france-salue-lintervention-rapide-des-forces-de-securite-tunisiennes\/#breadcrumb\"},\"inLanguage\":\"fr-FR\",\"potentialAction\":[{\"@type\":\"ReadAction\",\"target\":[\"https:\/\/kapitalis.com\/tunisie\/2023\/05\/10\/attaque-de-djerba-la-france-salue-lintervention-rapide-des-forces-de-securite-tunisiennes\/\"]}]},{\"@type\":\"ImageObject\",\"inLanguage\":\"fr-FR\",\"@id\":\"https:\/\/kapitalis.com\/tunisie\/2023\/05\/10\/attaque-de-djerba-la-france-salue-lintervention-rapide-des-forces-de-securite-tunisiennes\/#primaryimage\",\"url\":\"https:\/\/kapitalis.com\/tunisie\/wp-content\/uploads\/2023\/02\/Tunisie-France.jpg\",\"contentUrl\":\"https:\/\/kapitalis.com\/tunisie\/wp-content\/uploads\/2023\/02\/Tunisie-France.jpg\",\"width\":1200,\"height\":630},{\"@type\":\"BreadcrumbList\",\"@id\":\"https:\/\/kapitalis.com\/tunisie\/2023\/05\/10\/attaque-de-djerba-la-france-salue-lintervention-rapide-des-forces-de-securite-tunisiennes\/#breadcrumb\",\"itemListElement\":[{\"@type\":\"ListItem\",\"position\":1,\"name\":\"Accueil\",\"item\":\"https:\/\/kapitalis.com\/tunisie\/\"},{\"@type\":\"ListItem\",\"position\":2,\"name\":\"Attaque de Djerba\u00a0: la France salue \u00abl\u2019intervention rapide des forces de s\u00e9curit\u00e9 tunisiennes\u00bb\"}]},{\"@type\":\"WebSite\",\"@id\":\"https:\/\/kapitalis.com\/tunisie\/#website\",\"url\":\"https:\/\/kapitalis.com\/tunisie\/\",\"name\":\"Kapitalis\",\"description\":\"L&#039;actualit\u00e9 en Tunisie et dans le monde\",\"publisher\":{\"@id\":\"https:\/\/kapitalis.com\/tunisie\/#organization\"},\"potentialAction\":[{\"@type\":\"SearchAction\",\"target\":{\"@type\":\"EntryPoint\",\"urlTemplate\":\"https:\/\/kapitalis.com\/tunisie\/?s={search_term_string}\"},\"query-input\":{\"@type\":\"PropertyValueSpecification\",\"valueRequired\":true,\"valueName\":\"search_term_string\"}}],\"inLanguage\":\"fr-FR\"},{\"@type\":\"Organization\",\"@id\":\"https:\/\/kapitalis.com\/tunisie\/#organization\",\"name\":\"Kapitalis\",\"url\":\"https:\/\/kapitalis.com\/tunisie\/\",\"logo\":{\"@type\":\"ImageObject\",\"inLanguage\":\"fr-FR\",\"@id\":\"https:\/\/kapitalis.com\/tunisie\/#\/schema\/logo\/image\/\",\"url\":\"https:\/\/kapitalis.com\/tunisie\/wp-content\/uploads\/2022\/05\/Kapitalis-big-size.png\",\"contentUrl\":\"https:\/\/kapitalis.com\/tunisie\/wp-content\/uploads\/2022\/05\/Kapitalis-big-size.png\",\"width\":5000,\"height\":1500,\"caption\":\"Kapitalis\"},\"image\":{\"@id\":\"https:\/\/kapitalis.com\/tunisie\/#\/schema\/logo\/image\/\"},\"sameAs\":[\"https:\/\/www.facebook.com\/KapitalisInfo\/\",\"https:\/\/x.com\/KapitalisInfo\",\"https:\/\/www.youtube.com\/channel\/UC-yDYrHyfFBWWZaOw3FPg9Q\"]},{\"@type\":\"Person\",\"@id\":\"https:\/\/kapitalis.com\/tunisie\/#\/schema\/person\/d71f33a9ca44f7bad4698210b480c8e9\",\"name\":\"webmaster kapitalis\",\"url\":\"https:\/\/kapitalis.com\/tunisie\/author\/webmaster-kapitalis\/\"}]}<\/script>\n<!-- \/ Yoast SEO plugin. -->","yoast_head_json":{"title":"Attaque de Djerba\u00a0: la France salue \u00abl\u2019intervention rapide des forces de s\u00e9curit\u00e9 tunisiennes\u00bb - Kapitalis","robots":{"index":"index","follow":"follow","max-snippet":"max-snippet:-1","max-image-preview":"max-image-preview:large","max-video-preview":"max-video-preview:-1"},"canonical":"https:\/\/kapitalis.com\/tunisie\/2023\/05\/10\/attaque-de-djerba-la-france-salue-lintervention-rapide-des-forces-de-securite-tunisiennes\/","og_locale":"fr_FR","og_type":"article","og_title":"Attaque de Djerba\u00a0: la France salue \u00abl\u2019intervention rapide des forces de s\u00e9curit\u00e9 tunisiennes\u00bb - Kapitalis","og_description":"Apr\u00e8s l'attaque de la synagogue de Djerba, le porte-parole du minist\u00e8re fran\u00e7ais de l\u2019Europe et des Affaires \u00e9trang\u00e8res salue \u00abl\u2019intervention rapide des forces de s\u00e9curit\u00e9 tunisiennes\u00bb.","og_url":"https:\/\/kapitalis.com\/tunisie\/2023\/05\/10\/attaque-de-djerba-la-france-salue-lintervention-rapide-des-forces-de-securite-tunisiennes\/","og_site_name":"Kapitalis","article_publisher":"https:\/\/www.facebook.com\/KapitalisInfo\/","article_published_time":"2023-05-10T07:46:54+00:00","article_modified_time":"2023-05-10T07:46:55+00:00","og_image":[{"width":1200,"height":630,"url":"https:\/\/kapitalis.com\/tunisie\/wp-content\/uploads\/2023\/02\/Tunisie-France.jpg","type":"image\/jpeg"}],"author":"webmaster kapitalis","twitter_card":"summary_large_image","twitter_creator":"@KapitalisInfo","twitter_site":"@KapitalisInfo","twitter_misc":{"\u00c9crit par":"webmaster kapitalis","Dur\u00e9e de lecture estim\u00e9e":"2 minutes"},"schema":{"@context":"https:\/\/schema.org","@graph":[{"@type":"Article","@id":"https:\/\/kapitalis.com\/tunisie\/2023\/05\/10\/attaque-de-djerba-la-france-salue-lintervention-rapide-des-forces-de-securite-tunisiennes\/#article","isPartOf":{"@id":"https:\/\/kapitalis.com\/tunisie\/2023\/05\/10\/attaque-de-djerba-la-france-salue-lintervention-rapide-des-forces-de-securite-tunisiennes\/"},"author":{"name":"webmaster kapitalis","@id":"https:\/\/kapitalis.com\/tunisie\/#\/schema\/person\/d71f33a9ca44f7bad4698210b480c8e9"},"headline":"Attaque de Djerba\u00a0: la France salue \u00abl\u2019intervention rapide des forces de s\u00e9curit\u00e9 tunisiennes\u00bb","datePublished":"2023-05-10T07:46:54+00:00","dateModified":"2023-05-10T07:46:55+00:00","mainEntityOfPage":{"@id":"https:\/\/kapitalis.com\/tunisie\/2023\/05\/10\/attaque-de-djerba-la-france-salue-lintervention-rapide-des-forces-de-securite-tunisiennes\/"},"wordCount":245,"commentCount":4,"publisher":{"@id":"https:\/\/kapitalis.com\/tunisie\/#organization"},"image":{"@id":"https:\/\/kapitalis.com\/tunisie\/2023\/05\/10\/attaque-de-djerba-la-france-salue-lintervention-rapide-des-forces-de-securite-tunisiennes\/#primaryimage"},"thumbnailUrl":"https:\/\/kapitalis.com\/tunisie\/wp-content\/uploads\/2023\/02\/Tunisie-France.jpg","keywords":["Djerba","France","synagogue de La Ghriba","Tunisie"],"articleSection":["POLITIQUE","Tunisie"],"inLanguage":"fr-FR","potentialAction":[{"@type":"CommentAction","name":"Comment","target":["https:\/\/kapitalis.com\/tunisie\/2023\/05\/10\/attaque-de-djerba-la-france-salue-lintervention-rapide-des-forces-de-securite-tunisiennes\/#respond"]}]},{"@type":"WebPage","@id":"https:\/\/kapitalis.com\/tunisie\/2023\/05\/10\/attaque-de-djerba-la-france-salue-lintervention-rapide-des-forces-de-securite-tunisiennes\/","url":"https:\/\/kapitalis.com\/tunisie\/2023\/05\/10\/attaque-de-djerba-la-france-salue-lintervention-rapide-des-forces-de-securite-tunisiennes\/","name":"Attaque de Djerba\u00a0: la France salue \u00abl\u2019intervention rapide des forces de s\u00e9curit\u00e9 tunisiennes\u00bb - Kapitalis","isPartOf":{"@id":"https:\/\/kapitalis.com\/tunisie\/#website"},"primaryImageOfPage":{"@id":"https:\/\/kapitalis.com\/tunisie\/2023\/05\/10\/attaque-de-djerba-la-france-salue-lintervention-rapide-des-forces-de-securite-tunisiennes\/#primaryimage"},"image":{"@id":"https:\/\/kapitalis.com\/tunisie\/2023\/05\/10\/attaque-de-djerba-la-france-salue-lintervention-rapide-des-forces-de-securite-tunisiennes\/#primaryimage"},"thumbnailUrl":"https:\/\/kapitalis.com\/tunisie\/wp-content\/uploads\/2023\/02\/Tunisie-France.jpg","datePublished":"2023-05-10T07:46:54+00:00","dateModified":"2023-05-10T07:46:55+00:00","breadcrumb":{"@id":"https:\/\/kapitalis.com\/tunisie\/2023\/05\/10\/attaque-de-djerba-la-france-salue-lintervention-rapide-des-forces-de-securite-tunisiennes\/#breadcrumb"},"inLanguage":"fr-FR","potentialAction":[{"@type":"ReadAction","target":["https:\/\/kapitalis.com\/tunisie\/2023\/05\/10\/attaque-de-djerba-la-france-salue-lintervention-rapide-des-forces-de-securite-tunisiennes\/"]}]},{"@type":"ImageObject","inLanguage":"fr-FR","@id":"https:\/\/kapitalis.com\/tunisie\/2023\/05\/10\/attaque-de-djerba-la-france-salue-lintervention-rapide-des-forces-de-securite-tunisiennes\/#primaryimage","url":"https:\/\/kapitalis.com\/tunisie\/wp-content\/uploads\/2023\/02\/Tunisie-France.jpg","contentUrl":"https:\/\/kapitalis.com\/tunisie\/wp-content\/uploads\/2023\/02\/Tunisie-France.jpg","width":1200,"height":630},{"@type":"BreadcrumbList","@id":"https:\/\/kapitalis.com\/tunisie\/2023\/05\/10\/attaque-de-djerba-la-france-salue-lintervention-rapide-des-forces-de-securite-tunisiennes\/#breadcrumb","itemListElement":[{"@type":"ListItem","position":1,"name":"Accueil","item":"https:\/\/kapitalis.com\/tunisie\/"},{"@type":"ListItem","position":2,"name":"Attaque de Djerba\u00a0: la France salue \u00abl\u2019intervention rapide des forces de s\u00e9curit\u00e9 tunisiennes\u00bb"}]},{"@type":"WebSite","@id":"https:\/\/kapitalis.com\/tunisie\/#website","url":"https:\/\/kapitalis.com\/tunisie\/","name":"Kapitalis","description":"L&#039;actualit\u00e9 en Tunisie et dans le monde","publisher":{"@id":"https:\/\/kapitalis.com\/tunisie\/#organization"},"potentialAction":[{"@type":"SearchAction","target":{"@type":"EntryPoint","urlTemplate":"https:\/\/kapitalis.com\/tunisie\/?s={search_term_string}"},"query-input":{"@type":"PropertyValueSpecification","valueRequired":true,"valueName":"search_term_string"}}],"inLanguage":"fr-FR"},{"@type":"Organization","@id":"https:\/\/kapitalis.com\/tunisie\/#organization","name":"Kapitalis","url":"https:\/\/kapitalis.com\/tunisie\/","logo":{"@type":"ImageObject","inLanguage":"fr-FR","@id":"https:\/\/kapitalis.com\/tunisie\/#\/schema\/logo\/image\/","url":"https:\/\/kapitalis.com\/tunisie\/wp-content\/uploads\/2022\/05\/Kapitalis-big-size.png","contentUrl":"https:\/\/kapitalis.com\/tunisie\/wp-content\/uploads\/2022\/05\/Kapitalis-big-size.png","width":5000,"height":1500,"caption":"Kapitalis"},"image":{"@id":"https:\/\/kapitalis.com\/tunisie\/#\/schema\/logo\/image\/"},"sameAs":["https:\/\/www.facebook.com\/KapitalisInfo\/","https:\/\/x.com\/KapitalisInfo","https:\/\/www.youtube.com\/channel\/UC-yDYrHyfFBWWZaOw3FPg9Q"]},{"@type":"Person","@id":"https:\/\/kapitalis.com\/tunisie\/#\/schema\/person\/d71f33a9ca44f7bad4698210b480c8e9","name":"webmaster kapitalis","url":"https:\/\/kapitalis.com\/tunisie\/author\/webmaster-kapitalis\/"}]}},"_links":{"self":[{"href":"https:\/\/kapitalis.com\/tunisie\/wp-json\/wp\/v2\/posts\/7864604","targetHints":{"allow":["GET"]}}],"collection":[{"href":"https:\/\/kapitalis.com\/tunisie\/wp-json\/wp\/v2\/posts"}],"about":[{"href":"https:\/\/kapitalis.com\/tunisie\/wp-json\/wp\/v2\/types\/post"}],"author":[{"embeddable":true,"href":"https:\/\/kapitalis.com\/tunisie\/wp-json\/wp\/v2\/users\/8"}],"replies":[{"embeddable":true,"href":"https:\/\/kapitalis.com\/tunisie\/wp-json\/wp\/v2\/comments?post=7864604"}],"version-history":[{"count":1,"href":"https:\/\/kapitalis.com\/tunisie\/wp-json\/wp\/v2\/posts\/7864604\/revisions"}],"predecessor-version":[{"id":7864704,"href":"https:\/\/kapitalis.com\/tunisie\/wp-json\/wp\/v2\/posts\/7864604\/revisions\/7864704"}],"wp:featuredmedia":[{"embeddable":true,"href":"https:\/\/kapitalis.com\/tunisie\/wp-json\/wp\/v2\/media\/6639972"}],"wp:attachment":[{"href":"https:\/\/kapitalis.com\/tunisie\/wp-json\/wp\/v2\/media?parent=7864604"}],"wp:term":[{"taxonomy":"category","embeddable":true,"href":"https:\/\/kapitalis.com\/tunisie\/wp-json\/wp\/v2\/categories?post=7864604"},{"taxonomy":"post_tag","embeddable":true,"href":"https:\/\/kapitalis.com\/tunisie\/wp-json\/wp\/v2\/tags?post=7864604"}],"curies":[{"name":"wp","href":"https:\/\/api.w.org\/{rel}","templated":true}]}}